{"id":5685,"date":"2019-12-08T19:53:22","date_gmt":"2019-12-08T17:53:22","guid":{"rendered":"https:\/\/www.welovecycling.com\/es\/?p=5685"},"modified":"2019-12-08T19:54:38","modified_gmt":"2019-12-08T17:54:38","slug":"navidad-perfecta-para-un-ciclista","status":"publish","type":"post","link":"https:\/\/www.welovecycling.com\/es\/2019\/12\/08\/navidad-perfecta-para-un-ciclista\/","title":{"rendered":"As\u00ed ser\u00eda una navidad perfecta para un ciclista"},"content":{"rendered":"<p><strong>Cada uno tiene sus propios deseos especiales de Navidad. Mientras uno ans\u00eda nuevos jeans, otro reza por la paz mundial. \u00bfC\u00f3mo se ver\u00eda la Navidad perfecta seg\u00fan los ciclistas?<\/strong><\/p>\n<p><!--more--><\/p>\n<p>1. La lycra se anunciar\u00eda oficialmente como la ropa exterior m\u00e1s masculina del pr\u00f3ximo a\u00f1o..<\/p>\n<p>2. Tu familia aprender\u00eda a distinguir entre todas las variantes de grupos Campagnolo que existen.<\/p>\n<p>3. Adi\u00f3s a un Santa Claus regordete en un trineo trayendo metros c\u00fabicos de refrescos dulces a la ciudad. El trineo se cambiar\u00eda por una furgoneta de servicio con los colores del Mundial repleta de piezas de repuesto de alta calidad &#8211; sin objeciones con que el nuevo Santa las reparta de forma gratis por la ciudad.<\/p>\n<p>4. No importa el sabor y la textura del turr\u00f3n y los dulces navide\u00f1os, pero mejor triturados en barritas para cometerlos en la bici, no?<\/p>\n<p>5. En lugar de sentarse frente al televisor y ver a Hugh Grant protagonizando Love, Actually, la pel\u00edcula podr\u00eda cambiar a un especial de la Paris Roubaix&#8230;<\/p>\n<p>6. Los carriles bicis se multiplicar\u00edan y desparecer\u00edan los baches.<\/p>\n<p>7. Todos los que odian el ciclismo se encontrar\u00edan con una bicicleta debajo del \u00e1rbol.<\/p>\n<p>8. Tu pareja te prepar\u00eda un lugar perfecto para guardar la bicicleta en el dormitorio.<\/p>\n<p>9. Los ladrones de bicicletas se despertar\u00edan por la ma\u00f1ana sin dedos.<\/p>\n<p>10. El Tour de Francia femenino ser\u00eda una realidad para 2020.<\/p>\n<p>11. Una nueva teor\u00eda sobre el uso de la bicicleta para aumentar la fertilidad masculina supondr\u00eda un gran avance en la ciencia.<\/p>\n<p>12. Adi\u00f3s a eso de la nieve en Navidades, lo ideal pasar\u00eda a ser el buen tiempo de Ibiza, Mallorca o Tenerife.<\/p>\n","protected":false},"excerpt":{"rendered":"<p>Cada uno tiene sus propios deseos especiales de Navidad. Mientras uno ans\u00eda nuevos jeans, otro reza por la paz mundial. [&hellip;]<\/p>\n","protected":false},"author":29,"featured_media":5686,"comment_status":"open","ping_status":"open","sticky":false,"template":"","format":"standard","meta":{"footnotes":""},"categories":[8,6],"tags":[243,1354],"global-categories":[],"class_list":["post-5685","post","type-post","status-publish","format-standard","has-post-thumbnail","hentry","category-life-style","category-urban","tag-navidades-ciclistas","tag-peticiones-ciclistas-para-navidades"],"yoast_head":"<!-- This site is optimized with the Yoast SEO Premium plugin v25.3 (Yoast SEO v25.9) - https:\/\/yoast.com\/wordpress\/plugins\/seo\/ -->\n<title>As\u00ed ser\u00eda una navidad perfecta para un ciclista - \u0160koda We Love Cycling - Spain<\/title>\n<meta name=\"description\" content=\"As\u00ed ser\u00eda una navidad perfecta para un ciclista. Desde una furgoneta repartiendo ruedas de alta gama en vez de Santa Claus a un Tour de Francia femenino.\" \/>\n<meta name=\"robots\" content=\"index, follow, max-snippet:-1, max-image-preview:large, max-video-preview:-1\" \/>\n<link rel=\"canonical\" href=\"https:\/\/www.welovecycling.com\/es\/2019\/12\/08\/navidad-perfecta-para-un-ciclista\/\" \/>\n<meta property=\"og:locale\" content=\"es_ES\" \/>\n<meta property=\"og:type\" content=\"article\" \/>\n<meta property=\"og:title\" content=\"As\u00ed ser\u00eda una navidad perfecta para un ciclista\" \/>\n<meta property=\"og:description\" content=\"As\u00ed ser\u00eda una navidad perfecta para un ciclista. Desde una furgoneta repartiendo ruedas de alta gama en vez de Santa Claus a un Tour de Francia femenino.\" \/>\n<meta property=\"og:url\" content=\"https:\/\/www.welovecycling.com\/es\/2019\/12\/08\/navidad-perfecta-para-un-ciclista\/\" \/>\n<meta property=\"og:site_name\" content=\"\u0160koda We Love Cycling - Spain\" \/>\n<meta property=\"article:published_time\" content=\"2019-12-08T17:53:22+00:00\" \/>\n<meta property=\"article:modified_time\" content=\"2019-12-08T17:54:38+00:00\" \/>\n<meta property=\"og:image\" content=\"https:\/\/d2p6e6u75xmxt8.cloudfront.net\/6\/2019\/12\/winter-christmas-profimedia-0486596874-CVR.jpg\" \/>\n\t<meta property=\"og:image:width\" content=\"1366\" \/>\n\t<meta property=\"og:image:height\" content=\"600\" \/>\n\t<meta property=\"og:image:type\" content=\"image\/jpeg\" \/>\n<meta name=\"author\" content=\"We Love Cycling Spain\" \/>\n<meta name=\"twitter:card\" content=\"summary_large_image\" \/>\n<meta name=\"twitter:title\" content=\"As\u00ed ser\u00eda una navidad perfecta para un ciclista\" \/>\n<meta name=\"twitter:description\" content=\"As\u00ed ser\u00eda una navidad perfecta para un ciclista. Desde una furgoneta repartiendo ruedas de alta gama en vez de Santa Claus a un Tour de Francia femenino.\" \/>\n<meta name=\"twitter:label1\" content=\"Written by\" \/>\n\t<meta name=\"twitter:data1\" content=\"Adam Mar\u0161\u00e1l\" \/>\n\t<meta name=\"twitter:label2\" content=\"Est. reading time\" \/>\n\t<meta name=\"twitter:data2\" content=\"3\" \/>\n<script type=\"application\/ld+json\" class=\"yoast-schema-graph\">{\"@context\":\"https:\/\/schema.org\",\"@graph\":[{\"@type\":\"WebPage\",\"@id\":\"https:\/\/www.welovecycling.com\/es\/2019\/12\/08\/navidad-perfecta-para-un-ciclista\/\",\"url\":\"https:\/\/www.welovecycling.com\/es\/2019\/12\/08\/navidad-perfecta-para-un-ciclista\/\",\"name\":\"As\u00ed ser\u00eda una navidad perfecta para un ciclista - \u0160koda We Love Cycling - Spain\",\"isPartOf\":{\"@id\":\"https:\/\/www.welovecycling.com\/es\/#website\"},\"primaryImageOfPage\":{\"@id\":\"https:\/\/www.welovecycling.com\/es\/2019\/12\/08\/navidad-perfecta-para-un-ciclista\/#primaryimage\"},\"image\":{\"@id\":\"https:\/\/www.welovecycling.com\/es\/2019\/12\/08\/navidad-perfecta-para-un-ciclista\/#primaryimage\"},\"thumbnailUrl\":\"https:\/\/d2p6e6u75xmxt8.cloudfront.net\/6\/2019\/12\/winter-christmas-profimedia-0486596874-CVR.jpg\",\"datePublished\":\"2019-12-08T17:53:22+00:00\",\"dateModified\":\"2019-12-08T17:54:38+00:00\",\"author\":{\"@id\":\"https:\/\/www.welovecycling.com\/es\/#\/schema\/person\/deb61715b5812698ee79fb96f343ccd4\"},\"description\":\"As\u00ed ser\u00eda una navidad perfecta para un ciclista. Desde una furgoneta repartiendo ruedas de alta gama en vez de Santa Claus a un Tour de Francia femenino.\",\"breadcrumb\":{\"@id\":\"https:\/\/www.welovecycling.com\/es\/2019\/12\/08\/navidad-perfecta-para-un-ciclista\/#breadcrumb\"},\"inLanguage\":\"es-ES\",\"potentialAction\":[{\"@type\":\"ReadAction\",\"target\":[\"https:\/\/www.welovecycling.com\/es\/2019\/12\/08\/navidad-perfecta-para-un-ciclista\/\"]}]},{\"@type\":\"ImageObject\",\"inLanguage\":\"es-ES\",\"@id\":\"https:\/\/www.welovecycling.com\/es\/2019\/12\/08\/navidad-perfecta-para-un-ciclista\/#primaryimage\",\"url\":\"https:\/\/d2p6e6u75xmxt8.cloudfront.net\/6\/2019\/12\/winter-christmas-profimedia-0486596874-CVR.jpg\",\"contentUrl\":\"https:\/\/d2p6e6u75xmxt8.cloudfront.net\/6\/2019\/12\/winter-christmas-profimedia-0486596874-CVR.jpg\",\"width\":1366,\"height\":600},{\"@type\":\"BreadcrumbList\",\"@id\":\"https:\/\/www.welovecycling.com\/es\/2019\/12\/08\/navidad-perfecta-para-un-ciclista\/#breadcrumb\",\"itemListElement\":[{\"@type\":\"ListItem\",\"position\":1,\"name\":\"Home\",\"item\":\"https:\/\/www.welovecycling.com\/es\/\"},{\"@type\":\"ListItem\",\"position\":2,\"name\":\"As\u00ed ser\u00eda una navidad perfecta para un ciclista\"}]},{\"@type\":\"WebSite\",\"@id\":\"https:\/\/www.welovecycling.com\/es\/#website\",\"url\":\"https:\/\/www.welovecycling.com\/es\/\",\"name\":\"\u0160koda We Love Cycling - Spain\",\"description\":\"\u0160koda WeLoveCycling Spain\",\"potentialAction\":[{\"@type\":\"SearchAction\",\"target\":{\"@type\":\"EntryPoint\",\"urlTemplate\":\"https:\/\/www.welovecycling.com\/es\/?s={search_term_string}\"},\"query-input\":{\"@type\":\"PropertyValueSpecification\",\"valueRequired\":true,\"valueName\":\"search_term_string\"}}],\"inLanguage\":\"es-ES\"},{\"@type\":\"Person\",\"@id\":\"https:\/\/www.welovecycling.com\/es\/#\/schema\/person\/deb61715b5812698ee79fb96f343ccd4\",\"name\":\"We Love Cycling Spain\",\"image\":{\"@type\":\"ImageObject\",\"inLanguage\":\"es-ES\",\"@id\":\"https:\/\/www.welovecycling.com\/es\/#\/schema\/person\/image\/\",\"url\":\"https:\/\/secure.gravatar.com\/avatar\/c824b04e6df0e37a03219d0b6481672889df542894588964102459e46513159c?s=96&d=mm&r=g\",\"contentUrl\":\"https:\/\/secure.gravatar.com\/avatar\/c824b04e6df0e37a03219d0b6481672889df542894588964102459e46513159c?s=96&d=mm&r=g\",\"caption\":\"We Love Cycling Spain\"},\"url\":\"https:\/\/www.welovecycling.com\/es\/author\/amunoz\/\"}]}<\/script>\n<!-- \/ Yoast SEO Premium plugin. -->","yoast_head_json":{"title":"As\u00ed ser\u00eda una navidad perfecta para un ciclista - \u0160koda We Love Cycling - Spain","description":"As\u00ed ser\u00eda una navidad perfecta para un ciclista. Desde una furgoneta repartiendo ruedas de alta gama en vez de Santa Claus a un Tour de Francia femenino.","robots":{"index":"index","follow":"follow","max-snippet":"max-snippet:-1","max-image-preview":"max-image-preview:large","max-video-preview":"max-video-preview:-1"},"canonical":"https:\/\/www.welovecycling.com\/es\/2019\/12\/08\/navidad-perfecta-para-un-ciclista\/","og_locale":"es_ES","og_type":"article","og_title":"As\u00ed ser\u00eda una navidad perfecta para un ciclista","og_description":"As\u00ed ser\u00eda una navidad perfecta para un ciclista. Desde una furgoneta repartiendo ruedas de alta gama en vez de Santa Claus a un Tour de Francia femenino.","og_url":"https:\/\/www.welovecycling.com\/es\/2019\/12\/08\/navidad-perfecta-para-un-ciclista\/","og_site_name":"\u0160koda We Love Cycling - Spain","article_published_time":"2019-12-08T17:53:22+00:00","article_modified_time":"2019-12-08T17:54:38+00:00","og_image":[{"width":1366,"height":600,"url":"https:\/\/d2p6e6u75xmxt8.cloudfront.net\/6\/2019\/12\/winter-christmas-profimedia-0486596874-CVR.jpg","type":"image\/jpeg"}],"author":"We Love Cycling Spain","twitter_card":"summary_large_image","twitter_title":"As\u00ed ser\u00eda una navidad perfecta para un ciclista","twitter_description":"As\u00ed ser\u00eda una navidad perfecta para un ciclista. Desde una furgoneta repartiendo ruedas de alta gama en vez de Santa Claus a un Tour de Francia femenino.","twitter_misc":{"Written by":"Adam Mar\u0161\u00e1l","Est. reading time":"3"},"schema":{"@context":"https:\/\/schema.org","@graph":[{"@type":"WebPage","@id":"https:\/\/www.welovecycling.com\/es\/2019\/12\/08\/navidad-perfecta-para-un-ciclista\/","url":"https:\/\/www.welovecycling.com\/es\/2019\/12\/08\/navidad-perfecta-para-un-ciclista\/","name":"As\u00ed ser\u00eda una navidad perfecta para un ciclista - \u0160koda We Love Cycling - Spain","isPartOf":{"@id":"https:\/\/www.welovecycling.com\/es\/#website"},"primaryImageOfPage":{"@id":"https:\/\/www.welovecycling.com\/es\/2019\/12\/08\/navidad-perfecta-para-un-ciclista\/#primaryimage"},"image":{"@id":"https:\/\/www.welovecycling.com\/es\/2019\/12\/08\/navidad-perfecta-para-un-ciclista\/#primaryimage"},"thumbnailUrl":"https:\/\/d2p6e6u75xmxt8.cloudfront.net\/6\/2019\/12\/winter-christmas-profimedia-0486596874-CVR.jpg","datePublished":"2019-12-08T17:53:22+00:00","dateModified":"2019-12-08T17:54:38+00:00","author":{"@id":"https:\/\/www.welovecycling.com\/es\/#\/schema\/person\/deb61715b5812698ee79fb96f343ccd4"},"description":"As\u00ed ser\u00eda una navidad perfecta para un ciclista. Desde una furgoneta repartiendo ruedas de alta gama en vez de Santa Claus a un Tour de Francia femenino.","breadcrumb":{"@id":"https:\/\/www.welovecycling.com\/es\/2019\/12\/08\/navidad-perfecta-para-un-ciclista\/#breadcrumb"},"inLanguage":"es-ES","potentialAction":[{"@type":"ReadAction","target":["https:\/\/www.welovecycling.com\/es\/2019\/12\/08\/navidad-perfecta-para-un-ciclista\/"]}]},{"@type":"ImageObject","inLanguage":"es-ES","@id":"https:\/\/www.welovecycling.com\/es\/2019\/12\/08\/navidad-perfecta-para-un-ciclista\/#primaryimage","url":"https:\/\/d2p6e6u75xmxt8.cloudfront.net\/6\/2019\/12\/winter-christmas-profimedia-0486596874-CVR.jpg","contentUrl":"https:\/\/d2p6e6u75xmxt8.cloudfront.net\/6\/2019\/12\/winter-christmas-profimedia-0486596874-CVR.jpg","width":1366,"height":600},{"@type":"BreadcrumbList","@id":"https:\/\/www.welovecycling.com\/es\/2019\/12\/08\/navidad-perfecta-para-un-ciclista\/#breadcrumb","itemListElement":[{"@type":"ListItem","position":1,"name":"Home","item":"https:\/\/www.welovecycling.com\/es\/"},{"@type":"ListItem","position":2,"name":"As\u00ed ser\u00eda una navidad perfecta para un ciclista"}]},{"@type":"WebSite","@id":"https:\/\/www.welovecycling.com\/es\/#website","url":"https:\/\/www.welovecycling.com\/es\/","name":"\u0160koda We Love Cycling - Spain","description":"\u0160koda WeLoveCycling Spain","potentialAction":[{"@type":"SearchAction","target":{"@type":"EntryPoint","urlTemplate":"https:\/\/www.welovecycling.com\/es\/?s={search_term_string}"},"query-input":{"@type":"PropertyValueSpecification","valueRequired":true,"valueName":"search_term_string"}}],"inLanguage":"es-ES"},{"@type":"Person","@id":"https:\/\/www.welovecycling.com\/es\/#\/schema\/person\/deb61715b5812698ee79fb96f343ccd4","name":"We Love Cycling Spain","image":{"@type":"ImageObject","inLanguage":"es-ES","@id":"https:\/\/www.welovecycling.com\/es\/#\/schema\/person\/image\/","url":"https:\/\/secure.gravatar.com\/avatar\/c824b04e6df0e37a03219d0b6481672889df542894588964102459e46513159c?s=96&d=mm&r=g","contentUrl":"https:\/\/secure.gravatar.com\/avatar\/c824b04e6df0e37a03219d0b6481672889df542894588964102459e46513159c?s=96&d=mm&r=g","caption":"We Love Cycling Spain"},"url":"https:\/\/www.welovecycling.com\/es\/author\/amunoz\/"}]}},"_links":{"self":[{"href":"https:\/\/www.welovecycling.com\/es\/wp-json\/wp\/v2\/posts\/5685","targetHints":{"allow":["GET"]}}],"collection":[{"href":"https:\/\/www.welovecycling.com\/es\/wp-json\/wp\/v2\/posts"}],"about":[{"href":"https:\/\/www.welovecycling.com\/es\/wp-json\/wp\/v2\/types\/post"}],"author":[{"embeddable":true,"href":"https:\/\/www.welovecycling.com\/es\/wp-json\/wp\/v2\/users\/29"}],"replies":[{"embeddable":true,"href":"https:\/\/www.welovecycling.com\/es\/wp-json\/wp\/v2\/comments?post=5685"}],"version-history":[{"count":1,"href":"https:\/\/www.welovecycling.com\/es\/wp-json\/wp\/v2\/posts\/5685\/revisions"}],"predecessor-version":[{"id":5687,"href":"https:\/\/www.welovecycling.com\/es\/wp-json\/wp\/v2\/posts\/5685\/revisions\/5687"}],"wp:featuredmedia":[{"embeddable":true,"href":"https:\/\/www.welovecycling.com\/es\/wp-json\/wp\/v2\/media\/5686"}],"wp:attachment":[{"href":"https:\/\/www.welovecycling.com\/es\/wp-json\/wp\/v2\/media?parent=5685"}],"wp:term":[{"taxonomy":"category","embeddable":true,"href":"https:\/\/www.welovecycling.com\/es\/wp-json\/wp\/v2\/categories?post=5685"},{"taxonomy":"post_tag","embeddable":true,"href":"https:\/\/www.welovecycling.com\/es\/wp-json\/wp\/v2\/tags?post=5685"},{"taxonomy":"global-categories","embeddable":true,"href":"https:\/\/www.welovecycling.com\/es\/wp-json\/wp\/v2\/global-categories?post=5685"}],"curies":[{"name":"wp","href":"https:\/\/api.w.org\/{rel}","templated":true}]}}