{"id":5667,"date":"2019-12-03T20:30:09","date_gmt":"2019-12-03T18:30:09","guid":{"rendered":"https:\/\/www.welovecycling.com\/es\/?p=5667"},"modified":"2019-12-03T20:38:02","modified_gmt":"2019-12-03T18:38:02","slug":"la-vuelta-en-las-redes-sociales","status":"publish","type":"post","link":"https:\/\/www.welovecycling.com\/es\/2019\/12\/03\/la-vuelta-en-las-redes-sociales\/","title":{"rendered":"La Vuelta en las redes sociales"},"content":{"rendered":"<p><strong>La \u00faltima etapa de La Vuelta 2019 gener\u00f3 6662 tweets y casi 3,5 millones de impresiones entre las 17.14 y las 20.37, el tiempo que estuvo el pelot\u00f3n rodando. Los datos de Kantar Media revelan que la presencia de la ronda espa\u00f1ola en las redes sociales no solo ha crecido de forma exponencial, sino que el p\u00fablico ciclista las utiliza para hablar de ella y que, genera pol\u00e9micas, no solo entre aficionados y periodistas, sino incluso entre los propios ciclistas y directores.<\/strong><br \/>\n<!--more--><\/p>\n<p>Si algo se ha demostrado en los \u00faltimos a\u00f1os es que el valor de un producto como <a href=\"https:\/\/www.lavuelta.es\/es\/\">La Vuelta a Espa\u00f1a<\/a>, que es el mejor ejemplo de marketing, se multiplica cuanto m\u00e1s se habla de \u00e9l y m\u00e1s se comenta en los medios de comunicaci\u00f3n y en las redes sociales. La \u00faltim<strong>a Vuelta tuvo un valor publicitario de 117 millones<\/strong> de euros por su presencia en todos los medios de comunicaci\u00f3n, contando los tradicionales, prensa, radio y televisi\u00f3n, e incluyendo los digitales y las redes sociales.<\/p>\n<p>Pero para generar ese valor no los hay que aparecer en los medios, sino que hay que crear informaci\u00f3n y distribuirla a trav\u00e9s de tus propias redes sociales. Y en eso <strong>La Vuelta ha dado un gran salto de calidad en los \u00faltimos a\u00f1os<\/strong>.<\/p>\n<p>Adem\u00e1s <a href=\"https:\/\/www.lavuelta.es\/es\/\">de la p\u00e1gina web,<\/a> donde vuelca todo el contenido que pueden utilizar los medios de comunicaci\u00f3n y consumir los aficionados, Twitter, por su inmediatez y difusi\u00f3n, se ha convertido en un gran medio de difusi\u00f3n del ciclismo.<\/p>\n<blockquote class=\"twitter-tweet\">\n<p dir=\"ltr\" lang=\"fr\">\u23ef? BEST OF La Vuelta 19 ? <a href=\"https:\/\/t.co\/zp2TophSCK\">pic.twitter.com\/zp2TophSCK<\/a><\/p>\n<p>\u2014 La Vuelta (@lavuelta) <a href=\"https:\/\/twitter.com\/lavuelta\/status\/1173922044175630336?ref_src=twsrc%5Etfw\">September 17, 2019<\/a><\/p><\/blockquote>\n<p><script async src=\"https:\/\/platform.twitter.com\/widgets.js\" charset=\"utf-8\"><\/script><\/p>\n<p>La cuenta <a href=\"http:\/\/twitter.com\/lavuelta\">@lavuelta<\/a> tiene ya m\u00e1s de 370.000 seguidores y no solo genera informaci\u00f3n y contenido durante los 21 d\u00edas de carrera, sino que diariamente se nutre de lo que genera la ronda espa\u00f1ola con sus patrocinadores, sus actos, la presentaci\u00f3n de las etapas y las noticias diarias del ciclismo. <strong>Durante la edici\u00f3n de 2019 se generaron casi 400.000 tweets relacionados con la carrera<\/strong> y m\u00e1s de 100.000 mencionaron a @lavuelta en sus tweets.<\/p>\n<p>Una de las claves del crecimiento ha sido el material audiovisual que puede generar ahora La Vuelta a trav\u00e9s de <strong>Twitter<\/strong>. Hace un lustro era complicado ver v\u00eddeos y se ten\u00edan que limitar a las fotos. Pero ahora mismo se puede seguir la carrera desde el m\u00f3vil\u00a0 solo con ver en el <strong>timeline de La Vuelta<\/strong>, que sube v\u00eddeos, fotos y comentarios de los protagonistas, adem\u00e1s de im\u00e1genes de lo que est\u00e1 pasando en la competici\u00f3n. Incluso la cuenta @radiotour_es durante la Vuelta vuelca todos los contenidos que se trasmiten en Radio Vuelta.<\/p>\n<p>En <strong>Facebook<\/strong> La Vuelta ha llegado a 370.000 seguidores y la utilizan m\u00e1s para la difusi\u00f3n de noticias destinadas a medios de comunicaci\u00f3n, eso si, sin la misma continuidad que en Twitter. En <a href=\"https:\/\/www.instagram.com\/lavuelta\/\">Instagram<\/a> La Vuelta ya cuenta con casi 300.000 personas. Es la red social ideal para los fot\u00f3grafos. Utilizan el time line para ir publicando las instant\u00e1neas m\u00e1s espectaculares de cada una de las etapas y el<strong> storie para ir descubriendo lo que rodea a La Vuelta<\/strong> en cada una de las jornadas. Desde los patrocinadores del village a las curiosidades de la l\u00ednea de meta. Una forma de captar la atenci\u00f3n del aficionado cada vez que abre <a href=\"https:\/\/www.instagram.com\/p\/B2ZB_KDjvPZ\/?utm_source=ig_web_copy_link\">Instagram.<\/a><\/p>\n<blockquote class=\"instagram-media\" style=\"background: #FFF; border: 0; border-radius: 3px; box-shadow: 0 0 1px 0 rgba(0,0,0,0.5),0 1px 10px 0 rgba(0,0,0,0.15); margin: 1px; max-width: 540px; min-width: 326px; padding: 0; width: calc(100% - 2px);\" data-instgrm-captioned=\"\" data-instgrm-permalink=\"https:\/\/www.instagram.com\/p\/B2ZB_KDjvPZ\/?utm_source=ig_embed&amp;utm_campaign=loading\" data-instgrm-version=\"12\">\n<div style=\"padding: 16px;\">\n<p>&nbsp;<\/p>\n<div style=\"display: flex; flex-direction: row; align-items: center;\">\n<div style=\"background-color: #f4f4f4; border-radius: 50%; flex-grow: 0; height: 40px; margin-right: 14px; width: 40px;\"><\/div>\n<div style=\"display: flex; flex-direction: column; flex-grow: 1; justify-content: center;\">\n<div style=\"background-color: #f4f4f4; border-radius: 4px; flex-grow: 0; height: 14px; margin-bottom: 6px; width: 100px;\"><\/div>\n<div style=\"background-color: #f4f4f4; border-radius: 4px; flex-grow: 0; height: 14px; width: 60px;\"><\/div>\n<\/div>\n<\/div>\n<div style=\"padding: 19% 0;\"><\/div>\n<div style=\"display: block; height: 50px; margin: 0 auto 12px; width: 50px;\"><\/div>\n<div style=\"padding-top: 8px;\">\n<div style=\"color: #3897f0; font-family: Arial,sans-serif; font-size: 14px; font-style: normal; font-weight: 550; line-height: 18px;\">Ver esta publicaci\u00f3n en Instagram<\/div>\n<\/div>\n<div style=\"padding: 12.5% 0;\"><\/div>\n<div style=\"display: flex; flex-direction: row; margin-bottom: 14px; align-items: center;\">\n<div>\n<div style=\"background-color: #f4f4f4; border-radius: 50%; height: 12.5px; width: 12.5px; transform: translateX(0px) translateY(7px);\"><\/div>\n<div style=\"background-color: #f4f4f4; height: 12.5px; transform: rotate(-45deg) translateX(3px) translateY(1px); width: 12.5px; flex-grow: 0; margin-right: 14px; margin-left: 2px;\"><\/div>\n<div style=\"background-color: #f4f4f4; border-radius: 50%; height: 12.5px; width: 12.5px; transform: translateX(9px) translateY(-18px);\"><\/div>\n<\/div>\n<div style=\"margin-left: 8px;\">\n<div style=\"background-color: #f4f4f4; border-radius: 50%; flex-grow: 0; height: 20px; width: 20px;\"><\/div>\n<div style=\"width: 0; height: 0; border-top: 2px solid transparent; border-left: 6px solid #f4f4f4; border-bottom: 2px solid transparent; transform: translateX(16px) translateY(-4px) rotate(30deg);\"><\/div>\n<\/div>\n<div style=\"margin-left: auto;\">\n<div style=\"width: 0px; border-top: 8px solid #F4F4F4; border-right: 8px solid transparent; transform: translateY(16px);\"><\/div>\n<div style=\"background-color: #f4f4f4; flex-grow: 0; height: 12px; width: 16px; transform: translateY(-4px);\"><\/div>\n<div style=\"width: 0; height: 0; border-top: 8px solid #F4F4F4; border-left: 8px solid transparent; transform: translateY(-4px) translateX(8px);\"><\/div>\n<\/div>\n<\/div>\n<p>&nbsp;<\/p>\n<p style=\"margin: 8px 0 0 0; padding: 0 4px;\"><a style=\"color: #000; font-family: Arial,sans-serif; font-size: 14px; font-style: normal; font-weight: normal; line-height: 17px; text-decoration: none; word-wrap: break-word;\" href=\"https:\/\/www.instagram.com\/p\/B2ZB_KDjvPZ\/?utm_source=ig_embed&amp;utm_campaign=loading\" target=\"_blank\" rel=\"noopener\">\u00a1Etapa 20 sin pausa! \/ No stop today ? Live: LaVuelta.com. #LaVuelta19. ?: @photogomezsport<\/a><\/p>\n<p style=\"color: #c9c8cd; font-family: Arial,sans-serif; font-size: 14px; line-height: 17px; margin-bottom: 0; margin-top: 8px; overflow: hidden; padding: 8px 0 7px; text-align: center; text-overflow: ellipsis; white-space: nowrap;\">Una publicaci\u00f3n compartida de <a style=\"color: #c9c8cd; font-family: Arial,sans-serif; font-size: 14px; font-style: normal; font-weight: normal; line-height: 17px;\" href=\"https:\/\/www.instagram.com\/lavuelta\/?utm_source=ig_embed&amp;utm_campaign=loading\" target=\"_blank\" rel=\"noopener\"> La Vuelta<\/a> (@lavuelta) el <time style=\"font-family: Arial,sans-serif; font-size: 14px; line-height: 17px;\" datetime=\"2019-09-14T12:09:54+00:00\">14 Sep, 2019 a las 5:09 PDT<\/time><\/p>\n<\/div>\n<\/blockquote>\n<p><script async src=\"\/\/www.instagram.com\/embed.js\"><\/script><\/p>\n<p>La red social con menos difusi\u00f3n es <a href=\"https:\/\/www.youtube.com\/user\/Unipublicvuelta\/videos\">Youtube<\/a>, quiz\u00e1s porque los v\u00eddeos ya se ven en la propia p\u00e1gina web de La Vuelta, en el resto de las redes sociales y la web d<strong>e RTVE y Eurosport<\/strong>. Solo llegan a 52.000 suscriptores pero si hay v\u00eddeos con un n\u00famero muy alto de visualizaciones. No solo hacen el resumen de la etapa en ingl\u00e9s y castellano, sino que tambi\u00e9n tienen los momentos m\u00e1s interesantes de cada jornada, los m\u00e1s pol\u00e9micos y v\u00eddeos de la salida y de las declaraciones de los corredores en meta, algunos de ellos con casi 10.000 visualizaciones.<br \/>\n<iframe loading=\"lazy\" src=\"https:\/\/www.youtube-nocookie.com\/embed\/RbOFfYaHEPg\" width=\"640\" height=\"360\" frameborder=\"0\" allowfullscreen=\"allowfullscreen\"><\/iframe><\/p>\n<p>Y para darle sentido a todo esto&#8230; pues La Vuelta ha tenido que <strong>contar con un grupo de especialistas<\/strong> en medios de comunicaci\u00f3n, desde periodistas a directores de comunicaci\u00f3n, expertos en redes sociales, en marketing digital, en v\u00eddeo&#8230; Que al final dan un valor extra al producto Vuelta a Espa\u00f1a.<\/p>\n","protected":false},"excerpt":{"rendered":"<p>La \u00faltima etapa de La Vuelta 2019 gener\u00f3 6662 tweets y casi 3,5 millones de impresiones entre las 17.14 y [&hellip;]<\/p>\n","protected":false},"author":29,"featured_media":5670,"comment_status":"open","ping_status":"open","sticky":false,"template":"","format":"standard","meta":{"footnotes":""},"categories":[7],"tags":[1347,1345,1349,1346,1348],"global-categories":[],"class_list":["post-5667","post","type-post","status-publish","format-standard","has-post-thumbnail","hentry","category-carretera","tag-instagram-la-vuelta","tag-la-vuelta-facebook","tag-la-vuelta-redes-sociales","tag-twitter-la-vuelta","tag-youtube-la-vuelta"],"yoast_head":"<!-- This site is optimized with the Yoast SEO Premium plugin v25.3 (Yoast SEO v25.9) - https:\/\/yoast.com\/wordpress\/plugins\/seo\/ -->\n<title>La Vuelta en las redes sociales - \u0160koda We Love Cycling - Spain<\/title>\n<meta name=\"description\" content=\"La Vuelta en las redes sociales. La evoluci\u00f3n de la informaci\u00f3n de La Vuelta a Espa\u00f1a con la aparici\u00f3n de Twitter, Facebook, Instagram y Youtube.\" \/>\n<meta name=\"robots\" content=\"index, follow, max-snippet:-1, max-image-preview:large, max-video-preview:-1\" \/>\n<link rel=\"canonical\" href=\"https:\/\/www.welovecycling.com\/es\/2019\/12\/03\/la-vuelta-en-las-redes-sociales\/\" \/>\n<meta property=\"og:locale\" content=\"es_ES\" \/>\n<meta property=\"og:type\" content=\"article\" \/>\n<meta property=\"og:title\" content=\"La Vuelta en las redes sociales\" \/>\n<meta property=\"og:description\" content=\"La Vuelta en las redes sociales. La evoluci\u00f3n de la informaci\u00f3n de La Vuelta a Espa\u00f1a con la aparici\u00f3n de Twitter, Facebook, Instagram y Youtube.\" \/>\n<meta property=\"og:url\" content=\"https:\/\/www.welovecycling.com\/es\/2019\/12\/03\/la-vuelta-en-las-redes-sociales\/\" \/>\n<meta property=\"og:site_name\" content=\"\u0160koda We Love Cycling - Spain\" \/>\n<meta property=\"article:published_time\" content=\"2019-12-03T18:30:09+00:00\" \/>\n<meta property=\"article:modified_time\" content=\"2019-12-03T18:38:02+00:00\" \/>\n<meta property=\"og:image\" content=\"https:\/\/d2p6e6u75xmxt8.cloudfront.net\/6\/2019\/12\/WhatsApp-Image-2019-09-13-at-18.13.52-2.jpeg\" \/>\n\t<meta property=\"og:image:width\" content=\"1200\" \/>\n\t<meta property=\"og:image:height\" content=\"636\" \/>\n\t<meta property=\"og:image:type\" content=\"image\/jpeg\" \/>\n<meta name=\"author\" content=\"We Love Cycling Spain\" \/>\n<meta name=\"twitter:card\" content=\"summary_large_image\" \/>\n<meta name=\"twitter:title\" content=\"La Vuelta en las redes sociales\" \/>\n<meta name=\"twitter:description\" content=\"La Vuelta en las redes sociales. La evoluci\u00f3n de la informaci\u00f3n de La Vuelta a Espa\u00f1a con la aparici\u00f3n de Twitter, Facebook, Instagram y Youtube.\" \/>\n<meta name=\"twitter:label1\" content=\"Written by\" \/>\n\t<meta name=\"twitter:data1\" content=\"Luis @ciclored\" \/>\n\t<meta name=\"twitter:label2\" content=\"Est. reading time\" \/>\n\t<meta name=\"twitter:data2\" content=\"4 minutes\" \/>\n<script type=\"application\/ld+json\" class=\"yoast-schema-graph\">{\"@context\":\"https:\/\/schema.org\",\"@graph\":[{\"@type\":\"WebPage\",\"@id\":\"https:\/\/www.welovecycling.com\/es\/2019\/12\/03\/la-vuelta-en-las-redes-sociales\/\",\"url\":\"https:\/\/www.welovecycling.com\/es\/2019\/12\/03\/la-vuelta-en-las-redes-sociales\/\",\"name\":\"La Vuelta en las redes sociales - \u0160koda We Love Cycling - Spain\",\"isPartOf\":{\"@id\":\"https:\/\/www.welovecycling.com\/es\/#website\"},\"primaryImageOfPage\":{\"@id\":\"https:\/\/www.welovecycling.com\/es\/2019\/12\/03\/la-vuelta-en-las-redes-sociales\/#primaryimage\"},\"image\":{\"@id\":\"https:\/\/www.welovecycling.com\/es\/2019\/12\/03\/la-vuelta-en-las-redes-sociales\/#primaryimage\"},\"thumbnailUrl\":\"https:\/\/d2p6e6u75xmxt8.cloudfront.net\/6\/2019\/12\/WhatsApp-Image-2019-09-13-at-18.13.52-2.jpeg\",\"datePublished\":\"2019-12-03T18:30:09+00:00\",\"dateModified\":\"2019-12-03T18:38:02+00:00\",\"author\":{\"@id\":\"https:\/\/www.welovecycling.com\/es\/#\/schema\/person\/deb61715b5812698ee79fb96f343ccd4\"},\"description\":\"La Vuelta en las redes sociales. La evoluci\u00f3n de la informaci\u00f3n de La Vuelta a Espa\u00f1a con la aparici\u00f3n de Twitter, Facebook, Instagram y Youtube.\",\"breadcrumb\":{\"@id\":\"https:\/\/www.welovecycling.com\/es\/2019\/12\/03\/la-vuelta-en-las-redes-sociales\/#breadcrumb\"},\"inLanguage\":\"es-ES\",\"potentialAction\":[{\"@type\":\"ReadAction\",\"target\":[\"https:\/\/www.welovecycling.com\/es\/2019\/12\/03\/la-vuelta-en-las-redes-sociales\/\"]}]},{\"@type\":\"ImageObject\",\"inLanguage\":\"es-ES\",\"@id\":\"https:\/\/www.welovecycling.com\/es\/2019\/12\/03\/la-vuelta-en-las-redes-sociales\/#primaryimage\",\"url\":\"https:\/\/d2p6e6u75xmxt8.cloudfront.net\/6\/2019\/12\/WhatsApp-Image-2019-09-13-at-18.13.52-2.jpeg\",\"contentUrl\":\"https:\/\/d2p6e6u75xmxt8.cloudfront.net\/6\/2019\/12\/WhatsApp-Image-2019-09-13-at-18.13.52-2.jpeg\",\"width\":1200,\"height\":636},{\"@type\":\"BreadcrumbList\",\"@id\":\"https:\/\/www.welovecycling.com\/es\/2019\/12\/03\/la-vuelta-en-las-redes-sociales\/#breadcrumb\",\"itemListElement\":[{\"@type\":\"ListItem\",\"position\":1,\"name\":\"Home\",\"item\":\"https:\/\/www.welovecycling.com\/es\/\"},{\"@type\":\"ListItem\",\"position\":2,\"name\":\"La Vuelta en las redes sociales\"}]},{\"@type\":\"WebSite\",\"@id\":\"https:\/\/www.welovecycling.com\/es\/#website\",\"url\":\"https:\/\/www.welovecycling.com\/es\/\",\"name\":\"\u0160koda We Love Cycling - Spain\",\"description\":\"\u0160koda WeLoveCycling Spain\",\"potentialAction\":[{\"@type\":\"SearchAction\",\"target\":{\"@type\":\"EntryPoint\",\"urlTemplate\":\"https:\/\/www.welovecycling.com\/es\/?s={search_term_string}\"},\"query-input\":{\"@type\":\"PropertyValueSpecification\",\"valueRequired\":true,\"valueName\":\"search_term_string\"}}],\"inLanguage\":\"es-ES\"},{\"@type\":\"Person\",\"@id\":\"https:\/\/www.welovecycling.com\/es\/#\/schema\/person\/deb61715b5812698ee79fb96f343ccd4\",\"name\":\"We Love Cycling Spain\",\"image\":{\"@type\":\"ImageObject\",\"inLanguage\":\"es-ES\",\"@id\":\"https:\/\/www.welovecycling.com\/es\/#\/schema\/person\/image\/\",\"url\":\"https:\/\/secure.gravatar.com\/avatar\/c824b04e6df0e37a03219d0b6481672889df542894588964102459e46513159c?s=96&d=mm&r=g\",\"contentUrl\":\"https:\/\/secure.gravatar.com\/avatar\/c824b04e6df0e37a03219d0b6481672889df542894588964102459e46513159c?s=96&d=mm&r=g\",\"caption\":\"We Love Cycling Spain\"},\"url\":\"https:\/\/www.welovecycling.com\/es\/author\/amunoz\/\"}]}<\/script>\n<!-- \/ Yoast SEO Premium plugin. -->","yoast_head_json":{"title":"La Vuelta en las redes sociales - \u0160koda We Love Cycling - Spain","description":"La Vuelta en las redes sociales. La evoluci\u00f3n de la informaci\u00f3n de La Vuelta a Espa\u00f1a con la aparici\u00f3n de Twitter, Facebook, Instagram y Youtube.","robots":{"index":"index","follow":"follow","max-snippet":"max-snippet:-1","max-image-preview":"max-image-preview:large","max-video-preview":"max-video-preview:-1"},"canonical":"https:\/\/www.welovecycling.com\/es\/2019\/12\/03\/la-vuelta-en-las-redes-sociales\/","og_locale":"es_ES","og_type":"article","og_title":"La Vuelta en las redes sociales","og_description":"La Vuelta en las redes sociales. La evoluci\u00f3n de la informaci\u00f3n de La Vuelta a Espa\u00f1a con la aparici\u00f3n de Twitter, Facebook, Instagram y Youtube.","og_url":"https:\/\/www.welovecycling.com\/es\/2019\/12\/03\/la-vuelta-en-las-redes-sociales\/","og_site_name":"\u0160koda We Love Cycling - Spain","article_published_time":"2019-12-03T18:30:09+00:00","article_modified_time":"2019-12-03T18:38:02+00:00","og_image":[{"width":1200,"height":636,"url":"https:\/\/d2p6e6u75xmxt8.cloudfront.net\/6\/2019\/12\/WhatsApp-Image-2019-09-13-at-18.13.52-2.jpeg","type":"image\/jpeg"}],"author":"We Love Cycling Spain","twitter_card":"summary_large_image","twitter_title":"La Vuelta en las redes sociales","twitter_description":"La Vuelta en las redes sociales. La evoluci\u00f3n de la informaci\u00f3n de La Vuelta a Espa\u00f1a con la aparici\u00f3n de Twitter, Facebook, Instagram y Youtube.","twitter_misc":{"Written by":"Luis @ciclored","Est. reading time":"4 minutes"},"schema":{"@context":"https:\/\/schema.org","@graph":[{"@type":"WebPage","@id":"https:\/\/www.welovecycling.com\/es\/2019\/12\/03\/la-vuelta-en-las-redes-sociales\/","url":"https:\/\/www.welovecycling.com\/es\/2019\/12\/03\/la-vuelta-en-las-redes-sociales\/","name":"La Vuelta en las redes sociales - \u0160koda We Love Cycling - Spain","isPartOf":{"@id":"https:\/\/www.welovecycling.com\/es\/#website"},"primaryImageOfPage":{"@id":"https:\/\/www.welovecycling.com\/es\/2019\/12\/03\/la-vuelta-en-las-redes-sociales\/#primaryimage"},"image":{"@id":"https:\/\/www.welovecycling.com\/es\/2019\/12\/03\/la-vuelta-en-las-redes-sociales\/#primaryimage"},"thumbnailUrl":"https:\/\/d2p6e6u75xmxt8.cloudfront.net\/6\/2019\/12\/WhatsApp-Image-2019-09-13-at-18.13.52-2.jpeg","datePublished":"2019-12-03T18:30:09+00:00","dateModified":"2019-12-03T18:38:02+00:00","author":{"@id":"https:\/\/www.welovecycling.com\/es\/#\/schema\/person\/deb61715b5812698ee79fb96f343ccd4"},"description":"La Vuelta en las redes sociales. La evoluci\u00f3n de la informaci\u00f3n de La Vuelta a Espa\u00f1a con la aparici\u00f3n de Twitter, Facebook, Instagram y Youtube.","breadcrumb":{"@id":"https:\/\/www.welovecycling.com\/es\/2019\/12\/03\/la-vuelta-en-las-redes-sociales\/#breadcrumb"},"inLanguage":"es-ES","potentialAction":[{"@type":"ReadAction","target":["https:\/\/www.welovecycling.com\/es\/2019\/12\/03\/la-vuelta-en-las-redes-sociales\/"]}]},{"@type":"ImageObject","inLanguage":"es-ES","@id":"https:\/\/www.welovecycling.com\/es\/2019\/12\/03\/la-vuelta-en-las-redes-sociales\/#primaryimage","url":"https:\/\/d2p6e6u75xmxt8.cloudfront.net\/6\/2019\/12\/WhatsApp-Image-2019-09-13-at-18.13.52-2.jpeg","contentUrl":"https:\/\/d2p6e6u75xmxt8.cloudfront.net\/6\/2019\/12\/WhatsApp-Image-2019-09-13-at-18.13.52-2.jpeg","width":1200,"height":636},{"@type":"BreadcrumbList","@id":"https:\/\/www.welovecycling.com\/es\/2019\/12\/03\/la-vuelta-en-las-redes-sociales\/#breadcrumb","itemListElement":[{"@type":"ListItem","position":1,"name":"Home","item":"https:\/\/www.welovecycling.com\/es\/"},{"@type":"ListItem","position":2,"name":"La Vuelta en las redes sociales"}]},{"@type":"WebSite","@id":"https:\/\/www.welovecycling.com\/es\/#website","url":"https:\/\/www.welovecycling.com\/es\/","name":"\u0160koda We Love Cycling - Spain","description":"\u0160koda WeLoveCycling Spain","potentialAction":[{"@type":"SearchAction","target":{"@type":"EntryPoint","urlTemplate":"https:\/\/www.welovecycling.com\/es\/?s={search_term_string}"},"query-input":{"@type":"PropertyValueSpecification","valueRequired":true,"valueName":"search_term_string"}}],"inLanguage":"es-ES"},{"@type":"Person","@id":"https:\/\/www.welovecycling.com\/es\/#\/schema\/person\/deb61715b5812698ee79fb96f343ccd4","name":"We Love Cycling Spain","image":{"@type":"ImageObject","inLanguage":"es-ES","@id":"https:\/\/www.welovecycling.com\/es\/#\/schema\/person\/image\/","url":"https:\/\/secure.gravatar.com\/avatar\/c824b04e6df0e37a03219d0b6481672889df542894588964102459e46513159c?s=96&d=mm&r=g","contentUrl":"https:\/\/secure.gravatar.com\/avatar\/c824b04e6df0e37a03219d0b6481672889df542894588964102459e46513159c?s=96&d=mm&r=g","caption":"We Love Cycling Spain"},"url":"https:\/\/www.welovecycling.com\/es\/author\/amunoz\/"}]}},"_links":{"self":[{"href":"https:\/\/www.welovecycling.com\/es\/wp-json\/wp\/v2\/posts\/5667","targetHints":{"allow":["GET"]}}],"collection":[{"href":"https:\/\/www.welovecycling.com\/es\/wp-json\/wp\/v2\/posts"}],"about":[{"href":"https:\/\/www.welovecycling.com\/es\/wp-json\/wp\/v2\/types\/post"}],"author":[{"embeddable":true,"href":"https:\/\/www.welovecycling.com\/es\/wp-json\/wp\/v2\/users\/29"}],"replies":[{"embeddable":true,"href":"https:\/\/www.welovecycling.com\/es\/wp-json\/wp\/v2\/comments?post=5667"}],"version-history":[{"count":2,"href":"https:\/\/www.welovecycling.com\/es\/wp-json\/wp\/v2\/posts\/5667\/revisions"}],"predecessor-version":[{"id":5672,"href":"https:\/\/www.welovecycling.com\/es\/wp-json\/wp\/v2\/posts\/5667\/revisions\/5672"}],"wp:featuredmedia":[{"embeddable":true,"href":"https:\/\/www.welovecycling.com\/es\/wp-json\/wp\/v2\/media\/5670"}],"wp:attachment":[{"href":"https:\/\/www.welovecycling.com\/es\/wp-json\/wp\/v2\/media?parent=5667"}],"wp:term":[{"taxonomy":"category","embeddable":true,"href":"https:\/\/www.welovecycling.com\/es\/wp-json\/wp\/v2\/categories?post=5667"},{"taxonomy":"post_tag","embeddable":true,"href":"https:\/\/www.welovecycling.com\/es\/wp-json\/wp\/v2\/tags?post=5667"},{"taxonomy":"global-categories","embeddable":true,"href":"https:\/\/www.welovecycling.com\/es\/wp-json\/wp\/v2\/global-categories?post=5667"}],"curies":[{"name":"wp","href":"https:\/\/api.w.org\/{rel}","templated":true}]}}