{"id":5650,"date":"2019-11-26T17:54:55","date_gmt":"2019-11-26T15:54:55","guid":{"rendered":"https:\/\/www.welovecycling.com\/es\/?p=5650"},"modified":"2019-11-26T17:54:55","modified_gmt":"2019-11-26T15:54:55","slug":"ciclamadrid","status":"publish","type":"post","link":"https:\/\/www.welovecycling.com\/es\/2019\/11\/26\/ciclamadrid\/","title":{"rendered":"Ciclamadrid, porque la Comunidad de Madrid tambi\u00e9n es para ciclistas"},"content":{"rendered":"<p><strong>Rodar por Madrid en bici \u00bfes posible? Pues para responder a esa pregunta naci\u00f3 Ciclamadrid. El proyecto de la Comunidad de Madrid pretende hacer la regi\u00f3n m\u00e1s accesible a los ciclistas, romper los mitos sobre la gran ciudad y, de paso, fomentar el turismo en bicicleta por la capital de Espa\u00f1a y sus alrededores. Una idea rompedora y que ya ha dado sus primeros pasos.\u00a0<\/strong><br \/>\n<!--more--><\/p>\n<p><a href=\"http:\/\/www.ciclamadrid.es\/ciclamadrid\/\">Ciclamadrid<\/a> ya est\u00e1 en el cibersepacio, en su web cualquier ciclista ya puede visitar las rutas tur\u00edsticas de la Comunidad de Madrid y descargarselas en la app del m\u00f3vil. Por ahora en Ciclamadrid puedes encontrar la &#8216;Gran Ruta&#8217;, que circunvala toda la Comunidad de Madrid en m\u00e1s de 300 kil\u00f3metros y luego diversas opciones de rutas y Tours m\u00e1s cortos, tanto para bicicleta de carretera como de MTB y la opcion de gravel y alforjas, para poder enlazar unas jornadas con otras y dormir en los alojamientos recomendados.<\/p>\n<p>Las rutas de Ciclamadrid est\u00e1n divididas en 6 sectores. La Alcarria de Alcal\u00e1 (m\u00e1s cercana a Guadalajara), Comarca de las Vegas (sur de Madrid y Aranjuez), Cuenca Alta del Manzanares, Cuenca del Guadarrama, Sierra Norte y Sierra Oeste. De esta forma el ciclista puede optar desde las zonas planas del sur de Madrid a la alta monta\u00f1a de las sierras del Norte y el oeste. Variedad para elegir.<\/p>\n<p><img loading=\"lazy\" decoding=\"async\" class=\"alignnone size-extra-large\" src=\"https:\/\/www.turismomadrid.es\/images\/Portada\/2017\/ciclamadrid-nov-2018-art.jpg\" width=\"1500\" height=\"1000\" \/><\/p>\n<p>Y dentro de cada opci\u00f3n entre cinco y ocho rutas diferentes con kilometraje diverso y editadas para que se puedan guardar en GPS. No solo incluyen las indicaciones para poder seguir el recorrido, sino tambi\u00e9n los puntos clave de servicios y turismo que se pueden encontrar en cada una de ellas. Desde monumentos o parajes naturales a bodegas o museos.<\/p>\n<p>Esta caracterizaci\u00f3n tambi\u00e9n permite clasificar cada una de las rutas para el p\u00fablico al que est\u00e1 destinada. Enoturismo, ruta cultural, ruta en familia, ruta deportiva&#8230; La idea, llegar al mayor n\u00famero de usuarios de la bicicleta.<\/p>\n<p>Para a\u00f1adir m\u00e1s informaci\u00f3n en cada ruta puedes encontrar los servicios \u00fatiles para los ciclistas, desde alquileres de bicicletas a empresas que se dedican a hacer tours guiados, talleres, transfers o restaurantes y hoteles para enganchar varias rutas sin tener que bajarse de la bicicleta.<\/p>\n<p>Y claro est\u00e1, toda la informaci\u00f3n tanto en castellano como en ingl\u00e9s, para no solo atraer al p\u00fablico peninsular, sino tambi\u00e9n al internacional, que a\u00fan ve con m\u00e1s reparo coger una bicicleta y hacer turismo en un lugar como Madrid.<\/p>\n<p><img loading=\"lazy\" decoding=\"async\" class=\"alignnone size-extra-large\" src=\"https:\/\/gacetinmadrid.com\/wp-content\/uploads\/2019\/08\/ciclamadrid-768x938.jpg\" width=\"768\" height=\"938\" \/><\/p>\n<p><strong>El reto es el Gran Tour<\/strong>\u00a0de Ciclamadrid un recorrido\u00a0perimetral de 420 km\u00a0que permite circular\u00a0en bicicleta por la Comunidad de Madrid. A\u00fana a\u00a091 municipios\u00a0y da la posibilidad de visitar lugares declarados\u00a0Patrimonio Mundial\u00a0por la UNESCO, m\u00e1s de 50 Bienes de Inter\u00e9s Cultural y hasta cuatro espacios naturales.<\/p>\n<div id=\"gtp_diarioas_19753-INTEXT\" data-google-query-id=\"CO7RrM-XiOYCFdTFuwgdf5EAnw\">\n<div id=\"google_ads_iframe_7811748\/as_web\/ciclismo\/intext_0__container__\">\n<p>Se divide en\u00a0<strong>19 d\u00edas y 17 etapas,<\/strong>\u00a0con un promedio de 25 km cada una y un desnivel medio de +266 metros (aunque se puede hacer en los d\u00edas o etapas que cada un prefiera, y permite disfrutar de toda su oferta\u00a0<strong>cultural y gastron\u00f3mica<\/strong>\u00a0en un escaparate tur\u00edstico de naturaleza y ocio saludable.<\/p>\n<p>Una de las grandes ventajas es que Ciclamadrid no est\u00e1 solo en digital, sino que la Comunidad de Madrid ya ha se\u00f1alizado las rutas con carteles espec\u00edficos y sencillos de seguir.<\/p>\n<\/div>\n<\/div>\n","protected":false},"excerpt":{"rendered":"<p>Rodar por Madrid en bici \u00bfes posible? Pues para responder a esa pregunta naci\u00f3 Ciclamadrid. El proyecto de la Comunidad [&hellip;]<\/p>\n","protected":false},"author":29,"featured_media":5652,"comment_status":"open","ping_status":"open","sticky":false,"template":"","format":"standard","meta":{"footnotes":""},"categories":[7,9],"tags":[1332,1335,1334,1333],"global-categories":[1164],"class_list":["post-5650","post","type-post","status-publish","format-standard","has-post-thumbnail","hentry","category-carretera","category-mtb-aventura","tag-ciclamadrid","tag-ciclismo-en-madrid","tag-la-vuelta-a-madrid","tag-madrid-en-bicicleta","global-categories-cycling"],"yoast_head":"<!-- This site is optimized with the Yoast SEO Premium plugin v25.3 (Yoast SEO v25.9) - https:\/\/yoast.com\/wordpress\/plugins\/seo\/ -->\n<title>Ciclamadrid, porque la Comunidad de Madrid tambi\u00e9n es para ciclistas - \u0160koda We Love Cycling - Spain<\/title>\n<meta name=\"description\" content=\"Ciclamadrid, porque la Comunidad de Madrid tambi\u00e9n es para ciclistas\" \/>\n<meta name=\"robots\" content=\"index, follow, max-snippet:-1, max-image-preview:large, max-video-preview:-1\" \/>\n<link rel=\"canonical\" href=\"https:\/\/www.welovecycling.com\/es\/2019\/11\/26\/ciclamadrid\/\" \/>\n<meta property=\"og:locale\" content=\"es_ES\" \/>\n<meta property=\"og:type\" content=\"article\" \/>\n<meta property=\"og:title\" content=\"Ciclamadrid, porque la Comunidad de Madrid tambi\u00e9n es para ciclistas\" \/>\n<meta property=\"og:description\" content=\"Ciclamadrid, porque la Comunidad de Madrid tambi\u00e9n es para ciclistas\" \/>\n<meta property=\"og:url\" content=\"https:\/\/www.welovecycling.com\/es\/2019\/11\/26\/ciclamadrid\/\" \/>\n<meta property=\"og:site_name\" content=\"\u0160koda We Love Cycling - Spain\" \/>\n<meta property=\"article:published_time\" content=\"2019-11-26T15:54:55+00:00\" \/>\n<meta property=\"og:image\" content=\"https:\/\/d2p6e6u75xmxt8.cloudfront.net\/6\/2019\/11\/ciclamadrid.jpg\" \/>\n\t<meta property=\"og:image:width\" content=\"1255\" \/>\n\t<meta property=\"og:image:height\" content=\"530\" \/>\n\t<meta property=\"og:image:type\" content=\"image\/jpeg\" \/>\n<meta name=\"author\" content=\"We Love Cycling Spain\" \/>\n<meta name=\"twitter:card\" content=\"summary_large_image\" \/>\n<meta name=\"twitter:label1\" content=\"Written by\" \/>\n\t<meta name=\"twitter:data1\" content=\"Luis @ciclored\" \/>\n\t<meta name=\"twitter:label2\" content=\"Est. reading time\" \/>\n\t<meta name=\"twitter:data2\" content=\"3 minutes\" \/>\n<script type=\"application\/ld+json\" class=\"yoast-schema-graph\">{\"@context\":\"https:\/\/schema.org\",\"@graph\":[{\"@type\":\"WebPage\",\"@id\":\"https:\/\/www.welovecycling.com\/es\/2019\/11\/26\/ciclamadrid\/\",\"url\":\"https:\/\/www.welovecycling.com\/es\/2019\/11\/26\/ciclamadrid\/\",\"name\":\"Ciclamadrid, porque la Comunidad de Madrid tambi\u00e9n es para ciclistas - \u0160koda We Love Cycling - Spain\",\"isPartOf\":{\"@id\":\"https:\/\/www.welovecycling.com\/es\/#website\"},\"primaryImageOfPage\":{\"@id\":\"https:\/\/www.welovecycling.com\/es\/2019\/11\/26\/ciclamadrid\/#primaryimage\"},\"image\":{\"@id\":\"https:\/\/www.welovecycling.com\/es\/2019\/11\/26\/ciclamadrid\/#primaryimage\"},\"thumbnailUrl\":\"https:\/\/d2p6e6u75xmxt8.cloudfront.net\/6\/2019\/11\/ciclamadrid.jpg\",\"datePublished\":\"2019-11-26T15:54:55+00:00\",\"author\":{\"@id\":\"https:\/\/www.welovecycling.com\/es\/#\/schema\/person\/deb61715b5812698ee79fb96f343ccd4\"},\"description\":\"Ciclamadrid, porque la Comunidad de Madrid tambi\u00e9n es para ciclistas\",\"breadcrumb\":{\"@id\":\"https:\/\/www.welovecycling.com\/es\/2019\/11\/26\/ciclamadrid\/#breadcrumb\"},\"inLanguage\":\"es-ES\",\"potentialAction\":[{\"@type\":\"ReadAction\",\"target\":[\"https:\/\/www.welovecycling.com\/es\/2019\/11\/26\/ciclamadrid\/\"]}]},{\"@type\":\"ImageObject\",\"inLanguage\":\"es-ES\",\"@id\":\"https:\/\/www.welovecycling.com\/es\/2019\/11\/26\/ciclamadrid\/#primaryimage\",\"url\":\"https:\/\/d2p6e6u75xmxt8.cloudfront.net\/6\/2019\/11\/ciclamadrid.jpg\",\"contentUrl\":\"https:\/\/d2p6e6u75xmxt8.cloudfront.net\/6\/2019\/11\/ciclamadrid.jpg\",\"width\":1255,\"height\":530},{\"@type\":\"BreadcrumbList\",\"@id\":\"https:\/\/www.welovecycling.com\/es\/2019\/11\/26\/ciclamadrid\/#breadcrumb\",\"itemListElement\":[{\"@type\":\"ListItem\",\"position\":1,\"name\":\"Home\",\"item\":\"https:\/\/www.welovecycling.com\/es\/\"},{\"@type\":\"ListItem\",\"position\":2,\"name\":\"Ciclamadrid, porque la Comunidad de Madrid tambi\u00e9n es para ciclistas\"}]},{\"@type\":\"WebSite\",\"@id\":\"https:\/\/www.welovecycling.com\/es\/#website\",\"url\":\"https:\/\/www.welovecycling.com\/es\/\",\"name\":\"\u0160koda We Love Cycling - Spain\",\"description\":\"\u0160koda WeLoveCycling Spain\",\"potentialAction\":[{\"@type\":\"SearchAction\",\"target\":{\"@type\":\"EntryPoint\",\"urlTemplate\":\"https:\/\/www.welovecycling.com\/es\/?s={search_term_string}\"},\"query-input\":{\"@type\":\"PropertyValueSpecification\",\"valueRequired\":true,\"valueName\":\"search_term_string\"}}],\"inLanguage\":\"es-ES\"},{\"@type\":\"Person\",\"@id\":\"https:\/\/www.welovecycling.com\/es\/#\/schema\/person\/deb61715b5812698ee79fb96f343ccd4\",\"name\":\"We Love Cycling Spain\",\"image\":{\"@type\":\"ImageObject\",\"inLanguage\":\"es-ES\",\"@id\":\"https:\/\/www.welovecycling.com\/es\/#\/schema\/person\/image\/\",\"url\":\"https:\/\/secure.gravatar.com\/avatar\/c824b04e6df0e37a03219d0b6481672889df542894588964102459e46513159c?s=96&d=mm&r=g\",\"contentUrl\":\"https:\/\/secure.gravatar.com\/avatar\/c824b04e6df0e37a03219d0b6481672889df542894588964102459e46513159c?s=96&d=mm&r=g\",\"caption\":\"We Love Cycling Spain\"},\"url\":\"https:\/\/www.welovecycling.com\/es\/author\/amunoz\/\"}]}<\/script>\n<!-- \/ Yoast SEO Premium plugin. -->","yoast_head_json":{"title":"Ciclamadrid, porque la Comunidad de Madrid tambi\u00e9n es para ciclistas - \u0160koda We Love Cycling - Spain","description":"Ciclamadrid, porque la Comunidad de Madrid tambi\u00e9n es para ciclistas","robots":{"index":"index","follow":"follow","max-snippet":"max-snippet:-1","max-image-preview":"max-image-preview:large","max-video-preview":"max-video-preview:-1"},"canonical":"https:\/\/www.welovecycling.com\/es\/2019\/11\/26\/ciclamadrid\/","og_locale":"es_ES","og_type":"article","og_title":"Ciclamadrid, porque la Comunidad de Madrid tambi\u00e9n es para ciclistas","og_description":"Ciclamadrid, porque la Comunidad de Madrid tambi\u00e9n es para ciclistas","og_url":"https:\/\/www.welovecycling.com\/es\/2019\/11\/26\/ciclamadrid\/","og_site_name":"\u0160koda We Love Cycling - Spain","article_published_time":"2019-11-26T15:54:55+00:00","og_image":[{"width":1255,"height":530,"url":"https:\/\/d2p6e6u75xmxt8.cloudfront.net\/6\/2019\/11\/ciclamadrid.jpg","type":"image\/jpeg"}],"author":"We Love Cycling Spain","twitter_card":"summary_large_image","twitter_misc":{"Written by":"Luis @ciclored","Est. reading time":"3 minutes"},"schema":{"@context":"https:\/\/schema.org","@graph":[{"@type":"WebPage","@id":"https:\/\/www.welovecycling.com\/es\/2019\/11\/26\/ciclamadrid\/","url":"https:\/\/www.welovecycling.com\/es\/2019\/11\/26\/ciclamadrid\/","name":"Ciclamadrid, porque la Comunidad de Madrid tambi\u00e9n es para ciclistas - \u0160koda We Love Cycling - Spain","isPartOf":{"@id":"https:\/\/www.welovecycling.com\/es\/#website"},"primaryImageOfPage":{"@id":"https:\/\/www.welovecycling.com\/es\/2019\/11\/26\/ciclamadrid\/#primaryimage"},"image":{"@id":"https:\/\/www.welovecycling.com\/es\/2019\/11\/26\/ciclamadrid\/#primaryimage"},"thumbnailUrl":"https:\/\/d2p6e6u75xmxt8.cloudfront.net\/6\/2019\/11\/ciclamadrid.jpg","datePublished":"2019-11-26T15:54:55+00:00","author":{"@id":"https:\/\/www.welovecycling.com\/es\/#\/schema\/person\/deb61715b5812698ee79fb96f343ccd4"},"description":"Ciclamadrid, porque la Comunidad de Madrid tambi\u00e9n es para ciclistas","breadcrumb":{"@id":"https:\/\/www.welovecycling.com\/es\/2019\/11\/26\/ciclamadrid\/#breadcrumb"},"inLanguage":"es-ES","potentialAction":[{"@type":"ReadAction","target":["https:\/\/www.welovecycling.com\/es\/2019\/11\/26\/ciclamadrid\/"]}]},{"@type":"ImageObject","inLanguage":"es-ES","@id":"https:\/\/www.welovecycling.com\/es\/2019\/11\/26\/ciclamadrid\/#primaryimage","url":"https:\/\/d2p6e6u75xmxt8.cloudfront.net\/6\/2019\/11\/ciclamadrid.jpg","contentUrl":"https:\/\/d2p6e6u75xmxt8.cloudfront.net\/6\/2019\/11\/ciclamadrid.jpg","width":1255,"height":530},{"@type":"BreadcrumbList","@id":"https:\/\/www.welovecycling.com\/es\/2019\/11\/26\/ciclamadrid\/#breadcrumb","itemListElement":[{"@type":"ListItem","position":1,"name":"Home","item":"https:\/\/www.welovecycling.com\/es\/"},{"@type":"ListItem","position":2,"name":"Ciclamadrid, porque la Comunidad de Madrid tambi\u00e9n es para ciclistas"}]},{"@type":"WebSite","@id":"https:\/\/www.welovecycling.com\/es\/#website","url":"https:\/\/www.welovecycling.com\/es\/","name":"\u0160koda We Love Cycling - Spain","description":"\u0160koda WeLoveCycling Spain","potentialAction":[{"@type":"SearchAction","target":{"@type":"EntryPoint","urlTemplate":"https:\/\/www.welovecycling.com\/es\/?s={search_term_string}"},"query-input":{"@type":"PropertyValueSpecification","valueRequired":true,"valueName":"search_term_string"}}],"inLanguage":"es-ES"},{"@type":"Person","@id":"https:\/\/www.welovecycling.com\/es\/#\/schema\/person\/deb61715b5812698ee79fb96f343ccd4","name":"We Love Cycling Spain","image":{"@type":"ImageObject","inLanguage":"es-ES","@id":"https:\/\/www.welovecycling.com\/es\/#\/schema\/person\/image\/","url":"https:\/\/secure.gravatar.com\/avatar\/c824b04e6df0e37a03219d0b6481672889df542894588964102459e46513159c?s=96&d=mm&r=g","contentUrl":"https:\/\/secure.gravatar.com\/avatar\/c824b04e6df0e37a03219d0b6481672889df542894588964102459e46513159c?s=96&d=mm&r=g","caption":"We Love Cycling Spain"},"url":"https:\/\/www.welovecycling.com\/es\/author\/amunoz\/"}]}},"_links":{"self":[{"href":"https:\/\/www.welovecycling.com\/es\/wp-json\/wp\/v2\/posts\/5650","targetHints":{"allow":["GET"]}}],"collection":[{"href":"https:\/\/www.welovecycling.com\/es\/wp-json\/wp\/v2\/posts"}],"about":[{"href":"https:\/\/www.welovecycling.com\/es\/wp-json\/wp\/v2\/types\/post"}],"author":[{"embeddable":true,"href":"https:\/\/www.welovecycling.com\/es\/wp-json\/wp\/v2\/users\/29"}],"replies":[{"embeddable":true,"href":"https:\/\/www.welovecycling.com\/es\/wp-json\/wp\/v2\/comments?post=5650"}],"version-history":[{"count":2,"href":"https:\/\/www.welovecycling.com\/es\/wp-json\/wp\/v2\/posts\/5650\/revisions"}],"predecessor-version":[{"id":5653,"href":"https:\/\/www.welovecycling.com\/es\/wp-json\/wp\/v2\/posts\/5650\/revisions\/5653"}],"wp:featuredmedia":[{"embeddable":true,"href":"https:\/\/www.welovecycling.com\/es\/wp-json\/wp\/v2\/media\/5652"}],"wp:attachment":[{"href":"https:\/\/www.welovecycling.com\/es\/wp-json\/wp\/v2\/media?parent=5650"}],"wp:term":[{"taxonomy":"category","embeddable":true,"href":"https:\/\/www.welovecycling.com\/es\/wp-json\/wp\/v2\/categories?post=5650"},{"taxonomy":"post_tag","embeddable":true,"href":"https:\/\/www.welovecycling.com\/es\/wp-json\/wp\/v2\/tags?post=5650"},{"taxonomy":"global-categories","embeddable":true,"href":"https:\/\/www.welovecycling.com\/es\/wp-json\/wp\/v2\/global-categories?post=5650"}],"curies":[{"name":"wp","href":"https:\/\/api.w.org\/{rel}","templated":true}]}}