{"id":5638,"date":"2019-11-23T12:11:53","date_gmt":"2019-11-23T10:11:53","guid":{"rendered":"https:\/\/www.welovecycling.com\/es\/?p=5638"},"modified":"2019-11-23T12:11:53","modified_gmt":"2019-11-23T10:11:53","slug":"sobreentrenamiento-ciclista-tambien-cansa-cerebro","status":"publish","type":"post","link":"https:\/\/www.welovecycling.com\/es\/2019\/11\/23\/sobreentrenamiento-ciclista-tambien-cansa-cerebro\/","title":{"rendered":"El sobreentrenamiento ciclista tambi\u00e9n &#8216;cansa&#8217; el cerebro"},"content":{"rendered":"<p><strong>Cuando entrenas por encima de tus posibilidades acabas con un dolor de piernas tremendo y en las \u00faltimas series notas que te falta potencia, algo que sientes como habitual. Pero eso no es todo lo que pasa. Una nueva investigaci\u00f3n sugiere que el entrenamiento excesivo o sobreentrenamiento puede hacer que tu cerebro est\u00e9 tan cansado como tus m\u00fasculos. \u00bfC\u00f3mo te afecta y qu\u00e9 puedes hacer al respecto?<\/strong><br \/>\n<!--more--><\/p>\n<p>Los investigadores Mathias Pessiglione del H\u00f4pital de la Piti\u00e9-Salp\u00eatri\u00e8re de Par\u00eds y Bastien Blain idearon este estudio al observar el s\u00edndrome de sobreentrenamiento en el entrenamiento de atletas ol\u00edmpicos en el Instituto Nacional de Deporte, Experiencia y Rendimiento de Francia. Hicieron una pregunta: \u00bfeste s\u00edndrome de sobreentrenamiento surgi\u00f3 en parte de la fatiga neural en el cerebro, el mismo tipo de fatiga que tambi\u00e9n puede ser causada por el trabajo intelectual excesivo?<\/p>\n<p>https:\/\/www.instagram.com\/p\/B2yVIxbgrDZ\/<\/p>\n<h2><strong>Aumento de la carga de entrenamiento un 40 %<\/strong><\/h2>\n<p>Los investigadores trabajaron con 37 atletas de resistencia masculinos competitivos que fueron asignados a dos grupos. Uno de ellos recibi\u00f3 instrucciones de entrenar normalmente y el otro de aumentar su carga de entrenamiento en un 40 % por sesi\u00f3n durante un per\u00edodo de tres semanas. A continuaci\u00f3n, controlaron su rendimiento f\u00edsico durante los ejercicios de ciclismo realizados en los d\u00edas de descanso y evaluaron sus sentimientos subjetivos de fatiga mediante cuestionarios. Tambi\u00e9n agregaron pruebas de comportamiento y experimentos de exploraci\u00f3n por RMNf para evaluar el impacto del sobreentrenamiento en el cerebro.<\/p>\n<h2><strong>Fatigue y comportamiento impulsivo<\/strong><\/h2>\n<p>Los resultados, como era de esperar, mostraron que el grupo de sobreentrenamiento se sent\u00eda m\u00e1s fatigado. Pero lo que es m\u00e1s interesante, ese grupo tambi\u00e9n manifest\u00f3 un comportamiento impulsivo en pruebas est\u00e1ndar utilizadas para evaluar c\u00f3mo tomar decisiones econ\u00f3micas. Era m\u00e1s probable que optaran por peque\u00f1as recompensas inmediatas en lugar de recompensas m\u00e1s grandes que tardar\u00edan m\u00e1s tiempo en obtenerse. En el esc\u00e1ner fMRI, los atletas sobrecargados mostraron una disminuci\u00f3n en la activaci\u00f3n de la corteza prefrontal lateral, una regi\u00f3n clave del sistema de control ejecutivo, al tomar esas decisiones econ\u00f3micas.<\/p>\n<p><img loading=\"lazy\" decoding=\"async\" class=\"alignnone size-full wp-image-5642\" src=\"https:\/\/d2p6e6u75xmxt8.cloudfront.net\/6\/2019\/11\/WLC_CatchingBreath_2017_Race_7-1.jpg\" alt=\"\" width=\"1300\" height=\"731\" srcset=\"https:\/\/d2p6e6u75xmxt8.cloudfront.net\/6\/2019\/11\/WLC_CatchingBreath_2017_Race_7-1.jpg 1300w, https:\/\/d2p6e6u75xmxt8.cloudfront.net\/6\/2019\/11\/WLC_CatchingBreath_2017_Race_7-1-300x169.jpg 300w, https:\/\/d2p6e6u75xmxt8.cloudfront.net\/6\/2019\/11\/WLC_CatchingBreath_2017_Race_7-1-768x432.jpg 768w, https:\/\/d2p6e6u75xmxt8.cloudfront.net\/6\/2019\/11\/WLC_CatchingBreath_2017_Race_7-1-1024x576.jpg 1024w\" sizes=\"auto, (max-width: 1300px) 100vw, 1300px\" \/><\/p>\n<p>&#8220;La regi\u00f3n prefrontal lateral que se vio afectada por la sobrecarga del entrenamiento deportivo fue exactamente la misma que se hab\u00eda mostrado vulnerable al trabajo cognitivo excesivo en nuestros estudios previos. Por lo tanto, esta regi\u00f3n del cerebro apareci\u00f3 como el punto d\u00e9bil de la red cerebral responsable del control cognitivo&#8221;, dijo Pessiglione.<\/p>\n<h2><strong>El control cognitivo es necesario para seguir pedaleando<\/strong><\/h2>\n<p>Los autores explican estos resultados diciendo que tanto el esfuerzo mental como el f\u00edsico requieren control cognitivo. En el entrenamiento atl\u00e9tico, este control cognitivo es necesario para mantener el esfuerzo f\u00edsico que permite alcanzar una meta distante. &#8220;Hay que controlar el proceso autom\u00e1tico que hace que uno se detenga cuando le duelen los m\u00fasculos o las articulaciones&#8221;, dijo Pessiglione.<\/p>\n<p>https:\/\/www.instagram.com\/p\/Bym8EyEoxH1\/<\/p>\n<h2><strong>\u00bfQu\u00e9 significa esto para los cicloturistas?<\/strong><\/h2>\n<p>Este estudio muestra que los deportes de resistencia no siempre son buenos y que hay consecuencias para cuando se abusa de ellos. &#8220;Nuestros hallazgos llaman la atenci\u00f3n sobre el hecho de que los estados neurales son importantes: no se toman las mismas decisiones cuando el cerebro est\u00e1 en estado de fatiga&#8221;, se\u00f1al\u00f3 Pessiglione. La deficiencia en la toma de decisiones puede influir en su formaci\u00f3n, pero tambi\u00e9n en otros aspectos de la vida.<\/p>\n<p>Como dijimos en un articulo anterior, es mejor preveer y preparar las comidas despu\u00e9s de un entrenamiento duro, ya que es muy probable que te decidas por la recompensa inmediata de la pizza si tu cerebro est\u00e1 fatigado.. Los autores del estudio llegan incluso a decir que puede ser importante controlar el nivel de fatiga para evitar que se tomen malas decisiones en los \u00e1mbitos pol\u00edtico, judicial o econ\u00f3mico. As\u00ed que no subestimes tu fatiga de entrenamiento. Cuando te duelen los m\u00fasculos, lo m\u00e1s probable es que tu cerebro tambi\u00e9n necesite descansar un poco.<\/p>\n","protected":false},"excerpt":{"rendered":"<p>Cuando entrenas por encima de tus posibilidades acabas con un dolor de piernas tremendo y en las \u00faltimas series notas [&hellip;]<\/p>\n","protected":false},"author":29,"featured_media":5646,"comment_status":"open","ping_status":"open","sticky":false,"template":"","format":"standard","meta":{"footnotes":""},"categories":[7,8,9],"tags":[1331,1330,1145],"global-categories":[],"class_list":["post-5638","post","type-post","status-publish","format-standard","has-post-thumbnail","hentry","category-carretera","category-life-style","category-mtb-aventura","tag-consecuencias-sobre-entrenamiento","tag-fatiga-mental-ciclista","tag-sobreentrenamiento-ciclista"],"yoast_head":"<!-- This site is optimized with the Yoast SEO Premium plugin v25.3 (Yoast SEO v25.9) - https:\/\/yoast.com\/wordpress\/plugins\/seo\/ -->\n<title>El sobreentrenamiento ciclista tambi\u00e9n &#039;cansa&#039; el cerebro - \u0160koda We Love Cycling - Spain<\/title>\n<meta name=\"description\" content=\"El sobreentrenamiento ciclista tambien cansa el cerebro. Un nuevo estudio revela que los estados de fatiga f\u00edsica tambi\u00e9n causan fatiga mental al ciclista.\" \/>\n<meta name=\"robots\" content=\"index, follow, max-snippet:-1, max-image-preview:large, max-video-preview:-1\" \/>\n<link rel=\"canonical\" href=\"https:\/\/www.welovecycling.com\/es\/2019\/11\/23\/sobreentrenamiento-ciclista-tambien-cansa-cerebro\/\" \/>\n<meta property=\"og:locale\" content=\"es_ES\" \/>\n<meta property=\"og:type\" content=\"article\" \/>\n<meta property=\"og:title\" content=\"El sobreentrenamiento ciclista tambi\u00e9n cansa el cerebro\" \/>\n<meta property=\"og:description\" content=\"El sobreentrenamiento ciclista tambien cansa el cerebro. Un nuevo estudio revela que los estados de fatiga f\u00edsica tambi\u00e9n causan fatiga mental al ciclista e influyen en su toma de decisiones en la vida diaria.\" \/>\n<meta property=\"og:url\" content=\"https:\/\/www.welovecycling.com\/es\/2019\/11\/23\/sobreentrenamiento-ciclista-tambien-cansa-cerebro\/\" \/>\n<meta property=\"og:site_name\" content=\"\u0160koda We Love Cycling - Spain\" \/>\n<meta property=\"article:published_time\" content=\"2019-11-23T10:11:53+00:00\" \/>\n<meta property=\"og:image\" content=\"https:\/\/d2p6e6u75xmxt8.cloudfront.net\/6\/2019\/11\/Catching-Breath-CVR.jpg\" \/>\n\t<meta property=\"og:image:width\" content=\"1366\" \/>\n\t<meta property=\"og:image:height\" content=\"600\" \/>\n\t<meta property=\"og:image:type\" content=\"image\/jpeg\" \/>\n<meta name=\"author\" content=\"We Love Cycling Spain\" \/>\n<meta name=\"twitter:card\" content=\"summary_large_image\" \/>\n<meta name=\"twitter:title\" content=\"El sobreentrenamiento ciclista tambi\u00e9n cansa el cerebro\" \/>\n<meta name=\"twitter:description\" content=\"El sobreentrenamiento ciclista tambi\u00e9n cansa el cerebro. Un nuevo estudio revela que los estados de fatiga f\u00edsica tambi\u00e9n causan fatiga mental al ciclista e influyen en su toma de decisiones en la vida diaria.\" \/>\n<meta name=\"twitter:label1\" content=\"Written by\" \/>\n\t<meta name=\"twitter:data1\" content=\"Jiri Kaloc\" \/>\n\t<meta name=\"twitter:label2\" content=\"Est. reading time\" \/>\n\t<meta name=\"twitter:data2\" content=\"5\" \/>\n<script type=\"application\/ld+json\" class=\"yoast-schema-graph\">{\"@context\":\"https:\/\/schema.org\",\"@graph\":[{\"@type\":\"WebPage\",\"@id\":\"https:\/\/www.welovecycling.com\/es\/2019\/11\/23\/sobreentrenamiento-ciclista-tambien-cansa-cerebro\/\",\"url\":\"https:\/\/www.welovecycling.com\/es\/2019\/11\/23\/sobreentrenamiento-ciclista-tambien-cansa-cerebro\/\",\"name\":\"El sobreentrenamiento ciclista tambi\u00e9n 'cansa' el cerebro - \u0160koda We Love Cycling - Spain\",\"isPartOf\":{\"@id\":\"https:\/\/www.welovecycling.com\/es\/#website\"},\"primaryImageOfPage\":{\"@id\":\"https:\/\/www.welovecycling.com\/es\/2019\/11\/23\/sobreentrenamiento-ciclista-tambien-cansa-cerebro\/#primaryimage\"},\"image\":{\"@id\":\"https:\/\/www.welovecycling.com\/es\/2019\/11\/23\/sobreentrenamiento-ciclista-tambien-cansa-cerebro\/#primaryimage\"},\"thumbnailUrl\":\"https:\/\/d2p6e6u75xmxt8.cloudfront.net\/6\/2019\/11\/Catching-Breath-CVR.jpg\",\"datePublished\":\"2019-11-23T10:11:53+00:00\",\"author\":{\"@id\":\"https:\/\/www.welovecycling.com\/es\/#\/schema\/person\/deb61715b5812698ee79fb96f343ccd4\"},\"description\":\"El sobreentrenamiento ciclista tambien cansa el cerebro. Un nuevo estudio revela que los estados de fatiga f\u00edsica tambi\u00e9n causan fatiga mental al ciclista.\",\"breadcrumb\":{\"@id\":\"https:\/\/www.welovecycling.com\/es\/2019\/11\/23\/sobreentrenamiento-ciclista-tambien-cansa-cerebro\/#breadcrumb\"},\"inLanguage\":\"es-ES\",\"potentialAction\":[{\"@type\":\"ReadAction\",\"target\":[\"https:\/\/www.welovecycling.com\/es\/2019\/11\/23\/sobreentrenamiento-ciclista-tambien-cansa-cerebro\/\"]}]},{\"@type\":\"ImageObject\",\"inLanguage\":\"es-ES\",\"@id\":\"https:\/\/www.welovecycling.com\/es\/2019\/11\/23\/sobreentrenamiento-ciclista-tambien-cansa-cerebro\/#primaryimage\",\"url\":\"https:\/\/d2p6e6u75xmxt8.cloudfront.net\/6\/2019\/11\/Catching-Breath-CVR.jpg\",\"contentUrl\":\"https:\/\/d2p6e6u75xmxt8.cloudfront.net\/6\/2019\/11\/Catching-Breath-CVR.jpg\",\"width\":1366,\"height\":600},{\"@type\":\"BreadcrumbList\",\"@id\":\"https:\/\/www.welovecycling.com\/es\/2019\/11\/23\/sobreentrenamiento-ciclista-tambien-cansa-cerebro\/#breadcrumb\",\"itemListElement\":[{\"@type\":\"ListItem\",\"position\":1,\"name\":\"Home\",\"item\":\"https:\/\/www.welovecycling.com\/es\/\"},{\"@type\":\"ListItem\",\"position\":2,\"name\":\"El sobreentrenamiento ciclista tambi\u00e9n &#8216;cansa&#8217; el cerebro\"}]},{\"@type\":\"WebSite\",\"@id\":\"https:\/\/www.welovecycling.com\/es\/#website\",\"url\":\"https:\/\/www.welovecycling.com\/es\/\",\"name\":\"\u0160koda We Love Cycling - Spain\",\"description\":\"\u0160koda WeLoveCycling Spain\",\"potentialAction\":[{\"@type\":\"SearchAction\",\"target\":{\"@type\":\"EntryPoint\",\"urlTemplate\":\"https:\/\/www.welovecycling.com\/es\/?s={search_term_string}\"},\"query-input\":{\"@type\":\"PropertyValueSpecification\",\"valueRequired\":true,\"valueName\":\"search_term_string\"}}],\"inLanguage\":\"es-ES\"},{\"@type\":\"Person\",\"@id\":\"https:\/\/www.welovecycling.com\/es\/#\/schema\/person\/deb61715b5812698ee79fb96f343ccd4\",\"name\":\"We Love Cycling Spain\",\"image\":{\"@type\":\"ImageObject\",\"inLanguage\":\"es-ES\",\"@id\":\"https:\/\/www.welovecycling.com\/es\/#\/schema\/person\/image\/\",\"url\":\"https:\/\/secure.gravatar.com\/avatar\/c824b04e6df0e37a03219d0b6481672889df542894588964102459e46513159c?s=96&d=mm&r=g\",\"contentUrl\":\"https:\/\/secure.gravatar.com\/avatar\/c824b04e6df0e37a03219d0b6481672889df542894588964102459e46513159c?s=96&d=mm&r=g\",\"caption\":\"We Love Cycling Spain\"},\"url\":\"https:\/\/www.welovecycling.com\/es\/author\/amunoz\/\"}]}<\/script>\n<!-- \/ Yoast SEO Premium plugin. -->","yoast_head_json":{"title":"El sobreentrenamiento ciclista tambi\u00e9n 'cansa' el cerebro - \u0160koda We Love Cycling - Spain","description":"El sobreentrenamiento ciclista tambien cansa el cerebro. Un nuevo estudio revela que los estados de fatiga f\u00edsica tambi\u00e9n causan fatiga mental al ciclista.","robots":{"index":"index","follow":"follow","max-snippet":"max-snippet:-1","max-image-preview":"max-image-preview:large","max-video-preview":"max-video-preview:-1"},"canonical":"https:\/\/www.welovecycling.com\/es\/2019\/11\/23\/sobreentrenamiento-ciclista-tambien-cansa-cerebro\/","og_locale":"es_ES","og_type":"article","og_title":"El sobreentrenamiento ciclista tambi\u00e9n cansa el cerebro","og_description":"El sobreentrenamiento ciclista tambien cansa el cerebro. Un nuevo estudio revela que los estados de fatiga f\u00edsica tambi\u00e9n causan fatiga mental al ciclista e influyen en su toma de decisiones en la vida diaria.","og_url":"https:\/\/www.welovecycling.com\/es\/2019\/11\/23\/sobreentrenamiento-ciclista-tambien-cansa-cerebro\/","og_site_name":"\u0160koda We Love Cycling - Spain","article_published_time":"2019-11-23T10:11:53+00:00","og_image":[{"width":1366,"height":600,"url":"https:\/\/d2p6e6u75xmxt8.cloudfront.net\/6\/2019\/11\/Catching-Breath-CVR.jpg","type":"image\/jpeg"}],"author":"We Love Cycling Spain","twitter_card":"summary_large_image","twitter_title":"El sobreentrenamiento ciclista tambi\u00e9n cansa el cerebro","twitter_description":"El sobreentrenamiento ciclista tambi\u00e9n cansa el cerebro. Un nuevo estudio revela que los estados de fatiga f\u00edsica tambi\u00e9n causan fatiga mental al ciclista e influyen en su toma de decisiones en la vida diaria.","twitter_misc":{"Written by":"Jiri Kaloc","Est. reading time":"5"},"schema":{"@context":"https:\/\/schema.org","@graph":[{"@type":"WebPage","@id":"https:\/\/www.welovecycling.com\/es\/2019\/11\/23\/sobreentrenamiento-ciclista-tambien-cansa-cerebro\/","url":"https:\/\/www.welovecycling.com\/es\/2019\/11\/23\/sobreentrenamiento-ciclista-tambien-cansa-cerebro\/","name":"El sobreentrenamiento ciclista tambi\u00e9n 'cansa' el cerebro - \u0160koda We Love Cycling - Spain","isPartOf":{"@id":"https:\/\/www.welovecycling.com\/es\/#website"},"primaryImageOfPage":{"@id":"https:\/\/www.welovecycling.com\/es\/2019\/11\/23\/sobreentrenamiento-ciclista-tambien-cansa-cerebro\/#primaryimage"},"image":{"@id":"https:\/\/www.welovecycling.com\/es\/2019\/11\/23\/sobreentrenamiento-ciclista-tambien-cansa-cerebro\/#primaryimage"},"thumbnailUrl":"https:\/\/d2p6e6u75xmxt8.cloudfront.net\/6\/2019\/11\/Catching-Breath-CVR.jpg","datePublished":"2019-11-23T10:11:53+00:00","author":{"@id":"https:\/\/www.welovecycling.com\/es\/#\/schema\/person\/deb61715b5812698ee79fb96f343ccd4"},"description":"El sobreentrenamiento ciclista tambien cansa el cerebro. Un nuevo estudio revela que los estados de fatiga f\u00edsica tambi\u00e9n causan fatiga mental al ciclista.","breadcrumb":{"@id":"https:\/\/www.welovecycling.com\/es\/2019\/11\/23\/sobreentrenamiento-ciclista-tambien-cansa-cerebro\/#breadcrumb"},"inLanguage":"es-ES","potentialAction":[{"@type":"ReadAction","target":["https:\/\/www.welovecycling.com\/es\/2019\/11\/23\/sobreentrenamiento-ciclista-tambien-cansa-cerebro\/"]}]},{"@type":"ImageObject","inLanguage":"es-ES","@id":"https:\/\/www.welovecycling.com\/es\/2019\/11\/23\/sobreentrenamiento-ciclista-tambien-cansa-cerebro\/#primaryimage","url":"https:\/\/d2p6e6u75xmxt8.cloudfront.net\/6\/2019\/11\/Catching-Breath-CVR.jpg","contentUrl":"https:\/\/d2p6e6u75xmxt8.cloudfront.net\/6\/2019\/11\/Catching-Breath-CVR.jpg","width":1366,"height":600},{"@type":"BreadcrumbList","@id":"https:\/\/www.welovecycling.com\/es\/2019\/11\/23\/sobreentrenamiento-ciclista-tambien-cansa-cerebro\/#breadcrumb","itemListElement":[{"@type":"ListItem","position":1,"name":"Home","item":"https:\/\/www.welovecycling.com\/es\/"},{"@type":"ListItem","position":2,"name":"El sobreentrenamiento ciclista tambi\u00e9n &#8216;cansa&#8217; el cerebro"}]},{"@type":"WebSite","@id":"https:\/\/www.welovecycling.com\/es\/#website","url":"https:\/\/www.welovecycling.com\/es\/","name":"\u0160koda We Love Cycling - Spain","description":"\u0160koda WeLoveCycling Spain","potentialAction":[{"@type":"SearchAction","target":{"@type":"EntryPoint","urlTemplate":"https:\/\/www.welovecycling.com\/es\/?s={search_term_string}"},"query-input":{"@type":"PropertyValueSpecification","valueRequired":true,"valueName":"search_term_string"}}],"inLanguage":"es-ES"},{"@type":"Person","@id":"https:\/\/www.welovecycling.com\/es\/#\/schema\/person\/deb61715b5812698ee79fb96f343ccd4","name":"We Love Cycling Spain","image":{"@type":"ImageObject","inLanguage":"es-ES","@id":"https:\/\/www.welovecycling.com\/es\/#\/schema\/person\/image\/","url":"https:\/\/secure.gravatar.com\/avatar\/c824b04e6df0e37a03219d0b6481672889df542894588964102459e46513159c?s=96&d=mm&r=g","contentUrl":"https:\/\/secure.gravatar.com\/avatar\/c824b04e6df0e37a03219d0b6481672889df542894588964102459e46513159c?s=96&d=mm&r=g","caption":"We Love Cycling Spain"},"url":"https:\/\/www.welovecycling.com\/es\/author\/amunoz\/"}]}},"_links":{"self":[{"href":"https:\/\/www.welovecycling.com\/es\/wp-json\/wp\/v2\/posts\/5638","targetHints":{"allow":["GET"]}}],"collection":[{"href":"https:\/\/www.welovecycling.com\/es\/wp-json\/wp\/v2\/posts"}],"about":[{"href":"https:\/\/www.welovecycling.com\/es\/wp-json\/wp\/v2\/types\/post"}],"author":[{"embeddable":true,"href":"https:\/\/www.welovecycling.com\/es\/wp-json\/wp\/v2\/users\/29"}],"replies":[{"embeddable":true,"href":"https:\/\/www.welovecycling.com\/es\/wp-json\/wp\/v2\/comments?post=5638"}],"version-history":[{"count":2,"href":"https:\/\/www.welovecycling.com\/es\/wp-json\/wp\/v2\/posts\/5638\/revisions"}],"predecessor-version":[{"id":5649,"href":"https:\/\/www.welovecycling.com\/es\/wp-json\/wp\/v2\/posts\/5638\/revisions\/5649"}],"wp:featuredmedia":[{"embeddable":true,"href":"https:\/\/www.welovecycling.com\/es\/wp-json\/wp\/v2\/media\/5646"}],"wp:attachment":[{"href":"https:\/\/www.welovecycling.com\/es\/wp-json\/wp\/v2\/media?parent=5638"}],"wp:term":[{"taxonomy":"category","embeddable":true,"href":"https:\/\/www.welovecycling.com\/es\/wp-json\/wp\/v2\/categories?post=5638"},{"taxonomy":"post_tag","embeddable":true,"href":"https:\/\/www.welovecycling.com\/es\/wp-json\/wp\/v2\/tags?post=5638"},{"taxonomy":"global-categories","embeddable":true,"href":"https:\/\/www.welovecycling.com\/es\/wp-json\/wp\/v2\/global-categories?post=5638"}],"curies":[{"name":"wp","href":"https:\/\/api.w.org\/{rel}","templated":true}]}}