{"id":5621,"date":"2019-11-13T11:10:20","date_gmt":"2019-11-13T09:10:20","guid":{"rendered":"https:\/\/www.welovecycling.com\/es\/?p=5621"},"modified":"2019-11-13T11:35:07","modified_gmt":"2019-11-13T09:35:07","slug":"gregarios-los-maravillosos-perdedores-la-pelicula","status":"publish","type":"post","link":"https:\/\/www.welovecycling.com\/es\/2019\/11\/13\/gregarios-los-maravillosos-perdedores-la-pelicula\/","title":{"rendered":"Gregarios, los maravillosos perdedores. La pel\u00edcula"},"content":{"rendered":"<p><strong>Pese a que desde fuera muchos lo ven como un deporte individual, en realidad el ciclismo es el deporte de equipo m\u00e1s abnegado del mundo. Una figura como el gregario no pedalea ni sufre para su victoria, sino para la de un compa\u00f1ero. El premio, verle ganar y celebrar desde abajo del podio como uno m\u00e1s de los perdedores. Esta es la figura del GREGARIO, el protagonista de esta pel\u00edcula.<\/strong><!--more--><\/p>\n<p>La pel\u00edcula del lituano\u00a0<a href=\"https:\/\/www.imdb.com\/name\/nm1644484\/\">Arunas Matelis<\/a>, que durante varios a\u00f1os sigui\u00f3 el Giro de Italia, no necesita casi las palabras de sus protagonistas, son 71 minutos por los que pasa por delante de la pantalla la vida de un gregario, desde los interminables d\u00edas de entrenamiento, a los esfuerzos de las carreras por no llegar fuera de control o la dureza de las ca\u00eddas y las recuperaciones. Algo, que en la vida de un gregario normalmente sucede lejos de las c\u00e1maras y de la fama.<\/p>\n<div class=\"embed-controller-wrapper\">\n<div class=\"embed-wrapper\"><iframe title=\"Ar\u016bno Matelio filmo \u201eNuostabieji l\u016bzeriai. Kita planeta\u201c anonsas\" width=\"500\" height=\"281\" data-src=\"https:\/\/www.youtube.com\/embed\/m6HEf6HuVR8?feature=oembed\" frameborder=\"0\" allow=\"accelerometer; autoplay; clipboard-write; encrypted-media; gyroscope; picture-in-picture; web-share\" referrerpolicy=\"strict-origin-when-cross-origin\" allowfullscreen><\/iframe><\/div>\n<\/div>\n<p><a href=\"https:\/\/www.wonderfullosers.com\/?fbclid=IwAR07iSHhOUvRrL8gQ3sRBkIEy6773M_h4Zao_L_zINnbQQyM_EO8oXa1l44\">\u00a0Wonderful Losers: A Different World<\/a>, el t\u00edtulo original del documental, ya ha recogido premios en 17 festivales diferentes desde que se present\u00f3 en 2017, y est\u00e1 en la carrera de los \u00d3scar. Y es que su director consigue transmitir lo que cuesta ser un gregario en el mundo del ciclismo y la poca repercusi\u00f3n que tiene.<\/p>\n<p>La car\u00e1tula, por ejemplo, tiene como protagonista a <a href=\"https:\/\/es.wikipedia.org\/wiki\/Chris_Anker_S%C3%B8rensen\">Chris Anker Sorensen<\/a>, uno de los gregarios de Contador en Tinkoff y Saxo Bank y solo reconocido entre los aficionados m\u00e1s iniciados por los gestos de dolor de su rostro cada vez que se pon\u00eda a tirar del pelot\u00f3n. En 12 a\u00f1os de profesional una etapa en Dauphine, otra en el Giro, un campeonato de Dinamarca y muchos pedales en favor de sus l\u00edderes.<\/p>\n<p>El caso de <strong>Sorensen<\/strong> es solo un ejemplo de los protagonistas que aparecen en el documental. Paolo Tiralongo, Joh Van Emde, Svein Tuft. Ninguno prominente en los medios de comunicaci\u00f3n. La pel\u00edcula arranca con el canadiense entrenado en pretemporada en la nieve de Andorra, no en la bici, sino haciendo un circuito de fuerza. Sus palabras marcan el inicio de un film que no es lineal, sino que va saltando de historia en historia.<\/p>\n<p><a href=\"https:\/\/d2p6e6u75xmxt8.cloudfront.net\/6\/2019\/11\/malori.jpeg\"><img loading=\"lazy\" decoding=\"async\" class=\"aligncenter size-large wp-image-5624\" src=\"https:\/\/d2p6e6u75xmxt8.cloudfront.net\/6\/2019\/11\/malori-1024x576.jpeg\" alt=\"\" width=\"1024\" height=\"576\" srcset=\"https:\/\/d2p6e6u75xmxt8.cloudfront.net\/6\/2019\/11\/malori-1024x576.jpeg 1024w, https:\/\/d2p6e6u75xmxt8.cloudfront.net\/6\/2019\/11\/malori-300x169.jpeg 300w, https:\/\/d2p6e6u75xmxt8.cloudfront.net\/6\/2019\/11\/malori-768x432.jpeg 768w, https:\/\/d2p6e6u75xmxt8.cloudfront.net\/6\/2019\/11\/malori.jpeg 1600w\" sizes=\"auto, (max-width: 1024px) 100vw, 1024px\" \/><\/a><\/p>\n<p>Todas las im\u00e1genes de dentro de carrera son de los<strong> Giros de 2014, 2015 y 2016<\/strong>, las nevadas del Gavia y el Stelvio, el diluvio con el sterrato, los d\u00edas de fr\u00edo y las ca\u00eddas. No solo los efectos dentro de carrera, sino los meses de recuperaci\u00f3n que provocan algunas de ellas. Fracturas, como la de Enmanuelle Colli en la pel\u00edcula, que pasan por quir\u00f3fano para acelerar el retorno del ciclista a su trabajo.<\/p>\n<p><strong>Banda sonora minimalista<\/strong> y mucho sonido ambiente son las claves para que unas <strong>im\u00e1genes tan potentes<\/strong> no se diluyan y hacen que el espectador permanezca pegado a la pantalla.<\/p>\n<p>El<strong> documental se puede ver online,<\/strong> previo pago, a trav\u00e9s de su p\u00e1gina web y ya est\u00e1 en algunas plataformas como Movistar. Para verlo en gran pantalla tendr\u00e1s que esperar a que lo proyecten en alg\u00fan <strong>festival de cine<\/strong>.<\/p>\n","protected":false},"excerpt":{"rendered":"<p>Pese a que desde fuera muchos lo ven como un deporte individual, en realidad el ciclismo es el deporte de [&hellip;]<\/p>\n","protected":false},"author":29,"featured_media":5623,"comment_status":"open","ping_status":"open","sticky":false,"template":"","format":"standard","meta":{"footnotes":""},"categories":[7],"tags":[1319,1318,1316,1317],"global-categories":[1164],"class_list":["post-5621","post","type-post","status-publish","format-standard","has-post-thumbnail","hentry","category-carretera","tag-documental-ciclismo","tag-documental-wonderful-losers","tag-gregarios","tag-la-pelicula","global-categories-cycling"],"yoast_head":"<!-- This site is optimized with the Yoast SEO Premium plugin v25.3 (Yoast SEO v25.9) - https:\/\/yoast.com\/wordpress\/plugins\/seo\/ -->\n<title>Gregarios, los maravillosos perdedores. La pel\u00edcula - \u0160koda We Love Cycling - Spain<\/title>\n<meta name=\"description\" content=\"Gregarios, los maravillosos perdedores. La pel\u00edcula documental sobre el mundo del ciclismo que refleja el trabajo y los entrenamientos de los gregarios.\" \/>\n<meta name=\"robots\" content=\"index, follow, max-snippet:-1, max-image-preview:large, max-video-preview:-1\" \/>\n<link rel=\"canonical\" href=\"https:\/\/www.welovecycling.com\/es\/2019\/11\/13\/gregarios-los-maravillosos-perdedores-la-pelicula\/\" \/>\n<meta property=\"og:locale\" content=\"es_ES\" \/>\n<meta property=\"og:type\" content=\"article\" \/>\n<meta property=\"og:title\" content=\"Gregarios, los maravillosos perdedores\" \/>\n<meta property=\"og:description\" content=\"Gregarios, los maravillosos perdedores. La pel\u00edcula documental sobre el mundo del ciclismo que refleja el trabajo y los entrenamientos de los gregarios.\" \/>\n<meta property=\"og:url\" content=\"https:\/\/www.welovecycling.com\/es\/2019\/11\/13\/gregarios-los-maravillosos-perdedores-la-pelicula\/\" \/>\n<meta property=\"og:site_name\" content=\"\u0160koda We Love Cycling - Spain\" \/>\n<meta property=\"article:published_time\" content=\"2019-11-13T09:10:20+00:00\" \/>\n<meta property=\"article:modified_time\" content=\"2019-11-13T09:35:07+00:00\" \/>\n<meta property=\"og:image\" content=\"https:\/\/d2p6e6u75xmxt8.cloudfront.net\/6\/2019\/11\/wonderful-losers.png\" \/>\n\t<meta property=\"og:image:width\" content=\"820\" \/>\n\t<meta property=\"og:image:height\" content=\"461\" \/>\n\t<meta property=\"og:image:type\" content=\"image\/png\" \/>\n<meta name=\"author\" content=\"We Love Cycling Spain\" \/>\n<meta name=\"twitter:card\" content=\"summary_large_image\" \/>\n<meta name=\"twitter:title\" content=\"Gregarios, los maravillosos perdedores\" \/>\n<meta name=\"twitter:description\" content=\"Gregarios, los maravillosos perdedores. La pel\u00edcula documental sobre el mundo del ciclismo que refleja el trabajo y los entrenamientos de los gregarios.\" \/>\n<meta name=\"twitter:label1\" content=\"Written by\" \/>\n\t<meta name=\"twitter:data1\" content=\"Luis @ciclored\" \/>\n\t<meta name=\"twitter:label2\" content=\"Est. reading time\" \/>\n\t<meta name=\"twitter:data2\" content=\"3 minutes\" \/>\n<script type=\"application\/ld+json\" class=\"yoast-schema-graph\">{\"@context\":\"https:\/\/schema.org\",\"@graph\":[{\"@type\":\"WebPage\",\"@id\":\"https:\/\/www.welovecycling.com\/es\/2019\/11\/13\/gregarios-los-maravillosos-perdedores-la-pelicula\/\",\"url\":\"https:\/\/www.welovecycling.com\/es\/2019\/11\/13\/gregarios-los-maravillosos-perdedores-la-pelicula\/\",\"name\":\"Gregarios, los maravillosos perdedores. La pel\u00edcula - \u0160koda We Love Cycling - Spain\",\"isPartOf\":{\"@id\":\"https:\/\/www.welovecycling.com\/es\/#website\"},\"primaryImageOfPage\":{\"@id\":\"https:\/\/www.welovecycling.com\/es\/2019\/11\/13\/gregarios-los-maravillosos-perdedores-la-pelicula\/#primaryimage\"},\"image\":{\"@id\":\"https:\/\/www.welovecycling.com\/es\/2019\/11\/13\/gregarios-los-maravillosos-perdedores-la-pelicula\/#primaryimage\"},\"thumbnailUrl\":\"https:\/\/d2p6e6u75xmxt8.cloudfront.net\/6\/2019\/11\/wonderful-losers.png\",\"datePublished\":\"2019-11-13T09:10:20+00:00\",\"dateModified\":\"2019-11-13T09:35:07+00:00\",\"author\":{\"@id\":\"https:\/\/www.welovecycling.com\/es\/#\/schema\/person\/deb61715b5812698ee79fb96f343ccd4\"},\"description\":\"Gregarios, los maravillosos perdedores. La pel\u00edcula documental sobre el mundo del ciclismo que refleja el trabajo y los entrenamientos de los gregarios.\",\"breadcrumb\":{\"@id\":\"https:\/\/www.welovecycling.com\/es\/2019\/11\/13\/gregarios-los-maravillosos-perdedores-la-pelicula\/#breadcrumb\"},\"inLanguage\":\"es-ES\",\"potentialAction\":[{\"@type\":\"ReadAction\",\"target\":[\"https:\/\/www.welovecycling.com\/es\/2019\/11\/13\/gregarios-los-maravillosos-perdedores-la-pelicula\/\"]}]},{\"@type\":\"ImageObject\",\"inLanguage\":\"es-ES\",\"@id\":\"https:\/\/www.welovecycling.com\/es\/2019\/11\/13\/gregarios-los-maravillosos-perdedores-la-pelicula\/#primaryimage\",\"url\":\"https:\/\/d2p6e6u75xmxt8.cloudfront.net\/6\/2019\/11\/wonderful-losers.png\",\"contentUrl\":\"https:\/\/d2p6e6u75xmxt8.cloudfront.net\/6\/2019\/11\/wonderful-losers.png\",\"width\":820,\"height\":461},{\"@type\":\"BreadcrumbList\",\"@id\":\"https:\/\/www.welovecycling.com\/es\/2019\/11\/13\/gregarios-los-maravillosos-perdedores-la-pelicula\/#breadcrumb\",\"itemListElement\":[{\"@type\":\"ListItem\",\"position\":1,\"name\":\"Home\",\"item\":\"https:\/\/www.welovecycling.com\/es\/\"},{\"@type\":\"ListItem\",\"position\":2,\"name\":\"Gregarios, los maravillosos perdedores. La pel\u00edcula\"}]},{\"@type\":\"WebSite\",\"@id\":\"https:\/\/www.welovecycling.com\/es\/#website\",\"url\":\"https:\/\/www.welovecycling.com\/es\/\",\"name\":\"\u0160koda We Love Cycling - Spain\",\"description\":\"\u0160koda WeLoveCycling Spain\",\"potentialAction\":[{\"@type\":\"SearchAction\",\"target\":{\"@type\":\"EntryPoint\",\"urlTemplate\":\"https:\/\/www.welovecycling.com\/es\/?s={search_term_string}\"},\"query-input\":{\"@type\":\"PropertyValueSpecification\",\"valueRequired\":true,\"valueName\":\"search_term_string\"}}],\"inLanguage\":\"es-ES\"},{\"@type\":\"Person\",\"@id\":\"https:\/\/www.welovecycling.com\/es\/#\/schema\/person\/deb61715b5812698ee79fb96f343ccd4\",\"name\":\"We Love Cycling Spain\",\"image\":{\"@type\":\"ImageObject\",\"inLanguage\":\"es-ES\",\"@id\":\"https:\/\/www.welovecycling.com\/es\/#\/schema\/person\/image\/\",\"url\":\"https:\/\/secure.gravatar.com\/avatar\/c824b04e6df0e37a03219d0b6481672889df542894588964102459e46513159c?s=96&d=mm&r=g\",\"contentUrl\":\"https:\/\/secure.gravatar.com\/avatar\/c824b04e6df0e37a03219d0b6481672889df542894588964102459e46513159c?s=96&d=mm&r=g\",\"caption\":\"We Love Cycling Spain\"},\"url\":\"https:\/\/www.welovecycling.com\/es\/author\/amunoz\/\"}]}<\/script>\n<!-- \/ Yoast SEO Premium plugin. -->","yoast_head_json":{"title":"Gregarios, los maravillosos perdedores. La pel\u00edcula - \u0160koda We Love Cycling - Spain","description":"Gregarios, los maravillosos perdedores. La pel\u00edcula documental sobre el mundo del ciclismo que refleja el trabajo y los entrenamientos de los gregarios.","robots":{"index":"index","follow":"follow","max-snippet":"max-snippet:-1","max-image-preview":"max-image-preview:large","max-video-preview":"max-video-preview:-1"},"canonical":"https:\/\/www.welovecycling.com\/es\/2019\/11\/13\/gregarios-los-maravillosos-perdedores-la-pelicula\/","og_locale":"es_ES","og_type":"article","og_title":"Gregarios, los maravillosos perdedores","og_description":"Gregarios, los maravillosos perdedores. La pel\u00edcula documental sobre el mundo del ciclismo que refleja el trabajo y los entrenamientos de los gregarios.","og_url":"https:\/\/www.welovecycling.com\/es\/2019\/11\/13\/gregarios-los-maravillosos-perdedores-la-pelicula\/","og_site_name":"\u0160koda We Love Cycling - Spain","article_published_time":"2019-11-13T09:10:20+00:00","article_modified_time":"2019-11-13T09:35:07+00:00","og_image":[{"width":820,"height":461,"url":"https:\/\/d2p6e6u75xmxt8.cloudfront.net\/6\/2019\/11\/wonderful-losers.png","type":"image\/png"}],"author":"We Love Cycling Spain","twitter_card":"summary_large_image","twitter_title":"Gregarios, los maravillosos perdedores","twitter_description":"Gregarios, los maravillosos perdedores. La pel\u00edcula documental sobre el mundo del ciclismo que refleja el trabajo y los entrenamientos de los gregarios.","twitter_misc":{"Written by":"Luis @ciclored","Est. reading time":"3 minutes"},"schema":{"@context":"https:\/\/schema.org","@graph":[{"@type":"WebPage","@id":"https:\/\/www.welovecycling.com\/es\/2019\/11\/13\/gregarios-los-maravillosos-perdedores-la-pelicula\/","url":"https:\/\/www.welovecycling.com\/es\/2019\/11\/13\/gregarios-los-maravillosos-perdedores-la-pelicula\/","name":"Gregarios, los maravillosos perdedores. La pel\u00edcula - \u0160koda We Love Cycling - Spain","isPartOf":{"@id":"https:\/\/www.welovecycling.com\/es\/#website"},"primaryImageOfPage":{"@id":"https:\/\/www.welovecycling.com\/es\/2019\/11\/13\/gregarios-los-maravillosos-perdedores-la-pelicula\/#primaryimage"},"image":{"@id":"https:\/\/www.welovecycling.com\/es\/2019\/11\/13\/gregarios-los-maravillosos-perdedores-la-pelicula\/#primaryimage"},"thumbnailUrl":"https:\/\/d2p6e6u75xmxt8.cloudfront.net\/6\/2019\/11\/wonderful-losers.png","datePublished":"2019-11-13T09:10:20+00:00","dateModified":"2019-11-13T09:35:07+00:00","author":{"@id":"https:\/\/www.welovecycling.com\/es\/#\/schema\/person\/deb61715b5812698ee79fb96f343ccd4"},"description":"Gregarios, los maravillosos perdedores. La pel\u00edcula documental sobre el mundo del ciclismo que refleja el trabajo y los entrenamientos de los gregarios.","breadcrumb":{"@id":"https:\/\/www.welovecycling.com\/es\/2019\/11\/13\/gregarios-los-maravillosos-perdedores-la-pelicula\/#breadcrumb"},"inLanguage":"es-ES","potentialAction":[{"@type":"ReadAction","target":["https:\/\/www.welovecycling.com\/es\/2019\/11\/13\/gregarios-los-maravillosos-perdedores-la-pelicula\/"]}]},{"@type":"ImageObject","inLanguage":"es-ES","@id":"https:\/\/www.welovecycling.com\/es\/2019\/11\/13\/gregarios-los-maravillosos-perdedores-la-pelicula\/#primaryimage","url":"https:\/\/d2p6e6u75xmxt8.cloudfront.net\/6\/2019\/11\/wonderful-losers.png","contentUrl":"https:\/\/d2p6e6u75xmxt8.cloudfront.net\/6\/2019\/11\/wonderful-losers.png","width":820,"height":461},{"@type":"BreadcrumbList","@id":"https:\/\/www.welovecycling.com\/es\/2019\/11\/13\/gregarios-los-maravillosos-perdedores-la-pelicula\/#breadcrumb","itemListElement":[{"@type":"ListItem","position":1,"name":"Home","item":"https:\/\/www.welovecycling.com\/es\/"},{"@type":"ListItem","position":2,"name":"Gregarios, los maravillosos perdedores. La pel\u00edcula"}]},{"@type":"WebSite","@id":"https:\/\/www.welovecycling.com\/es\/#website","url":"https:\/\/www.welovecycling.com\/es\/","name":"\u0160koda We Love Cycling - Spain","description":"\u0160koda WeLoveCycling Spain","potentialAction":[{"@type":"SearchAction","target":{"@type":"EntryPoint","urlTemplate":"https:\/\/www.welovecycling.com\/es\/?s={search_term_string}"},"query-input":{"@type":"PropertyValueSpecification","valueRequired":true,"valueName":"search_term_string"}}],"inLanguage":"es-ES"},{"@type":"Person","@id":"https:\/\/www.welovecycling.com\/es\/#\/schema\/person\/deb61715b5812698ee79fb96f343ccd4","name":"We Love Cycling Spain","image":{"@type":"ImageObject","inLanguage":"es-ES","@id":"https:\/\/www.welovecycling.com\/es\/#\/schema\/person\/image\/","url":"https:\/\/secure.gravatar.com\/avatar\/c824b04e6df0e37a03219d0b6481672889df542894588964102459e46513159c?s=96&d=mm&r=g","contentUrl":"https:\/\/secure.gravatar.com\/avatar\/c824b04e6df0e37a03219d0b6481672889df542894588964102459e46513159c?s=96&d=mm&r=g","caption":"We Love Cycling Spain"},"url":"https:\/\/www.welovecycling.com\/es\/author\/amunoz\/"}]}},"_links":{"self":[{"href":"https:\/\/www.welovecycling.com\/es\/wp-json\/wp\/v2\/posts\/5621","targetHints":{"allow":["GET"]}}],"collection":[{"href":"https:\/\/www.welovecycling.com\/es\/wp-json\/wp\/v2\/posts"}],"about":[{"href":"https:\/\/www.welovecycling.com\/es\/wp-json\/wp\/v2\/types\/post"}],"author":[{"embeddable":true,"href":"https:\/\/www.welovecycling.com\/es\/wp-json\/wp\/v2\/users\/29"}],"replies":[{"embeddable":true,"href":"https:\/\/www.welovecycling.com\/es\/wp-json\/wp\/v2\/comments?post=5621"}],"version-history":[{"count":2,"href":"https:\/\/www.welovecycling.com\/es\/wp-json\/wp\/v2\/posts\/5621\/revisions"}],"predecessor-version":[{"id":5627,"href":"https:\/\/www.welovecycling.com\/es\/wp-json\/wp\/v2\/posts\/5621\/revisions\/5627"}],"wp:featuredmedia":[{"embeddable":true,"href":"https:\/\/www.welovecycling.com\/es\/wp-json\/wp\/v2\/media\/5623"}],"wp:attachment":[{"href":"https:\/\/www.welovecycling.com\/es\/wp-json\/wp\/v2\/media?parent=5621"}],"wp:term":[{"taxonomy":"category","embeddable":true,"href":"https:\/\/www.welovecycling.com\/es\/wp-json\/wp\/v2\/categories?post=5621"},{"taxonomy":"post_tag","embeddable":true,"href":"https:\/\/www.welovecycling.com\/es\/wp-json\/wp\/v2\/tags?post=5621"},{"taxonomy":"global-categories","embeddable":true,"href":"https:\/\/www.welovecycling.com\/es\/wp-json\/wp\/v2\/global-categories?post=5621"}],"curies":[{"name":"wp","href":"https:\/\/api.w.org\/{rel}","templated":true}]}}