{"id":5614,"date":"2019-11-12T17:56:22","date_gmt":"2019-11-12T15:56:22","guid":{"rendered":"https:\/\/www.welovecycling.com\/es\/?p=5614"},"modified":"2019-11-12T17:56:22","modified_gmt":"2019-11-12T15:56:22","slug":"bikefluencers","status":"publish","type":"post","link":"https:\/\/www.welovecycling.com\/es\/2019\/11\/12\/bikefluencers\/","title":{"rendered":"Bikefluencers: Tres historias de inspiraci\u00f3n, perseverancia y cambio gracias al ciclismo"},"content":{"rendered":"<p><strong>Nuestra \u00faltima edici\u00f3n de Why We Ride? suscit\u00f3 muchas respuestas de los aficionados al ciclismo de todos los \u00e1mbitos de la vida y no pudimos dejar de notar un patr\u00f3n recurrente: historias personales sobre la chispa que inici\u00f3 o reaviv\u00f3 la pasi\u00f3n de alguien por el ciclismo. Seguimos volviendo a la ra\u00edz de Why We Ride? y una pregunta m\u00e1s espec\u00edfica que nos encantar\u00eda hacer a todos los propietarios de bicicletas \u00bfQu\u00e9 o qui\u00e9n te meti\u00f3 en el ciclismo?<\/strong><!--more--><\/p>\n<p>Nos esforzamos por profundizar y conocer a las personas que hay detr\u00e1s de los relatos individuales que vali\u00f3 la pena volver a contar y compartir; merec\u00edan convertirse en la inspiraci\u00f3n que estaban destinados a ser. Y as\u00ed fue como tuvimos el placer de conocer a Alex Borsk\u00e1, Tamara Olga G\u00f3recka-Wero\u0144ska, y Cl\u00e0udia Galicia Cotrina, las hero\u00ednas punteras y pioneras &#8211; nuestros bikefluencers.<\/p>\n<div id='gallery-1' class='gallery galleryid-5614 gallery-columns-2 gallery-size-large'><figure class='gallery-item'>\n\t\t\t<div class='gallery-icon landscape'>\n\t\t\t\t<a href='https:\/\/d2p6e6u75xmxt8.cloudfront.net\/6\/2019\/11\/Bikefluencer-Tamara-Olga-Gorecka-Weronska-2.jpg'><img loading=\"lazy\" decoding=\"async\" width=\"625\" height=\"417\" src=\"https:\/\/d2p6e6u75xmxt8.cloudfront.net\/6\/2019\/11\/Bikefluencer-Tamara-Olga-Gorecka-Weronska-2.jpg\" class=\"attachment-large size-large\" alt=\"\" srcset=\"https:\/\/d2p6e6u75xmxt8.cloudfront.net\/6\/2019\/11\/Bikefluencer-Tamara-Olga-Gorecka-Weronska-2.jpg 625w, https:\/\/d2p6e6u75xmxt8.cloudfront.net\/6\/2019\/11\/Bikefluencer-Tamara-Olga-Gorecka-Weronska-2-300x200.jpg 300w, https:\/\/d2p6e6u75xmxt8.cloudfront.net\/6\/2019\/11\/Bikefluencer-Tamara-Olga-Gorecka-Weronska-2-272x182.jpg 272w\" sizes=\"auto, (max-width: 625px) 100vw, 625px\" \/><\/a>\n\t\t\t<\/div><\/figure><figure class='gallery-item'>\n\t\t\t<div class='gallery-icon landscape'>\n\t\t\t\t<a href='https:\/\/d2p6e6u75xmxt8.cloudfront.net\/6\/2019\/11\/Bikefluencer-Tamara-Olga-Gorecka-Weronska-1.jpg'><img loading=\"lazy\" decoding=\"async\" width=\"625\" height=\"417\" src=\"https:\/\/d2p6e6u75xmxt8.cloudfront.net\/6\/2019\/11\/Bikefluencer-Tamara-Olga-Gorecka-Weronska-1.jpg\" class=\"attachment-large size-large\" alt=\"\" srcset=\"https:\/\/d2p6e6u75xmxt8.cloudfront.net\/6\/2019\/11\/Bikefluencer-Tamara-Olga-Gorecka-Weronska-1.jpg 625w, https:\/\/d2p6e6u75xmxt8.cloudfront.net\/6\/2019\/11\/Bikefluencer-Tamara-Olga-Gorecka-Weronska-1-300x200.jpg 300w, https:\/\/d2p6e6u75xmxt8.cloudfront.net\/6\/2019\/11\/Bikefluencer-Tamara-Olga-Gorecka-Weronska-1-272x182.jpg 272w\" sizes=\"auto, (max-width: 625px) 100vw, 625px\" \/><\/a>\n\t\t\t<\/div><\/figure>\n\t\t<\/div>\n\n<p>\u00bfPero, que es un bikefluencer? Es una persona cuya mayor dedicaci\u00f3n y entusiasmo por el ciclismo te hace levantarte, salir y rodar. Alguien que te infecta a ti y a otros con su actitud de que puedes hacerlo e inspira a encontrar la alegr\u00eda y la libertad sobre dos ruedas, pero en tus propios t\u00e9rminos. Alguien que te puede motivar a descubrir tu manera \u00fanica de rodar m\u00e1s fuerte, vivir mejor y superar las dificultades &#8211; a trav\u00e9s de una bicicleta.<\/p>\n<p>&#8220;Con la campa\u00f1a Bikefluencers, quer\u00edamos centrarnos m\u00e1s en las mujeres, sus bicicletas y sus historias, para que pudieran verse representadas&#8221;, dijo Josef Mat\u011bjovi\u010d de \u0160koda, el l\u00edder de la plataforma We Love Cycling.<\/p>\n<p>Conozcamos tres ejemplos estelares de todo lo anterior.<\/p>\n<h2><strong>Alex Borsk\u00e1, Rep\u00fablica Checa<\/strong><\/h2>\n<p>Alex, la m\u00e1s joven del tr\u00edo con 11 a\u00f1os, proviene de una familia deportiva de esquiadores y ciclistas. Siempre fue una ni\u00f1a activa a pesar de su discapacidad y cuando una organizaci\u00f3n ben\u00e9fica le ofreci\u00f3 una bicicleta de mano, la decisi\u00f3n fue obvia para Alex. Al principio, fue un poco dif\u00edcil porque el manejo de la hansbike puede ser complicado gracias al cambio de centro de equilibrio, as\u00ed que Alex practic\u00f3 en parques y carriles bici cerrados. Y cuando le cogi\u00f3 el tranquillo, todo cambi\u00f3. De repente, ella era independiente. Y esa es una haza\u00f1a que cambia la vida de una ni\u00f1a que estaba acostumbrada a moverse s\u00f3lo con la ayuda de muletas o una silla de ruedas.<\/p>\n<p><a href=\"https:\/\/www.welovecycling.com\/wide\/tag\/bikefluencers\/\"><img loading=\"lazy\" decoding=\"async\" class=\"alignnone size-large wp-image-5615\" src=\"https:\/\/d2p6e6u75xmxt8.cloudfront.net\/6\/2019\/11\/WLC_BF_Web_Article_Banner-1024x768.jpg\" alt=\"\" width=\"1024\" height=\"768\" srcset=\"https:\/\/d2p6e6u75xmxt8.cloudfront.net\/6\/2019\/11\/WLC_BF_Web_Article_Banner-1024x768.jpg 1024w, https:\/\/d2p6e6u75xmxt8.cloudfront.net\/6\/2019\/11\/WLC_BF_Web_Article_Banner-300x225.jpg 300w, https:\/\/d2p6e6u75xmxt8.cloudfront.net\/6\/2019\/11\/WLC_BF_Web_Article_Banner-768x576.jpg 768w, https:\/\/d2p6e6u75xmxt8.cloudfront.net\/6\/2019\/11\/WLC_BF_Web_Article_Banner.jpg 1280w\" sizes=\"auto, (max-width: 1024px) 100vw, 1024px\" \/><\/a><\/p>\n<p>Luego vino su primera carrera &#8211; termin\u00f3 segunda y recuerda que los chicos a los que venci\u00f3 no les gustaba mucho ese hecho. &#8220;Mala suerte. No siempre consigues lo que quieres&#8221;, dice Alex. Luego vino otro punto clave: Alex conoci\u00f3 a Ji\u0159\u00ed Je\u017eek, el seis veces campe\u00f3n de ciclismo paral\u00edmpico. &#8220;No hay nadie como \u00e9l. Me hizo creer en m\u00ed misma y me mostr\u00f3 que hay algo m\u00e1s all\u00e1. Gracias a \u00e9l no le temo a ninguna carrera, ni siquiera a las internacionales&#8221;. Alex ahora trabaja y entrena incansablemente, a menudo bajo la direcci\u00f3n de Ji\u0159\u00ed, que la ayuda a iniciar su carrera y a trabajar para alcanzar su objetivo final: unirse al equipo nacional checo de los Juegos Paral\u00edmpicos.<\/p>\n<h2><strong>Tamara Olga G\u00f3recka-Wero\u0144ska, Polonia<\/strong><\/h2>\n<p>&#8220;La experiencia nos ense\u00f1a que el amor sigue siendo la fuerza impulsora de muchos cambios en nuestras vidas.&#8221; Esa fue la primera respuesta de Tamara cuando le preguntamos qu\u00e9 o qui\u00e9n la inspir\u00f3 a dedicarse al ciclismo. A los 40 a\u00f1os, se encontr\u00f3 en las escaleras de una tienda de bicicletas porque su hijo quer\u00eda unirse a un club de BTT y result\u00f3 que el due\u00f1o de la tienda, que tambi\u00e9n era el gerente del club, era el futuro marido de Tamara. Desde entonces, su camino hacia el ciclismo ha sido bastante sencillo, aunque ciertamente no ha sido f\u00e1cil. Ella nunca hab\u00eda andado en bicicleta y necesitaba hacer un esfuerzo extra, pero su hijo y su esposo sirvieron de inspiraci\u00f3n apasionada y de fuente de consejos que ella necesitaba. Eso fue hace diez a\u00f1os. Actualmente, dirige un exitoso y activo grupo de Facebook para mujeres ciclistas llamado Profidea dla Kobiet (Profidea dla Kobiet) que se re\u00fane regularmente en Cracovia para realizar paseos en grupo, sesiones de formaci\u00f3n, talleres de entrenamiento en carretera y anatom\u00eda y reparaciones b\u00e1sicas de bicicletas, y mucho m\u00e1s. Lo que lo une todo, sin embargo, es un sentido de pertenencia.<\/p>\n<p><a href=\"https:\/\/d2p6e6u75xmxt8.cloudfront.net\/6\/2019\/11\/Bikefluencer-Tamara-Olga-Gorecka-Weronska.jpg\"><img loading=\"lazy\" decoding=\"async\" class=\"alignnone size-full wp-image-5616\" src=\"https:\/\/d2p6e6u75xmxt8.cloudfront.net\/6\/2019\/11\/Bikefluencer-Tamara-Olga-Gorecka-Weronska.jpg\" alt=\"\" width=\"1375\" height=\"917\" srcset=\"https:\/\/d2p6e6u75xmxt8.cloudfront.net\/6\/2019\/11\/Bikefluencer-Tamara-Olga-Gorecka-Weronska.jpg 1375w, https:\/\/d2p6e6u75xmxt8.cloudfront.net\/6\/2019\/11\/Bikefluencer-Tamara-Olga-Gorecka-Weronska-300x200.jpg 300w, https:\/\/d2p6e6u75xmxt8.cloudfront.net\/6\/2019\/11\/Bikefluencer-Tamara-Olga-Gorecka-Weronska-768x512.jpg 768w, https:\/\/d2p6e6u75xmxt8.cloudfront.net\/6\/2019\/11\/Bikefluencer-Tamara-Olga-Gorecka-Weronska-1024x683.jpg 1024w, https:\/\/d2p6e6u75xmxt8.cloudfront.net\/6\/2019\/11\/Bikefluencer-Tamara-Olga-Gorecka-Weronska-272x182.jpg 272w\" sizes=\"auto, (max-width: 1375px) 100vw, 1375px\" \/><\/a><\/p>\n<p>&#8220;Desde que empec\u00e9, cientos de mujeres se unieron a nuestro grupo de ciclistas. Cr\u00e9eme, no hay un aumento mayor de la confianza en s\u00ed mismo. Mi principio es que, no importa cu\u00e1n r\u00e1pido, no importa cu\u00e1n lejos, vamos en bicicleta juntos. Me encanta mirar atr\u00e1s y ver caras sonrientes&#8221;, comparte Tamara. Adem\u00e1s, combin\u00f3 su pasi\u00f3n por el ciclismo con sus habilidades fisioterap\u00e9uticas y comenz\u00f3 a trabajar como profesional del bikefiting. Todo lo que hace, lo considera una misi\u00f3n de vida que le da una gran satisfacci\u00f3n.<\/p>\n<p>Tamara concluye con consejos a prueba de balas: &#8220;\u00bfQuieres un ant\u00eddoto anti-edad? M\u00edrame, tengo 50 a\u00f1os, y no creer\u00e1s que ya soy abuela&#8221;.<\/p>\n<h2><strong>Claudia Galicia Cotrina, Espa\u00f1a<\/strong><\/h2>\n<p>Seg\u00fan sus propias palabras, Claudia llevaba una vida bastante normal hasta que su amiga le sugiri\u00f3 que intentara inscribirse en una carrera de BTT. Nunca lo habr\u00eda considerado ella misma: era una arquitecta a tiempo completo sin un inter\u00e9s serio en el ciclismo, totalmente centrada en su trabajo y en sus amigos. Pero se intrig\u00f3 y lo intent\u00f3. Tras seis etapas agotadoras y una dura competici\u00f3n, Claudia se convirti\u00f3 en la ganadora de nada menos que de la temida Titan Desert Race. Su vida dio un giro radical hacia el ciclismo, ya que las marcas se apresuraron a apoyar su carrera como atleta. Desde la carrera, comenz\u00f3 a montar y entrenar regularmente y hoy en d\u00eda, pasa el 80% de su tiempo como ciclista profesional.<\/p>\n<p><a href=\"https:\/\/d2p6e6u75xmxt8.cloudfront.net\/6\/2019\/11\/Claudia-Galicia-Cotrina.jpg\"><img loading=\"lazy\" decoding=\"async\" class=\"alignnone size-full wp-image-5617\" src=\"https:\/\/d2p6e6u75xmxt8.cloudfront.net\/6\/2019\/11\/Claudia-Galicia-Cotrina.jpg\" alt=\"\" width=\"1375\" height=\"917\" srcset=\"https:\/\/d2p6e6u75xmxt8.cloudfront.net\/6\/2019\/11\/Claudia-Galicia-Cotrina.jpg 1375w, https:\/\/d2p6e6u75xmxt8.cloudfront.net\/6\/2019\/11\/Claudia-Galicia-Cotrina-300x200.jpg 300w, https:\/\/d2p6e6u75xmxt8.cloudfront.net\/6\/2019\/11\/Claudia-Galicia-Cotrina-768x512.jpg 768w, https:\/\/d2p6e6u75xmxt8.cloudfront.net\/6\/2019\/11\/Claudia-Galicia-Cotrina-1024x683.jpg 1024w, https:\/\/d2p6e6u75xmxt8.cloudfront.net\/6\/2019\/11\/Claudia-Galicia-Cotrina-272x182.jpg 272w\" sizes=\"auto, (max-width: 1375px) 100vw, 1375px\" \/><\/a><\/p>\n<p>Claudia recuerda que sol\u00eda llamar a los primeros entrenamientos y salidas en bicicleta sus &#8220;momentos de descontaminaci\u00f3n&#8221; y preciosas instancias para &#8220;cargar energ\u00eda de apoyo&#8221;, ya que su trabajo como arquitecta le consum\u00eda mucho tiempo y era bastante exigente. Desde el &#8220;gran cambio&#8221; ella sabe que atraer a alguien al ciclismo puede ser lo mejor en sus vidas. Por eso tambi\u00e9n organiza campamentos de verano de BTT exclusivos para ni\u00f1as, donde pueden aprender no s\u00f3lo la t\u00e9cnica y los trucos, sino tambi\u00e9n a divertirse en la bicicleta y a probar suerte en las carreras si les interesa.<\/p>\n<p>Esperamos que cualquiera pueda encontrar esa chispa de inspiraci\u00f3n que necesita de estas historias asombrosas. \u00bfO tal vez ya est\u00e1s ah\u00ed fuera, dando lo mejor de ti en una bicicleta? Si es as\u00ed, \u00bfqui\u00e9n te anim\u00f3 a darle un giro a tu vida? Queremos saber todo sobre tu #bikefluencer. Adem\u00e1s, mantente atento a las novedades sobre el proyecto Bikefluencer, ya que la \u00faltima etapa supondr\u00e1 un reto de transmitir el amor por el ciclismo, dando a cualquiera la oportunidad de convertirse en bikefluencer por s\u00ed mismo.<\/p>\n","protected":false},"excerpt":{"rendered":"<p>Nuestra \u00faltima edici\u00f3n de Why We Ride? suscit\u00f3 muchas respuestas de los aficionados al ciclismo de todos los \u00e1mbitos de [&hellip;]<\/p>\n","protected":false},"author":29,"featured_media":5619,"comment_status":"open","ping_status":"open","sticky":false,"template":"","format":"standard","meta":{"footnotes":""},"categories":[7,8,9],"tags":[1315,1314],"global-categories":[],"class_list":["post-5614","post","type-post","status-publish","format-standard","has-post-thumbnail","hentry","category-carretera","category-life-style","category-mtb-aventura","tag-bikefluencers","tag-influencers-ciclistas"],"yoast_head":"<!-- This site is optimized with the Yoast SEO Premium plugin v25.3 (Yoast SEO v25.9) - https:\/\/yoast.com\/wordpress\/plugins\/seo\/ -->\n<title>Bikefluencers: Tres historias de inspiraci\u00f3n, perseverancia y cambio gracias al ciclismo - \u0160koda We Love Cycling - Spain<\/title>\n<meta name=\"description\" content=\"Bikefluencers: Tres historias de inspiraci\u00f3n, perseverancia y cambio gracias al ciclismo. Influencers ciclistas con seguimiento en redes sociales\" \/>\n<meta name=\"robots\" content=\"index, follow, max-snippet:-1, max-image-preview:large, max-video-preview:-1\" \/>\n<link rel=\"canonical\" href=\"https:\/\/www.welovecycling.com\/es\/2019\/11\/12\/bikefluencers\/\" \/>\n<meta property=\"og:locale\" content=\"es_ES\" \/>\n<meta property=\"og:type\" content=\"article\" \/>\n<meta property=\"og:title\" content=\"Bikefluencers: Tres historias de inspiraci\u00f3n, perseverancia y cambio gracias al ciclismo\" \/>\n<meta property=\"og:description\" content=\"Bikefluencers: Tres historias de inspiraci\u00f3n, perseverancia y cambio gracias al ciclismo. Influencers ciclistas con seguimiento en redes sociales\" \/>\n<meta property=\"og:url\" content=\"https:\/\/www.welovecycling.com\/es\/2019\/11\/12\/bikefluencers\/\" \/>\n<meta property=\"og:site_name\" content=\"\u0160koda We Love Cycling - Spain\" \/>\n<meta property=\"article:published_time\" content=\"2019-11-12T15:56:22+00:00\" \/>\n<meta property=\"og:image\" content=\"https:\/\/d2p6e6u75xmxt8.cloudfront.net\/6\/2019\/11\/Bikefluencer-CVR.jpg\" \/>\n\t<meta property=\"og:image:width\" content=\"1366\" \/>\n\t<meta property=\"og:image:height\" content=\"600\" \/>\n\t<meta property=\"og:image:type\" content=\"image\/jpeg\" \/>\n<meta name=\"author\" content=\"We Love Cycling Spain\" \/>\n<meta name=\"twitter:card\" content=\"summary_large_image\" \/>\n<meta name=\"twitter:title\" content=\"Bikefluencers: Tres historias de inspiraci\u00f3n, perseverancia y cambio gracias al ciclismo\" \/>\n<meta name=\"twitter:description\" content=\"Bikefluencers: Tres historias de inspiraci\u00f3n, perseverancia y cambio gracias al ciclismo. Influencers ciclistas con seguimiento en redes sociales\" \/>\n<meta name=\"twitter:label1\" content=\"Written by\" \/>\n\t<meta name=\"twitter:data1\" content=\"Frantiska Blazkova\" \/>\n\t<meta name=\"twitter:label2\" content=\"Est. reading time\" \/>\n\t<meta name=\"twitter:data2\" content=\"7\" \/>\n<script type=\"application\/ld+json\" class=\"yoast-schema-graph\">{\"@context\":\"https:\/\/schema.org\",\"@graph\":[{\"@type\":\"WebPage\",\"@id\":\"https:\/\/www.welovecycling.com\/es\/2019\/11\/12\/bikefluencers\/\",\"url\":\"https:\/\/www.welovecycling.com\/es\/2019\/11\/12\/bikefluencers\/\",\"name\":\"Bikefluencers: Tres historias de inspiraci\u00f3n, perseverancia y cambio gracias al ciclismo - \u0160koda We Love Cycling - Spain\",\"isPartOf\":{\"@id\":\"https:\/\/www.welovecycling.com\/es\/#website\"},\"primaryImageOfPage\":{\"@id\":\"https:\/\/www.welovecycling.com\/es\/2019\/11\/12\/bikefluencers\/#primaryimage\"},\"image\":{\"@id\":\"https:\/\/www.welovecycling.com\/es\/2019\/11\/12\/bikefluencers\/#primaryimage\"},\"thumbnailUrl\":\"https:\/\/d2p6e6u75xmxt8.cloudfront.net\/6\/2019\/11\/Bikefluencer-CVR.jpg\",\"datePublished\":\"2019-11-12T15:56:22+00:00\",\"author\":{\"@id\":\"https:\/\/www.welovecycling.com\/es\/#\/schema\/person\/deb61715b5812698ee79fb96f343ccd4\"},\"description\":\"Bikefluencers: Tres historias de inspiraci\u00f3n, perseverancia y cambio gracias al ciclismo. Influencers ciclistas con seguimiento en redes sociales\",\"breadcrumb\":{\"@id\":\"https:\/\/www.welovecycling.com\/es\/2019\/11\/12\/bikefluencers\/#breadcrumb\"},\"inLanguage\":\"es-ES\",\"potentialAction\":[{\"@type\":\"ReadAction\",\"target\":[\"https:\/\/www.welovecycling.com\/es\/2019\/11\/12\/bikefluencers\/\"]}]},{\"@type\":\"ImageObject\",\"inLanguage\":\"es-ES\",\"@id\":\"https:\/\/www.welovecycling.com\/es\/2019\/11\/12\/bikefluencers\/#primaryimage\",\"url\":\"https:\/\/d2p6e6u75xmxt8.cloudfront.net\/6\/2019\/11\/Bikefluencer-CVR.jpg\",\"contentUrl\":\"https:\/\/d2p6e6u75xmxt8.cloudfront.net\/6\/2019\/11\/Bikefluencer-CVR.jpg\",\"width\":1366,\"height\":600},{\"@type\":\"BreadcrumbList\",\"@id\":\"https:\/\/www.welovecycling.com\/es\/2019\/11\/12\/bikefluencers\/#breadcrumb\",\"itemListElement\":[{\"@type\":\"ListItem\",\"position\":1,\"name\":\"Home\",\"item\":\"https:\/\/www.welovecycling.com\/es\/\"},{\"@type\":\"ListItem\",\"position\":2,\"name\":\"Bikefluencers: Tres historias de inspiraci\u00f3n, perseverancia y cambio gracias al ciclismo\"}]},{\"@type\":\"WebSite\",\"@id\":\"https:\/\/www.welovecycling.com\/es\/#website\",\"url\":\"https:\/\/www.welovecycling.com\/es\/\",\"name\":\"\u0160koda We Love Cycling - Spain\",\"description\":\"\u0160koda WeLoveCycling Spain\",\"potentialAction\":[{\"@type\":\"SearchAction\",\"target\":{\"@type\":\"EntryPoint\",\"urlTemplate\":\"https:\/\/www.welovecycling.com\/es\/?s={search_term_string}\"},\"query-input\":{\"@type\":\"PropertyValueSpecification\",\"valueRequired\":true,\"valueName\":\"search_term_string\"}}],\"inLanguage\":\"es-ES\"},{\"@type\":\"Person\",\"@id\":\"https:\/\/www.welovecycling.com\/es\/#\/schema\/person\/deb61715b5812698ee79fb96f343ccd4\",\"name\":\"We Love Cycling Spain\",\"image\":{\"@type\":\"ImageObject\",\"inLanguage\":\"es-ES\",\"@id\":\"https:\/\/www.welovecycling.com\/es\/#\/schema\/person\/image\/\",\"url\":\"https:\/\/secure.gravatar.com\/avatar\/c824b04e6df0e37a03219d0b6481672889df542894588964102459e46513159c?s=96&d=mm&r=g\",\"contentUrl\":\"https:\/\/secure.gravatar.com\/avatar\/c824b04e6df0e37a03219d0b6481672889df542894588964102459e46513159c?s=96&d=mm&r=g\",\"caption\":\"We Love Cycling Spain\"},\"url\":\"https:\/\/www.welovecycling.com\/es\/author\/amunoz\/\"}]}<\/script>\n<!-- \/ Yoast SEO Premium plugin. -->","yoast_head_json":{"title":"Bikefluencers: Tres historias de inspiraci\u00f3n, perseverancia y cambio gracias al ciclismo - \u0160koda We Love Cycling - Spain","description":"Bikefluencers: Tres historias de inspiraci\u00f3n, perseverancia y cambio gracias al ciclismo. Influencers ciclistas con seguimiento en redes sociales","robots":{"index":"index","follow":"follow","max-snippet":"max-snippet:-1","max-image-preview":"max-image-preview:large","max-video-preview":"max-video-preview:-1"},"canonical":"https:\/\/www.welovecycling.com\/es\/2019\/11\/12\/bikefluencers\/","og_locale":"es_ES","og_type":"article","og_title":"Bikefluencers: Tres historias de inspiraci\u00f3n, perseverancia y cambio gracias al ciclismo","og_description":"Bikefluencers: Tres historias de inspiraci\u00f3n, perseverancia y cambio gracias al ciclismo. Influencers ciclistas con seguimiento en redes sociales","og_url":"https:\/\/www.welovecycling.com\/es\/2019\/11\/12\/bikefluencers\/","og_site_name":"\u0160koda We Love Cycling - Spain","article_published_time":"2019-11-12T15:56:22+00:00","og_image":[{"width":1366,"height":600,"url":"https:\/\/d2p6e6u75xmxt8.cloudfront.net\/6\/2019\/11\/Bikefluencer-CVR.jpg","type":"image\/jpeg"}],"author":"We Love Cycling Spain","twitter_card":"summary_large_image","twitter_title":"Bikefluencers: Tres historias de inspiraci\u00f3n, perseverancia y cambio gracias al ciclismo","twitter_description":"Bikefluencers: Tres historias de inspiraci\u00f3n, perseverancia y cambio gracias al ciclismo. Influencers ciclistas con seguimiento en redes sociales","twitter_misc":{"Written by":"Frantiska Blazkova","Est. reading time":"7"},"schema":{"@context":"https:\/\/schema.org","@graph":[{"@type":"WebPage","@id":"https:\/\/www.welovecycling.com\/es\/2019\/11\/12\/bikefluencers\/","url":"https:\/\/www.welovecycling.com\/es\/2019\/11\/12\/bikefluencers\/","name":"Bikefluencers: Tres historias de inspiraci\u00f3n, perseverancia y cambio gracias al ciclismo - \u0160koda We Love Cycling - Spain","isPartOf":{"@id":"https:\/\/www.welovecycling.com\/es\/#website"},"primaryImageOfPage":{"@id":"https:\/\/www.welovecycling.com\/es\/2019\/11\/12\/bikefluencers\/#primaryimage"},"image":{"@id":"https:\/\/www.welovecycling.com\/es\/2019\/11\/12\/bikefluencers\/#primaryimage"},"thumbnailUrl":"https:\/\/d2p6e6u75xmxt8.cloudfront.net\/6\/2019\/11\/Bikefluencer-CVR.jpg","datePublished":"2019-11-12T15:56:22+00:00","author":{"@id":"https:\/\/www.welovecycling.com\/es\/#\/schema\/person\/deb61715b5812698ee79fb96f343ccd4"},"description":"Bikefluencers: Tres historias de inspiraci\u00f3n, perseverancia y cambio gracias al ciclismo. Influencers ciclistas con seguimiento en redes sociales","breadcrumb":{"@id":"https:\/\/www.welovecycling.com\/es\/2019\/11\/12\/bikefluencers\/#breadcrumb"},"inLanguage":"es-ES","potentialAction":[{"@type":"ReadAction","target":["https:\/\/www.welovecycling.com\/es\/2019\/11\/12\/bikefluencers\/"]}]},{"@type":"ImageObject","inLanguage":"es-ES","@id":"https:\/\/www.welovecycling.com\/es\/2019\/11\/12\/bikefluencers\/#primaryimage","url":"https:\/\/d2p6e6u75xmxt8.cloudfront.net\/6\/2019\/11\/Bikefluencer-CVR.jpg","contentUrl":"https:\/\/d2p6e6u75xmxt8.cloudfront.net\/6\/2019\/11\/Bikefluencer-CVR.jpg","width":1366,"height":600},{"@type":"BreadcrumbList","@id":"https:\/\/www.welovecycling.com\/es\/2019\/11\/12\/bikefluencers\/#breadcrumb","itemListElement":[{"@type":"ListItem","position":1,"name":"Home","item":"https:\/\/www.welovecycling.com\/es\/"},{"@type":"ListItem","position":2,"name":"Bikefluencers: Tres historias de inspiraci\u00f3n, perseverancia y cambio gracias al ciclismo"}]},{"@type":"WebSite","@id":"https:\/\/www.welovecycling.com\/es\/#website","url":"https:\/\/www.welovecycling.com\/es\/","name":"\u0160koda We Love Cycling - Spain","description":"\u0160koda WeLoveCycling Spain","potentialAction":[{"@type":"SearchAction","target":{"@type":"EntryPoint","urlTemplate":"https:\/\/www.welovecycling.com\/es\/?s={search_term_string}"},"query-input":{"@type":"PropertyValueSpecification","valueRequired":true,"valueName":"search_term_string"}}],"inLanguage":"es-ES"},{"@type":"Person","@id":"https:\/\/www.welovecycling.com\/es\/#\/schema\/person\/deb61715b5812698ee79fb96f343ccd4","name":"We Love Cycling Spain","image":{"@type":"ImageObject","inLanguage":"es-ES","@id":"https:\/\/www.welovecycling.com\/es\/#\/schema\/person\/image\/","url":"https:\/\/secure.gravatar.com\/avatar\/c824b04e6df0e37a03219d0b6481672889df542894588964102459e46513159c?s=96&d=mm&r=g","contentUrl":"https:\/\/secure.gravatar.com\/avatar\/c824b04e6df0e37a03219d0b6481672889df542894588964102459e46513159c?s=96&d=mm&r=g","caption":"We Love Cycling Spain"},"url":"https:\/\/www.welovecycling.com\/es\/author\/amunoz\/"}]}},"_links":{"self":[{"href":"https:\/\/www.welovecycling.com\/es\/wp-json\/wp\/v2\/posts\/5614","targetHints":{"allow":["GET"]}}],"collection":[{"href":"https:\/\/www.welovecycling.com\/es\/wp-json\/wp\/v2\/posts"}],"about":[{"href":"https:\/\/www.welovecycling.com\/es\/wp-json\/wp\/v2\/types\/post"}],"author":[{"embeddable":true,"href":"https:\/\/www.welovecycling.com\/es\/wp-json\/wp\/v2\/users\/29"}],"replies":[{"embeddable":true,"href":"https:\/\/www.welovecycling.com\/es\/wp-json\/wp\/v2\/comments?post=5614"}],"version-history":[{"count":2,"href":"https:\/\/www.welovecycling.com\/es\/wp-json\/wp\/v2\/posts\/5614\/revisions"}],"predecessor-version":[{"id":5620,"href":"https:\/\/www.welovecycling.com\/es\/wp-json\/wp\/v2\/posts\/5614\/revisions\/5620"}],"wp:featuredmedia":[{"embeddable":true,"href":"https:\/\/www.welovecycling.com\/es\/wp-json\/wp\/v2\/media\/5619"}],"wp:attachment":[{"href":"https:\/\/www.welovecycling.com\/es\/wp-json\/wp\/v2\/media?parent=5614"}],"wp:term":[{"taxonomy":"category","embeddable":true,"href":"https:\/\/www.welovecycling.com\/es\/wp-json\/wp\/v2\/categories?post=5614"},{"taxonomy":"post_tag","embeddable":true,"href":"https:\/\/www.welovecycling.com\/es\/wp-json\/wp\/v2\/tags?post=5614"},{"taxonomy":"global-categories","embeddable":true,"href":"https:\/\/www.welovecycling.com\/es\/wp-json\/wp\/v2\/global-categories?post=5614"}],"curies":[{"name":"wp","href":"https:\/\/api.w.org\/{rel}","templated":true}]}}