{"id":5596,"date":"2019-11-06T20:24:59","date_gmt":"2019-11-06T18:24:59","guid":{"rendered":"https:\/\/www.welovecycling.com\/es\/?p=5596"},"modified":"2019-11-06T20:24:59","modified_gmt":"2019-11-06T18:24:59","slug":"tomi-misser-klimanjaro","status":"publish","type":"post","link":"https:\/\/www.welovecycling.com\/es\/2019\/11\/06\/tomi-misser-klimanjaro\/","title":{"rendered":"El reto de Tomi Misser. Subir (y bajar) el Klimanjaro (5.895 metros) en bici"},"content":{"rendered":"<p><strong>El Klimanjaro (5.985 metros) es el techo de \u00c1frica. All\u00ed llegan normalmente alpininistas o alg\u00fan especialista en trail, el reto es que lo hiciese un ciclista. As\u00ed se lo plantearon a Tomi Misser, coronar el Klimanjaro en bici, lo que supon\u00eda muchas horas con la bici a cuestas, y la parte m\u00e1s divertida, bajarlo.<\/strong><!--more--><\/p>\n<p>Para el reto Tomi necesitaba la bicicleta m\u00e1s robusta y vers\u00e1til de Orbea. Un m\u00e1quina que poder echarse a la espalda y que le permitiese acometer con seguridad las bajadas m\u00e1s peligrosas. Porque a m\u00e1s de 5.000 metros y con nieve cualquier escenario es posible. La elegida fue la<a href=\"https:\/\/www.orbea.com\/es-es\/bicicletas\/montana\/occam\/cat\/occam-m-ltd\"> Orbea OCCAM.\u00a0<\/a><\/p>\n<p>&nbsp;<\/p>\n<h2><strong>Preparaci\u00f3n<\/strong><\/h2>\n<p>Pero claro, para subir al Klimanjaro adem\u00e1s de buen estado f\u00edsico hace falta un entrenamiento espec\u00edfico, primero por las condiciones de falta de ox\u00edgeno, despu\u00e9s por el fr\u00edo y por \u00faltimo la nieve y los problemas habituales a los que se puede encontrar un monta\u00f1ero y que no son habituales para el ciclista.<\/p>\n<div class=\"embed-controller-wrapper\">\n<div class=\"embed-wrapper\"><iframe title=\"Episodio #1 - Tomi Misser Kilimanjaro I Orbea Factory Team\" width=\"500\" height=\"281\" data-src=\"https:\/\/www.youtube.com\/embed\/348gK3RDC60?feature=oembed\" frameborder=\"0\" allow=\"accelerometer; autoplay; clipboard-write; encrypted-media; gyroscope; picture-in-picture; web-share\" referrerpolicy=\"strict-origin-when-cross-origin\" allowfullscreen><\/iframe><\/div>\n<\/div>\n<h2><strong><br \/>\nEl reto<\/strong><\/h2>\n<p>Arrancaba en mitad de la selva por la ruta <strong>Rongai Gate, desde Tanzania<\/strong>. Todav\u00eda encima de la bici y con condiciones normales para un ciclista. Senderos, barro y siempre terreno cuesta arriba. Pero la parte sencilla se iba a acabar en la primera jornada. A partir de ahi, y con un equipo de colaboladores locales, quedaban tres jornadas de fr\u00edo, nieve y esfuerzo.<\/p>\n<p>El segundo dia a Tomi le toco ascender <strong>1.600 metros hasta llegar a los 3.800<\/strong> de Third Cave. Por el camino lluvia, barro, 12 horas dando pedales y toda una ma\u00f1ana porteando la bici.<\/p>\n<p>El tercer dia <strong>Misser lleg\u00f3 hasta los 4.800 metros de School Hu<\/strong>t. Apareci\u00f3 la nieve lo que hizo casi imposible dar pedales. Bici a la espalda para ascender 1.000 metros con temperaturas por debajo de cero.<\/p>\n<p>El cuarto d\u00eda supuso un esfuerzo \u00edmprobo. <strong>Sin dormir y desde las 3 de la ma\u00f1ana con la bici<\/strong> a cuestas para llegar al\u00a0Gilman&#8217;s Point (5.600 metros) y atacar as\u00ed la cima al d\u00eda siguiente. El final&#8230; mejor en este v\u00eddeo<\/p>\n<div class=\"embed-controller-wrapper\">\n<div class=\"embed-wrapper\"><iframe title=\"Episodio #2 - Tomi Misser Kilimanjaro I Orbea Factory Team\" width=\"500\" height=\"281\" data-src=\"https:\/\/www.youtube.com\/embed\/THAews0mo-g?list=PLBiL1IZXpnvZ0WR51_J_8EIbC0zPwGbYE\" frameborder=\"0\" allow=\"accelerometer; autoplay; clipboard-write; encrypted-media; gyroscope; picture-in-picture; web-share\" referrerpolicy=\"strict-origin-when-cross-origin\" allowfullscreen><\/iframe><\/div>\n<\/div>\n","protected":false},"excerpt":{"rendered":"<p>El Klimanjaro (5.985 metros) es el techo de \u00c1frica. All\u00ed llegan normalmente alpininistas o alg\u00fan especialista en trail, el reto [&hellip;]<\/p>\n","protected":false},"author":29,"featured_media":5599,"comment_status":"open","ping_status":"open","sticky":false,"template":"","format":"standard","meta":{"footnotes":""},"categories":[9],"tags":[1305,1307,1306],"global-categories":[1164],"class_list":["post-5596","post","type-post","status-publish","format-standard","has-post-thumbnail","hentry","category-mtb-aventura","tag-klimanjaro-en-bici","tag-reto-orbea-misser","tag-tommi-misser-klimanjaro","global-categories-cycling"],"yoast_head":"<!-- This site is optimized with the Yoast SEO Premium plugin v25.3 (Yoast SEO v25.9) - https:\/\/yoast.com\/wordpress\/plugins\/seo\/ -->\n<title>El reto de Tomi Misser. Subir (y bajar) el Klimanjaro (5.895 metros) en bici - \u0160koda We Love Cycling - Spain<\/title>\n<meta name=\"description\" content=\"El reto de Tomi Misser. Subir (y bajar) el Klimanjaro (5.895 metros) en bici. Asi vivi\u00f3 la aventura con la Orbea Occam. El v\u00eddeo\" \/>\n<meta name=\"robots\" content=\"index, follow, max-snippet:-1, max-image-preview:large, max-video-preview:-1\" \/>\n<link rel=\"canonical\" href=\"https:\/\/www.welovecycling.com\/es\/2019\/11\/06\/tomi-misser-klimanjaro\/\" \/>\n<meta property=\"og:locale\" content=\"es_ES\" \/>\n<meta property=\"og:type\" content=\"article\" \/>\n<meta property=\"og:title\" content=\"El reto de Tomi Misser. Subir (y bajar) el Klimanjaro (5.895 metros) en bici.\" \/>\n<meta property=\"og:description\" content=\"El reto de Tomi Misser. Subir (y bajar) el Klimanjaro (5.895 metros) en bici. Asi vivi\u00f3 la aventura con la Orbea Occam. El v\u00eddeo\" \/>\n<meta property=\"og:url\" content=\"https:\/\/www.welovecycling.com\/es\/2019\/11\/06\/tomi-misser-klimanjaro\/\" \/>\n<meta property=\"og:site_name\" content=\"\u0160koda We Love Cycling - Spain\" \/>\n<meta property=\"article:published_time\" content=\"2019-11-06T18:24:59+00:00\" \/>\n<meta property=\"og:image\" content=\"https:\/\/d2p6e6u75xmxt8.cloudfront.net\/6\/2019\/11\/misser-kli.jpg\" \/>\n\t<meta property=\"og:image:width\" content=\"540\" \/>\n\t<meta property=\"og:image:height\" content=\"281\" \/>\n\t<meta property=\"og:image:type\" content=\"image\/jpeg\" \/>\n<meta name=\"author\" content=\"We Love Cycling Spain\" \/>\n<meta name=\"twitter:card\" content=\"summary_large_image\" \/>\n<meta name=\"twitter:title\" content=\"El reto de Tomi Misser. Subir (y bajar) el Klimanjaro (5.895 metros) en bici.\" \/>\n<meta name=\"twitter:description\" content=\"El reto de Tomi Misser. Subir (y bajar) el Klimanjaro (5.895 metros) en bici. Asi vivi\u00f3 la aventura con la Orbea Occam. El v\u00eddeo\" \/>\n<meta name=\"twitter:label1\" content=\"Written by\" \/>\n\t<meta name=\"twitter:data1\" content=\"Luis @Ciclored\" \/>\n\t<meta name=\"twitter:label2\" content=\"Est. reading time\" \/>\n\t<meta name=\"twitter:data2\" content=\"2 minutes\" \/>\n<script type=\"application\/ld+json\" class=\"yoast-schema-graph\">{\"@context\":\"https:\/\/schema.org\",\"@graph\":[{\"@type\":\"WebPage\",\"@id\":\"https:\/\/www.welovecycling.com\/es\/2019\/11\/06\/tomi-misser-klimanjaro\/\",\"url\":\"https:\/\/www.welovecycling.com\/es\/2019\/11\/06\/tomi-misser-klimanjaro\/\",\"name\":\"El reto de Tomi Misser. Subir (y bajar) el Klimanjaro (5.895 metros) en bici - \u0160koda We Love Cycling - Spain\",\"isPartOf\":{\"@id\":\"https:\/\/www.welovecycling.com\/es\/#website\"},\"primaryImageOfPage\":{\"@id\":\"https:\/\/www.welovecycling.com\/es\/2019\/11\/06\/tomi-misser-klimanjaro\/#primaryimage\"},\"image\":{\"@id\":\"https:\/\/www.welovecycling.com\/es\/2019\/11\/06\/tomi-misser-klimanjaro\/#primaryimage\"},\"thumbnailUrl\":\"https:\/\/d2p6e6u75xmxt8.cloudfront.net\/6\/2019\/11\/misser-kli.jpg\",\"datePublished\":\"2019-11-06T18:24:59+00:00\",\"author\":{\"@id\":\"https:\/\/www.welovecycling.com\/es\/#\/schema\/person\/deb61715b5812698ee79fb96f343ccd4\"},\"description\":\"El reto de Tomi Misser. Subir (y bajar) el Klimanjaro (5.895 metros) en bici. Asi vivi\u00f3 la aventura con la Orbea Occam. El v\u00eddeo\",\"breadcrumb\":{\"@id\":\"https:\/\/www.welovecycling.com\/es\/2019\/11\/06\/tomi-misser-klimanjaro\/#breadcrumb\"},\"inLanguage\":\"es-ES\",\"potentialAction\":[{\"@type\":\"ReadAction\",\"target\":[\"https:\/\/www.welovecycling.com\/es\/2019\/11\/06\/tomi-misser-klimanjaro\/\"]}]},{\"@type\":\"ImageObject\",\"inLanguage\":\"es-ES\",\"@id\":\"https:\/\/www.welovecycling.com\/es\/2019\/11\/06\/tomi-misser-klimanjaro\/#primaryimage\",\"url\":\"https:\/\/d2p6e6u75xmxt8.cloudfront.net\/6\/2019\/11\/misser-kli.jpg\",\"contentUrl\":\"https:\/\/d2p6e6u75xmxt8.cloudfront.net\/6\/2019\/11\/misser-kli.jpg\",\"width\":540,\"height\":281},{\"@type\":\"BreadcrumbList\",\"@id\":\"https:\/\/www.welovecycling.com\/es\/2019\/11\/06\/tomi-misser-klimanjaro\/#breadcrumb\",\"itemListElement\":[{\"@type\":\"ListItem\",\"position\":1,\"name\":\"Home\",\"item\":\"https:\/\/www.welovecycling.com\/es\/\"},{\"@type\":\"ListItem\",\"position\":2,\"name\":\"El reto de Tomi Misser. Subir (y bajar) el Klimanjaro (5.895 metros) en bici\"}]},{\"@type\":\"WebSite\",\"@id\":\"https:\/\/www.welovecycling.com\/es\/#website\",\"url\":\"https:\/\/www.welovecycling.com\/es\/\",\"name\":\"\u0160koda We Love Cycling - Spain\",\"description\":\"\u0160koda WeLoveCycling Spain\",\"potentialAction\":[{\"@type\":\"SearchAction\",\"target\":{\"@type\":\"EntryPoint\",\"urlTemplate\":\"https:\/\/www.welovecycling.com\/es\/?s={search_term_string}\"},\"query-input\":{\"@type\":\"PropertyValueSpecification\",\"valueRequired\":true,\"valueName\":\"search_term_string\"}}],\"inLanguage\":\"es-ES\"},{\"@type\":\"Person\",\"@id\":\"https:\/\/www.welovecycling.com\/es\/#\/schema\/person\/deb61715b5812698ee79fb96f343ccd4\",\"name\":\"We Love Cycling Spain\",\"image\":{\"@type\":\"ImageObject\",\"inLanguage\":\"es-ES\",\"@id\":\"https:\/\/www.welovecycling.com\/es\/#\/schema\/person\/image\/\",\"url\":\"https:\/\/secure.gravatar.com\/avatar\/c824b04e6df0e37a03219d0b6481672889df542894588964102459e46513159c?s=96&d=mm&r=g\",\"contentUrl\":\"https:\/\/secure.gravatar.com\/avatar\/c824b04e6df0e37a03219d0b6481672889df542894588964102459e46513159c?s=96&d=mm&r=g\",\"caption\":\"We Love Cycling Spain\"},\"url\":\"https:\/\/www.welovecycling.com\/es\/author\/amunoz\/\"}]}<\/script>\n<!-- \/ Yoast SEO Premium plugin. -->","yoast_head_json":{"title":"El reto de Tomi Misser. Subir (y bajar) el Klimanjaro (5.895 metros) en bici - \u0160koda We Love Cycling - Spain","description":"El reto de Tomi Misser. Subir (y bajar) el Klimanjaro (5.895 metros) en bici. Asi vivi\u00f3 la aventura con la Orbea Occam. El v\u00eddeo","robots":{"index":"index","follow":"follow","max-snippet":"max-snippet:-1","max-image-preview":"max-image-preview:large","max-video-preview":"max-video-preview:-1"},"canonical":"https:\/\/www.welovecycling.com\/es\/2019\/11\/06\/tomi-misser-klimanjaro\/","og_locale":"es_ES","og_type":"article","og_title":"El reto de Tomi Misser. Subir (y bajar) el Klimanjaro (5.895 metros) en bici.","og_description":"El reto de Tomi Misser. Subir (y bajar) el Klimanjaro (5.895 metros) en bici. Asi vivi\u00f3 la aventura con la Orbea Occam. El v\u00eddeo","og_url":"https:\/\/www.welovecycling.com\/es\/2019\/11\/06\/tomi-misser-klimanjaro\/","og_site_name":"\u0160koda We Love Cycling - Spain","article_published_time":"2019-11-06T18:24:59+00:00","og_image":[{"width":540,"height":281,"url":"https:\/\/d2p6e6u75xmxt8.cloudfront.net\/6\/2019\/11\/misser-kli.jpg","type":"image\/jpeg"}],"author":"We Love Cycling Spain","twitter_card":"summary_large_image","twitter_title":"El reto de Tomi Misser. Subir (y bajar) el Klimanjaro (5.895 metros) en bici.","twitter_description":"El reto de Tomi Misser. Subir (y bajar) el Klimanjaro (5.895 metros) en bici. Asi vivi\u00f3 la aventura con la Orbea Occam. El v\u00eddeo","twitter_misc":{"Written by":"Luis @Ciclored","Est. reading time":"2 minutes"},"schema":{"@context":"https:\/\/schema.org","@graph":[{"@type":"WebPage","@id":"https:\/\/www.welovecycling.com\/es\/2019\/11\/06\/tomi-misser-klimanjaro\/","url":"https:\/\/www.welovecycling.com\/es\/2019\/11\/06\/tomi-misser-klimanjaro\/","name":"El reto de Tomi Misser. Subir (y bajar) el Klimanjaro (5.895 metros) en bici - \u0160koda We Love Cycling - Spain","isPartOf":{"@id":"https:\/\/www.welovecycling.com\/es\/#website"},"primaryImageOfPage":{"@id":"https:\/\/www.welovecycling.com\/es\/2019\/11\/06\/tomi-misser-klimanjaro\/#primaryimage"},"image":{"@id":"https:\/\/www.welovecycling.com\/es\/2019\/11\/06\/tomi-misser-klimanjaro\/#primaryimage"},"thumbnailUrl":"https:\/\/d2p6e6u75xmxt8.cloudfront.net\/6\/2019\/11\/misser-kli.jpg","datePublished":"2019-11-06T18:24:59+00:00","author":{"@id":"https:\/\/www.welovecycling.com\/es\/#\/schema\/person\/deb61715b5812698ee79fb96f343ccd4"},"description":"El reto de Tomi Misser. Subir (y bajar) el Klimanjaro (5.895 metros) en bici. Asi vivi\u00f3 la aventura con la Orbea Occam. El v\u00eddeo","breadcrumb":{"@id":"https:\/\/www.welovecycling.com\/es\/2019\/11\/06\/tomi-misser-klimanjaro\/#breadcrumb"},"inLanguage":"es-ES","potentialAction":[{"@type":"ReadAction","target":["https:\/\/www.welovecycling.com\/es\/2019\/11\/06\/tomi-misser-klimanjaro\/"]}]},{"@type":"ImageObject","inLanguage":"es-ES","@id":"https:\/\/www.welovecycling.com\/es\/2019\/11\/06\/tomi-misser-klimanjaro\/#primaryimage","url":"https:\/\/d2p6e6u75xmxt8.cloudfront.net\/6\/2019\/11\/misser-kli.jpg","contentUrl":"https:\/\/d2p6e6u75xmxt8.cloudfront.net\/6\/2019\/11\/misser-kli.jpg","width":540,"height":281},{"@type":"BreadcrumbList","@id":"https:\/\/www.welovecycling.com\/es\/2019\/11\/06\/tomi-misser-klimanjaro\/#breadcrumb","itemListElement":[{"@type":"ListItem","position":1,"name":"Home","item":"https:\/\/www.welovecycling.com\/es\/"},{"@type":"ListItem","position":2,"name":"El reto de Tomi Misser. Subir (y bajar) el Klimanjaro (5.895 metros) en bici"}]},{"@type":"WebSite","@id":"https:\/\/www.welovecycling.com\/es\/#website","url":"https:\/\/www.welovecycling.com\/es\/","name":"\u0160koda We Love Cycling - Spain","description":"\u0160koda WeLoveCycling Spain","potentialAction":[{"@type":"SearchAction","target":{"@type":"EntryPoint","urlTemplate":"https:\/\/www.welovecycling.com\/es\/?s={search_term_string}"},"query-input":{"@type":"PropertyValueSpecification","valueRequired":true,"valueName":"search_term_string"}}],"inLanguage":"es-ES"},{"@type":"Person","@id":"https:\/\/www.welovecycling.com\/es\/#\/schema\/person\/deb61715b5812698ee79fb96f343ccd4","name":"We Love Cycling Spain","image":{"@type":"ImageObject","inLanguage":"es-ES","@id":"https:\/\/www.welovecycling.com\/es\/#\/schema\/person\/image\/","url":"https:\/\/secure.gravatar.com\/avatar\/c824b04e6df0e37a03219d0b6481672889df542894588964102459e46513159c?s=96&d=mm&r=g","contentUrl":"https:\/\/secure.gravatar.com\/avatar\/c824b04e6df0e37a03219d0b6481672889df542894588964102459e46513159c?s=96&d=mm&r=g","caption":"We Love Cycling Spain"},"url":"https:\/\/www.welovecycling.com\/es\/author\/amunoz\/"}]}},"_links":{"self":[{"href":"https:\/\/www.welovecycling.com\/es\/wp-json\/wp\/v2\/posts\/5596","targetHints":{"allow":["GET"]}}],"collection":[{"href":"https:\/\/www.welovecycling.com\/es\/wp-json\/wp\/v2\/posts"}],"about":[{"href":"https:\/\/www.welovecycling.com\/es\/wp-json\/wp\/v2\/types\/post"}],"author":[{"embeddable":true,"href":"https:\/\/www.welovecycling.com\/es\/wp-json\/wp\/v2\/users\/29"}],"replies":[{"embeddable":true,"href":"https:\/\/www.welovecycling.com\/es\/wp-json\/wp\/v2\/comments?post=5596"}],"version-history":[{"count":1,"href":"https:\/\/www.welovecycling.com\/es\/wp-json\/wp\/v2\/posts\/5596\/revisions"}],"predecessor-version":[{"id":5600,"href":"https:\/\/www.welovecycling.com\/es\/wp-json\/wp\/v2\/posts\/5596\/revisions\/5600"}],"wp:featuredmedia":[{"embeddable":true,"href":"https:\/\/www.welovecycling.com\/es\/wp-json\/wp\/v2\/media\/5599"}],"wp:attachment":[{"href":"https:\/\/www.welovecycling.com\/es\/wp-json\/wp\/v2\/media?parent=5596"}],"wp:term":[{"taxonomy":"category","embeddable":true,"href":"https:\/\/www.welovecycling.com\/es\/wp-json\/wp\/v2\/categories?post=5596"},{"taxonomy":"post_tag","embeddable":true,"href":"https:\/\/www.welovecycling.com\/es\/wp-json\/wp\/v2\/tags?post=5596"},{"taxonomy":"global-categories","embeddable":true,"href":"https:\/\/www.welovecycling.com\/es\/wp-json\/wp\/v2\/global-categories?post=5596"}],"curies":[{"name":"wp","href":"https:\/\/api.w.org\/{rel}","templated":true}]}}