{"id":5591,"date":"2019-11-05T13:20:44","date_gmt":"2019-11-05T11:20:44","guid":{"rendered":"https:\/\/www.welovecycling.com\/es\/?p=5591"},"modified":"2019-11-05T13:20:44","modified_gmt":"2019-11-05T11:20:44","slug":"guardar-la-bicicleta-durante-el-invierno","status":"publish","type":"post","link":"https:\/\/www.welovecycling.com\/es\/2019\/11\/05\/guardar-la-bicicleta-durante-el-invierno\/","title":{"rendered":"Como guardar la bicicleta durante el invierno"},"content":{"rendered":"<p><strong>A pesar de que cada a\u00f1o juramos que vamos a pedalear incluso durante el invierno, la mayor\u00eda de nosotros nos damos por vencidos con las primeras lluvias de noviembre. Poner una bicicleta a un lado para el invierno no es tan complicado como en el caso de una motocicleta, sin embargo, incluso las bicicletas tienen sus demandas espec\u00edficas. Si quieres disfrutar de tu bicicleta cuando el sol aparezca en marzo, sigue estos pasos r\u00e1pidos<\/strong><!--more--><\/p>\n<h2><strong>Limpia la bici<\/strong><\/h2>\n<p>Limpia tu bicicleta a fondo y seca todo el cuadro y todos los componentes con un trapo. Incluso limpia el barro en las ruedas y cualquier componente, por peque\u00f1o que sea.<\/p>\n<p><a href=\"https:\/\/d2p6e6u75xmxt8.cloudfront.net\/6\/2019\/01\/Adam-Marsal-Bike-Cleaning-11.jpg\"><img loading=\"lazy\" decoding=\"async\" class=\"alignnone size-full wp-image-4018\" src=\"https:\/\/d2p6e6u75xmxt8.cloudfront.net\/6\/2019\/01\/Adam-Marsal-Bike-Cleaning-11.jpg\" alt=\"\" width=\"1366\" height=\"600\" srcset=\"https:\/\/d2p6e6u75xmxt8.cloudfront.net\/6\/2019\/01\/Adam-Marsal-Bike-Cleaning-11.jpg 1366w, https:\/\/d2p6e6u75xmxt8.cloudfront.net\/6\/2019\/01\/Adam-Marsal-Bike-Cleaning-11-300x132.jpg 300w, https:\/\/d2p6e6u75xmxt8.cloudfront.net\/6\/2019\/01\/Adam-Marsal-Bike-Cleaning-11-768x337.jpg 768w, https:\/\/d2p6e6u75xmxt8.cloudfront.net\/6\/2019\/01\/Adam-Marsal-Bike-Cleaning-11-1024x450.jpg 1024w\" sizes=\"auto, (max-width: 1366px) 100vw, 1366px\" \/><\/a><\/p>\n<h2><strong>Limpia y lubrica la cadena<\/strong><\/h2>\n<p>La cadena debe ser limpiada correctamente utilizando un limpiador de cadenas de bicicletas que se puede conseguir a partir de 10 euros o escobas especiales de lavado que se ofrecen en una variedad de tama\u00f1os. Una peque\u00f1a escoba de mano en cooperaci\u00f3n con un cepillo de dientes viejo tambi\u00e9n puede hacer el trabajo.<\/p>\n<h2><strong>Combate la humedad<\/strong><\/h2>\n<p>El ambiente en la mayor\u00eda de los almacenes es bastante h\u00famedo, lo que puede dar lugar a una mezcla de \u00f3xido y moho en los componentes y en los ara\u00f1azos del cuadro. Para evitar la degradaci\u00f3n del material, limpia los tubos del cuadro con un pa\u00f1o humedecido con aceite de silicona. Este procedimiento debe conservar la bicicleta durante el invierno. Adem\u00e1s, engrasa la cadena como si quisiera salir a rodar bajo la lluvia para mantenerla protegida de la humedad del aire. Tambi\u00e9n puedes cubrir la bici con una manta para ocultarla del polvo del aire que se mezclar\u00eda con la capa de aceite y generar\u00eda un l\u00edo viscoso.<\/p>\n<h2><strong>Cuida las llantas<\/strong><\/h2>\n<p>En caso de que la bici se guarde sobre neum\u00e1ticos pinchados durante mucho tiempo, el material de goma se degradar\u00eda y perecer\u00eda de la misma manera que si un coche se quedara con los neum\u00e1ticos vac\u00edos &#8211; su peso acabar\u00eda presionando las llantas a trav\u00e9s de la goma. Para evitarlo, infla completamente los dos neum\u00e1ticos y rev\u00edsalos una vez al mes.<\/p>\n<p><a href=\"https:\/\/d2p6e6u75xmxt8.cloudfront.net\/6\/2019\/11\/coverpoh.jpg\"><img loading=\"lazy\" decoding=\"async\" class=\"alignnone size-full wp-image-5592\" src=\"https:\/\/d2p6e6u75xmxt8.cloudfront.net\/6\/2019\/11\/coverpoh.jpg\" alt=\"\" width=\"1375\" height=\"600\" srcset=\"https:\/\/d2p6e6u75xmxt8.cloudfront.net\/6\/2019\/11\/coverpoh.jpg 1375w, https:\/\/d2p6e6u75xmxt8.cloudfront.net\/6\/2019\/11\/coverpoh-300x131.jpg 300w, https:\/\/d2p6e6u75xmxt8.cloudfront.net\/6\/2019\/11\/coverpoh-768x335.jpg 768w, https:\/\/d2p6e6u75xmxt8.cloudfront.net\/6\/2019\/11\/coverpoh-1024x447.jpg 1024w\" sizes=\"auto, (max-width: 1375px) 100vw, 1375px\" \/><\/a><\/p>\n<h2><strong>Guardala en casa<\/strong><\/h2>\n<p>El mejor lugar para guardar la bicicleta es en un lugar seco con una temperatura constante que no baje de 19\u00b0C. Si tu piso es lo suficientemente grande, puede saltarse f\u00e1cilmente la mayor\u00eda de las consideraciones anteriores, ya que tanto el fr\u00edo como la humedad no tienen ninguna posibilidad de causar da\u00f1os. La cadena no debe engrasarse, ya que podr\u00eda ensuciar el suelo o los muebles.<br \/>\n.<\/p>\n<h2><strong>Haz el mantenimiento ahora<\/strong><\/h2>\n<p>Si quieres tener tu bicicleta lista tan pronto como llegue la primavera, el oto\u00f1o es la mejor \u00e9poca para llevarla a la tienda de bicicletas y dejar que se haga todo el mantenimiento. Mientras que en primavera las tiendas de bicicletas est\u00e1n siendo atacadas por ciclistas y ciclistas que anhelan tener su primer entrenamiento soleado, en oto\u00f1o e invierno los per\u00edodos de espera son cortos y la mayor\u00eda de los encargos se pueden completar en pocos d\u00edas. Aunque la mayor\u00eda de las personas est\u00e1n posponiendo el servicio de la bicicleta hasta la primavera, el mantenimiento temprano valdr\u00e1 la pena.<\/p>\n<h2><strong>Guardala en una bolsa<\/strong><\/h2>\n<p>Algunas personas prefieren desmontar las ruedas, desmontar el manillar y la tija de sill\u00edn y guardar la bicicleta en una bolsa para bicicletas durante todo el invierno. Esta soluci\u00f3n ahorra espacio y mantiene la bicicleta bien conservada.<\/p>\n","protected":false},"excerpt":{"rendered":"<p>A pesar de que cada a\u00f1o juramos que vamos a pedalear incluso durante el invierno, la mayor\u00eda de nosotros nos [&hellip;]<\/p>\n","protected":false},"author":29,"featured_media":5594,"comment_status":"open","ping_status":"open","sticky":false,"template":"","format":"standard","meta":{"footnotes":""},"categories":[7,9],"tags":[748,745],"global-categories":[],"class_list":["post-5591","post","type-post","status-publish","format-standard","has-post-thumbnail","hentry","category-carretera","category-mtb-aventura","tag-guardar-bicicletas","tag-guardar-tu-bici-en-invierno"],"yoast_head":"<!-- This site is optimized with the Yoast SEO Premium plugin v25.3 (Yoast SEO v25.9) - https:\/\/yoast.com\/wordpress\/plugins\/seo\/ -->\n<title>Como guardar la bicicleta durante el invierno - \u0160koda We Love Cycling - Spain<\/title>\n<meta name=\"description\" content=\"Como guardar la bicicleta en invierno. Consejos para almacenar tu bici en invierno y que siga en perfecto estado en primavera.\" \/>\n<meta name=\"robots\" content=\"index, follow, max-snippet:-1, max-image-preview:large, max-video-preview:-1\" \/>\n<link rel=\"canonical\" href=\"https:\/\/www.welovecycling.com\/es\/2019\/11\/05\/guardar-la-bicicleta-durante-el-invierno\/\" \/>\n<meta property=\"og:locale\" content=\"es_ES\" \/>\n<meta property=\"og:type\" content=\"article\" \/>\n<meta property=\"og:title\" content=\"Como guardar la bicicleta en invierno\" \/>\n<meta property=\"og:description\" content=\"Como guardar la bicicleta en invierno. Consejos para almacenar tu bici en invierno y que siga en perfecto estado en primavera.\" \/>\n<meta property=\"og:url\" content=\"https:\/\/www.welovecycling.com\/es\/2019\/11\/05\/guardar-la-bicicleta-durante-el-invierno\/\" \/>\n<meta property=\"og:site_name\" content=\"\u0160koda We Love Cycling - Spain\" \/>\n<meta property=\"article:published_time\" content=\"2019-11-05T11:20:44+00:00\" \/>\n<meta property=\"og:image\" content=\"https:\/\/d2p6e6u75xmxt8.cloudfront.net\/6\/2019\/11\/Bicycle-Winter-CVR-profimedia-0310952546.jpg\" \/>\n\t<meta property=\"og:image:width\" content=\"1366\" \/>\n\t<meta property=\"og:image:height\" content=\"600\" \/>\n\t<meta property=\"og:image:type\" content=\"image\/jpeg\" \/>\n<meta name=\"author\" content=\"We Love Cycling Spain\" \/>\n<meta name=\"twitter:card\" content=\"summary_large_image\" \/>\n<meta name=\"twitter:title\" content=\"Como guardar la bicicleta en invierno\" \/>\n<meta name=\"twitter:description\" content=\"Como guardar la bicicleta en invierno. Consejos para almacenar tu bici en invierno y que siga en perfecto estado en primavera.\" \/>\n<meta name=\"twitter:label1\" content=\"Written by\" \/>\n\t<meta name=\"twitter:data1\" content=\"Adam Marsal\" \/>\n\t<meta name=\"twitter:label2\" content=\"Est. reading time\" \/>\n\t<meta name=\"twitter:data2\" content=\"5\" \/>\n<script type=\"application\/ld+json\" class=\"yoast-schema-graph\">{\"@context\":\"https:\/\/schema.org\",\"@graph\":[{\"@type\":\"WebPage\",\"@id\":\"https:\/\/www.welovecycling.com\/es\/2019\/11\/05\/guardar-la-bicicleta-durante-el-invierno\/\",\"url\":\"https:\/\/www.welovecycling.com\/es\/2019\/11\/05\/guardar-la-bicicleta-durante-el-invierno\/\",\"name\":\"Como guardar la bicicleta durante el invierno - \u0160koda We Love Cycling - Spain\",\"isPartOf\":{\"@id\":\"https:\/\/www.welovecycling.com\/es\/#website\"},\"primaryImageOfPage\":{\"@id\":\"https:\/\/www.welovecycling.com\/es\/2019\/11\/05\/guardar-la-bicicleta-durante-el-invierno\/#primaryimage\"},\"image\":{\"@id\":\"https:\/\/www.welovecycling.com\/es\/2019\/11\/05\/guardar-la-bicicleta-durante-el-invierno\/#primaryimage\"},\"thumbnailUrl\":\"https:\/\/d2p6e6u75xmxt8.cloudfront.net\/6\/2019\/11\/Bicycle-Winter-CVR-profimedia-0310952546.jpg\",\"datePublished\":\"2019-11-05T11:20:44+00:00\",\"author\":{\"@id\":\"https:\/\/www.welovecycling.com\/es\/#\/schema\/person\/deb61715b5812698ee79fb96f343ccd4\"},\"description\":\"Como guardar la bicicleta en invierno. Consejos para almacenar tu bici en invierno y que siga en perfecto estado en primavera.\",\"breadcrumb\":{\"@id\":\"https:\/\/www.welovecycling.com\/es\/2019\/11\/05\/guardar-la-bicicleta-durante-el-invierno\/#breadcrumb\"},\"inLanguage\":\"es-ES\",\"potentialAction\":[{\"@type\":\"ReadAction\",\"target\":[\"https:\/\/www.welovecycling.com\/es\/2019\/11\/05\/guardar-la-bicicleta-durante-el-invierno\/\"]}]},{\"@type\":\"ImageObject\",\"inLanguage\":\"es-ES\",\"@id\":\"https:\/\/www.welovecycling.com\/es\/2019\/11\/05\/guardar-la-bicicleta-durante-el-invierno\/#primaryimage\",\"url\":\"https:\/\/d2p6e6u75xmxt8.cloudfront.net\/6\/2019\/11\/Bicycle-Winter-CVR-profimedia-0310952546.jpg\",\"contentUrl\":\"https:\/\/d2p6e6u75xmxt8.cloudfront.net\/6\/2019\/11\/Bicycle-Winter-CVR-profimedia-0310952546.jpg\",\"width\":1366,\"height\":600},{\"@type\":\"BreadcrumbList\",\"@id\":\"https:\/\/www.welovecycling.com\/es\/2019\/11\/05\/guardar-la-bicicleta-durante-el-invierno\/#breadcrumb\",\"itemListElement\":[{\"@type\":\"ListItem\",\"position\":1,\"name\":\"Home\",\"item\":\"https:\/\/www.welovecycling.com\/es\/\"},{\"@type\":\"ListItem\",\"position\":2,\"name\":\"Como guardar la bicicleta durante el invierno\"}]},{\"@type\":\"WebSite\",\"@id\":\"https:\/\/www.welovecycling.com\/es\/#website\",\"url\":\"https:\/\/www.welovecycling.com\/es\/\",\"name\":\"\u0160koda We Love Cycling - Spain\",\"description\":\"\u0160koda WeLoveCycling Spain\",\"potentialAction\":[{\"@type\":\"SearchAction\",\"target\":{\"@type\":\"EntryPoint\",\"urlTemplate\":\"https:\/\/www.welovecycling.com\/es\/?s={search_term_string}\"},\"query-input\":{\"@type\":\"PropertyValueSpecification\",\"valueRequired\":true,\"valueName\":\"search_term_string\"}}],\"inLanguage\":\"es-ES\"},{\"@type\":\"Person\",\"@id\":\"https:\/\/www.welovecycling.com\/es\/#\/schema\/person\/deb61715b5812698ee79fb96f343ccd4\",\"name\":\"We Love Cycling Spain\",\"image\":{\"@type\":\"ImageObject\",\"inLanguage\":\"es-ES\",\"@id\":\"https:\/\/www.welovecycling.com\/es\/#\/schema\/person\/image\/\",\"url\":\"https:\/\/secure.gravatar.com\/avatar\/c824b04e6df0e37a03219d0b6481672889df542894588964102459e46513159c?s=96&d=mm&r=g\",\"contentUrl\":\"https:\/\/secure.gravatar.com\/avatar\/c824b04e6df0e37a03219d0b6481672889df542894588964102459e46513159c?s=96&d=mm&r=g\",\"caption\":\"We Love Cycling Spain\"},\"url\":\"https:\/\/www.welovecycling.com\/es\/author\/amunoz\/\"}]}<\/script>\n<!-- \/ Yoast SEO Premium plugin. -->","yoast_head_json":{"title":"Como guardar la bicicleta durante el invierno - \u0160koda We Love Cycling - Spain","description":"Como guardar la bicicleta en invierno. Consejos para almacenar tu bici en invierno y que siga en perfecto estado en primavera.","robots":{"index":"index","follow":"follow","max-snippet":"max-snippet:-1","max-image-preview":"max-image-preview:large","max-video-preview":"max-video-preview:-1"},"canonical":"https:\/\/www.welovecycling.com\/es\/2019\/11\/05\/guardar-la-bicicleta-durante-el-invierno\/","og_locale":"es_ES","og_type":"article","og_title":"Como guardar la bicicleta en invierno","og_description":"Como guardar la bicicleta en invierno. Consejos para almacenar tu bici en invierno y que siga en perfecto estado en primavera.","og_url":"https:\/\/www.welovecycling.com\/es\/2019\/11\/05\/guardar-la-bicicleta-durante-el-invierno\/","og_site_name":"\u0160koda We Love Cycling - Spain","article_published_time":"2019-11-05T11:20:44+00:00","og_image":[{"width":1366,"height":600,"url":"https:\/\/d2p6e6u75xmxt8.cloudfront.net\/6\/2019\/11\/Bicycle-Winter-CVR-profimedia-0310952546.jpg","type":"image\/jpeg"}],"author":"We Love Cycling Spain","twitter_card":"summary_large_image","twitter_title":"Como guardar la bicicleta en invierno","twitter_description":"Como guardar la bicicleta en invierno. Consejos para almacenar tu bici en invierno y que siga en perfecto estado en primavera.","twitter_misc":{"Written by":"Adam Marsal","Est. reading time":"5"},"schema":{"@context":"https:\/\/schema.org","@graph":[{"@type":"WebPage","@id":"https:\/\/www.welovecycling.com\/es\/2019\/11\/05\/guardar-la-bicicleta-durante-el-invierno\/","url":"https:\/\/www.welovecycling.com\/es\/2019\/11\/05\/guardar-la-bicicleta-durante-el-invierno\/","name":"Como guardar la bicicleta durante el invierno - \u0160koda We Love Cycling - Spain","isPartOf":{"@id":"https:\/\/www.welovecycling.com\/es\/#website"},"primaryImageOfPage":{"@id":"https:\/\/www.welovecycling.com\/es\/2019\/11\/05\/guardar-la-bicicleta-durante-el-invierno\/#primaryimage"},"image":{"@id":"https:\/\/www.welovecycling.com\/es\/2019\/11\/05\/guardar-la-bicicleta-durante-el-invierno\/#primaryimage"},"thumbnailUrl":"https:\/\/d2p6e6u75xmxt8.cloudfront.net\/6\/2019\/11\/Bicycle-Winter-CVR-profimedia-0310952546.jpg","datePublished":"2019-11-05T11:20:44+00:00","author":{"@id":"https:\/\/www.welovecycling.com\/es\/#\/schema\/person\/deb61715b5812698ee79fb96f343ccd4"},"description":"Como guardar la bicicleta en invierno. Consejos para almacenar tu bici en invierno y que siga en perfecto estado en primavera.","breadcrumb":{"@id":"https:\/\/www.welovecycling.com\/es\/2019\/11\/05\/guardar-la-bicicleta-durante-el-invierno\/#breadcrumb"},"inLanguage":"es-ES","potentialAction":[{"@type":"ReadAction","target":["https:\/\/www.welovecycling.com\/es\/2019\/11\/05\/guardar-la-bicicleta-durante-el-invierno\/"]}]},{"@type":"ImageObject","inLanguage":"es-ES","@id":"https:\/\/www.welovecycling.com\/es\/2019\/11\/05\/guardar-la-bicicleta-durante-el-invierno\/#primaryimage","url":"https:\/\/d2p6e6u75xmxt8.cloudfront.net\/6\/2019\/11\/Bicycle-Winter-CVR-profimedia-0310952546.jpg","contentUrl":"https:\/\/d2p6e6u75xmxt8.cloudfront.net\/6\/2019\/11\/Bicycle-Winter-CVR-profimedia-0310952546.jpg","width":1366,"height":600},{"@type":"BreadcrumbList","@id":"https:\/\/www.welovecycling.com\/es\/2019\/11\/05\/guardar-la-bicicleta-durante-el-invierno\/#breadcrumb","itemListElement":[{"@type":"ListItem","position":1,"name":"Home","item":"https:\/\/www.welovecycling.com\/es\/"},{"@type":"ListItem","position":2,"name":"Como guardar la bicicleta durante el invierno"}]},{"@type":"WebSite","@id":"https:\/\/www.welovecycling.com\/es\/#website","url":"https:\/\/www.welovecycling.com\/es\/","name":"\u0160koda We Love Cycling - Spain","description":"\u0160koda WeLoveCycling Spain","potentialAction":[{"@type":"SearchAction","target":{"@type":"EntryPoint","urlTemplate":"https:\/\/www.welovecycling.com\/es\/?s={search_term_string}"},"query-input":{"@type":"PropertyValueSpecification","valueRequired":true,"valueName":"search_term_string"}}],"inLanguage":"es-ES"},{"@type":"Person","@id":"https:\/\/www.welovecycling.com\/es\/#\/schema\/person\/deb61715b5812698ee79fb96f343ccd4","name":"We Love Cycling Spain","image":{"@type":"ImageObject","inLanguage":"es-ES","@id":"https:\/\/www.welovecycling.com\/es\/#\/schema\/person\/image\/","url":"https:\/\/secure.gravatar.com\/avatar\/c824b04e6df0e37a03219d0b6481672889df542894588964102459e46513159c?s=96&d=mm&r=g","contentUrl":"https:\/\/secure.gravatar.com\/avatar\/c824b04e6df0e37a03219d0b6481672889df542894588964102459e46513159c?s=96&d=mm&r=g","caption":"We Love Cycling Spain"},"url":"https:\/\/www.welovecycling.com\/es\/author\/amunoz\/"}]}},"_links":{"self":[{"href":"https:\/\/www.welovecycling.com\/es\/wp-json\/wp\/v2\/posts\/5591","targetHints":{"allow":["GET"]}}],"collection":[{"href":"https:\/\/www.welovecycling.com\/es\/wp-json\/wp\/v2\/posts"}],"about":[{"href":"https:\/\/www.welovecycling.com\/es\/wp-json\/wp\/v2\/types\/post"}],"author":[{"embeddable":true,"href":"https:\/\/www.welovecycling.com\/es\/wp-json\/wp\/v2\/users\/29"}],"replies":[{"embeddable":true,"href":"https:\/\/www.welovecycling.com\/es\/wp-json\/wp\/v2\/comments?post=5591"}],"version-history":[{"count":2,"href":"https:\/\/www.welovecycling.com\/es\/wp-json\/wp\/v2\/posts\/5591\/revisions"}],"predecessor-version":[{"id":5595,"href":"https:\/\/www.welovecycling.com\/es\/wp-json\/wp\/v2\/posts\/5591\/revisions\/5595"}],"wp:featuredmedia":[{"embeddable":true,"href":"https:\/\/www.welovecycling.com\/es\/wp-json\/wp\/v2\/media\/5594"}],"wp:attachment":[{"href":"https:\/\/www.welovecycling.com\/es\/wp-json\/wp\/v2\/media?parent=5591"}],"wp:term":[{"taxonomy":"category","embeddable":true,"href":"https:\/\/www.welovecycling.com\/es\/wp-json\/wp\/v2\/categories?post=5591"},{"taxonomy":"post_tag","embeddable":true,"href":"https:\/\/www.welovecycling.com\/es\/wp-json\/wp\/v2\/tags?post=5591"},{"taxonomy":"global-categories","embeddable":true,"href":"https:\/\/www.welovecycling.com\/es\/wp-json\/wp\/v2\/global-categories?post=5591"}],"curies":[{"name":"wp","href":"https:\/\/api.w.org\/{rel}","templated":true}]}}