{"id":5580,"date":"2019-11-02T11:41:29","date_gmt":"2019-11-02T09:41:29","guid":{"rendered":"https:\/\/www.welovecycling.com\/es\/?p=5580"},"modified":"2019-11-02T11:41:29","modified_gmt":"2019-11-02T09:41:29","slug":"consejos-profesionales-para-tu-plan-de-entrenamiento-ciclista","status":"publish","type":"post","link":"https:\/\/www.welovecycling.com\/es\/2019\/11\/02\/consejos-profesionales-para-tu-plan-de-entrenamiento-ciclista\/","title":{"rendered":"Consejos profesionales para tu plan de entrenamiento ciclista"},"content":{"rendered":"<p><strong>La mejor manera de llegar al siguiente nivel como ciclista es tener un plan. Hasta ahora hemos hablado de c\u00f3mo trabajar con los elementos b\u00e1sicos de un plan de este tipo, pero siempre hay algo m\u00e1s que aprender. \u00bfC\u00f3mo hacer frente a los cambios inesperados, ser flexible y adaptarse sin abandonar todo el plan? \u00bfC\u00f3mo periodificar, seguir los resultados y progresar a un ritmo saludable? Sumerj\u00e1monos en algunos de los matices de la construcci\u00f3n del plan de entrenamiento.<\/strong><\/p>\n<p><!--more--><\/p>\n<h2><strong>Preparate para ajustar<\/strong><\/h2>\n<p>Esto puede sonar raro, pero aunque sigas estrictamente un plan de entrenamiento, siempre hay que hacer ajustes. Podrias enfermar, lesionarte, tener una carga de trabajo extra, compromisos sociales, un clima excepcionalmente malo y muchas otras razones que requieren un ajuste. Gracias a ello a veces tambi\u00e9n puedes descubrir una nueva forma de entrenar o recibir consejos de alguien con m\u00e1s experiencia. Por lo tanto, debes estar abierto al cambio y ser flexible puede ser rentable a largo plazo. Un buen primer paso es empezar a hacer un seguimiento y modificar algo es la variabilidad de la frecuencia card\u00edaca por la ma\u00f1ana, que te dice si tu cuerpo est\u00e1 listo para la carga de entrenamiento que se ha planificado o si necesita ajustarse.<\/p>\n<figure id=\"attachment_5584\" aria-describedby=\"caption-attachment-5584\" style=\"width: 1024px\" class=\"wp-caption alignnone\"><a href=\"https:\/\/d2p6e6u75xmxt8.cloudfront.net\/2\/2019\/10\/cyclist-hill-profimedia-0315070581.jpg\"><img loading=\"lazy\" decoding=\"async\" class=\"size-large wp-image-5584\" src=\"https:\/\/d2p6e6u75xmxt8.cloudfront.net\/6\/2019\/10\/cyclist-hill-profimedia-0315070581-1024x682.jpg\" alt=\"\" width=\"1024\" height=\"682\" srcset=\"https:\/\/d2p6e6u75xmxt8.cloudfront.net\/6\/2019\/10\/cyclist-hill-profimedia-0315070581-1024x682.jpg 1024w, https:\/\/d2p6e6u75xmxt8.cloudfront.net\/6\/2019\/10\/cyclist-hill-profimedia-0315070581-300x200.jpg 300w, https:\/\/d2p6e6u75xmxt8.cloudfront.net\/6\/2019\/10\/cyclist-hill-profimedia-0315070581-768x512.jpg 768w, https:\/\/d2p6e6u75xmxt8.cloudfront.net\/6\/2019\/10\/cyclist-hill-profimedia-0315070581-272x182.jpg 272w, https:\/\/d2p6e6u75xmxt8.cloudfront.net\/6\/2019\/10\/cyclist-hill-profimedia-0315070581.jpg 1250w\" sizes=\"auto, (max-width: 1024px) 100vw, 1024px\" \/><\/a><figcaption id=\"caption-attachment-5584\" class=\"wp-caption-text\">Con cada entrenamiento que creas, tienes que saber qu\u00e9 sistema o habilidad est\u00e1 dise\u00f1ado para mejorar o mantener, como la resistencia muscular o la capacidad anaer\u00f3bica. \u00a9 Florea Paul \/ Panthermedia \/ Profimedia<\/figcaption><\/figure>\n<h2><strong><br \/>\nPeriodificar<\/strong><\/h2>\n<p>La periodizaci\u00f3n no tiene por qu\u00e9 ser complicada, pero hay que hacerla. En un sentido muy b\u00e1sico, s\u00f3lo significa que\u00a0 debes entrenar de manera diferente en diferentes \u00e9pocas del a\u00f1o. Por ejemplo, durante la temporada baja de invierno, har\u00e1s m\u00e1s volumen pero no mucha intensidad, pero a medida que te acerques a la competici\u00f3n, introducir\u00e1s mucha m\u00e1s intensidad y menos volumen. El hecho de que tu entrenamiento cambie de forma planificada y sistem\u00e1tica te facilita tu desarrollo como ciclista. Si haces siempre los mismos entrenamientos, con la misma intensidad y duraci\u00f3n, te estancar\u00e1s mucho antes y probablemente perder\u00e1s la motivaci\u00f3n.<\/p>\n<p>.<\/p>\n<h2><strong>Incrementa la intensidad gradualmente<\/strong><\/h2>\n<p>Es muy f\u00e1cil para los ciclistas aficionados entusiasmarse demasiado despu\u00e9s de una buena semana de entrenamiento y duplicar la intensidad para la siguiente. O pueden ponerse nerviosos antes de una carrera y empezar a entrenar el doble para sentirse m\u00e1s seguros. Estas son exactamente las situaciones en las que un buen plan de entrenamiento es la mejor prevenci\u00f3n para el sobreentrenamiento y las lesiones. Un plan de entrenamiento debe aumentar gradualmente el nivel de estr\u00e9s en el cuerpo del atleta. De esta manera, se pueden realizar adaptaciones de entrenamiento positivas y sostenibles y la forma f\u00edsica puede seguir aumentando sin el riesgo de agotamiento.<\/p>\n<figure id=\"attachment_5586\" aria-describedby=\"caption-attachment-5586\" style=\"width: 1024px\" class=\"wp-caption alignnone\"><a href=\"https:\/\/d2p6e6u75xmxt8.cloudfront.net\/2\/2019\/10\/road-cyclist-mountain-profimedia-0374728493.jpg\"><img loading=\"lazy\" decoding=\"async\" class=\"wp-image-5586 size-large\" src=\"https:\/\/d2p6e6u75xmxt8.cloudfront.net\/6\/2019\/10\/road-cyclist-mountain-profimedia-0374728493-1024x682.jpg\" alt=\"\" width=\"1024\" height=\"682\" srcset=\"https:\/\/d2p6e6u75xmxt8.cloudfront.net\/6\/2019\/10\/road-cyclist-mountain-profimedia-0374728493-1024x682.jpg 1024w, https:\/\/d2p6e6u75xmxt8.cloudfront.net\/6\/2019\/10\/road-cyclist-mountain-profimedia-0374728493-300x200.jpg 300w, https:\/\/d2p6e6u75xmxt8.cloudfront.net\/6\/2019\/10\/road-cyclist-mountain-profimedia-0374728493-768x512.jpg 768w, https:\/\/d2p6e6u75xmxt8.cloudfront.net\/6\/2019\/10\/road-cyclist-mountain-profimedia-0374728493-272x182.jpg 272w, https:\/\/d2p6e6u75xmxt8.cloudfront.net\/6\/2019\/10\/road-cyclist-mountain-profimedia-0374728493.jpg 1250w\" sizes=\"auto, (max-width: 1024px) 100vw, 1024px\" \/><\/a><figcaption id=\"caption-attachment-5586\" class=\"wp-caption-text\">Dependiendo de tu nivel actual, tu forma de ir en bici y las preferencias, es posible que tus objetivos sean diferentes. \u00a9 Richard Johnson \/ Caia Image \/ Profimedia<\/figcaption><\/figure>\n<h2><strong><br \/>\nA\u00f1ade entrenamientos espec\u00edficos para cada evento<\/strong><\/h2>\n<p>Es importante hacer una base y saber tu potencia umbral, tu VO2 m\u00e1xima, sprints, etc. Pero esos son s\u00f3lo sistemas fisiol\u00f3gicos aislados y aspectos de la aptitud f\u00edsica. En una carrera, tienes que ser capaz de usarlas todas en un nuevo escenario. Cuando empieces a acercarte a tu d\u00eda de carrera, deber\u00edas planear un entrenamiento espec\u00edfico para cada carrera. Simula las cosas espec\u00edficas que har\u00e1s en una carrera en tu entrenamiento.<\/p>\n<h2><strong>Sigue tus progresos y analiza<\/strong><\/h2>\n<p>Lo que distingue a los profesionales de los aficionados es a menudo el hecho de que est\u00e1n obsesionados con los resultados y el seguimiento del progreso. Se como ellos. Despu\u00e9s de terminar un bloque de entrenamiento, comprueba si tuvo el efecto de entrenamiento que esperaba o no. \u00bfFue el objetivo la resistencia muscular? Despu\u00e9s mide cu\u00e1nto has mejorado y comp\u00e1ralo con diferentes bloques de entrenamiento con el mismo objetivo. De esta manera, puedes dejar atr\u00e1s los bloques que no funcionan y hacer m\u00e1s de los que te ayudan a mejorar. Adem\u00e1s, realiza un seguimiento y actualiza tus zonas de intensidad de entrenamiento, como la frecuencia card\u00edaca y la potencia. Cumplir con los mismos valores siempre puede f\u00e1cilmente hacer que no se entrene lo suficiente o que se sobretrene.<\/p>\n<p>En el siguiente articulo repasaremos ejemplos espec\u00edficos de entrenamientos de ciclismo para recuperaci\u00f3n, resistencia, umbral de lactato y VO2max.<\/p>\n<p>&nbsp;<\/p>\n","protected":false},"excerpt":{"rendered":"<p>La mejor manera de llegar al siguiente nivel como ciclista es tener un plan. Hasta ahora hemos hablado de c\u00f3mo [&hellip;]<\/p>\n","protected":false},"author":29,"featured_media":5588,"comment_status":"open","ping_status":"open","sticky":false,"template":"","format":"standard","meta":{"footnotes":""},"categories":[7,9],"tags":[1303,1304],"global-categories":[],"class_list":["post-5580","post","type-post","status-publish","format-standard","has-post-thumbnail","hentry","category-carretera","category-mtb-aventura","tag-modificar-plan-entrenamiento-ciclista","tag-plan-entrenamiento-ciclista"],"yoast_head":"<!-- This site is optimized with the Yoast SEO Premium plugin v25.3 (Yoast SEO v25.9) - https:\/\/yoast.com\/wordpress\/plugins\/seo\/ -->\n<title>Consejos profesionales para tu plan de entrenamiento ciclista - \u0160koda We Love Cycling - Spain<\/title>\n<meta name=\"description\" content=\"Consejos profesionales para tu plan de entrenamiento ciclista. Cuando reajustar las cargas, analizar los progresos, evaluar el estado de forma.\" \/>\n<meta name=\"robots\" content=\"index, follow, max-snippet:-1, max-image-preview:large, max-video-preview:-1\" \/>\n<link rel=\"canonical\" href=\"https:\/\/www.welovecycling.com\/es\/2019\/11\/02\/consejos-profesionales-para-tu-plan-de-entrenamiento-ciclista\/\" \/>\n<meta property=\"og:locale\" content=\"es_ES\" \/>\n<meta property=\"og:type\" content=\"article\" \/>\n<meta property=\"og:title\" content=\"Consejos profesionales para tu plan de entrenamiento ciclista\" \/>\n<meta property=\"og:description\" content=\"Consejos profesionales para tu plan de entrenamiento ciclista. Cuando reajustar las cargas, analizar los progresos, evaluar el estado de forma.\" \/>\n<meta property=\"og:url\" content=\"https:\/\/www.welovecycling.com\/es\/2019\/11\/02\/consejos-profesionales-para-tu-plan-de-entrenamiento-ciclista\/\" \/>\n<meta property=\"og:site_name\" content=\"\u0160koda We Love Cycling - Spain\" \/>\n<meta property=\"article:published_time\" content=\"2019-11-02T09:41:29+00:00\" \/>\n<meta property=\"og:image\" content=\"https:\/\/d2p6e6u75xmxt8.cloudfront.net\/6\/2019\/10\/cyclist-race-profimedia-0479228977-CVR.jpg\" \/>\n\t<meta property=\"og:image:width\" content=\"1366\" \/>\n\t<meta property=\"og:image:height\" content=\"600\" \/>\n\t<meta property=\"og:image:type\" content=\"image\/jpeg\" \/>\n<meta name=\"author\" content=\"We Love Cycling Spain\" \/>\n<meta name=\"twitter:card\" content=\"summary_large_image\" \/>\n<meta name=\"twitter:title\" content=\"Consejos profesionales para tu plan de entrenamiento ciclista\" \/>\n<meta name=\"twitter:description\" content=\"Consejos profesionales para tu plan de entrenamiento ciclista. Cuando reajustar las cargas, analizar los progresos, evaluar el estado de forma.\" \/>\n<meta name=\"twitter:label1\" content=\"Written by\" \/>\n\t<meta name=\"twitter:data1\" content=\"Jiri Kaloc\" \/>\n\t<meta name=\"twitter:label2\" content=\"Est. reading time\" \/>\n\t<meta name=\"twitter:data2\" content=\"5\" \/>\n<script type=\"application\/ld+json\" class=\"yoast-schema-graph\">{\"@context\":\"https:\/\/schema.org\",\"@graph\":[{\"@type\":\"WebPage\",\"@id\":\"https:\/\/www.welovecycling.com\/es\/2019\/11\/02\/consejos-profesionales-para-tu-plan-de-entrenamiento-ciclista\/\",\"url\":\"https:\/\/www.welovecycling.com\/es\/2019\/11\/02\/consejos-profesionales-para-tu-plan-de-entrenamiento-ciclista\/\",\"name\":\"Consejos profesionales para tu plan de entrenamiento ciclista - \u0160koda We Love Cycling - Spain\",\"isPartOf\":{\"@id\":\"https:\/\/www.welovecycling.com\/es\/#website\"},\"primaryImageOfPage\":{\"@id\":\"https:\/\/www.welovecycling.com\/es\/2019\/11\/02\/consejos-profesionales-para-tu-plan-de-entrenamiento-ciclista\/#primaryimage\"},\"image\":{\"@id\":\"https:\/\/www.welovecycling.com\/es\/2019\/11\/02\/consejos-profesionales-para-tu-plan-de-entrenamiento-ciclista\/#primaryimage\"},\"thumbnailUrl\":\"https:\/\/d2p6e6u75xmxt8.cloudfront.net\/6\/2019\/10\/cyclist-race-profimedia-0479228977-CVR.jpg\",\"datePublished\":\"2019-11-02T09:41:29+00:00\",\"author\":{\"@id\":\"https:\/\/www.welovecycling.com\/es\/#\/schema\/person\/deb61715b5812698ee79fb96f343ccd4\"},\"description\":\"Consejos profesionales para tu plan de entrenamiento ciclista. Cuando reajustar las cargas, analizar los progresos, evaluar el estado de forma.\",\"breadcrumb\":{\"@id\":\"https:\/\/www.welovecycling.com\/es\/2019\/11\/02\/consejos-profesionales-para-tu-plan-de-entrenamiento-ciclista\/#breadcrumb\"},\"inLanguage\":\"es-ES\",\"potentialAction\":[{\"@type\":\"ReadAction\",\"target\":[\"https:\/\/www.welovecycling.com\/es\/2019\/11\/02\/consejos-profesionales-para-tu-plan-de-entrenamiento-ciclista\/\"]}]},{\"@type\":\"ImageObject\",\"inLanguage\":\"es-ES\",\"@id\":\"https:\/\/www.welovecycling.com\/es\/2019\/11\/02\/consejos-profesionales-para-tu-plan-de-entrenamiento-ciclista\/#primaryimage\",\"url\":\"https:\/\/d2p6e6u75xmxt8.cloudfront.net\/6\/2019\/10\/cyclist-race-profimedia-0479228977-CVR.jpg\",\"contentUrl\":\"https:\/\/d2p6e6u75xmxt8.cloudfront.net\/6\/2019\/10\/cyclist-race-profimedia-0479228977-CVR.jpg\",\"width\":1366,\"height\":600},{\"@type\":\"BreadcrumbList\",\"@id\":\"https:\/\/www.welovecycling.com\/es\/2019\/11\/02\/consejos-profesionales-para-tu-plan-de-entrenamiento-ciclista\/#breadcrumb\",\"itemListElement\":[{\"@type\":\"ListItem\",\"position\":1,\"name\":\"Home\",\"item\":\"https:\/\/www.welovecycling.com\/es\/\"},{\"@type\":\"ListItem\",\"position\":2,\"name\":\"Consejos profesionales para tu plan de entrenamiento ciclista\"}]},{\"@type\":\"WebSite\",\"@id\":\"https:\/\/www.welovecycling.com\/es\/#website\",\"url\":\"https:\/\/www.welovecycling.com\/es\/\",\"name\":\"\u0160koda We Love Cycling - Spain\",\"description\":\"\u0160koda WeLoveCycling Spain\",\"potentialAction\":[{\"@type\":\"SearchAction\",\"target\":{\"@type\":\"EntryPoint\",\"urlTemplate\":\"https:\/\/www.welovecycling.com\/es\/?s={search_term_string}\"},\"query-input\":{\"@type\":\"PropertyValueSpecification\",\"valueRequired\":true,\"valueName\":\"search_term_string\"}}],\"inLanguage\":\"es-ES\"},{\"@type\":\"Person\",\"@id\":\"https:\/\/www.welovecycling.com\/es\/#\/schema\/person\/deb61715b5812698ee79fb96f343ccd4\",\"name\":\"We Love Cycling Spain\",\"image\":{\"@type\":\"ImageObject\",\"inLanguage\":\"es-ES\",\"@id\":\"https:\/\/www.welovecycling.com\/es\/#\/schema\/person\/image\/\",\"url\":\"https:\/\/secure.gravatar.com\/avatar\/c824b04e6df0e37a03219d0b6481672889df542894588964102459e46513159c?s=96&d=mm&r=g\",\"contentUrl\":\"https:\/\/secure.gravatar.com\/avatar\/c824b04e6df0e37a03219d0b6481672889df542894588964102459e46513159c?s=96&d=mm&r=g\",\"caption\":\"We Love Cycling Spain\"},\"url\":\"https:\/\/www.welovecycling.com\/es\/author\/amunoz\/\"}]}<\/script>\n<!-- \/ Yoast SEO Premium plugin. -->","yoast_head_json":{"title":"Consejos profesionales para tu plan de entrenamiento ciclista - \u0160koda We Love Cycling - Spain","description":"Consejos profesionales para tu plan de entrenamiento ciclista. Cuando reajustar las cargas, analizar los progresos, evaluar el estado de forma.","robots":{"index":"index","follow":"follow","max-snippet":"max-snippet:-1","max-image-preview":"max-image-preview:large","max-video-preview":"max-video-preview:-1"},"canonical":"https:\/\/www.welovecycling.com\/es\/2019\/11\/02\/consejos-profesionales-para-tu-plan-de-entrenamiento-ciclista\/","og_locale":"es_ES","og_type":"article","og_title":"Consejos profesionales para tu plan de entrenamiento ciclista","og_description":"Consejos profesionales para tu plan de entrenamiento ciclista. Cuando reajustar las cargas, analizar los progresos, evaluar el estado de forma.","og_url":"https:\/\/www.welovecycling.com\/es\/2019\/11\/02\/consejos-profesionales-para-tu-plan-de-entrenamiento-ciclista\/","og_site_name":"\u0160koda We Love Cycling - Spain","article_published_time":"2019-11-02T09:41:29+00:00","og_image":[{"width":1366,"height":600,"url":"https:\/\/d2p6e6u75xmxt8.cloudfront.net\/6\/2019\/10\/cyclist-race-profimedia-0479228977-CVR.jpg","type":"image\/jpeg"}],"author":"We Love Cycling Spain","twitter_card":"summary_large_image","twitter_title":"Consejos profesionales para tu plan de entrenamiento ciclista","twitter_description":"Consejos profesionales para tu plan de entrenamiento ciclista. Cuando reajustar las cargas, analizar los progresos, evaluar el estado de forma.","twitter_misc":{"Written by":"Jiri Kaloc","Est. reading time":"5"},"schema":{"@context":"https:\/\/schema.org","@graph":[{"@type":"WebPage","@id":"https:\/\/www.welovecycling.com\/es\/2019\/11\/02\/consejos-profesionales-para-tu-plan-de-entrenamiento-ciclista\/","url":"https:\/\/www.welovecycling.com\/es\/2019\/11\/02\/consejos-profesionales-para-tu-plan-de-entrenamiento-ciclista\/","name":"Consejos profesionales para tu plan de entrenamiento ciclista - \u0160koda We Love Cycling - Spain","isPartOf":{"@id":"https:\/\/www.welovecycling.com\/es\/#website"},"primaryImageOfPage":{"@id":"https:\/\/www.welovecycling.com\/es\/2019\/11\/02\/consejos-profesionales-para-tu-plan-de-entrenamiento-ciclista\/#primaryimage"},"image":{"@id":"https:\/\/www.welovecycling.com\/es\/2019\/11\/02\/consejos-profesionales-para-tu-plan-de-entrenamiento-ciclista\/#primaryimage"},"thumbnailUrl":"https:\/\/d2p6e6u75xmxt8.cloudfront.net\/6\/2019\/10\/cyclist-race-profimedia-0479228977-CVR.jpg","datePublished":"2019-11-02T09:41:29+00:00","author":{"@id":"https:\/\/www.welovecycling.com\/es\/#\/schema\/person\/deb61715b5812698ee79fb96f343ccd4"},"description":"Consejos profesionales para tu plan de entrenamiento ciclista. Cuando reajustar las cargas, analizar los progresos, evaluar el estado de forma.","breadcrumb":{"@id":"https:\/\/www.welovecycling.com\/es\/2019\/11\/02\/consejos-profesionales-para-tu-plan-de-entrenamiento-ciclista\/#breadcrumb"},"inLanguage":"es-ES","potentialAction":[{"@type":"ReadAction","target":["https:\/\/www.welovecycling.com\/es\/2019\/11\/02\/consejos-profesionales-para-tu-plan-de-entrenamiento-ciclista\/"]}]},{"@type":"ImageObject","inLanguage":"es-ES","@id":"https:\/\/www.welovecycling.com\/es\/2019\/11\/02\/consejos-profesionales-para-tu-plan-de-entrenamiento-ciclista\/#primaryimage","url":"https:\/\/d2p6e6u75xmxt8.cloudfront.net\/6\/2019\/10\/cyclist-race-profimedia-0479228977-CVR.jpg","contentUrl":"https:\/\/d2p6e6u75xmxt8.cloudfront.net\/6\/2019\/10\/cyclist-race-profimedia-0479228977-CVR.jpg","width":1366,"height":600},{"@type":"BreadcrumbList","@id":"https:\/\/www.welovecycling.com\/es\/2019\/11\/02\/consejos-profesionales-para-tu-plan-de-entrenamiento-ciclista\/#breadcrumb","itemListElement":[{"@type":"ListItem","position":1,"name":"Home","item":"https:\/\/www.welovecycling.com\/es\/"},{"@type":"ListItem","position":2,"name":"Consejos profesionales para tu plan de entrenamiento ciclista"}]},{"@type":"WebSite","@id":"https:\/\/www.welovecycling.com\/es\/#website","url":"https:\/\/www.welovecycling.com\/es\/","name":"\u0160koda We Love Cycling - Spain","description":"\u0160koda WeLoveCycling Spain","potentialAction":[{"@type":"SearchAction","target":{"@type":"EntryPoint","urlTemplate":"https:\/\/www.welovecycling.com\/es\/?s={search_term_string}"},"query-input":{"@type":"PropertyValueSpecification","valueRequired":true,"valueName":"search_term_string"}}],"inLanguage":"es-ES"},{"@type":"Person","@id":"https:\/\/www.welovecycling.com\/es\/#\/schema\/person\/deb61715b5812698ee79fb96f343ccd4","name":"We Love Cycling Spain","image":{"@type":"ImageObject","inLanguage":"es-ES","@id":"https:\/\/www.welovecycling.com\/es\/#\/schema\/person\/image\/","url":"https:\/\/secure.gravatar.com\/avatar\/c824b04e6df0e37a03219d0b6481672889df542894588964102459e46513159c?s=96&d=mm&r=g","contentUrl":"https:\/\/secure.gravatar.com\/avatar\/c824b04e6df0e37a03219d0b6481672889df542894588964102459e46513159c?s=96&d=mm&r=g","caption":"We Love Cycling Spain"},"url":"https:\/\/www.welovecycling.com\/es\/author\/amunoz\/"}]}},"_links":{"self":[{"href":"https:\/\/www.welovecycling.com\/es\/wp-json\/wp\/v2\/posts\/5580","targetHints":{"allow":["GET"]}}],"collection":[{"href":"https:\/\/www.welovecycling.com\/es\/wp-json\/wp\/v2\/posts"}],"about":[{"href":"https:\/\/www.welovecycling.com\/es\/wp-json\/wp\/v2\/types\/post"}],"author":[{"embeddable":true,"href":"https:\/\/www.welovecycling.com\/es\/wp-json\/wp\/v2\/users\/29"}],"replies":[{"embeddable":true,"href":"https:\/\/www.welovecycling.com\/es\/wp-json\/wp\/v2\/comments?post=5580"}],"version-history":[{"count":2,"href":"https:\/\/www.welovecycling.com\/es\/wp-json\/wp\/v2\/posts\/5580\/revisions"}],"predecessor-version":[{"id":5590,"href":"https:\/\/www.welovecycling.com\/es\/wp-json\/wp\/v2\/posts\/5580\/revisions\/5590"}],"wp:featuredmedia":[{"embeddable":true,"href":"https:\/\/www.welovecycling.com\/es\/wp-json\/wp\/v2\/media\/5588"}],"wp:attachment":[{"href":"https:\/\/www.welovecycling.com\/es\/wp-json\/wp\/v2\/media?parent=5580"}],"wp:term":[{"taxonomy":"category","embeddable":true,"href":"https:\/\/www.welovecycling.com\/es\/wp-json\/wp\/v2\/categories?post=5580"},{"taxonomy":"post_tag","embeddable":true,"href":"https:\/\/www.welovecycling.com\/es\/wp-json\/wp\/v2\/tags?post=5580"},{"taxonomy":"global-categories","embeddable":true,"href":"https:\/\/www.welovecycling.com\/es\/wp-json\/wp\/v2\/global-categories?post=5580"}],"curies":[{"name":"wp","href":"https:\/\/api.w.org\/{rel}","templated":true}]}}