{"id":5525,"date":"2019-10-22T15:17:54","date_gmt":"2019-10-22T13:17:54","guid":{"rendered":"https:\/\/www.welovecycling.com\/es\/?p=5525"},"modified":"2019-10-22T15:17:54","modified_gmt":"2019-10-22T13:17:54","slug":"tendecias-ciclistas-para-2020","status":"publish","type":"post","link":"https:\/\/www.welovecycling.com\/es\/2019\/10\/22\/tendecias-ciclistas-para-2020\/","title":{"rendered":"Tendencias ciclistas para 2020. Festibike 2019"},"content":{"rendered":"<p><strong>Si hay algo que define el mundo de la bicicleta es su constante evoluci\u00f3n. Ferias como Festibike 2019 son el reclamo de muchas marcas para presentar sus novedades de cara a la temporada 2020, aunque la proliferaci\u00f3n de las redes sociales ha hecho que algunas prescindan de las ferias y lo hagan solo de forma virtual. Por eso Festibike ya no es la gran feria de hace una d\u00e9cada.<\/strong><br \/>\n<!--more--><br \/>\nSin embargo si fue un lugar al que, como usuario, se puede ir a tocar y probar bicicletas, quiz\u00e1s el gran reclamo de Festibike 2019. Muchas de las marcas no llegaron a exponer sus bicicletas, sino que hicieron <strong>demos con horarios para que cada uno pudiese probar in situ<\/strong> y encima de los pedales la &#8216;m\u00e1quina&#8217; con la que ha so\u00f1ado en el futuro.<\/p>\n<p>Para los &#8216;carreteros&#8217; la introducci\u00f3n en los frenos de disco o el cambio electr\u00f3nico. Para los de BTT los nuevos modelos de <strong>suspensi\u00f3n<\/strong>. Y para casi todos el mundo <strong>gravel,<\/strong> esas bicicletas equipadas para rodar por carretera a una velocidad\u00a0media y que tambi\u00e9n puedes meter por cualquier camino. Y las <strong>e-bike,<\/strong> las nuevas bicicletas con pedaleo asistido que ya llevan tiempo introducidas en el mercado MTB y que poco a poco se est\u00e1n haciendo hueco en el del ciclismo de carretera.<\/p>\n<h2><strong>Monoplatos para carretera<\/strong><\/h2>\n<p>Una vuelta al ciclismo vintage. Hasta los a\u00f1os 60 las bicicletas solo tenian un plato. El cambio delantero todav\u00eda no se hab\u00eda desarrollado, as\u00ed que todas eran monoplato. Eso s\u00ed, solo dispon\u00edan de 2\/4 coronas traseras para &#8216;jugar&#8217;, dependiendo de lo empinada que estuviese la cuesta. Ahora se vuelve a este concepto para la bicicleta de carrereta (en MTB lleva m\u00e1s tiempo), pero sobre a todo a raiz del nacimiento de las 12 o incluso 13 coronas traseras.<\/p>\n<p>En Festibike 2019 vimos la Ridley Noah y la Specialized Tarmac montadas con el 1&#215;13 de Rotor y las BMC con el 1&#215;12 de SRAM.<br \/>\n<a href=\"https:\/\/d2p6e6u75xmxt8.cloudfront.net\/6\/2019\/10\/FESTIBIKE-19.JPG.jpg\"><img loading=\"lazy\" decoding=\"async\" class=\"aligncenter size-large wp-image-5528\" src=\"https:\/\/d2p6e6u75xmxt8.cloudfront.net\/6\/2019\/10\/FESTIBIKE-19.JPG-1024x726.jpg\" alt=\"\" width=\"1024\" height=\"726\" srcset=\"https:\/\/d2p6e6u75xmxt8.cloudfront.net\/6\/2019\/10\/FESTIBIKE-19.JPG-1024x726.jpg 1024w, https:\/\/d2p6e6u75xmxt8.cloudfront.net\/6\/2019\/10\/FESTIBIKE-19.JPG-300x213.jpg 300w, https:\/\/d2p6e6u75xmxt8.cloudfront.net\/6\/2019\/10\/FESTIBIKE-19.JPG-768x544.jpg 768w, https:\/\/d2p6e6u75xmxt8.cloudfront.net\/6\/2019\/10\/FESTIBIKE-19.JPG.jpg 1129w\" sizes=\"auto, (max-width: 1024px) 100vw, 1024px\" \/><\/a> <a href=\"https:\/\/d2p6e6u75xmxt8.cloudfront.net\/6\/2019\/10\/FESTIBIKE-18.JPG.jpg\"><img loading=\"lazy\" decoding=\"async\" class=\"aligncenter size-large wp-image-5535\" src=\"https:\/\/d2p6e6u75xmxt8.cloudfront.net\/6\/2019\/10\/FESTIBIKE-18.JPG-1024x605.jpg\" alt=\"\" width=\"1024\" height=\"605\" srcset=\"https:\/\/d2p6e6u75xmxt8.cloudfront.net\/6\/2019\/10\/FESTIBIKE-18.JPG-1024x605.jpg 1024w, https:\/\/d2p6e6u75xmxt8.cloudfront.net\/6\/2019\/10\/FESTIBIKE-18.JPG-300x177.jpg 300w, https:\/\/d2p6e6u75xmxt8.cloudfront.net\/6\/2019\/10\/FESTIBIKE-18.JPG-768x454.jpg 768w, https:\/\/d2p6e6u75xmxt8.cloudfront.net\/6\/2019\/10\/FESTIBIKE-18.JPG.jpg 1200w\" sizes=\"auto, (max-width: 1024px) 100vw, 1024px\" \/><\/a> <a href=\"https:\/\/d2p6e6u75xmxt8.cloudfront.net\/6\/2019\/10\/FESTIBIKE-32.JPG.jpg\"><img loading=\"lazy\" decoding=\"async\" class=\"aligncenter size-large wp-image-5539\" src=\"https:\/\/d2p6e6u75xmxt8.cloudfront.net\/6\/2019\/10\/FESTIBIKE-32.JPG-1024x683.jpg\" alt=\"\" width=\"1024\" height=\"683\" srcset=\"https:\/\/d2p6e6u75xmxt8.cloudfront.net\/6\/2019\/10\/FESTIBIKE-32.JPG-1024x683.jpg 1024w, https:\/\/d2p6e6u75xmxt8.cloudfront.net\/6\/2019\/10\/FESTIBIKE-32.JPG-300x200.jpg 300w, https:\/\/d2p6e6u75xmxt8.cloudfront.net\/6\/2019\/10\/FESTIBIKE-32.JPG-768x512.jpg 768w, https:\/\/d2p6e6u75xmxt8.cloudfront.net\/6\/2019\/10\/FESTIBIKE-32.JPG-272x182.jpg 272w, https:\/\/d2p6e6u75xmxt8.cloudfront.net\/6\/2019\/10\/FESTIBIKE-32.JPG.jpg 1200w\" sizes=\"auto, (max-width: 1024px) 100vw, 1024px\" \/><\/a> <a href=\"https:\/\/d2p6e6u75xmxt8.cloudfront.net\/6\/2019\/10\/FESTIBIKE-34.JPG.jpg\"><img loading=\"lazy\" decoding=\"async\" class=\"aligncenter size-large wp-image-5541\" src=\"https:\/\/d2p6e6u75xmxt8.cloudfront.net\/6\/2019\/10\/FESTIBIKE-34.JPG-1024x768.jpg\" alt=\"\" width=\"1024\" height=\"768\" srcset=\"https:\/\/d2p6e6u75xmxt8.cloudfront.net\/6\/2019\/10\/FESTIBIKE-34.JPG-1024x768.jpg 1024w, https:\/\/d2p6e6u75xmxt8.cloudfront.net\/6\/2019\/10\/FESTIBIKE-34.JPG-300x225.jpg 300w, https:\/\/d2p6e6u75xmxt8.cloudfront.net\/6\/2019\/10\/FESTIBIKE-34.JPG-768x576.jpg 768w, https:\/\/d2p6e6u75xmxt8.cloudfront.net\/6\/2019\/10\/FESTIBIKE-34.JPG.jpg 1067w\" sizes=\"auto, (max-width: 1024px) 100vw, 1024px\" \/><\/a><\/p>\n<h2><strong>EBikes m\u00e1s &#8216;finas&#8217;<\/strong><\/h2>\n<p>Si hab\u00eda algo que echaba para atr\u00e1s al ciclista de carretera al ver una E-Bike era su apariencia. Los primeros modelos eran mucho m\u00e1s similares a una MTB o bicicleta h\u00edbrida que a una de carretera. Las marcas captaron el concepto y en los \u00faltimos tiempos han dise\u00f1ado modelos que se parecen, y mucho, a las bicicletas de carretera convencionales.<\/p>\n<p>La \u00fanica diferencia de lo visto en Festibike 2019 es el tubo transversal del cuadro, donde se sit\u00faa la bater\u00eda, que es ligeramente m\u00e1s ancho que en las bicis de carretera convencionales.<\/p>\n<p><a href=\"https:\/\/d2p6e6u75xmxt8.cloudfront.net\/6\/2019\/10\/FESTIBIKE-3.JPG.jpg\"><img loading=\"lazy\" decoding=\"async\" class=\"aligncenter size-full wp-image-5548\" src=\"https:\/\/d2p6e6u75xmxt8.cloudfront.net\/6\/2019\/10\/FESTIBIKE-3.JPG.jpg\" alt=\"\" width=\"933\" height=\"800\" srcset=\"https:\/\/d2p6e6u75xmxt8.cloudfront.net\/6\/2019\/10\/FESTIBIKE-3.JPG.jpg 933w, https:\/\/d2p6e6u75xmxt8.cloudfront.net\/6\/2019\/10\/FESTIBIKE-3.JPG-300x257.jpg 300w, https:\/\/d2p6e6u75xmxt8.cloudfront.net\/6\/2019\/10\/FESTIBIKE-3.JPG-768x659.jpg 768w\" sizes=\"auto, (max-width: 933px) 100vw, 933px\" \/><\/a> <a href=\"https:\/\/d2p6e6u75xmxt8.cloudfront.net\/6\/2019\/10\/FESTIBIKE-22.JPG.jpg\"><img loading=\"lazy\" decoding=\"async\" class=\"aligncenter size-large wp-image-5550\" src=\"https:\/\/d2p6e6u75xmxt8.cloudfront.net\/6\/2019\/10\/FESTIBIKE-22.JPG.jpg\" alt=\"\" width=\"988\" height=\"800\" srcset=\"https:\/\/d2p6e6u75xmxt8.cloudfront.net\/6\/2019\/10\/FESTIBIKE-22.JPG.jpg 988w, https:\/\/d2p6e6u75xmxt8.cloudfront.net\/6\/2019\/10\/FESTIBIKE-22.JPG-300x243.jpg 300w, https:\/\/d2p6e6u75xmxt8.cloudfront.net\/6\/2019\/10\/FESTIBIKE-22.JPG-768x622.jpg 768w\" sizes=\"auto, (max-width: 988px) 100vw, 988px\" \/><\/a> <a href=\"https:\/\/d2p6e6u75xmxt8.cloudfront.net\/6\/2019\/10\/FESTIBIKE-31.JPG.jpg\"><img loading=\"lazy\" decoding=\"async\" class=\"aligncenter size-large wp-image-5551\" src=\"https:\/\/d2p6e6u75xmxt8.cloudfront.net\/6\/2019\/10\/FESTIBIKE-31.JPG-1024x675.jpg\" alt=\"\" width=\"1024\" height=\"675\" srcset=\"https:\/\/d2p6e6u75xmxt8.cloudfront.net\/6\/2019\/10\/FESTIBIKE-31.JPG-1024x675.jpg 1024w, https:\/\/d2p6e6u75xmxt8.cloudfront.net\/6\/2019\/10\/FESTIBIKE-31.JPG-300x198.jpg 300w, https:\/\/d2p6e6u75xmxt8.cloudfront.net\/6\/2019\/10\/FESTIBIKE-31.JPG-768x506.jpg 768w, https:\/\/d2p6e6u75xmxt8.cloudfront.net\/6\/2019\/10\/FESTIBIKE-31.JPG.jpg 1200w\" sizes=\"auto, (max-width: 1024px) 100vw, 1024px\" \/><\/a> <a href=\"https:\/\/d2p6e6u75xmxt8.cloudfront.net\/6\/2019\/10\/FESTIBIKE-42.JPG.jpg\"><img loading=\"lazy\" decoding=\"async\" class=\"aligncenter size-large wp-image-5552\" src=\"https:\/\/d2p6e6u75xmxt8.cloudfront.net\/6\/2019\/10\/FESTIBIKE-42.JPG-1024x768.jpg\" alt=\"\" width=\"1024\" height=\"768\" srcset=\"https:\/\/d2p6e6u75xmxt8.cloudfront.net\/6\/2019\/10\/FESTIBIKE-42.JPG-1024x768.jpg 1024w, https:\/\/d2p6e6u75xmxt8.cloudfront.net\/6\/2019\/10\/FESTIBIKE-42.JPG-300x225.jpg 300w, https:\/\/d2p6e6u75xmxt8.cloudfront.net\/6\/2019\/10\/FESTIBIKE-42.JPG-768x576.jpg 768w, https:\/\/d2p6e6u75xmxt8.cloudfront.net\/6\/2019\/10\/FESTIBIKE-42.JPG.jpg 1067w\" sizes=\"auto, (max-width: 1024px) 100vw, 1024px\" \/><\/a><\/p>\n<h2><strong>La eclosi\u00f3n del gravel<\/strong><\/h2>\n<p>Ya no hay marca de bicicletas en el mercado que no tenga su gama de bicicletas gravel. M\u00e1s pesadas que las de carretera pero m\u00e1s ligeras que las MTB. Lo que buscan es ese punto intermedio. La versatilidad. Que cualquier ruta sea asequible para una bicicleta as\u00ed.<\/p>\n<p>En Festibike 2019 casi todos los expositores ten\u00edan su gravel en primera l\u00ednea.<\/p>\n<p><a href=\"https:\/\/d2p6e6u75xmxt8.cloudfront.net\/6\/2019\/10\/FESTIBIKE-10.JPG-1.jpg\"><img loading=\"lazy\" decoding=\"async\" class=\"aligncenter size-full wp-image-5553\" src=\"https:\/\/d2p6e6u75xmxt8.cloudfront.net\/6\/2019\/10\/FESTIBIKE-10.JPG-1.jpg\" alt=\"\" width=\"771\" height=\"800\" srcset=\"https:\/\/d2p6e6u75xmxt8.cloudfront.net\/6\/2019\/10\/FESTIBIKE-10.JPG-1.jpg 771w, https:\/\/d2p6e6u75xmxt8.cloudfront.net\/6\/2019\/10\/FESTIBIKE-10.JPG-1-289x300.jpg 289w, https:\/\/d2p6e6u75xmxt8.cloudfront.net\/6\/2019\/10\/FESTIBIKE-10.JPG-1-768x797.jpg 768w\" sizes=\"auto, (max-width: 771px) 100vw, 771px\" \/><\/a> <a href=\"https:\/\/d2p6e6u75xmxt8.cloudfront.net\/6\/2019\/10\/FESTIBIKE-26.JPG-1.jpg\"><img loading=\"lazy\" decoding=\"async\" class=\"aligncenter size-large wp-image-5554\" src=\"https:\/\/d2p6e6u75xmxt8.cloudfront.net\/6\/2019\/10\/FESTIBIKE-26.JPG-1-1024x735.jpg\" alt=\"\" width=\"1024\" height=\"735\" srcset=\"https:\/\/d2p6e6u75xmxt8.cloudfront.net\/6\/2019\/10\/FESTIBIKE-26.JPG-1-1024x735.jpg 1024w, https:\/\/d2p6e6u75xmxt8.cloudfront.net\/6\/2019\/10\/FESTIBIKE-26.JPG-1-300x215.jpg 300w, https:\/\/d2p6e6u75xmxt8.cloudfront.net\/6\/2019\/10\/FESTIBIKE-26.JPG-1-768x551.jpg 768w, https:\/\/d2p6e6u75xmxt8.cloudfront.net\/6\/2019\/10\/FESTIBIKE-26.JPG-1.jpg 1115w\" sizes=\"auto, (max-width: 1024px) 100vw, 1024px\" \/><\/a> <a href=\"https:\/\/d2p6e6u75xmxt8.cloudfront.net\/6\/2019\/10\/FESTIBIKE-30.JPG-1.jpg\"><img loading=\"lazy\" decoding=\"async\" class=\"aligncenter size-large wp-image-5555\" src=\"https:\/\/d2p6e6u75xmxt8.cloudfront.net\/6\/2019\/10\/FESTIBIKE-30.JPG-1-1024x768.jpg\" alt=\"\" width=\"1024\" height=\"768\" srcset=\"https:\/\/d2p6e6u75xmxt8.cloudfront.net\/6\/2019\/10\/FESTIBIKE-30.JPG-1-1024x768.jpg 1024w, https:\/\/d2p6e6u75xmxt8.cloudfront.net\/6\/2019\/10\/FESTIBIKE-30.JPG-1-300x225.jpg 300w, https:\/\/d2p6e6u75xmxt8.cloudfront.net\/6\/2019\/10\/FESTIBIKE-30.JPG-1-768x576.jpg 768w, https:\/\/d2p6e6u75xmxt8.cloudfront.net\/6\/2019\/10\/FESTIBIKE-30.JPG-1.jpg 1067w\" sizes=\"auto, (max-width: 1024px) 100vw, 1024px\" \/><\/a> <a href=\"https:\/\/d2p6e6u75xmxt8.cloudfront.net\/6\/2019\/10\/FESTIBIKE-40.JPG-1.jpg\"><img loading=\"lazy\" decoding=\"async\" class=\"aligncenter size-large wp-image-5556\" src=\"https:\/\/d2p6e6u75xmxt8.cloudfront.net\/6\/2019\/10\/FESTIBIKE-40.JPG-1-1024x768.jpg\" alt=\"\" width=\"1024\" height=\"768\" srcset=\"https:\/\/d2p6e6u75xmxt8.cloudfront.net\/6\/2019\/10\/FESTIBIKE-40.JPG-1-1024x768.jpg 1024w, https:\/\/d2p6e6u75xmxt8.cloudfront.net\/6\/2019\/10\/FESTIBIKE-40.JPG-1-300x225.jpg 300w, https:\/\/d2p6e6u75xmxt8.cloudfront.net\/6\/2019\/10\/FESTIBIKE-40.JPG-1-768x576.jpg 768w, https:\/\/d2p6e6u75xmxt8.cloudfront.net\/6\/2019\/10\/FESTIBIKE-40.JPG-1.jpg 1067w\" sizes=\"auto, (max-width: 1024px) 100vw, 1024px\" \/><\/a> <a href=\"https:\/\/d2p6e6u75xmxt8.cloudfront.net\/6\/2019\/10\/FESTIBIKE-35.JPG-1.jpg\"><img loading=\"lazy\" decoding=\"async\" class=\"aligncenter size-large wp-image-5559\" src=\"https:\/\/d2p6e6u75xmxt8.cloudfront.net\/6\/2019\/10\/FESTIBIKE-35.JPG-1-1024x768.jpg\" alt=\"\" width=\"1024\" height=\"768\" srcset=\"https:\/\/d2p6e6u75xmxt8.cloudfront.net\/6\/2019\/10\/FESTIBIKE-35.JPG-1-1024x768.jpg 1024w, https:\/\/d2p6e6u75xmxt8.cloudfront.net\/6\/2019\/10\/FESTIBIKE-35.JPG-1-300x225.jpg 300w, https:\/\/d2p6e6u75xmxt8.cloudfront.net\/6\/2019\/10\/FESTIBIKE-35.JPG-1-768x576.jpg 768w, https:\/\/d2p6e6u75xmxt8.cloudfront.net\/6\/2019\/10\/FESTIBIKE-35.JPG-1.jpg 1067w\" sizes=\"auto, (max-width: 1024px) 100vw, 1024px\" \/><\/a> <a href=\"https:\/\/d2p6e6u75xmxt8.cloudfront.net\/6\/2019\/10\/FESTIBIKE-47.JPG-1.jpg\"><img loading=\"lazy\" decoding=\"async\" class=\"aligncenter size-large wp-image-5560\" src=\"https:\/\/d2p6e6u75xmxt8.cloudfront.net\/6\/2019\/10\/FESTIBIKE-47.JPG-1-1024x719.jpg\" alt=\"\" width=\"1024\" height=\"719\" srcset=\"https:\/\/d2p6e6u75xmxt8.cloudfront.net\/6\/2019\/10\/FESTIBIKE-47.JPG-1-1024x719.jpg 1024w, https:\/\/d2p6e6u75xmxt8.cloudfront.net\/6\/2019\/10\/FESTIBIKE-47.JPG-1-300x211.jpg 300w, https:\/\/d2p6e6u75xmxt8.cloudfront.net\/6\/2019\/10\/FESTIBIKE-47.JPG-1-768x539.jpg 768w, https:\/\/d2p6e6u75xmxt8.cloudfront.net\/6\/2019\/10\/FESTIBIKE-47.JPG-1.jpg 1139w\" sizes=\"auto, (max-width: 1024px) 100vw, 1024px\" \/><\/a><\/p>\n<h2><strong>Dobles, el\u00e9ctricas, uniplato&#8230;<\/strong><\/h2>\n<p>El mercado que siempre es m\u00e1s susceptible a los cambios y las nuevas tendencias es el de MTB. Fueron los primeros en introducir el disco, el tubeless, el monoplato, las bicicletas con pedaleo asistido&#8230; y ya de por si tienen las de solo suspensi\u00f3n delantera (con uno o dos brazos), doble suspensi\u00f3n, ruedas de 29 pulgadas, de 27,5&#8230;<\/p>\n<p>As\u00ed que la visita a Festibike 2019 se resume en la variedad.<\/p>\n<p><a href=\"https:\/\/d2p6e6u75xmxt8.cloudfront.net\/6\/2019\/10\/FESTIBIKE-5.JPG.jpg\"><img loading=\"lazy\" decoding=\"async\" class=\"aligncenter size-large wp-image-5562\" src=\"https:\/\/d2p6e6u75xmxt8.cloudfront.net\/6\/2019\/10\/FESTIBIKE-5.JPG-1024x632.jpg\" alt=\"\" width=\"1024\" height=\"632\" srcset=\"https:\/\/d2p6e6u75xmxt8.cloudfront.net\/6\/2019\/10\/FESTIBIKE-5.JPG-1024x632.jpg 1024w, https:\/\/d2p6e6u75xmxt8.cloudfront.net\/6\/2019\/10\/FESTIBIKE-5.JPG-300x185.jpg 300w, https:\/\/d2p6e6u75xmxt8.cloudfront.net\/6\/2019\/10\/FESTIBIKE-5.JPG-768x474.jpg 768w, https:\/\/d2p6e6u75xmxt8.cloudfront.net\/6\/2019\/10\/FESTIBIKE-5.JPG.jpg 1200w\" sizes=\"auto, (max-width: 1024px) 100vw, 1024px\" \/><\/a> <a href=\"https:\/\/d2p6e6u75xmxt8.cloudfront.net\/6\/2019\/10\/FESTIBIKE-14.JPG.jpg\"><img loading=\"lazy\" decoding=\"async\" class=\"aligncenter size-large wp-image-5563\" src=\"https:\/\/d2p6e6u75xmxt8.cloudfront.net\/6\/2019\/10\/FESTIBIKE-14.JPG-1024x772.jpg\" alt=\"\" width=\"1024\" height=\"772\" srcset=\"https:\/\/d2p6e6u75xmxt8.cloudfront.net\/6\/2019\/10\/FESTIBIKE-14.JPG-1024x772.jpg 1024w, https:\/\/d2p6e6u75xmxt8.cloudfront.net\/6\/2019\/10\/FESTIBIKE-14.JPG-300x226.jpg 300w, https:\/\/d2p6e6u75xmxt8.cloudfront.net\/6\/2019\/10\/FESTIBIKE-14.JPG-768x579.jpg 768w, https:\/\/d2p6e6u75xmxt8.cloudfront.net\/6\/2019\/10\/FESTIBIKE-14.JPG.jpg 1061w\" sizes=\"auto, (max-width: 1024px) 100vw, 1024px\" \/><\/a> <a href=\"https:\/\/d2p6e6u75xmxt8.cloudfront.net\/6\/2019\/10\/FESTIBIKE-17.JPG.jpg\"><img loading=\"lazy\" decoding=\"async\" class=\"aligncenter size-large wp-image-5564\" src=\"https:\/\/d2p6e6u75xmxt8.cloudfront.net\/6\/2019\/10\/FESTIBIKE-17.JPG-1024x640.jpg\" alt=\"\" width=\"1024\" height=\"640\" srcset=\"https:\/\/d2p6e6u75xmxt8.cloudfront.net\/6\/2019\/10\/FESTIBIKE-17.JPG-1024x640.jpg 1024w, https:\/\/d2p6e6u75xmxt8.cloudfront.net\/6\/2019\/10\/FESTIBIKE-17.JPG-300x188.jpg 300w, https:\/\/d2p6e6u75xmxt8.cloudfront.net\/6\/2019\/10\/FESTIBIKE-17.JPG-768x480.jpg 768w, https:\/\/d2p6e6u75xmxt8.cloudfront.net\/6\/2019\/10\/FESTIBIKE-17.JPG.jpg 1200w\" sizes=\"auto, (max-width: 1024px) 100vw, 1024px\" \/><\/a> <a href=\"https:\/\/d2p6e6u75xmxt8.cloudfront.net\/6\/2019\/10\/FESTIBIKE-27.JPG.jpg\"><img loading=\"lazy\" decoding=\"async\" class=\"aligncenter size-large wp-image-5565\" src=\"https:\/\/d2p6e6u75xmxt8.cloudfront.net\/6\/2019\/10\/FESTIBIKE-27.JPG-1024x768.jpg\" alt=\"\" width=\"1024\" height=\"768\" srcset=\"https:\/\/d2p6e6u75xmxt8.cloudfront.net\/6\/2019\/10\/FESTIBIKE-27.JPG-1024x768.jpg 1024w, https:\/\/d2p6e6u75xmxt8.cloudfront.net\/6\/2019\/10\/FESTIBIKE-27.JPG-300x225.jpg 300w, https:\/\/d2p6e6u75xmxt8.cloudfront.net\/6\/2019\/10\/FESTIBIKE-27.JPG-768x576.jpg 768w, https:\/\/d2p6e6u75xmxt8.cloudfront.net\/6\/2019\/10\/FESTIBIKE-27.JPG.jpg 1067w\" sizes=\"auto, (max-width: 1024px) 100vw, 1024px\" \/><\/a> <a href=\"https:\/\/d2p6e6u75xmxt8.cloudfront.net\/6\/2019\/10\/FESTIBIKE-50.JPG.jpg\"><img loading=\"lazy\" decoding=\"async\" class=\"aligncenter size-large wp-image-5566\" src=\"https:\/\/d2p6e6u75xmxt8.cloudfront.net\/6\/2019\/10\/FESTIBIKE-50.JPG-1024x768.jpg\" alt=\"\" width=\"1024\" height=\"768\" srcset=\"https:\/\/d2p6e6u75xmxt8.cloudfront.net\/6\/2019\/10\/FESTIBIKE-50.JPG-1024x768.jpg 1024w, https:\/\/d2p6e6u75xmxt8.cloudfront.net\/6\/2019\/10\/FESTIBIKE-50.JPG-300x225.jpg 300w, https:\/\/d2p6e6u75xmxt8.cloudfront.net\/6\/2019\/10\/FESTIBIKE-50.JPG-768x576.jpg 768w, https:\/\/d2p6e6u75xmxt8.cloudfront.net\/6\/2019\/10\/FESTIBIKE-50.JPG.jpg 1067w\" sizes=\"auto, (max-width: 1024px) 100vw, 1024px\" \/><\/a> <a href=\"https:\/\/d2p6e6u75xmxt8.cloudfront.net\/6\/2019\/10\/FESTIBIKE-55.JPG.jpg\"><img loading=\"lazy\" decoding=\"async\" class=\"aligncenter size-large wp-image-5567\" src=\"https:\/\/d2p6e6u75xmxt8.cloudfront.net\/6\/2019\/10\/FESTIBIKE-55.JPG.jpg\" alt=\"\" width=\"966\" height=\"800\" srcset=\"https:\/\/d2p6e6u75xmxt8.cloudfront.net\/6\/2019\/10\/FESTIBIKE-55.JPG.jpg 966w, https:\/\/d2p6e6u75xmxt8.cloudfront.net\/6\/2019\/10\/FESTIBIKE-55.JPG-300x248.jpg 300w, https:\/\/d2p6e6u75xmxt8.cloudfront.net\/6\/2019\/10\/FESTIBIKE-55.JPG-768x636.jpg 768w\" sizes=\"auto, (max-width: 966px) 100vw, 966px\" \/><\/a><\/p>\n","protected":false},"excerpt":{"rendered":"<p>Si hay algo que define el mundo de la bicicleta es su constante evoluci\u00f3n. Ferias como Festibike 2019 son el [&hellip;]<\/p>\n","protected":false},"author":29,"featured_media":5562,"comment_status":"open","ping_status":"open","sticky":false,"template":"","format":"standard","meta":{"footnotes":""},"categories":[7,9],"tags":[1292,1293,1294],"global-categories":[1164],"class_list":["post-5525","post","type-post","status-publish","format-standard","has-post-thumbnail","hentry","category-carretera","category-mtb-aventura","tag-bicicletas-2020","tag-festibike-2019","tag-tendencias-ciclistas-2020","global-categories-cycling"],"yoast_head":"<!-- This site is optimized with the Yoast SEO Premium plugin v25.3 (Yoast SEO v25.9) - https:\/\/yoast.com\/wordpress\/plugins\/seo\/ -->\n<title>Tendencias ciclistas para 2020. Festibike 2019 - \u0160koda We Love Cycling - Spain<\/title>\n<meta name=\"description\" content=\"Tendencias ciclistas para 2020. El mercado de la bicicleta para el futuro que pudismo ver en la Feria Festibie 2019, celebrada en Madrid.\" \/>\n<meta name=\"robots\" content=\"index, follow, max-snippet:-1, max-image-preview:large, max-video-preview:-1\" \/>\n<link rel=\"canonical\" href=\"https:\/\/www.welovecycling.com\/es\/2019\/10\/22\/tendecias-ciclistas-para-2020\/\" \/>\n<meta property=\"og:locale\" content=\"es_ES\" \/>\n<meta property=\"og:type\" content=\"article\" \/>\n<meta property=\"og:title\" content=\"Tendencias ciclistas para 2020\" \/>\n<meta property=\"og:description\" content=\"Tendencias ciclistas para 2020. El mercado de la bicicleta para el futuro que pudismo ver en la Feria Festibie 2019, celebrada en Madrid.\" \/>\n<meta property=\"og:url\" content=\"https:\/\/www.welovecycling.com\/es\/2019\/10\/22\/tendecias-ciclistas-para-2020\/\" \/>\n<meta property=\"og:site_name\" content=\"\u0160koda We Love Cycling - Spain\" \/>\n<meta property=\"article:published_time\" content=\"2019-10-22T13:17:54+00:00\" \/>\n<meta property=\"og:image\" content=\"https:\/\/d2p6e6u75xmxt8.cloudfront.net\/6\/2019\/10\/FESTIBIKE-5.JPG.jpg\" \/>\n\t<meta property=\"og:image:width\" content=\"1200\" \/>\n\t<meta property=\"og:image:height\" content=\"741\" \/>\n\t<meta property=\"og:image:type\" content=\"image\/jpeg\" \/>\n<meta name=\"author\" content=\"We Love Cycling Spain\" \/>\n<meta name=\"twitter:card\" content=\"summary_large_image\" \/>\n<meta name=\"twitter:title\" content=\"Tendencias ciclistas para 2020\" \/>\n<meta name=\"twitter:description\" content=\"Tendencias ciclistas para 2020. El mercado de la bicicleta para el futuro que pudismo ver en la Feria Festibie 2019, celebrada en Madrid.\" \/>\n<meta name=\"twitter:label1\" content=\"Written by\" \/>\n\t<meta name=\"twitter:data1\" content=\"Luis Ortega @Ciclored\" \/>\n\t<meta name=\"twitter:label2\" content=\"Est. reading time\" \/>\n\t<meta name=\"twitter:data2\" content=\"3 minutes\" \/>\n<script type=\"application\/ld+json\" class=\"yoast-schema-graph\">{\"@context\":\"https:\/\/schema.org\",\"@graph\":[{\"@type\":\"WebPage\",\"@id\":\"https:\/\/www.welovecycling.com\/es\/2019\/10\/22\/tendecias-ciclistas-para-2020\/\",\"url\":\"https:\/\/www.welovecycling.com\/es\/2019\/10\/22\/tendecias-ciclistas-para-2020\/\",\"name\":\"Tendencias ciclistas para 2020. Festibike 2019 - \u0160koda We Love Cycling - Spain\",\"isPartOf\":{\"@id\":\"https:\/\/www.welovecycling.com\/es\/#website\"},\"primaryImageOfPage\":{\"@id\":\"https:\/\/www.welovecycling.com\/es\/2019\/10\/22\/tendecias-ciclistas-para-2020\/#primaryimage\"},\"image\":{\"@id\":\"https:\/\/www.welovecycling.com\/es\/2019\/10\/22\/tendecias-ciclistas-para-2020\/#primaryimage\"},\"thumbnailUrl\":\"https:\/\/d2p6e6u75xmxt8.cloudfront.net\/6\/2019\/10\/FESTIBIKE-5.JPG.jpg\",\"datePublished\":\"2019-10-22T13:17:54+00:00\",\"author\":{\"@id\":\"https:\/\/www.welovecycling.com\/es\/#\/schema\/person\/deb61715b5812698ee79fb96f343ccd4\"},\"description\":\"Tendencias ciclistas para 2020. El mercado de la bicicleta para el futuro que pudismo ver en la Feria Festibie 2019, celebrada en Madrid.\",\"breadcrumb\":{\"@id\":\"https:\/\/www.welovecycling.com\/es\/2019\/10\/22\/tendecias-ciclistas-para-2020\/#breadcrumb\"},\"inLanguage\":\"es-ES\",\"potentialAction\":[{\"@type\":\"ReadAction\",\"target\":[\"https:\/\/www.welovecycling.com\/es\/2019\/10\/22\/tendecias-ciclistas-para-2020\/\"]}]},{\"@type\":\"ImageObject\",\"inLanguage\":\"es-ES\",\"@id\":\"https:\/\/www.welovecycling.com\/es\/2019\/10\/22\/tendecias-ciclistas-para-2020\/#primaryimage\",\"url\":\"https:\/\/d2p6e6u75xmxt8.cloudfront.net\/6\/2019\/10\/FESTIBIKE-5.JPG.jpg\",\"contentUrl\":\"https:\/\/d2p6e6u75xmxt8.cloudfront.net\/6\/2019\/10\/FESTIBIKE-5.JPG.jpg\",\"width\":1200,\"height\":741},{\"@type\":\"BreadcrumbList\",\"@id\":\"https:\/\/www.welovecycling.com\/es\/2019\/10\/22\/tendecias-ciclistas-para-2020\/#breadcrumb\",\"itemListElement\":[{\"@type\":\"ListItem\",\"position\":1,\"name\":\"Home\",\"item\":\"https:\/\/www.welovecycling.com\/es\/\"},{\"@type\":\"ListItem\",\"position\":2,\"name\":\"Tendencias ciclistas para 2020. Festibike 2019\"}]},{\"@type\":\"WebSite\",\"@id\":\"https:\/\/www.welovecycling.com\/es\/#website\",\"url\":\"https:\/\/www.welovecycling.com\/es\/\",\"name\":\"\u0160koda We Love Cycling - Spain\",\"description\":\"\u0160koda WeLoveCycling Spain\",\"potentialAction\":[{\"@type\":\"SearchAction\",\"target\":{\"@type\":\"EntryPoint\",\"urlTemplate\":\"https:\/\/www.welovecycling.com\/es\/?s={search_term_string}\"},\"query-input\":{\"@type\":\"PropertyValueSpecification\",\"valueRequired\":true,\"valueName\":\"search_term_string\"}}],\"inLanguage\":\"es-ES\"},{\"@type\":\"Person\",\"@id\":\"https:\/\/www.welovecycling.com\/es\/#\/schema\/person\/deb61715b5812698ee79fb96f343ccd4\",\"name\":\"We Love Cycling Spain\",\"image\":{\"@type\":\"ImageObject\",\"inLanguage\":\"es-ES\",\"@id\":\"https:\/\/www.welovecycling.com\/es\/#\/schema\/person\/image\/\",\"url\":\"https:\/\/secure.gravatar.com\/avatar\/c824b04e6df0e37a03219d0b6481672889df542894588964102459e46513159c?s=96&d=mm&r=g\",\"contentUrl\":\"https:\/\/secure.gravatar.com\/avatar\/c824b04e6df0e37a03219d0b6481672889df542894588964102459e46513159c?s=96&d=mm&r=g\",\"caption\":\"We Love Cycling Spain\"},\"url\":\"https:\/\/www.welovecycling.com\/es\/author\/amunoz\/\"}]}<\/script>\n<!-- \/ Yoast SEO Premium plugin. -->","yoast_head_json":{"title":"Tendencias ciclistas para 2020. Festibike 2019 - \u0160koda We Love Cycling - Spain","description":"Tendencias ciclistas para 2020. El mercado de la bicicleta para el futuro que pudismo ver en la Feria Festibie 2019, celebrada en Madrid.","robots":{"index":"index","follow":"follow","max-snippet":"max-snippet:-1","max-image-preview":"max-image-preview:large","max-video-preview":"max-video-preview:-1"},"canonical":"https:\/\/www.welovecycling.com\/es\/2019\/10\/22\/tendecias-ciclistas-para-2020\/","og_locale":"es_ES","og_type":"article","og_title":"Tendencias ciclistas para 2020","og_description":"Tendencias ciclistas para 2020. El mercado de la bicicleta para el futuro que pudismo ver en la Feria Festibie 2019, celebrada en Madrid.","og_url":"https:\/\/www.welovecycling.com\/es\/2019\/10\/22\/tendecias-ciclistas-para-2020\/","og_site_name":"\u0160koda We Love Cycling - Spain","article_published_time":"2019-10-22T13:17:54+00:00","og_image":[{"width":1200,"height":741,"url":"https:\/\/d2p6e6u75xmxt8.cloudfront.net\/6\/2019\/10\/FESTIBIKE-5.JPG.jpg","type":"image\/jpeg"}],"author":"We Love Cycling Spain","twitter_card":"summary_large_image","twitter_title":"Tendencias ciclistas para 2020","twitter_description":"Tendencias ciclistas para 2020. El mercado de la bicicleta para el futuro que pudismo ver en la Feria Festibie 2019, celebrada en Madrid.","twitter_misc":{"Written by":"Luis Ortega @Ciclored","Est. reading time":"3 minutes"},"schema":{"@context":"https:\/\/schema.org","@graph":[{"@type":"WebPage","@id":"https:\/\/www.welovecycling.com\/es\/2019\/10\/22\/tendecias-ciclistas-para-2020\/","url":"https:\/\/www.welovecycling.com\/es\/2019\/10\/22\/tendecias-ciclistas-para-2020\/","name":"Tendencias ciclistas para 2020. Festibike 2019 - \u0160koda We Love Cycling - Spain","isPartOf":{"@id":"https:\/\/www.welovecycling.com\/es\/#website"},"primaryImageOfPage":{"@id":"https:\/\/www.welovecycling.com\/es\/2019\/10\/22\/tendecias-ciclistas-para-2020\/#primaryimage"},"image":{"@id":"https:\/\/www.welovecycling.com\/es\/2019\/10\/22\/tendecias-ciclistas-para-2020\/#primaryimage"},"thumbnailUrl":"https:\/\/d2p6e6u75xmxt8.cloudfront.net\/6\/2019\/10\/FESTIBIKE-5.JPG.jpg","datePublished":"2019-10-22T13:17:54+00:00","author":{"@id":"https:\/\/www.welovecycling.com\/es\/#\/schema\/person\/deb61715b5812698ee79fb96f343ccd4"},"description":"Tendencias ciclistas para 2020. El mercado de la bicicleta para el futuro que pudismo ver en la Feria Festibie 2019, celebrada en Madrid.","breadcrumb":{"@id":"https:\/\/www.welovecycling.com\/es\/2019\/10\/22\/tendecias-ciclistas-para-2020\/#breadcrumb"},"inLanguage":"es-ES","potentialAction":[{"@type":"ReadAction","target":["https:\/\/www.welovecycling.com\/es\/2019\/10\/22\/tendecias-ciclistas-para-2020\/"]}]},{"@type":"ImageObject","inLanguage":"es-ES","@id":"https:\/\/www.welovecycling.com\/es\/2019\/10\/22\/tendecias-ciclistas-para-2020\/#primaryimage","url":"https:\/\/d2p6e6u75xmxt8.cloudfront.net\/6\/2019\/10\/FESTIBIKE-5.JPG.jpg","contentUrl":"https:\/\/d2p6e6u75xmxt8.cloudfront.net\/6\/2019\/10\/FESTIBIKE-5.JPG.jpg","width":1200,"height":741},{"@type":"BreadcrumbList","@id":"https:\/\/www.welovecycling.com\/es\/2019\/10\/22\/tendecias-ciclistas-para-2020\/#breadcrumb","itemListElement":[{"@type":"ListItem","position":1,"name":"Home","item":"https:\/\/www.welovecycling.com\/es\/"},{"@type":"ListItem","position":2,"name":"Tendencias ciclistas para 2020. Festibike 2019"}]},{"@type":"WebSite","@id":"https:\/\/www.welovecycling.com\/es\/#website","url":"https:\/\/www.welovecycling.com\/es\/","name":"\u0160koda We Love Cycling - Spain","description":"\u0160koda WeLoveCycling Spain","potentialAction":[{"@type":"SearchAction","target":{"@type":"EntryPoint","urlTemplate":"https:\/\/www.welovecycling.com\/es\/?s={search_term_string}"},"query-input":{"@type":"PropertyValueSpecification","valueRequired":true,"valueName":"search_term_string"}}],"inLanguage":"es-ES"},{"@type":"Person","@id":"https:\/\/www.welovecycling.com\/es\/#\/schema\/person\/deb61715b5812698ee79fb96f343ccd4","name":"We Love Cycling Spain","image":{"@type":"ImageObject","inLanguage":"es-ES","@id":"https:\/\/www.welovecycling.com\/es\/#\/schema\/person\/image\/","url":"https:\/\/secure.gravatar.com\/avatar\/c824b04e6df0e37a03219d0b6481672889df542894588964102459e46513159c?s=96&d=mm&r=g","contentUrl":"https:\/\/secure.gravatar.com\/avatar\/c824b04e6df0e37a03219d0b6481672889df542894588964102459e46513159c?s=96&d=mm&r=g","caption":"We Love Cycling Spain"},"url":"https:\/\/www.welovecycling.com\/es\/author\/amunoz\/"}]}},"_links":{"self":[{"href":"https:\/\/www.welovecycling.com\/es\/wp-json\/wp\/v2\/posts\/5525","targetHints":{"allow":["GET"]}}],"collection":[{"href":"https:\/\/www.welovecycling.com\/es\/wp-json\/wp\/v2\/posts"}],"about":[{"href":"https:\/\/www.welovecycling.com\/es\/wp-json\/wp\/v2\/types\/post"}],"author":[{"embeddable":true,"href":"https:\/\/www.welovecycling.com\/es\/wp-json\/wp\/v2\/users\/29"}],"replies":[{"embeddable":true,"href":"https:\/\/www.welovecycling.com\/es\/wp-json\/wp\/v2\/comments?post=5525"}],"version-history":[{"count":2,"href":"https:\/\/www.welovecycling.com\/es\/wp-json\/wp\/v2\/posts\/5525\/revisions"}],"predecessor-version":[{"id":5568,"href":"https:\/\/www.welovecycling.com\/es\/wp-json\/wp\/v2\/posts\/5525\/revisions\/5568"}],"wp:featuredmedia":[{"embeddable":true,"href":"https:\/\/www.welovecycling.com\/es\/wp-json\/wp\/v2\/media\/5562"}],"wp:attachment":[{"href":"https:\/\/www.welovecycling.com\/es\/wp-json\/wp\/v2\/media?parent=5525"}],"wp:term":[{"taxonomy":"category","embeddable":true,"href":"https:\/\/www.welovecycling.com\/es\/wp-json\/wp\/v2\/categories?post=5525"},{"taxonomy":"post_tag","embeddable":true,"href":"https:\/\/www.welovecycling.com\/es\/wp-json\/wp\/v2\/tags?post=5525"},{"taxonomy":"global-categories","embeddable":true,"href":"https:\/\/www.welovecycling.com\/es\/wp-json\/wp\/v2\/global-categories?post=5525"}],"curies":[{"name":"wp","href":"https:\/\/api.w.org\/{rel}","templated":true}]}}