{"id":5503,"date":"2019-10-18T13:10:05","date_gmt":"2019-10-18T11:10:05","guid":{"rendered":"https:\/\/www.welovecycling.com\/es\/?p=5503"},"modified":"2019-10-18T13:10:05","modified_gmt":"2019-10-18T11:10:05","slug":"entrenamiento-ciclista-semanal","status":"publish","type":"post","link":"https:\/\/www.welovecycling.com\/es\/2019\/10\/18\/entrenamiento-ciclista-semanal\/","title":{"rendered":"Construye tu propio plan de entrenamiento \u2013 El entrenamiento ciclista semanal"},"content":{"rendered":"<p><strong>Cada ciclista que empieza a entrenar m\u00e1s seriamente probablemente tiene un plan semanal. Por lo general hay algunos d\u00edas de entrenos largos, algunos trabajos de velocidad y algunos d\u00edas de descanso, pero \u00bfes esa la estructura correcta? Echemos un vistazo m\u00e1s de cerca a c\u00f3mo configurar tu semana de entrenamiento, o un microciclo, para que tenga sentido dentro de un mesociclo pero tambi\u00e9n encaje en todos los entrenamientos correctos.<\/strong><br \/>\n<!--more--><\/p>\n<h2><strong>Comienza con un objetivo<\/strong><\/h2>\n<p>Al igual que con los objetivos estacionales y los objetivos del mesociclo, los microciclos tambi\u00e9n necesitan ser establecidos con un prop\u00f3sito espec\u00edfico. Debe basarse en el objetivo del mesociclo matriz y en lo lejos que se est\u00e1 de lograrlo. Ejemplos podr\u00edan ser objetivos muy comunes como mantener la resistencia aer\u00f3bica o mejorar la potencia umbral. Sin embargo, si est\u00e1s en tu semana de recuperaci\u00f3n, los objetivos deben ser muy diferentes, por ejemplo, mejorar las habilidades de manejo o reducir la fatiga aguda de la carga de entrenamiento anterior.<\/p>\n<figure id=\"attachment_5504\" aria-describedby=\"caption-attachment-5504\" style=\"width: 1250px\" class=\"wp-caption alignnone\"><a href=\"https:\/\/d2p6e6u75xmxt8.cloudfront.net\/6\/2019\/10\/Cycling-Training-profimedia-0235918260.jpg\"><img loading=\"lazy\" decoding=\"async\" class=\"size-full wp-image-5504\" src=\"https:\/\/d2p6e6u75xmxt8.cloudfront.net\/6\/2019\/10\/Cycling-Training-profimedia-0235918260.jpg\" alt=\"\" width=\"1250\" height=\"831\" srcset=\"https:\/\/d2p6e6u75xmxt8.cloudfront.net\/6\/2019\/10\/Cycling-Training-profimedia-0235918260.jpg 1250w, https:\/\/d2p6e6u75xmxt8.cloudfront.net\/6\/2019\/10\/Cycling-Training-profimedia-0235918260-300x199.jpg 300w, https:\/\/d2p6e6u75xmxt8.cloudfront.net\/6\/2019\/10\/Cycling-Training-profimedia-0235918260-768x511.jpg 768w, https:\/\/d2p6e6u75xmxt8.cloudfront.net\/6\/2019\/10\/Cycling-Training-profimedia-0235918260-1024x681.jpg 1024w, https:\/\/d2p6e6u75xmxt8.cloudfront.net\/6\/2019\/10\/Cycling-Training-profimedia-0235918260-272x182.jpg 272w\" sizes=\"auto, (max-width: 1250px) 100vw, 1250px\" \/><\/a><figcaption id=\"caption-attachment-5504\" class=\"wp-caption-text\">\u00a9 Jesse Wild \/ Future Publishing \/ \/ Shutterstock Editorial \/ Profimedia<\/figcaption><\/figure>\n<h2><strong><br \/>\nEscoge los ejercicios adecuados<\/strong><\/h2>\n<p>Es muy \u00fatil tener una colecci\u00f3n de entrenamientos categorizados. Np hay nada m\u00e1s desalentador que tener que construir una semana de entrenamiento desde cero cada vez. Puedes juntar todos los entrenamientos que hiciste en el pasado y dise\u00f1ar otros nuevos para rellenar los agujeros. Tambi\u00e9n puede ser \u00fatil utilizar Strava para buscar sesiones adecuadas. S\u00f3lo aseg\u00farate de que tu colecci\u00f3n de ejercicios est\u00e1 bien organizada y nombrada correctamente para que sea f\u00e1cil de usar.<\/p>\n<h2><strong>No repetir el mismo entrenamiento muchas veces<\/strong><\/h2>\n<p>Cada meta que tienes puede ser alcanzada a trav\u00e9s de una variedad de entrenamientos. Esto es bueno porque si s\u00f3lo hicieras intervalos de 4 minutos cada vez que quieras mejorar tu VO2max, te quemar\u00edas en ese entrenamiento. Repetir los ejercicios con demasiada frecuencia produce problemas f\u00edsicos, no s\u00f3lo psicol\u00f3gicos. Si haces un entrenamiento repetidamente, tu cuerpo se siente m\u00e1s c\u00f3modo haci\u00e9ndolo y pierde mucha de su capacidad para causar estr\u00e9s y por lo tanto no ser\u00e1 tan efectivo en producir adaptaciones de entrenamiento.<\/p>\n<figure id=\"attachment_5506\" aria-describedby=\"caption-attachment-5506\" style=\"width: 1366px\" class=\"wp-caption alignnone\"><a href=\"https:\/\/d2p6e6u75xmxt8.cloudfront.net\/6\/2019\/10\/training-cycling-profimedia-0303146691-CVR.jpg\"><img loading=\"lazy\" decoding=\"async\" class=\"wp-image-5506 size-full\" src=\"https:\/\/d2p6e6u75xmxt8.cloudfront.net\/6\/2019\/10\/training-cycling-profimedia-0303146691-CVR.jpg\" alt=\"\" width=\"1366\" height=\"600\" srcset=\"https:\/\/d2p6e6u75xmxt8.cloudfront.net\/6\/2019\/10\/training-cycling-profimedia-0303146691-CVR.jpg 1366w, https:\/\/d2p6e6u75xmxt8.cloudfront.net\/6\/2019\/10\/training-cycling-profimedia-0303146691-CVR-300x132.jpg 300w, https:\/\/d2p6e6u75xmxt8.cloudfront.net\/6\/2019\/10\/training-cycling-profimedia-0303146691-CVR-768x337.jpg 768w, https:\/\/d2p6e6u75xmxt8.cloudfront.net\/6\/2019\/10\/training-cycling-profimedia-0303146691-CVR-1024x450.jpg 1024w\" sizes=\"auto, (max-width: 1366px) 100vw, 1366px\" \/><\/a><figcaption id=\"caption-attachment-5506\" class=\"wp-caption-text\">\u00a9 Profimedia<\/figcaption><\/figure>\n<h2><strong><br \/>\nDos sesiones de intensidad a la semana<\/strong><\/h2>\n<p>El entrenamiento de alta intensidad, o cualquier cosa que est\u00e9 por encima del umbral de lactato, tiene el potencial de elevar el estado f\u00edsico r\u00e1pidamente, por eso es muy popular y por eso puede ser muy tentador incluir demasiadas sesiones de intensidad en una semana. El problema es que el exceso de intensidad tambi\u00e9n hace que la meseta sea r\u00e1pida. Por lo tanto, incluir m\u00e1s intensidad en una semana antes de una carrera tiene sentido porque se aprovecha el r\u00e1pido aumento de la forma f\u00edsica. Pero demasiada intensidad fuera de competici\u00f3n suele ser m\u00e1s perjudicial que beneficiosa. Dos sesiones de intensidad de alta calidad por semana son generalmente suficientes en condiciones normales.<\/p>\n<h2><strong>Empieza con un 90-10<\/strong><\/h2>\n<p>La organizaci\u00f3n que la mayor\u00eda de los profesionales utiliza se llama entrenamiento polarizado, o la divisi\u00f3n 90-10. Esto significa que alrededor del 90% del tiempo de entrenamiento semanal se pasa por debajo del umbral de lactato, &#8220;baja intensidad&#8221;, y alrededor del 10% del tiempo de entrenamiento por encima de \u00e9l, &#8220;alta intensidad&#8221;. Esta distribuci\u00f3n parece ofrecer el equilibrio \u00f3ptimo entre baja y alta intensidad que permite una mejora del estado f\u00edsico a largo plazo<\/p>\n<figure id=\"attachment_4925\" aria-describedby=\"caption-attachment-4925\" style=\"width: 1250px\" class=\"wp-caption alignnone\"><a href=\"https:\/\/d2p6e6u75xmxt8.cloudfront.net\/6\/2019\/06\/Training-profimedia-0374728737.jpg\"><img loading=\"lazy\" decoding=\"async\" class=\"size-full wp-image-4925\" src=\"https:\/\/d2p6e6u75xmxt8.cloudfront.net\/6\/2019\/06\/Training-profimedia-0374728737.jpg\" alt=\"\" width=\"1250\" height=\"833\" srcset=\"https:\/\/d2p6e6u75xmxt8.cloudfront.net\/6\/2019\/06\/Training-profimedia-0374728737.jpg 1250w, https:\/\/d2p6e6u75xmxt8.cloudfront.net\/6\/2019\/06\/Training-profimedia-0374728737-300x200.jpg 300w, https:\/\/d2p6e6u75xmxt8.cloudfront.net\/6\/2019\/06\/Training-profimedia-0374728737-768x512.jpg 768w, https:\/\/d2p6e6u75xmxt8.cloudfront.net\/6\/2019\/06\/Training-profimedia-0374728737-1024x682.jpg 1024w, https:\/\/d2p6e6u75xmxt8.cloudfront.net\/6\/2019\/06\/Training-profimedia-0374728737-272x182.jpg 272w\" sizes=\"auto, (max-width: 1250px) 100vw, 1250px\" \/><\/a><figcaption id=\"caption-attachment-4925\" class=\"wp-caption-text\">\u00a9 Profimedia, Caia Image<\/figcaption><\/figure>\n<h2><strong><br \/>\nOrganiza tu semana<\/strong><\/h2>\n<p>Una semana de entrenamiento no se compone s\u00f3lo de d\u00edas de entrenamiento. Adem\u00e1s de las 1 \u00f3 2 sesiones de alta intensidad y 3 \u00f3 4 sesiones de entrenamiento m\u00e1s largas y de menor intensidad, tambi\u00e9n debe planificar 1 \u00f3 2 d\u00edas de recuperaci\u00f3n. Organizar todas estas sesiones de capacitaci\u00f3n en tu horario semanal puede ser un gran desaf\u00edo, especialmente si tienes un trabajo de tiempo completo, familia y otras obligaciones sociales. La planificaci\u00f3n es la \u00fanica manera de tener una oportunidad.<br \/>\nEn el siguiente art\u00edculo vamos a entrar en m\u00e1s detalles sobre los entrenamientos de ciclismo individual, c\u00f3mo redactarlos, establecer duraciones e intensidades, y establecer un sistema de nomenclatura \u00fatil.<\/p>\n","protected":false},"excerpt":{"rendered":"<p>Cada ciclista que empieza a entrenar m\u00e1s seriamente probablemente tiene un plan semanal. Por lo general hay algunos d\u00edas de [&hellip;]<\/p>\n","protected":false},"author":29,"featured_media":5510,"comment_status":"open","ping_status":"open","sticky":false,"template":"","format":"standard","meta":{"footnotes":""},"categories":[7,9],"tags":[227,1281,1282,1283],"global-categories":[],"class_list":["post-5503","post","type-post","status-publish","format-standard","has-post-thumbnail","hentry","category-carretera","category-mtb-aventura","tag-entrenamiento-ciclista","tag-entrenamiento-ciclista-semanal","tag-planificacion-entrenamiento-ciclista","tag-planificacion-entrenamiento-ciclista-semanal"],"yoast_head":"<!-- This site is optimized with the Yoast SEO Premium plugin v25.3 (Yoast SEO v25.9) - https:\/\/yoast.com\/wordpress\/plugins\/seo\/ -->\n<title>Construye tu propio plan de entrenamiento \u2013 El entrenamiento ciclista semanal - \u0160koda We Love Cycling - Spain<\/title>\n<meta name=\"description\" content=\"Entrenamiento ciclista semanal. Como organizar los entrenamientos durante una semana con diversas intensidades dentro de un mesociclo.\" \/>\n<meta name=\"robots\" content=\"index, follow, max-snippet:-1, max-image-preview:large, max-video-preview:-1\" \/>\n<link rel=\"canonical\" href=\"https:\/\/www.welovecycling.com\/es\/2019\/10\/18\/entrenamiento-ciclista-semanal\/\" \/>\n<meta property=\"og:locale\" content=\"es_ES\" \/>\n<meta property=\"og:type\" content=\"article\" \/>\n<meta property=\"og:title\" content=\"Entrenamiento ciclista semanal\" \/>\n<meta property=\"og:description\" content=\"Entrenamiento ciclista semanal. Como organizar los entrenamientos durante una semana con diversas intensidades dentro de un mesociclo.\" \/>\n<meta property=\"og:url\" content=\"https:\/\/www.welovecycling.com\/es\/2019\/10\/18\/entrenamiento-ciclista-semanal\/\" \/>\n<meta property=\"og:site_name\" content=\"\u0160koda We Love Cycling - Spain\" \/>\n<meta property=\"article:published_time\" content=\"2019-10-18T11:10:05+00:00\" \/>\n<meta property=\"og:image\" content=\"https:\/\/d2p6e6u75xmxt8.cloudfront.net\/6\/2019\/10\/Team-Sky-Training-CVR-profimedia-0282774799.jpg\" \/>\n\t<meta property=\"og:image:width\" content=\"1366\" \/>\n\t<meta property=\"og:image:height\" content=\"600\" \/>\n\t<meta property=\"og:image:type\" content=\"image\/jpeg\" \/>\n<meta name=\"author\" content=\"We Love Cycling Spain\" \/>\n<meta name=\"twitter:card\" content=\"summary_large_image\" \/>\n<meta name=\"twitter:title\" content=\"Entrenamiento ciclista semanal\" \/>\n<meta name=\"twitter:description\" content=\"Entrenamiento ciclista semanal. Como organizar los entrenamientos durante una semana con diversas intensidades dentro de un mesociclo.\" \/>\n<meta name=\"twitter:label1\" content=\"Written by\" \/>\n\t<meta name=\"twitter:data1\" content=\"Monica Buck\" \/>\n\t<meta name=\"twitter:label2\" content=\"Est. reading time\" \/>\n\t<meta name=\"twitter:data2\" content=\"4\" \/>\n<script type=\"application\/ld+json\" class=\"yoast-schema-graph\">{\"@context\":\"https:\/\/schema.org\",\"@graph\":[{\"@type\":\"WebPage\",\"@id\":\"https:\/\/www.welovecycling.com\/es\/2019\/10\/18\/entrenamiento-ciclista-semanal\/\",\"url\":\"https:\/\/www.welovecycling.com\/es\/2019\/10\/18\/entrenamiento-ciclista-semanal\/\",\"name\":\"Construye tu propio plan de entrenamiento \u2013 El entrenamiento ciclista semanal - \u0160koda We Love Cycling - Spain\",\"isPartOf\":{\"@id\":\"https:\/\/www.welovecycling.com\/es\/#website\"},\"primaryImageOfPage\":{\"@id\":\"https:\/\/www.welovecycling.com\/es\/2019\/10\/18\/entrenamiento-ciclista-semanal\/#primaryimage\"},\"image\":{\"@id\":\"https:\/\/www.welovecycling.com\/es\/2019\/10\/18\/entrenamiento-ciclista-semanal\/#primaryimage\"},\"thumbnailUrl\":\"https:\/\/d2p6e6u75xmxt8.cloudfront.net\/6\/2019\/10\/Team-Sky-Training-CVR-profimedia-0282774799.jpg\",\"datePublished\":\"2019-10-18T11:10:05+00:00\",\"author\":{\"@id\":\"https:\/\/www.welovecycling.com\/es\/#\/schema\/person\/deb61715b5812698ee79fb96f343ccd4\"},\"description\":\"Entrenamiento ciclista semanal. Como organizar los entrenamientos durante una semana con diversas intensidades dentro de un mesociclo.\",\"breadcrumb\":{\"@id\":\"https:\/\/www.welovecycling.com\/es\/2019\/10\/18\/entrenamiento-ciclista-semanal\/#breadcrumb\"},\"inLanguage\":\"es-ES\",\"potentialAction\":[{\"@type\":\"ReadAction\",\"target\":[\"https:\/\/www.welovecycling.com\/es\/2019\/10\/18\/entrenamiento-ciclista-semanal\/\"]}]},{\"@type\":\"ImageObject\",\"inLanguage\":\"es-ES\",\"@id\":\"https:\/\/www.welovecycling.com\/es\/2019\/10\/18\/entrenamiento-ciclista-semanal\/#primaryimage\",\"url\":\"https:\/\/d2p6e6u75xmxt8.cloudfront.net\/6\/2019\/10\/Team-Sky-Training-CVR-profimedia-0282774799.jpg\",\"contentUrl\":\"https:\/\/d2p6e6u75xmxt8.cloudfront.net\/6\/2019\/10\/Team-Sky-Training-CVR-profimedia-0282774799.jpg\",\"width\":1366,\"height\":600},{\"@type\":\"BreadcrumbList\",\"@id\":\"https:\/\/www.welovecycling.com\/es\/2019\/10\/18\/entrenamiento-ciclista-semanal\/#breadcrumb\",\"itemListElement\":[{\"@type\":\"ListItem\",\"position\":1,\"name\":\"Home\",\"item\":\"https:\/\/www.welovecycling.com\/es\/\"},{\"@type\":\"ListItem\",\"position\":2,\"name\":\"Construye tu propio plan de entrenamiento \u2013 El entrenamiento ciclista semanal\"}]},{\"@type\":\"WebSite\",\"@id\":\"https:\/\/www.welovecycling.com\/es\/#website\",\"url\":\"https:\/\/www.welovecycling.com\/es\/\",\"name\":\"\u0160koda We Love Cycling - Spain\",\"description\":\"\u0160koda WeLoveCycling Spain\",\"potentialAction\":[{\"@type\":\"SearchAction\",\"target\":{\"@type\":\"EntryPoint\",\"urlTemplate\":\"https:\/\/www.welovecycling.com\/es\/?s={search_term_string}\"},\"query-input\":{\"@type\":\"PropertyValueSpecification\",\"valueRequired\":true,\"valueName\":\"search_term_string\"}}],\"inLanguage\":\"es-ES\"},{\"@type\":\"Person\",\"@id\":\"https:\/\/www.welovecycling.com\/es\/#\/schema\/person\/deb61715b5812698ee79fb96f343ccd4\",\"name\":\"We Love Cycling Spain\",\"image\":{\"@type\":\"ImageObject\",\"inLanguage\":\"es-ES\",\"@id\":\"https:\/\/www.welovecycling.com\/es\/#\/schema\/person\/image\/\",\"url\":\"https:\/\/secure.gravatar.com\/avatar\/c824b04e6df0e37a03219d0b6481672889df542894588964102459e46513159c?s=96&d=mm&r=g\",\"contentUrl\":\"https:\/\/secure.gravatar.com\/avatar\/c824b04e6df0e37a03219d0b6481672889df542894588964102459e46513159c?s=96&d=mm&r=g\",\"caption\":\"We Love Cycling Spain\"},\"url\":\"https:\/\/www.welovecycling.com\/es\/author\/amunoz\/\"}]}<\/script>\n<!-- \/ Yoast SEO Premium plugin. -->","yoast_head_json":{"title":"Construye tu propio plan de entrenamiento \u2013 El entrenamiento ciclista semanal - \u0160koda We Love Cycling - Spain","description":"Entrenamiento ciclista semanal. Como organizar los entrenamientos durante una semana con diversas intensidades dentro de un mesociclo.","robots":{"index":"index","follow":"follow","max-snippet":"max-snippet:-1","max-image-preview":"max-image-preview:large","max-video-preview":"max-video-preview:-1"},"canonical":"https:\/\/www.welovecycling.com\/es\/2019\/10\/18\/entrenamiento-ciclista-semanal\/","og_locale":"es_ES","og_type":"article","og_title":"Entrenamiento ciclista semanal","og_description":"Entrenamiento ciclista semanal. Como organizar los entrenamientos durante una semana con diversas intensidades dentro de un mesociclo.","og_url":"https:\/\/www.welovecycling.com\/es\/2019\/10\/18\/entrenamiento-ciclista-semanal\/","og_site_name":"\u0160koda We Love Cycling - Spain","article_published_time":"2019-10-18T11:10:05+00:00","og_image":[{"width":1366,"height":600,"url":"https:\/\/d2p6e6u75xmxt8.cloudfront.net\/6\/2019\/10\/Team-Sky-Training-CVR-profimedia-0282774799.jpg","type":"image\/jpeg"}],"author":"We Love Cycling Spain","twitter_card":"summary_large_image","twitter_title":"Entrenamiento ciclista semanal","twitter_description":"Entrenamiento ciclista semanal. Como organizar los entrenamientos durante una semana con diversas intensidades dentro de un mesociclo.","twitter_misc":{"Written by":"Monica Buck","Est. reading time":"4"},"schema":{"@context":"https:\/\/schema.org","@graph":[{"@type":"WebPage","@id":"https:\/\/www.welovecycling.com\/es\/2019\/10\/18\/entrenamiento-ciclista-semanal\/","url":"https:\/\/www.welovecycling.com\/es\/2019\/10\/18\/entrenamiento-ciclista-semanal\/","name":"Construye tu propio plan de entrenamiento \u2013 El entrenamiento ciclista semanal - \u0160koda We Love Cycling - Spain","isPartOf":{"@id":"https:\/\/www.welovecycling.com\/es\/#website"},"primaryImageOfPage":{"@id":"https:\/\/www.welovecycling.com\/es\/2019\/10\/18\/entrenamiento-ciclista-semanal\/#primaryimage"},"image":{"@id":"https:\/\/www.welovecycling.com\/es\/2019\/10\/18\/entrenamiento-ciclista-semanal\/#primaryimage"},"thumbnailUrl":"https:\/\/d2p6e6u75xmxt8.cloudfront.net\/6\/2019\/10\/Team-Sky-Training-CVR-profimedia-0282774799.jpg","datePublished":"2019-10-18T11:10:05+00:00","author":{"@id":"https:\/\/www.welovecycling.com\/es\/#\/schema\/person\/deb61715b5812698ee79fb96f343ccd4"},"description":"Entrenamiento ciclista semanal. Como organizar los entrenamientos durante una semana con diversas intensidades dentro de un mesociclo.","breadcrumb":{"@id":"https:\/\/www.welovecycling.com\/es\/2019\/10\/18\/entrenamiento-ciclista-semanal\/#breadcrumb"},"inLanguage":"es-ES","potentialAction":[{"@type":"ReadAction","target":["https:\/\/www.welovecycling.com\/es\/2019\/10\/18\/entrenamiento-ciclista-semanal\/"]}]},{"@type":"ImageObject","inLanguage":"es-ES","@id":"https:\/\/www.welovecycling.com\/es\/2019\/10\/18\/entrenamiento-ciclista-semanal\/#primaryimage","url":"https:\/\/d2p6e6u75xmxt8.cloudfront.net\/6\/2019\/10\/Team-Sky-Training-CVR-profimedia-0282774799.jpg","contentUrl":"https:\/\/d2p6e6u75xmxt8.cloudfront.net\/6\/2019\/10\/Team-Sky-Training-CVR-profimedia-0282774799.jpg","width":1366,"height":600},{"@type":"BreadcrumbList","@id":"https:\/\/www.welovecycling.com\/es\/2019\/10\/18\/entrenamiento-ciclista-semanal\/#breadcrumb","itemListElement":[{"@type":"ListItem","position":1,"name":"Home","item":"https:\/\/www.welovecycling.com\/es\/"},{"@type":"ListItem","position":2,"name":"Construye tu propio plan de entrenamiento \u2013 El entrenamiento ciclista semanal"}]},{"@type":"WebSite","@id":"https:\/\/www.welovecycling.com\/es\/#website","url":"https:\/\/www.welovecycling.com\/es\/","name":"\u0160koda We Love Cycling - Spain","description":"\u0160koda WeLoveCycling Spain","potentialAction":[{"@type":"SearchAction","target":{"@type":"EntryPoint","urlTemplate":"https:\/\/www.welovecycling.com\/es\/?s={search_term_string}"},"query-input":{"@type":"PropertyValueSpecification","valueRequired":true,"valueName":"search_term_string"}}],"inLanguage":"es-ES"},{"@type":"Person","@id":"https:\/\/www.welovecycling.com\/es\/#\/schema\/person\/deb61715b5812698ee79fb96f343ccd4","name":"We Love Cycling Spain","image":{"@type":"ImageObject","inLanguage":"es-ES","@id":"https:\/\/www.welovecycling.com\/es\/#\/schema\/person\/image\/","url":"https:\/\/secure.gravatar.com\/avatar\/c824b04e6df0e37a03219d0b6481672889df542894588964102459e46513159c?s=96&d=mm&r=g","contentUrl":"https:\/\/secure.gravatar.com\/avatar\/c824b04e6df0e37a03219d0b6481672889df542894588964102459e46513159c?s=96&d=mm&r=g","caption":"We Love Cycling Spain"},"url":"https:\/\/www.welovecycling.com\/es\/author\/amunoz\/"}]}},"_links":{"self":[{"href":"https:\/\/www.welovecycling.com\/es\/wp-json\/wp\/v2\/posts\/5503","targetHints":{"allow":["GET"]}}],"collection":[{"href":"https:\/\/www.welovecycling.com\/es\/wp-json\/wp\/v2\/posts"}],"about":[{"href":"https:\/\/www.welovecycling.com\/es\/wp-json\/wp\/v2\/types\/post"}],"author":[{"embeddable":true,"href":"https:\/\/www.welovecycling.com\/es\/wp-json\/wp\/v2\/users\/29"}],"replies":[{"embeddable":true,"href":"https:\/\/www.welovecycling.com\/es\/wp-json\/wp\/v2\/comments?post=5503"}],"version-history":[{"count":2,"href":"https:\/\/www.welovecycling.com\/es\/wp-json\/wp\/v2\/posts\/5503\/revisions"}],"predecessor-version":[{"id":5514,"href":"https:\/\/www.welovecycling.com\/es\/wp-json\/wp\/v2\/posts\/5503\/revisions\/5514"}],"wp:featuredmedia":[{"embeddable":true,"href":"https:\/\/www.welovecycling.com\/es\/wp-json\/wp\/v2\/media\/5510"}],"wp:attachment":[{"href":"https:\/\/www.welovecycling.com\/es\/wp-json\/wp\/v2\/media?parent=5503"}],"wp:term":[{"taxonomy":"category","embeddable":true,"href":"https:\/\/www.welovecycling.com\/es\/wp-json\/wp\/v2\/categories?post=5503"},{"taxonomy":"post_tag","embeddable":true,"href":"https:\/\/www.welovecycling.com\/es\/wp-json\/wp\/v2\/tags?post=5503"},{"taxonomy":"global-categories","embeddable":true,"href":"https:\/\/www.welovecycling.com\/es\/wp-json\/wp\/v2\/global-categories?post=5503"}],"curies":[{"name":"wp","href":"https:\/\/api.w.org\/{rel}","templated":true}]}}