{"id":5498,"date":"2019-10-15T13:55:23","date_gmt":"2019-10-15T11:55:23","guid":{"rendered":"https:\/\/www.welovecycling.com\/es\/?p=5498"},"modified":"2019-10-15T13:55:23","modified_gmt":"2019-10-15T11:55:23","slug":"un-tour-de-francia-2020-que-se-parece-cada-vez-mas-a-la-vuelta","status":"publish","type":"post","link":"https:\/\/www.welovecycling.com\/es\/2019\/10\/15\/un-tour-de-francia-2020-que-se-parece-cada-vez-mas-a-la-vuelta\/","title":{"rendered":"Un Tour de Francia 2020 que se parece cada vez m\u00e1s a La Vuelta"},"content":{"rendered":"<p><strong>Muchas monta\u00f1a y desde el inicio, hasta 9 etapas y poca crono, solo una y con final en alto, en La Planche delles Belles Filles. El Tour de Francia 2020 es el m\u00e1s innovador de los \u00faltimos a\u00f1os y toma las ideas de La Vuelta a Espa\u00f1a con el objetivo de hacer una carrera m\u00e1s abierta y emocionante.<\/strong><br \/>\n<!--more--><\/p>\n<p>Si algo le ha quedado claro a los <strong>Froome, Thomas, Roglic, Dumoulin<\/strong> y compa\u00f1\u00eda durante la presentaci\u00f3n del Tour 2020 (27 de junio a 19 de julio) es que deben olvidarse de entrenar la contrarreloj, centrarse en la monta\u00f1a y llegar finos a la primera semana de carrera. El Tour ha cogido los mimbres de La Vuelta y parece m\u00e1s dise\u00f1ado para ciclistas como <strong>Bernal, Pinot, Bardet, Alaphilippe o Landa<\/strong>, que no tendr\u00e1n que pagar un excesivo peaje en la contrarreloj y se podr\u00e1n labrar la victoria en la alta monta\u00f1a.<\/p>\n<p>En este 2020 se tocan todas las cadenas monta\u00f1osas de Francia. Ya solo en la primera semana empiezan por los Alpes Mar\u00edtimos en la segunda etapa, con <strong>Turini, Colmiane y Col de Eze<\/strong> (ojo, m\u00e1s de 3.500 metros de desnivel el segundo d\u00eda). La zona de Pre Alpes del sur con el final en <strong>Orcieres Merlette<\/strong> en la cuarta etapa (primera llegada en alto). El macizo central con el in\u00e9dito <strong>Mont Aigoual<\/strong>, que adem\u00e1s ser\u00e1 final de etapa. Y los <strong>Pirineos<\/strong> para el fin de semana, s\u00e1bado 4 y domingo 5 de julio. Las dos con llegadas planas, pero en la primera despu\u00e9s de encadenar <strong>Ment\u00e9, Bales y Peyresourde<\/strong>, con final en Loudenville y solo 8 kil\u00f3metros de descenso desde la cima. Y al d\u00eda siguiente una jornada por los Pirineos m\u00e1s cercanos a Navarra. Con el dur\u00edsimo <strong>Col de Hourceres<\/strong> (m\u00e1s conocido como Issarbe), <strong>Soudet, Col de Ichere, Marie Blanque,<\/strong> que no hay cicloturista espa\u00f1ol que no conozca y final en Laruns.<\/p>\n<p><a href=\"https:\/\/d2p6e6u75xmxt8.cloudfront.net\/6\/2019\/10\/VUELTA-189.JPG.jpg\"><img loading=\"lazy\" decoding=\"async\" class=\"aligncenter size-large wp-image-5500\" src=\"https:\/\/d2p6e6u75xmxt8.cloudfront.net\/6\/2019\/10\/VUELTA-189.JPG-1024x700.jpg\" alt=\"\" width=\"1024\" height=\"700\" srcset=\"https:\/\/d2p6e6u75xmxt8.cloudfront.net\/6\/2019\/10\/VUELTA-189.JPG-1024x700.jpg 1024w, https:\/\/d2p6e6u75xmxt8.cloudfront.net\/6\/2019\/10\/VUELTA-189.JPG-300x205.jpg 300w, https:\/\/d2p6e6u75xmxt8.cloudfront.net\/6\/2019\/10\/VUELTA-189.JPG-768x525.jpg 768w, https:\/\/d2p6e6u75xmxt8.cloudfront.net\/6\/2019\/10\/VUELTA-189.JPG.jpg 1171w\" sizes=\"auto, (max-width: 1024px) 100vw, 1024px\" \/><\/a><\/p>\n<p>Despu\u00e9s del primer d\u00eda de descanso, las tres etapas siguientes son m\u00e1s comedidas en monta\u00f1a. Atraviesan Francia de oeste a centro. Desde Ile de Oleron, pegada al Atl\u00e1ntico, a Sarran. Tiempo para velocistas y para buscar escapadas. Porque en la etapa 13 vuelve la monta\u00f1a con un recorrido pestoso por el parque natural de los volcanes de Auvernia y con final en el<strong> Pas de Peyrol<\/strong>, que tiene los \u00faltimos tres kil\u00f3metros al 12%. Jornada de transici\u00f3n al d\u00eda siguiente hasta Lyon y la segunda semana acaba en los pre Alpes con un etapa, la 15, el domingo 12 de julio, con tres puertos duros, con kil\u00f3metros a m\u00e1s del 12% de media dos de ellos y final en <strong>La Gran Colombier<\/strong>, con 17 kil\u00f3metros de subida al 7,5%.<\/p>\n<p>El <strong>d\u00eda de descanso dar\u00e1 paso a tres etapas<\/strong> seguidas de alta monta\u00f1a en los Alpes. La<strong> primera<\/strong> por la zona de Les Vercors. Tres puertos, Porte, Revel y Montee de Saint Nizier y final casi sin descenso y con un tramo llano de 10 kil\u00f3metros en Villard de Lans. Al d\u00eda siguiente salida en Grenoble y dos puertos de idiosioncrasia alpina. Primero el habitual<strong> La Madeleine<\/strong>, con sus 17 kil\u00f3metros al 8,5% de media. Y despu\u00e9s la subida a <strong>Meribel Col de la Loze,<\/strong> in\u00e9dito en el Tour y con 21 kil\u00f3metros al 7,5%, eso s\u00ed, los \u00faltimos 4 siempre por encima del 10%. La tercera etapa consecutiva en los Alpes discurre por la zona del <strong>Mont Blanc,<\/strong> con cuatro puertos, Cormet de Roselend, Aravis, Saises, el sterrato de <strong>Plateau des Glieres<\/strong> y final en descenso en La Roche sur Fouron.<\/p>\n<p>La antepen\u00faltima etapa ser\u00e1 para los sprinters antes de visitar Los Vosgos, la \u00fanica cadena monta\u00f1osa que faltaba en este Tour. Ser\u00e1 la \u00fanica contrarreloj de esta edici\u00f3n y en la pen\u00faltima etapa, la 20, el s\u00e1bado 18 de julio. De inicio, 20 kil\u00f3metros planos, despu\u00e9s otros 10 en ligera subida y los seis kil\u00f3metros finales de rampas dur\u00edsimas de La Planche delle Belles Files. Desde all\u00ed saldr\u00e1 vestido de amarillo el l\u00edder en Par\u00eds.<\/p>\n<h2><strong>Etapa 8. S\u00e1bado 4 de julio<\/strong><\/h2>\n<p><img loading=\"lazy\" decoding=\"async\" class=\"size-extra-large aligncenter\" src=\"https:\/\/img.aso.fr\/core_app\/img-cycling-tdf-jpg\/8\/18057\/0:0,1500:926-960-0-70\/b1430\" width=\"960\" height=\"593\" \/><\/p>\n<h2><strong>Etapa 9. Domingo 5 de julio<br \/>\n<img loading=\"lazy\" decoding=\"async\" class=\"alignnone size-extra-large\" src=\"https:\/\/img.aso.fr\/core_app\/img-cycling-tdf-jpg\/9\/18060\/0:0,1500:804-960-0-70\/6c4f5\" width=\"960\" height=\"515\" \/><\/strong><\/h2>\n<h2><strong>Etapa 13. Viernes 10 de julio<br \/>\n<\/strong><\/h2>\n<h2><strong><img loading=\"lazy\" decoding=\"async\" class=\"alignnone size-extra-large\" src=\"https:\/\/img.aso.fr\/core_app\/img-cycling-tdf-jpg\/13\/18061\/0:0,1500:767-960-0-70\/59601\" width=\"960\" height=\"491\" \/><br \/>\n<\/strong><\/h2>\n<h2><strong>Etapa 16. Martes 14 de julio<\/strong><strong><img loading=\"lazy\" decoding=\"async\" class=\"alignnone size-extra-large\" src=\"https:\/\/img.aso.fr\/core_app\/img-cycling-tdf-jpg\/16\/18058\/0:0,1500:1088-960-0-70\/b6981\" width=\"960\" height=\"696\" \/><\/strong><\/h2>\n<h2><strong>Etapa 18. Jueves 16 de julio<br \/>\n<img loading=\"lazy\" decoding=\"async\" class=\"alignnone size-extra-large\" src=\"https:\/\/img.aso.fr\/core_app\/img-cycling-tdf-jpg\/18\/18062\/0:0,1500:981-960-0-70\/55721\" width=\"960\" height=\"628\" \/><br \/>\n<\/strong><\/h2>\n<h2><strong>Etapa 20. S\u00e1bado 18 de julio<\/strong><\/h2>\n<h2><strong>\u00a0<\/strong><\/h2>\n<h2><strong><img loading=\"lazy\" decoding=\"async\" class=\"alignnone size-extra-large\" src=\"https:\/\/img.aso.fr\/core_app\/img-cycling-tdf-jpg\/20\/18059\/0:0,1500:1320-960-0-70\/373d0\" width=\"960\" height=\"845\" \/><\/strong><\/h2>\n","protected":false},"excerpt":{"rendered":"<p>Muchas monta\u00f1a y desde el inicio, hasta 9 etapas y poca crono, solo una y con final en alto, en [&hellip;]<\/p>\n","protected":false},"author":29,"featured_media":5499,"comment_status":"open","ping_status":"open","sticky":false,"template":"","format":"standard","meta":{"footnotes":""},"categories":[7],"tags":[1275,1276,1274,1277],"global-categories":[1164],"class_list":["post-5498","post","type-post","status-publish","format-standard","has-post-thumbnail","hentry","category-carretera","tag-etapas-tour-2020","tag-montana-tour-2020","tag-tour-2020","tag-tour-de-francia-2020","global-categories-cycling"],"yoast_head":"<!-- This site is optimized with the Yoast SEO Premium plugin v25.3 (Yoast SEO v25.9) - https:\/\/yoast.com\/wordpress\/plugins\/seo\/ -->\n<title>Un Tour de Francia 2020 que se parece cada vez m\u00e1s a La Vuelta - \u0160koda We Love Cycling - Spain<\/title>\n<meta name=\"description\" content=\"Tour de Francia 2020 cada vez m\u00e1s parecido a la Vuelta a Espa\u00f1a. El recorrido y las etapas clave del Tour de Francia 2020. Presentaci\u00f3n.\" \/>\n<meta name=\"robots\" content=\"index, follow, max-snippet:-1, max-image-preview:large, max-video-preview:-1\" \/>\n<link rel=\"canonical\" href=\"https:\/\/www.welovecycling.com\/es\/2019\/10\/15\/un-tour-de-francia-2020-que-se-parece-cada-vez-mas-a-la-vuelta\/\" \/>\n<meta property=\"og:locale\" content=\"es_ES\" \/>\n<meta property=\"og:type\" content=\"article\" \/>\n<meta property=\"og:title\" content=\"Un Tour de Francia 2020 que se parece cada vez m\u00e1s a La Vuelta\" \/>\n<meta property=\"og:description\" content=\"Tour de Francia 2020 cada vez m\u00e1s parecido a la Vuelta a Espa\u00f1a. El recorrido y las etapas clave del Tour de Francia 2020. Presentaci\u00f3n.\" \/>\n<meta property=\"og:url\" content=\"https:\/\/www.welovecycling.com\/es\/2019\/10\/15\/un-tour-de-francia-2020-que-se-parece-cada-vez-mas-a-la-vuelta\/\" \/>\n<meta property=\"og:site_name\" content=\"\u0160koda We Love Cycling - Spain\" \/>\n<meta property=\"article:published_time\" content=\"2019-10-15T11:55:23+00:00\" \/>\n<meta property=\"og:image\" content=\"https:\/\/d2p6e6u75xmxt8.cloudfront.net\/6\/2019\/10\/8cbf2.jpg\" \/>\n\t<meta property=\"og:image:width\" content=\"1200\" \/>\n\t<meta property=\"og:image:height\" content=\"1740\" \/>\n\t<meta property=\"og:image:type\" content=\"image\/jpeg\" \/>\n<meta name=\"author\" content=\"We Love Cycling Spain\" \/>\n<meta name=\"twitter:card\" content=\"summary_large_image\" \/>\n<meta name=\"twitter:title\" content=\"Un Tour de Francia 2020 que se parece cada vez m\u00e1s a La Vuelta\" \/>\n<meta name=\"twitter:description\" content=\"Tour de Francia 2020 cada vez m\u00e1s parecido a la Vuelta a Espa\u00f1a. El recorrido y las etapas clave del Tour de Francia 2020. Presentaci\u00f3n.\" \/>\n<meta name=\"twitter:label1\" content=\"Written by\" \/>\n\t<meta name=\"twitter:data1\" content=\"Luis Ortega @ciclored\" \/>\n\t<meta name=\"twitter:label2\" content=\"Est. reading time\" \/>\n\t<meta name=\"twitter:data2\" content=\"4 minutes\" \/>\n<script type=\"application\/ld+json\" class=\"yoast-schema-graph\">{\"@context\":\"https:\/\/schema.org\",\"@graph\":[{\"@type\":\"WebPage\",\"@id\":\"https:\/\/www.welovecycling.com\/es\/2019\/10\/15\/un-tour-de-francia-2020-que-se-parece-cada-vez-mas-a-la-vuelta\/\",\"url\":\"https:\/\/www.welovecycling.com\/es\/2019\/10\/15\/un-tour-de-francia-2020-que-se-parece-cada-vez-mas-a-la-vuelta\/\",\"name\":\"Un Tour de Francia 2020 que se parece cada vez m\u00e1s a La Vuelta - \u0160koda We Love Cycling - Spain\",\"isPartOf\":{\"@id\":\"https:\/\/www.welovecycling.com\/es\/#website\"},\"primaryImageOfPage\":{\"@id\":\"https:\/\/www.welovecycling.com\/es\/2019\/10\/15\/un-tour-de-francia-2020-que-se-parece-cada-vez-mas-a-la-vuelta\/#primaryimage\"},\"image\":{\"@id\":\"https:\/\/www.welovecycling.com\/es\/2019\/10\/15\/un-tour-de-francia-2020-que-se-parece-cada-vez-mas-a-la-vuelta\/#primaryimage\"},\"thumbnailUrl\":\"https:\/\/d2p6e6u75xmxt8.cloudfront.net\/6\/2019\/10\/8cbf2.jpg\",\"datePublished\":\"2019-10-15T11:55:23+00:00\",\"author\":{\"@id\":\"https:\/\/www.welovecycling.com\/es\/#\/schema\/person\/deb61715b5812698ee79fb96f343ccd4\"},\"description\":\"Tour de Francia 2020 cada vez m\u00e1s parecido a la Vuelta a Espa\u00f1a. El recorrido y las etapas clave del Tour de Francia 2020. Presentaci\u00f3n.\",\"breadcrumb\":{\"@id\":\"https:\/\/www.welovecycling.com\/es\/2019\/10\/15\/un-tour-de-francia-2020-que-se-parece-cada-vez-mas-a-la-vuelta\/#breadcrumb\"},\"inLanguage\":\"es-ES\",\"potentialAction\":[{\"@type\":\"ReadAction\",\"target\":[\"https:\/\/www.welovecycling.com\/es\/2019\/10\/15\/un-tour-de-francia-2020-que-se-parece-cada-vez-mas-a-la-vuelta\/\"]}]},{\"@type\":\"ImageObject\",\"inLanguage\":\"es-ES\",\"@id\":\"https:\/\/www.welovecycling.com\/es\/2019\/10\/15\/un-tour-de-francia-2020-que-se-parece-cada-vez-mas-a-la-vuelta\/#primaryimage\",\"url\":\"https:\/\/d2p6e6u75xmxt8.cloudfront.net\/6\/2019\/10\/8cbf2.jpg\",\"contentUrl\":\"https:\/\/d2p6e6u75xmxt8.cloudfront.net\/6\/2019\/10\/8cbf2.jpg\",\"width\":1200,\"height\":1740},{\"@type\":\"BreadcrumbList\",\"@id\":\"https:\/\/www.welovecycling.com\/es\/2019\/10\/15\/un-tour-de-francia-2020-que-se-parece-cada-vez-mas-a-la-vuelta\/#breadcrumb\",\"itemListElement\":[{\"@type\":\"ListItem\",\"position\":1,\"name\":\"Home\",\"item\":\"https:\/\/www.welovecycling.com\/es\/\"},{\"@type\":\"ListItem\",\"position\":2,\"name\":\"Un Tour de Francia 2020 que se parece cada vez m\u00e1s a La Vuelta\"}]},{\"@type\":\"WebSite\",\"@id\":\"https:\/\/www.welovecycling.com\/es\/#website\",\"url\":\"https:\/\/www.welovecycling.com\/es\/\",\"name\":\"\u0160koda We Love Cycling - Spain\",\"description\":\"\u0160koda WeLoveCycling Spain\",\"potentialAction\":[{\"@type\":\"SearchAction\",\"target\":{\"@type\":\"EntryPoint\",\"urlTemplate\":\"https:\/\/www.welovecycling.com\/es\/?s={search_term_string}\"},\"query-input\":{\"@type\":\"PropertyValueSpecification\",\"valueRequired\":true,\"valueName\":\"search_term_string\"}}],\"inLanguage\":\"es-ES\"},{\"@type\":\"Person\",\"@id\":\"https:\/\/www.welovecycling.com\/es\/#\/schema\/person\/deb61715b5812698ee79fb96f343ccd4\",\"name\":\"We Love Cycling Spain\",\"image\":{\"@type\":\"ImageObject\",\"inLanguage\":\"es-ES\",\"@id\":\"https:\/\/www.welovecycling.com\/es\/#\/schema\/person\/image\/\",\"url\":\"https:\/\/secure.gravatar.com\/avatar\/c824b04e6df0e37a03219d0b6481672889df542894588964102459e46513159c?s=96&d=mm&r=g\",\"contentUrl\":\"https:\/\/secure.gravatar.com\/avatar\/c824b04e6df0e37a03219d0b6481672889df542894588964102459e46513159c?s=96&d=mm&r=g\",\"caption\":\"We Love Cycling Spain\"},\"url\":\"https:\/\/www.welovecycling.com\/es\/author\/amunoz\/\"}]}<\/script>\n<!-- \/ Yoast SEO Premium plugin. -->","yoast_head_json":{"title":"Un Tour de Francia 2020 que se parece cada vez m\u00e1s a La Vuelta - \u0160koda We Love Cycling - Spain","description":"Tour de Francia 2020 cada vez m\u00e1s parecido a la Vuelta a Espa\u00f1a. El recorrido y las etapas clave del Tour de Francia 2020. Presentaci\u00f3n.","robots":{"index":"index","follow":"follow","max-snippet":"max-snippet:-1","max-image-preview":"max-image-preview:large","max-video-preview":"max-video-preview:-1"},"canonical":"https:\/\/www.welovecycling.com\/es\/2019\/10\/15\/un-tour-de-francia-2020-que-se-parece-cada-vez-mas-a-la-vuelta\/","og_locale":"es_ES","og_type":"article","og_title":"Un Tour de Francia 2020 que se parece cada vez m\u00e1s a La Vuelta","og_description":"Tour de Francia 2020 cada vez m\u00e1s parecido a la Vuelta a Espa\u00f1a. El recorrido y las etapas clave del Tour de Francia 2020. Presentaci\u00f3n.","og_url":"https:\/\/www.welovecycling.com\/es\/2019\/10\/15\/un-tour-de-francia-2020-que-se-parece-cada-vez-mas-a-la-vuelta\/","og_site_name":"\u0160koda We Love Cycling - Spain","article_published_time":"2019-10-15T11:55:23+00:00","og_image":[{"width":1200,"height":1740,"url":"https:\/\/d2p6e6u75xmxt8.cloudfront.net\/6\/2019\/10\/8cbf2.jpg","type":"image\/jpeg"}],"author":"We Love Cycling Spain","twitter_card":"summary_large_image","twitter_title":"Un Tour de Francia 2020 que se parece cada vez m\u00e1s a La Vuelta","twitter_description":"Tour de Francia 2020 cada vez m\u00e1s parecido a la Vuelta a Espa\u00f1a. El recorrido y las etapas clave del Tour de Francia 2020. Presentaci\u00f3n.","twitter_misc":{"Written by":"Luis Ortega @ciclored","Est. reading time":"4 minutes"},"schema":{"@context":"https:\/\/schema.org","@graph":[{"@type":"WebPage","@id":"https:\/\/www.welovecycling.com\/es\/2019\/10\/15\/un-tour-de-francia-2020-que-se-parece-cada-vez-mas-a-la-vuelta\/","url":"https:\/\/www.welovecycling.com\/es\/2019\/10\/15\/un-tour-de-francia-2020-que-se-parece-cada-vez-mas-a-la-vuelta\/","name":"Un Tour de Francia 2020 que se parece cada vez m\u00e1s a La Vuelta - \u0160koda We Love Cycling - Spain","isPartOf":{"@id":"https:\/\/www.welovecycling.com\/es\/#website"},"primaryImageOfPage":{"@id":"https:\/\/www.welovecycling.com\/es\/2019\/10\/15\/un-tour-de-francia-2020-que-se-parece-cada-vez-mas-a-la-vuelta\/#primaryimage"},"image":{"@id":"https:\/\/www.welovecycling.com\/es\/2019\/10\/15\/un-tour-de-francia-2020-que-se-parece-cada-vez-mas-a-la-vuelta\/#primaryimage"},"thumbnailUrl":"https:\/\/d2p6e6u75xmxt8.cloudfront.net\/6\/2019\/10\/8cbf2.jpg","datePublished":"2019-10-15T11:55:23+00:00","author":{"@id":"https:\/\/www.welovecycling.com\/es\/#\/schema\/person\/deb61715b5812698ee79fb96f343ccd4"},"description":"Tour de Francia 2020 cada vez m\u00e1s parecido a la Vuelta a Espa\u00f1a. El recorrido y las etapas clave del Tour de Francia 2020. Presentaci\u00f3n.","breadcrumb":{"@id":"https:\/\/www.welovecycling.com\/es\/2019\/10\/15\/un-tour-de-francia-2020-que-se-parece-cada-vez-mas-a-la-vuelta\/#breadcrumb"},"inLanguage":"es-ES","potentialAction":[{"@type":"ReadAction","target":["https:\/\/www.welovecycling.com\/es\/2019\/10\/15\/un-tour-de-francia-2020-que-se-parece-cada-vez-mas-a-la-vuelta\/"]}]},{"@type":"ImageObject","inLanguage":"es-ES","@id":"https:\/\/www.welovecycling.com\/es\/2019\/10\/15\/un-tour-de-francia-2020-que-se-parece-cada-vez-mas-a-la-vuelta\/#primaryimage","url":"https:\/\/d2p6e6u75xmxt8.cloudfront.net\/6\/2019\/10\/8cbf2.jpg","contentUrl":"https:\/\/d2p6e6u75xmxt8.cloudfront.net\/6\/2019\/10\/8cbf2.jpg","width":1200,"height":1740},{"@type":"BreadcrumbList","@id":"https:\/\/www.welovecycling.com\/es\/2019\/10\/15\/un-tour-de-francia-2020-que-se-parece-cada-vez-mas-a-la-vuelta\/#breadcrumb","itemListElement":[{"@type":"ListItem","position":1,"name":"Home","item":"https:\/\/www.welovecycling.com\/es\/"},{"@type":"ListItem","position":2,"name":"Un Tour de Francia 2020 que se parece cada vez m\u00e1s a La Vuelta"}]},{"@type":"WebSite","@id":"https:\/\/www.welovecycling.com\/es\/#website","url":"https:\/\/www.welovecycling.com\/es\/","name":"\u0160koda We Love Cycling - Spain","description":"\u0160koda WeLoveCycling Spain","potentialAction":[{"@type":"SearchAction","target":{"@type":"EntryPoint","urlTemplate":"https:\/\/www.welovecycling.com\/es\/?s={search_term_string}"},"query-input":{"@type":"PropertyValueSpecification","valueRequired":true,"valueName":"search_term_string"}}],"inLanguage":"es-ES"},{"@type":"Person","@id":"https:\/\/www.welovecycling.com\/es\/#\/schema\/person\/deb61715b5812698ee79fb96f343ccd4","name":"We Love Cycling Spain","image":{"@type":"ImageObject","inLanguage":"es-ES","@id":"https:\/\/www.welovecycling.com\/es\/#\/schema\/person\/image\/","url":"https:\/\/secure.gravatar.com\/avatar\/c824b04e6df0e37a03219d0b6481672889df542894588964102459e46513159c?s=96&d=mm&r=g","contentUrl":"https:\/\/secure.gravatar.com\/avatar\/c824b04e6df0e37a03219d0b6481672889df542894588964102459e46513159c?s=96&d=mm&r=g","caption":"We Love Cycling Spain"},"url":"https:\/\/www.welovecycling.com\/es\/author\/amunoz\/"}]}},"_links":{"self":[{"href":"https:\/\/www.welovecycling.com\/es\/wp-json\/wp\/v2\/posts\/5498","targetHints":{"allow":["GET"]}}],"collection":[{"href":"https:\/\/www.welovecycling.com\/es\/wp-json\/wp\/v2\/posts"}],"about":[{"href":"https:\/\/www.welovecycling.com\/es\/wp-json\/wp\/v2\/types\/post"}],"author":[{"embeddable":true,"href":"https:\/\/www.welovecycling.com\/es\/wp-json\/wp\/v2\/users\/29"}],"replies":[{"embeddable":true,"href":"https:\/\/www.welovecycling.com\/es\/wp-json\/wp\/v2\/comments?post=5498"}],"version-history":[{"count":1,"href":"https:\/\/www.welovecycling.com\/es\/wp-json\/wp\/v2\/posts\/5498\/revisions"}],"predecessor-version":[{"id":5501,"href":"https:\/\/www.welovecycling.com\/es\/wp-json\/wp\/v2\/posts\/5498\/revisions\/5501"}],"wp:featuredmedia":[{"embeddable":true,"href":"https:\/\/www.welovecycling.com\/es\/wp-json\/wp\/v2\/media\/5499"}],"wp:attachment":[{"href":"https:\/\/www.welovecycling.com\/es\/wp-json\/wp\/v2\/media?parent=5498"}],"wp:term":[{"taxonomy":"category","embeddable":true,"href":"https:\/\/www.welovecycling.com\/es\/wp-json\/wp\/v2\/categories?post=5498"},{"taxonomy":"post_tag","embeddable":true,"href":"https:\/\/www.welovecycling.com\/es\/wp-json\/wp\/v2\/tags?post=5498"},{"taxonomy":"global-categories","embeddable":true,"href":"https:\/\/www.welovecycling.com\/es\/wp-json\/wp\/v2\/global-categories?post=5498"}],"curies":[{"name":"wp","href":"https:\/\/api.w.org\/{rel}","templated":true}]}}