{"id":5443,"date":"2019-10-01T10:33:56","date_gmt":"2019-10-01T08:33:56","guid":{"rendered":"https:\/\/www.welovecycling.com\/es\/?p=5443"},"modified":"2019-10-01T10:33:56","modified_gmt":"2019-10-01T08:33:56","slug":"skoda-karoq-scout-el-mejor-amigo-del-biker","status":"publish","type":"post","link":"https:\/\/www.welovecycling.com\/es\/2019\/10\/01\/skoda-karoq-scout-el-mejor-amigo-del-biker\/","title":{"rendered":"\u0160koda KAROQ SCOUT: El mejor amigo del biker"},"content":{"rendered":"<p><strong>El \u0160koda KAROQ es un reci\u00e9n llegado a la familia de los SUVs, que aterriz\u00f3 en el mercado en 2017. Hoy en d\u00eda, sin embargo, podemos incluso tener esta brillante m\u00e1quina con el refinamiento de SCOUT. Esto significa tracci\u00f3n a las cuatro ruedas, asistencia en todo terreno y muchas mejoras en el dise\u00f1o. \u00bfQu\u00e9 utilidad tiene este modelo off-road para un biker que se dirige a una ruta fuera de la ciudad?<\/strong><br \/>\n<!--more--><\/p>\n<p>Hay un punto que debemos dejar claro desde el principio, aunque nuestros protagonistas, Lukas y Pavlina, son atletas profesionales, no hay diferencia entre las necesidades de los ciclistas profesionales y aficionados cuando se trata del coche perfecto y sus caracter\u00edsticas. Independientemente de tu nivel de ciclismo, siempre necesitar\u00e1s un veh\u00edculo fiable para llevarte a ti y a tus acompa\u00f1antes a tu destino de forma segura. Independientemente de la calidad de sus bicicletas, tendr\u00e1 que ser capaz de transportarlas de forma segura en el techo o en el portabicicletas. Tambi\u00e9n debe haber suficiente espacio en el maletero para acomodar su equipo de ciclismo, una caja de herramientas y el equipo que puedas necesitar para pasar la noche al aire libre. Muchos de los coches todoterreno m\u00e1s antiguos podr\u00edan cumplir con muchas de estas demandas, sin embargo, en estos d\u00edas puedes tener expectativas mucho m\u00e1s altas.<\/p>\n<p>https:\/\/youtu.be\/qYRtU9FhZwo<\/p>\n<p>Tu coche debe funcionar sin problemas, de forma econ\u00f3mica y respetuosa con el medio ambiente, a la vez que te proporciona una conducci\u00f3n c\u00f3moda y segura. El manejo y control del veh\u00edculo debe ser f\u00e1cil, intuitivo y predecible. Por no mencionar que, con el mundo considerablemente m\u00e1s conectado, incluso se espera tu coche ahora te proporcione un servicio en l\u00ednea permanente. \u00bfC\u00f3mo cumple el nuevo \u0160koda KAROQ SCOUT con estos requisitos?<\/p>\n<p>El KAROQ SCOUT posee algunos detalles de dise\u00f1o que no est\u00e1n presentes en la edici\u00f3n est\u00e1ndar. Estos incluyen un parachoques delantero con aler\u00f3n integrado y placa de deslizamiento plateada, un parachoques trasero con difusor plateado integrado y molduras en los arcos de las ruedas de 18&#8243; que le dan al coche un dise\u00f1o distintivo y una apariencia m\u00e1s robusta. En el interior, la cabina tiene un nuevo tapizado con un exclusivo dise\u00f1o en negro y marr\u00f3n en los asientos con el logotipo SCOUT. Tambi\u00e9n hay un mont\u00f3n de costuras bellamente ejecutadas, varias luces LED de interior y detalles decorativos, y cubiertas de acero inoxidable. No hay duda de que este es el KAROQ m\u00e1s atractivo hasta la fecha.<\/p>\n<p><a href=\"https:\/\/d2p6e6u75xmxt8.cloudfront.net\/6\/2019\/09\/SKODA-KAROQ-CYCLING-4.jpg\"><img loading=\"lazy\" decoding=\"async\" class=\"alignnone size-full wp-image-5445\" src=\"https:\/\/d2p6e6u75xmxt8.cloudfront.net\/6\/2019\/09\/SKODA-KAROQ-CYCLING-4.jpg\" alt=\"\" width=\"1377\" height=\"918\" srcset=\"https:\/\/d2p6e6u75xmxt8.cloudfront.net\/6\/2019\/09\/SKODA-KAROQ-CYCLING-4.jpg 1377w, https:\/\/d2p6e6u75xmxt8.cloudfront.net\/6\/2019\/09\/SKODA-KAROQ-CYCLING-4-300x200.jpg 300w, https:\/\/d2p6e6u75xmxt8.cloudfront.net\/6\/2019\/09\/SKODA-KAROQ-CYCLING-4-768x512.jpg 768w, https:\/\/d2p6e6u75xmxt8.cloudfront.net\/6\/2019\/09\/SKODA-KAROQ-CYCLING-4-1024x683.jpg 1024w, https:\/\/d2p6e6u75xmxt8.cloudfront.net\/6\/2019\/09\/SKODA-KAROQ-CYCLING-4-272x182.jpg 272w\" sizes=\"auto, (max-width: 1377px) 100vw, 1377px\" \/><\/a><\/p>\n<p>\u0160koda se enorgullece de sus sistemas de informaci\u00f3n y entretenimiento y KAROQ ofrece el mejor disponible. Lo que nos gusta especialmente de este SCOUT es la cabina virtual opcional que permite al conductor combinar los datos a bordo con otra informaci\u00f3n \u00fatil como la navegaci\u00f3n o la m\u00fasica. Todo se intrega perfectamente en la pantalla, por lo que est\u00e1 a su disposici\u00f3n en cualquier momento durante el viaje.<\/p>\n<p>Sin embargo, no s\u00f3lo se trata de la insignia SCOUT en los guardabarros delanteros, el acabado plateado de los retrovisores exteriores o el aspecto \u00e1spero general, el KAROQ SCOUT est\u00e1 equipado con un accionamiento 4\u00d74 inteligente, protecci\u00f3n adicional para las partes fr\u00e1giles del chasis y asistencia inteligente en la conducci\u00f3n todo terreno. Emocionados por tener tantos ayudantes a bordo, nos subimos al coche ansiosos por aprender c\u00f3mo funcionan en el mundo real.<\/p>\n<p><a href=\"https:\/\/d2p6e6u75xmxt8.cloudfront.net\/6\/2019\/09\/SKODA-KAROQ-CYCLING-5.jpg\"><img loading=\"lazy\" decoding=\"async\" class=\"alignnone size-full wp-image-5446\" src=\"https:\/\/d2p6e6u75xmxt8.cloudfront.net\/6\/2019\/09\/SKODA-KAROQ-CYCLING-5.jpg\" alt=\"\" width=\"1377\" height=\"918\" srcset=\"https:\/\/d2p6e6u75xmxt8.cloudfront.net\/6\/2019\/09\/SKODA-KAROQ-CYCLING-5.jpg 1377w, https:\/\/d2p6e6u75xmxt8.cloudfront.net\/6\/2019\/09\/SKODA-KAROQ-CYCLING-5-300x200.jpg 300w, https:\/\/d2p6e6u75xmxt8.cloudfront.net\/6\/2019\/09\/SKODA-KAROQ-CYCLING-5-768x512.jpg 768w, https:\/\/d2p6e6u75xmxt8.cloudfront.net\/6\/2019\/09\/SKODA-KAROQ-CYCLING-5-1024x683.jpg 1024w, https:\/\/d2p6e6u75xmxt8.cloudfront.net\/6\/2019\/09\/SKODA-KAROQ-CYCLING-5-272x182.jpg 272w\" sizes=\"auto, (max-width: 1377px) 100vw, 1377px\" \/><\/a><\/p>\n<div id='gallery-1' class='gallery galleryid-5443 gallery-columns-2 gallery-size-large'><figure class='gallery-item'>\n\t\t\t<div class='gallery-icon landscape'>\n\t\t\t\t<a href='https:\/\/d2p6e6u75xmxt8.cloudfront.net\/6\/2019\/09\/SKODA-KAROQ-CYCLING-6.jpg'><img loading=\"lazy\" decoding=\"async\" width=\"1024\" height=\"683\" src=\"https:\/\/d2p6e6u75xmxt8.cloudfront.net\/6\/2019\/09\/SKODA-KAROQ-CYCLING-6-1024x683.jpg\" class=\"attachment-large size-large\" alt=\"\" srcset=\"https:\/\/d2p6e6u75xmxt8.cloudfront.net\/6\/2019\/09\/SKODA-KAROQ-CYCLING-6-1024x683.jpg 1024w, https:\/\/d2p6e6u75xmxt8.cloudfront.net\/6\/2019\/09\/SKODA-KAROQ-CYCLING-6-300x200.jpg 300w, https:\/\/d2p6e6u75xmxt8.cloudfront.net\/6\/2019\/09\/SKODA-KAROQ-CYCLING-6-768x512.jpg 768w, https:\/\/d2p6e6u75xmxt8.cloudfront.net\/6\/2019\/09\/SKODA-KAROQ-CYCLING-6-272x182.jpg 272w, https:\/\/d2p6e6u75xmxt8.cloudfront.net\/6\/2019\/09\/SKODA-KAROQ-CYCLING-6.jpg 1377w\" sizes=\"auto, (max-width: 1024px) 100vw, 1024px\" \/><\/a>\n\t\t\t<\/div><\/figure><figure class='gallery-item'>\n\t\t\t<div class='gallery-icon landscape'>\n\t\t\t\t<a href='https:\/\/d2p6e6u75xmxt8.cloudfront.net\/6\/2019\/09\/SKODA-KAROQ-CYCLING-7.jpg'><img loading=\"lazy\" decoding=\"async\" width=\"1024\" height=\"683\" src=\"https:\/\/d2p6e6u75xmxt8.cloudfront.net\/6\/2019\/09\/SKODA-KAROQ-CYCLING-7-1024x683.jpg\" class=\"attachment-large size-large\" alt=\"\" srcset=\"https:\/\/d2p6e6u75xmxt8.cloudfront.net\/6\/2019\/09\/SKODA-KAROQ-CYCLING-7-1024x683.jpg 1024w, https:\/\/d2p6e6u75xmxt8.cloudfront.net\/6\/2019\/09\/SKODA-KAROQ-CYCLING-7-300x200.jpg 300w, https:\/\/d2p6e6u75xmxt8.cloudfront.net\/6\/2019\/09\/SKODA-KAROQ-CYCLING-7-768x512.jpg 768w, https:\/\/d2p6e6u75xmxt8.cloudfront.net\/6\/2019\/09\/SKODA-KAROQ-CYCLING-7-272x182.jpg 272w, https:\/\/d2p6e6u75xmxt8.cloudfront.net\/6\/2019\/09\/SKODA-KAROQ-CYCLING-7.jpg 1377w\" sizes=\"auto, (max-width: 1024px) 100vw, 1024px\" \/><\/a>\n\t\t\t<\/div><\/figure>\n\t\t<\/div>\n\n<p>Aunque las llantas de aleaci\u00f3n de 18 pulgadas de alta calidad son m\u00e1s adecuadas para la conducci\u00f3n en carretera, el KAROQ SCOUT puede hacer frente a condiciones sorprendentemente duras gracias a su inteligente tracci\u00f3n 4&#215;4 que distribuye el par entre los ejes para obtener la mejor tracci\u00f3n disponible. El inteligente sistema de tracci\u00f3n en las cuatro ruedas tambi\u00e9n est\u00e1 equipado para nieve y modos todoterreno, lo que proporciona al coche un f\u00e1cil manejo incluso en condiciones de baja tracci\u00f3n, como en el barro o la nieve. Adem\u00e1s, nos beneficiamos de la variedad de programas b\u00e1sicos de conducci\u00f3n que van desde el normal, deportivo y ecol\u00f3gico, hasta la configuraci\u00f3n individual personalizada. Mientras condujimos por caminos estrechos o senderos cubiertos de ra\u00edces y piedras, el \u00e1spero paquete de carretera, que inclu\u00eda una cubierta del motor reforzada, protectores transversales traseros y protectores de mangueras de freno, hizo su trabajo de forma impecable.<\/p>\n<p>En busca de la senda perfecta para andar en bicicleta, agradecimos poder activar el modo de conducci\u00f3n todoterreno, especialmente en los descensos m\u00e1s empinados, donde el coche tom\u00f3 el control de la conducci\u00f3n e hizo todo el trabajo por nosotros. El sistema est\u00e1 dise\u00f1ado para no permitir que ninguna de las ruedas gire m\u00e1s r\u00e1pido de lo necesario y, por lo tanto, proporciona un par preciso para que siempre podamos descender con seguridad. Gracias a la pantalla de infoentretenimiento off-road, siempre fuimos conscientes de la direcci\u00f3n en la que nos dirig\u00edamos, la altitud y el \u00e1ngulo de giro.<\/p>\n<div id='gallery-2' class='gallery galleryid-5443 gallery-columns-2 gallery-size-medium'><figure class='gallery-item'>\n\t\t\t<div class='gallery-icon landscape'>\n\t\t\t\t<a href='https:\/\/d2p6e6u75xmxt8.cloudfront.net\/6\/2019\/09\/SKODA-KAROQ-CYCLING-3.jpg'><img loading=\"lazy\" decoding=\"async\" width=\"300\" height=\"200\" src=\"https:\/\/d2p6e6u75xmxt8.cloudfront.net\/6\/2019\/09\/SKODA-KAROQ-CYCLING-3-300x200.jpg\" class=\"attachment-medium size-medium\" alt=\"\" srcset=\"https:\/\/d2p6e6u75xmxt8.cloudfront.net\/6\/2019\/09\/SKODA-KAROQ-CYCLING-3-300x200.jpg 300w, https:\/\/d2p6e6u75xmxt8.cloudfront.net\/6\/2019\/09\/SKODA-KAROQ-CYCLING-3-768x512.jpg 768w, https:\/\/d2p6e6u75xmxt8.cloudfront.net\/6\/2019\/09\/SKODA-KAROQ-CYCLING-3-1024x683.jpg 1024w, https:\/\/d2p6e6u75xmxt8.cloudfront.net\/6\/2019\/09\/SKODA-KAROQ-CYCLING-3-272x182.jpg 272w, https:\/\/d2p6e6u75xmxt8.cloudfront.net\/6\/2019\/09\/SKODA-KAROQ-CYCLING-3.jpg 1377w\" sizes=\"auto, (max-width: 300px) 100vw, 300px\" \/><\/a>\n\t\t\t<\/div><\/figure><figure class='gallery-item'>\n\t\t\t<div class='gallery-icon landscape'>\n\t\t\t\t<a href='https:\/\/d2p6e6u75xmxt8.cloudfront.net\/6\/2019\/09\/SKODA-KAROQ-CYCLING-2.jpg'><img loading=\"lazy\" decoding=\"async\" width=\"300\" height=\"200\" src=\"https:\/\/d2p6e6u75xmxt8.cloudfront.net\/6\/2019\/09\/SKODA-KAROQ-CYCLING-2-300x200.jpg\" class=\"attachment-medium size-medium\" alt=\"\" srcset=\"https:\/\/d2p6e6u75xmxt8.cloudfront.net\/6\/2019\/09\/SKODA-KAROQ-CYCLING-2-300x200.jpg 300w, https:\/\/d2p6e6u75xmxt8.cloudfront.net\/6\/2019\/09\/SKODA-KAROQ-CYCLING-2-768x512.jpg 768w, https:\/\/d2p6e6u75xmxt8.cloudfront.net\/6\/2019\/09\/SKODA-KAROQ-CYCLING-2-1024x683.jpg 1024w, https:\/\/d2p6e6u75xmxt8.cloudfront.net\/6\/2019\/09\/SKODA-KAROQ-CYCLING-2-272x182.jpg 272w, https:\/\/d2p6e6u75xmxt8.cloudfront.net\/6\/2019\/09\/SKODA-KAROQ-CYCLING-2.jpg 1377w\" sizes=\"auto, (max-width: 300px) 100vw, 300px\" \/><\/a>\n\t\t\t<\/div><\/figure>\n\t\t<\/div>\n\n<p>En la l\u00ednea est\u00e1ndar de\u00a0 \u0160koda\u00a0KAROQ SCOUT segu\u00edamos teniendo muchas caracter\u00edsticas que nos gustaban, como el sistema virtual para abrir la puerta trasera simplemente moviendo la punta del pie por debajo del parachoques trasero. Hay muchos casos en los que esto resulta \u00fatil, como cargar el equipo de ciclismo sin tener que ponerlo en un suelo mojado o fangoso.<\/p>\n<p>El maletero del KAROQ tambi\u00e9n ofrece espacio m\u00e1s que suficiente para acomodar las pertenencias de toda una familia. Los asientos plegables con una relaci\u00f3n de separaci\u00f3n de 60:40 permiten transportar f\u00e1cilmente las bicicletas, incluso para tres personas. Los inteligentes asientos traseros VarioFlex se deslizan, se reclinan, se pliegan y se pueden desmontar por completo. Cuando viaj\u00e1bamos en pareja, logramos colocar f\u00e1cilmente ambas bicicletas en el interior plegando el segmento m\u00e1s grande de los asientos traseros. Sin embargo, despu\u00e9s de medio d\u00eda de rodar entre el barro y los charcos del bosque, preferimos poner las bicis en los portaequipajes que -en el caso del KAROQ- son de muy f\u00e1cil acceso.<\/p>\n<p><a href=\"https:\/\/d2p6e6u75xmxt8.cloudfront.net\/6\/2019\/09\/SKODA-KAROQ-CYCLING-10.jpg\"><img loading=\"lazy\" decoding=\"async\" class=\"alignnone size-full wp-image-5447\" src=\"https:\/\/d2p6e6u75xmxt8.cloudfront.net\/6\/2019\/09\/SKODA-KAROQ-CYCLING-10.jpg\" alt=\"\" width=\"1366\" height=\"2049\" srcset=\"https:\/\/d2p6e6u75xmxt8.cloudfront.net\/6\/2019\/09\/SKODA-KAROQ-CYCLING-10.jpg 1366w, https:\/\/d2p6e6u75xmxt8.cloudfront.net\/6\/2019\/09\/SKODA-KAROQ-CYCLING-10-200x300.jpg 200w, https:\/\/d2p6e6u75xmxt8.cloudfront.net\/6\/2019\/09\/SKODA-KAROQ-CYCLING-10-768x1152.jpg 768w, https:\/\/d2p6e6u75xmxt8.cloudfront.net\/6\/2019\/09\/SKODA-KAROQ-CYCLING-10-683x1024.jpg 683w, https:\/\/d2p6e6u75xmxt8.cloudfront.net\/6\/2019\/09\/SKODA-KAROQ-CYCLING-10-1280x1920.jpg 1280w, https:\/\/d2p6e6u75xmxt8.cloudfront.net\/6\/2019\/09\/SKODA-KAROQ-CYCLING-10-1280x1920.jpg 1280w\" sizes=\"auto, (max-width: 1366px) 100vw, 1366px\" \/><\/a><\/p>\n<p>En \u00faltima instancia, el \u0160koda KAROQ SCOUT es el coche perfecto para todos los clientes con esp\u00edritu pr\u00e1ctico y con ganas de aventura. Dicho esto, deber\u00eda preguntarse si necesita un modelo 4&#215;4 o si estar\u00eda satisfecho con el KAROQ m\u00e1s barato con tracci\u00f3n delantera, que funciona un poco m\u00e1s econ\u00f3micamente. En caso de que tus viajes incluyan a menudo el uso de carreteras secundarias, el \u0160koda KAROQ SCOUT es la elecci\u00f3n correcta. Ofrece un dise\u00f1o espl\u00e9ndido y unas caracter\u00edsticas robustas que te permiten volver con seguridad de cualquier aventura off-road.<\/p>\n","protected":false},"excerpt":{"rendered":"<p>El \u0160koda KAROQ es un reci\u00e9n llegado a la familia de los SUVs, que aterriz\u00f3 en el mercado en 2017. [&hellip;]<\/p>\n","protected":false},"author":29,"featured_media":5449,"comment_status":"open","ping_status":"open","sticky":false,"template":"","format":"standard","meta":{"footnotes":""},"categories":[8,9],"tags":[1259,416,1258,1257],"global-categories":[1175],"class_list":["post-5443","post","type-post","status-publish","format-standard","has-post-thumbnail","hentry","category-life-style","category-mtb-aventura","tag-coches-especiales-ciclismo","tag-coches-para-ciclistas","tag-coches-para-mtb","tag-skoda-karoq-scout","global-categories-karoq"],"yoast_head":"<!-- This site is optimized with the Yoast SEO Premium plugin v25.3 (Yoast SEO v25.9) - https:\/\/yoast.com\/wordpress\/plugins\/seo\/ -->\n<title>\u0160koda KAROQ SCOUT: El mejor amigo del biker - \u0160koda We Love Cycling - Spain<\/title>\n<meta name=\"description\" content=\"\u0160koda KAROQ SCOUT: El mejor amigo del biker. Las carecteristicas especiales de un coche dise\u00f1ado para ciclistas, bikers y amantes de la MTB\" \/>\n<meta name=\"robots\" content=\"index, follow, max-snippet:-1, max-image-preview:large, max-video-preview:-1\" \/>\n<link rel=\"canonical\" href=\"https:\/\/www.welovecycling.com\/es\/2019\/10\/01\/skoda-karoq-scout-el-mejor-amigo-del-biker\/\" \/>\n<meta property=\"og:locale\" content=\"es_ES\" \/>\n<meta property=\"og:type\" content=\"article\" \/>\n<meta property=\"og:title\" content=\"\u0160koda KAROQ SCOUT: El mejor amigo del biker\" \/>\n<meta property=\"og:description\" content=\"\u0160koda KAROQ SCOUT: El mejor amigo del biker. Las carecteristicas especiales de un coche dise\u00f1ado para ciclistas, bikers y amantes de la MTB\" \/>\n<meta property=\"og:url\" content=\"https:\/\/www.welovecycling.com\/es\/2019\/10\/01\/skoda-karoq-scout-el-mejor-amigo-del-biker\/\" \/>\n<meta property=\"og:site_name\" content=\"\u0160koda We Love Cycling - Spain\" \/>\n<meta property=\"article:published_time\" content=\"2019-10-01T08:33:56+00:00\" \/>\n<meta property=\"og:image\" content=\"https:\/\/d2p6e6u75xmxt8.cloudfront.net\/6\/2019\/09\/SKODA-KAROQ-CYCLING-CVR.jpg\" \/>\n\t<meta property=\"og:image:width\" content=\"1366\" \/>\n\t<meta property=\"og:image:height\" content=\"600\" \/>\n\t<meta property=\"og:image:type\" content=\"image\/jpeg\" \/>\n<meta name=\"author\" content=\"We Love Cycling Spain\" \/>\n<meta name=\"twitter:card\" content=\"summary_large_image\" \/>\n<meta name=\"twitter:title\" content=\"\u0160koda KAROQ SCOUT: El mejor amigo del biker\" \/>\n<meta name=\"twitter:description\" content=\"\u0160koda KAROQ SCOUT: El mejor amigo del biker. Las carecteristicas especiales de un coche dise\u00f1ado para ciclistas, bikers y amantes de la MTB\" \/>\n<meta name=\"twitter:label1\" content=\"Written by\" \/>\n\t<meta name=\"twitter:data1\" content=\"Adam Marsal\" \/>\n\t<meta name=\"twitter:label2\" content=\"Est. reading time\" \/>\n\t<meta name=\"twitter:data2\" content=\"7\" \/>\n<script type=\"application\/ld+json\" class=\"yoast-schema-graph\">{\"@context\":\"https:\/\/schema.org\",\"@graph\":[{\"@type\":\"WebPage\",\"@id\":\"https:\/\/www.welovecycling.com\/es\/2019\/10\/01\/skoda-karoq-scout-el-mejor-amigo-del-biker\/\",\"url\":\"https:\/\/www.welovecycling.com\/es\/2019\/10\/01\/skoda-karoq-scout-el-mejor-amigo-del-biker\/\",\"name\":\"\u0160koda KAROQ SCOUT: El mejor amigo del biker - \u0160koda We Love Cycling - Spain\",\"isPartOf\":{\"@id\":\"https:\/\/www.welovecycling.com\/es\/#website\"},\"primaryImageOfPage\":{\"@id\":\"https:\/\/www.welovecycling.com\/es\/2019\/10\/01\/skoda-karoq-scout-el-mejor-amigo-del-biker\/#primaryimage\"},\"image\":{\"@id\":\"https:\/\/www.welovecycling.com\/es\/2019\/10\/01\/skoda-karoq-scout-el-mejor-amigo-del-biker\/#primaryimage\"},\"thumbnailUrl\":\"https:\/\/d2p6e6u75xmxt8.cloudfront.net\/6\/2019\/09\/SKODA-KAROQ-CYCLING-CVR.jpg\",\"datePublished\":\"2019-10-01T08:33:56+00:00\",\"author\":{\"@id\":\"https:\/\/www.welovecycling.com\/es\/#\/schema\/person\/deb61715b5812698ee79fb96f343ccd4\"},\"description\":\"\u0160koda KAROQ SCOUT: El mejor amigo del biker. Las carecteristicas especiales de un coche dise\u00f1ado para ciclistas, bikers y amantes de la MTB\",\"breadcrumb\":{\"@id\":\"https:\/\/www.welovecycling.com\/es\/2019\/10\/01\/skoda-karoq-scout-el-mejor-amigo-del-biker\/#breadcrumb\"},\"inLanguage\":\"es-ES\",\"potentialAction\":[{\"@type\":\"ReadAction\",\"target\":[\"https:\/\/www.welovecycling.com\/es\/2019\/10\/01\/skoda-karoq-scout-el-mejor-amigo-del-biker\/\"]}]},{\"@type\":\"ImageObject\",\"inLanguage\":\"es-ES\",\"@id\":\"https:\/\/www.welovecycling.com\/es\/2019\/10\/01\/skoda-karoq-scout-el-mejor-amigo-del-biker\/#primaryimage\",\"url\":\"https:\/\/d2p6e6u75xmxt8.cloudfront.net\/6\/2019\/09\/SKODA-KAROQ-CYCLING-CVR.jpg\",\"contentUrl\":\"https:\/\/d2p6e6u75xmxt8.cloudfront.net\/6\/2019\/09\/SKODA-KAROQ-CYCLING-CVR.jpg\",\"width\":1366,\"height\":600},{\"@type\":\"BreadcrumbList\",\"@id\":\"https:\/\/www.welovecycling.com\/es\/2019\/10\/01\/skoda-karoq-scout-el-mejor-amigo-del-biker\/#breadcrumb\",\"itemListElement\":[{\"@type\":\"ListItem\",\"position\":1,\"name\":\"Home\",\"item\":\"https:\/\/www.welovecycling.com\/es\/\"},{\"@type\":\"ListItem\",\"position\":2,\"name\":\"\u0160koda KAROQ SCOUT: El mejor amigo del biker\"}]},{\"@type\":\"WebSite\",\"@id\":\"https:\/\/www.welovecycling.com\/es\/#website\",\"url\":\"https:\/\/www.welovecycling.com\/es\/\",\"name\":\"\u0160koda We Love Cycling - Spain\",\"description\":\"\u0160koda WeLoveCycling Spain\",\"potentialAction\":[{\"@type\":\"SearchAction\",\"target\":{\"@type\":\"EntryPoint\",\"urlTemplate\":\"https:\/\/www.welovecycling.com\/es\/?s={search_term_string}\"},\"query-input\":{\"@type\":\"PropertyValueSpecification\",\"valueRequired\":true,\"valueName\":\"search_term_string\"}}],\"inLanguage\":\"es-ES\"},{\"@type\":\"Person\",\"@id\":\"https:\/\/www.welovecycling.com\/es\/#\/schema\/person\/deb61715b5812698ee79fb96f343ccd4\",\"name\":\"We Love Cycling Spain\",\"image\":{\"@type\":\"ImageObject\",\"inLanguage\":\"es-ES\",\"@id\":\"https:\/\/www.welovecycling.com\/es\/#\/schema\/person\/image\/\",\"url\":\"https:\/\/secure.gravatar.com\/avatar\/c824b04e6df0e37a03219d0b6481672889df542894588964102459e46513159c?s=96&d=mm&r=g\",\"contentUrl\":\"https:\/\/secure.gravatar.com\/avatar\/c824b04e6df0e37a03219d0b6481672889df542894588964102459e46513159c?s=96&d=mm&r=g\",\"caption\":\"We Love Cycling Spain\"},\"url\":\"https:\/\/www.welovecycling.com\/es\/author\/amunoz\/\"}]}<\/script>\n<!-- \/ Yoast SEO Premium plugin. -->","yoast_head_json":{"title":"\u0160koda KAROQ SCOUT: El mejor amigo del biker - \u0160koda We Love Cycling - Spain","description":"\u0160koda KAROQ SCOUT: El mejor amigo del biker. Las carecteristicas especiales de un coche dise\u00f1ado para ciclistas, bikers y amantes de la MTB","robots":{"index":"index","follow":"follow","max-snippet":"max-snippet:-1","max-image-preview":"max-image-preview:large","max-video-preview":"max-video-preview:-1"},"canonical":"https:\/\/www.welovecycling.com\/es\/2019\/10\/01\/skoda-karoq-scout-el-mejor-amigo-del-biker\/","og_locale":"es_ES","og_type":"article","og_title":"\u0160koda KAROQ SCOUT: El mejor amigo del biker","og_description":"\u0160koda KAROQ SCOUT: El mejor amigo del biker. Las carecteristicas especiales de un coche dise\u00f1ado para ciclistas, bikers y amantes de la MTB","og_url":"https:\/\/www.welovecycling.com\/es\/2019\/10\/01\/skoda-karoq-scout-el-mejor-amigo-del-biker\/","og_site_name":"\u0160koda We Love Cycling - Spain","article_published_time":"2019-10-01T08:33:56+00:00","og_image":[{"width":1366,"height":600,"url":"https:\/\/d2p6e6u75xmxt8.cloudfront.net\/6\/2019\/09\/SKODA-KAROQ-CYCLING-CVR.jpg","type":"image\/jpeg"}],"author":"We Love Cycling Spain","twitter_card":"summary_large_image","twitter_title":"\u0160koda KAROQ SCOUT: El mejor amigo del biker","twitter_description":"\u0160koda KAROQ SCOUT: El mejor amigo del biker. Las carecteristicas especiales de un coche dise\u00f1ado para ciclistas, bikers y amantes de la MTB","twitter_misc":{"Written by":"Adam Marsal","Est. reading time":"7"},"schema":{"@context":"https:\/\/schema.org","@graph":[{"@type":"WebPage","@id":"https:\/\/www.welovecycling.com\/es\/2019\/10\/01\/skoda-karoq-scout-el-mejor-amigo-del-biker\/","url":"https:\/\/www.welovecycling.com\/es\/2019\/10\/01\/skoda-karoq-scout-el-mejor-amigo-del-biker\/","name":"\u0160koda KAROQ SCOUT: El mejor amigo del biker - \u0160koda We Love Cycling - Spain","isPartOf":{"@id":"https:\/\/www.welovecycling.com\/es\/#website"},"primaryImageOfPage":{"@id":"https:\/\/www.welovecycling.com\/es\/2019\/10\/01\/skoda-karoq-scout-el-mejor-amigo-del-biker\/#primaryimage"},"image":{"@id":"https:\/\/www.welovecycling.com\/es\/2019\/10\/01\/skoda-karoq-scout-el-mejor-amigo-del-biker\/#primaryimage"},"thumbnailUrl":"https:\/\/d2p6e6u75xmxt8.cloudfront.net\/6\/2019\/09\/SKODA-KAROQ-CYCLING-CVR.jpg","datePublished":"2019-10-01T08:33:56+00:00","author":{"@id":"https:\/\/www.welovecycling.com\/es\/#\/schema\/person\/deb61715b5812698ee79fb96f343ccd4"},"description":"\u0160koda KAROQ SCOUT: El mejor amigo del biker. Las carecteristicas especiales de un coche dise\u00f1ado para ciclistas, bikers y amantes de la MTB","breadcrumb":{"@id":"https:\/\/www.welovecycling.com\/es\/2019\/10\/01\/skoda-karoq-scout-el-mejor-amigo-del-biker\/#breadcrumb"},"inLanguage":"es-ES","potentialAction":[{"@type":"ReadAction","target":["https:\/\/www.welovecycling.com\/es\/2019\/10\/01\/skoda-karoq-scout-el-mejor-amigo-del-biker\/"]}]},{"@type":"ImageObject","inLanguage":"es-ES","@id":"https:\/\/www.welovecycling.com\/es\/2019\/10\/01\/skoda-karoq-scout-el-mejor-amigo-del-biker\/#primaryimage","url":"https:\/\/d2p6e6u75xmxt8.cloudfront.net\/6\/2019\/09\/SKODA-KAROQ-CYCLING-CVR.jpg","contentUrl":"https:\/\/d2p6e6u75xmxt8.cloudfront.net\/6\/2019\/09\/SKODA-KAROQ-CYCLING-CVR.jpg","width":1366,"height":600},{"@type":"BreadcrumbList","@id":"https:\/\/www.welovecycling.com\/es\/2019\/10\/01\/skoda-karoq-scout-el-mejor-amigo-del-biker\/#breadcrumb","itemListElement":[{"@type":"ListItem","position":1,"name":"Home","item":"https:\/\/www.welovecycling.com\/es\/"},{"@type":"ListItem","position":2,"name":"\u0160koda KAROQ SCOUT: El mejor amigo del biker"}]},{"@type":"WebSite","@id":"https:\/\/www.welovecycling.com\/es\/#website","url":"https:\/\/www.welovecycling.com\/es\/","name":"\u0160koda We Love Cycling - Spain","description":"\u0160koda WeLoveCycling Spain","potentialAction":[{"@type":"SearchAction","target":{"@type":"EntryPoint","urlTemplate":"https:\/\/www.welovecycling.com\/es\/?s={search_term_string}"},"query-input":{"@type":"PropertyValueSpecification","valueRequired":true,"valueName":"search_term_string"}}],"inLanguage":"es-ES"},{"@type":"Person","@id":"https:\/\/www.welovecycling.com\/es\/#\/schema\/person\/deb61715b5812698ee79fb96f343ccd4","name":"We Love Cycling Spain","image":{"@type":"ImageObject","inLanguage":"es-ES","@id":"https:\/\/www.welovecycling.com\/es\/#\/schema\/person\/image\/","url":"https:\/\/secure.gravatar.com\/avatar\/c824b04e6df0e37a03219d0b6481672889df542894588964102459e46513159c?s=96&d=mm&r=g","contentUrl":"https:\/\/secure.gravatar.com\/avatar\/c824b04e6df0e37a03219d0b6481672889df542894588964102459e46513159c?s=96&d=mm&r=g","caption":"We Love Cycling Spain"},"url":"https:\/\/www.welovecycling.com\/es\/author\/amunoz\/"}]}},"_links":{"self":[{"href":"https:\/\/www.welovecycling.com\/es\/wp-json\/wp\/v2\/posts\/5443","targetHints":{"allow":["GET"]}}],"collection":[{"href":"https:\/\/www.welovecycling.com\/es\/wp-json\/wp\/v2\/posts"}],"about":[{"href":"https:\/\/www.welovecycling.com\/es\/wp-json\/wp\/v2\/types\/post"}],"author":[{"embeddable":true,"href":"https:\/\/www.welovecycling.com\/es\/wp-json\/wp\/v2\/users\/29"}],"replies":[{"embeddable":true,"href":"https:\/\/www.welovecycling.com\/es\/wp-json\/wp\/v2\/comments?post=5443"}],"version-history":[{"count":2,"href":"https:\/\/www.welovecycling.com\/es\/wp-json\/wp\/v2\/posts\/5443\/revisions"}],"predecessor-version":[{"id":5453,"href":"https:\/\/www.welovecycling.com\/es\/wp-json\/wp\/v2\/posts\/5443\/revisions\/5453"}],"wp:featuredmedia":[{"embeddable":true,"href":"https:\/\/www.welovecycling.com\/es\/wp-json\/wp\/v2\/media\/5449"}],"wp:attachment":[{"href":"https:\/\/www.welovecycling.com\/es\/wp-json\/wp\/v2\/media?parent=5443"}],"wp:term":[{"taxonomy":"category","embeddable":true,"href":"https:\/\/www.welovecycling.com\/es\/wp-json\/wp\/v2\/categories?post=5443"},{"taxonomy":"post_tag","embeddable":true,"href":"https:\/\/www.welovecycling.com\/es\/wp-json\/wp\/v2\/tags?post=5443"},{"taxonomy":"global-categories","embeddable":true,"href":"https:\/\/www.welovecycling.com\/es\/wp-json\/wp\/v2\/global-categories?post=5443"}],"curies":[{"name":"wp","href":"https:\/\/api.w.org\/{rel}","templated":true}]}}