{"id":5407,"date":"2019-09-20T18:24:57","date_gmt":"2019-09-20T16:24:57","guid":{"rendered":"https:\/\/www.welovecycling.com\/es\/?p=5407"},"modified":"2019-09-20T18:26:03","modified_gmt":"2019-09-20T16:26:03","slug":"musica-y-ciclismo","status":"publish","type":"post","link":"https:\/\/www.welovecycling.com\/es\/2019\/09\/20\/musica-y-ciclismo\/","title":{"rendered":"M\u00fasica y ciclismo. Los m\u00fasicos que piensan en bicicletas"},"content":{"rendered":"<p><strong>Los m\u00fasicos tienen una obsesi\u00f3n inexplicable con el ciclismo y las bicicletas que tal vez nunca se entiendan. Honremos a los m\u00fasicos que celebran la vida sobre dos ruedas.<\/strong><\/p>\n<p><!--more--><\/p>\n<h2><strong>Hawkwind<\/strong><\/h2>\n<p>Antes de Motorhead, Lemmy cantaba sobre bicicletas con rockeros psicod\u00e9licos, Hawkwind. La letra se basaba en el ensayo de Alfred Jarry sobre una m\u00e1quina del tiempo, que el letrista Robert Calvert consideraba un eufemismo sobre bicicletas. Le da un nuevo significado a la palabra &#8220;spun-out&#8221;&#8230;.<\/p>\n<lite-youtube videoid=HdTFeW8FCto params=\"enablejsapi=1\" style=\"background-image: url('https:\/\/i.ytimg.com\/vi_webp\/HdTFeW8FCto\/maxresdefault.webp');\"><\/lite-youtube>\n<h2><strong>Pink Floyd<\/strong><\/h2>\n<p>Hawkwind no es el \u00fanico pionero psicod\u00e9lico que se deja llevar por el encanto de los engranajes giratorios, y el tributo de Syd Barrett a su fiel bicicleta aparece en el debut de Pink Floyd, The Piper at the Gates of Dawn. Como todos los m\u00fasicos, Barrett tiene una mentalidad pr\u00e1ctica y aprecia las diferentes personas que se pueden conocer cuando se viaja sobre dos ruedas.<\/p>\n<lite-youtube videoid=zOdBeLO8PJI params=\"enablejsapi=1\" style=\"background-image: url('https:\/\/i.ytimg.com\/vi_webp\/zOdBeLO8PJI\/maxresdefault.webp');\"><\/lite-youtube>\n<h2><strong>David Byrne<\/strong><\/h2>\n<p>Adem\u00e1s de dise\u00f1ar portabicicletas gloriosamente poco pr\u00e1cticos para la ciudad de Nueva York, el l\u00edder de Talking Heads escribi\u00f3 un libro sobre sus viajes en bicicleta y su relaci\u00f3n con ellos. Como m\u00fasico, Byrne abraz\u00f3 los extremos y su giro a la izquierda hacia la defensa del ciclismo parece ser el \u00faltimo.<\/p>\n<lite-youtube videoid=37IDIUOJA6s params=\"enablejsapi=1\" style=\"background-image: url('https:\/\/i.ytimg.com\/vi_webp\/37IDIUOJA6s\/maxresdefault.webp');\"><\/lite-youtube>\n<h2><strong>Bono<\/strong><\/h2>\n<p>A pesar de verse envuento en un grave accidente en el Central Park de Nueva York, el amor de Bono por el ciclismo no disminuy\u00f3 y no pas\u00f3 mucho tiempo antes de que hiciera lo que mejor sab\u00eda hacer: recaudar dinero y crear conciencia para una organizaci\u00f3n ben\u00e9fica que le apasionaba.<\/p>\n<lite-youtube videoid=wldUQvLCRnU params=\"enablejsapi=1\" style=\"background-image: url('https:\/\/i.ytimg.com\/vi_webp\/wldUQvLCRnU\/maxresdefault.webp');\"><\/lite-youtube>\n<h2><strong>Peter Gabriel<\/strong><\/h2>\n<p>Probablemente pienses que este art\u00edculo se est\u00e1 volviendo un poco raro &#8211; \u00bfqu\u00e9 es lo que pasa con los m\u00fasicos y las bicicletas? Algunos de nosotros debatimos si es seguro andar en bicicleta con auriculares y el Sr. Gabriel est\u00e1 haciendo alarde de los consejos m\u00e1s b\u00e1sicos de salud y seguridad interpretando canciones mientras anda en bicicleta.<\/p>\n<lite-youtube videoid=GimLuOUVkxg params=\"enablejsapi=1\" style=\"background-image: url('https:\/\/i.ytimg.com\/vi_webp\/GimLuOUVkxg\/maxresdefault.webp');\"><\/lite-youtube>\n<h2><strong>Kraftwerk<\/strong><\/h2>\n<p>Puedes creer que hay una conspiraci\u00f3n entre la UCI y la industria de la m\u00fasica, especialmente cuando sabes que Kraftwerk lanz\u00f3 la canci\u00f3n del Tour de Francia en 1983. S\u00f3lo se perdieron ligeramente el relanzamiento del \u00e1lbum para la 100\u00aa edici\u00f3n de Le Tour, pero eso no impidi\u00f3 que Le Tour llegara a la ciudad natal de Kraftwerk, D\u00fcsseldorf, en 2017, donde Kraftwerk interpret\u00f3 a Le Grand Depart.<\/p>\n<lite-youtube videoid=kz3Lof1H5bE params=\"enablejsapi=1\" style=\"background-image: url('https:\/\/i.ytimg.com\/vi_webp\/kz3Lof1H5bE\/maxresdefault.webp');\"><\/lite-youtube>\n","protected":false},"excerpt":{"rendered":"<p>Los m\u00fasicos tienen una obsesi\u00f3n inexplicable con el ciclismo y las bicicletas que tal vez nunca se entiendan. Honremos a [&hellip;]<\/p>\n","protected":false},"author":29,"featured_media":5414,"comment_status":"open","ping_status":"open","sticky":false,"template":"","format":"standard","meta":{"footnotes":""},"categories":[7,8,9],"tags":[1244,1246,1243,1245],"global-categories":[],"class_list":["post-5407","post","type-post","status-publish","format-standard","has-post-thumbnail","hentry","category-carretera","category-life-style","category-mtb-aventura","tag-canciones-ciclistas","tag-canciones-de-bicicleta","tag-musica-y-ciclismo","tag-musicos-ciclistas"],"yoast_head":"<!-- This site is optimized with the Yoast SEO Premium plugin v25.3 (Yoast SEO v25.9) - https:\/\/yoast.com\/wordpress\/plugins\/seo\/ -->\n<title>M\u00fasica y ciclismo. Los m\u00fasicos que piensan en bicicletas - \u0160koda We Love Cycling - Spain<\/title>\n<meta name=\"description\" content=\"M\u00fasica y ciclismo. La extra\u00f1a obsesi\u00f3n de los m\u00fasicos por el mundo de la bicicleta. Las canciones relacionadas con el ciclismo.\" \/>\n<meta name=\"robots\" content=\"index, follow, max-snippet:-1, max-image-preview:large, max-video-preview:-1\" \/>\n<link rel=\"canonical\" href=\"https:\/\/www.welovecycling.com\/es\/2019\/09\/20\/musica-y-ciclismo\/\" \/>\n<meta property=\"og:locale\" content=\"es_ES\" \/>\n<meta property=\"og:type\" content=\"article\" \/>\n<meta property=\"og:title\" content=\"M\u00fasica y ciclismo. La extra\u00f1a obsesi\u00f3n de los m\u00fasicos por el mundo de la bicicleta\" \/>\n<meta property=\"og:description\" content=\"M\u00fasica y ciclismo. La extra\u00f1a obsesi\u00f3n de los m\u00fasicos por el mundo de la bicicleta. Las canciones relacionadas con el ciclismo.\" \/>\n<meta property=\"og:url\" content=\"https:\/\/www.welovecycling.com\/es\/2019\/09\/20\/musica-y-ciclismo\/\" \/>\n<meta property=\"og:site_name\" content=\"\u0160koda We Love Cycling - Spain\" \/>\n<meta property=\"article:published_time\" content=\"2019-09-20T16:24:57+00:00\" \/>\n<meta property=\"article:modified_time\" content=\"2019-09-20T16:26:03+00:00\" \/>\n<meta property=\"og:image\" content=\"https:\/\/d2p6e6u75xmxt8.cloudfront.net\/6\/2019\/09\/kraftwerk-tour-de-france-CVR.jpg\" \/>\n\t<meta property=\"og:image:width\" content=\"1366\" \/>\n\t<meta property=\"og:image:height\" content=\"600\" \/>\n\t<meta property=\"og:image:type\" content=\"image\/jpeg\" \/>\n<meta name=\"author\" content=\"We Love Cycling Spain\" \/>\n<meta name=\"twitter:card\" content=\"summary_large_image\" \/>\n<meta name=\"twitter:title\" content=\"M\u00fasica y ciclismo. La extra\u00f1a obsesi\u00f3n de los m\u00fasicos por el mundo de la bicicleta\" \/>\n<meta name=\"twitter:description\" content=\"M\u00fasica y ciclismo. La extra\u00f1a obsesi\u00f3n de los m\u00fasicos por el mundo de la bicicleta. Las canciones relacionadas con el ciclismo.\" \/>\n<meta name=\"twitter:label1\" content=\"Written by\" \/>\n\t<meta name=\"twitter:data1\" content=\"Christopher Ashley\" \/>\n\t<meta name=\"twitter:label2\" content=\"Est. reading time\" \/>\n\t<meta name=\"twitter:data2\" content=\"6\" \/>\n<script type=\"application\/ld+json\" class=\"yoast-schema-graph\">{\"@context\":\"https:\/\/schema.org\",\"@graph\":[{\"@type\":\"WebPage\",\"@id\":\"https:\/\/www.welovecycling.com\/es\/2019\/09\/20\/musica-y-ciclismo\/\",\"url\":\"https:\/\/www.welovecycling.com\/es\/2019\/09\/20\/musica-y-ciclismo\/\",\"name\":\"M\u00fasica y ciclismo. Los m\u00fasicos que piensan en bicicletas - \u0160koda We Love Cycling - Spain\",\"isPartOf\":{\"@id\":\"https:\/\/www.welovecycling.com\/es\/#website\"},\"primaryImageOfPage\":{\"@id\":\"https:\/\/www.welovecycling.com\/es\/2019\/09\/20\/musica-y-ciclismo\/#primaryimage\"},\"image\":{\"@id\":\"https:\/\/www.welovecycling.com\/es\/2019\/09\/20\/musica-y-ciclismo\/#primaryimage\"},\"thumbnailUrl\":\"https:\/\/d2p6e6u75xmxt8.cloudfront.net\/6\/2019\/09\/kraftwerk-tour-de-france-CVR.jpg\",\"datePublished\":\"2019-09-20T16:24:57+00:00\",\"dateModified\":\"2019-09-20T16:26:03+00:00\",\"author\":{\"@id\":\"https:\/\/www.welovecycling.com\/es\/#\/schema\/person\/deb61715b5812698ee79fb96f343ccd4\"},\"description\":\"M\u00fasica y ciclismo. La extra\u00f1a obsesi\u00f3n de los m\u00fasicos por el mundo de la bicicleta. Las canciones relacionadas con el ciclismo.\",\"breadcrumb\":{\"@id\":\"https:\/\/www.welovecycling.com\/es\/2019\/09\/20\/musica-y-ciclismo\/#breadcrumb\"},\"inLanguage\":\"es-ES\",\"potentialAction\":[{\"@type\":\"ReadAction\",\"target\":[\"https:\/\/www.welovecycling.com\/es\/2019\/09\/20\/musica-y-ciclismo\/\"]}]},{\"@type\":\"ImageObject\",\"inLanguage\":\"es-ES\",\"@id\":\"https:\/\/www.welovecycling.com\/es\/2019\/09\/20\/musica-y-ciclismo\/#primaryimage\",\"url\":\"https:\/\/d2p6e6u75xmxt8.cloudfront.net\/6\/2019\/09\/kraftwerk-tour-de-france-CVR.jpg\",\"contentUrl\":\"https:\/\/d2p6e6u75xmxt8.cloudfront.net\/6\/2019\/09\/kraftwerk-tour-de-france-CVR.jpg\",\"width\":1366,\"height\":600},{\"@type\":\"BreadcrumbList\",\"@id\":\"https:\/\/www.welovecycling.com\/es\/2019\/09\/20\/musica-y-ciclismo\/#breadcrumb\",\"itemListElement\":[{\"@type\":\"ListItem\",\"position\":1,\"name\":\"Home\",\"item\":\"https:\/\/www.welovecycling.com\/es\/\"},{\"@type\":\"ListItem\",\"position\":2,\"name\":\"M\u00fasica y ciclismo. Los m\u00fasicos que piensan en bicicletas\"}]},{\"@type\":\"WebSite\",\"@id\":\"https:\/\/www.welovecycling.com\/es\/#website\",\"url\":\"https:\/\/www.welovecycling.com\/es\/\",\"name\":\"\u0160koda We Love Cycling - Spain\",\"description\":\"\u0160koda WeLoveCycling Spain\",\"potentialAction\":[{\"@type\":\"SearchAction\",\"target\":{\"@type\":\"EntryPoint\",\"urlTemplate\":\"https:\/\/www.welovecycling.com\/es\/?s={search_term_string}\"},\"query-input\":{\"@type\":\"PropertyValueSpecification\",\"valueRequired\":true,\"valueName\":\"search_term_string\"}}],\"inLanguage\":\"es-ES\"},{\"@type\":\"Person\",\"@id\":\"https:\/\/www.welovecycling.com\/es\/#\/schema\/person\/deb61715b5812698ee79fb96f343ccd4\",\"name\":\"We Love Cycling Spain\",\"image\":{\"@type\":\"ImageObject\",\"inLanguage\":\"es-ES\",\"@id\":\"https:\/\/www.welovecycling.com\/es\/#\/schema\/person\/image\/\",\"url\":\"https:\/\/secure.gravatar.com\/avatar\/c824b04e6df0e37a03219d0b6481672889df542894588964102459e46513159c?s=96&d=mm&r=g\",\"contentUrl\":\"https:\/\/secure.gravatar.com\/avatar\/c824b04e6df0e37a03219d0b6481672889df542894588964102459e46513159c?s=96&d=mm&r=g\",\"caption\":\"We Love Cycling Spain\"},\"url\":\"https:\/\/www.welovecycling.com\/es\/author\/amunoz\/\"}]}<\/script>\n<!-- \/ Yoast SEO Premium plugin. -->","yoast_head_json":{"title":"M\u00fasica y ciclismo. Los m\u00fasicos que piensan en bicicletas - \u0160koda We Love Cycling - Spain","description":"M\u00fasica y ciclismo. La extra\u00f1a obsesi\u00f3n de los m\u00fasicos por el mundo de la bicicleta. Las canciones relacionadas con el ciclismo.","robots":{"index":"index","follow":"follow","max-snippet":"max-snippet:-1","max-image-preview":"max-image-preview:large","max-video-preview":"max-video-preview:-1"},"canonical":"https:\/\/www.welovecycling.com\/es\/2019\/09\/20\/musica-y-ciclismo\/","og_locale":"es_ES","og_type":"article","og_title":"M\u00fasica y ciclismo. La extra\u00f1a obsesi\u00f3n de los m\u00fasicos por el mundo de la bicicleta","og_description":"M\u00fasica y ciclismo. La extra\u00f1a obsesi\u00f3n de los m\u00fasicos por el mundo de la bicicleta. Las canciones relacionadas con el ciclismo.","og_url":"https:\/\/www.welovecycling.com\/es\/2019\/09\/20\/musica-y-ciclismo\/","og_site_name":"\u0160koda We Love Cycling - Spain","article_published_time":"2019-09-20T16:24:57+00:00","article_modified_time":"2019-09-20T16:26:03+00:00","og_image":[{"width":1366,"height":600,"url":"https:\/\/d2p6e6u75xmxt8.cloudfront.net\/6\/2019\/09\/kraftwerk-tour-de-france-CVR.jpg","type":"image\/jpeg"}],"author":"We Love Cycling Spain","twitter_card":"summary_large_image","twitter_title":"M\u00fasica y ciclismo. La extra\u00f1a obsesi\u00f3n de los m\u00fasicos por el mundo de la bicicleta","twitter_description":"M\u00fasica y ciclismo. La extra\u00f1a obsesi\u00f3n de los m\u00fasicos por el mundo de la bicicleta. Las canciones relacionadas con el ciclismo.","twitter_misc":{"Written by":"Christopher Ashley","Est. reading time":"6"},"schema":{"@context":"https:\/\/schema.org","@graph":[{"@type":"WebPage","@id":"https:\/\/www.welovecycling.com\/es\/2019\/09\/20\/musica-y-ciclismo\/","url":"https:\/\/www.welovecycling.com\/es\/2019\/09\/20\/musica-y-ciclismo\/","name":"M\u00fasica y ciclismo. Los m\u00fasicos que piensan en bicicletas - \u0160koda We Love Cycling - Spain","isPartOf":{"@id":"https:\/\/www.welovecycling.com\/es\/#website"},"primaryImageOfPage":{"@id":"https:\/\/www.welovecycling.com\/es\/2019\/09\/20\/musica-y-ciclismo\/#primaryimage"},"image":{"@id":"https:\/\/www.welovecycling.com\/es\/2019\/09\/20\/musica-y-ciclismo\/#primaryimage"},"thumbnailUrl":"https:\/\/d2p6e6u75xmxt8.cloudfront.net\/6\/2019\/09\/kraftwerk-tour-de-france-CVR.jpg","datePublished":"2019-09-20T16:24:57+00:00","dateModified":"2019-09-20T16:26:03+00:00","author":{"@id":"https:\/\/www.welovecycling.com\/es\/#\/schema\/person\/deb61715b5812698ee79fb96f343ccd4"},"description":"M\u00fasica y ciclismo. La extra\u00f1a obsesi\u00f3n de los m\u00fasicos por el mundo de la bicicleta. Las canciones relacionadas con el ciclismo.","breadcrumb":{"@id":"https:\/\/www.welovecycling.com\/es\/2019\/09\/20\/musica-y-ciclismo\/#breadcrumb"},"inLanguage":"es-ES","potentialAction":[{"@type":"ReadAction","target":["https:\/\/www.welovecycling.com\/es\/2019\/09\/20\/musica-y-ciclismo\/"]}]},{"@type":"ImageObject","inLanguage":"es-ES","@id":"https:\/\/www.welovecycling.com\/es\/2019\/09\/20\/musica-y-ciclismo\/#primaryimage","url":"https:\/\/d2p6e6u75xmxt8.cloudfront.net\/6\/2019\/09\/kraftwerk-tour-de-france-CVR.jpg","contentUrl":"https:\/\/d2p6e6u75xmxt8.cloudfront.net\/6\/2019\/09\/kraftwerk-tour-de-france-CVR.jpg","width":1366,"height":600},{"@type":"BreadcrumbList","@id":"https:\/\/www.welovecycling.com\/es\/2019\/09\/20\/musica-y-ciclismo\/#breadcrumb","itemListElement":[{"@type":"ListItem","position":1,"name":"Home","item":"https:\/\/www.welovecycling.com\/es\/"},{"@type":"ListItem","position":2,"name":"M\u00fasica y ciclismo. Los m\u00fasicos que piensan en bicicletas"}]},{"@type":"WebSite","@id":"https:\/\/www.welovecycling.com\/es\/#website","url":"https:\/\/www.welovecycling.com\/es\/","name":"\u0160koda We Love Cycling - Spain","description":"\u0160koda WeLoveCycling Spain","potentialAction":[{"@type":"SearchAction","target":{"@type":"EntryPoint","urlTemplate":"https:\/\/www.welovecycling.com\/es\/?s={search_term_string}"},"query-input":{"@type":"PropertyValueSpecification","valueRequired":true,"valueName":"search_term_string"}}],"inLanguage":"es-ES"},{"@type":"Person","@id":"https:\/\/www.welovecycling.com\/es\/#\/schema\/person\/deb61715b5812698ee79fb96f343ccd4","name":"We Love Cycling Spain","image":{"@type":"ImageObject","inLanguage":"es-ES","@id":"https:\/\/www.welovecycling.com\/es\/#\/schema\/person\/image\/","url":"https:\/\/secure.gravatar.com\/avatar\/c824b04e6df0e37a03219d0b6481672889df542894588964102459e46513159c?s=96&d=mm&r=g","contentUrl":"https:\/\/secure.gravatar.com\/avatar\/c824b04e6df0e37a03219d0b6481672889df542894588964102459e46513159c?s=96&d=mm&r=g","caption":"We Love Cycling Spain"},"url":"https:\/\/www.welovecycling.com\/es\/author\/amunoz\/"}]}},"_links":{"self":[{"href":"https:\/\/www.welovecycling.com\/es\/wp-json\/wp\/v2\/posts\/5407","targetHints":{"allow":["GET"]}}],"collection":[{"href":"https:\/\/www.welovecycling.com\/es\/wp-json\/wp\/v2\/posts"}],"about":[{"href":"https:\/\/www.welovecycling.com\/es\/wp-json\/wp\/v2\/types\/post"}],"author":[{"embeddable":true,"href":"https:\/\/www.welovecycling.com\/es\/wp-json\/wp\/v2\/users\/29"}],"replies":[{"embeddable":true,"href":"https:\/\/www.welovecycling.com\/es\/wp-json\/wp\/v2\/comments?post=5407"}],"version-history":[{"count":1,"href":"https:\/\/www.welovecycling.com\/es\/wp-json\/wp\/v2\/posts\/5407\/revisions"}],"predecessor-version":[{"id":5415,"href":"https:\/\/www.welovecycling.com\/es\/wp-json\/wp\/v2\/posts\/5407\/revisions\/5415"}],"wp:featuredmedia":[{"embeddable":true,"href":"https:\/\/www.welovecycling.com\/es\/wp-json\/wp\/v2\/media\/5414"}],"wp:attachment":[{"href":"https:\/\/www.welovecycling.com\/es\/wp-json\/wp\/v2\/media?parent=5407"}],"wp:term":[{"taxonomy":"category","embeddable":true,"href":"https:\/\/www.welovecycling.com\/es\/wp-json\/wp\/v2\/categories?post=5407"},{"taxonomy":"post_tag","embeddable":true,"href":"https:\/\/www.welovecycling.com\/es\/wp-json\/wp\/v2\/tags?post=5407"},{"taxonomy":"global-categories","embeddable":true,"href":"https:\/\/www.welovecycling.com\/es\/wp-json\/wp\/v2\/global-categories?post=5407"}],"curies":[{"name":"wp","href":"https:\/\/api.w.org\/{rel}","templated":true}]}}