{"id":5400,"date":"2019-09-18T11:23:28","date_gmt":"2019-09-18T09:23:28","guid":{"rendered":"https:\/\/www.welovecycling.com\/es\/?p=5400"},"modified":"2019-09-18T11:23:28","modified_gmt":"2019-09-18T09:23:28","slug":"conclusiones-la-vuelta-2019","status":"publish","type":"post","link":"https:\/\/www.welovecycling.com\/es\/2019\/09\/18\/conclusiones-la-vuelta-2019\/","title":{"rendered":"Las conclusiones de La Vuelta 2019"},"content":{"rendered":"<p><strong>La Vuelta a Espa\u00f1a 2019 es historia y ser\u00e1 recordada como una de las ediciones m\u00e1s emocionantes con ca\u00eddas, controversias, h\u00e9roes sorprendentes y muchas monta\u00f1as..<\/strong><\/p>\n<p><!--more--><\/p>\n<p>Como se han dado cuenta los organizadores de la carrera, las monta\u00f1as son lo m\u00e1s emocionante para el p\u00fablico de la televisi\u00f3n mundial en una vuelta de tres semanas, y este a\u00f1o la Vuelta ofreci\u00f3 muchas subidas y bajadas, con siete etapas de monta\u00f1a, seis etapas clasificadas de media monta\u00f1a y entre ellas menos de ocho finales en cuesta arriba.<\/p>\n<p>Las monta\u00f1a tambi\u00e9n fue el habitat de la revelaci\u00f3n de la Vuelta a Espa\u00f1a de este a\u00f1o, Tadej Poga\u010dar. El esloveno, de 20 a\u00f1os, que disputaba su primer Gran Tour, gan\u00f3 tres etapas de monta\u00f1a con mucho estilo y termin\u00f3 tercero en la clasificaci\u00f3n general de la Vuelta, a tan s\u00f3lo 22 segundos del ex ganador de la Vuelta, el espa\u00f1ol Alejandro Valverde, que tiene casi el doble de edad.<\/p>\n<p>Poga\u010dar tambi\u00e9n gan\u00f3 el t\u00edtulo de mejor\u00a0 joven de la carrera. Su lucha contra el colombiano de 25 a\u00f1os Miguel \u00c1ngel L\u00f3pez por el t\u00edtulo, en la que el esloveno le arrebat\u00f3 la camiseta blanca a L\u00f3pez con la victoria en la \u00faltima etapa de monta\u00f1a, a\u00f1adi\u00f3 m\u00e1s pelea a la carrera. Otro joven colombiano debutante en el Gran Tour, Sergio Higuita, de 22 a\u00f1os, tambi\u00e9n se mostr\u00f3 muy prometedor al ganar la 18\u00aa etapa. Con el triunfo del Tour de Francia de Egal Bernal, de 22 a\u00f1os, en 2019 se dio a conocer una nueva generaci\u00f3n de j\u00f3venes talentos, lo que es un buen augurio para el futuro del deporte (y el futuro del ciclismo esloveno y colombiano).<\/p>\n<figure id=\"attachment_5401\" aria-describedby=\"caption-attachment-5401\" style=\"width: 1024px\" class=\"wp-caption alignnone\"><a href=\"https:\/\/d2p6e6u75xmxt8.cloudfront.net\/2\/2019\/09\/la-vuelta-1-profimedia-0471009300.jpg\"><img loading=\"lazy\" decoding=\"async\" class=\"size-large wp-image-5401\" src=\"https:\/\/d2p6e6u75xmxt8.cloudfront.net\/6\/2019\/09\/la-vuelta-1-profimedia-0471009300-1024x621.jpg\" alt=\"\" width=\"1024\" height=\"621\" srcset=\"https:\/\/d2p6e6u75xmxt8.cloudfront.net\/6\/2019\/09\/la-vuelta-1-profimedia-0471009300-1024x621.jpg 1024w, https:\/\/d2p6e6u75xmxt8.cloudfront.net\/6\/2019\/09\/la-vuelta-1-profimedia-0471009300-300x182.jpg 300w, https:\/\/d2p6e6u75xmxt8.cloudfront.net\/6\/2019\/09\/la-vuelta-1-profimedia-0471009300-768x466.jpg 768w, https:\/\/d2p6e6u75xmxt8.cloudfront.net\/6\/2019\/09\/la-vuelta-1-profimedia-0471009300.jpg 1250w\" sizes=\"auto, (max-width: 1024px) 100vw, 1024px\" \/><\/a><figcaption id=\"caption-attachment-5401\" class=\"wp-caption-text\">Primo\u017e Rogli\u010d celebra con sus compa\u00f1eros de equipo el final de la 21\u00aa y \u00faltima etapa de la Vuelta a Espa\u00f1a. Credit line: Profimedia, EPA<\/figcaption><\/figure>\n<p>&nbsp;<\/p>\n<p>Otro factor que se sum\u00f3 a la emoci\u00f3n de la Vuelta de este a\u00f1o fue la ausencia de ciclistas dominantes: sin Chris Froome, que a\u00fan se est\u00e1 recuperando de una terrible ca\u00edda en Dauphine, sin Geraint Thomas, sin Bernal, sin Peter Sagan. Y aunque el favorito antes de la carrera, el esloveno Primo\u017e Rogli\u010d, gan\u00f3 por un c\u00f3modo margen de 2&#8217;33&#8221;, su inicio y la eliminaci\u00f3n de varios contendientes por ca\u00eddas mantuvieron el suspenso durante gran parte de la carrera.<\/p>\n<p>Adem\u00e1s, un gran error del esloveno en la 17\u00aa etapa casi le cuesta la carrera. Cuando un gran grupo de corredores, entre los que se encontraba Nairo Quintana, se meti\u00f3 en una escapada con viento y abanicos, Rogli\u010d se encontr\u00f3 demasiado lejos de la parte delantera del pelot\u00f3n para mantenerse en contacto. En su lugar, fue parte del segundo grupo que tuvo que perseguir la fuga durante m\u00e1s de 200 km. Y como su equipo hab\u00eda trabajado duro para limitar los da\u00f1os, se encontr\u00f3 aislado a falta de 40 km para el final. La alianza con Astana le permiti\u00f3 seguir l\u00edder y que perder &#8220;s\u00f3lo&#8221; 5 minutos contra el colombiano.<\/p>\n<p>El equipo Ineos, tan dominante en el Tour de Francia, no fue decisivo en la Vuelta. En cambio, el equipo Jumbo-Visma de Rogli\u010d continu\u00f3 su excelente forma con un plan brillante -dominar la contrarreloj y vestirse de rojo y mantener a los rivales a raya en las monta\u00f1as- y un apoyo excelente para su l\u00edder.<\/p>\n<figure id=\"attachment_5402\" aria-describedby=\"caption-attachment-5402\" style=\"width: 1024px\" class=\"wp-caption alignnone\"><a href=\"https:\/\/d2p6e6u75xmxt8.cloudfront.net\/2\/2019\/09\/la-vuelta-3-profimedia-0470627035.jpg\"><img loading=\"lazy\" decoding=\"async\" class=\"wp-image-5402 size-large\" src=\"https:\/\/d2p6e6u75xmxt8.cloudfront.net\/6\/2019\/09\/la-vuelta-3-profimedia-0470627035-1024x682.jpg\" alt=\"\" width=\"1024\" height=\"682\" srcset=\"https:\/\/d2p6e6u75xmxt8.cloudfront.net\/6\/2019\/09\/la-vuelta-3-profimedia-0470627035-1024x682.jpg 1024w, https:\/\/d2p6e6u75xmxt8.cloudfront.net\/6\/2019\/09\/la-vuelta-3-profimedia-0470627035-300x200.jpg 300w, https:\/\/d2p6e6u75xmxt8.cloudfront.net\/6\/2019\/09\/la-vuelta-3-profimedia-0470627035-768x512.jpg 768w, https:\/\/d2p6e6u75xmxt8.cloudfront.net\/6\/2019\/09\/la-vuelta-3-profimedia-0470627035-272x182.jpg 272w, https:\/\/d2p6e6u75xmxt8.cloudfront.net\/6\/2019\/09\/la-vuelta-3-profimedia-0470627035.jpg 1250w\" sizes=\"auto, (max-width: 1024px) 100vw, 1024px\" \/><\/a><figcaption id=\"caption-attachment-5402\" class=\"wp-caption-text\">Sin correr el Tour se llega m\u00e1s fresco a La Vuelta. \u00a9 Profimedia, AFP<\/figcaption><\/figure>\n<p>&nbsp;<\/p>\n<p>Pero fue una decisi\u00f3n del equipo tomada meses antes la que fue fundamental para la victoria de Rogli\u010d, a saber, que no correr\u00eda en el Tour de Francia como estaba previsto, sino que se enfrentar\u00eda a la Vuelta. La raz\u00f3n de esta decisi\u00f3n fue que, despu\u00e9s de terminar tercero en el Giro de Italia, el esloveno estaba agotado por sus vanos intentos de mantener el liderato de la carrera en las etapas finales de la misma.<\/p>\n<p>Seg\u00fan el director deportivo de Jumbo-Visma, Addy Engels, &#8220;se hizo f\u00edsicamente despu\u00e9s del Giro. Estaba agotado. \u00c9l no habr\u00eda estado en plena forma en el Tour, y para hacer algo debes estarlo&#8221;.<\/p>\n<p>Por lo tanto, Rogli\u010d s\u00f3lo particip\u00f3 en el campeonato nacional esloveno en junio y lleg\u00f3 para la Vuelta fresco y fuerte. Adem\u00e1s, la cuesti\u00f3n de qui\u00e9n ser\u00eda el l\u00edder del equipo en la Vuelta &#8211; Rogli\u010d o Steven Kruijswijk, que hab\u00eda terminado tercero en el Tour de Francia &#8211; se resolvi\u00f3 pronto cuando Kruijswijk se estrell\u00f3 en la contrarreloj por equipos del primer d\u00eda y abandon\u00f3 la carrera unos d\u00edas despu\u00e9s debido a una lesi\u00f3n de rodilla.<\/p>\n<figure id=\"attachment_5403\" aria-describedby=\"caption-attachment-5403\" style=\"width: 1024px\" class=\"wp-caption alignnone\"><a href=\"https:\/\/d2p6e6u75xmxt8.cloudfront.net\/2\/2019\/09\/la-vuelta-2-profimedia-0470829319.jpg\"><img loading=\"lazy\" decoding=\"async\" class=\"wp-image-5403 size-large\" src=\"https:\/\/d2p6e6u75xmxt8.cloudfront.net\/6\/2019\/09\/la-vuelta-2-profimedia-0470829319-1024x651.jpg\" alt=\"\" width=\"1024\" height=\"651\" srcset=\"https:\/\/d2p6e6u75xmxt8.cloudfront.net\/6\/2019\/09\/la-vuelta-2-profimedia-0470829319-1024x651.jpg 1024w, https:\/\/d2p6e6u75xmxt8.cloudfront.net\/6\/2019\/09\/la-vuelta-2-profimedia-0470829319-300x191.jpg 300w, https:\/\/d2p6e6u75xmxt8.cloudfront.net\/6\/2019\/09\/la-vuelta-2-profimedia-0470829319-768x488.jpg 768w, https:\/\/d2p6e6u75xmxt8.cloudfront.net\/6\/2019\/09\/la-vuelta-2-profimedia-0470829319.jpg 1250w\" sizes=\"auto, (max-width: 1024px) 100vw, 1024px\" \/><\/a><figcaption id=\"caption-attachment-5403\" class=\"wp-caption-text\">El peloton en la subida a Pedro Bernardo. Etapa 20. \u00a9 Profimedia, AFP<\/figcaption><\/figure>\n<p>&nbsp;<\/p>\n<p>La victoria de Rogli\u010d en la Vuelta proporciona tres lecciones clave para cualquier ciclista que sue\u00f1a con ganar un Gran Tour:<\/p>\n<p>Destaca en las pruebas contrarrelojes y sube bien.<br \/>\nTiene un gran equipo detr\u00e1s (pero sobre todo delante) de ti.<br \/>\nIr fresco y sin correr el Tour. S\u00f3lo un ciclista ha ganado el Tour de Francia y la Vuelta en la misma temporada desde que se corre en septiembre, Chris Froome en 2017, y Froome fue el primero en ganar el dos grandes vueltas consecutivamente desde Marco Pantani en 1998.<\/p>\n","protected":false},"excerpt":{"rendered":"<p>La Vuelta a Espa\u00f1a 2019 es historia y ser\u00e1 recordada como una de las ediciones m\u00e1s emocionantes con ca\u00eddas, controversias, [&hellip;]<\/p>\n","protected":false},"author":29,"featured_media":5405,"comment_status":"open","ping_status":"open","sticky":false,"template":"","format":"standard","meta":{"footnotes":""},"categories":[7],"tags":[1242,44,785,1184,1185],"global-categories":[],"class_list":["post-5400","post","type-post","status-publish","format-standard","has-post-thumbnail","hentry","category-carretera","tag-conclusiones-la-vuelta-2019","tag-la-vuelta","tag-la-vuelta-2019","tag-pogacar-la-vuelta","tag-roglic-la-vuelta"],"yoast_head":"<!-- This site is optimized with the Yoast SEO Premium plugin v25.3 (Yoast SEO v25.9) - https:\/\/yoast.com\/wordpress\/plugins\/seo\/ -->\n<title>Las conclusiones de La Vuelta 2019 - \u0160koda We Love Cycling - Spain<\/title>\n<meta name=\"description\" content=\"Las conclusiones de La Vuelta 2019. Esta Vuelta nos ha ense\u00f1ado el dominio de Primoz Roglic, el nacimiento de Pogacar y el espect\u00e1culo de las monta\u00f1as.\" \/>\n<meta name=\"robots\" content=\"index, follow, max-snippet:-1, max-image-preview:large, max-video-preview:-1\" \/>\n<link rel=\"canonical\" href=\"https:\/\/www.welovecycling.com\/es\/2019\/09\/18\/conclusiones-la-vuelta-2019\/\" \/>\n<meta property=\"og:locale\" content=\"es_ES\" \/>\n<meta property=\"og:type\" content=\"article\" \/>\n<meta property=\"og:title\" content=\"Las conclusiones de La Vuelta 2019\" \/>\n<meta property=\"og:description\" content=\"Las conclusiones de La Vuelta 2019. Esta Vuelta nos ha ense\u00f1ado el dominio de Primoz Roglic, el nacimiento de Pogacar y el espect\u00e1culo de las monta\u00f1as.\" \/>\n<meta property=\"og:url\" content=\"https:\/\/www.welovecycling.com\/es\/2019\/09\/18\/conclusiones-la-vuelta-2019\/\" \/>\n<meta property=\"og:site_name\" content=\"\u0160koda We Love Cycling - Spain\" \/>\n<meta property=\"article:published_time\" content=\"2019-09-18T09:23:28+00:00\" \/>\n<meta property=\"og:image\" content=\"https:\/\/d2p6e6u75xmxt8.cloudfront.net\/6\/2019\/09\/la-vuelta-2019-profimedia-0471004890-CVR.jpg\" \/>\n\t<meta property=\"og:image:width\" content=\"1366\" \/>\n\t<meta property=\"og:image:height\" content=\"600\" \/>\n\t<meta property=\"og:image:type\" content=\"image\/jpeg\" \/>\n<meta name=\"author\" content=\"We Love Cycling Spain\" \/>\n<meta name=\"twitter:card\" content=\"summary_large_image\" \/>\n<meta name=\"twitter:title\" content=\"Las conclusiones de La Vuelta 2019.\" \/>\n<meta name=\"twitter:description\" content=\"Las conclusiones de La Vuelta 2019. Esta Vuelta nos ha ense\u00f1ado el dominio de Primoz Roglic, el nacimiento de Pogacar y el espect\u00e1culo de las monta\u00f1as.\" \/>\n<meta name=\"twitter:label1\" content=\"Written by\" \/>\n\t<meta name=\"twitter:data1\" content=\"Siegfried Mortkowitz\" \/>\n\t<meta name=\"twitter:label2\" content=\"Est. reading time\" \/>\n\t<meta name=\"twitter:data2\" content=\"6\" \/>\n<script type=\"application\/ld+json\" class=\"yoast-schema-graph\">{\"@context\":\"https:\/\/schema.org\",\"@graph\":[{\"@type\":\"WebPage\",\"@id\":\"https:\/\/www.welovecycling.com\/es\/2019\/09\/18\/conclusiones-la-vuelta-2019\/\",\"url\":\"https:\/\/www.welovecycling.com\/es\/2019\/09\/18\/conclusiones-la-vuelta-2019\/\",\"name\":\"Las conclusiones de La Vuelta 2019 - \u0160koda We Love Cycling - Spain\",\"isPartOf\":{\"@id\":\"https:\/\/www.welovecycling.com\/es\/#website\"},\"primaryImageOfPage\":{\"@id\":\"https:\/\/www.welovecycling.com\/es\/2019\/09\/18\/conclusiones-la-vuelta-2019\/#primaryimage\"},\"image\":{\"@id\":\"https:\/\/www.welovecycling.com\/es\/2019\/09\/18\/conclusiones-la-vuelta-2019\/#primaryimage\"},\"thumbnailUrl\":\"https:\/\/d2p6e6u75xmxt8.cloudfront.net\/6\/2019\/09\/la-vuelta-2019-profimedia-0471004890-CVR.jpg\",\"datePublished\":\"2019-09-18T09:23:28+00:00\",\"author\":{\"@id\":\"https:\/\/www.welovecycling.com\/es\/#\/schema\/person\/deb61715b5812698ee79fb96f343ccd4\"},\"description\":\"Las conclusiones de La Vuelta 2019. Esta Vuelta nos ha ense\u00f1ado el dominio de Primoz Roglic, el nacimiento de Pogacar y el espect\u00e1culo de las monta\u00f1as.\",\"breadcrumb\":{\"@id\":\"https:\/\/www.welovecycling.com\/es\/2019\/09\/18\/conclusiones-la-vuelta-2019\/#breadcrumb\"},\"inLanguage\":\"es-ES\",\"potentialAction\":[{\"@type\":\"ReadAction\",\"target\":[\"https:\/\/www.welovecycling.com\/es\/2019\/09\/18\/conclusiones-la-vuelta-2019\/\"]}]},{\"@type\":\"ImageObject\",\"inLanguage\":\"es-ES\",\"@id\":\"https:\/\/www.welovecycling.com\/es\/2019\/09\/18\/conclusiones-la-vuelta-2019\/#primaryimage\",\"url\":\"https:\/\/d2p6e6u75xmxt8.cloudfront.net\/6\/2019\/09\/la-vuelta-2019-profimedia-0471004890-CVR.jpg\",\"contentUrl\":\"https:\/\/d2p6e6u75xmxt8.cloudfront.net\/6\/2019\/09\/la-vuelta-2019-profimedia-0471004890-CVR.jpg\",\"width\":1366,\"height\":600},{\"@type\":\"BreadcrumbList\",\"@id\":\"https:\/\/www.welovecycling.com\/es\/2019\/09\/18\/conclusiones-la-vuelta-2019\/#breadcrumb\",\"itemListElement\":[{\"@type\":\"ListItem\",\"position\":1,\"name\":\"Home\",\"item\":\"https:\/\/www.welovecycling.com\/es\/\"},{\"@type\":\"ListItem\",\"position\":2,\"name\":\"Las conclusiones de La Vuelta 2019\"}]},{\"@type\":\"WebSite\",\"@id\":\"https:\/\/www.welovecycling.com\/es\/#website\",\"url\":\"https:\/\/www.welovecycling.com\/es\/\",\"name\":\"\u0160koda We Love Cycling - Spain\",\"description\":\"\u0160koda WeLoveCycling Spain\",\"potentialAction\":[{\"@type\":\"SearchAction\",\"target\":{\"@type\":\"EntryPoint\",\"urlTemplate\":\"https:\/\/www.welovecycling.com\/es\/?s={search_term_string}\"},\"query-input\":{\"@type\":\"PropertyValueSpecification\",\"valueRequired\":true,\"valueName\":\"search_term_string\"}}],\"inLanguage\":\"es-ES\"},{\"@type\":\"Person\",\"@id\":\"https:\/\/www.welovecycling.com\/es\/#\/schema\/person\/deb61715b5812698ee79fb96f343ccd4\",\"name\":\"We Love Cycling Spain\",\"image\":{\"@type\":\"ImageObject\",\"inLanguage\":\"es-ES\",\"@id\":\"https:\/\/www.welovecycling.com\/es\/#\/schema\/person\/image\/\",\"url\":\"https:\/\/secure.gravatar.com\/avatar\/c824b04e6df0e37a03219d0b6481672889df542894588964102459e46513159c?s=96&d=mm&r=g\",\"contentUrl\":\"https:\/\/secure.gravatar.com\/avatar\/c824b04e6df0e37a03219d0b6481672889df542894588964102459e46513159c?s=96&d=mm&r=g\",\"caption\":\"We Love Cycling Spain\"},\"url\":\"https:\/\/www.welovecycling.com\/es\/author\/amunoz\/\"}]}<\/script>\n<!-- \/ Yoast SEO Premium plugin. -->","yoast_head_json":{"title":"Las conclusiones de La Vuelta 2019 - \u0160koda We Love Cycling - Spain","description":"Las conclusiones de La Vuelta 2019. Esta Vuelta nos ha ense\u00f1ado el dominio de Primoz Roglic, el nacimiento de Pogacar y el espect\u00e1culo de las monta\u00f1as.","robots":{"index":"index","follow":"follow","max-snippet":"max-snippet:-1","max-image-preview":"max-image-preview:large","max-video-preview":"max-video-preview:-1"},"canonical":"https:\/\/www.welovecycling.com\/es\/2019\/09\/18\/conclusiones-la-vuelta-2019\/","og_locale":"es_ES","og_type":"article","og_title":"Las conclusiones de La Vuelta 2019","og_description":"Las conclusiones de La Vuelta 2019. Esta Vuelta nos ha ense\u00f1ado el dominio de Primoz Roglic, el nacimiento de Pogacar y el espect\u00e1culo de las monta\u00f1as.","og_url":"https:\/\/www.welovecycling.com\/es\/2019\/09\/18\/conclusiones-la-vuelta-2019\/","og_site_name":"\u0160koda We Love Cycling - Spain","article_published_time":"2019-09-18T09:23:28+00:00","og_image":[{"width":1366,"height":600,"url":"https:\/\/d2p6e6u75xmxt8.cloudfront.net\/6\/2019\/09\/la-vuelta-2019-profimedia-0471004890-CVR.jpg","type":"image\/jpeg"}],"author":"We Love Cycling Spain","twitter_card":"summary_large_image","twitter_title":"Las conclusiones de La Vuelta 2019.","twitter_description":"Las conclusiones de La Vuelta 2019. Esta Vuelta nos ha ense\u00f1ado el dominio de Primoz Roglic, el nacimiento de Pogacar y el espect\u00e1culo de las monta\u00f1as.","twitter_misc":{"Written by":"Siegfried Mortkowitz","Est. reading time":"6"},"schema":{"@context":"https:\/\/schema.org","@graph":[{"@type":"WebPage","@id":"https:\/\/www.welovecycling.com\/es\/2019\/09\/18\/conclusiones-la-vuelta-2019\/","url":"https:\/\/www.welovecycling.com\/es\/2019\/09\/18\/conclusiones-la-vuelta-2019\/","name":"Las conclusiones de La Vuelta 2019 - \u0160koda We Love Cycling - Spain","isPartOf":{"@id":"https:\/\/www.welovecycling.com\/es\/#website"},"primaryImageOfPage":{"@id":"https:\/\/www.welovecycling.com\/es\/2019\/09\/18\/conclusiones-la-vuelta-2019\/#primaryimage"},"image":{"@id":"https:\/\/www.welovecycling.com\/es\/2019\/09\/18\/conclusiones-la-vuelta-2019\/#primaryimage"},"thumbnailUrl":"https:\/\/d2p6e6u75xmxt8.cloudfront.net\/6\/2019\/09\/la-vuelta-2019-profimedia-0471004890-CVR.jpg","datePublished":"2019-09-18T09:23:28+00:00","author":{"@id":"https:\/\/www.welovecycling.com\/es\/#\/schema\/person\/deb61715b5812698ee79fb96f343ccd4"},"description":"Las conclusiones de La Vuelta 2019. Esta Vuelta nos ha ense\u00f1ado el dominio de Primoz Roglic, el nacimiento de Pogacar y el espect\u00e1culo de las monta\u00f1as.","breadcrumb":{"@id":"https:\/\/www.welovecycling.com\/es\/2019\/09\/18\/conclusiones-la-vuelta-2019\/#breadcrumb"},"inLanguage":"es-ES","potentialAction":[{"@type":"ReadAction","target":["https:\/\/www.welovecycling.com\/es\/2019\/09\/18\/conclusiones-la-vuelta-2019\/"]}]},{"@type":"ImageObject","inLanguage":"es-ES","@id":"https:\/\/www.welovecycling.com\/es\/2019\/09\/18\/conclusiones-la-vuelta-2019\/#primaryimage","url":"https:\/\/d2p6e6u75xmxt8.cloudfront.net\/6\/2019\/09\/la-vuelta-2019-profimedia-0471004890-CVR.jpg","contentUrl":"https:\/\/d2p6e6u75xmxt8.cloudfront.net\/6\/2019\/09\/la-vuelta-2019-profimedia-0471004890-CVR.jpg","width":1366,"height":600},{"@type":"BreadcrumbList","@id":"https:\/\/www.welovecycling.com\/es\/2019\/09\/18\/conclusiones-la-vuelta-2019\/#breadcrumb","itemListElement":[{"@type":"ListItem","position":1,"name":"Home","item":"https:\/\/www.welovecycling.com\/es\/"},{"@type":"ListItem","position":2,"name":"Las conclusiones de La Vuelta 2019"}]},{"@type":"WebSite","@id":"https:\/\/www.welovecycling.com\/es\/#website","url":"https:\/\/www.welovecycling.com\/es\/","name":"\u0160koda We Love Cycling - Spain","description":"\u0160koda WeLoveCycling Spain","potentialAction":[{"@type":"SearchAction","target":{"@type":"EntryPoint","urlTemplate":"https:\/\/www.welovecycling.com\/es\/?s={search_term_string}"},"query-input":{"@type":"PropertyValueSpecification","valueRequired":true,"valueName":"search_term_string"}}],"inLanguage":"es-ES"},{"@type":"Person","@id":"https:\/\/www.welovecycling.com\/es\/#\/schema\/person\/deb61715b5812698ee79fb96f343ccd4","name":"We Love Cycling Spain","image":{"@type":"ImageObject","inLanguage":"es-ES","@id":"https:\/\/www.welovecycling.com\/es\/#\/schema\/person\/image\/","url":"https:\/\/secure.gravatar.com\/avatar\/c824b04e6df0e37a03219d0b6481672889df542894588964102459e46513159c?s=96&d=mm&r=g","contentUrl":"https:\/\/secure.gravatar.com\/avatar\/c824b04e6df0e37a03219d0b6481672889df542894588964102459e46513159c?s=96&d=mm&r=g","caption":"We Love Cycling Spain"},"url":"https:\/\/www.welovecycling.com\/es\/author\/amunoz\/"}]}},"_links":{"self":[{"href":"https:\/\/www.welovecycling.com\/es\/wp-json\/wp\/v2\/posts\/5400","targetHints":{"allow":["GET"]}}],"collection":[{"href":"https:\/\/www.welovecycling.com\/es\/wp-json\/wp\/v2\/posts"}],"about":[{"href":"https:\/\/www.welovecycling.com\/es\/wp-json\/wp\/v2\/types\/post"}],"author":[{"embeddable":true,"href":"https:\/\/www.welovecycling.com\/es\/wp-json\/wp\/v2\/users\/29"}],"replies":[{"embeddable":true,"href":"https:\/\/www.welovecycling.com\/es\/wp-json\/wp\/v2\/comments?post=5400"}],"version-history":[{"count":2,"href":"https:\/\/www.welovecycling.com\/es\/wp-json\/wp\/v2\/posts\/5400\/revisions"}],"predecessor-version":[{"id":5406,"href":"https:\/\/www.welovecycling.com\/es\/wp-json\/wp\/v2\/posts\/5400\/revisions\/5406"}],"wp:featuredmedia":[{"embeddable":true,"href":"https:\/\/www.welovecycling.com\/es\/wp-json\/wp\/v2\/media\/5405"}],"wp:attachment":[{"href":"https:\/\/www.welovecycling.com\/es\/wp-json\/wp\/v2\/media?parent=5400"}],"wp:term":[{"taxonomy":"category","embeddable":true,"href":"https:\/\/www.welovecycling.com\/es\/wp-json\/wp\/v2\/categories?post=5400"},{"taxonomy":"post_tag","embeddable":true,"href":"https:\/\/www.welovecycling.com\/es\/wp-json\/wp\/v2\/tags?post=5400"},{"taxonomy":"global-categories","embeddable":true,"href":"https:\/\/www.welovecycling.com\/es\/wp-json\/wp\/v2\/global-categories?post=5400"}],"curies":[{"name":"wp","href":"https:\/\/api.w.org\/{rel}","templated":true}]}}