{"id":5355,"date":"2019-09-14T12:28:40","date_gmt":"2019-09-14T10:28:40","guid":{"rendered":"https:\/\/www.welovecycling.com\/es\/?p=5355"},"modified":"2019-09-14T12:28:40","modified_gmt":"2019-09-14T10:28:40","slug":"las-innovaciones-ciclistas-de-eurobike-2019","status":"publish","type":"post","link":"https:\/\/www.welovecycling.com\/es\/2019\/09\/14\/las-innovaciones-ciclistas-de-eurobike-2019\/","title":{"rendered":"Las innovaciones ciclistas de Eurobike 2019"},"content":{"rendered":"<p><strong>La feria Eurobike es una de las m\u00e1s importantes del mundo. Cada a\u00f1o, un jurado de expertos anuncia los premios a las mejores innovaciones de la industria. De las m\u00e1s de 400 candidaturas presentadas, los premios se otorgaron a los productos o servicios que hacen avanzar a todo el mundo del ciclismo. A continuaci\u00f3n, puede encontrar los gadgets e ideas que causaron la mayor impresi\u00f3n..<\/strong><\/p>\n<p><!--more--><\/p>\n<h2><strong>FOX Live Valve by FOX Factory<\/strong><\/h2>\n<p><a href=\"https:\/\/d2p6e6u75xmxt8.cloudfront.net\/2\/2019\/09\/FOX-Live-Valve.jpg\"><img loading=\"lazy\" decoding=\"async\" class=\"alignnone size-large wp-image-5356\" src=\"https:\/\/d2p6e6u75xmxt8.cloudfront.net\/6\/2019\/09\/FOX-Live-Valve-1024x1024.jpg\" alt=\"\" width=\"1024\" height=\"1024\" srcset=\"https:\/\/d2p6e6u75xmxt8.cloudfront.net\/6\/2019\/09\/FOX-Live-Valve-1024x1024.jpg 1024w, https:\/\/d2p6e6u75xmxt8.cloudfront.net\/6\/2019\/09\/FOX-Live-Valve-150x150.jpg 150w, https:\/\/d2p6e6u75xmxt8.cloudfront.net\/6\/2019\/09\/FOX-Live-Valve-300x300.jpg 300w, https:\/\/d2p6e6u75xmxt8.cloudfront.net\/6\/2019\/09\/FOX-Live-Valve-768x768.jpg 768w, https:\/\/d2p6e6u75xmxt8.cloudfront.net\/6\/2019\/09\/FOX-Live-Valve-1920x1920.jpg 1920w, https:\/\/d2p6e6u75xmxt8.cloudfront.net\/6\/2019\/09\/FOX-Live-Valve-1920x1920.jpg 1920w\" sizes=\"auto, (max-width: 1024px) 100vw, 1024px\" \/><\/a><\/p>\n<p>Inteligente y efectivo &#8211; este es el nuevo sistema que lee el terreno mientras se va en bici, haciendo cambios r\u00e1pidos en la suspensi\u00f3n. Se adapta r\u00e1pidamente a las condiciones de la superficie y ha sido sometido a las pruebas m\u00e1s duras. Se dice que la soluci\u00f3n es muy segura, lo que permite al ciclista concentrarse en el sendero y disfrutar m\u00e1s de la diversi\u00f3n.<\/p>\n<h2><strong>Cambio y manetas: R Road f\u00fcr Pinion by Tout Terrain<br \/>\n<\/strong><\/h2>\n<p><a href=\"https:\/\/d2p6e6u75xmxt8.cloudfront.net\/2\/2019\/09\/Clinq-Shift.jpg\"><img loading=\"lazy\" decoding=\"async\" class=\"alignnone size-large wp-image-5357\" src=\"https:\/\/d2p6e6u75xmxt8.cloudfront.net\/6\/2019\/09\/Clinq-Shift-1024x683.jpg\" alt=\"\" width=\"1024\" height=\"683\" srcset=\"https:\/\/d2p6e6u75xmxt8.cloudfront.net\/6\/2019\/09\/Clinq-Shift-1024x683.jpg 1024w, https:\/\/d2p6e6u75xmxt8.cloudfront.net\/6\/2019\/09\/Clinq-Shift-300x200.jpg 300w, https:\/\/d2p6e6u75xmxt8.cloudfront.net\/6\/2019\/09\/Clinq-Shift-768x512.jpg 768w, https:\/\/d2p6e6u75xmxt8.cloudfront.net\/6\/2019\/09\/Clinq-Shift-1920x1280.jpg 1920w, https:\/\/d2p6e6u75xmxt8.cloudfront.net\/6\/2019\/09\/Clinq-Shift-272x182.jpg 272w, https:\/\/d2p6e6u75xmxt8.cloudfront.net\/6\/2019\/09\/Clinq-Shift-1920x1280.jpg 1920w\" sizes=\"auto, (max-width: 1024px) 100vw, 1024px\" \/><\/a><\/p>\n<p>La palanca de cambios Cinq es el primer producto en integrar una palanca de freno para bicicletas de carretera con las revolucionarias cajas de cambios alemanas de pi\u00f1\u00f3n libre de mantenimiento y el freno de disco hidr\u00e1ulico TRP, de modo que se puede acceder f\u00e1cilmente desde el manillar, lo que la convierte en la elecci\u00f3n perfecta incluso para el segmento de bicicletas de gravel. La posici\u00f3n abierta de los cables en las palancas simplifica el mantenimiento. Para aquellos que a\u00fan no han conocido a Pinion, el sistema se parece al de una bicicleta de una sola velocidad, ya que todas las marchas est\u00e1n ocultas en una caja de cambios limpia colocada en el eje de pedalier.<\/p>\n<h2><strong>Bike Box<\/strong><\/h2>\n<p><a href=\"https:\/\/d2p6e6u75xmxt8.cloudfront.net\/2\/2019\/09\/Bike-Box.jpg\"><img loading=\"lazy\" decoding=\"async\" class=\"alignnone size-large wp-image-5358\" src=\"https:\/\/d2p6e6u75xmxt8.cloudfront.net\/6\/2019\/09\/Bike-Box-1024x683.jpg\" alt=\"\" width=\"1024\" height=\"683\" srcset=\"https:\/\/d2p6e6u75xmxt8.cloudfront.net\/6\/2019\/09\/Bike-Box-1024x683.jpg 1024w, https:\/\/d2p6e6u75xmxt8.cloudfront.net\/6\/2019\/09\/Bike-Box-300x200.jpg 300w, https:\/\/d2p6e6u75xmxt8.cloudfront.net\/6\/2019\/09\/Bike-Box-768x512.jpg 768w, https:\/\/d2p6e6u75xmxt8.cloudfront.net\/6\/2019\/09\/Bike-Box-1920x1280.jpg 1920w, https:\/\/d2p6e6u75xmxt8.cloudfront.net\/6\/2019\/09\/Bike-Box-272x182.jpg 272w, https:\/\/d2p6e6u75xmxt8.cloudfront.net\/6\/2019\/09\/Bike-Box-1920x1280.jpg 1920w\" sizes=\"auto, (max-width: 1024px) 100vw, 1024px\" \/><\/a><\/p>\n<p>Viajar en bicicleta tiene sus ventajas, pero a veces es muy estresante desde el punto de vista log\u00edstico. El econ\u00f3mico Bike Box deber\u00eda ser hasta cuatro veces m\u00e1s barato que las soluciones medias del mercado. Es f\u00e1cil de guardar y se puede utilizar tanto para bicicletas de monta\u00f1a como de carretera.<\/p>\n<h2><strong>Candado e-bike de haveltec<\/strong><\/h2>\n<p><a href=\"https:\/\/d2p6e6u75xmxt8.cloudfront.net\/6\/2019\/09\/I-LOCK-it.png\"><img loading=\"lazy\" decoding=\"async\" class=\"alignnone size-full wp-image-5359\" src=\"https:\/\/d2p6e6u75xmxt8.cloudfront.net\/6\/2019\/09\/I-LOCK-it.png\" alt=\"\" width=\"927\" height=\"517\" srcset=\"https:\/\/d2p6e6u75xmxt8.cloudfront.net\/6\/2019\/09\/I-LOCK-it.png 927w, https:\/\/d2p6e6u75xmxt8.cloudfront.net\/6\/2019\/09\/I-LOCK-it-300x167.png 300w, https:\/\/d2p6e6u75xmxt8.cloudfront.net\/6\/2019\/09\/I-LOCK-it-768x428.png 768w\" sizes=\"auto, (max-width: 927px) 100vw, 927px\" \/><\/a><\/p>\n<p>No puede ser m\u00e1s f\u00e1cil ya que este candado para bicicletas est\u00e1 conectado a tu smartphone v\u00eda Bluetooth y simplemente se bloquea autom\u00e1ticamente al alejarse de la bicicleta con el tel\u00e9fono en el bolsillo, que es lo que la mayor\u00eda de los ciclista hacen cuando paran para ir de compras o lo que sea. El sistema desbloquea la bicicleta a distancia cuando te acercas a ella. El sistema asegura la bicicleta a trav\u00e9s de un bloqueo en la rueda trasera, lo que la convierte en un perfecto antirrobo.<\/p>\n<h2><strong>QUARTZ by Kervelo<strong><br \/>\n<\/strong><\/strong><\/h2>\n<p><a href=\"https:\/\/d2p6e6u75xmxt8.cloudfront.net\/6\/2019\/09\/quartz-1.png\"><img loading=\"lazy\" decoding=\"async\" class=\"alignnone size-full wp-image-5360\" src=\"https:\/\/d2p6e6u75xmxt8.cloudfront.net\/6\/2019\/09\/quartz-1.png\" alt=\"\" width=\"923\" height=\"355\" srcset=\"https:\/\/d2p6e6u75xmxt8.cloudfront.net\/6\/2019\/09\/quartz-1.png 923w, https:\/\/d2p6e6u75xmxt8.cloudfront.net\/6\/2019\/09\/quartz-1-300x115.png 300w, https:\/\/d2p6e6u75xmxt8.cloudfront.net\/6\/2019\/09\/quartz-1-768x295.png 768w\" sizes=\"auto, (max-width: 923px) 100vw, 923px\" \/><\/a><\/p>\n<p>La transmisi\u00f3n resistente y de bajo mantenimiento ofrece seis marchas dise\u00f1adas principalmente para bicicletas de carga, urbanas y compartidas. Es sencillo, duradero, barato y fiable, ya que integra una caja de cambios y un motor de asistencia el\u00e9ctrica en una sola unidad para a\u00f1adir un cambio de marchas a tiempo completo.<\/p>\n<h2><strong>ASFALT LR by ASFALT<\/strong><\/h2>\n<p><a href=\"https:\/\/d2p6e6u75xmxt8.cloudfront.net\/2\/2019\/09\/ASFALT-LR-by-ASFALT.jpg\"><img loading=\"lazy\" decoding=\"async\" class=\"alignnone size-large wp-image-5361\" src=\"https:\/\/d2p6e6u75xmxt8.cloudfront.net\/6\/2019\/09\/ASFALT-LR-by-ASFALT-1024x683.jpg\" alt=\"\" width=\"1024\" height=\"683\" srcset=\"https:\/\/d2p6e6u75xmxt8.cloudfront.net\/6\/2019\/09\/ASFALT-LR-by-ASFALT-1024x683.jpg 1024w, https:\/\/d2p6e6u75xmxt8.cloudfront.net\/6\/2019\/09\/ASFALT-LR-by-ASFALT-300x200.jpg 300w, https:\/\/d2p6e6u75xmxt8.cloudfront.net\/6\/2019\/09\/ASFALT-LR-by-ASFALT-768x512.jpg 768w, https:\/\/d2p6e6u75xmxt8.cloudfront.net\/6\/2019\/09\/ASFALT-LR-by-ASFALT-1920x1280.jpg 1920w, https:\/\/d2p6e6u75xmxt8.cloudfront.net\/6\/2019\/09\/ASFALT-LR-by-ASFALT-272x182.jpg 272w, https:\/\/d2p6e6u75xmxt8.cloudfront.net\/6\/2019\/09\/ASFALT-LR-by-ASFALT-1920x1280.jpg 1920w\" sizes=\"auto, (max-width: 1024px) 100vw, 1024px\" \/><\/a><\/p>\n<p>Al jurado le encant\u00f3 el dise\u00f1o, el acabado, la atenci\u00f3n a los detalles, la integraci\u00f3n de los cables y la artesan\u00eda general de esta bicicleta de fabricaci\u00f3n suiza. Equipado con dos bater\u00edas aut\u00f3nomas, puede ser desmontado de una unidad para reducir el peso en viajes cortos.<\/p>\n<h2><strong>Superdelite GT Rohloff HS with GX option by Riese &amp; M\u00fcller<\/strong><\/h2>\n<p><a href=\"https:\/\/d2p6e6u75xmxt8.cloudfront.net\/2\/2019\/09\/Superdelite-GT-rohloff-HS.jpg\"><img loading=\"lazy\" decoding=\"async\" class=\"alignnone size-large wp-image-5362\" src=\"https:\/\/d2p6e6u75xmxt8.cloudfront.net\/6\/2019\/09\/Superdelite-GT-rohloff-HS-1024x683.jpg\" alt=\"\" width=\"1024\" height=\"683\" srcset=\"https:\/\/d2p6e6u75xmxt8.cloudfront.net\/6\/2019\/09\/Superdelite-GT-rohloff-HS-1024x683.jpg 1024w, https:\/\/d2p6e6u75xmxt8.cloudfront.net\/6\/2019\/09\/Superdelite-GT-rohloff-HS-300x200.jpg 300w, https:\/\/d2p6e6u75xmxt8.cloudfront.net\/6\/2019\/09\/Superdelite-GT-rohloff-HS-768x512.jpg 768w, https:\/\/d2p6e6u75xmxt8.cloudfront.net\/6\/2019\/09\/Superdelite-GT-rohloff-HS-1920x1280.jpg 1920w, https:\/\/d2p6e6u75xmxt8.cloudfront.net\/6\/2019\/09\/Superdelite-GT-rohloff-HS-272x182.jpg 272w, https:\/\/d2p6e6u75xmxt8.cloudfront.net\/6\/2019\/09\/Superdelite-GT-rohloff-HS-1920x1280.jpg 1920w\" sizes=\"auto, (max-width: 1024px) 100vw, 1024px\" \/><\/a><\/p>\n<p>Esta bici de suspensi\u00f3n completa para el transporte diario integra un motor y una bater\u00eda doble en un bastidor con luces delanteras y traseras. El jurado consider\u00f3 que la bicicleta proven\u00eda del extremo lujoso del mundo del ciclismo. Dir\u00edamos que es el lugar donde el lujo se encuentra con la obesidad, pero este es s\u00f3lo nuestro veredicto individual.<\/p>\n<h2><strong>CERO ONE by CERO Bikes<\/strong><\/h2>\n<p><a href=\"https:\/\/d2p6e6u75xmxt8.cloudfront.net\/2\/2019\/09\/CERO-ONE-by-CERO-Bikes.jpg\"><img loading=\"lazy\" decoding=\"async\" class=\"alignnone size-large wp-image-5363\" src=\"https:\/\/d2p6e6u75xmxt8.cloudfront.net\/6\/2019\/09\/CERO-ONE-by-CERO-Bikes-1024x683.jpg\" alt=\"\" width=\"1024\" height=\"683\" srcset=\"https:\/\/d2p6e6u75xmxt8.cloudfront.net\/6\/2019\/09\/CERO-ONE-by-CERO-Bikes-1024x683.jpg 1024w, https:\/\/d2p6e6u75xmxt8.cloudfront.net\/6\/2019\/09\/CERO-ONE-by-CERO-Bikes-300x200.jpg 300w, https:\/\/d2p6e6u75xmxt8.cloudfront.net\/6\/2019\/09\/CERO-ONE-by-CERO-Bikes-768x512.jpg 768w, https:\/\/d2p6e6u75xmxt8.cloudfront.net\/6\/2019\/09\/CERO-ONE-by-CERO-Bikes-1920x1281.jpg 1920w, https:\/\/d2p6e6u75xmxt8.cloudfront.net\/6\/2019\/09\/CERO-ONE-by-CERO-Bikes-272x182.jpg 272w, https:\/\/d2p6e6u75xmxt8.cloudfront.net\/6\/2019\/09\/CERO-ONE-by-CERO-Bikes-1920x1281.jpg 1920w\" sizes=\"auto, (max-width: 1024px) 100vw, 1024px\" \/><\/a><\/p>\n<p>Un vers\u00e1til caballo de batalla para el uso diario se entrega con una variedad de accesorios modulares que se pueden instalar en los bastidores delanteros o traseros. Es una bicicleta de carga perfecta para transportar cualquier cosa a cualquier lugar.<\/p>\n<h2><strong>blubrake by the company blubrake<\/strong><\/h2>\n<p><a href=\"https:\/\/d2p6e6u75xmxt8.cloudfront.net\/6\/2019\/09\/blubrake.png\"><img loading=\"lazy\" decoding=\"async\" class=\"alignnone size-full wp-image-5364\" src=\"https:\/\/d2p6e6u75xmxt8.cloudfront.net\/6\/2019\/09\/blubrake.png\" alt=\"\" width=\"713\" height=\"527\" srcset=\"https:\/\/d2p6e6u75xmxt8.cloudfront.net\/6\/2019\/09\/blubrake.png 713w, https:\/\/d2p6e6u75xmxt8.cloudfront.net\/6\/2019\/09\/blubrake-300x222.png 300w\" sizes=\"auto, (max-width: 713px) 100vw, 713px\" \/><\/a><\/p>\n<p>No es el \u00fanico sistema de frenado existente con ABS, sino que tambi\u00e9n est\u00e1 integrado en el cuadro, lo que lo convierte en una soluci\u00f3n prometedora para BTT, bicicletas de ciudad o bicicletas de carga.<\/p>\n<h2><strong>e-muli STEPS by muli<\/strong><\/h2>\n<p><a href=\"https:\/\/d2p6e6u75xmxt8.cloudfront.net\/2\/2019\/09\/e-muli-cargo-bike.jpg\"><img loading=\"lazy\" decoding=\"async\" class=\"alignnone size-large wp-image-5365\" src=\"https:\/\/d2p6e6u75xmxt8.cloudfront.net\/6\/2019\/09\/e-muli-cargo-bike-1024x683.jpg\" alt=\"\" width=\"1024\" height=\"683\" srcset=\"https:\/\/d2p6e6u75xmxt8.cloudfront.net\/6\/2019\/09\/e-muli-cargo-bike-1024x683.jpg 1024w, https:\/\/d2p6e6u75xmxt8.cloudfront.net\/6\/2019\/09\/e-muli-cargo-bike-300x200.jpg 300w, https:\/\/d2p6e6u75xmxt8.cloudfront.net\/6\/2019\/09\/e-muli-cargo-bike-768x512.jpg 768w, https:\/\/d2p6e6u75xmxt8.cloudfront.net\/6\/2019\/09\/e-muli-cargo-bike-1920x1280.jpg 1920w, https:\/\/d2p6e6u75xmxt8.cloudfront.net\/6\/2019\/09\/e-muli-cargo-bike-272x182.jpg 272w, https:\/\/d2p6e6u75xmxt8.cloudfront.net\/6\/2019\/09\/e-muli-cargo-bike-1920x1280.jpg 1920w\" sizes=\"auto, (max-width: 1024px) 100vw, 1024px\" \/><\/a><\/p>\n<p>La bicicleta electr\u00f3nica de carga con forma de caja impresion\u00f3 al jurado por su dise\u00f1o sencillo y la integraci\u00f3n inteligente de la unidad Shimano. La bici es relativamente peque\u00f1a y compacta y ha sido una de las cientos que se han exhibido en la feria, representando un segmento creciente de la industria.<\/p>\n<h2><strong>Greyp G 6.2 by Greyp Bikes<\/strong><\/h2>\n<p><a href=\"https:\/\/d2p6e6u75xmxt8.cloudfront.net\/2\/2019\/09\/Greyp-G-6.2-by-Greyp-Bikes.jpg\"><img loading=\"lazy\" decoding=\"async\" class=\"alignnone size-large wp-image-5366\" src=\"https:\/\/d2p6e6u75xmxt8.cloudfront.net\/6\/2019\/09\/Greyp-G-6.2-by-Greyp-Bikes-1024x683.jpg\" alt=\"\" width=\"1024\" height=\"683\" srcset=\"https:\/\/d2p6e6u75xmxt8.cloudfront.net\/6\/2019\/09\/Greyp-G-6.2-by-Greyp-Bikes-1024x683.jpg 1024w, https:\/\/d2p6e6u75xmxt8.cloudfront.net\/6\/2019\/09\/Greyp-G-6.2-by-Greyp-Bikes-300x200.jpg 300w, https:\/\/d2p6e6u75xmxt8.cloudfront.net\/6\/2019\/09\/Greyp-G-6.2-by-Greyp-Bikes-768x512.jpg 768w, https:\/\/d2p6e6u75xmxt8.cloudfront.net\/6\/2019\/09\/Greyp-G-6.2-by-Greyp-Bikes-1920x1281.jpg 1920w, https:\/\/d2p6e6u75xmxt8.cloudfront.net\/6\/2019\/09\/Greyp-G-6.2-by-Greyp-Bikes-272x182.jpg 272w, https:\/\/d2p6e6u75xmxt8.cloudfront.net\/6\/2019\/09\/Greyp-G-6.2-by-Greyp-Bikes-1920x1281.jpg 1920w\" sizes=\"auto, (max-width: 1024px) 100vw, 1024px\" \/><\/a><\/p>\n<p>El aspirante a la bici m\u00e1s fea a primera vista es esta e-bicicleta croata que ofrece m\u00e1s artilugios que la Estaci\u00f3n Espacial Internacional. Sin embargo, el jurado se sinti\u00f3 abrumado por su sofisticada ingenier\u00eda. Tiene una conexi\u00f3n constante a Internet a bordo, m\u00faltiples sensores de telemetr\u00eda, c\u00e1maras delanteras y traseras integradas y una aplicaci\u00f3n m\u00f3vil que funciona como tablero de instrumentos.<\/p>\n<h2><strong>MCR 9 RDO by Niner Bikes<\/strong><\/h2>\n<p><a href=\"https:\/\/d2p6e6u75xmxt8.cloudfront.net\/2\/2019\/09\/MCR-9-RDO-by-Niner-Bikes.jpg\"><img loading=\"lazy\" decoding=\"async\" class=\"alignnone size-large wp-image-5367\" src=\"https:\/\/d2p6e6u75xmxt8.cloudfront.net\/6\/2019\/09\/MCR-9-RDO-by-Niner-Bikes-1024x683.jpg\" alt=\"\" width=\"1024\" height=\"683\" srcset=\"https:\/\/d2p6e6u75xmxt8.cloudfront.net\/6\/2019\/09\/MCR-9-RDO-by-Niner-Bikes-1024x683.jpg 1024w, https:\/\/d2p6e6u75xmxt8.cloudfront.net\/6\/2019\/09\/MCR-9-RDO-by-Niner-Bikes-300x200.jpg 300w, https:\/\/d2p6e6u75xmxt8.cloudfront.net\/6\/2019\/09\/MCR-9-RDO-by-Niner-Bikes-768x512.jpg 768w, https:\/\/d2p6e6u75xmxt8.cloudfront.net\/6\/2019\/09\/MCR-9-RDO-by-Niner-Bikes-1920x1280.jpg 1920w, https:\/\/d2p6e6u75xmxt8.cloudfront.net\/6\/2019\/09\/MCR-9-RDO-by-Niner-Bikes-272x182.jpg 272w, https:\/\/d2p6e6u75xmxt8.cloudfront.net\/6\/2019\/09\/MCR-9-RDO-by-Niner-Bikes-1920x1280.jpg 1920w\" sizes=\"auto, (max-width: 1024px) 100vw, 1024px\" \/><\/a><\/p>\n<p>Se trata de una de las primeras bicicletas de gravel con suspensi\u00f3n total del mercado, que combina una avanzada tecnolog\u00eda de BTT con el manejo y la agilidad de una gravel.<\/p>\n<h2><strong>Cento10 Hybrid by Wilier Triestina<\/strong><\/h2>\n<p><a href=\"https:\/\/d2p6e6u75xmxt8.cloudfront.net\/2\/2019\/09\/Cento10-Hybrid-by-Wilier-Triestina.jpg\"><img loading=\"lazy\" decoding=\"async\" class=\"alignnone size-large wp-image-5368\" src=\"https:\/\/d2p6e6u75xmxt8.cloudfront.net\/6\/2019\/09\/Cento10-Hybrid-by-Wilier-Triestina-1024x683.jpg\" alt=\"\" width=\"1024\" height=\"683\" srcset=\"https:\/\/d2p6e6u75xmxt8.cloudfront.net\/6\/2019\/09\/Cento10-Hybrid-by-Wilier-Triestina-1024x683.jpg 1024w, https:\/\/d2p6e6u75xmxt8.cloudfront.net\/6\/2019\/09\/Cento10-Hybrid-by-Wilier-Triestina-300x200.jpg 300w, https:\/\/d2p6e6u75xmxt8.cloudfront.net\/6\/2019\/09\/Cento10-Hybrid-by-Wilier-Triestina-768x512.jpg 768w, https:\/\/d2p6e6u75xmxt8.cloudfront.net\/6\/2019\/09\/Cento10-Hybrid-by-Wilier-Triestina-1920x1280.jpg 1920w, https:\/\/d2p6e6u75xmxt8.cloudfront.net\/6\/2019\/09\/Cento10-Hybrid-by-Wilier-Triestina-272x182.jpg 272w, https:\/\/d2p6e6u75xmxt8.cloudfront.net\/6\/2019\/09\/Cento10-Hybrid-by-Wilier-Triestina-1920x1280.jpg 1920w\" sizes=\"auto, (max-width: 1024px) 100vw, 1024px\" \/><\/a><\/p>\n<p>En la feria Eurobike no s\u00f3lo se valor\u00f3 la tecnolog\u00eda moderna, sino tambi\u00e9n el dise\u00f1o atractivo y la brillante artesan\u00eda. Esta bici sorprendi\u00f3 debido a su pintura y a la integraci\u00f3n de los componentes de la e-bici.<\/p>\n<h2><strong>FUBi fixie by Fubicom Ab Oy<\/strong><\/h2>\n<p><a href=\"https:\/\/d2p6e6u75xmxt8.cloudfront.net\/2\/2019\/09\/FUBi-fixie-by-Fubicom.jpg\"><img loading=\"lazy\" decoding=\"async\" class=\"alignnone size-large wp-image-5369\" src=\"https:\/\/d2p6e6u75xmxt8.cloudfront.net\/6\/2019\/09\/FUBi-fixie-by-Fubicom-1024x683.jpg\" alt=\"\" width=\"1024\" height=\"683\" srcset=\"https:\/\/d2p6e6u75xmxt8.cloudfront.net\/6\/2019\/09\/FUBi-fixie-by-Fubicom-1024x683.jpg 1024w, https:\/\/d2p6e6u75xmxt8.cloudfront.net\/6\/2019\/09\/FUBi-fixie-by-Fubicom-300x200.jpg 300w, https:\/\/d2p6e6u75xmxt8.cloudfront.net\/6\/2019\/09\/FUBi-fixie-by-Fubicom-768x512.jpg 768w, https:\/\/d2p6e6u75xmxt8.cloudfront.net\/6\/2019\/09\/FUBi-fixie-by-Fubicom-1920x1280.jpg 1920w, https:\/\/d2p6e6u75xmxt8.cloudfront.net\/6\/2019\/09\/FUBi-fixie-by-Fubicom-272x182.jpg 272w, https:\/\/d2p6e6u75xmxt8.cloudfront.net\/6\/2019\/09\/FUBi-fixie-by-Fubicom-1920x1280.jpg 1920w\" sizes=\"auto, (max-width: 1024px) 100vw, 1024px\" \/><\/a><\/p>\n<p>El bello y limpio dise\u00f1o de la cl\u00e1sica bici de acero no s\u00f3lo impresiona por su sencillez, sino tambi\u00e9n por su plegabilidad. Al carecer de un motor y una bater\u00eda, la bici de tracci\u00f3n humana est\u00e1 disponible en tres tama\u00f1os de cuadro.<\/p>\n<h2><strong>Coboc SEVEN Kallio by Coboc<\/strong><\/h2>\n<p><a href=\"https:\/\/d2p6e6u75xmxt8.cloudfront.net\/2\/2019\/09\/Coboc-SEVEN-Kallio.jpg\"><img loading=\"lazy\" decoding=\"async\" class=\"alignnone size-large wp-image-5370\" src=\"https:\/\/d2p6e6u75xmxt8.cloudfront.net\/6\/2019\/09\/Coboc-SEVEN-Kallio-1024x683.jpg\" alt=\"\" width=\"1024\" height=\"683\" srcset=\"https:\/\/d2p6e6u75xmxt8.cloudfront.net\/6\/2019\/09\/Coboc-SEVEN-Kallio-1024x683.jpg 1024w, https:\/\/d2p6e6u75xmxt8.cloudfront.net\/6\/2019\/09\/Coboc-SEVEN-Kallio-300x200.jpg 300w, https:\/\/d2p6e6u75xmxt8.cloudfront.net\/6\/2019\/09\/Coboc-SEVEN-Kallio-768x512.jpg 768w, https:\/\/d2p6e6u75xmxt8.cloudfront.net\/6\/2019\/09\/Coboc-SEVEN-Kallio-1920x1280.jpg 1920w, https:\/\/d2p6e6u75xmxt8.cloudfront.net\/6\/2019\/09\/Coboc-SEVEN-Kallio-272x182.jpg 272w, https:\/\/d2p6e6u75xmxt8.cloudfront.net\/6\/2019\/09\/Coboc-SEVEN-Kallio-1920x1280.jpg 1920w\" sizes=\"auto, (max-width: 1024px) 100vw, 1024px\" \/><\/a><\/p>\n<p>Elegante, pr\u00e1ctica y minimalista: as\u00ed es la bicicleta de hombre Coboc para el desplazamiento diario con guardabarros y luces integradas, que ofrece una conducci\u00f3n confortable en la categor\u00eda de bajo peso.<\/p>\n<h2><strong>Issimo by Fantic<\/strong><\/h2>\n<p><a href=\"https:\/\/d2p6e6u75xmxt8.cloudfront.net\/2\/2019\/09\/Issimo-by-Fantic.jpg\"><img loading=\"lazy\" decoding=\"async\" class=\"alignnone size-large wp-image-5371\" src=\"https:\/\/d2p6e6u75xmxt8.cloudfront.net\/6\/2019\/09\/Issimo-by-Fantic-1024x683.jpg\" alt=\"\" width=\"1024\" height=\"683\" srcset=\"https:\/\/d2p6e6u75xmxt8.cloudfront.net\/6\/2019\/09\/Issimo-by-Fantic-1024x683.jpg 1024w, https:\/\/d2p6e6u75xmxt8.cloudfront.net\/6\/2019\/09\/Issimo-by-Fantic-300x200.jpg 300w, https:\/\/d2p6e6u75xmxt8.cloudfront.net\/6\/2019\/09\/Issimo-by-Fantic-768x512.jpg 768w, https:\/\/d2p6e6u75xmxt8.cloudfront.net\/6\/2019\/09\/Issimo-by-Fantic-1920x1280.jpg 1920w, https:\/\/d2p6e6u75xmxt8.cloudfront.net\/6\/2019\/09\/Issimo-by-Fantic-272x182.jpg 272w, https:\/\/d2p6e6u75xmxt8.cloudfront.net\/6\/2019\/09\/Issimo-by-Fantic-1920x1280.jpg 1920w\" sizes=\"auto, (max-width: 1024px) 100vw, 1024px\" \/><\/a><\/p>\n<p>Una bater\u00eda de 630Wh promete infinitos viajes y el cuadro dise\u00f1ado por una empresa de motocicletas Frantic ofrece un centro de gravedad bajo para un manejo perfecto, neum\u00e1ticos gruesos para los adoquines y una horquilla de suspensi\u00f3n para una conducci\u00f3n urbana m\u00e1s segura y confortable.<\/p>\n<h2><strong>My Esel E-Tour Diamant by My Esel<\/strong><\/h2>\n<p><a href=\"https:\/\/d2p6e6u75xmxt8.cloudfront.net\/2\/2019\/09\/My-Esel-E-Tour-Diamant-by-My-Esel.jpg\"><img loading=\"lazy\" decoding=\"async\" class=\"alignnone size-large wp-image-5372\" src=\"https:\/\/d2p6e6u75xmxt8.cloudfront.net\/6\/2019\/09\/My-Esel-E-Tour-Diamant-by-My-Esel-1024x683.jpg\" alt=\"\" width=\"1024\" height=\"683\" srcset=\"https:\/\/d2p6e6u75xmxt8.cloudfront.net\/6\/2019\/09\/My-Esel-E-Tour-Diamant-by-My-Esel-1024x683.jpg 1024w, https:\/\/d2p6e6u75xmxt8.cloudfront.net\/6\/2019\/09\/My-Esel-E-Tour-Diamant-by-My-Esel-300x200.jpg 300w, https:\/\/d2p6e6u75xmxt8.cloudfront.net\/6\/2019\/09\/My-Esel-E-Tour-Diamant-by-My-Esel-768x512.jpg 768w, https:\/\/d2p6e6u75xmxt8.cloudfront.net\/6\/2019\/09\/My-Esel-E-Tour-Diamant-by-My-Esel-1920x1280.jpg 1920w, https:\/\/d2p6e6u75xmxt8.cloudfront.net\/6\/2019\/09\/My-Esel-E-Tour-Diamant-by-My-Esel-272x182.jpg 272w, https:\/\/d2p6e6u75xmxt8.cloudfront.net\/6\/2019\/09\/My-Esel-E-Tour-Diamant-by-My-Esel-1920x1280.jpg 1920w\" sizes=\"auto, (max-width: 1024px) 100vw, 1024px\" \/><\/a><\/p>\n<p>La madera como material sostenible en la fabricaci\u00f3n de bicicletas ha sido la clave para impresionar al p\u00fablico \u00faltimamente. El cuadro de madera se adapta con precisi\u00f3n a las dimensiones del ciclista mediante un software especial.<\/p>\n<h2><strong>MAGURA Cockpit Integration by MAGURA<\/strong><\/h2>\n<p><a href=\"https:\/\/d2p6e6u75xmxt8.cloudfront.net\/2\/2019\/09\/Cockpit-Integration-by-MAGURA.jpg\"><img loading=\"lazy\" decoding=\"async\" class=\"alignnone size-large wp-image-5373\" src=\"https:\/\/d2p6e6u75xmxt8.cloudfront.net\/6\/2019\/09\/Cockpit-Integration-by-MAGURA-1024x683.jpg\" alt=\"\" width=\"1024\" height=\"683\" srcset=\"https:\/\/d2p6e6u75xmxt8.cloudfront.net\/6\/2019\/09\/Cockpit-Integration-by-MAGURA-1024x683.jpg 1024w, https:\/\/d2p6e6u75xmxt8.cloudfront.net\/6\/2019\/09\/Cockpit-Integration-by-MAGURA-300x200.jpg 300w, https:\/\/d2p6e6u75xmxt8.cloudfront.net\/6\/2019\/09\/Cockpit-Integration-by-MAGURA-768x512.jpg 768w, https:\/\/d2p6e6u75xmxt8.cloudfront.net\/6\/2019\/09\/Cockpit-Integration-by-MAGURA-1920x1280.jpg 1920w, https:\/\/d2p6e6u75xmxt8.cloudfront.net\/6\/2019\/09\/Cockpit-Integration-by-MAGURA-272x182.jpg 272w, https:\/\/d2p6e6u75xmxt8.cloudfront.net\/6\/2019\/09\/Cockpit-Integration-by-MAGURA-1920x1280.jpg 1920w\" sizes=\"auto, (max-width: 1024px) 100vw, 1024px\" \/><\/a><\/p>\n<p>Al ocultar los tubos dentro del manillar, los nuevos frenos Magura se hacen indestructibles, sin mostrar nada que pueda ser da\u00f1ado por un posible choque.<\/p>\n<h2><strong>Chat by Van Raam<\/strong><\/h2>\n<p><a href=\"https:\/\/d2p6e6u75xmxt8.cloudfront.net\/2\/2019\/09\/Chat-by-Van-Raam.jpg\"><img loading=\"lazy\" decoding=\"async\" class=\"alignnone size-large wp-image-5374\" src=\"https:\/\/d2p6e6u75xmxt8.cloudfront.net\/6\/2019\/09\/Chat-by-Van-Raam-1024x683.jpg\" alt=\"\" width=\"1024\" height=\"683\" srcset=\"https:\/\/d2p6e6u75xmxt8.cloudfront.net\/6\/2019\/09\/Chat-by-Van-Raam-1024x683.jpg 1024w, https:\/\/d2p6e6u75xmxt8.cloudfront.net\/6\/2019\/09\/Chat-by-Van-Raam-300x200.jpg 300w, https:\/\/d2p6e6u75xmxt8.cloudfront.net\/6\/2019\/09\/Chat-by-Van-Raam-768x512.jpg 768w, https:\/\/d2p6e6u75xmxt8.cloudfront.net\/6\/2019\/09\/Chat-by-Van-Raam-1920x1280.jpg 1920w, https:\/\/d2p6e6u75xmxt8.cloudfront.net\/6\/2019\/09\/Chat-by-Van-Raam-272x182.jpg 272w, https:\/\/d2p6e6u75xmxt8.cloudfront.net\/6\/2019\/09\/Chat-by-Van-Raam-1920x1280.jpg 1920w\" sizes=\"auto, (max-width: 1024px) 100vw, 1024px\" \/><\/a><\/p>\n<p>C\u00f3moda vista para el que se transporta, muchas caracter\u00edsticas de seguridad y buen manejo hacen de esta bici de rickshaw una excepcional entre sus rivales. Posiblemente el veh\u00edculo del futuro verde de Uber.<\/p>\n<h2><strong>Vento Powerstrap R2 Aeroweave by fizik<\/strong><\/h2>\n<p>&nbsp;<\/p>\n<p><a href=\"https:\/\/d2p6e6u75xmxt8.cloudfront.net\/6\/2019\/09\/vento.png\"><img loading=\"lazy\" decoding=\"async\" class=\"alignnone size-full wp-image-5375\" src=\"https:\/\/d2p6e6u75xmxt8.cloudfront.net\/6\/2019\/09\/vento.png\" alt=\"\" width=\"744\" height=\"369\" srcset=\"https:\/\/d2p6e6u75xmxt8.cloudfront.net\/6\/2019\/09\/vento.png 744w, https:\/\/d2p6e6u75xmxt8.cloudfront.net\/6\/2019\/09\/vento-300x149.png 300w\" sizes=\"auto, (max-width: 744px) 100vw, 744px\" \/><\/a><\/p>\n<p>La zapatilla m\u00e1s ligera y transpirable de fizik presenta un tejido que garantiza una excelente ventilaci\u00f3n.<\/p>\n<h2><strong>5.10 Trailcross Mid Pro by Adidas<\/strong><\/h2>\n<p><a href=\"https:\/\/d2p6e6u75xmxt8.cloudfront.net\/2\/2019\/09\/5.10-Trailcross-Mid-Pro-by-adidas.jpg\"><img loading=\"lazy\" decoding=\"async\" class=\"alignnone size-large wp-image-5376\" src=\"https:\/\/d2p6e6u75xmxt8.cloudfront.net\/6\/2019\/09\/5.10-Trailcross-Mid-Pro-by-adidas-1024x683.jpg\" alt=\"\" width=\"1024\" height=\"683\" srcset=\"https:\/\/d2p6e6u75xmxt8.cloudfront.net\/6\/2019\/09\/5.10-Trailcross-Mid-Pro-by-adidas-1024x683.jpg 1024w, https:\/\/d2p6e6u75xmxt8.cloudfront.net\/6\/2019\/09\/5.10-Trailcross-Mid-Pro-by-adidas-300x200.jpg 300w, https:\/\/d2p6e6u75xmxt8.cloudfront.net\/6\/2019\/09\/5.10-Trailcross-Mid-Pro-by-adidas-768x512.jpg 768w, https:\/\/d2p6e6u75xmxt8.cloudfront.net\/6\/2019\/09\/5.10-Trailcross-Mid-Pro-by-adidas-1920x1280.jpg 1920w, https:\/\/d2p6e6u75xmxt8.cloudfront.net\/6\/2019\/09\/5.10-Trailcross-Mid-Pro-by-adidas-272x182.jpg 272w, https:\/\/d2p6e6u75xmxt8.cloudfront.net\/6\/2019\/09\/5.10-Trailcross-Mid-Pro-by-adidas-1920x1280.jpg 1920w\" sizes=\"auto, (max-width: 1024px) 100vw, 1024px\" \/><\/a><\/p>\n<p>Esta es una zapatilla de pedal plano dise\u00f1ada para aventuras en bicicleta. Un calcet\u00edn protector de secado r\u00e1pido mantiene el calor, mientras que el dise\u00f1o ergon\u00f3mico de la suela garantiza la comodidad al caminar.<\/p>\n<h2><strong>Self-Inflating Bicycle Tire by AirWinder<\/strong><\/h2>\n<p><a href=\"https:\/\/d2p6e6u75xmxt8.cloudfront.net\/2\/2019\/09\/Self-Inflating-Bicycle-Tire-by-AirWinder.jpg\"><img loading=\"lazy\" decoding=\"async\" class=\"alignnone size-large wp-image-5377\" src=\"https:\/\/d2p6e6u75xmxt8.cloudfront.net\/6\/2019\/09\/Self-Inflating-Bicycle-Tire-by-AirWinder-1024x683.jpg\" alt=\"\" width=\"1024\" height=\"683\" srcset=\"https:\/\/d2p6e6u75xmxt8.cloudfront.net\/6\/2019\/09\/Self-Inflating-Bicycle-Tire-by-AirWinder-1024x683.jpg 1024w, https:\/\/d2p6e6u75xmxt8.cloudfront.net\/6\/2019\/09\/Self-Inflating-Bicycle-Tire-by-AirWinder-300x200.jpg 300w, https:\/\/d2p6e6u75xmxt8.cloudfront.net\/6\/2019\/09\/Self-Inflating-Bicycle-Tire-by-AirWinder-768x512.jpg 768w, https:\/\/d2p6e6u75xmxt8.cloudfront.net\/6\/2019\/09\/Self-Inflating-Bicycle-Tire-by-AirWinder-1920x1280.jpg 1920w, https:\/\/d2p6e6u75xmxt8.cloudfront.net\/6\/2019\/09\/Self-Inflating-Bicycle-Tire-by-AirWinder-272x182.jpg 272w, https:\/\/d2p6e6u75xmxt8.cloudfront.net\/6\/2019\/09\/Self-Inflating-Bicycle-Tire-by-AirWinder-1920x1280.jpg 1920w\" sizes=\"auto, (max-width: 1024px) 100vw, 1024px\" \/><\/a><\/p>\n<p>Inspirada en veh\u00edculos blindados, esta rueda resuelve instant\u00e1neamente la baja presi\u00f3n de aire de los neum\u00e1ticos. No importa si estas en carretera o en un camino, el sistema se autoinfla y regula la presi\u00f3n de acuerdo a las condiciones externas.<\/p>\n<h2><strong>SRAM FORCE eTap AXS + RockShox Reverb AXS by SRAM<\/strong><\/h2>\n<p><a href=\"https:\/\/d2p6e6u75xmxt8.cloudfront.net\/2\/2019\/09\/SRAM-FORCE-eTap-AXS-RockShox-Reverb-AXS.jpg\"><img loading=\"lazy\" decoding=\"async\" class=\"alignnone size-large wp-image-5378\" src=\"https:\/\/d2p6e6u75xmxt8.cloudfront.net\/6\/2019\/09\/SRAM-FORCE-eTap-AXS-RockShox-Reverb-AXS-1024x683.jpg\" alt=\"\" width=\"1024\" height=\"683\" srcset=\"https:\/\/d2p6e6u75xmxt8.cloudfront.net\/6\/2019\/09\/SRAM-FORCE-eTap-AXS-RockShox-Reverb-AXS-1024x683.jpg 1024w, https:\/\/d2p6e6u75xmxt8.cloudfront.net\/6\/2019\/09\/SRAM-FORCE-eTap-AXS-RockShox-Reverb-AXS-300x200.jpg 300w, https:\/\/d2p6e6u75xmxt8.cloudfront.net\/6\/2019\/09\/SRAM-FORCE-eTap-AXS-RockShox-Reverb-AXS-768x512.jpg 768w, https:\/\/d2p6e6u75xmxt8.cloudfront.net\/6\/2019\/09\/SRAM-FORCE-eTap-AXS-RockShox-Reverb-AXS-1920x1280.jpg 1920w, https:\/\/d2p6e6u75xmxt8.cloudfront.net\/6\/2019\/09\/SRAM-FORCE-eTap-AXS-RockShox-Reverb-AXS-272x182.jpg 272w, https:\/\/d2p6e6u75xmxt8.cloudfront.net\/6\/2019\/09\/SRAM-FORCE-eTap-AXS-RockShox-Reverb-AXS-1920x1280.jpg 1920w\" sizes=\"auto, (max-width: 1024px) 100vw, 1024px\" \/><\/a><\/p>\n<p>Un sistema largamente esperado que tiene el potencial de revolucionar el dise\u00f1o de las bicicletas debido a la capacidad de personalizar las funciones para el ciclista. Un sistema inal\u00e1mbrico de buen funcionamiento y probado en competici\u00f3n, un excelente acabado, y ajustes post-integrados\u00a0 son muchas cosas a un nivel de precios razonable.<\/p>\n<h2><strong>LIMOTEC Air Suspension Dropper Post by Limotec ltd.<\/strong><\/h2>\n<p><a href=\"https:\/\/d2p6e6u75xmxt8.cloudfront.net\/2\/2019\/09\/LIMOTEC-Air-Suspension-Dropper-Post-by-Limotec.jpg\"><img loading=\"lazy\" decoding=\"async\" class=\"alignnone size-large wp-image-5379\" src=\"https:\/\/d2p6e6u75xmxt8.cloudfront.net\/6\/2019\/09\/LIMOTEC-Air-Suspension-Dropper-Post-by-Limotec-1024x683.jpg\" alt=\"\" width=\"1024\" height=\"683\" srcset=\"https:\/\/d2p6e6u75xmxt8.cloudfront.net\/6\/2019\/09\/LIMOTEC-Air-Suspension-Dropper-Post-by-Limotec-1024x683.jpg 1024w, https:\/\/d2p6e6u75xmxt8.cloudfront.net\/6\/2019\/09\/LIMOTEC-Air-Suspension-Dropper-Post-by-Limotec-300x200.jpg 300w, https:\/\/d2p6e6u75xmxt8.cloudfront.net\/6\/2019\/09\/LIMOTEC-Air-Suspension-Dropper-Post-by-Limotec-768x512.jpg 768w, https:\/\/d2p6e6u75xmxt8.cloudfront.net\/6\/2019\/09\/LIMOTEC-Air-Suspension-Dropper-Post-by-Limotec-1920x1280.jpg 1920w, https:\/\/d2p6e6u75xmxt8.cloudfront.net\/6\/2019\/09\/LIMOTEC-Air-Suspension-Dropper-Post-by-Limotec-272x182.jpg 272w, https:\/\/d2p6e6u75xmxt8.cloudfront.net\/6\/2019\/09\/LIMOTEC-Air-Suspension-Dropper-Post-by-Limotec-1920x1280.jpg 1920w\" sizes=\"auto, (max-width: 1024px) 100vw, 1024px\" \/><\/a><\/p>\n<p>Mientras que las tijas de sill\u00edn cortas han sido una parte importante del equipamiento del freerider, los ingenieros de Limotec han dise\u00f1ado una soluci\u00f3n para los desplazamientos diarios que permite a los ciclistas dejar caer el sill\u00edn cuando esperan en los sem\u00e1foros o para un desmontaje m\u00e1s c\u00f3modo.<\/p>\n<h2><strong>Basil Commuter Carrier by Basil B.V.<\/strong><\/h2>\n<p><a href=\"https:\/\/d2p6e6u75xmxt8.cloudfront.net\/2\/2019\/09\/Basil-Commuter-Carrier-by-Basil-B.V..jpg\"><img loading=\"lazy\" decoding=\"async\" class=\"alignnone size-large wp-image-5380\" src=\"https:\/\/d2p6e6u75xmxt8.cloudfront.net\/6\/2019\/09\/Basil-Commuter-Carrier-by-Basil-B.V.-683x1024.jpg\" alt=\"\" width=\"683\" height=\"1024\" srcset=\"https:\/\/d2p6e6u75xmxt8.cloudfront.net\/6\/2019\/09\/Basil-Commuter-Carrier-by-Basil-B.V.-683x1024.jpg 683w, https:\/\/d2p6e6u75xmxt8.cloudfront.net\/6\/2019\/09\/Basil-Commuter-Carrier-by-Basil-B.V.-200x300.jpg 200w, https:\/\/d2p6e6u75xmxt8.cloudfront.net\/6\/2019\/09\/Basil-Commuter-Carrier-by-Basil-B.V.-768x1152.jpg 768w, https:\/\/d2p6e6u75xmxt8.cloudfront.net\/6\/2019\/09\/Basil-Commuter-Carrier-by-Basil-B.V.-1280x1920.jpg 1280w, https:\/\/d2p6e6u75xmxt8.cloudfront.net\/6\/2019\/09\/Basil-Commuter-Carrier-by-Basil-B.V..jpg 1575w, https:\/\/d2p6e6u75xmxt8.cloudfront.net\/6\/2019\/09\/Basil-Commuter-Carrier-by-Basil-B.V.-1280x1920.jpg 1280w\" sizes=\"auto, (max-width: 683px) 100vw, 683px\" \/><\/a><\/p>\n<p>Por un buen precio puedes obtener un portabicicletas con una luz trasera integrada con un dispositivo GPS antirrobo. Adem\u00e1s, el portaequipajes es variable y puede ajustarse f\u00e1cilmente al tama\u00f1o de la rueda de la motocicleta y a las necesidades del ciclista.<\/p>\n<h2><strong>Kwick Drumlin Cargo by Kenda<\/strong><\/h2>\n<p>&nbsp;<\/p>\n<p><a href=\"https:\/\/d2p6e6u75xmxt8.cloudfront.net\/6\/2019\/09\/kwick.png\"><img loading=\"lazy\" decoding=\"async\" class=\"alignnone size-full wp-image-5381\" src=\"https:\/\/d2p6e6u75xmxt8.cloudfront.net\/6\/2019\/09\/kwick.png\" alt=\"\" width=\"737\" height=\"483\" srcset=\"https:\/\/d2p6e6u75xmxt8.cloudfront.net\/6\/2019\/09\/kwick.png 737w, https:\/\/d2p6e6u75xmxt8.cloudfront.net\/6\/2019\/09\/kwick-300x197.png 300w\" sizes=\"auto, (max-width: 737px) 100vw, 737px\" \/><\/a><\/p>\n<p>Las bicicletas de carga tienen sus ventajas y una de ellas es la capacidad de transportar cosas pesadas. Los neum\u00e1ticos tienen que adaptarse a la carga, por lo que las empresas est\u00e1n suministrando neum\u00e1ticos para cargas pesadas, como el Kwick Drumlin Cargo de Kenda, que puede transportar hasta 150 kilogramos.<\/p>\n<h2><strong>Vredestein Fortezza Flower Power by Apollo Vredestein B.V.<\/strong><\/h2>\n<p>&nbsp;<\/p>\n<p><a href=\"https:\/\/d2p6e6u75xmxt8.cloudfront.net\/6\/2019\/09\/vredestein.png\"><img loading=\"lazy\" decoding=\"async\" class=\"alignnone size-full wp-image-5382\" src=\"https:\/\/d2p6e6u75xmxt8.cloudfront.net\/6\/2019\/09\/vredestein.png\" alt=\"\" width=\"767\" height=\"637\" srcset=\"https:\/\/d2p6e6u75xmxt8.cloudfront.net\/6\/2019\/09\/vredestein.png 767w, https:\/\/d2p6e6u75xmxt8.cloudfront.net\/6\/2019\/09\/vredestein-300x249.png 300w\" sizes=\"auto, (max-width: 767px) 100vw, 767px\" \/><\/a><\/p>\n<p>Lo creas o no, el caucho utilizado para la fabricaci\u00f3n de este neum\u00e1tico de edici\u00f3n limitada fue producido a partir de extractos de diente de le\u00f3n. Con m\u00e1s productos como ese, Greta Thunberg pasar\u00eda de navegar a montar en bicicleta.<\/p>\n<h2><strong>WD-40 Flexible by WD-40 Company<\/strong><\/h2>\n<p><a href=\"https:\/\/d2p6e6u75xmxt8.cloudfront.net\/2\/2019\/09\/WD-40-Flexible-by-WD-40.jpg\"><img loading=\"lazy\" decoding=\"async\" class=\"alignnone size-large wp-image-5383\" src=\"https:\/\/d2p6e6u75xmxt8.cloudfront.net\/6\/2019\/09\/WD-40-Flexible-by-WD-40-1024x683.jpg\" alt=\"\" width=\"1024\" height=\"683\" srcset=\"https:\/\/d2p6e6u75xmxt8.cloudfront.net\/6\/2019\/09\/WD-40-Flexible-by-WD-40-1024x683.jpg 1024w, https:\/\/d2p6e6u75xmxt8.cloudfront.net\/6\/2019\/09\/WD-40-Flexible-by-WD-40-300x200.jpg 300w, https:\/\/d2p6e6u75xmxt8.cloudfront.net\/6\/2019\/09\/WD-40-Flexible-by-WD-40-768x512.jpg 768w, https:\/\/d2p6e6u75xmxt8.cloudfront.net\/6\/2019\/09\/WD-40-Flexible-by-WD-40-1920x1280.jpg 1920w, https:\/\/d2p6e6u75xmxt8.cloudfront.net\/6\/2019\/09\/WD-40-Flexible-by-WD-40-272x182.jpg 272w, https:\/\/d2p6e6u75xmxt8.cloudfront.net\/6\/2019\/09\/WD-40-Flexible-by-WD-40-1920x1280.jpg 1920w\" sizes=\"auto, (max-width: 1024px) 100vw, 1024px\" \/><\/a><\/p>\n<p>El buen amigo de todos los manitas viene con una nueva boquilla flexible que a\u00fan es lo suficientemente r\u00edgida como para echar aceite con precisi\u00f3n donde la necesite.<\/p>\n<h2><strong>milKit Tubeless Booster V2 by Sports Components<\/strong><\/h2>\n<p>&nbsp;<\/p>\n<p><a href=\"https:\/\/d2p6e6u75xmxt8.cloudfront.net\/6\/2019\/09\/milkit.png\"><img loading=\"lazy\" decoding=\"async\" class=\"alignnone size-full wp-image-5384\" src=\"https:\/\/d2p6e6u75xmxt8.cloudfront.net\/6\/2019\/09\/milkit.png\" alt=\"\" width=\"853\" height=\"393\" srcset=\"https:\/\/d2p6e6u75xmxt8.cloudfront.net\/6\/2019\/09\/milkit.png 853w, https:\/\/d2p6e6u75xmxt8.cloudfront.net\/6\/2019\/09\/milkit-300x138.png 300w, https:\/\/d2p6e6u75xmxt8.cloudfront.net\/6\/2019\/09\/milkit-768x354.png 768w\" sizes=\"auto, (max-width: 853px) 100vw, 853px\" \/><\/a><\/p>\n<p>Despu\u00e9s de preinflar con una bomba de aire normal, puede obtener un refuerzo de neum\u00e1tico sin c\u00e1mara que se puede utilizar tambi\u00e9n como una botella de agua resistente. Es pr\u00e1ctico y respetuoso con el medio ambiente, ya que elimina la necesidad de cartuchos de di\u00f3xido de carbono de un solo uso<\/p>\n<h2><strong>Tectal Race SPIN NFC by POC<\/strong><\/h2>\n<p><a href=\"https:\/\/d2p6e6u75xmxt8.cloudfront.net\/2\/2019\/09\/Tectal-Race-SPIN-NFC-by-POC.jpg\"><img loading=\"lazy\" decoding=\"async\" class=\"alignnone size-large wp-image-5385\" src=\"https:\/\/d2p6e6u75xmxt8.cloudfront.net\/6\/2019\/09\/Tectal-Race-SPIN-NFC-by-POC-1024x683.jpg\" alt=\"\" width=\"1024\" height=\"683\" srcset=\"https:\/\/d2p6e6u75xmxt8.cloudfront.net\/6\/2019\/09\/Tectal-Race-SPIN-NFC-by-POC-1024x683.jpg 1024w, https:\/\/d2p6e6u75xmxt8.cloudfront.net\/6\/2019\/09\/Tectal-Race-SPIN-NFC-by-POC-300x200.jpg 300w, https:\/\/d2p6e6u75xmxt8.cloudfront.net\/6\/2019\/09\/Tectal-Race-SPIN-NFC-by-POC-768x512.jpg 768w, https:\/\/d2p6e6u75xmxt8.cloudfront.net\/6\/2019\/09\/Tectal-Race-SPIN-NFC-by-POC-1920x1280.jpg 1920w, https:\/\/d2p6e6u75xmxt8.cloudfront.net\/6\/2019\/09\/Tectal-Race-SPIN-NFC-by-POC-272x182.jpg 272w, https:\/\/d2p6e6u75xmxt8.cloudfront.net\/6\/2019\/09\/Tectal-Race-SPIN-NFC-by-POC-1920x1280.jpg 1920w\" sizes=\"auto, (max-width: 1024px) 100vw, 1024px\" \/><\/a><\/p>\n<p>El casco del popular fabricante sueco POC incluye un chip especial que contiene los datos m\u00e9dicos del ciclista que los servicios de emergencia pueden leer y proporciona la ayuda suficiente en caso de accidente. La tecnolog\u00eda fue probada en operaciones de rescate en monta\u00f1a.<\/p>\n<h2><strong>Lumos Matrix Helmet by Lumen Labs<\/strong><\/h2>\n<p><a href=\"https:\/\/d2p6e6u75xmxt8.cloudfront.net\/2\/2019\/09\/Lumos-Matrix-Helmet-by-Lumen-Labs.jpg\"><img loading=\"lazy\" decoding=\"async\" class=\"alignnone size-large wp-image-5386\" src=\"https:\/\/d2p6e6u75xmxt8.cloudfront.net\/6\/2019\/09\/Lumos-Matrix-Helmet-by-Lumen-Labs-1024x683.jpg\" alt=\"\" width=\"1024\" height=\"683\" srcset=\"https:\/\/d2p6e6u75xmxt8.cloudfront.net\/6\/2019\/09\/Lumos-Matrix-Helmet-by-Lumen-Labs-1024x683.jpg 1024w, https:\/\/d2p6e6u75xmxt8.cloudfront.net\/6\/2019\/09\/Lumos-Matrix-Helmet-by-Lumen-Labs-300x200.jpg 300w, https:\/\/d2p6e6u75xmxt8.cloudfront.net\/6\/2019\/09\/Lumos-Matrix-Helmet-by-Lumen-Labs-768x512.jpg 768w, https:\/\/d2p6e6u75xmxt8.cloudfront.net\/6\/2019\/09\/Lumos-Matrix-Helmet-by-Lumen-Labs-1920x1280.jpg 1920w, https:\/\/d2p6e6u75xmxt8.cloudfront.net\/6\/2019\/09\/Lumos-Matrix-Helmet-by-Lumen-Labs-272x182.jpg 272w, https:\/\/d2p6e6u75xmxt8.cloudfront.net\/6\/2019\/09\/Lumos-Matrix-Helmet-by-Lumen-Labs-1920x1280.jpg 1920w\" sizes=\"auto, (max-width: 1024px) 100vw, 1024px\" \/><\/a><\/p>\n<p>Nunca hay suficiente visibilidad cuando se conduce una bicicleta &#8211; esta es la filosof\u00eda de los dise\u00f1adores de Lumen Labs que colocan luces justo en la parte delantera del casco. El patr\u00f3n de luz es programable para que pueda divertirse creando un espect\u00e1culo de luces para los coches que pasan.<\/p>\n<h2><strong>TATZE Integral by TATZE bike-components<\/strong><\/h2>\n<p><a href=\"https:\/\/d2p6e6u75xmxt8.cloudfront.net\/2\/2019\/09\/TATZE-Integral-by-TATZE-bike-components.jpg\"><img loading=\"lazy\" decoding=\"async\" class=\"alignnone size-large wp-image-5387\" src=\"https:\/\/d2p6e6u75xmxt8.cloudfront.net\/6\/2019\/09\/TATZE-Integral-by-TATZE-bike-components-1024x683.jpg\" alt=\"\" width=\"1024\" height=\"683\" srcset=\"https:\/\/d2p6e6u75xmxt8.cloudfront.net\/6\/2019\/09\/TATZE-Integral-by-TATZE-bike-components-1024x683.jpg 1024w, https:\/\/d2p6e6u75xmxt8.cloudfront.net\/6\/2019\/09\/TATZE-Integral-by-TATZE-bike-components-300x200.jpg 300w, https:\/\/d2p6e6u75xmxt8.cloudfront.net\/6\/2019\/09\/TATZE-Integral-by-TATZE-bike-components-768x512.jpg 768w, https:\/\/d2p6e6u75xmxt8.cloudfront.net\/6\/2019\/09\/TATZE-Integral-by-TATZE-bike-components-1920x1280.jpg 1920w, https:\/\/d2p6e6u75xmxt8.cloudfront.net\/6\/2019\/09\/TATZE-Integral-by-TATZE-bike-components-272x182.jpg 272w, https:\/\/d2p6e6u75xmxt8.cloudfront.net\/6\/2019\/09\/TATZE-Integral-by-TATZE-bike-components-1920x1280.jpg 1920w\" sizes=\"auto, (max-width: 1024px) 100vw, 1024px\" \/><\/a><\/p>\n<p>TATZE introdujo un enfoque revolucionario representado por la incorporaci\u00f3n de rodamientos en la manivela en lugar del pedal en s\u00ed. El resultado es un peso extremadamente ligero y un aspecto impresionante.<\/p>\n<h2><strong>Cobber &#8211; 330\u00b0 Bike Light by Knog<\/strong><\/h2>\n<p>&nbsp;<\/p>\n<p><a href=\"https:\/\/d2p6e6u75xmxt8.cloudfront.net\/6\/2019\/09\/cobber.png\"><img loading=\"lazy\" decoding=\"async\" class=\"alignnone size-full wp-image-5388\" src=\"https:\/\/d2p6e6u75xmxt8.cloudfront.net\/6\/2019\/09\/cobber.png\" alt=\"\" width=\"634\" height=\"286\" srcset=\"https:\/\/d2p6e6u75xmxt8.cloudfront.net\/6\/2019\/09\/cobber.png 634w, https:\/\/d2p6e6u75xmxt8.cloudfront.net\/6\/2019\/09\/cobber-300x135.png 300w\" sizes=\"auto, (max-width: 634px) 100vw, 634px\" \/><\/a><\/p>\n<p>Hay algo que podemos llamar un punto ciego cuando se trata de las luces de la bici. Los ciclistas suelen ser visibles por delante y por detr\u00e1s, pero no por los lados. La luz recargable USB de Cobber aumenta el alcance de visibilidad a 330\u00b0 y evita as\u00ed los accidentes causados por la falta de iluminaci\u00f3n.<\/p>\n<h2><strong>Rebike1.de<\/strong><\/h2>\n<p><a href=\"https:\/\/d2p6e6u75xmxt8.cloudfront.net\/2\/2019\/09\/Rebike1.de_.jpg\"><img loading=\"lazy\" decoding=\"async\" class=\"alignnone size-large wp-image-5389\" src=\"https:\/\/d2p6e6u75xmxt8.cloudfront.net\/6\/2019\/09\/Rebike1.de_-1024x664.jpg\" alt=\"\" width=\"1024\" height=\"664\" srcset=\"https:\/\/d2p6e6u75xmxt8.cloudfront.net\/6\/2019\/09\/Rebike1.de_-1024x664.jpg 1024w, https:\/\/d2p6e6u75xmxt8.cloudfront.net\/6\/2019\/09\/Rebike1.de_-300x195.jpg 300w, https:\/\/d2p6e6u75xmxt8.cloudfront.net\/6\/2019\/09\/Rebike1.de_-768x498.jpg 768w, https:\/\/d2p6e6u75xmxt8.cloudfront.net\/6\/2019\/09\/Rebike1.de_.jpg 1482w\" sizes=\"auto, (max-width: 1024px) 100vw, 1024px\" \/><\/a><\/p>\n<p>Aunque hay una gran demanda de bicicletas el\u00e9ctricas, los precios todav\u00eda son altas.\u00a0La empresa muniquesa Rebike1 colabora con m\u00e1s de 80 socios en toda Alemania que suministran bicicletas a los clientes. Sus bicicletas electr\u00f3nicas de segunda mano se pueden encontrar con etiquetas de precio reducidas hasta en un 40 por ciento del precio original y todas las bicicletas tienen una garant\u00eda de dos a\u00f1os tanto en la bater\u00eda como en el motor.<\/p>\n","protected":false},"excerpt":{"rendered":"<p>La feria Eurobike es una de las m\u00e1s importantes del mundo. Cada a\u00f1o, un jurado de expertos anuncia los premios [&hellip;]<\/p>\n","protected":false},"author":29,"featured_media":5391,"comment_status":"open","ping_status":"open","sticky":false,"template":"","format":"standard","meta":{"footnotes":""},"categories":[7,8,9,6],"tags":[1235,1236,1237,1238],"global-categories":[],"class_list":["post-5355","post","type-post","status-publish","format-standard","has-post-thumbnail","hentry","category-carretera","category-life-style","category-mtb-aventura","category-urban","tag-eurobike-2019","tag-feria-eurobike","tag-innovaciones-eurobike-2019","tag-novedades-ciclismo"],"yoast_head":"<!-- This site is optimized with the Yoast SEO Premium plugin v25.3 (Yoast SEO v25.9) - https:\/\/yoast.com\/wordpress\/plugins\/seo\/ -->\n<title>Las innovaciones ciclistas de Eurobike 2019 - \u0160koda We Love Cycling - Spain<\/title>\n<meta name=\"description\" content=\"Las innovaciones ciclistas de Eurobike 2019. Todas las novedades de la Feria Eurobike 2019 desde pedales a luces o bicicletas.\" \/>\n<meta name=\"robots\" content=\"index, follow, max-snippet:-1, max-image-preview:large, max-video-preview:-1\" \/>\n<link rel=\"canonical\" href=\"https:\/\/www.welovecycling.com\/es\/2019\/09\/14\/las-innovaciones-ciclistas-de-eurobike-2019\/\" \/>\n<meta property=\"og:locale\" content=\"es_ES\" \/>\n<meta property=\"og:type\" content=\"article\" \/>\n<meta property=\"og:title\" content=\"Las innovaciones ciclistas de Eurobike 2019\" \/>\n<meta property=\"og:description\" content=\"Las innovaciones ciclistas de Eurobike 2019. Todas las novedades de la Feria Eurobike 2019 desde pedales a luces o bicicletas.\" \/>\n<meta property=\"og:url\" content=\"https:\/\/www.welovecycling.com\/es\/2019\/09\/14\/las-innovaciones-ciclistas-de-eurobike-2019\/\" \/>\n<meta property=\"og:site_name\" content=\"\u0160koda We Love Cycling - Spain\" \/>\n<meta property=\"article:published_time\" content=\"2019-09-14T10:28:40+00:00\" \/>\n<meta property=\"og:image\" content=\"https:\/\/d2p6e6u75xmxt8.cloudfront.net\/6\/2019\/09\/eurobike-2019-profimedia-0469035597-CVR.jpg\" \/>\n\t<meta property=\"og:image:width\" content=\"1366\" \/>\n\t<meta property=\"og:image:height\" content=\"600\" \/>\n\t<meta property=\"og:image:type\" content=\"image\/jpeg\" \/>\n<meta name=\"author\" content=\"We Love Cycling Spain\" \/>\n<meta name=\"twitter:card\" content=\"summary_large_image\" \/>\n<meta name=\"twitter:title\" content=\"Las innovaciones ciclistas de Eurobike 2019\" \/>\n<meta name=\"twitter:description\" content=\"Las innovaciones ciclistas de Eurobike 2019. Todas las novedades de la Feria Eurobike 2019 desde pedales a luces o bicicletas.\" \/>\n<meta name=\"twitter:label1\" content=\"Written by\" \/>\n\t<meta name=\"twitter:data1\" content=\"Adam Marsal\" \/>\n\t<meta name=\"twitter:label2\" content=\"Est. reading time\" \/>\n\t<meta name=\"twitter:data2\" content=\"7\" \/>\n<script type=\"application\/ld+json\" class=\"yoast-schema-graph\">{\"@context\":\"https:\/\/schema.org\",\"@graph\":[{\"@type\":\"WebPage\",\"@id\":\"https:\/\/www.welovecycling.com\/es\/2019\/09\/14\/las-innovaciones-ciclistas-de-eurobike-2019\/\",\"url\":\"https:\/\/www.welovecycling.com\/es\/2019\/09\/14\/las-innovaciones-ciclistas-de-eurobike-2019\/\",\"name\":\"Las innovaciones ciclistas de Eurobike 2019 - \u0160koda We Love Cycling - Spain\",\"isPartOf\":{\"@id\":\"https:\/\/www.welovecycling.com\/es\/#website\"},\"primaryImageOfPage\":{\"@id\":\"https:\/\/www.welovecycling.com\/es\/2019\/09\/14\/las-innovaciones-ciclistas-de-eurobike-2019\/#primaryimage\"},\"image\":{\"@id\":\"https:\/\/www.welovecycling.com\/es\/2019\/09\/14\/las-innovaciones-ciclistas-de-eurobike-2019\/#primaryimage\"},\"thumbnailUrl\":\"https:\/\/d2p6e6u75xmxt8.cloudfront.net\/6\/2019\/09\/eurobike-2019-profimedia-0469035597-CVR.jpg\",\"datePublished\":\"2019-09-14T10:28:40+00:00\",\"author\":{\"@id\":\"https:\/\/www.welovecycling.com\/es\/#\/schema\/person\/deb61715b5812698ee79fb96f343ccd4\"},\"description\":\"Las innovaciones ciclistas de Eurobike 2019. Todas las novedades de la Feria Eurobike 2019 desde pedales a luces o bicicletas.\",\"breadcrumb\":{\"@id\":\"https:\/\/www.welovecycling.com\/es\/2019\/09\/14\/las-innovaciones-ciclistas-de-eurobike-2019\/#breadcrumb\"},\"inLanguage\":\"es-ES\",\"potentialAction\":[{\"@type\":\"ReadAction\",\"target\":[\"https:\/\/www.welovecycling.com\/es\/2019\/09\/14\/las-innovaciones-ciclistas-de-eurobike-2019\/\"]}]},{\"@type\":\"ImageObject\",\"inLanguage\":\"es-ES\",\"@id\":\"https:\/\/www.welovecycling.com\/es\/2019\/09\/14\/las-innovaciones-ciclistas-de-eurobike-2019\/#primaryimage\",\"url\":\"https:\/\/d2p6e6u75xmxt8.cloudfront.net\/6\/2019\/09\/eurobike-2019-profimedia-0469035597-CVR.jpg\",\"contentUrl\":\"https:\/\/d2p6e6u75xmxt8.cloudfront.net\/6\/2019\/09\/eurobike-2019-profimedia-0469035597-CVR.jpg\",\"width\":1366,\"height\":600},{\"@type\":\"BreadcrumbList\",\"@id\":\"https:\/\/www.welovecycling.com\/es\/2019\/09\/14\/las-innovaciones-ciclistas-de-eurobike-2019\/#breadcrumb\",\"itemListElement\":[{\"@type\":\"ListItem\",\"position\":1,\"name\":\"Home\",\"item\":\"https:\/\/www.welovecycling.com\/es\/\"},{\"@type\":\"ListItem\",\"position\":2,\"name\":\"Las innovaciones ciclistas de Eurobike 2019\"}]},{\"@type\":\"WebSite\",\"@id\":\"https:\/\/www.welovecycling.com\/es\/#website\",\"url\":\"https:\/\/www.welovecycling.com\/es\/\",\"name\":\"\u0160koda We Love Cycling - Spain\",\"description\":\"\u0160koda WeLoveCycling Spain\",\"potentialAction\":[{\"@type\":\"SearchAction\",\"target\":{\"@type\":\"EntryPoint\",\"urlTemplate\":\"https:\/\/www.welovecycling.com\/es\/?s={search_term_string}\"},\"query-input\":{\"@type\":\"PropertyValueSpecification\",\"valueRequired\":true,\"valueName\":\"search_term_string\"}}],\"inLanguage\":\"es-ES\"},{\"@type\":\"Person\",\"@id\":\"https:\/\/www.welovecycling.com\/es\/#\/schema\/person\/deb61715b5812698ee79fb96f343ccd4\",\"name\":\"We Love Cycling Spain\",\"image\":{\"@type\":\"ImageObject\",\"inLanguage\":\"es-ES\",\"@id\":\"https:\/\/www.welovecycling.com\/es\/#\/schema\/person\/image\/\",\"url\":\"https:\/\/secure.gravatar.com\/avatar\/c824b04e6df0e37a03219d0b6481672889df542894588964102459e46513159c?s=96&d=mm&r=g\",\"contentUrl\":\"https:\/\/secure.gravatar.com\/avatar\/c824b04e6df0e37a03219d0b6481672889df542894588964102459e46513159c?s=96&d=mm&r=g\",\"caption\":\"We Love Cycling Spain\"},\"url\":\"https:\/\/www.welovecycling.com\/es\/author\/amunoz\/\"}]}<\/script>\n<!-- \/ Yoast SEO Premium plugin. -->","yoast_head_json":{"title":"Las innovaciones ciclistas de Eurobike 2019 - \u0160koda We Love Cycling - Spain","description":"Las innovaciones ciclistas de Eurobike 2019. Todas las novedades de la Feria Eurobike 2019 desde pedales a luces o bicicletas.","robots":{"index":"index","follow":"follow","max-snippet":"max-snippet:-1","max-image-preview":"max-image-preview:large","max-video-preview":"max-video-preview:-1"},"canonical":"https:\/\/www.welovecycling.com\/es\/2019\/09\/14\/las-innovaciones-ciclistas-de-eurobike-2019\/","og_locale":"es_ES","og_type":"article","og_title":"Las innovaciones ciclistas de Eurobike 2019","og_description":"Las innovaciones ciclistas de Eurobike 2019. Todas las novedades de la Feria Eurobike 2019 desde pedales a luces o bicicletas.","og_url":"https:\/\/www.welovecycling.com\/es\/2019\/09\/14\/las-innovaciones-ciclistas-de-eurobike-2019\/","og_site_name":"\u0160koda We Love Cycling - Spain","article_published_time":"2019-09-14T10:28:40+00:00","og_image":[{"width":1366,"height":600,"url":"https:\/\/d2p6e6u75xmxt8.cloudfront.net\/6\/2019\/09\/eurobike-2019-profimedia-0469035597-CVR.jpg","type":"image\/jpeg"}],"author":"We Love Cycling Spain","twitter_card":"summary_large_image","twitter_title":"Las innovaciones ciclistas de Eurobike 2019","twitter_description":"Las innovaciones ciclistas de Eurobike 2019. Todas las novedades de la Feria Eurobike 2019 desde pedales a luces o bicicletas.","twitter_misc":{"Written by":"Adam Marsal","Est. reading time":"7"},"schema":{"@context":"https:\/\/schema.org","@graph":[{"@type":"WebPage","@id":"https:\/\/www.welovecycling.com\/es\/2019\/09\/14\/las-innovaciones-ciclistas-de-eurobike-2019\/","url":"https:\/\/www.welovecycling.com\/es\/2019\/09\/14\/las-innovaciones-ciclistas-de-eurobike-2019\/","name":"Las innovaciones ciclistas de Eurobike 2019 - \u0160koda We Love Cycling - Spain","isPartOf":{"@id":"https:\/\/www.welovecycling.com\/es\/#website"},"primaryImageOfPage":{"@id":"https:\/\/www.welovecycling.com\/es\/2019\/09\/14\/las-innovaciones-ciclistas-de-eurobike-2019\/#primaryimage"},"image":{"@id":"https:\/\/www.welovecycling.com\/es\/2019\/09\/14\/las-innovaciones-ciclistas-de-eurobike-2019\/#primaryimage"},"thumbnailUrl":"https:\/\/d2p6e6u75xmxt8.cloudfront.net\/6\/2019\/09\/eurobike-2019-profimedia-0469035597-CVR.jpg","datePublished":"2019-09-14T10:28:40+00:00","author":{"@id":"https:\/\/www.welovecycling.com\/es\/#\/schema\/person\/deb61715b5812698ee79fb96f343ccd4"},"description":"Las innovaciones ciclistas de Eurobike 2019. Todas las novedades de la Feria Eurobike 2019 desde pedales a luces o bicicletas.","breadcrumb":{"@id":"https:\/\/www.welovecycling.com\/es\/2019\/09\/14\/las-innovaciones-ciclistas-de-eurobike-2019\/#breadcrumb"},"inLanguage":"es-ES","potentialAction":[{"@type":"ReadAction","target":["https:\/\/www.welovecycling.com\/es\/2019\/09\/14\/las-innovaciones-ciclistas-de-eurobike-2019\/"]}]},{"@type":"ImageObject","inLanguage":"es-ES","@id":"https:\/\/www.welovecycling.com\/es\/2019\/09\/14\/las-innovaciones-ciclistas-de-eurobike-2019\/#primaryimage","url":"https:\/\/d2p6e6u75xmxt8.cloudfront.net\/6\/2019\/09\/eurobike-2019-profimedia-0469035597-CVR.jpg","contentUrl":"https:\/\/d2p6e6u75xmxt8.cloudfront.net\/6\/2019\/09\/eurobike-2019-profimedia-0469035597-CVR.jpg","width":1366,"height":600},{"@type":"BreadcrumbList","@id":"https:\/\/www.welovecycling.com\/es\/2019\/09\/14\/las-innovaciones-ciclistas-de-eurobike-2019\/#breadcrumb","itemListElement":[{"@type":"ListItem","position":1,"name":"Home","item":"https:\/\/www.welovecycling.com\/es\/"},{"@type":"ListItem","position":2,"name":"Las innovaciones ciclistas de Eurobike 2019"}]},{"@type":"WebSite","@id":"https:\/\/www.welovecycling.com\/es\/#website","url":"https:\/\/www.welovecycling.com\/es\/","name":"\u0160koda We Love Cycling - Spain","description":"\u0160koda WeLoveCycling Spain","potentialAction":[{"@type":"SearchAction","target":{"@type":"EntryPoint","urlTemplate":"https:\/\/www.welovecycling.com\/es\/?s={search_term_string}"},"query-input":{"@type":"PropertyValueSpecification","valueRequired":true,"valueName":"search_term_string"}}],"inLanguage":"es-ES"},{"@type":"Person","@id":"https:\/\/www.welovecycling.com\/es\/#\/schema\/person\/deb61715b5812698ee79fb96f343ccd4","name":"We Love Cycling Spain","image":{"@type":"ImageObject","inLanguage":"es-ES","@id":"https:\/\/www.welovecycling.com\/es\/#\/schema\/person\/image\/","url":"https:\/\/secure.gravatar.com\/avatar\/c824b04e6df0e37a03219d0b6481672889df542894588964102459e46513159c?s=96&d=mm&r=g","contentUrl":"https:\/\/secure.gravatar.com\/avatar\/c824b04e6df0e37a03219d0b6481672889df542894588964102459e46513159c?s=96&d=mm&r=g","caption":"We Love Cycling Spain"},"url":"https:\/\/www.welovecycling.com\/es\/author\/amunoz\/"}]}},"_links":{"self":[{"href":"https:\/\/www.welovecycling.com\/es\/wp-json\/wp\/v2\/posts\/5355","targetHints":{"allow":["GET"]}}],"collection":[{"href":"https:\/\/www.welovecycling.com\/es\/wp-json\/wp\/v2\/posts"}],"about":[{"href":"https:\/\/www.welovecycling.com\/es\/wp-json\/wp\/v2\/types\/post"}],"author":[{"embeddable":true,"href":"https:\/\/www.welovecycling.com\/es\/wp-json\/wp\/v2\/users\/29"}],"replies":[{"embeddable":true,"href":"https:\/\/www.welovecycling.com\/es\/wp-json\/wp\/v2\/comments?post=5355"}],"version-history":[{"count":2,"href":"https:\/\/www.welovecycling.com\/es\/wp-json\/wp\/v2\/posts\/5355\/revisions"}],"predecessor-version":[{"id":5393,"href":"https:\/\/www.welovecycling.com\/es\/wp-json\/wp\/v2\/posts\/5355\/revisions\/5393"}],"wp:featuredmedia":[{"embeddable":true,"href":"https:\/\/www.welovecycling.com\/es\/wp-json\/wp\/v2\/media\/5391"}],"wp:attachment":[{"href":"https:\/\/www.welovecycling.com\/es\/wp-json\/wp\/v2\/media?parent=5355"}],"wp:term":[{"taxonomy":"category","embeddable":true,"href":"https:\/\/www.welovecycling.com\/es\/wp-json\/wp\/v2\/categories?post=5355"},{"taxonomy":"post_tag","embeddable":true,"href":"https:\/\/www.welovecycling.com\/es\/wp-json\/wp\/v2\/tags?post=5355"},{"taxonomy":"global-categories","embeddable":true,"href":"https:\/\/www.welovecycling.com\/es\/wp-json\/wp\/v2\/global-categories?post=5355"}],"curies":[{"name":"wp","href":"https:\/\/api.w.org\/{rel}","templated":true}]}}