{"id":5338,"date":"2019-09-10T17:43:05","date_gmt":"2019-09-10T15:43:05","guid":{"rendered":"https:\/\/www.welovecycling.com\/es\/?p=5338"},"modified":"2019-09-10T17:53:11","modified_gmt":"2019-09-10T15:53:11","slug":"los-machucos-el-acebo-la-cubilla-y-bilbao-las-fotos-de-cuatro-dias-de-vuelta","status":"publish","type":"post","link":"https:\/\/www.welovecycling.com\/es\/2019\/09\/10\/los-machucos-el-acebo-la-cubilla-y-bilbao-las-fotos-de-cuatro-dias-de-vuelta\/","title":{"rendered":"Los Machucos, El Acebo, La Cubilla y Bilbao. Las fotos de cuatro d\u00edas de Vuelta"},"content":{"rendered":"<p><strong>El ciclismo es la monta\u00f1a. La Vuelta 2019 ha vivido sus cuatro d\u00edas m\u00e1s intensos en el norte. Las etapas con finales en Bilbao, Los Machucos, El Acebo y La Cubilla ha dejado definida la clasificaci\u00f3n general e im\u00e1genes de agon\u00eda, sufrimiento y felicidad a partes iguales. Pasi\u00f3n que se ve reflejada en el rostros de los corredores y de muchos aficionados.<\/strong><\/p>\n<p><!--more--><\/p>\n<p>Por un lado est\u00e1 lo que se ve en televisi\u00f3n. La se\u00f1al en directo que llega a su casa todos los d\u00edas. <strong>Ya sea comentada por Perico y Carlos de Andr\u00e9s o por Antonio Alix y Eduardo Chozas<\/strong>. Visiones diferentes pero una misma se\u00f1al televisiva. Lo ves y ah\u00ed se queda. Incluso para repasarlo a trav\u00e9s de internet.<\/p>\n<p>Pero luego <strong>hay otra visi\u00f3n a la que los espectadores no llegan<\/strong>. Est\u00e1 lo que sucede por detr\u00e1s del pelot\u00f3n, donde no llegan las motos de televisi\u00f3n en carrera. O lo que pasa antes de darse la salida, los detalles de las bicicletas, los gestos de auxiliares y ciclistas antes de empezar la batalla. Y tambi\u00e9n el post etapa. <strong>Cuando el ciclista pasa la l\u00ednea de meta sin casi fuerzas<\/strong> para seguir encima de la bicicleta y necesita que le lleven a la carpa para cambiarse de ropa y no coger fr\u00edo. La dureza de un deporte que solo necesita de un trozo de asfalto para sentarse despu\u00e9s de la agon\u00eda de subir el Acebo o La Cubilla a mil por hora.<\/p>\n<p>En esa zona alrededor del podio tambi\u00e9n suceden cosas que no da tiempo a contar en la televisi\u00f3n. Una c\u00e1mara de fotos lo capta. A veces va a redes sociales.<strong> Otras se queda en el limbo<\/strong>. Detalles que a veces son esenciales para saber lo que va a pasar en el resto de etapas de la Vuelta. Para preveer el destino final de un maillot rojo que por ahora tiene el nombre esloveno de Primoz Roglic.<\/p>\n<h2><strong>Piernas de l\u00edder<\/strong><\/h2>\n<p><a href=\"https:\/\/d2p6e6u75xmxt8.cloudfront.net\/6\/2019\/09\/VUELTA-32.JPG.jpg\"><img loading=\"lazy\" decoding=\"async\" class=\"aligncenter size-large wp-image-5339\" src=\"https:\/\/d2p6e6u75xmxt8.cloudfront.net\/6\/2019\/09\/VUELTA-32.JPG-1024x678.jpg\" alt=\"\" width=\"1024\" height=\"678\" srcset=\"https:\/\/d2p6e6u75xmxt8.cloudfront.net\/6\/2019\/09\/VUELTA-32.JPG-1024x678.jpg 1024w, https:\/\/d2p6e6u75xmxt8.cloudfront.net\/6\/2019\/09\/VUELTA-32.JPG-300x199.jpg 300w, https:\/\/d2p6e6u75xmxt8.cloudfront.net\/6\/2019\/09\/VUELTA-32.JPG-768x509.jpg 768w, https:\/\/d2p6e6u75xmxt8.cloudfront.net\/6\/2019\/09\/VUELTA-32.JPG.jpg 1200w\" sizes=\"auto, (max-width: 1024px) 100vw, 1024px\" \/><\/a>No es ni el m\u00e1s fino, ni el m\u00e1s musculoso, ni el que tiene los cu\u00e1driceps m\u00e1s marcados, pero estas piernas son las que han llevado a Roglic a comandar la clasificaci\u00f3n general.<\/p>\n<h2><strong>Cl\u00e1sicos, cl\u00e1sicos<\/strong><\/h2>\n<p><a href=\"https:\/\/d2p6e6u75xmxt8.cloudfront.net\/6\/2019\/09\/VUELTA-10.JPG.jpg\"><img loading=\"lazy\" decoding=\"async\" class=\"aligncenter size-full wp-image-5340\" src=\"https:\/\/d2p6e6u75xmxt8.cloudfront.net\/6\/2019\/09\/VUELTA-10.JPG.jpg\" alt=\"\" width=\"1012\" height=\"800\" srcset=\"https:\/\/d2p6e6u75xmxt8.cloudfront.net\/6\/2019\/09\/VUELTA-10.JPG.jpg 1012w, https:\/\/d2p6e6u75xmxt8.cloudfront.net\/6\/2019\/09\/VUELTA-10.JPG-300x237.jpg 300w, https:\/\/d2p6e6u75xmxt8.cloudfront.net\/6\/2019\/09\/VUELTA-10.JPG-768x607.jpg 768w\" sizes=\"auto, (max-width: 1012px) 100vw, 1012px\" \/><\/a>Pocas aficiones con tanta tradici\u00f3n ciclista como la vasca y pocos ciclistas con tanta leyenda como Gilbert, al que solo le falta San Remo para completar los cinco monumentos. Si a esto le unimos un recorrido digno del final de Lieja Bastogne Lieja, en Bilbao qued\u00f3 una Cl\u00e1sica dentro de La Vuelta 2019.<\/p>\n<h2><strong>Campe\u00f3n del Mundo<\/strong><\/h2>\n<p><a href=\"https:\/\/d2p6e6u75xmxt8.cloudfront.net\/6\/2019\/09\/VUELTA-147.JPG.jpg\"><img loading=\"lazy\" decoding=\"async\" class=\"aligncenter size-full wp-image-5341\" src=\"https:\/\/d2p6e6u75xmxt8.cloudfront.net\/6\/2019\/09\/VUELTA-147.JPG.jpg\" alt=\"\" width=\"998\" height=\"800\" srcset=\"https:\/\/d2p6e6u75xmxt8.cloudfront.net\/6\/2019\/09\/VUELTA-147.JPG.jpg 998w, https:\/\/d2p6e6u75xmxt8.cloudfront.net\/6\/2019\/09\/VUELTA-147.JPG-300x240.jpg 300w, https:\/\/d2p6e6u75xmxt8.cloudfront.net\/6\/2019\/09\/VUELTA-147.JPG-768x616.jpg 768w\" sizes=\"auto, (max-width: 998px) 100vw, 998px\" \/><\/a>Con 39 a\u00f1os m\u00e1s fino que nunca. Las piernas de todo un campe\u00f3n del Mundo.<\/p>\n<h2><strong>Pre Vuelta Skoda<\/strong><\/h2>\n<p><a href=\"https:\/\/d2p6e6u75xmxt8.cloudfront.net\/6\/2019\/09\/VUELTA-78.JPG.jpg\"><img loading=\"lazy\" decoding=\"async\" class=\"aligncenter size-large wp-image-5342\" src=\"https:\/\/d2p6e6u75xmxt8.cloudfront.net\/6\/2019\/09\/VUELTA-78.JPG-1024x678.jpg\" alt=\"\" width=\"1024\" height=\"678\" srcset=\"https:\/\/d2p6e6u75xmxt8.cloudfront.net\/6\/2019\/09\/VUELTA-78.JPG-1024x678.jpg 1024w, https:\/\/d2p6e6u75xmxt8.cloudfront.net\/6\/2019\/09\/VUELTA-78.JPG-300x199.jpg 300w, https:\/\/d2p6e6u75xmxt8.cloudfront.net\/6\/2019\/09\/VUELTA-78.JPG-768x509.jpg 768w, https:\/\/d2p6e6u75xmxt8.cloudfront.net\/6\/2019\/09\/VUELTA-78.JPG.jpg 1200w\" sizes=\"auto, (max-width: 1024px) 100vw, 1024px\" \/><\/a>La Vuelta no solo es ciclismo, sino una caravana que rodea a los ciclistas y que cada d\u00eda da ambiente a la zona de salida y permite al aficionado probar sus piernas y ganar premios, como los de Skoda.<\/p>\n<h2><strong>\u00bfT\u00e1ctica conjunta?<\/strong><\/h2>\n<p><a href=\"https:\/\/d2p6e6u75xmxt8.cloudfront.net\/6\/2019\/09\/VUELTA-149.JPG.jpg\"><img loading=\"lazy\" decoding=\"async\" class=\"aligncenter size-large wp-image-5343\" src=\"https:\/\/d2p6e6u75xmxt8.cloudfront.net\/6\/2019\/09\/VUELTA-149.JPG-1024x775.jpg\" alt=\"\" width=\"1024\" height=\"775\" srcset=\"https:\/\/d2p6e6u75xmxt8.cloudfront.net\/6\/2019\/09\/VUELTA-149.JPG-1024x775.jpg 1024w, https:\/\/d2p6e6u75xmxt8.cloudfront.net\/6\/2019\/09\/VUELTA-149.JPG-300x227.jpg 300w, https:\/\/d2p6e6u75xmxt8.cloudfront.net\/6\/2019\/09\/VUELTA-149.JPG-768x581.jpg 768w, https:\/\/d2p6e6u75xmxt8.cloudfront.net\/6\/2019\/09\/VUELTA-149.JPG.jpg 1057w\" sizes=\"auto, (max-width: 1024px) 100vw, 1024px\" \/><\/a>Miguel Angel L\u00f3pez y Nairo Quintana comparten nacionalidad y amistad. Pero, \u00bfllegar\u00edan a hacer una t\u00e1ctica conjunta en carrera? Esta imagen es de la salida de Bilbao antes de subir Los Machucos. Despu\u00e9s, en la ascensi\u00f3n final, cada uno por su lado.<\/p>\n<h2><strong>Podio con vistas<\/strong><\/h2>\n<p><a href=\"https:\/\/d2p6e6u75xmxt8.cloudfront.net\/6\/2019\/09\/VUELTA-62.JPG.jpg\"><img loading=\"lazy\" decoding=\"async\" class=\"aligncenter size-large wp-image-5345\" src=\"https:\/\/d2p6e6u75xmxt8.cloudfront.net\/6\/2019\/09\/VUELTA-62.JPG-1024x678.jpg\" alt=\"\" width=\"1024\" height=\"678\" srcset=\"https:\/\/d2p6e6u75xmxt8.cloudfront.net\/6\/2019\/09\/VUELTA-62.JPG-1024x678.jpg 1024w, https:\/\/d2p6e6u75xmxt8.cloudfront.net\/6\/2019\/09\/VUELTA-62.JPG-300x199.jpg 300w, https:\/\/d2p6e6u75xmxt8.cloudfront.net\/6\/2019\/09\/VUELTA-62.JPG-768x509.jpg 768w, https:\/\/d2p6e6u75xmxt8.cloudfront.net\/6\/2019\/09\/VUELTA-62.JPG.jpg 1200w\" sizes=\"auto, (max-width: 1024px) 100vw, 1024px\" \/><\/a>En Los Machucos y con un d\u00eda despejado La Vuelta pudo montar un podio muy especial, con vistas a la monta\u00f1a c\u00e1ntabra y a las playas de Santander, que pese a estar a m\u00e1s de 30 kil\u00f3metros se ve\u00edan a la perfecci\u00f3n.<\/p>\n<h2><strong>Sprint por ser segundo<\/strong><\/h2>\n<p><a href=\"https:\/\/d2p6e6u75xmxt8.cloudfront.net\/6\/2019\/09\/VUELTA-189.JPG.jpg\"><img loading=\"lazy\" decoding=\"async\" class=\"aligncenter size-large wp-image-5346\" src=\"https:\/\/d2p6e6u75xmxt8.cloudfront.net\/6\/2019\/09\/VUELTA-189.JPG-1024x700.jpg\" alt=\"\" width=\"1024\" height=\"700\" srcset=\"https:\/\/d2p6e6u75xmxt8.cloudfront.net\/6\/2019\/09\/VUELTA-189.JPG-1024x700.jpg 1024w, https:\/\/d2p6e6u75xmxt8.cloudfront.net\/6\/2019\/09\/VUELTA-189.JPG-300x205.jpg 300w, https:\/\/d2p6e6u75xmxt8.cloudfront.net\/6\/2019\/09\/VUELTA-189.JPG-768x525.jpg 768w, https:\/\/d2p6e6u75xmxt8.cloudfront.net\/6\/2019\/09\/VUELTA-189.JPG.jpg 1171w\" sizes=\"auto, (max-width: 1024px) 100vw, 1024px\" \/><\/a>Cada posici\u00f3n cuenta. La Vuelta da puntos UCI en cada etapa y se pelea por todo. En El Acebo Guerreiro y Thao lucharon por el segundo puesto tras Kuss. El sprint degener\u00f3 en un conato de pelea posterior.<\/p>\n<h2><strong>Al l\u00edmite<\/strong><\/h2>\n<p><a href=\"https:\/\/d2p6e6u75xmxt8.cloudfront.net\/6\/2019\/09\/VUELTA-207.JPG-1.jpg\"><img loading=\"lazy\" decoding=\"async\" class=\"aligncenter size-full wp-image-5347\" src=\"https:\/\/d2p6e6u75xmxt8.cloudfront.net\/6\/2019\/09\/VUELTA-207.JPG-1.jpg\" alt=\"\" width=\"601\" height=\"800\" srcset=\"https:\/\/d2p6e6u75xmxt8.cloudfront.net\/6\/2019\/09\/VUELTA-207.JPG-1.jpg 601w, https:\/\/d2p6e6u75xmxt8.cloudfront.net\/6\/2019\/09\/VUELTA-207.JPG-1-225x300.jpg 225w\" sizes=\"auto, (max-width: 601px) 100vw, 601px\" \/><\/a>Jos\u00e9 Herrada trabaj\u00f3 en la escapada del d\u00eda y al llegar a la meta del Acebo no le quedaba ni un gramo de fuerzas. Agotado.<\/p>\n<h2><strong>L\u00ednea recta<\/strong><\/h2>\n<p><a href=\"https:\/\/d2p6e6u75xmxt8.cloudfront.net\/6\/2019\/09\/VUELTA-231.JPG.jpg\"><img loading=\"lazy\" decoding=\"async\" class=\"aligncenter size-large wp-image-5348\" src=\"https:\/\/d2p6e6u75xmxt8.cloudfront.net\/6\/2019\/09\/VUELTA-231.JPG-1024x521.jpg\" alt=\"\" width=\"1024\" height=\"521\" srcset=\"https:\/\/d2p6e6u75xmxt8.cloudfront.net\/6\/2019\/09\/VUELTA-231.JPG-1024x521.jpg 1024w, https:\/\/d2p6e6u75xmxt8.cloudfront.net\/6\/2019\/09\/VUELTA-231.JPG-300x153.jpg 300w, https:\/\/d2p6e6u75xmxt8.cloudfront.net\/6\/2019\/09\/VUELTA-231.JPG-768x390.jpg 768w, https:\/\/d2p6e6u75xmxt8.cloudfront.net\/6\/2019\/09\/VUELTA-231.JPG.jpg 1200w\" sizes=\"auto, (max-width: 1024px) 100vw, 1024px\" \/><\/a>Hace unos segundos que Knoxx acaba de pasar la l\u00ednea de meta de La Cubilla. Ha peleado por la victoria pero se tuvo que conformar con ser cuarto. Pese a ello le cuesta mantener recta la bicicleta. Agon\u00eda total.<\/p>\n<h2><strong>Un empuj\u00f3n<\/strong><\/h2>\n<p><a href=\"https:\/\/d2p6e6u75xmxt8.cloudfront.net\/6\/2019\/09\/VUELTA-235.JPG.jpg\"><img loading=\"lazy\" decoding=\"async\" class=\"aligncenter size-large wp-image-5349\" src=\"https:\/\/d2p6e6u75xmxt8.cloudfront.net\/6\/2019\/09\/VUELTA-235.JPG-1024x678.jpg\" alt=\"\" width=\"1024\" height=\"678\" srcset=\"https:\/\/d2p6e6u75xmxt8.cloudfront.net\/6\/2019\/09\/VUELTA-235.JPG-1024x678.jpg 1024w, https:\/\/d2p6e6u75xmxt8.cloudfront.net\/6\/2019\/09\/VUELTA-235.JPG-300x199.jpg 300w, https:\/\/d2p6e6u75xmxt8.cloudfront.net\/6\/2019\/09\/VUELTA-235.JPG-768x509.jpg 768w, https:\/\/d2p6e6u75xmxt8.cloudfront.net\/6\/2019\/09\/VUELTA-235.JPG.jpg 1200w\" sizes=\"auto, (max-width: 1024px) 100vw, 1024px\" \/><\/a>Otro que lo da todo siempre. Mikel Bizkarra. Un empuj\u00f3n despu\u00e9s de meta para llegar a la zona de los auxiliares.<\/p>\n<h2><strong>Nadie se resiste a un selfie<\/strong><\/h2>\n<p><a href=\"https:\/\/d2p6e6u75xmxt8.cloudfront.net\/6\/2019\/09\/VUELTA-262.JPG.jpg\"><img loading=\"lazy\" decoding=\"async\" class=\"aligncenter size-large wp-image-5350\" src=\"https:\/\/d2p6e6u75xmxt8.cloudfront.net\/6\/2019\/09\/VUELTA-262.JPG-1024x678.jpg\" alt=\"\" width=\"1024\" height=\"678\" srcset=\"https:\/\/d2p6e6u75xmxt8.cloudfront.net\/6\/2019\/09\/VUELTA-262.JPG-1024x678.jpg 1024w, https:\/\/d2p6e6u75xmxt8.cloudfront.net\/6\/2019\/09\/VUELTA-262.JPG-300x199.jpg 300w, https:\/\/d2p6e6u75xmxt8.cloudfront.net\/6\/2019\/09\/VUELTA-262.JPG-768x509.jpg 768w, https:\/\/d2p6e6u75xmxt8.cloudfront.net\/6\/2019\/09\/VUELTA-262.JPG.jpg 1200w\" sizes=\"auto, (max-width: 1024px) 100vw, 1024px\" \/><\/a>Alberto Contador ahora trabaja para Eurosport como comentarista. Pero en La Vuelta no se resiste a buscar una foto con Alejandro Valverde, su rival de anta\u00f1o que sigue peleando por ganar la carrera.<\/p>\n<h2><strong>La importancia del equipo<\/strong><\/h2>\n<p><a href=\"https:\/\/d2p6e6u75xmxt8.cloudfront.net\/6\/2019\/09\/VUELTA-282.JPG.jpg\"><img loading=\"lazy\" decoding=\"async\" class=\"aligncenter size-full wp-image-5351\" src=\"https:\/\/d2p6e6u75xmxt8.cloudfront.net\/6\/2019\/09\/VUELTA-282.JPG.jpg\" alt=\"\" width=\"889\" height=\"800\" srcset=\"https:\/\/d2p6e6u75xmxt8.cloudfront.net\/6\/2019\/09\/VUELTA-282.JPG.jpg 889w, https:\/\/d2p6e6u75xmxt8.cloudfront.net\/6\/2019\/09\/VUELTA-282.JPG-300x270.jpg 300w, https:\/\/d2p6e6u75xmxt8.cloudfront.net\/6\/2019\/09\/VUELTA-282.JPG-768x691.jpg 768w\" sizes=\"auto, (max-width: 889px) 100vw, 889px\" \/><\/a>Abrigarse, hidratarse, comer, atender a los medios, respirar, ir al podio, atender a los medios, pasar el antidopaje, buscar el autob\u00fas del equipo&#8230;. todo eso tiene que hacer el ciclista al pasar la l\u00ednea de meta. Los auxiliares de cada conjunto son clave para que el corredor empiece a descansar cuanto antes.<\/p>\n<h2><strong>El autob\u00fas<\/strong><\/h2>\n<p><a href=\"https:\/\/d2p6e6u75xmxt8.cloudfront.net\/6\/2019\/09\/VUELTA-328.JPG.jpg\"><img loading=\"lazy\" decoding=\"async\" class=\"aligncenter size-large wp-image-5352\" src=\"https:\/\/d2p6e6u75xmxt8.cloudfront.net\/6\/2019\/09\/VUELTA-328.JPG-1024x585.jpg\" alt=\"\" width=\"1024\" height=\"585\" srcset=\"https:\/\/d2p6e6u75xmxt8.cloudfront.net\/6\/2019\/09\/VUELTA-328.JPG-1024x585.jpg 1024w, https:\/\/d2p6e6u75xmxt8.cloudfront.net\/6\/2019\/09\/VUELTA-328.JPG-300x172.jpg 300w, https:\/\/d2p6e6u75xmxt8.cloudfront.net\/6\/2019\/09\/VUELTA-328.JPG-768x439.jpg 768w, https:\/\/d2p6e6u75xmxt8.cloudfront.net\/6\/2019\/09\/VUELTA-328.JPG.jpg 1200w\" sizes=\"auto, (max-width: 1024px) 100vw, 1024px\" \/><\/a>Los esfuerzos se acaban pagando. Los gregarios como Omar Fraile o Cataldo se pegaron el calent\u00f3n en las primeras rampas del Acebo para hacer la carrera dura para su l\u00edder Miguel Angel L\u00f3pez, pero despu\u00e9s hay que llegar a meta dentro de control, para eso est\u00e1 el &#8216;autob\u00fas&#8217;.<\/p>\n","protected":false},"excerpt":{"rendered":"<p>El ciclismo es la monta\u00f1a. La Vuelta 2019 ha vivido sus cuatro d\u00edas m\u00e1s intensos en el norte. Las etapas [&hellip;]<\/p>\n","protected":false},"author":29,"featured_media":5353,"comment_status":"open","ping_status":"open","sticky":false,"template":"","format":"standard","meta":{"footnotes":""},"categories":[7],"tags":[1230,1229,1231,1228,1227,44,1232,1234,1233],"global-categories":[],"class_list":["post-5338","post","type-post","status-publish","format-standard","has-post-thumbnail","hentry","category-carretera","tag-fotos-etapa-de-bilbao","tag-fotos-etapa-del-acebo","tag-fotos-etapas-de-los-machucos","tag-fotos-la-cubilla","tag-fotos-la-vuelta-2019","tag-la-vuelta","tag-la-vuelta-2019-fotos","tag-roglic-la-vuelta-fotos","tag-valverde-fotos"],"yoast_head":"<!-- This site is optimized with the Yoast SEO Premium plugin v25.3 (Yoast SEO v25.9) - https:\/\/yoast.com\/wordpress\/plugins\/seo\/ -->\n<title>Los Machucos, El Acebo, La Cubilla y Bilbao. Las fotos de cuatro d\u00edas de Vuelta - \u0160koda We Love Cycling - Spain<\/title>\n<meta name=\"description\" content=\"Fotos de La Vuelta 2019. Cuatro d\u00edas de monta\u00f1a en Los Machucos, El Acebo, La Cubilla y Bilbao. El resumen en fotos de La Vuelta.\" \/>\n<meta name=\"robots\" content=\"index, follow, max-snippet:-1, max-image-preview:large, max-video-preview:-1\" \/>\n<link rel=\"canonical\" href=\"https:\/\/www.welovecycling.com\/es\/2019\/09\/10\/los-machucos-el-acebo-la-cubilla-y-bilbao-las-fotos-de-cuatro-dias-de-vuelta\/\" \/>\n<meta property=\"og:locale\" content=\"es_ES\" \/>\n<meta property=\"og:type\" content=\"article\" \/>\n<meta property=\"og:title\" content=\"Los Machucos, El Acebo, La Cubilla y Bilbao. Las fotos de cuatro d\u00edas de Vuelta\" \/>\n<meta property=\"og:description\" content=\"Fotos de La Vuelta 2019. Cuatro d\u00edas de monta\u00f1a en Los Machucos, El Acebo, La Cubilla y Bilbao. El resumen en fotos de La Vuelta.\" \/>\n<meta property=\"og:url\" content=\"https:\/\/www.welovecycling.com\/es\/2019\/09\/10\/los-machucos-el-acebo-la-cubilla-y-bilbao-las-fotos-de-cuatro-dias-de-vuelta\/\" \/>\n<meta property=\"og:site_name\" content=\"\u0160koda We Love Cycling - Spain\" \/>\n<meta property=\"article:published_time\" content=\"2019-09-10T15:43:05+00:00\" \/>\n<meta property=\"article:modified_time\" content=\"2019-09-10T15:53:11+00:00\" \/>\n<meta property=\"og:image\" content=\"https:\/\/d2p6e6u75xmxt8.cloudfront.net\/6\/2019\/09\/VUELTA-38.JPG.jpg\" \/>\n\t<meta property=\"og:image:width\" content=\"1200\" \/>\n\t<meta property=\"og:image:height\" content=\"592\" \/>\n\t<meta property=\"og:image:type\" content=\"image\/jpeg\" \/>\n<meta name=\"author\" content=\"We Love Cycling Spain\" \/>\n<meta name=\"twitter:card\" content=\"summary_large_image\" \/>\n<meta name=\"twitter:title\" content=\"Los Machucos, El Acebo, La Cubilla y Bilbao. Las fotos de cuatro d\u00edas de Vuelta\" \/>\n<meta name=\"twitter:description\" content=\"Fotos de La Vuelta 2019. Cuatro d\u00edas de monta\u00f1a en Los Machucos, El Acebo, La Cubilla y Bilbao. El resumen en fotos de La Vuelta.\" \/>\n<meta name=\"twitter:label1\" content=\"Written by\" \/>\n\t<meta name=\"twitter:data1\" content=\"Luis @ciclored\" \/>\n\t<meta name=\"twitter:label2\" content=\"Est. reading time\" \/>\n\t<meta name=\"twitter:data2\" content=\"5 minutes\" \/>\n<script type=\"application\/ld+json\" class=\"yoast-schema-graph\">{\"@context\":\"https:\/\/schema.org\",\"@graph\":[{\"@type\":\"WebPage\",\"@id\":\"https:\/\/www.welovecycling.com\/es\/2019\/09\/10\/los-machucos-el-acebo-la-cubilla-y-bilbao-las-fotos-de-cuatro-dias-de-vuelta\/\",\"url\":\"https:\/\/www.welovecycling.com\/es\/2019\/09\/10\/los-machucos-el-acebo-la-cubilla-y-bilbao-las-fotos-de-cuatro-dias-de-vuelta\/\",\"name\":\"Los Machucos, El Acebo, La Cubilla y Bilbao. Las fotos de cuatro d\u00edas de Vuelta - \u0160koda We Love Cycling - Spain\",\"isPartOf\":{\"@id\":\"https:\/\/www.welovecycling.com\/es\/#website\"},\"primaryImageOfPage\":{\"@id\":\"https:\/\/www.welovecycling.com\/es\/2019\/09\/10\/los-machucos-el-acebo-la-cubilla-y-bilbao-las-fotos-de-cuatro-dias-de-vuelta\/#primaryimage\"},\"image\":{\"@id\":\"https:\/\/www.welovecycling.com\/es\/2019\/09\/10\/los-machucos-el-acebo-la-cubilla-y-bilbao-las-fotos-de-cuatro-dias-de-vuelta\/#primaryimage\"},\"thumbnailUrl\":\"https:\/\/d2p6e6u75xmxt8.cloudfront.net\/6\/2019\/09\/VUELTA-38.JPG.jpg\",\"datePublished\":\"2019-09-10T15:43:05+00:00\",\"dateModified\":\"2019-09-10T15:53:11+00:00\",\"author\":{\"@id\":\"https:\/\/www.welovecycling.com\/es\/#\/schema\/person\/deb61715b5812698ee79fb96f343ccd4\"},\"description\":\"Fotos de La Vuelta 2019. Cuatro d\u00edas de monta\u00f1a en Los Machucos, El Acebo, La Cubilla y Bilbao. El resumen en fotos de La Vuelta.\",\"breadcrumb\":{\"@id\":\"https:\/\/www.welovecycling.com\/es\/2019\/09\/10\/los-machucos-el-acebo-la-cubilla-y-bilbao-las-fotos-de-cuatro-dias-de-vuelta\/#breadcrumb\"},\"inLanguage\":\"es-ES\",\"potentialAction\":[{\"@type\":\"ReadAction\",\"target\":[\"https:\/\/www.welovecycling.com\/es\/2019\/09\/10\/los-machucos-el-acebo-la-cubilla-y-bilbao-las-fotos-de-cuatro-dias-de-vuelta\/\"]}]},{\"@type\":\"ImageObject\",\"inLanguage\":\"es-ES\",\"@id\":\"https:\/\/www.welovecycling.com\/es\/2019\/09\/10\/los-machucos-el-acebo-la-cubilla-y-bilbao-las-fotos-de-cuatro-dias-de-vuelta\/#primaryimage\",\"url\":\"https:\/\/d2p6e6u75xmxt8.cloudfront.net\/6\/2019\/09\/VUELTA-38.JPG.jpg\",\"contentUrl\":\"https:\/\/d2p6e6u75xmxt8.cloudfront.net\/6\/2019\/09\/VUELTA-38.JPG.jpg\",\"width\":1200,\"height\":592},{\"@type\":\"BreadcrumbList\",\"@id\":\"https:\/\/www.welovecycling.com\/es\/2019\/09\/10\/los-machucos-el-acebo-la-cubilla-y-bilbao-las-fotos-de-cuatro-dias-de-vuelta\/#breadcrumb\",\"itemListElement\":[{\"@type\":\"ListItem\",\"position\":1,\"name\":\"Home\",\"item\":\"https:\/\/www.welovecycling.com\/es\/\"},{\"@type\":\"ListItem\",\"position\":2,\"name\":\"Los Machucos, El Acebo, La Cubilla y Bilbao. Las fotos de cuatro d\u00edas de Vuelta\"}]},{\"@type\":\"WebSite\",\"@id\":\"https:\/\/www.welovecycling.com\/es\/#website\",\"url\":\"https:\/\/www.welovecycling.com\/es\/\",\"name\":\"\u0160koda We Love Cycling - Spain\",\"description\":\"\u0160koda WeLoveCycling Spain\",\"potentialAction\":[{\"@type\":\"SearchAction\",\"target\":{\"@type\":\"EntryPoint\",\"urlTemplate\":\"https:\/\/www.welovecycling.com\/es\/?s={search_term_string}\"},\"query-input\":{\"@type\":\"PropertyValueSpecification\",\"valueRequired\":true,\"valueName\":\"search_term_string\"}}],\"inLanguage\":\"es-ES\"},{\"@type\":\"Person\",\"@id\":\"https:\/\/www.welovecycling.com\/es\/#\/schema\/person\/deb61715b5812698ee79fb96f343ccd4\",\"name\":\"We Love Cycling Spain\",\"image\":{\"@type\":\"ImageObject\",\"inLanguage\":\"es-ES\",\"@id\":\"https:\/\/www.welovecycling.com\/es\/#\/schema\/person\/image\/\",\"url\":\"https:\/\/secure.gravatar.com\/avatar\/c824b04e6df0e37a03219d0b6481672889df542894588964102459e46513159c?s=96&d=mm&r=g\",\"contentUrl\":\"https:\/\/secure.gravatar.com\/avatar\/c824b04e6df0e37a03219d0b6481672889df542894588964102459e46513159c?s=96&d=mm&r=g\",\"caption\":\"We Love Cycling Spain\"},\"url\":\"https:\/\/www.welovecycling.com\/es\/author\/amunoz\/\"}]}<\/script>\n<!-- \/ Yoast SEO Premium plugin. -->","yoast_head_json":{"title":"Los Machucos, El Acebo, La Cubilla y Bilbao. Las fotos de cuatro d\u00edas de Vuelta - \u0160koda We Love Cycling - Spain","description":"Fotos de La Vuelta 2019. Cuatro d\u00edas de monta\u00f1a en Los Machucos, El Acebo, La Cubilla y Bilbao. El resumen en fotos de La Vuelta.","robots":{"index":"index","follow":"follow","max-snippet":"max-snippet:-1","max-image-preview":"max-image-preview:large","max-video-preview":"max-video-preview:-1"},"canonical":"https:\/\/www.welovecycling.com\/es\/2019\/09\/10\/los-machucos-el-acebo-la-cubilla-y-bilbao-las-fotos-de-cuatro-dias-de-vuelta\/","og_locale":"es_ES","og_type":"article","og_title":"Los Machucos, El Acebo, La Cubilla y Bilbao. Las fotos de cuatro d\u00edas de Vuelta","og_description":"Fotos de La Vuelta 2019. Cuatro d\u00edas de monta\u00f1a en Los Machucos, El Acebo, La Cubilla y Bilbao. El resumen en fotos de La Vuelta.","og_url":"https:\/\/www.welovecycling.com\/es\/2019\/09\/10\/los-machucos-el-acebo-la-cubilla-y-bilbao-las-fotos-de-cuatro-dias-de-vuelta\/","og_site_name":"\u0160koda We Love Cycling - Spain","article_published_time":"2019-09-10T15:43:05+00:00","article_modified_time":"2019-09-10T15:53:11+00:00","og_image":[{"width":1200,"height":592,"url":"https:\/\/d2p6e6u75xmxt8.cloudfront.net\/6\/2019\/09\/VUELTA-38.JPG.jpg","type":"image\/jpeg"}],"author":"We Love Cycling Spain","twitter_card":"summary_large_image","twitter_title":"Los Machucos, El Acebo, La Cubilla y Bilbao. Las fotos de cuatro d\u00edas de Vuelta","twitter_description":"Fotos de La Vuelta 2019. Cuatro d\u00edas de monta\u00f1a en Los Machucos, El Acebo, La Cubilla y Bilbao. El resumen en fotos de La Vuelta.","twitter_misc":{"Written by":"Luis @ciclored","Est. reading time":"5 minutes"},"schema":{"@context":"https:\/\/schema.org","@graph":[{"@type":"WebPage","@id":"https:\/\/www.welovecycling.com\/es\/2019\/09\/10\/los-machucos-el-acebo-la-cubilla-y-bilbao-las-fotos-de-cuatro-dias-de-vuelta\/","url":"https:\/\/www.welovecycling.com\/es\/2019\/09\/10\/los-machucos-el-acebo-la-cubilla-y-bilbao-las-fotos-de-cuatro-dias-de-vuelta\/","name":"Los Machucos, El Acebo, La Cubilla y Bilbao. Las fotos de cuatro d\u00edas de Vuelta - \u0160koda We Love Cycling - Spain","isPartOf":{"@id":"https:\/\/www.welovecycling.com\/es\/#website"},"primaryImageOfPage":{"@id":"https:\/\/www.welovecycling.com\/es\/2019\/09\/10\/los-machucos-el-acebo-la-cubilla-y-bilbao-las-fotos-de-cuatro-dias-de-vuelta\/#primaryimage"},"image":{"@id":"https:\/\/www.welovecycling.com\/es\/2019\/09\/10\/los-machucos-el-acebo-la-cubilla-y-bilbao-las-fotos-de-cuatro-dias-de-vuelta\/#primaryimage"},"thumbnailUrl":"https:\/\/d2p6e6u75xmxt8.cloudfront.net\/6\/2019\/09\/VUELTA-38.JPG.jpg","datePublished":"2019-09-10T15:43:05+00:00","dateModified":"2019-09-10T15:53:11+00:00","author":{"@id":"https:\/\/www.welovecycling.com\/es\/#\/schema\/person\/deb61715b5812698ee79fb96f343ccd4"},"description":"Fotos de La Vuelta 2019. Cuatro d\u00edas de monta\u00f1a en Los Machucos, El Acebo, La Cubilla y Bilbao. El resumen en fotos de La Vuelta.","breadcrumb":{"@id":"https:\/\/www.welovecycling.com\/es\/2019\/09\/10\/los-machucos-el-acebo-la-cubilla-y-bilbao-las-fotos-de-cuatro-dias-de-vuelta\/#breadcrumb"},"inLanguage":"es-ES","potentialAction":[{"@type":"ReadAction","target":["https:\/\/www.welovecycling.com\/es\/2019\/09\/10\/los-machucos-el-acebo-la-cubilla-y-bilbao-las-fotos-de-cuatro-dias-de-vuelta\/"]}]},{"@type":"ImageObject","inLanguage":"es-ES","@id":"https:\/\/www.welovecycling.com\/es\/2019\/09\/10\/los-machucos-el-acebo-la-cubilla-y-bilbao-las-fotos-de-cuatro-dias-de-vuelta\/#primaryimage","url":"https:\/\/d2p6e6u75xmxt8.cloudfront.net\/6\/2019\/09\/VUELTA-38.JPG.jpg","contentUrl":"https:\/\/d2p6e6u75xmxt8.cloudfront.net\/6\/2019\/09\/VUELTA-38.JPG.jpg","width":1200,"height":592},{"@type":"BreadcrumbList","@id":"https:\/\/www.welovecycling.com\/es\/2019\/09\/10\/los-machucos-el-acebo-la-cubilla-y-bilbao-las-fotos-de-cuatro-dias-de-vuelta\/#breadcrumb","itemListElement":[{"@type":"ListItem","position":1,"name":"Home","item":"https:\/\/www.welovecycling.com\/es\/"},{"@type":"ListItem","position":2,"name":"Los Machucos, El Acebo, La Cubilla y Bilbao. Las fotos de cuatro d\u00edas de Vuelta"}]},{"@type":"WebSite","@id":"https:\/\/www.welovecycling.com\/es\/#website","url":"https:\/\/www.welovecycling.com\/es\/","name":"\u0160koda We Love Cycling - Spain","description":"\u0160koda WeLoveCycling Spain","potentialAction":[{"@type":"SearchAction","target":{"@type":"EntryPoint","urlTemplate":"https:\/\/www.welovecycling.com\/es\/?s={search_term_string}"},"query-input":{"@type":"PropertyValueSpecification","valueRequired":true,"valueName":"search_term_string"}}],"inLanguage":"es-ES"},{"@type":"Person","@id":"https:\/\/www.welovecycling.com\/es\/#\/schema\/person\/deb61715b5812698ee79fb96f343ccd4","name":"We Love Cycling Spain","image":{"@type":"ImageObject","inLanguage":"es-ES","@id":"https:\/\/www.welovecycling.com\/es\/#\/schema\/person\/image\/","url":"https:\/\/secure.gravatar.com\/avatar\/c824b04e6df0e37a03219d0b6481672889df542894588964102459e46513159c?s=96&d=mm&r=g","contentUrl":"https:\/\/secure.gravatar.com\/avatar\/c824b04e6df0e37a03219d0b6481672889df542894588964102459e46513159c?s=96&d=mm&r=g","caption":"We Love Cycling Spain"},"url":"https:\/\/www.welovecycling.com\/es\/author\/amunoz\/"}]}},"_links":{"self":[{"href":"https:\/\/www.welovecycling.com\/es\/wp-json\/wp\/v2\/posts\/5338","targetHints":{"allow":["GET"]}}],"collection":[{"href":"https:\/\/www.welovecycling.com\/es\/wp-json\/wp\/v2\/posts"}],"about":[{"href":"https:\/\/www.welovecycling.com\/es\/wp-json\/wp\/v2\/types\/post"}],"author":[{"embeddable":true,"href":"https:\/\/www.welovecycling.com\/es\/wp-json\/wp\/v2\/users\/29"}],"replies":[{"embeddable":true,"href":"https:\/\/www.welovecycling.com\/es\/wp-json\/wp\/v2\/comments?post=5338"}],"version-history":[{"count":1,"href":"https:\/\/www.welovecycling.com\/es\/wp-json\/wp\/v2\/posts\/5338\/revisions"}],"predecessor-version":[{"id":5354,"href":"https:\/\/www.welovecycling.com\/es\/wp-json\/wp\/v2\/posts\/5338\/revisions\/5354"}],"wp:featuredmedia":[{"embeddable":true,"href":"https:\/\/www.welovecycling.com\/es\/wp-json\/wp\/v2\/media\/5353"}],"wp:attachment":[{"href":"https:\/\/www.welovecycling.com\/es\/wp-json\/wp\/v2\/media?parent=5338"}],"wp:term":[{"taxonomy":"category","embeddable":true,"href":"https:\/\/www.welovecycling.com\/es\/wp-json\/wp\/v2\/categories?post=5338"},{"taxonomy":"post_tag","embeddable":true,"href":"https:\/\/www.welovecycling.com\/es\/wp-json\/wp\/v2\/tags?post=5338"},{"taxonomy":"global-categories","embeddable":true,"href":"https:\/\/www.welovecycling.com\/es\/wp-json\/wp\/v2\/global-categories?post=5338"}],"curies":[{"name":"wp","href":"https:\/\/api.w.org\/{rel}","templated":true}]}}