{"id":5323,"date":"2019-09-08T20:15:09","date_gmt":"2019-09-08T18:15:09","guid":{"rendered":"https:\/\/www.welovecycling.com\/es\/?p=5323"},"modified":"2019-09-08T20:15:09","modified_gmt":"2019-09-08T18:15:09","slug":"roglic-la-vuelta","status":"publish","type":"post","link":"https:\/\/www.welovecycling.com\/es\/2019\/09\/08\/roglic-la-vuelta\/","title":{"rendered":"Primoz Roglic, te puedes hacer un selfie conmigo. El Rey de La Vuelta"},"content":{"rendered":"<p><strong>Dos semanas de La Vuelta 2019 y por ahora Primoz Roglic ha hecho un pleno. Ning\u00fan favorito se ha escapado de su dominio. Solo Nairo en la segunda etapa y Pogacar y Quintana el d\u00eda de su ca\u00edda en Andorra. Ninguno le preocupa ya. Ambos a m\u00e1s de tres minutos y medio en la general. Roglic est\u00e1 dominando con mano de hierro La Vuelta y lo volvi\u00f3 a demostrar en las rampas imposibles del Acebo.<\/strong><\/p>\n<p><!--more--><\/p>\n<p>Esta vez su compa\u00f1ero de batallas fue <strong>Alejandro Valverde<\/strong>. Si en <strong>Los Machucos<\/strong> el l\u00edder se ali\u00f3 con su compatriota Pogacar para sacar tiempo a sus rivales, esta vez fue la rueda del campe\u00f3n del mundo la que le vali\u00f3 para distanciar, a\u00fan m\u00e1s, a <strong>Miguel Angel L\u00f3pez y Pogacar<\/strong>, y sobre todo a un Nairo Quintana que a 5 minutos ya est\u00e1 descartado para la general.<\/p>\n<p><a href=\"https:\/\/d2p6e6u75xmxt8.cloudfront.net\/6\/2019\/09\/VUELTA-211.JPG.jpg\"><img loading=\"lazy\" decoding=\"async\" class=\"aligncenter size-full wp-image-5327\" src=\"https:\/\/d2p6e6u75xmxt8.cloudfront.net\/6\/2019\/09\/VUELTA-211.JPG.jpg\" alt=\"\" width=\"744\" height=\"800\" srcset=\"https:\/\/d2p6e6u75xmxt8.cloudfront.net\/6\/2019\/09\/VUELTA-211.JPG.jpg 744w, https:\/\/d2p6e6u75xmxt8.cloudfront.net\/6\/2019\/09\/VUELTA-211.JPG-279x300.jpg 279w\" sizes=\"auto, (max-width: 744px) 100vw, 744px\" \/><\/a><br \/>\nEl Acebo ha sido, hasta ahora, el puerto m\u00e1s duro de La Vuelta. No solo tiene el desnivel y la dureza de M\u00e1s de La Costa o Los Machucos, sino que suma m\u00e1s distancia, nueve kil\u00f3metros, como el enlazado Engolasters y Cortals d Encamp o Javalambre. En su conjunto una media del 9,8% con un arranque bestial con mala carretera y desniveles de hasta el <strong>20%<\/strong>. Estos puertos tambi\u00e9n se le adecuan a <strong>Roglic, que sali\u00f3 con facilidad a la rueda de Valverde<\/strong> cuando apost\u00f3 a 7 kil\u00f3metros de meta por poner patas arribas La Vuelta.<\/p>\n<p><strong>Alejandro Valverde siempre tiene una &#8216;bala&#8217; en la rec\u00e1mara<\/strong>. La prob\u00f3 en un d\u00eda en el que se sumaron m\u00e1s de 4000 metros de desnivel en solo 150 kil\u00f3metros. En el pelot\u00f3n solo se apret\u00f3 en la primera subida al Acebo, despu\u00e9s ritmo alegre para ascender el <strong>Connio y el Pozo de las Mujeres Muertas (menudo terreno que hay por Cangas del Narcea)<\/strong>, pero sin abusar. Eso permiti\u00f3 que la fuga con<strong> Seep Kuss y \u00d3scar Rodriguez<\/strong> como m\u00e1ximos favoritos, pudieran jugarse la etapa.<\/p>\n<p>Por detr\u00e1s aceler\u00f3n de <strong>Erviti<\/strong> para entrar a fuego en la primera rampa del Acebo, que es del 16%. Donde para muchos se para la bicicleta para Valverde y Roglic fue un aceler\u00f3n. Por detr\u00e1s Fulgsang hizo a la perfecci\u00f3n de gregario para que Miguel \u00c1ngel L\u00f3pez no perdiese demasiado. Solo le dej\u00f3 cuando no pudo m\u00e1s.<\/p>\n<p><a href=\"https:\/\/d2p6e6u75xmxt8.cloudfront.net\/6\/2019\/09\/VUELTA-199.JPG.jpg\"><img loading=\"lazy\" decoding=\"async\" class=\"aligncenter size-full wp-image-5326\" src=\"https:\/\/d2p6e6u75xmxt8.cloudfront.net\/6\/2019\/09\/VUELTA-199.JPG.jpg\" alt=\"\" width=\"838\" height=\"800\" srcset=\"https:\/\/d2p6e6u75xmxt8.cloudfront.net\/6\/2019\/09\/VUELTA-199.JPG.jpg 838w, https:\/\/d2p6e6u75xmxt8.cloudfront.net\/6\/2019\/09\/VUELTA-199.JPG-300x286.jpg 300w, https:\/\/d2p6e6u75xmxt8.cloudfront.net\/6\/2019\/09\/VUELTA-199.JPG-768x733.jpg 768w\" sizes=\"auto, (max-width: 838px) 100vw, 838px\" \/><\/a><\/p>\n<p>Por delante fue <strong>Marc Soler<\/strong>, descolgado de la fuga, el que hizo la labor contraria a Fulgsang, dejarse todo para que Valverde sacase tiempo y se asegurara el podio. Y al final regalo de la organizaci\u00f3n con los \u00faltimos 500 metros estrechos, de cemento y cuesta arriba. Top de cl\u00e1sica del norte.<\/p>\n<p>La dureza se queda en el gesto de <strong>Valverde<\/strong>, que tiene de dar dos vueltas pedaleando antes de poder atender a los medios. No se descarta para la general. Sabe que esto es muy largo y todav\u00eda quedan batallas por delante, como<strong> La Cubilla,<\/strong> un puerto diferente a todo lo que se ha subido hasta ahora, o la Sierra de Madrid, donde cedi\u00f3 Dumoulin a Aru, o la Sierra de Avila, donde a\u00f1os atr\u00e1s Gorospe vio como Hinault le birlaba la Vuelta. Terreno de emboscadas.<\/p>\n<p><a href=\"https:\/\/d2p6e6u75xmxt8.cloudfront.net\/6\/2019\/09\/VUELTA-205.JPG.jpg\"><img loading=\"lazy\" decoding=\"async\" class=\"aligncenter size-full wp-image-5328\" src=\"https:\/\/d2p6e6u75xmxt8.cloudfront.net\/6\/2019\/09\/VUELTA-205.JPG.jpg\" alt=\"\" width=\"601\" height=\"800\" srcset=\"https:\/\/d2p6e6u75xmxt8.cloudfront.net\/6\/2019\/09\/VUELTA-205.JPG.jpg 601w, https:\/\/d2p6e6u75xmxt8.cloudfront.net\/6\/2019\/09\/VUELTA-205.JPG-225x300.jpg 225w\" sizes=\"auto, (max-width: 601px) 100vw, 601px\" \/><\/a><\/p>\n<p>Y cuando acaba de hablar con la prensa se gira y ve a <strong>Marc Soler<\/strong>. Felicitaci\u00f3n y abrazo por el trabajo bien hecho. Y otra raci\u00f3n de micros para los que no pod\u00edan haber hablado con \u00e9l.<\/p>\n<p>Pogacar, con mucha peor cara que en Los Machucos, solo tiene tiempo de que le abriguen. Como Miguel Angel L\u00f3pez, que tendr\u00e1 otro d\u00eda de trabajo psicol\u00f3gico. <strong>Jos\u00e9 Herrada<\/strong>, que pele\u00f3 en la fuga, solo puede apoyarse en el manillar para empezar a respirar.<\/p>\n<p><a href=\"https:\/\/d2p6e6u75xmxt8.cloudfront.net\/6\/2019\/09\/VUELTA-207.JPG.jpg\"><img loading=\"lazy\" decoding=\"async\" class=\"aligncenter size-full wp-image-5329\" src=\"https:\/\/d2p6e6u75xmxt8.cloudfront.net\/6\/2019\/09\/VUELTA-207.JPG.jpg\" alt=\"\" width=\"601\" height=\"800\" srcset=\"https:\/\/d2p6e6u75xmxt8.cloudfront.net\/6\/2019\/09\/VUELTA-207.JPG.jpg 601w, https:\/\/d2p6e6u75xmxt8.cloudfront.net\/6\/2019\/09\/VUELTA-207.JPG-225x300.jpg 225w\" sizes=\"auto, (max-width: 601px) 100vw, 601px\" \/><\/a><br \/>\nPasan<strong> los minutos y Kuus recibe el premio en el podio, despu\u00e9s Roglic<\/strong> y el resto de la ceremonia. La cima del Acebo se va despoblando y todav\u00eda queda el l\u00edder. Antidopaje, revisi\u00f3n de bicicleta y otra rueda de entrevistas para los medios oficiales en el cami\u00f3n de prensa. Mientras espera algunos aficionados le reconocen pese a no llevar ya el maillot rojo. <strong>Primoz, Primoz, Roglic, Roglic\u00a1\u00a1\u00a1 Lo entiende sin problema, un selfie<\/strong>. Recuperado, no pierde ni un instante en responder. Sonrie para la foto. Sigue dando s\u00edntomas de no estar cansado.<\/p>\n<lite-youtube videoid=MpcKBXQPsQ8 params=\"enablejsapi=1\" style=\"background-image: url('https:\/\/i.ytimg.com\/vi_webp\/MpcKBXQPsQ8\/maxresdefault.webp');\"><\/lite-youtube>\n","protected":false},"excerpt":{"rendered":"<p>Dos semanas de La Vuelta 2019 y por ahora Primoz Roglic ha hecho un pleno. Ning\u00fan favorito se ha escapado [&hellip;]<\/p>\n","protected":false},"author":29,"featured_media":5325,"comment_status":"open","ping_status":"open","sticky":false,"template":"","format":"standard","meta":{"footnotes":""},"categories":[7],"tags":[1221,1222,1223,785,1218,1220,1212],"global-categories":[],"class_list":["post-5323","post","type-post","status-publish","format-standard","has-post-thumbnail","hentry","category-carretera","tag-etapa-15-la-vuelta-2019","tag-etapa-del-acebo","tag-etapa-la-vuelta-el-acebo","tag-la-vuelta-2019","tag-nairo-quintana","tag-primoz-roglic","tag-valverde"],"yoast_head":"<!-- This site is optimized with the Yoast SEO Premium plugin v25.3 (Yoast SEO v25.9) - https:\/\/yoast.com\/wordpress\/plugins\/seo\/ -->\n<title>Primoz Roglic, te puedes hacer un selfie conmigo. El Rey de La Vuelta - \u0160koda We Love Cycling - Spain<\/title>\n<meta name=\"description\" content=\"Primoz Roglic, el rey de La Vuelta. La cr\u00f3nica de la etapa del Acebo, con Roglic m\u00e1s cerca de la victoria en La Vuelta y Valverde del segundo puesto.\" \/>\n<meta name=\"robots\" content=\"index, follow, max-snippet:-1, max-image-preview:large, max-video-preview:-1\" \/>\n<link rel=\"canonical\" href=\"https:\/\/www.welovecycling.com\/es\/2019\/09\/08\/roglic-la-vuelta\/\" \/>\n<meta property=\"og:locale\" content=\"es_ES\" \/>\n<meta property=\"og:type\" content=\"article\" \/>\n<meta property=\"og:title\" content=\"Primoz Roglic, el rey de La Vuelta\" \/>\n<meta property=\"og:description\" content=\"Primoz Roglic, el rey de La Vuelta. La cr\u00f3nica de la etapa del Acebo, con Roglic m\u00e1s cerca de la victoria en La Vuelta y Valverde del segundo puesto.\" \/>\n<meta property=\"og:url\" content=\"https:\/\/www.welovecycling.com\/es\/2019\/09\/08\/roglic-la-vuelta\/\" \/>\n<meta property=\"og:site_name\" content=\"\u0160koda We Love Cycling - Spain\" \/>\n<meta property=\"article:published_time\" content=\"2019-09-08T18:15:09+00:00\" \/>\n<meta property=\"og:image\" content=\"https:\/\/d2p6e6u75xmxt8.cloudfront.net\/6\/2019\/09\/VUELTA-192.JPG.jpg\" \/>\n\t<meta property=\"og:image:width\" content=\"1098\" \/>\n\t<meta property=\"og:image:height\" content=\"800\" \/>\n\t<meta property=\"og:image:type\" content=\"image\/jpeg\" \/>\n<meta name=\"author\" content=\"We Love Cycling Spain\" \/>\n<meta name=\"twitter:card\" content=\"summary_large_image\" \/>\n<meta name=\"twitter:title\" content=\"Primoz Roglic, el rey de La Vuelta\" \/>\n<meta name=\"twitter:description\" content=\"Primoz Roglic, el rey de La Vuelta. La cr\u00f3nica de la etapa del Acebo, con Roglic m\u00e1s cerca de la victoria en La Vuelta y Valverde del segundo puesto.\" \/>\n<meta name=\"twitter:label1\" content=\"Written by\" \/>\n\t<meta name=\"twitter:data1\" content=\"Luis @ciclored\" \/>\n\t<meta name=\"twitter:label2\" content=\"Est. reading time\" \/>\n\t<meta name=\"twitter:data2\" content=\"4 minutes\" \/>\n<script type=\"application\/ld+json\" class=\"yoast-schema-graph\">{\"@context\":\"https:\/\/schema.org\",\"@graph\":[{\"@type\":\"WebPage\",\"@id\":\"https:\/\/www.welovecycling.com\/es\/2019\/09\/08\/roglic-la-vuelta\/\",\"url\":\"https:\/\/www.welovecycling.com\/es\/2019\/09\/08\/roglic-la-vuelta\/\",\"name\":\"Primoz Roglic, te puedes hacer un selfie conmigo. El Rey de La Vuelta - \u0160koda We Love Cycling - Spain\",\"isPartOf\":{\"@id\":\"https:\/\/www.welovecycling.com\/es\/#website\"},\"primaryImageOfPage\":{\"@id\":\"https:\/\/www.welovecycling.com\/es\/2019\/09\/08\/roglic-la-vuelta\/#primaryimage\"},\"image\":{\"@id\":\"https:\/\/www.welovecycling.com\/es\/2019\/09\/08\/roglic-la-vuelta\/#primaryimage\"},\"thumbnailUrl\":\"https:\/\/d2p6e6u75xmxt8.cloudfront.net\/6\/2019\/09\/VUELTA-192.JPG.jpg\",\"datePublished\":\"2019-09-08T18:15:09+00:00\",\"author\":{\"@id\":\"https:\/\/www.welovecycling.com\/es\/#\/schema\/person\/deb61715b5812698ee79fb96f343ccd4\"},\"description\":\"Primoz Roglic, el rey de La Vuelta. La cr\u00f3nica de la etapa del Acebo, con Roglic m\u00e1s cerca de la victoria en La Vuelta y Valverde del segundo puesto.\",\"breadcrumb\":{\"@id\":\"https:\/\/www.welovecycling.com\/es\/2019\/09\/08\/roglic-la-vuelta\/#breadcrumb\"},\"inLanguage\":\"es-ES\",\"potentialAction\":[{\"@type\":\"ReadAction\",\"target\":[\"https:\/\/www.welovecycling.com\/es\/2019\/09\/08\/roglic-la-vuelta\/\"]}]},{\"@type\":\"ImageObject\",\"inLanguage\":\"es-ES\",\"@id\":\"https:\/\/www.welovecycling.com\/es\/2019\/09\/08\/roglic-la-vuelta\/#primaryimage\",\"url\":\"https:\/\/d2p6e6u75xmxt8.cloudfront.net\/6\/2019\/09\/VUELTA-192.JPG.jpg\",\"contentUrl\":\"https:\/\/d2p6e6u75xmxt8.cloudfront.net\/6\/2019\/09\/VUELTA-192.JPG.jpg\",\"width\":1098,\"height\":800},{\"@type\":\"BreadcrumbList\",\"@id\":\"https:\/\/www.welovecycling.com\/es\/2019\/09\/08\/roglic-la-vuelta\/#breadcrumb\",\"itemListElement\":[{\"@type\":\"ListItem\",\"position\":1,\"name\":\"Home\",\"item\":\"https:\/\/www.welovecycling.com\/es\/\"},{\"@type\":\"ListItem\",\"position\":2,\"name\":\"Primoz Roglic, te puedes hacer un selfie conmigo. El Rey de La Vuelta\"}]},{\"@type\":\"WebSite\",\"@id\":\"https:\/\/www.welovecycling.com\/es\/#website\",\"url\":\"https:\/\/www.welovecycling.com\/es\/\",\"name\":\"\u0160koda We Love Cycling - Spain\",\"description\":\"\u0160koda WeLoveCycling Spain\",\"potentialAction\":[{\"@type\":\"SearchAction\",\"target\":{\"@type\":\"EntryPoint\",\"urlTemplate\":\"https:\/\/www.welovecycling.com\/es\/?s={search_term_string}\"},\"query-input\":{\"@type\":\"PropertyValueSpecification\",\"valueRequired\":true,\"valueName\":\"search_term_string\"}}],\"inLanguage\":\"es-ES\"},{\"@type\":\"Person\",\"@id\":\"https:\/\/www.welovecycling.com\/es\/#\/schema\/person\/deb61715b5812698ee79fb96f343ccd4\",\"name\":\"We Love Cycling Spain\",\"image\":{\"@type\":\"ImageObject\",\"inLanguage\":\"es-ES\",\"@id\":\"https:\/\/www.welovecycling.com\/es\/#\/schema\/person\/image\/\",\"url\":\"https:\/\/secure.gravatar.com\/avatar\/c824b04e6df0e37a03219d0b6481672889df542894588964102459e46513159c?s=96&d=mm&r=g\",\"contentUrl\":\"https:\/\/secure.gravatar.com\/avatar\/c824b04e6df0e37a03219d0b6481672889df542894588964102459e46513159c?s=96&d=mm&r=g\",\"caption\":\"We Love Cycling Spain\"},\"url\":\"https:\/\/www.welovecycling.com\/es\/author\/amunoz\/\"}]}<\/script>\n<!-- \/ Yoast SEO Premium plugin. -->","yoast_head_json":{"title":"Primoz Roglic, te puedes hacer un selfie conmigo. El Rey de La Vuelta - \u0160koda We Love Cycling - Spain","description":"Primoz Roglic, el rey de La Vuelta. La cr\u00f3nica de la etapa del Acebo, con Roglic m\u00e1s cerca de la victoria en La Vuelta y Valverde del segundo puesto.","robots":{"index":"index","follow":"follow","max-snippet":"max-snippet:-1","max-image-preview":"max-image-preview:large","max-video-preview":"max-video-preview:-1"},"canonical":"https:\/\/www.welovecycling.com\/es\/2019\/09\/08\/roglic-la-vuelta\/","og_locale":"es_ES","og_type":"article","og_title":"Primoz Roglic, el rey de La Vuelta","og_description":"Primoz Roglic, el rey de La Vuelta. La cr\u00f3nica de la etapa del Acebo, con Roglic m\u00e1s cerca de la victoria en La Vuelta y Valverde del segundo puesto.","og_url":"https:\/\/www.welovecycling.com\/es\/2019\/09\/08\/roglic-la-vuelta\/","og_site_name":"\u0160koda We Love Cycling - Spain","article_published_time":"2019-09-08T18:15:09+00:00","og_image":[{"width":1098,"height":800,"url":"https:\/\/d2p6e6u75xmxt8.cloudfront.net\/6\/2019\/09\/VUELTA-192.JPG.jpg","type":"image\/jpeg"}],"author":"We Love Cycling Spain","twitter_card":"summary_large_image","twitter_title":"Primoz Roglic, el rey de La Vuelta","twitter_description":"Primoz Roglic, el rey de La Vuelta. La cr\u00f3nica de la etapa del Acebo, con Roglic m\u00e1s cerca de la victoria en La Vuelta y Valverde del segundo puesto.","twitter_misc":{"Written by":"Luis @ciclored","Est. reading time":"4 minutes"},"schema":{"@context":"https:\/\/schema.org","@graph":[{"@type":"WebPage","@id":"https:\/\/www.welovecycling.com\/es\/2019\/09\/08\/roglic-la-vuelta\/","url":"https:\/\/www.welovecycling.com\/es\/2019\/09\/08\/roglic-la-vuelta\/","name":"Primoz Roglic, te puedes hacer un selfie conmigo. El Rey de La Vuelta - \u0160koda We Love Cycling - Spain","isPartOf":{"@id":"https:\/\/www.welovecycling.com\/es\/#website"},"primaryImageOfPage":{"@id":"https:\/\/www.welovecycling.com\/es\/2019\/09\/08\/roglic-la-vuelta\/#primaryimage"},"image":{"@id":"https:\/\/www.welovecycling.com\/es\/2019\/09\/08\/roglic-la-vuelta\/#primaryimage"},"thumbnailUrl":"https:\/\/d2p6e6u75xmxt8.cloudfront.net\/6\/2019\/09\/VUELTA-192.JPG.jpg","datePublished":"2019-09-08T18:15:09+00:00","author":{"@id":"https:\/\/www.welovecycling.com\/es\/#\/schema\/person\/deb61715b5812698ee79fb96f343ccd4"},"description":"Primoz Roglic, el rey de La Vuelta. La cr\u00f3nica de la etapa del Acebo, con Roglic m\u00e1s cerca de la victoria en La Vuelta y Valverde del segundo puesto.","breadcrumb":{"@id":"https:\/\/www.welovecycling.com\/es\/2019\/09\/08\/roglic-la-vuelta\/#breadcrumb"},"inLanguage":"es-ES","potentialAction":[{"@type":"ReadAction","target":["https:\/\/www.welovecycling.com\/es\/2019\/09\/08\/roglic-la-vuelta\/"]}]},{"@type":"ImageObject","inLanguage":"es-ES","@id":"https:\/\/www.welovecycling.com\/es\/2019\/09\/08\/roglic-la-vuelta\/#primaryimage","url":"https:\/\/d2p6e6u75xmxt8.cloudfront.net\/6\/2019\/09\/VUELTA-192.JPG.jpg","contentUrl":"https:\/\/d2p6e6u75xmxt8.cloudfront.net\/6\/2019\/09\/VUELTA-192.JPG.jpg","width":1098,"height":800},{"@type":"BreadcrumbList","@id":"https:\/\/www.welovecycling.com\/es\/2019\/09\/08\/roglic-la-vuelta\/#breadcrumb","itemListElement":[{"@type":"ListItem","position":1,"name":"Home","item":"https:\/\/www.welovecycling.com\/es\/"},{"@type":"ListItem","position":2,"name":"Primoz Roglic, te puedes hacer un selfie conmigo. El Rey de La Vuelta"}]},{"@type":"WebSite","@id":"https:\/\/www.welovecycling.com\/es\/#website","url":"https:\/\/www.welovecycling.com\/es\/","name":"\u0160koda We Love Cycling - Spain","description":"\u0160koda WeLoveCycling Spain","potentialAction":[{"@type":"SearchAction","target":{"@type":"EntryPoint","urlTemplate":"https:\/\/www.welovecycling.com\/es\/?s={search_term_string}"},"query-input":{"@type":"PropertyValueSpecification","valueRequired":true,"valueName":"search_term_string"}}],"inLanguage":"es-ES"},{"@type":"Person","@id":"https:\/\/www.welovecycling.com\/es\/#\/schema\/person\/deb61715b5812698ee79fb96f343ccd4","name":"We Love Cycling Spain","image":{"@type":"ImageObject","inLanguage":"es-ES","@id":"https:\/\/www.welovecycling.com\/es\/#\/schema\/person\/image\/","url":"https:\/\/secure.gravatar.com\/avatar\/c824b04e6df0e37a03219d0b6481672889df542894588964102459e46513159c?s=96&d=mm&r=g","contentUrl":"https:\/\/secure.gravatar.com\/avatar\/c824b04e6df0e37a03219d0b6481672889df542894588964102459e46513159c?s=96&d=mm&r=g","caption":"We Love Cycling Spain"},"url":"https:\/\/www.welovecycling.com\/es\/author\/amunoz\/"}]}},"_links":{"self":[{"href":"https:\/\/www.welovecycling.com\/es\/wp-json\/wp\/v2\/posts\/5323","targetHints":{"allow":["GET"]}}],"collection":[{"href":"https:\/\/www.welovecycling.com\/es\/wp-json\/wp\/v2\/posts"}],"about":[{"href":"https:\/\/www.welovecycling.com\/es\/wp-json\/wp\/v2\/types\/post"}],"author":[{"embeddable":true,"href":"https:\/\/www.welovecycling.com\/es\/wp-json\/wp\/v2\/users\/29"}],"replies":[{"embeddable":true,"href":"https:\/\/www.welovecycling.com\/es\/wp-json\/wp\/v2\/comments?post=5323"}],"version-history":[{"count":1,"href":"https:\/\/www.welovecycling.com\/es\/wp-json\/wp\/v2\/posts\/5323\/revisions"}],"predecessor-version":[{"id":5330,"href":"https:\/\/www.welovecycling.com\/es\/wp-json\/wp\/v2\/posts\/5323\/revisions\/5330"}],"wp:featuredmedia":[{"embeddable":true,"href":"https:\/\/www.welovecycling.com\/es\/wp-json\/wp\/v2\/media\/5325"}],"wp:attachment":[{"href":"https:\/\/www.welovecycling.com\/es\/wp-json\/wp\/v2\/media?parent=5323"}],"wp:term":[{"taxonomy":"category","embeddable":true,"href":"https:\/\/www.welovecycling.com\/es\/wp-json\/wp\/v2\/categories?post=5323"},{"taxonomy":"post_tag","embeddable":true,"href":"https:\/\/www.welovecycling.com\/es\/wp-json\/wp\/v2\/tags?post=5323"},{"taxonomy":"global-categories","embeddable":true,"href":"https:\/\/www.welovecycling.com\/es\/wp-json\/wp\/v2\/global-categories?post=5323"}],"curies":[{"name":"wp","href":"https:\/\/api.w.org\/{rel}","templated":true}]}}