{"id":5267,"date":"2019-08-29T21:15:09","date_gmt":"2019-08-29T19:15:09","guid":{"rendered":"https:\/\/www.welovecycling.com\/es\/?p=5267"},"modified":"2019-08-29T21:15:09","modified_gmt":"2019-08-29T19:15:09","slug":"ciclistas-tour-cetona","status":"publish","type":"post","link":"https:\/\/www.welovecycling.com\/es\/2019\/08\/29\/ciclistas-tour-cetona\/","title":{"rendered":"\u00bfPor qu\u00e9 los ciclistas del Tour toman suplementos de cetona?"},"content":{"rendered":"<p><strong>Despu\u00e9s de las especulaciones del a\u00f1o pasado, en este 2019 se habl\u00f3 a\u00fan m\u00e1s sobre los suplementos de cetonas en el Tour. Algunos equipos confirmaron abiertamente el uso de cetonas ex\u00f3genas como parte de la estrategia de abastecimiento de &#8216;combustible&#8217; de sus ciclista y se sospecha de muchos m\u00e1s. Entonces, \u00bfqu\u00e9 son estas cetonas de las que todo el mundo est\u00e1 hablando y por qu\u00e9 los profesionales estar\u00edan interesados en ellas??<\/strong><\/p>\n<p><!--more--><\/p>\n<h2><strong>Qu\u00e9 son las cetonas?<\/strong><\/h2>\n<p>Las <strong>cetonas son producidas por el h\u00edgado a partir de las grasas y sirven como fuente de energ\u00eda en el cuerpo.<\/strong> Este proceso ocurre principalmente cuando los carbohidratos no est\u00e1n disponibles en el cuerpo para ser utilizados como energ\u00eda. Esto suceder\u00eda en ayunas, en una dieta restringida en carbohidratos como las dietas cetog\u00e9nicas o bajas en carbohidratos o en un largo entrenamiento sin barritas energ\u00e9ticas ni comida.<\/p>\n<p>Los suplementos de cetonas, o cetonas ex\u00f3genas como tambi\u00e9n se llaman, se producen mezclando cetonas con alcohol para formar \u00e9steres de cetonas que los atletas pueden beber. Tales cetonas se consideran un suplemento diet\u00e9tico para que los ciclistas puedan usarlas igual que las vitaminas. No est\u00e1n en la lista de prohibidos del Tour de Francia o de la UCI.<\/p>\n<figure id=\"attachment_5268\" aria-describedby=\"caption-attachment-5268\" style=\"width: 1024px\" class=\"wp-caption alignnone\"><a href=\"https:\/\/d2p6e6u75xmxt8.cloudfront.net\/2\/2019\/08\/jumbo-visma-profimedia-0461376744.jpg\"><img loading=\"lazy\" decoding=\"async\" class=\"wp-image-5268 size-large\" src=\"https:\/\/d2p6e6u75xmxt8.cloudfront.net\/6\/2019\/08\/jumbo-visma-profimedia-0461376744-1024x682.jpg\" alt=\"\" width=\"1024\" height=\"682\" srcset=\"https:\/\/d2p6e6u75xmxt8.cloudfront.net\/6\/2019\/08\/jumbo-visma-profimedia-0461376744-1024x682.jpg 1024w, https:\/\/d2p6e6u75xmxt8.cloudfront.net\/6\/2019\/08\/jumbo-visma-profimedia-0461376744-300x200.jpg 300w, https:\/\/d2p6e6u75xmxt8.cloudfront.net\/6\/2019\/08\/jumbo-visma-profimedia-0461376744-768x512.jpg 768w, https:\/\/d2p6e6u75xmxt8.cloudfront.net\/6\/2019\/08\/jumbo-visma-profimedia-0461376744-272x182.jpg 272w, https:\/\/d2p6e6u75xmxt8.cloudfront.net\/6\/2019\/08\/jumbo-visma-profimedia-0461376744.jpg 1250w\" sizes=\"auto, (max-width: 1024px) 100vw, 1024px\" \/><\/a><figcaption id=\"caption-attachment-5268\" class=\"wp-caption-text\">Los suplementos de cetonas no est\u00e1n en la lista de productos prohibidos del Tour de Francia o de la UCI.. \u00a9 Profimedia, EPA<\/figcaption><\/figure>\n<h2><strong><br \/>\n\u00bfQui\u00e9n los est\u00e1 usando?<\/strong><\/h2>\n<p>Las especulaciones sobre el uso de la cetona se remontan a los Juegos Ol\u00edmpicos de 2012 en Londres. En el Tour se empez\u00f3 a hablar en 2018 cuando Geoff Woo, CEO de HVMN, una empresa productora de bebidas de cetonas, dijo que &#8220;siete equipos beber\u00e1n cetonas como parte de su estrategia de nutrici\u00f3n&#8221; en el Tour. Pero muchos equipos ese a\u00f1o lo negaron cuando se les pidi\u00f3 y ninguno lo confirm\u00f3. Este a\u00f1o ha sido una historia diferente. El director del equipo Jumbo-Visma, Richard Plugge, dijo que sus ciclistas estaban usando cetonas. El equipo Lotto Soudal tambi\u00e9n dijo en entrevistas que los usan. Y el profesor Peter Hespel, que trabaja estrechamente con el equipo de Deceuninck-QuickStep, mencion\u00f3 que los suplementos de cetonas son &#8220;probablemente una pieza del rompecabezas&#8221; del \u00e9xito del equipo belga.<\/p>\n<h2><strong>\u00bfCuales son los beneficios?<\/strong><\/h2>\n<p>El n\u00famero de estudios centrados en cetonas ex\u00f3genas ha ido en aumento en los \u00faltimos a\u00f1os. Bas\u00e1ndonos en la investigaci\u00f3n realizada hasta ahora, podemos estar seguros de que son eficaces para aumentar los niveles de cetonas en sangre. <strong>Pueden llevar a los atletas a un estado de cetosis sin necesidad de una dieta cetog\u00e9nica o de ayuno<\/strong>. Cuando se trata de afirmaciones sobre diversos aspectos del rendimiento atl\u00e9tico, la fuerza de las pruebas en general sigue siendo baja, pero los resultados son bastante interesantes.<\/p>\n<figure id=\"attachment_5269\" aria-describedby=\"caption-attachment-5269\" style=\"width: 1024px\" class=\"wp-caption alignnone\"><a href=\"https:\/\/d2p6e6u75xmxt8.cloudfront.net\/2\/2019\/08\/lotto-soudal-profimedia-0461132309.jpg\"><img loading=\"lazy\" decoding=\"async\" class=\"wp-image-5269 size-large\" src=\"https:\/\/d2p6e6u75xmxt8.cloudfront.net\/6\/2019\/08\/lotto-soudal-profimedia-0461132309-1024x682.jpg\" alt=\"\" width=\"1024\" height=\"682\" srcset=\"https:\/\/d2p6e6u75xmxt8.cloudfront.net\/6\/2019\/08\/lotto-soudal-profimedia-0461132309-1024x682.jpg 1024w, https:\/\/d2p6e6u75xmxt8.cloudfront.net\/6\/2019\/08\/lotto-soudal-profimedia-0461132309-300x200.jpg 300w, https:\/\/d2p6e6u75xmxt8.cloudfront.net\/6\/2019\/08\/lotto-soudal-profimedia-0461132309-768x512.jpg 768w, https:\/\/d2p6e6u75xmxt8.cloudfront.net\/6\/2019\/08\/lotto-soudal-profimedia-0461132309-272x182.jpg 272w, https:\/\/d2p6e6u75xmxt8.cloudfront.net\/6\/2019\/08\/lotto-soudal-profimedia-0461132309.jpg 1250w\" sizes=\"auto, (max-width: 1024px) 100vw, 1024px\" \/><\/a><figcaption id=\"caption-attachment-5269\" class=\"wp-caption-text\">El equipo de Loter\u00eda Soudal admiti\u00f3 el uso de cetonas. \u00a9 Profimedia, Zuma Press<\/figcaption><\/figure>\n<p>&nbsp;<\/p>\n<p><strong>Los estudios est\u00e1n demostrando que los \u00e9steres de cetonas consumidos junto con los carbohidratos pueden mejorar la res\u00edntesis del gluc\u00f3geno y, por lo tanto, mejorar la recuperaci\u00f3n<\/strong>. Esto har\u00eda que el suplemento fuera muy atractivo, especialmente en carreras por etapas como el Tour, donde la recuperaci\u00f3n durante los 21 d\u00edas de competici\u00f3n es clave. Los estudios muestran consistentemente un mejor desempe\u00f1o en las pruebas de resistencia, pero los resultados son mixtos cuando se trata de pruebas de tiempo. Las cetonas ex\u00f3genas tampoco parecen mejorar el rendimiento del sprint.<\/p>\n<p>Si nuevos estudios con muestras m\u00e1s grandes y atletas de nivel m\u00e1s profesional confirman estos hallazgos, podr\u00edamos ver muchos m\u00e1s equipos usarlos en el Tour. <strong>Las cetonas tienen el potencial de convertirse en la norma y no en la excepci\u00f3n en el Tour<\/strong>.<\/p>\n","protected":false},"excerpt":{"rendered":"<p>Despu\u00e9s de las especulaciones del a\u00f1o pasado, en este 2019 se habl\u00f3 a\u00fan m\u00e1s sobre los suplementos de cetonas en [&hellip;]<\/p>\n","protected":false},"author":29,"featured_media":5271,"comment_status":"open","ping_status":"open","sticky":false,"template":"","format":"standard","meta":{"footnotes":""},"categories":[7],"tags":[1194,1196,1195,1198,1197],"global-categories":[],"class_list":["post-5267","post","type-post","status-publish","format-standard","has-post-thumbnail","hentry","category-carretera","tag-cetona","tag-cetona-y-ciclismo","tag-suplementos-de-cetona","tag-tour-y-cetona","tag-uso-de-la-cetona"],"yoast_head":"<!-- This site is optimized with the Yoast SEO Premium plugin v25.3 (Yoast SEO v25.9) - https:\/\/yoast.com\/wordpress\/plugins\/seo\/ -->\n<title>\u00bfPor qu\u00e9 los ciclistas del Tour toman suplementos de cetona? - \u0160koda We Love Cycling - Spain<\/title>\n<meta name=\"description\" content=\"\u00bfPor qu\u00e9 los ciclistas del Tour toman suplementos del cetona? Historia, utilidad y estudios cient\u00edficos sobre el uso de cetona en el ciclismo.\" \/>\n<meta name=\"robots\" content=\"index, follow, max-snippet:-1, max-image-preview:large, max-video-preview:-1\" \/>\n<link rel=\"canonical\" href=\"https:\/\/www.welovecycling.com\/es\/2019\/08\/29\/ciclistas-tour-cetona\/\" \/>\n<meta property=\"og:locale\" content=\"es_ES\" \/>\n<meta property=\"og:type\" content=\"article\" \/>\n<meta property=\"og:title\" content=\"\u00bfPor qu\u00e9 los ciclistas del Tour toman suplementos del cetona?\" \/>\n<meta property=\"og:description\" content=\"\u00bfPor qu\u00e9 los ciclistas del Tour toman suplementos del cetona? Historia, utilidad y estudios cient\u00edficos sobre el uso de cetona en el ciclismo.\" \/>\n<meta property=\"og:url\" content=\"https:\/\/www.welovecycling.com\/es\/2019\/08\/29\/ciclistas-tour-cetona\/\" \/>\n<meta property=\"og:site_name\" content=\"\u0160koda We Love Cycling - Spain\" \/>\n<meta property=\"article:published_time\" content=\"2019-08-29T19:15:09+00:00\" \/>\n<meta property=\"og:image\" content=\"https:\/\/d2p6e6u75xmxt8.cloudfront.net\/6\/2019\/08\/lotto-soudal-profimedia-0461126942-CVR.jpg\" \/>\n\t<meta property=\"og:image:width\" content=\"1366\" \/>\n\t<meta property=\"og:image:height\" content=\"600\" \/>\n\t<meta property=\"og:image:type\" content=\"image\/jpeg\" \/>\n<meta name=\"author\" content=\"We Love Cycling Spain\" \/>\n<meta name=\"twitter:card\" content=\"summary_large_image\" \/>\n<meta name=\"twitter:title\" content=\"\u00bfPor qu\u00e9 los ciclistas del Tour toman suplementos del cetona?\" \/>\n<meta name=\"twitter:description\" content=\"\u00bfPor qu\u00e9 los ciclistas del Tour toman suplementos del cetona? Historia, utilidad y estudios cient\u00edficos sobre el uso de cetona en el ciclismo.\" \/>\n<meta name=\"twitter:label1\" content=\"Written by\" \/>\n\t<meta name=\"twitter:data1\" content=\"Jiri Kaloc\" \/>\n\t<meta name=\"twitter:label2\" content=\"Est. reading time\" \/>\n\t<meta name=\"twitter:data2\" content=\"4\" \/>\n<script type=\"application\/ld+json\" class=\"yoast-schema-graph\">{\"@context\":\"https:\/\/schema.org\",\"@graph\":[{\"@type\":\"WebPage\",\"@id\":\"https:\/\/www.welovecycling.com\/es\/2019\/08\/29\/ciclistas-tour-cetona\/\",\"url\":\"https:\/\/www.welovecycling.com\/es\/2019\/08\/29\/ciclistas-tour-cetona\/\",\"name\":\"\u00bfPor qu\u00e9 los ciclistas del Tour toman suplementos de cetona? - \u0160koda We Love Cycling - Spain\",\"isPartOf\":{\"@id\":\"https:\/\/www.welovecycling.com\/es\/#website\"},\"primaryImageOfPage\":{\"@id\":\"https:\/\/www.welovecycling.com\/es\/2019\/08\/29\/ciclistas-tour-cetona\/#primaryimage\"},\"image\":{\"@id\":\"https:\/\/www.welovecycling.com\/es\/2019\/08\/29\/ciclistas-tour-cetona\/#primaryimage\"},\"thumbnailUrl\":\"https:\/\/d2p6e6u75xmxt8.cloudfront.net\/6\/2019\/08\/lotto-soudal-profimedia-0461126942-CVR.jpg\",\"datePublished\":\"2019-08-29T19:15:09+00:00\",\"author\":{\"@id\":\"https:\/\/www.welovecycling.com\/es\/#\/schema\/person\/deb61715b5812698ee79fb96f343ccd4\"},\"description\":\"\u00bfPor qu\u00e9 los ciclistas del Tour toman suplementos del cetona? Historia, utilidad y estudios cient\u00edficos sobre el uso de cetona en el ciclismo.\",\"breadcrumb\":{\"@id\":\"https:\/\/www.welovecycling.com\/es\/2019\/08\/29\/ciclistas-tour-cetona\/#breadcrumb\"},\"inLanguage\":\"es-ES\",\"potentialAction\":[{\"@type\":\"ReadAction\",\"target\":[\"https:\/\/www.welovecycling.com\/es\/2019\/08\/29\/ciclistas-tour-cetona\/\"]}]},{\"@type\":\"ImageObject\",\"inLanguage\":\"es-ES\",\"@id\":\"https:\/\/www.welovecycling.com\/es\/2019\/08\/29\/ciclistas-tour-cetona\/#primaryimage\",\"url\":\"https:\/\/d2p6e6u75xmxt8.cloudfront.net\/6\/2019\/08\/lotto-soudal-profimedia-0461126942-CVR.jpg\",\"contentUrl\":\"https:\/\/d2p6e6u75xmxt8.cloudfront.net\/6\/2019\/08\/lotto-soudal-profimedia-0461126942-CVR.jpg\",\"width\":1366,\"height\":600},{\"@type\":\"BreadcrumbList\",\"@id\":\"https:\/\/www.welovecycling.com\/es\/2019\/08\/29\/ciclistas-tour-cetona\/#breadcrumb\",\"itemListElement\":[{\"@type\":\"ListItem\",\"position\":1,\"name\":\"Home\",\"item\":\"https:\/\/www.welovecycling.com\/es\/\"},{\"@type\":\"ListItem\",\"position\":2,\"name\":\"\u00bfPor qu\u00e9 los ciclistas del Tour toman suplementos de cetona?\"}]},{\"@type\":\"WebSite\",\"@id\":\"https:\/\/www.welovecycling.com\/es\/#website\",\"url\":\"https:\/\/www.welovecycling.com\/es\/\",\"name\":\"\u0160koda We Love Cycling - Spain\",\"description\":\"\u0160koda WeLoveCycling Spain\",\"potentialAction\":[{\"@type\":\"SearchAction\",\"target\":{\"@type\":\"EntryPoint\",\"urlTemplate\":\"https:\/\/www.welovecycling.com\/es\/?s={search_term_string}\"},\"query-input\":{\"@type\":\"PropertyValueSpecification\",\"valueRequired\":true,\"valueName\":\"search_term_string\"}}],\"inLanguage\":\"es-ES\"},{\"@type\":\"Person\",\"@id\":\"https:\/\/www.welovecycling.com\/es\/#\/schema\/person\/deb61715b5812698ee79fb96f343ccd4\",\"name\":\"We Love Cycling Spain\",\"image\":{\"@type\":\"ImageObject\",\"inLanguage\":\"es-ES\",\"@id\":\"https:\/\/www.welovecycling.com\/es\/#\/schema\/person\/image\/\",\"url\":\"https:\/\/secure.gravatar.com\/avatar\/c824b04e6df0e37a03219d0b6481672889df542894588964102459e46513159c?s=96&d=mm&r=g\",\"contentUrl\":\"https:\/\/secure.gravatar.com\/avatar\/c824b04e6df0e37a03219d0b6481672889df542894588964102459e46513159c?s=96&d=mm&r=g\",\"caption\":\"We Love Cycling Spain\"},\"url\":\"https:\/\/www.welovecycling.com\/es\/author\/amunoz\/\"}]}<\/script>\n<!-- \/ Yoast SEO Premium plugin. -->","yoast_head_json":{"title":"\u00bfPor qu\u00e9 los ciclistas del Tour toman suplementos de cetona? - \u0160koda We Love Cycling - Spain","description":"\u00bfPor qu\u00e9 los ciclistas del Tour toman suplementos del cetona? Historia, utilidad y estudios cient\u00edficos sobre el uso de cetona en el ciclismo.","robots":{"index":"index","follow":"follow","max-snippet":"max-snippet:-1","max-image-preview":"max-image-preview:large","max-video-preview":"max-video-preview:-1"},"canonical":"https:\/\/www.welovecycling.com\/es\/2019\/08\/29\/ciclistas-tour-cetona\/","og_locale":"es_ES","og_type":"article","og_title":"\u00bfPor qu\u00e9 los ciclistas del Tour toman suplementos del cetona?","og_description":"\u00bfPor qu\u00e9 los ciclistas del Tour toman suplementos del cetona? Historia, utilidad y estudios cient\u00edficos sobre el uso de cetona en el ciclismo.","og_url":"https:\/\/www.welovecycling.com\/es\/2019\/08\/29\/ciclistas-tour-cetona\/","og_site_name":"\u0160koda We Love Cycling - Spain","article_published_time":"2019-08-29T19:15:09+00:00","og_image":[{"width":1366,"height":600,"url":"https:\/\/d2p6e6u75xmxt8.cloudfront.net\/6\/2019\/08\/lotto-soudal-profimedia-0461126942-CVR.jpg","type":"image\/jpeg"}],"author":"We Love Cycling Spain","twitter_card":"summary_large_image","twitter_title":"\u00bfPor qu\u00e9 los ciclistas del Tour toman suplementos del cetona?","twitter_description":"\u00bfPor qu\u00e9 los ciclistas del Tour toman suplementos del cetona? Historia, utilidad y estudios cient\u00edficos sobre el uso de cetona en el ciclismo.","twitter_misc":{"Written by":"Jiri Kaloc","Est. reading time":"4"},"schema":{"@context":"https:\/\/schema.org","@graph":[{"@type":"WebPage","@id":"https:\/\/www.welovecycling.com\/es\/2019\/08\/29\/ciclistas-tour-cetona\/","url":"https:\/\/www.welovecycling.com\/es\/2019\/08\/29\/ciclistas-tour-cetona\/","name":"\u00bfPor qu\u00e9 los ciclistas del Tour toman suplementos de cetona? - \u0160koda We Love Cycling - Spain","isPartOf":{"@id":"https:\/\/www.welovecycling.com\/es\/#website"},"primaryImageOfPage":{"@id":"https:\/\/www.welovecycling.com\/es\/2019\/08\/29\/ciclistas-tour-cetona\/#primaryimage"},"image":{"@id":"https:\/\/www.welovecycling.com\/es\/2019\/08\/29\/ciclistas-tour-cetona\/#primaryimage"},"thumbnailUrl":"https:\/\/d2p6e6u75xmxt8.cloudfront.net\/6\/2019\/08\/lotto-soudal-profimedia-0461126942-CVR.jpg","datePublished":"2019-08-29T19:15:09+00:00","author":{"@id":"https:\/\/www.welovecycling.com\/es\/#\/schema\/person\/deb61715b5812698ee79fb96f343ccd4"},"description":"\u00bfPor qu\u00e9 los ciclistas del Tour toman suplementos del cetona? Historia, utilidad y estudios cient\u00edficos sobre el uso de cetona en el ciclismo.","breadcrumb":{"@id":"https:\/\/www.welovecycling.com\/es\/2019\/08\/29\/ciclistas-tour-cetona\/#breadcrumb"},"inLanguage":"es-ES","potentialAction":[{"@type":"ReadAction","target":["https:\/\/www.welovecycling.com\/es\/2019\/08\/29\/ciclistas-tour-cetona\/"]}]},{"@type":"ImageObject","inLanguage":"es-ES","@id":"https:\/\/www.welovecycling.com\/es\/2019\/08\/29\/ciclistas-tour-cetona\/#primaryimage","url":"https:\/\/d2p6e6u75xmxt8.cloudfront.net\/6\/2019\/08\/lotto-soudal-profimedia-0461126942-CVR.jpg","contentUrl":"https:\/\/d2p6e6u75xmxt8.cloudfront.net\/6\/2019\/08\/lotto-soudal-profimedia-0461126942-CVR.jpg","width":1366,"height":600},{"@type":"BreadcrumbList","@id":"https:\/\/www.welovecycling.com\/es\/2019\/08\/29\/ciclistas-tour-cetona\/#breadcrumb","itemListElement":[{"@type":"ListItem","position":1,"name":"Home","item":"https:\/\/www.welovecycling.com\/es\/"},{"@type":"ListItem","position":2,"name":"\u00bfPor qu\u00e9 los ciclistas del Tour toman suplementos de cetona?"}]},{"@type":"WebSite","@id":"https:\/\/www.welovecycling.com\/es\/#website","url":"https:\/\/www.welovecycling.com\/es\/","name":"\u0160koda We Love Cycling - Spain","description":"\u0160koda WeLoveCycling Spain","potentialAction":[{"@type":"SearchAction","target":{"@type":"EntryPoint","urlTemplate":"https:\/\/www.welovecycling.com\/es\/?s={search_term_string}"},"query-input":{"@type":"PropertyValueSpecification","valueRequired":true,"valueName":"search_term_string"}}],"inLanguage":"es-ES"},{"@type":"Person","@id":"https:\/\/www.welovecycling.com\/es\/#\/schema\/person\/deb61715b5812698ee79fb96f343ccd4","name":"We Love Cycling Spain","image":{"@type":"ImageObject","inLanguage":"es-ES","@id":"https:\/\/www.welovecycling.com\/es\/#\/schema\/person\/image\/","url":"https:\/\/secure.gravatar.com\/avatar\/c824b04e6df0e37a03219d0b6481672889df542894588964102459e46513159c?s=96&d=mm&r=g","contentUrl":"https:\/\/secure.gravatar.com\/avatar\/c824b04e6df0e37a03219d0b6481672889df542894588964102459e46513159c?s=96&d=mm&r=g","caption":"We Love Cycling Spain"},"url":"https:\/\/www.welovecycling.com\/es\/author\/amunoz\/"}]}},"_links":{"self":[{"href":"https:\/\/www.welovecycling.com\/es\/wp-json\/wp\/v2\/posts\/5267","targetHints":{"allow":["GET"]}}],"collection":[{"href":"https:\/\/www.welovecycling.com\/es\/wp-json\/wp\/v2\/posts"}],"about":[{"href":"https:\/\/www.welovecycling.com\/es\/wp-json\/wp\/v2\/types\/post"}],"author":[{"embeddable":true,"href":"https:\/\/www.welovecycling.com\/es\/wp-json\/wp\/v2\/users\/29"}],"replies":[{"embeddable":true,"href":"https:\/\/www.welovecycling.com\/es\/wp-json\/wp\/v2\/comments?post=5267"}],"version-history":[{"count":2,"href":"https:\/\/www.welovecycling.com\/es\/wp-json\/wp\/v2\/posts\/5267\/revisions"}],"predecessor-version":[{"id":5272,"href":"https:\/\/www.welovecycling.com\/es\/wp-json\/wp\/v2\/posts\/5267\/revisions\/5272"}],"wp:featuredmedia":[{"embeddable":true,"href":"https:\/\/www.welovecycling.com\/es\/wp-json\/wp\/v2\/media\/5271"}],"wp:attachment":[{"href":"https:\/\/www.welovecycling.com\/es\/wp-json\/wp\/v2\/media?parent=5267"}],"wp:term":[{"taxonomy":"category","embeddable":true,"href":"https:\/\/www.welovecycling.com\/es\/wp-json\/wp\/v2\/categories?post=5267"},{"taxonomy":"post_tag","embeddable":true,"href":"https:\/\/www.welovecycling.com\/es\/wp-json\/wp\/v2\/tags?post=5267"},{"taxonomy":"global-categories","embeddable":true,"href":"https:\/\/www.welovecycling.com\/es\/wp-json\/wp\/v2\/global-categories?post=5267"}],"curies":[{"name":"wp","href":"https:\/\/api.w.org\/{rel}","templated":true}]}}