{"id":5261,"date":"2019-08-29T11:47:48","date_gmt":"2019-08-29T09:47:48","guid":{"rendered":"https:\/\/www.welovecycling.com\/es\/?p=5261"},"modified":"2019-08-29T11:47:48","modified_gmt":"2019-08-29T09:47:48","slug":"deutschland-tour-2019","status":"publish","type":"post","link":"https:\/\/www.welovecycling.com\/es\/2019\/08\/29\/deutschland-tour-2019\/","title":{"rendered":"Deutschland Tour 2019, con grandes estrellas"},"content":{"rendered":"<p><strong>El Deutschland Tour est\u00e1 de vuelta.\u00a0La carrera volvi\u00f3 retorno el a\u00f1o pasado despu\u00e9s de un par\u00e9ntesis de 10 a\u00f1os y ya est\u00e1 atrayendo la atenci\u00f3n de todo el mundo. El evento comienza el jueves 29 y conecta cuatro regiones alemanas y sus principales ciudades, el mismo concepto que en la edici\u00f3n de 2018. Los aficionados y los corredores pueden esperar una intrigante carrera por etapas de cuatro d\u00edas, que tendr\u00e1 lugar del 29 de agosto al 1 de septiembre y que conducir\u00e1 de Hannover a Erfurt.<\/strong><\/p>\n<p><!--more--><\/p>\n<p>La edici\u00f3n de este a\u00f1o cuenta con un n\u00famero r\u00e9cord de 15 equipos de WorldTour. Si nos limitamos a elegir a los grandes nombres, la l\u00ednea de salida tendr\u00e1 a Gerraint Thomas (Team Ineos), Vincenzo Nibali (Bahrein-M\u00e9rida), Emanuel Buchmann (Bora-Hansgrohe) o Julian Alaphilippe (Deceuninck-Quick-Step), el hombre que no ha dejado de ser el centro de atenci\u00f3n desde el Tour de Francia de 2019. La preparaci\u00f3n se completa con tres equipos de la divisi\u00f3n ProContinental y cuatro de la divisi\u00f3n Continental, incluyendo a las nuevas estrellas nacionales alemanas.<\/p>\n<figure id=\"attachment_5262\" aria-describedby=\"caption-attachment-5262\" style=\"width: 1024px\" class=\"wp-caption alignnone\"><a href=\"https:\/\/d2p6e6u75xmxt8.cloudfront.net\/2\/2019\/08\/Oliver-Maier-Fotograf-Kiel-103-20180826_M0A8151.jpg\"><img loading=\"lazy\" decoding=\"async\" class=\"wp-image-5262 size-large\" src=\"https:\/\/d2p6e6u75xmxt8.cloudfront.net\/6\/2019\/08\/Oliver-Maier-Fotograf-Kiel-103-20180826_M0A8151-1024x683.jpg\" alt=\"\" width=\"1024\" height=\"683\" srcset=\"https:\/\/d2p6e6u75xmxt8.cloudfront.net\/6\/2019\/08\/Oliver-Maier-Fotograf-Kiel-103-20180826_M0A8151-1024x683.jpg 1024w, https:\/\/d2p6e6u75xmxt8.cloudfront.net\/6\/2019\/08\/Oliver-Maier-Fotograf-Kiel-103-20180826_M0A8151-300x200.jpg 300w, https:\/\/d2p6e6u75xmxt8.cloudfront.net\/6\/2019\/08\/Oliver-Maier-Fotograf-Kiel-103-20180826_M0A8151-768x512.jpg 768w, https:\/\/d2p6e6u75xmxt8.cloudfront.net\/6\/2019\/08\/Oliver-Maier-Fotograf-Kiel-103-20180826_M0A8151-272x182.jpg 272w, https:\/\/d2p6e6u75xmxt8.cloudfront.net\/6\/2019\/08\/Oliver-Maier-Fotograf-Kiel-103-20180826_M0A8151.jpg 1296w\" sizes=\"auto, (max-width: 1024px) 100vw, 1024px\" \/><\/a><figcaption id=\"caption-attachment-5262\" class=\"wp-caption-text\">La carrera est\u00e1 cogiendo nivel. \u00a9 Oliver Maier<\/figcaption><\/figure>\n<p>&nbsp;<\/p>\n<p>Seg\u00fan los organizadores, cada etapa ofrece muchas oportunidades para adaptarse a cada tipo de ciclista y los dise\u00f1adores de la carretera la planearon teniendo en cuenta las cl\u00e1sicas, el paisaje y la historia local. La ruta completa abarca m\u00e1s de 703 kil\u00f3metros y atraviesa el variado terreno del centro de Alemania, tanto para llaneadores como para los escaladores. La gran final en la capital de Turingia, la ciudad de Erfurt, incluye tres subidas repartidas en los \u00faltimos 40 km, lo que es una forma segura de atraer a atacantes y de mantener la clasificaci\u00f3n interesante hasta el final.<\/p>\n<p>En cuanto a las clasificaciones, los 132 corredores inscritos se enfrentar\u00e1n por cuatro colores. El maillot rojo del l\u00edder general, dise\u00f1ado con miles de nombres de aficionados en letra peque\u00f1a, el maillot verde de los sprints patrocinado por \u0160koda, el maillot azul de monta\u00f1a, patrocinado por el socio oficial de la organizaci\u00f3n ben\u00e9fica de la carrera, y el maillot blanco de mejor joven, para los nacidos despu\u00e9s de 1994.<\/p>\n<figure id=\"attachment_5263\" aria-describedby=\"caption-attachment-5263\" style=\"width: 1024px\" class=\"wp-caption alignnone\"><a href=\"https:\/\/d2p6e6u75xmxt8.cloudfront.net\/2\/2019\/08\/Oliver-Maier-Fotograf-Kiel-025-20180826_N7A9499.jpg\"><img loading=\"lazy\" decoding=\"async\" class=\"wp-image-5263 size-large\" src=\"https:\/\/d2p6e6u75xmxt8.cloudfront.net\/6\/2019\/08\/Oliver-Maier-Fotograf-Kiel-025-20180826_N7A9499-1024x683.jpg\" alt=\"\" width=\"1024\" height=\"683\" srcset=\"https:\/\/d2p6e6u75xmxt8.cloudfront.net\/6\/2019\/08\/Oliver-Maier-Fotograf-Kiel-025-20180826_N7A9499-1024x683.jpg 1024w, https:\/\/d2p6e6u75xmxt8.cloudfront.net\/6\/2019\/08\/Oliver-Maier-Fotograf-Kiel-025-20180826_N7A9499-300x200.jpg 300w, https:\/\/d2p6e6u75xmxt8.cloudfront.net\/6\/2019\/08\/Oliver-Maier-Fotograf-Kiel-025-20180826_N7A9499-768x512.jpg 768w, https:\/\/d2p6e6u75xmxt8.cloudfront.net\/6\/2019\/08\/Oliver-Maier-Fotograf-Kiel-025-20180826_N7A9499-272x182.jpg 272w, https:\/\/d2p6e6u75xmxt8.cloudfront.net\/6\/2019\/08\/Oliver-Maier-Fotograf-Kiel-025-20180826_N7A9499.jpg 1296w\" sizes=\"auto, (max-width: 1024px) 100vw, 1024px\" \/><\/a><figcaption id=\"caption-attachment-5263\" class=\"wp-caption-text\">\u0160koda en el Deutschland Tour. \u00a9 Oliver Maier<\/figcaption><\/figure>\n<p>El Deutschland Tour todav\u00eda no es WorldTour, pero la Federaci\u00f3n Mundial de Ciclismo (UCI) ha clasificado oficialmente el evento en la categor\u00eda de carreras 2.HC, lo que indica un buen progreso en cuanto a estatus y parece que hay un futuro brillante por delante de la carrera.<\/p>\n","protected":false},"excerpt":{"rendered":"<p>El Deutschland Tour est\u00e1 de vuelta.\u00a0La carrera volvi\u00f3 retorno el a\u00f1o pasado despu\u00e9s de un par\u00e9ntesis de 10 a\u00f1os y [&hellip;]<\/p>\n","protected":false},"author":29,"featured_media":5265,"comment_status":"open","ping_status":"open","sticky":false,"template":"","format":"standard","meta":{"footnotes":""},"categories":[7],"tags":[1192,1193],"global-categories":[],"class_list":["post-5261","post","type-post","status-publish","format-standard","has-post-thumbnail","hentry","category-carretera","tag-deutchsland-tour","tag-tour-de-alemania-2019"],"yoast_head":"<!-- This site is optimized with the Yoast SEO Premium plugin v25.3 (Yoast SEO v25.9) - https:\/\/yoast.com\/wordpress\/plugins\/seo\/ -->\n<title>Deutschland Tour 2019, con grandes estrellas - \u0160koda We Love Cycling - Spain<\/title>\n<meta name=\"description\" content=\"Deutschland Tour 2019, con grandes estrellas. La previa del Tour de Alemania donde corren Thomas, Alaphilippe o Buchman. Cuatro etapas.\" \/>\n<meta name=\"robots\" content=\"index, follow, max-snippet:-1, max-image-preview:large, max-video-preview:-1\" \/>\n<link rel=\"canonical\" href=\"https:\/\/www.welovecycling.com\/es\/2019\/08\/29\/deutschland-tour-2019\/\" \/>\n<meta property=\"og:locale\" content=\"es_ES\" \/>\n<meta property=\"og:type\" content=\"article\" \/>\n<meta property=\"og:title\" content=\"Deutschland Tour 2019, con grandes estrellas\" \/>\n<meta property=\"og:description\" content=\"Deutschland Tour 2019, con grandes estrellas. La previa del Tour de Alemania donde corren Thomas, Alaphilippe o Buchman. Cuatro etapas.\" \/>\n<meta property=\"og:url\" content=\"https:\/\/www.welovecycling.com\/es\/2019\/08\/29\/deutschland-tour-2019\/\" \/>\n<meta property=\"og:site_name\" content=\"\u0160koda We Love Cycling - Spain\" \/>\n<meta property=\"article:published_time\" content=\"2019-08-29T09:47:48+00:00\" \/>\n<meta property=\"og:image\" content=\"https:\/\/d2p6e6u75xmxt8.cloudfront.net\/6\/2019\/08\/alaphilippe-profimedia-0462436894-CVR.jpg\" \/>\n\t<meta property=\"og:image:width\" content=\"1366\" \/>\n\t<meta property=\"og:image:height\" content=\"600\" \/>\n\t<meta property=\"og:image:type\" content=\"image\/jpeg\" \/>\n<meta name=\"author\" content=\"We Love Cycling Spain\" \/>\n<meta name=\"twitter:card\" content=\"summary_large_image\" \/>\n<meta name=\"twitter:title\" content=\"Deutschland Tour 2019, con grandes estrellas\" \/>\n<meta name=\"twitter:description\" content=\"Deutschland Tour 2019, con grandes estrellas. La previa del Tour de Alemania donde corren Thomas, Alaphilippe o Buchman. Cuatro etapas.\" \/>\n<meta name=\"twitter:label1\" content=\"Written by\" \/>\n\t<meta name=\"twitter:data1\" content=\"Frantiska Blazkova\" \/>\n\t<meta name=\"twitter:label2\" content=\"Est. reading time\" \/>\n\t<meta name=\"twitter:data2\" content=\"4\" \/>\n<script type=\"application\/ld+json\" class=\"yoast-schema-graph\">{\"@context\":\"https:\/\/schema.org\",\"@graph\":[{\"@type\":\"WebPage\",\"@id\":\"https:\/\/www.welovecycling.com\/es\/2019\/08\/29\/deutschland-tour-2019\/\",\"url\":\"https:\/\/www.welovecycling.com\/es\/2019\/08\/29\/deutschland-tour-2019\/\",\"name\":\"Deutschland Tour 2019, con grandes estrellas - \u0160koda We Love Cycling - Spain\",\"isPartOf\":{\"@id\":\"https:\/\/www.welovecycling.com\/es\/#website\"},\"primaryImageOfPage\":{\"@id\":\"https:\/\/www.welovecycling.com\/es\/2019\/08\/29\/deutschland-tour-2019\/#primaryimage\"},\"image\":{\"@id\":\"https:\/\/www.welovecycling.com\/es\/2019\/08\/29\/deutschland-tour-2019\/#primaryimage\"},\"thumbnailUrl\":\"https:\/\/d2p6e6u75xmxt8.cloudfront.net\/6\/2019\/08\/alaphilippe-profimedia-0462436894-CVR.jpg\",\"datePublished\":\"2019-08-29T09:47:48+00:00\",\"author\":{\"@id\":\"https:\/\/www.welovecycling.com\/es\/#\/schema\/person\/deb61715b5812698ee79fb96f343ccd4\"},\"description\":\"Deutschland Tour 2019, con grandes estrellas. La previa del Tour de Alemania donde corren Thomas, Alaphilippe o Buchman. Cuatro etapas.\",\"breadcrumb\":{\"@id\":\"https:\/\/www.welovecycling.com\/es\/2019\/08\/29\/deutschland-tour-2019\/#breadcrumb\"},\"inLanguage\":\"es-ES\",\"potentialAction\":[{\"@type\":\"ReadAction\",\"target\":[\"https:\/\/www.welovecycling.com\/es\/2019\/08\/29\/deutschland-tour-2019\/\"]}]},{\"@type\":\"ImageObject\",\"inLanguage\":\"es-ES\",\"@id\":\"https:\/\/www.welovecycling.com\/es\/2019\/08\/29\/deutschland-tour-2019\/#primaryimage\",\"url\":\"https:\/\/d2p6e6u75xmxt8.cloudfront.net\/6\/2019\/08\/alaphilippe-profimedia-0462436894-CVR.jpg\",\"contentUrl\":\"https:\/\/d2p6e6u75xmxt8.cloudfront.net\/6\/2019\/08\/alaphilippe-profimedia-0462436894-CVR.jpg\",\"width\":1366,\"height\":600},{\"@type\":\"BreadcrumbList\",\"@id\":\"https:\/\/www.welovecycling.com\/es\/2019\/08\/29\/deutschland-tour-2019\/#breadcrumb\",\"itemListElement\":[{\"@type\":\"ListItem\",\"position\":1,\"name\":\"Home\",\"item\":\"https:\/\/www.welovecycling.com\/es\/\"},{\"@type\":\"ListItem\",\"position\":2,\"name\":\"Deutschland Tour 2019, con grandes estrellas\"}]},{\"@type\":\"WebSite\",\"@id\":\"https:\/\/www.welovecycling.com\/es\/#website\",\"url\":\"https:\/\/www.welovecycling.com\/es\/\",\"name\":\"\u0160koda We Love Cycling - Spain\",\"description\":\"\u0160koda WeLoveCycling Spain\",\"potentialAction\":[{\"@type\":\"SearchAction\",\"target\":{\"@type\":\"EntryPoint\",\"urlTemplate\":\"https:\/\/www.welovecycling.com\/es\/?s={search_term_string}\"},\"query-input\":{\"@type\":\"PropertyValueSpecification\",\"valueRequired\":true,\"valueName\":\"search_term_string\"}}],\"inLanguage\":\"es-ES\"},{\"@type\":\"Person\",\"@id\":\"https:\/\/www.welovecycling.com\/es\/#\/schema\/person\/deb61715b5812698ee79fb96f343ccd4\",\"name\":\"We Love Cycling Spain\",\"image\":{\"@type\":\"ImageObject\",\"inLanguage\":\"es-ES\",\"@id\":\"https:\/\/www.welovecycling.com\/es\/#\/schema\/person\/image\/\",\"url\":\"https:\/\/secure.gravatar.com\/avatar\/c824b04e6df0e37a03219d0b6481672889df542894588964102459e46513159c?s=96&d=mm&r=g\",\"contentUrl\":\"https:\/\/secure.gravatar.com\/avatar\/c824b04e6df0e37a03219d0b6481672889df542894588964102459e46513159c?s=96&d=mm&r=g\",\"caption\":\"We Love Cycling Spain\"},\"url\":\"https:\/\/www.welovecycling.com\/es\/author\/amunoz\/\"}]}<\/script>\n<!-- \/ Yoast SEO Premium plugin. -->","yoast_head_json":{"title":"Deutschland Tour 2019, con grandes estrellas - \u0160koda We Love Cycling - Spain","description":"Deutschland Tour 2019, con grandes estrellas. La previa del Tour de Alemania donde corren Thomas, Alaphilippe o Buchman. Cuatro etapas.","robots":{"index":"index","follow":"follow","max-snippet":"max-snippet:-1","max-image-preview":"max-image-preview:large","max-video-preview":"max-video-preview:-1"},"canonical":"https:\/\/www.welovecycling.com\/es\/2019\/08\/29\/deutschland-tour-2019\/","og_locale":"es_ES","og_type":"article","og_title":"Deutschland Tour 2019, con grandes estrellas","og_description":"Deutschland Tour 2019, con grandes estrellas. La previa del Tour de Alemania donde corren Thomas, Alaphilippe o Buchman. Cuatro etapas.","og_url":"https:\/\/www.welovecycling.com\/es\/2019\/08\/29\/deutschland-tour-2019\/","og_site_name":"\u0160koda We Love Cycling - Spain","article_published_time":"2019-08-29T09:47:48+00:00","og_image":[{"width":1366,"height":600,"url":"https:\/\/d2p6e6u75xmxt8.cloudfront.net\/6\/2019\/08\/alaphilippe-profimedia-0462436894-CVR.jpg","type":"image\/jpeg"}],"author":"We Love Cycling Spain","twitter_card":"summary_large_image","twitter_title":"Deutschland Tour 2019, con grandes estrellas","twitter_description":"Deutschland Tour 2019, con grandes estrellas. La previa del Tour de Alemania donde corren Thomas, Alaphilippe o Buchman. Cuatro etapas.","twitter_misc":{"Written by":"Frantiska Blazkova","Est. reading time":"4"},"schema":{"@context":"https:\/\/schema.org","@graph":[{"@type":"WebPage","@id":"https:\/\/www.welovecycling.com\/es\/2019\/08\/29\/deutschland-tour-2019\/","url":"https:\/\/www.welovecycling.com\/es\/2019\/08\/29\/deutschland-tour-2019\/","name":"Deutschland Tour 2019, con grandes estrellas - \u0160koda We Love Cycling - Spain","isPartOf":{"@id":"https:\/\/www.welovecycling.com\/es\/#website"},"primaryImageOfPage":{"@id":"https:\/\/www.welovecycling.com\/es\/2019\/08\/29\/deutschland-tour-2019\/#primaryimage"},"image":{"@id":"https:\/\/www.welovecycling.com\/es\/2019\/08\/29\/deutschland-tour-2019\/#primaryimage"},"thumbnailUrl":"https:\/\/d2p6e6u75xmxt8.cloudfront.net\/6\/2019\/08\/alaphilippe-profimedia-0462436894-CVR.jpg","datePublished":"2019-08-29T09:47:48+00:00","author":{"@id":"https:\/\/www.welovecycling.com\/es\/#\/schema\/person\/deb61715b5812698ee79fb96f343ccd4"},"description":"Deutschland Tour 2019, con grandes estrellas. La previa del Tour de Alemania donde corren Thomas, Alaphilippe o Buchman. Cuatro etapas.","breadcrumb":{"@id":"https:\/\/www.welovecycling.com\/es\/2019\/08\/29\/deutschland-tour-2019\/#breadcrumb"},"inLanguage":"es-ES","potentialAction":[{"@type":"ReadAction","target":["https:\/\/www.welovecycling.com\/es\/2019\/08\/29\/deutschland-tour-2019\/"]}]},{"@type":"ImageObject","inLanguage":"es-ES","@id":"https:\/\/www.welovecycling.com\/es\/2019\/08\/29\/deutschland-tour-2019\/#primaryimage","url":"https:\/\/d2p6e6u75xmxt8.cloudfront.net\/6\/2019\/08\/alaphilippe-profimedia-0462436894-CVR.jpg","contentUrl":"https:\/\/d2p6e6u75xmxt8.cloudfront.net\/6\/2019\/08\/alaphilippe-profimedia-0462436894-CVR.jpg","width":1366,"height":600},{"@type":"BreadcrumbList","@id":"https:\/\/www.welovecycling.com\/es\/2019\/08\/29\/deutschland-tour-2019\/#breadcrumb","itemListElement":[{"@type":"ListItem","position":1,"name":"Home","item":"https:\/\/www.welovecycling.com\/es\/"},{"@type":"ListItem","position":2,"name":"Deutschland Tour 2019, con grandes estrellas"}]},{"@type":"WebSite","@id":"https:\/\/www.welovecycling.com\/es\/#website","url":"https:\/\/www.welovecycling.com\/es\/","name":"\u0160koda We Love Cycling - Spain","description":"\u0160koda WeLoveCycling Spain","potentialAction":[{"@type":"SearchAction","target":{"@type":"EntryPoint","urlTemplate":"https:\/\/www.welovecycling.com\/es\/?s={search_term_string}"},"query-input":{"@type":"PropertyValueSpecification","valueRequired":true,"valueName":"search_term_string"}}],"inLanguage":"es-ES"},{"@type":"Person","@id":"https:\/\/www.welovecycling.com\/es\/#\/schema\/person\/deb61715b5812698ee79fb96f343ccd4","name":"We Love Cycling Spain","image":{"@type":"ImageObject","inLanguage":"es-ES","@id":"https:\/\/www.welovecycling.com\/es\/#\/schema\/person\/image\/","url":"https:\/\/secure.gravatar.com\/avatar\/c824b04e6df0e37a03219d0b6481672889df542894588964102459e46513159c?s=96&d=mm&r=g","contentUrl":"https:\/\/secure.gravatar.com\/avatar\/c824b04e6df0e37a03219d0b6481672889df542894588964102459e46513159c?s=96&d=mm&r=g","caption":"We Love Cycling Spain"},"url":"https:\/\/www.welovecycling.com\/es\/author\/amunoz\/"}]}},"_links":{"self":[{"href":"https:\/\/www.welovecycling.com\/es\/wp-json\/wp\/v2\/posts\/5261","targetHints":{"allow":["GET"]}}],"collection":[{"href":"https:\/\/www.welovecycling.com\/es\/wp-json\/wp\/v2\/posts"}],"about":[{"href":"https:\/\/www.welovecycling.com\/es\/wp-json\/wp\/v2\/types\/post"}],"author":[{"embeddable":true,"href":"https:\/\/www.welovecycling.com\/es\/wp-json\/wp\/v2\/users\/29"}],"replies":[{"embeddable":true,"href":"https:\/\/www.welovecycling.com\/es\/wp-json\/wp\/v2\/comments?post=5261"}],"version-history":[{"count":2,"href":"https:\/\/www.welovecycling.com\/es\/wp-json\/wp\/v2\/posts\/5261\/revisions"}],"predecessor-version":[{"id":5266,"href":"https:\/\/www.welovecycling.com\/es\/wp-json\/wp\/v2\/posts\/5261\/revisions\/5266"}],"wp:featuredmedia":[{"embeddable":true,"href":"https:\/\/www.welovecycling.com\/es\/wp-json\/wp\/v2\/media\/5265"}],"wp:attachment":[{"href":"https:\/\/www.welovecycling.com\/es\/wp-json\/wp\/v2\/media?parent=5261"}],"wp:term":[{"taxonomy":"category","embeddable":true,"href":"https:\/\/www.welovecycling.com\/es\/wp-json\/wp\/v2\/categories?post=5261"},{"taxonomy":"post_tag","embeddable":true,"href":"https:\/\/www.welovecycling.com\/es\/wp-json\/wp\/v2\/tags?post=5261"},{"taxonomy":"global-categories","embeddable":true,"href":"https:\/\/www.welovecycling.com\/es\/wp-json\/wp\/v2\/global-categories?post=5261"}],"curies":[{"name":"wp","href":"https:\/\/api.w.org\/{rel}","templated":true}]}}