{"id":5258,"date":"2019-08-23T17:38:50","date_gmt":"2019-08-23T15:38:50","guid":{"rendered":"https:\/\/www.welovecycling.com\/es\/?p=5258"},"modified":"2019-08-23T17:41:07","modified_gmt":"2019-08-23T15:41:07","slug":"app-la-vuelta-2019","status":"publish","type":"post","link":"https:\/\/www.welovecycling.com\/es\/2019\/08\/23\/app-la-vuelta-2019\/","title":{"rendered":"La app para seguir La Vuelta 2019 de iPhone, iPad y Android"},"content":{"rendered":"<p><strong>Descarga la aplicaci\u00f3n oficial de La Vuelta 2019, presented by \u0160koda para iPhone, iPad y Android, para que tengas en tu m\u00f3vil toda la informaci\u00f3n actualizada sobre la carrera espa\u00f1ola..<\/strong><!--more--><\/p>\n<p>La aplicaci\u00f3n aplicaci\u00f3n ofrece a los apasionados del ciclismo informaci\u00f3n en tiempo real sobre la carrera y permite un seguimiento al detalle de La Vuelta 2019 desde cualquier Smartphone o tablet.<\/p>\n<p>Antes de que comience la carrera, descubre todas las etapas, el recorrido en v\u00eddeo, las etapas, los equipos y los corredores \u2026 Y desde el 24 de agosto, \u00a1sigue la carrera en directo con el Race Center!<\/p>\n<p><strong>Caracter\u00edsticas:<\/strong><\/p>\n<ul>\n<li>Toda la informaci\u00f3n sobre las etapas de La Vuelta: perfiles, mapas, horarios de paso;<\/li>\n<li>Race Center: el m\u00f3dulo de seguimiento en directo para seguir la acci\u00f3n como si estuvieras ah\u00ed;<\/li>\n<li>Todas las fotograf\u00edas y los v\u00eddeos de La Vuelta (c\u00e1mara on boerd, an\u00e9cdotas, entrevistas, res\u00famenes\u2026);<\/li>\n<li>La cr\u00f3nica de la carrera en directo;<\/li>\n<li>Resultados, clasificaciones y res\u00famenes de cada etapa;<\/li>\n<li>Fichas detalladas para saber todo sobre los corredores.<\/li>\n<\/ul>\n<p><strong>Novedades 2019:<\/strong><\/p>\n<ul>\n<li>Mejoras de las alertas en directo;<\/li>\n<li>Gesti\u00f3n de los datos personales.<\/li>\n<\/ul>\n<div class=\"imagesContainer\">\n<div class=\"imagesContainer__item twoImages \">\n<figure class=\"figure is-center js-zoomable\"><a class=\"js-jzoom\" href=\"https:\/\/img.aso.fr\/core_app\/img-cycling-vue-jpg\/iphone\/3312\/0:0,444:747-444-0-70\/b0dae\" data-modal-type=\"image\" data-modal-width=\"444\" data-modal-height=\"auto\" data-xtclick=\"article::image::zoom\" data-clicktype=\"A\"><img decoding=\"async\" class=\"figure__image img--responsive lazyItem js-lazy is-loaded aligncenter\" src=\"https:\/\/img.aso.fr\/core_app\/img-cycling-vue-jpg\/iphone\/3312\/0:0,444:747-300-0-70\/2729a\" alt=\"\" width=\"300\" \/><\/a><a href=\"https:\/\/itunes.apple.com\/es\/app\/la-vuelta18\/id1271373323?mt=8\" target=\"_blank\" rel=\"noopener\"><img decoding=\"async\" class=\"figure__image img--responsive lazyItem js-lazy is-loaded aligncenter\" src=\"https:\/\/img.aso.fr\/core_app\/img-cycling-vue-jpg\/8d9a6\/0822\/0:0,191:58-191-0-70\/ddbfa\" alt=\"\" width=\"191\" \/><\/a><\/figure>\n<\/div>\n<div class=\"imagesContainer__item twoImages \">\n<figure class=\"figure is-center js-zoomable\"><a class=\"js-jzoom\" href=\"https:\/\/img.aso.fr\/core_app\/img-cycling-vue-jpg\/android\/3311\/0:0,444:747-444-0-70\/cb5f2\" data-modal-type=\"image\" data-modal-width=\"444\" data-modal-height=\"auto\" data-xtclick=\"article::image::zoom\" data-clicktype=\"A\"><img decoding=\"async\" class=\"figure__image img--responsive lazyItem js-lazy is-loaded aligncenter\" src=\"https:\/\/img.aso.fr\/core_app\/img-cycling-vue-jpg\/android\/3311\/0:0,444:747-303-0-70\/b3270\" alt=\"\" width=\"303\" \/><\/a><\/figure>\n<\/div>\n<\/div>\n<div class=\"imagesContainer\">\n<div class=\"imagesContainer__item twoImages \"><\/div>\n<div class=\"imagesContainer__item twoImages \">\n<figure class=\"figure is-center js-zoomable\"><a href=\"https:\/\/play.google.com\/store\/apps\/details?id=com.unipublic.vuelta\" target=\"_blank\" rel=\"noopener\"><img decoding=\"async\" class=\"figure__image img--responsive lazyItem js-lazy is-loaded aligncenter\" src=\"https:\/\/img.aso.fr\/core_app\/img-cycling-vue-jpg\/07030\/0821\/0:0,188:58-188-0-70\/09bb0\" alt=\"\" width=\"188\" \/><\/a><\/figure>\n<\/div>\n<\/div>\n","protected":false},"excerpt":{"rendered":"<p>Descarga la aplicaci\u00f3n oficial de La Vuelta 2019, presented by \u0160koda para iPhone, iPad y Android, para que tengas en [&hellip;]<\/p>\n","protected":false},"author":29,"featured_media":3320,"comment_status":"open","ping_status":"open","sticky":false,"template":"","format":"standard","meta":{"footnotes":""},"categories":[7],"tags":[1188,1190,1189,1187,1191],"global-categories":[],"class_list":["post-5258","post","type-post","status-publish","format-standard","has-post-thumbnail","hentry","category-carretera","tag-aplicacion-la-vuelta-2019","tag-aplicacion-la-vuelta-2019-android","tag-aplicacion-la-vuelta-2019-iphone","tag-app-la-vuelta-2019","tag-descargar-aplicacion-la-vuelta-2019"],"yoast_head":"<!-- This site is optimized with the Yoast SEO Premium plugin v25.3 (Yoast SEO v25.9) - https:\/\/yoast.com\/wordpress\/plugins\/seo\/ -->\n<title>La app para seguir La Vuelta 2019 de iPhone, iPad y Android - \u0160koda We Love Cycling - Spain<\/title>\n<meta name=\"description\" content=\"Descarga la aplicaci\u00f3n oficial de La Vuelta 2019, presented by \u0160koda para iPhone, iPad y Android. Toda la informaci\u00f3n de La Vuelta 2019\" \/>\n<meta name=\"robots\" content=\"index, follow, max-snippet:-1, max-image-preview:large, max-video-preview:-1\" \/>\n<link rel=\"canonical\" href=\"https:\/\/www.welovecycling.com\/es\/2019\/08\/23\/app-la-vuelta-2019\/\" \/>\n<meta property=\"og:locale\" content=\"es_ES\" \/>\n<meta property=\"og:type\" content=\"article\" \/>\n<meta property=\"og:title\" content=\"Descarga la aplicaci\u00f3n oficial de La Vuelta 2019\" \/>\n<meta property=\"og:description\" content=\"Descarga la aplicaci\u00f3n oficial de La Vuelta 2019, presented by \u0160koda para iPhone, iPad y Android. Toda la informaci\u00f3n de La Vuelta 2019\" \/>\n<meta property=\"og:url\" content=\"https:\/\/www.welovecycling.com\/es\/2019\/08\/23\/app-la-vuelta-2019\/\" \/>\n<meta property=\"og:site_name\" content=\"\u0160koda We Love Cycling - Spain\" \/>\n<meta property=\"article:published_time\" content=\"2019-08-23T15:38:50+00:00\" \/>\n<meta property=\"article:modified_time\" content=\"2019-08-23T15:41:07+00:00\" \/>\n<meta property=\"og:image\" content=\"https:\/\/d2p6e6u75xmxt8.cloudfront.net\/6\/2018\/08\/La-Vuelta.-Etapa-4.-Valverde.jpg\" \/>\n\t<meta property=\"og:image:width\" content=\"1280\" \/>\n\t<meta property=\"og:image:height\" content=\"686\" \/>\n\t<meta property=\"og:image:type\" content=\"image\/jpeg\" \/>\n<meta name=\"author\" content=\"We Love Cycling Spain\" \/>\n<meta name=\"twitter:card\" content=\"summary_large_image\" \/>\n<meta name=\"twitter:title\" content=\"Descarga la aplicaci\u00f3n oficial de La Vuelta 2019\" \/>\n<meta name=\"twitter:description\" content=\"Descarga la aplicaci\u00f3n oficial de La Vuelta 2019, presented by \u0160koda para iPhone, iPad y Android. Toda la informaci\u00f3n de La Vuelta 2019\" \/>\n<meta name=\"twitter:label1\" content=\"Written by\" \/>\n\t<meta name=\"twitter:data1\" content=\"We Love Cycling Spain\" \/>\n\t<meta name=\"twitter:label2\" content=\"Est. reading time\" \/>\n\t<meta name=\"twitter:data2\" content=\"1 minute\" \/>\n<script type=\"application\/ld+json\" class=\"yoast-schema-graph\">{\"@context\":\"https:\/\/schema.org\",\"@graph\":[{\"@type\":\"WebPage\",\"@id\":\"https:\/\/www.welovecycling.com\/es\/2019\/08\/23\/app-la-vuelta-2019\/\",\"url\":\"https:\/\/www.welovecycling.com\/es\/2019\/08\/23\/app-la-vuelta-2019\/\",\"name\":\"La app para seguir La Vuelta 2019 de iPhone, iPad y Android - \u0160koda We Love Cycling - Spain\",\"isPartOf\":{\"@id\":\"https:\/\/www.welovecycling.com\/es\/#website\"},\"primaryImageOfPage\":{\"@id\":\"https:\/\/www.welovecycling.com\/es\/2019\/08\/23\/app-la-vuelta-2019\/#primaryimage\"},\"image\":{\"@id\":\"https:\/\/www.welovecycling.com\/es\/2019\/08\/23\/app-la-vuelta-2019\/#primaryimage\"},\"thumbnailUrl\":\"https:\/\/d2p6e6u75xmxt8.cloudfront.net\/6\/2018\/08\/La-Vuelta.-Etapa-4.-Valverde.jpg\",\"datePublished\":\"2019-08-23T15:38:50+00:00\",\"dateModified\":\"2019-08-23T15:41:07+00:00\",\"author\":{\"@id\":\"https:\/\/www.welovecycling.com\/es\/#\/schema\/person\/deb61715b5812698ee79fb96f343ccd4\"},\"description\":\"Descarga la aplicaci\u00f3n oficial de La Vuelta 2019, presented by \u0160koda para iPhone, iPad y Android. Toda la informaci\u00f3n de La Vuelta 2019\",\"breadcrumb\":{\"@id\":\"https:\/\/www.welovecycling.com\/es\/2019\/08\/23\/app-la-vuelta-2019\/#breadcrumb\"},\"inLanguage\":\"es-ES\",\"potentialAction\":[{\"@type\":\"ReadAction\",\"target\":[\"https:\/\/www.welovecycling.com\/es\/2019\/08\/23\/app-la-vuelta-2019\/\"]}]},{\"@type\":\"ImageObject\",\"inLanguage\":\"es-ES\",\"@id\":\"https:\/\/www.welovecycling.com\/es\/2019\/08\/23\/app-la-vuelta-2019\/#primaryimage\",\"url\":\"https:\/\/d2p6e6u75xmxt8.cloudfront.net\/6\/2018\/08\/La-Vuelta.-Etapa-4.-Valverde.jpg\",\"contentUrl\":\"https:\/\/d2p6e6u75xmxt8.cloudfront.net\/6\/2018\/08\/La-Vuelta.-Etapa-4.-Valverde.jpg\",\"width\":1280,\"height\":686},{\"@type\":\"BreadcrumbList\",\"@id\":\"https:\/\/www.welovecycling.com\/es\/2019\/08\/23\/app-la-vuelta-2019\/#breadcrumb\",\"itemListElement\":[{\"@type\":\"ListItem\",\"position\":1,\"name\":\"Home\",\"item\":\"https:\/\/www.welovecycling.com\/es\/\"},{\"@type\":\"ListItem\",\"position\":2,\"name\":\"La app para seguir La Vuelta 2019 de iPhone, iPad y Android\"}]},{\"@type\":\"WebSite\",\"@id\":\"https:\/\/www.welovecycling.com\/es\/#website\",\"url\":\"https:\/\/www.welovecycling.com\/es\/\",\"name\":\"\u0160koda We Love Cycling - Spain\",\"description\":\"\u0160koda WeLoveCycling Spain\",\"potentialAction\":[{\"@type\":\"SearchAction\",\"target\":{\"@type\":\"EntryPoint\",\"urlTemplate\":\"https:\/\/www.welovecycling.com\/es\/?s={search_term_string}\"},\"query-input\":{\"@type\":\"PropertyValueSpecification\",\"valueRequired\":true,\"valueName\":\"search_term_string\"}}],\"inLanguage\":\"es-ES\"},{\"@type\":\"Person\",\"@id\":\"https:\/\/www.welovecycling.com\/es\/#\/schema\/person\/deb61715b5812698ee79fb96f343ccd4\",\"name\":\"We Love Cycling Spain\",\"image\":{\"@type\":\"ImageObject\",\"inLanguage\":\"es-ES\",\"@id\":\"https:\/\/www.welovecycling.com\/es\/#\/schema\/person\/image\/\",\"url\":\"https:\/\/secure.gravatar.com\/avatar\/c824b04e6df0e37a03219d0b6481672889df542894588964102459e46513159c?s=96&d=mm&r=g\",\"contentUrl\":\"https:\/\/secure.gravatar.com\/avatar\/c824b04e6df0e37a03219d0b6481672889df542894588964102459e46513159c?s=96&d=mm&r=g\",\"caption\":\"We Love Cycling Spain\"},\"url\":\"https:\/\/www.welovecycling.com\/es\/author\/amunoz\/\"}]}<\/script>\n<!-- \/ Yoast SEO Premium plugin. -->","yoast_head_json":{"title":"La app para seguir La Vuelta 2019 de iPhone, iPad y Android - \u0160koda We Love Cycling - Spain","description":"Descarga la aplicaci\u00f3n oficial de La Vuelta 2019, presented by \u0160koda para iPhone, iPad y Android. Toda la informaci\u00f3n de La Vuelta 2019","robots":{"index":"index","follow":"follow","max-snippet":"max-snippet:-1","max-image-preview":"max-image-preview:large","max-video-preview":"max-video-preview:-1"},"canonical":"https:\/\/www.welovecycling.com\/es\/2019\/08\/23\/app-la-vuelta-2019\/","og_locale":"es_ES","og_type":"article","og_title":"Descarga la aplicaci\u00f3n oficial de La Vuelta 2019","og_description":"Descarga la aplicaci\u00f3n oficial de La Vuelta 2019, presented by \u0160koda para iPhone, iPad y Android. Toda la informaci\u00f3n de La Vuelta 2019","og_url":"https:\/\/www.welovecycling.com\/es\/2019\/08\/23\/app-la-vuelta-2019\/","og_site_name":"\u0160koda We Love Cycling - Spain","article_published_time":"2019-08-23T15:38:50+00:00","article_modified_time":"2019-08-23T15:41:07+00:00","og_image":[{"width":1280,"height":686,"url":"https:\/\/d2p6e6u75xmxt8.cloudfront.net\/6\/2018\/08\/La-Vuelta.-Etapa-4.-Valverde.jpg","type":"image\/jpeg"}],"author":"We Love Cycling Spain","twitter_card":"summary_large_image","twitter_title":"Descarga la aplicaci\u00f3n oficial de La Vuelta 2019","twitter_description":"Descarga la aplicaci\u00f3n oficial de La Vuelta 2019, presented by \u0160koda para iPhone, iPad y Android. Toda la informaci\u00f3n de La Vuelta 2019","twitter_misc":{"Written by":"We Love Cycling Spain","Est. reading time":"1 minute"},"schema":{"@context":"https:\/\/schema.org","@graph":[{"@type":"WebPage","@id":"https:\/\/www.welovecycling.com\/es\/2019\/08\/23\/app-la-vuelta-2019\/","url":"https:\/\/www.welovecycling.com\/es\/2019\/08\/23\/app-la-vuelta-2019\/","name":"La app para seguir La Vuelta 2019 de iPhone, iPad y Android - \u0160koda We Love Cycling - Spain","isPartOf":{"@id":"https:\/\/www.welovecycling.com\/es\/#website"},"primaryImageOfPage":{"@id":"https:\/\/www.welovecycling.com\/es\/2019\/08\/23\/app-la-vuelta-2019\/#primaryimage"},"image":{"@id":"https:\/\/www.welovecycling.com\/es\/2019\/08\/23\/app-la-vuelta-2019\/#primaryimage"},"thumbnailUrl":"https:\/\/d2p6e6u75xmxt8.cloudfront.net\/6\/2018\/08\/La-Vuelta.-Etapa-4.-Valverde.jpg","datePublished":"2019-08-23T15:38:50+00:00","dateModified":"2019-08-23T15:41:07+00:00","author":{"@id":"https:\/\/www.welovecycling.com\/es\/#\/schema\/person\/deb61715b5812698ee79fb96f343ccd4"},"description":"Descarga la aplicaci\u00f3n oficial de La Vuelta 2019, presented by \u0160koda para iPhone, iPad y Android. Toda la informaci\u00f3n de La Vuelta 2019","breadcrumb":{"@id":"https:\/\/www.welovecycling.com\/es\/2019\/08\/23\/app-la-vuelta-2019\/#breadcrumb"},"inLanguage":"es-ES","potentialAction":[{"@type":"ReadAction","target":["https:\/\/www.welovecycling.com\/es\/2019\/08\/23\/app-la-vuelta-2019\/"]}]},{"@type":"ImageObject","inLanguage":"es-ES","@id":"https:\/\/www.welovecycling.com\/es\/2019\/08\/23\/app-la-vuelta-2019\/#primaryimage","url":"https:\/\/d2p6e6u75xmxt8.cloudfront.net\/6\/2018\/08\/La-Vuelta.-Etapa-4.-Valverde.jpg","contentUrl":"https:\/\/d2p6e6u75xmxt8.cloudfront.net\/6\/2018\/08\/La-Vuelta.-Etapa-4.-Valverde.jpg","width":1280,"height":686},{"@type":"BreadcrumbList","@id":"https:\/\/www.welovecycling.com\/es\/2019\/08\/23\/app-la-vuelta-2019\/#breadcrumb","itemListElement":[{"@type":"ListItem","position":1,"name":"Home","item":"https:\/\/www.welovecycling.com\/es\/"},{"@type":"ListItem","position":2,"name":"La app para seguir La Vuelta 2019 de iPhone, iPad y Android"}]},{"@type":"WebSite","@id":"https:\/\/www.welovecycling.com\/es\/#website","url":"https:\/\/www.welovecycling.com\/es\/","name":"\u0160koda We Love Cycling - Spain","description":"\u0160koda WeLoveCycling Spain","potentialAction":[{"@type":"SearchAction","target":{"@type":"EntryPoint","urlTemplate":"https:\/\/www.welovecycling.com\/es\/?s={search_term_string}"},"query-input":{"@type":"PropertyValueSpecification","valueRequired":true,"valueName":"search_term_string"}}],"inLanguage":"es-ES"},{"@type":"Person","@id":"https:\/\/www.welovecycling.com\/es\/#\/schema\/person\/deb61715b5812698ee79fb96f343ccd4","name":"We Love Cycling Spain","image":{"@type":"ImageObject","inLanguage":"es-ES","@id":"https:\/\/www.welovecycling.com\/es\/#\/schema\/person\/image\/","url":"https:\/\/secure.gravatar.com\/avatar\/c824b04e6df0e37a03219d0b6481672889df542894588964102459e46513159c?s=96&d=mm&r=g","contentUrl":"https:\/\/secure.gravatar.com\/avatar\/c824b04e6df0e37a03219d0b6481672889df542894588964102459e46513159c?s=96&d=mm&r=g","caption":"We Love Cycling Spain"},"url":"https:\/\/www.welovecycling.com\/es\/author\/amunoz\/"}]}},"_links":{"self":[{"href":"https:\/\/www.welovecycling.com\/es\/wp-json\/wp\/v2\/posts\/5258","targetHints":{"allow":["GET"]}}],"collection":[{"href":"https:\/\/www.welovecycling.com\/es\/wp-json\/wp\/v2\/posts"}],"about":[{"href":"https:\/\/www.welovecycling.com\/es\/wp-json\/wp\/v2\/types\/post"}],"author":[{"embeddable":true,"href":"https:\/\/www.welovecycling.com\/es\/wp-json\/wp\/v2\/users\/29"}],"replies":[{"embeddable":true,"href":"https:\/\/www.welovecycling.com\/es\/wp-json\/wp\/v2\/comments?post=5258"}],"version-history":[{"count":2,"href":"https:\/\/www.welovecycling.com\/es\/wp-json\/wp\/v2\/posts\/5258\/revisions"}],"predecessor-version":[{"id":5260,"href":"https:\/\/www.welovecycling.com\/es\/wp-json\/wp\/v2\/posts\/5258\/revisions\/5260"}],"wp:featuredmedia":[{"embeddable":true,"href":"https:\/\/www.welovecycling.com\/es\/wp-json\/wp\/v2\/media\/3320"}],"wp:attachment":[{"href":"https:\/\/www.welovecycling.com\/es\/wp-json\/wp\/v2\/media?parent=5258"}],"wp:term":[{"taxonomy":"category","embeddable":true,"href":"https:\/\/www.welovecycling.com\/es\/wp-json\/wp\/v2\/categories?post=5258"},{"taxonomy":"post_tag","embeddable":true,"href":"https:\/\/www.welovecycling.com\/es\/wp-json\/wp\/v2\/tags?post=5258"},{"taxonomy":"global-categories","embeddable":true,"href":"https:\/\/www.welovecycling.com\/es\/wp-json\/wp\/v2\/global-categories?post=5258"}],"curies":[{"name":"wp","href":"https:\/\/api.w.org\/{rel}","templated":true}]}}