{"id":5251,"date":"2019-08-23T17:21:52","date_gmt":"2019-08-23T15:21:52","guid":{"rendered":"https:\/\/www.welovecycling.com\/es\/?p=5251"},"modified":"2019-08-23T17:21:52","modified_gmt":"2019-08-23T15:21:52","slug":"favoritos-la-vuelta-2019","status":"publish","type":"post","link":"https:\/\/www.welovecycling.com\/es\/2019\/08\/23\/favoritos-la-vuelta-2019\/","title":{"rendered":"Favoritos para ganar La Vuelta 2019. De Roglic a Valverde"},"content":{"rendered":"<p><strong>Este a\u00f1o en La Vuelta faltan algunos ilustres como Froome, Thomas o Dumoulin, lo que invita a la perspectiva de una lista de favoritos inusualmente atractiva para ganar el maillot rojo.<\/strong><!--more--><\/p>\n<h2><strong>Primo\u017e Rogli\u010d, el se\u00f1alado<\/strong><\/h2>\n<p>Rogli\u010d se salt\u00f3 Le Tour y llega a La Vuelta con las piernas frescas. A principios de este a\u00f1o se mostr\u00f3 satisfecho con un podio muy importante: la estrella en ascenso de Jumbo-Visma termin\u00f3 tercero en el Giro. Durante un par de a\u00f1os ha estado haciendo las cosas bien y su equipo tambi\u00e9n mira a largo plazo, como David Brailsford.<\/p>\n<lite-youtube videoid=JYhCCO9Lddc params=\"enablejsapi=1\" style=\"background-image: url('https:\/\/i.ytimg.com\/vi_webp\/JYhCCO9Lddc\/maxresdefault.webp');\"><\/lite-youtube>\n<p>Rogli\u010d tiene un fuerte equipo a su alrededor, entre ellos el veterano Robert Gesink, que ocup\u00f3 el 4\u00ba lugar en el Tour de Francia en 2010 y el 6\u00ba hace tan s\u00f3lo cuatro a\u00f1os.\u00a0 Steven Kruijswijk tambi\u00e9n est\u00e1 compitiendo y es el tipo de l\u00edder de carrera alternativo que no parecer\u00eda fuera de lugar en el Equipo Ineos &#8211; pero quiz\u00e1s no tan fresco como Rogli\u010d dado su rendimiento estelar para terminar 3\u00ba, y en el podio, en el Tour de Francia de 2019.<\/p>\n<h2><strong>Tadej Poga\u010dar, el futuro<\/strong><\/h2>\n<p>El ciclista del UAE\u00a0\u00a0celebrar\u00e1 su 21\u00ba cumplea\u00f1os menos de una semana despu\u00e9s de que termine la Vuelta. Poga\u010dar puede ser joven, pero los mailots que ha ganado hasta ahora demuestran que el ciclista esloveno debe ser tomado muy en serio. A Poga\u010dar le gusta ganar carreras.<\/p>\n<lite-youtube videoid=221pwXkeHxQ params=\"enablejsapi=1\" style=\"background-image: url('https:\/\/i.ytimg.com\/vi_webp\/221pwXkeHxQ\/maxresdefault.webp');\"><\/lite-youtube>\n<p>S\u00f3lo este a\u00f1o, ha ganado la clasificaci\u00f3n de j\u00f3venes del Pa\u00eds Vasco, Tour de Eslovenia, Vuelta al Algarve y Tour de California\u00a0 y fue el primero en la general en esos dos \u00faltimos tours. Ha ganado su Campeonato Nacional de Carretera por segundo a\u00f1o consecutivo. Si deseas realizar una apuesta valiente, juegatela en Poga\u010dar<\/p>\n<h2><strong>Miguel \u00c1ngel L\u00f3pez es el caballo negro<\/strong><\/h2>\n<p>Richard Carapaz habr\u00eda sido mi segundo favorito para ganar, dados sus logros y su relajada preparaci\u00f3n para la Vuelta, pero su ca\u00edda le deja fuera. Esto deja un rival menos para Miguel \u00c1ngel L\u00f3pez, que parece estar seguro de que va a mejorar en el podio del a\u00f1o pasado.<\/p>\n<lite-youtube videoid=0oVFK0pBG7o params=\"enablejsapi=1\" style=\"background-image: url('https:\/\/i.ytimg.com\/vi_webp\/0oVFK0pBG7o\/maxresdefault.webp');\"><\/lite-youtube>\n<p>El equipo Astana estar\u00e1 encantado de haber resuelto el interrogante sobre el contrato de Fuglsang: el ciclista dan\u00e9s se quedar\u00e1 hasta 2021. Miguel \u00c1ngel L\u00f3pez podr\u00e1 correr sabiendo que cuenta con el apoyo de un hombre capaz de ganar la Vuelta a Andaluc\u00eda, el Criterium Dauphine y el Lieja-Bastogne-Lieja.<\/p>\n<h2><strong>Quintana y Valverde&#8230; convivencia<\/strong><\/h2>\n<p>Ambos son una presencia amenazante en cualquier gran vuelta y juntos son capaces de alterar el desarrollo de la misma. Movistar promete regularmente ser el equipo que pelea con Team Ineos y Quintana mostr\u00f3 un peque\u00f1o destello de lo que se espera de \u00e9l cuando gan\u00f3 la etapa 18 del Tour.<\/p>\n<lite-youtube videoid=kDJLZERjifY params=\"enablejsapi=1\" style=\"background-image: url('https:\/\/i.ytimg.com\/vi_webp\/kDJLZERjifY\/maxresdefault.webp');\"><\/lite-youtube>\n<p>Valverde ha ganado el Campeonato de Espa\u00f1a, as\u00ed como en la Route d&#8217;Occitanie, por lo que puede que est\u00e9 guardando sus fuegos artificiales para el final de temporada, ayudando a Movistar a llevar a Quintana al podio.\u00a0 Esto hace de Quintana una propuesta razonable para los corredores de apuestas pero, honestamente, Quintana de alguna manera hace que cualquier carrera sea convincente s\u00f3lo por estar all\u00ed.<\/p>\n","protected":false},"excerpt":{"rendered":"<p>Este a\u00f1o en La Vuelta faltan algunos ilustres como Froome, Thomas o Dumoulin, lo que invita a la perspectiva de [&hellip;]<\/p>\n","protected":false},"author":29,"featured_media":5256,"comment_status":"open","ping_status":"open","sticky":false,"template":"","format":"standard","meta":{"footnotes":""},"categories":[7],"tags":[1149,44,785,1184,1183,1185,1186],"global-categories":[],"class_list":["post-5251","post","type-post","status-publish","format-standard","has-post-thumbnail","hentry","category-carretera","tag-favoritos-la-vuelta-2019","tag-la-vuelta","tag-la-vuelta-2019","tag-pogacar-la-vuelta","tag-previa-la-vuelta-2019","tag-roglic-la-vuelta","tag-valverde-la-vuelta-2019"],"yoast_head":"<!-- This site is optimized with the Yoast SEO Premium plugin v25.3 (Yoast SEO v25.9) - https:\/\/yoast.com\/wordpress\/plugins\/seo\/ -->\n<title>Favoritos para ganar La Vuelta 2019. De Roglic a Valverde - \u0160koda We Love Cycling - Spain<\/title>\n<meta name=\"description\" content=\"Favoritos para ganar La Vuelta 2019. De Roglic a Valverde. La n\u00f3mina de favoritos con Miguel Angel Lopez, Pogacar o Nairo Quintana.\" \/>\n<meta name=\"robots\" content=\"index, follow, max-snippet:-1, max-image-preview:large, max-video-preview:-1\" \/>\n<link rel=\"canonical\" href=\"https:\/\/www.welovecycling.com\/es\/2019\/08\/23\/favoritos-la-vuelta-2019\/\" \/>\n<meta property=\"og:locale\" content=\"es_ES\" \/>\n<meta property=\"og:type\" content=\"article\" \/>\n<meta property=\"og:title\" content=\"Favoritos para ganar La Vuelta 2019. De Roglic a Valverde\" \/>\n<meta property=\"og:description\" content=\"Favoritos para ganar La Vuelta 2019. De Roglic a Valverde. La n\u00f3mina de favoritos con Miguel Angel Lopez, Pogacar o Nairo Quintana.\" \/>\n<meta property=\"og:url\" content=\"https:\/\/www.welovecycling.com\/es\/2019\/08\/23\/favoritos-la-vuelta-2019\/\" \/>\n<meta property=\"og:site_name\" content=\"\u0160koda We Love Cycling - Spain\" \/>\n<meta property=\"article:published_time\" content=\"2019-08-23T15:21:52+00:00\" \/>\n<meta property=\"og:image\" content=\"https:\/\/d2p6e6u75xmxt8.cloudfront.net\/6\/2019\/08\/La-Vuelta-CVR-profimedia-0466791521.jpg\" \/>\n\t<meta property=\"og:image:width\" content=\"1366\" \/>\n\t<meta property=\"og:image:height\" content=\"600\" \/>\n\t<meta property=\"og:image:type\" content=\"image\/jpeg\" \/>\n<meta name=\"author\" content=\"We Love Cycling Spain\" \/>\n<meta name=\"twitter:card\" content=\"summary_large_image\" \/>\n<meta name=\"twitter:title\" content=\"Favoritos para ganar La Vuelta 2019. De Roglic a Valverde\" \/>\n<meta name=\"twitter:description\" content=\"Favoritos para ganar La Vuelta 2019. De Roglic a Valverde. La n\u00f3mina de favoritos con Miguel Angel Lopez, Pogacar o Nairo Quintana.\" \/>\n<meta name=\"twitter:label1\" content=\"Written by\" \/>\n\t<meta name=\"twitter:data1\" content=\"Christopher Ashley\" \/>\n\t<meta name=\"twitter:label2\" content=\"Est. reading time\" \/>\n\t<meta name=\"twitter:data2\" content=\"5\" \/>\n<script type=\"application\/ld+json\" class=\"yoast-schema-graph\">{\"@context\":\"https:\/\/schema.org\",\"@graph\":[{\"@type\":\"WebPage\",\"@id\":\"https:\/\/www.welovecycling.com\/es\/2019\/08\/23\/favoritos-la-vuelta-2019\/\",\"url\":\"https:\/\/www.welovecycling.com\/es\/2019\/08\/23\/favoritos-la-vuelta-2019\/\",\"name\":\"Favoritos para ganar La Vuelta 2019. De Roglic a Valverde - \u0160koda We Love Cycling - Spain\",\"isPartOf\":{\"@id\":\"https:\/\/www.welovecycling.com\/es\/#website\"},\"primaryImageOfPage\":{\"@id\":\"https:\/\/www.welovecycling.com\/es\/2019\/08\/23\/favoritos-la-vuelta-2019\/#primaryimage\"},\"image\":{\"@id\":\"https:\/\/www.welovecycling.com\/es\/2019\/08\/23\/favoritos-la-vuelta-2019\/#primaryimage\"},\"thumbnailUrl\":\"https:\/\/d2p6e6u75xmxt8.cloudfront.net\/6\/2019\/08\/La-Vuelta-CVR-profimedia-0466791521.jpg\",\"datePublished\":\"2019-08-23T15:21:52+00:00\",\"author\":{\"@id\":\"https:\/\/www.welovecycling.com\/es\/#\/schema\/person\/deb61715b5812698ee79fb96f343ccd4\"},\"description\":\"Favoritos para ganar La Vuelta 2019. De Roglic a Valverde. La n\u00f3mina de favoritos con Miguel Angel Lopez, Pogacar o Nairo Quintana.\",\"breadcrumb\":{\"@id\":\"https:\/\/www.welovecycling.com\/es\/2019\/08\/23\/favoritos-la-vuelta-2019\/#breadcrumb\"},\"inLanguage\":\"es-ES\",\"potentialAction\":[{\"@type\":\"ReadAction\",\"target\":[\"https:\/\/www.welovecycling.com\/es\/2019\/08\/23\/favoritos-la-vuelta-2019\/\"]}]},{\"@type\":\"ImageObject\",\"inLanguage\":\"es-ES\",\"@id\":\"https:\/\/www.welovecycling.com\/es\/2019\/08\/23\/favoritos-la-vuelta-2019\/#primaryimage\",\"url\":\"https:\/\/d2p6e6u75xmxt8.cloudfront.net\/6\/2019\/08\/La-Vuelta-CVR-profimedia-0466791521.jpg\",\"contentUrl\":\"https:\/\/d2p6e6u75xmxt8.cloudfront.net\/6\/2019\/08\/La-Vuelta-CVR-profimedia-0466791521.jpg\",\"width\":1366,\"height\":600},{\"@type\":\"BreadcrumbList\",\"@id\":\"https:\/\/www.welovecycling.com\/es\/2019\/08\/23\/favoritos-la-vuelta-2019\/#breadcrumb\",\"itemListElement\":[{\"@type\":\"ListItem\",\"position\":1,\"name\":\"Home\",\"item\":\"https:\/\/www.welovecycling.com\/es\/\"},{\"@type\":\"ListItem\",\"position\":2,\"name\":\"Favoritos para ganar La Vuelta 2019. De Roglic a Valverde\"}]},{\"@type\":\"WebSite\",\"@id\":\"https:\/\/www.welovecycling.com\/es\/#website\",\"url\":\"https:\/\/www.welovecycling.com\/es\/\",\"name\":\"\u0160koda We Love Cycling - Spain\",\"description\":\"\u0160koda WeLoveCycling Spain\",\"potentialAction\":[{\"@type\":\"SearchAction\",\"target\":{\"@type\":\"EntryPoint\",\"urlTemplate\":\"https:\/\/www.welovecycling.com\/es\/?s={search_term_string}\"},\"query-input\":{\"@type\":\"PropertyValueSpecification\",\"valueRequired\":true,\"valueName\":\"search_term_string\"}}],\"inLanguage\":\"es-ES\"},{\"@type\":\"Person\",\"@id\":\"https:\/\/www.welovecycling.com\/es\/#\/schema\/person\/deb61715b5812698ee79fb96f343ccd4\",\"name\":\"We Love Cycling Spain\",\"image\":{\"@type\":\"ImageObject\",\"inLanguage\":\"es-ES\",\"@id\":\"https:\/\/www.welovecycling.com\/es\/#\/schema\/person\/image\/\",\"url\":\"https:\/\/secure.gravatar.com\/avatar\/c824b04e6df0e37a03219d0b6481672889df542894588964102459e46513159c?s=96&d=mm&r=g\",\"contentUrl\":\"https:\/\/secure.gravatar.com\/avatar\/c824b04e6df0e37a03219d0b6481672889df542894588964102459e46513159c?s=96&d=mm&r=g\",\"caption\":\"We Love Cycling Spain\"},\"url\":\"https:\/\/www.welovecycling.com\/es\/author\/amunoz\/\"}]}<\/script>\n<!-- \/ Yoast SEO Premium plugin. -->","yoast_head_json":{"title":"Favoritos para ganar La Vuelta 2019. De Roglic a Valverde - \u0160koda We Love Cycling - Spain","description":"Favoritos para ganar La Vuelta 2019. De Roglic a Valverde. La n\u00f3mina de favoritos con Miguel Angel Lopez, Pogacar o Nairo Quintana.","robots":{"index":"index","follow":"follow","max-snippet":"max-snippet:-1","max-image-preview":"max-image-preview:large","max-video-preview":"max-video-preview:-1"},"canonical":"https:\/\/www.welovecycling.com\/es\/2019\/08\/23\/favoritos-la-vuelta-2019\/","og_locale":"es_ES","og_type":"article","og_title":"Favoritos para ganar La Vuelta 2019. De Roglic a Valverde","og_description":"Favoritos para ganar La Vuelta 2019. De Roglic a Valverde. La n\u00f3mina de favoritos con Miguel Angel Lopez, Pogacar o Nairo Quintana.","og_url":"https:\/\/www.welovecycling.com\/es\/2019\/08\/23\/favoritos-la-vuelta-2019\/","og_site_name":"\u0160koda We Love Cycling - Spain","article_published_time":"2019-08-23T15:21:52+00:00","og_image":[{"width":1366,"height":600,"url":"https:\/\/d2p6e6u75xmxt8.cloudfront.net\/6\/2019\/08\/La-Vuelta-CVR-profimedia-0466791521.jpg","type":"image\/jpeg"}],"author":"We Love Cycling Spain","twitter_card":"summary_large_image","twitter_title":"Favoritos para ganar La Vuelta 2019. De Roglic a Valverde","twitter_description":"Favoritos para ganar La Vuelta 2019. De Roglic a Valverde. La n\u00f3mina de favoritos con Miguel Angel Lopez, Pogacar o Nairo Quintana.","twitter_misc":{"Written by":"Christopher Ashley","Est. reading time":"5"},"schema":{"@context":"https:\/\/schema.org","@graph":[{"@type":"WebPage","@id":"https:\/\/www.welovecycling.com\/es\/2019\/08\/23\/favoritos-la-vuelta-2019\/","url":"https:\/\/www.welovecycling.com\/es\/2019\/08\/23\/favoritos-la-vuelta-2019\/","name":"Favoritos para ganar La Vuelta 2019. De Roglic a Valverde - \u0160koda We Love Cycling - Spain","isPartOf":{"@id":"https:\/\/www.welovecycling.com\/es\/#website"},"primaryImageOfPage":{"@id":"https:\/\/www.welovecycling.com\/es\/2019\/08\/23\/favoritos-la-vuelta-2019\/#primaryimage"},"image":{"@id":"https:\/\/www.welovecycling.com\/es\/2019\/08\/23\/favoritos-la-vuelta-2019\/#primaryimage"},"thumbnailUrl":"https:\/\/d2p6e6u75xmxt8.cloudfront.net\/6\/2019\/08\/La-Vuelta-CVR-profimedia-0466791521.jpg","datePublished":"2019-08-23T15:21:52+00:00","author":{"@id":"https:\/\/www.welovecycling.com\/es\/#\/schema\/person\/deb61715b5812698ee79fb96f343ccd4"},"description":"Favoritos para ganar La Vuelta 2019. De Roglic a Valverde. La n\u00f3mina de favoritos con Miguel Angel Lopez, Pogacar o Nairo Quintana.","breadcrumb":{"@id":"https:\/\/www.welovecycling.com\/es\/2019\/08\/23\/favoritos-la-vuelta-2019\/#breadcrumb"},"inLanguage":"es-ES","potentialAction":[{"@type":"ReadAction","target":["https:\/\/www.welovecycling.com\/es\/2019\/08\/23\/favoritos-la-vuelta-2019\/"]}]},{"@type":"ImageObject","inLanguage":"es-ES","@id":"https:\/\/www.welovecycling.com\/es\/2019\/08\/23\/favoritos-la-vuelta-2019\/#primaryimage","url":"https:\/\/d2p6e6u75xmxt8.cloudfront.net\/6\/2019\/08\/La-Vuelta-CVR-profimedia-0466791521.jpg","contentUrl":"https:\/\/d2p6e6u75xmxt8.cloudfront.net\/6\/2019\/08\/La-Vuelta-CVR-profimedia-0466791521.jpg","width":1366,"height":600},{"@type":"BreadcrumbList","@id":"https:\/\/www.welovecycling.com\/es\/2019\/08\/23\/favoritos-la-vuelta-2019\/#breadcrumb","itemListElement":[{"@type":"ListItem","position":1,"name":"Home","item":"https:\/\/www.welovecycling.com\/es\/"},{"@type":"ListItem","position":2,"name":"Favoritos para ganar La Vuelta 2019. De Roglic a Valverde"}]},{"@type":"WebSite","@id":"https:\/\/www.welovecycling.com\/es\/#website","url":"https:\/\/www.welovecycling.com\/es\/","name":"\u0160koda We Love Cycling - Spain","description":"\u0160koda WeLoveCycling Spain","potentialAction":[{"@type":"SearchAction","target":{"@type":"EntryPoint","urlTemplate":"https:\/\/www.welovecycling.com\/es\/?s={search_term_string}"},"query-input":{"@type":"PropertyValueSpecification","valueRequired":true,"valueName":"search_term_string"}}],"inLanguage":"es-ES"},{"@type":"Person","@id":"https:\/\/www.welovecycling.com\/es\/#\/schema\/person\/deb61715b5812698ee79fb96f343ccd4","name":"We Love Cycling Spain","image":{"@type":"ImageObject","inLanguage":"es-ES","@id":"https:\/\/www.welovecycling.com\/es\/#\/schema\/person\/image\/","url":"https:\/\/secure.gravatar.com\/avatar\/c824b04e6df0e37a03219d0b6481672889df542894588964102459e46513159c?s=96&d=mm&r=g","contentUrl":"https:\/\/secure.gravatar.com\/avatar\/c824b04e6df0e37a03219d0b6481672889df542894588964102459e46513159c?s=96&d=mm&r=g","caption":"We Love Cycling Spain"},"url":"https:\/\/www.welovecycling.com\/es\/author\/amunoz\/"}]}},"_links":{"self":[{"href":"https:\/\/www.welovecycling.com\/es\/wp-json\/wp\/v2\/posts\/5251","targetHints":{"allow":["GET"]}}],"collection":[{"href":"https:\/\/www.welovecycling.com\/es\/wp-json\/wp\/v2\/posts"}],"about":[{"href":"https:\/\/www.welovecycling.com\/es\/wp-json\/wp\/v2\/types\/post"}],"author":[{"embeddable":true,"href":"https:\/\/www.welovecycling.com\/es\/wp-json\/wp\/v2\/users\/29"}],"replies":[{"embeddable":true,"href":"https:\/\/www.welovecycling.com\/es\/wp-json\/wp\/v2\/comments?post=5251"}],"version-history":[{"count":1,"href":"https:\/\/www.welovecycling.com\/es\/wp-json\/wp\/v2\/posts\/5251\/revisions"}],"predecessor-version":[{"id":5257,"href":"https:\/\/www.welovecycling.com\/es\/wp-json\/wp\/v2\/posts\/5251\/revisions\/5257"}],"wp:featuredmedia":[{"embeddable":true,"href":"https:\/\/www.welovecycling.com\/es\/wp-json\/wp\/v2\/media\/5256"}],"wp:attachment":[{"href":"https:\/\/www.welovecycling.com\/es\/wp-json\/wp\/v2\/media?parent=5251"}],"wp:term":[{"taxonomy":"category","embeddable":true,"href":"https:\/\/www.welovecycling.com\/es\/wp-json\/wp\/v2\/categories?post=5251"},{"taxonomy":"post_tag","embeddable":true,"href":"https:\/\/www.welovecycling.com\/es\/wp-json\/wp\/v2\/tags?post=5251"},{"taxonomy":"global-categories","embeddable":true,"href":"https:\/\/www.welovecycling.com\/es\/wp-json\/wp\/v2\/global-categories?post=5251"}],"curies":[{"name":"wp","href":"https:\/\/api.w.org\/{rel}","templated":true}]}}