{"id":5246,"date":"2019-08-21T19:45:28","date_gmt":"2019-08-21T17:45:28","guid":{"rendered":"https:\/\/www.welovecycling.com\/es\/?p=5246"},"modified":"2019-08-21T19:45:28","modified_gmt":"2019-08-21T17:45:28","slug":"claves-entrenamiento-ciclista-de-verano","status":"publish","type":"post","link":"https:\/\/www.welovecycling.com\/es\/2019\/08\/21\/claves-entrenamiento-ciclista-de-verano\/","title":{"rendered":"Cuatro claves del entrenamiento ciclista de verano"},"content":{"rendered":"<p><strong>Los entrenamientos de verano son complicados, ya que muchos ciclistas no est\u00e1n seguros de c\u00f3mo abordarlos y terminan frustrados. Echemos un vistazo a algunos trucos que te ayudar\u00e1n a salir de la depresi\u00f3n del verano y a mejorar tu estado f\u00edsico, sin importar lo exitosa que haya sido tu temporada hasta ahora.<\/strong><\/p>\n<h2><!--more--><br \/>\n<strong>Evitar la zona gris<\/strong><\/h2>\n<p>El entrenamiento de invierno es m\u00e1s f\u00e1cil en cierto sentido porque tienes las limitaciones de un d\u00eda m\u00e1s corto y un clima desagradable. Eso te hace eficiente, eliges cuidadosamente las etapas largas y f\u00e1ciles, y sacas el m\u00e1ximo provecho de los intensos. El verano es lo contrario. Parece que hay un tiempo interminable y buen tiempo y terminas haciendo la mayor parte de tu entrenamiento en la zona gris &#8211; no lo suficientemente duro como para causar una adaptaci\u00f3n positiva del entrenamiento, y no lo suficientemente f\u00e1cil como para mejorar la recuperaci\u00f3n. Este tipo de entrenamiento est\u00e1 bien a veces, pero demasiado de esto llevar\u00e1 al estancamiento. Aseg\u00farate de tener muchas opciones de recuperaci\u00f3n f\u00e1ciles donde tengas porqu\u00e9 ir r\u00e1pido. Y aprieta m\u00e1s fuerte en tus series.<\/p>\n<p>&nbsp;<\/p>\n<h2><strong>Mantente fresco<\/strong><\/h2>\n<p>La misma raz\u00f3n que mantiene a muchos ciclistas en gris durante el verano les lleva a no tomar suficientes d\u00edas de descanso tambi\u00e9n. Especialmente en verano, con el calor a\u00f1adido y con el a\u00f1adido de &#8220;entrenamiento cruzado&#8221; inesperado en forma de nataci\u00f3n o senderismo durante las vacaciones, es esencial dar a tu cuerpo el descanso necesario. A menos que tengas mucha experiencia y sepas exactamente lo que est\u00e1s haciendo, es mejor que te quedes con un d\u00eda de descanso cada 7 d\u00edas. Si se acerca una carrera o una cicloturista, toma un d\u00eda de descanso dos d\u00edas antes y un d\u00eda f\u00e1cil un d\u00eda antes. Te sorprender\u00e1 lo que puedes hacer con las piernas frescas en verano.<\/p>\n<figure id=\"attachment_5247\" aria-describedby=\"caption-attachment-5247\" style=\"width: 1000px\" class=\"wp-caption alignnone\"><a href=\"https:\/\/d2p6e6u75xmxt8.cloudfront.net\/6\/2019\/08\/summer-riding-profimedia-0406371725.jpg\"><img loading=\"lazy\" decoding=\"async\" class=\"wp-image-5247 size-full\" src=\"https:\/\/d2p6e6u75xmxt8.cloudfront.net\/6\/2019\/08\/summer-riding-profimedia-0406371725.jpg\" alt=\"\" width=\"1000\" height=\"667\" srcset=\"https:\/\/d2p6e6u75xmxt8.cloudfront.net\/6\/2019\/08\/summer-riding-profimedia-0406371725.jpg 1000w, https:\/\/d2p6e6u75xmxt8.cloudfront.net\/6\/2019\/08\/summer-riding-profimedia-0406371725-300x200.jpg 300w, https:\/\/d2p6e6u75xmxt8.cloudfront.net\/6\/2019\/08\/summer-riding-profimedia-0406371725-768x512.jpg 768w, https:\/\/d2p6e6u75xmxt8.cloudfront.net\/6\/2019\/08\/summer-riding-profimedia-0406371725-272x182.jpg 272w\" sizes=\"auto, (max-width: 1000px) 100vw, 1000px\" \/><\/a><figcaption id=\"caption-attachment-5247\" class=\"wp-caption-text\">Las subidas habituales y el tempo aer\u00f3bico est\u00e1ndar combinado con mucho calor pueden hacer que su temperatura corporal aumente r\u00e1pidamente.. \u00a9 Profimedia, DPphoto<\/figcaption><\/figure>\n<h2><strong><br \/>\nApuntate a un evento<\/strong><\/h2>\n<p>Un problema com\u00fan del verano es la falta de objetivos. Con la temporada de vacaciones en progreso y una ola de actividades de verano tratando de robar tu atenci\u00f3n, puede ser dif\u00edcil encontrar la motivaci\u00f3n para un entrenamiento estructurado. Una cosa que hace las cosas simples y claras es una carrera. Si te encuentras a la deriva, no sabes c\u00f3mo acercarte a los entrenamientos de verano, inscr\u00edbete en un evento. El pago de la inscripci\u00f3n te dar\u00e1 un incentivo financiero y marcar una fecha en tu calendario. Todo lo que queda es planificar tus sesiones de entrenamiento en funci\u00f3n de tu estado f\u00edsico y el tiempo que te queda.<\/p>\n<h2><strong>Planteate un reto<\/strong><\/h2>\n<p>No siempre es la aptitud f\u00edsica lo que importa en los entrenamientos de verano. Podr\u00eda ser algo psicol\u00f3gico. Tal vez tuviste algunos contratiempos y el entrenamiento no est\u00e1 yendo seg\u00fan lo planeado. O tal vez simplemente no te sientas inspirado por los eventos a los que te inscribiste y est\u00e9s cansado de los entrenamientos repetitivos. Es entonces cuando es esencial traer de vuelta la diversi\u00f3n y la emoci\u00f3n de entrenar para algo nuevo. Encontrar un evento que te desaf\u00ede de una manera diferente es clave. Tal vez es inscribirse en una carrera que es m\u00e1s larga que cualquier otra que hayas hecho antes. Tal vez sea un nuevo estilo de competici\u00f3n como una contrarreloj, o una nueva superficie como la grava. El desaf\u00edo adecuado te har\u00e1 querer subirte al sill\u00edn y empezar a entrenar de inmediato<\/p>\n","protected":false},"excerpt":{"rendered":"<p>Los entrenamientos de verano son complicados, ya que muchos ciclistas no est\u00e1n seguros de c\u00f3mo abordarlos y terminan frustrados. Echemos [&hellip;]<\/p>\n","protected":false},"author":29,"featured_media":5249,"comment_status":"open","ping_status":"open","sticky":false,"template":"","format":"standard","meta":{"footnotes":""},"categories":[7,9],"tags":[1144,1142,1182],"global-categories":[],"class_list":["post-5246","post","type-post","status-publish","format-standard","has-post-thumbnail","hentry","category-carretera","category-mtb-aventura","tag-entrenamiento-ciclismo","tag-entrenamiento-ciclista-de-verano","tag-entrenar-en-verano"],"yoast_head":"<!-- This site is optimized with the Yoast SEO Premium plugin v25.3 (Yoast SEO v25.9) - https:\/\/yoast.com\/wordpress\/plugins\/seo\/ -->\n<title>Cuatro claves del entrenamiento ciclista de verano - \u0160koda We Love Cycling - Spain<\/title>\n<meta name=\"description\" content=\"Cuatro claves del entrenamiento ciclista de verano. Evitar la zona gris, dar descanso, apuntarse a una cicloturista y plantearse un nuevo reto.\" \/>\n<meta name=\"robots\" content=\"index, follow, max-snippet:-1, max-image-preview:large, max-video-preview:-1\" \/>\n<link rel=\"canonical\" href=\"https:\/\/www.welovecycling.com\/es\/2019\/08\/21\/claves-entrenamiento-ciclista-de-verano\/\" \/>\n<meta property=\"og:locale\" content=\"es_ES\" \/>\n<meta property=\"og:type\" content=\"article\" \/>\n<meta property=\"og:title\" content=\"Cuatro claves del entrenamiento ciclista de verano\" \/>\n<meta property=\"og:description\" content=\"Cuatro claves del entrenamiento ciclista de verano. Evitar la zona gris, dar descanso, apuntarse a una cicloturista y plantearse un nuevo reto.\" \/>\n<meta property=\"og:url\" content=\"https:\/\/www.welovecycling.com\/es\/2019\/08\/21\/claves-entrenamiento-ciclista-de-verano\/\" \/>\n<meta property=\"og:site_name\" content=\"\u0160koda We Love Cycling - Spain\" \/>\n<meta property=\"article:published_time\" content=\"2019-08-21T17:45:28+00:00\" \/>\n<meta property=\"og:image\" content=\"https:\/\/d2p6e6u75xmxt8.cloudfront.net\/6\/2019\/08\/summer-riding-profimedia-0222893373-CVR.jpg\" \/>\n\t<meta property=\"og:image:width\" content=\"1366\" \/>\n\t<meta property=\"og:image:height\" content=\"600\" \/>\n\t<meta property=\"og:image:type\" content=\"image\/jpeg\" \/>\n<meta name=\"author\" content=\"We Love Cycling Spain\" \/>\n<meta name=\"twitter:card\" content=\"summary_large_image\" \/>\n<meta name=\"twitter:title\" content=\"Cuatro claves del entrenamiento ciclista de verano\" \/>\n<meta name=\"twitter:description\" content=\"Cuatro claves del entrenamiento ciclista de verano. Evitar la zona gris, dar descanso, apuntarse a una cicloturista y plantearse un nuevo reto.\" \/>\n<meta name=\"twitter:label1\" content=\"Written by\" \/>\n\t<meta name=\"twitter:data1\" content=\"Jiri Kaloc\" \/>\n\t<meta name=\"twitter:label2\" content=\"Est. reading time\" \/>\n\t<meta name=\"twitter:data2\" content=\"4\" \/>\n<script type=\"application\/ld+json\" class=\"yoast-schema-graph\">{\"@context\":\"https:\/\/schema.org\",\"@graph\":[{\"@type\":\"WebPage\",\"@id\":\"https:\/\/www.welovecycling.com\/es\/2019\/08\/21\/claves-entrenamiento-ciclista-de-verano\/\",\"url\":\"https:\/\/www.welovecycling.com\/es\/2019\/08\/21\/claves-entrenamiento-ciclista-de-verano\/\",\"name\":\"Cuatro claves del entrenamiento ciclista de verano - \u0160koda We Love Cycling - Spain\",\"isPartOf\":{\"@id\":\"https:\/\/www.welovecycling.com\/es\/#website\"},\"primaryImageOfPage\":{\"@id\":\"https:\/\/www.welovecycling.com\/es\/2019\/08\/21\/claves-entrenamiento-ciclista-de-verano\/#primaryimage\"},\"image\":{\"@id\":\"https:\/\/www.welovecycling.com\/es\/2019\/08\/21\/claves-entrenamiento-ciclista-de-verano\/#primaryimage\"},\"thumbnailUrl\":\"https:\/\/d2p6e6u75xmxt8.cloudfront.net\/6\/2019\/08\/summer-riding-profimedia-0222893373-CVR.jpg\",\"datePublished\":\"2019-08-21T17:45:28+00:00\",\"author\":{\"@id\":\"https:\/\/www.welovecycling.com\/es\/#\/schema\/person\/deb61715b5812698ee79fb96f343ccd4\"},\"description\":\"Cuatro claves del entrenamiento ciclista de verano. Evitar la zona gris, dar descanso, apuntarse a una cicloturista y plantearse un nuevo reto.\",\"breadcrumb\":{\"@id\":\"https:\/\/www.welovecycling.com\/es\/2019\/08\/21\/claves-entrenamiento-ciclista-de-verano\/#breadcrumb\"},\"inLanguage\":\"es-ES\",\"potentialAction\":[{\"@type\":\"ReadAction\",\"target\":[\"https:\/\/www.welovecycling.com\/es\/2019\/08\/21\/claves-entrenamiento-ciclista-de-verano\/\"]}]},{\"@type\":\"ImageObject\",\"inLanguage\":\"es-ES\",\"@id\":\"https:\/\/www.welovecycling.com\/es\/2019\/08\/21\/claves-entrenamiento-ciclista-de-verano\/#primaryimage\",\"url\":\"https:\/\/d2p6e6u75xmxt8.cloudfront.net\/6\/2019\/08\/summer-riding-profimedia-0222893373-CVR.jpg\",\"contentUrl\":\"https:\/\/d2p6e6u75xmxt8.cloudfront.net\/6\/2019\/08\/summer-riding-profimedia-0222893373-CVR.jpg\",\"width\":1366,\"height\":600},{\"@type\":\"BreadcrumbList\",\"@id\":\"https:\/\/www.welovecycling.com\/es\/2019\/08\/21\/claves-entrenamiento-ciclista-de-verano\/#breadcrumb\",\"itemListElement\":[{\"@type\":\"ListItem\",\"position\":1,\"name\":\"Home\",\"item\":\"https:\/\/www.welovecycling.com\/es\/\"},{\"@type\":\"ListItem\",\"position\":2,\"name\":\"Cuatro claves del entrenamiento ciclista de verano\"}]},{\"@type\":\"WebSite\",\"@id\":\"https:\/\/www.welovecycling.com\/es\/#website\",\"url\":\"https:\/\/www.welovecycling.com\/es\/\",\"name\":\"\u0160koda We Love Cycling - Spain\",\"description\":\"\u0160koda WeLoveCycling Spain\",\"potentialAction\":[{\"@type\":\"SearchAction\",\"target\":{\"@type\":\"EntryPoint\",\"urlTemplate\":\"https:\/\/www.welovecycling.com\/es\/?s={search_term_string}\"},\"query-input\":{\"@type\":\"PropertyValueSpecification\",\"valueRequired\":true,\"valueName\":\"search_term_string\"}}],\"inLanguage\":\"es-ES\"},{\"@type\":\"Person\",\"@id\":\"https:\/\/www.welovecycling.com\/es\/#\/schema\/person\/deb61715b5812698ee79fb96f343ccd4\",\"name\":\"We Love Cycling Spain\",\"image\":{\"@type\":\"ImageObject\",\"inLanguage\":\"es-ES\",\"@id\":\"https:\/\/www.welovecycling.com\/es\/#\/schema\/person\/image\/\",\"url\":\"https:\/\/secure.gravatar.com\/avatar\/c824b04e6df0e37a03219d0b6481672889df542894588964102459e46513159c?s=96&d=mm&r=g\",\"contentUrl\":\"https:\/\/secure.gravatar.com\/avatar\/c824b04e6df0e37a03219d0b6481672889df542894588964102459e46513159c?s=96&d=mm&r=g\",\"caption\":\"We Love Cycling Spain\"},\"url\":\"https:\/\/www.welovecycling.com\/es\/author\/amunoz\/\"}]}<\/script>\n<!-- \/ Yoast SEO Premium plugin. -->","yoast_head_json":{"title":"Cuatro claves del entrenamiento ciclista de verano - \u0160koda We Love Cycling - Spain","description":"Cuatro claves del entrenamiento ciclista de verano. Evitar la zona gris, dar descanso, apuntarse a una cicloturista y plantearse un nuevo reto.","robots":{"index":"index","follow":"follow","max-snippet":"max-snippet:-1","max-image-preview":"max-image-preview:large","max-video-preview":"max-video-preview:-1"},"canonical":"https:\/\/www.welovecycling.com\/es\/2019\/08\/21\/claves-entrenamiento-ciclista-de-verano\/","og_locale":"es_ES","og_type":"article","og_title":"Cuatro claves del entrenamiento ciclista de verano","og_description":"Cuatro claves del entrenamiento ciclista de verano. Evitar la zona gris, dar descanso, apuntarse a una cicloturista y plantearse un nuevo reto.","og_url":"https:\/\/www.welovecycling.com\/es\/2019\/08\/21\/claves-entrenamiento-ciclista-de-verano\/","og_site_name":"\u0160koda We Love Cycling - Spain","article_published_time":"2019-08-21T17:45:28+00:00","og_image":[{"width":1366,"height":600,"url":"https:\/\/d2p6e6u75xmxt8.cloudfront.net\/6\/2019\/08\/summer-riding-profimedia-0222893373-CVR.jpg","type":"image\/jpeg"}],"author":"We Love Cycling Spain","twitter_card":"summary_large_image","twitter_title":"Cuatro claves del entrenamiento ciclista de verano","twitter_description":"Cuatro claves del entrenamiento ciclista de verano. Evitar la zona gris, dar descanso, apuntarse a una cicloturista y plantearse un nuevo reto.","twitter_misc":{"Written by":"Jiri Kaloc","Est. reading time":"4"},"schema":{"@context":"https:\/\/schema.org","@graph":[{"@type":"WebPage","@id":"https:\/\/www.welovecycling.com\/es\/2019\/08\/21\/claves-entrenamiento-ciclista-de-verano\/","url":"https:\/\/www.welovecycling.com\/es\/2019\/08\/21\/claves-entrenamiento-ciclista-de-verano\/","name":"Cuatro claves del entrenamiento ciclista de verano - \u0160koda We Love Cycling - Spain","isPartOf":{"@id":"https:\/\/www.welovecycling.com\/es\/#website"},"primaryImageOfPage":{"@id":"https:\/\/www.welovecycling.com\/es\/2019\/08\/21\/claves-entrenamiento-ciclista-de-verano\/#primaryimage"},"image":{"@id":"https:\/\/www.welovecycling.com\/es\/2019\/08\/21\/claves-entrenamiento-ciclista-de-verano\/#primaryimage"},"thumbnailUrl":"https:\/\/d2p6e6u75xmxt8.cloudfront.net\/6\/2019\/08\/summer-riding-profimedia-0222893373-CVR.jpg","datePublished":"2019-08-21T17:45:28+00:00","author":{"@id":"https:\/\/www.welovecycling.com\/es\/#\/schema\/person\/deb61715b5812698ee79fb96f343ccd4"},"description":"Cuatro claves del entrenamiento ciclista de verano. Evitar la zona gris, dar descanso, apuntarse a una cicloturista y plantearse un nuevo reto.","breadcrumb":{"@id":"https:\/\/www.welovecycling.com\/es\/2019\/08\/21\/claves-entrenamiento-ciclista-de-verano\/#breadcrumb"},"inLanguage":"es-ES","potentialAction":[{"@type":"ReadAction","target":["https:\/\/www.welovecycling.com\/es\/2019\/08\/21\/claves-entrenamiento-ciclista-de-verano\/"]}]},{"@type":"ImageObject","inLanguage":"es-ES","@id":"https:\/\/www.welovecycling.com\/es\/2019\/08\/21\/claves-entrenamiento-ciclista-de-verano\/#primaryimage","url":"https:\/\/d2p6e6u75xmxt8.cloudfront.net\/6\/2019\/08\/summer-riding-profimedia-0222893373-CVR.jpg","contentUrl":"https:\/\/d2p6e6u75xmxt8.cloudfront.net\/6\/2019\/08\/summer-riding-profimedia-0222893373-CVR.jpg","width":1366,"height":600},{"@type":"BreadcrumbList","@id":"https:\/\/www.welovecycling.com\/es\/2019\/08\/21\/claves-entrenamiento-ciclista-de-verano\/#breadcrumb","itemListElement":[{"@type":"ListItem","position":1,"name":"Home","item":"https:\/\/www.welovecycling.com\/es\/"},{"@type":"ListItem","position":2,"name":"Cuatro claves del entrenamiento ciclista de verano"}]},{"@type":"WebSite","@id":"https:\/\/www.welovecycling.com\/es\/#website","url":"https:\/\/www.welovecycling.com\/es\/","name":"\u0160koda We Love Cycling - Spain","description":"\u0160koda WeLoveCycling Spain","potentialAction":[{"@type":"SearchAction","target":{"@type":"EntryPoint","urlTemplate":"https:\/\/www.welovecycling.com\/es\/?s={search_term_string}"},"query-input":{"@type":"PropertyValueSpecification","valueRequired":true,"valueName":"search_term_string"}}],"inLanguage":"es-ES"},{"@type":"Person","@id":"https:\/\/www.welovecycling.com\/es\/#\/schema\/person\/deb61715b5812698ee79fb96f343ccd4","name":"We Love Cycling Spain","image":{"@type":"ImageObject","inLanguage":"es-ES","@id":"https:\/\/www.welovecycling.com\/es\/#\/schema\/person\/image\/","url":"https:\/\/secure.gravatar.com\/avatar\/c824b04e6df0e37a03219d0b6481672889df542894588964102459e46513159c?s=96&d=mm&r=g","contentUrl":"https:\/\/secure.gravatar.com\/avatar\/c824b04e6df0e37a03219d0b6481672889df542894588964102459e46513159c?s=96&d=mm&r=g","caption":"We Love Cycling Spain"},"url":"https:\/\/www.welovecycling.com\/es\/author\/amunoz\/"}]}},"_links":{"self":[{"href":"https:\/\/www.welovecycling.com\/es\/wp-json\/wp\/v2\/posts\/5246","targetHints":{"allow":["GET"]}}],"collection":[{"href":"https:\/\/www.welovecycling.com\/es\/wp-json\/wp\/v2\/posts"}],"about":[{"href":"https:\/\/www.welovecycling.com\/es\/wp-json\/wp\/v2\/types\/post"}],"author":[{"embeddable":true,"href":"https:\/\/www.welovecycling.com\/es\/wp-json\/wp\/v2\/users\/29"}],"replies":[{"embeddable":true,"href":"https:\/\/www.welovecycling.com\/es\/wp-json\/wp\/v2\/comments?post=5246"}],"version-history":[{"count":2,"href":"https:\/\/www.welovecycling.com\/es\/wp-json\/wp\/v2\/posts\/5246\/revisions"}],"predecessor-version":[{"id":5250,"href":"https:\/\/www.welovecycling.com\/es\/wp-json\/wp\/v2\/posts\/5246\/revisions\/5250"}],"wp:featuredmedia":[{"embeddable":true,"href":"https:\/\/www.welovecycling.com\/es\/wp-json\/wp\/v2\/media\/5249"}],"wp:attachment":[{"href":"https:\/\/www.welovecycling.com\/es\/wp-json\/wp\/v2\/media?parent=5246"}],"wp:term":[{"taxonomy":"category","embeddable":true,"href":"https:\/\/www.welovecycling.com\/es\/wp-json\/wp\/v2\/categories?post=5246"},{"taxonomy":"post_tag","embeddable":true,"href":"https:\/\/www.welovecycling.com\/es\/wp-json\/wp\/v2\/tags?post=5246"},{"taxonomy":"global-categories","embeddable":true,"href":"https:\/\/www.welovecycling.com\/es\/wp-json\/wp\/v2\/global-categories?post=5246"}],"curies":[{"name":"wp","href":"https:\/\/api.w.org\/{rel}","templated":true}]}}