{"id":5220,"date":"2019-08-13T19:41:40","date_gmt":"2019-08-13T17:41:40","guid":{"rendered":"https:\/\/www.welovecycling.com\/es\/?p=5220"},"modified":"2019-08-19T10:08:23","modified_gmt":"2019-08-19T08:08:23","slug":"andorra-mas-alla-de-la-purito-los-otros-puertos","status":"publish","type":"post","link":"https:\/\/www.welovecycling.com\/es\/2019\/08\/13\/andorra-mas-alla-de-la-purito-los-otros-puertos\/","title":{"rendered":"Andorra m\u00e1s all\u00e1 de La Purito. Los otros puertos"},"content":{"rendered":"<p><strong>Con solo cinco ediciones La Purito Andorra se ha convertido en una de las marchas referencia de Europa y, sin duda, en una de las m\u00e1s duras. En solo 140 kil\u00f3metros se suben seis puertos y 5.000 metros de desnivel acumulado. En un pa\u00eds tan peque\u00f1o en extensi\u00f3n como Andorra se pensar\u00eda que ya se ha subido todo, pero hay mucho m\u00e1s por descubrir.<\/strong><!--more--><\/p>\n<p>As\u00ed que en los d\u00edas previos y posteriores a La Purito Andorra 2019 nos propusimos recorrer el resto de los puertos de Andorra a excepci\u00f3n de Envalira, que soporta toda la carga de tr\u00e1fico de los que van de un lado a otro de la frontera porque es la carretera que da acceso a Francia y Espa\u00f1a y atraviesa todo el pa\u00eds.<\/p>\n<p>Lo mejor, que para dise\u00f1ar etapas es muy sencillo ya que est\u00e1n todos juntos. Solo hay que ir enlazando subidas&#8230; y tener piernas, claro, porque al final se acumulan los metros de desnivel. <strong>De la lista hemos descartado las otras vertientes de cuatro puertos de La Purito, Beixalis, Ordino, La Rabassa (que se llama La Peguera) y La Gallina<\/strong>. Adem\u00e1s de Cortals d&#8217;Encamp, que solo tiene una cara.<\/p>\n<h2><strong>Port de Cab\u00fas (2.328 metros, 22 km)<\/strong><\/h2>\n<p>Es uno de los grandes desconocidos de Andorra y quiz\u00e1s el puerto con mejores paisajes, sobre todo en su parte final. En realidad es la suma de varias subidas, <strong>coll de Pal y coll de la Botella, pero se corona a\u00a0 2.328 metros, m\u00e1s alto que Tourmalet,<\/strong> por ejemplo, lo que le da un perfil de puerto alpino m\u00e1s que pirenaico.<\/p>\n<p>En total de subida son 22 kil\u00f3metros si sales desde Andorra, pero que puedes alargar otros ocho m\u00e1s si partes desde el pueblo m\u00e1s bajo de Andorra, Sant Julia de Loria. La parte inicial hasta La Massana todav\u00eda tiene alguna rampa dura, que se aplana al paso por el municipio. Una rotonda y un giro a la izquierda marcan el inicio de la subida hasta el pueblo de Pal, siempre con desniveles por debajo del 7%.<\/p>\n<p><a href=\"https:\/\/d2p6e6u75xmxt8.cloudfront.net\/6\/2019\/08\/PURITO-58.JPG.jpg\"><img loading=\"lazy\" decoding=\"async\" class=\"aligncenter size-large wp-image-5224\" src=\"https:\/\/d2p6e6u75xmxt8.cloudfront.net\/6\/2019\/08\/PURITO-58.JPG-1024x613.jpg\" alt=\"\" width=\"1024\" height=\"613\" srcset=\"https:\/\/d2p6e6u75xmxt8.cloudfront.net\/6\/2019\/08\/PURITO-58.JPG-1024x613.jpg 1024w, https:\/\/d2p6e6u75xmxt8.cloudfront.net\/6\/2019\/08\/PURITO-58.JPG-300x180.jpg 300w, https:\/\/d2p6e6u75xmxt8.cloudfront.net\/6\/2019\/08\/PURITO-58.JPG-768x460.jpg 768w, https:\/\/d2p6e6u75xmxt8.cloudfront.net\/6\/2019\/08\/PURITO-58.JPG.jpg 1200w\" sizes=\"auto, (max-width: 1024px) 100vw, 1024px\" \/><\/a><\/p>\n<p>Desde Pal (ojo, el pueblo, no la estaci\u00f3n de esqu\u00ed)<strong> se afrontan los seis kil\u00f3metros m\u00e1s duros de la subida, con un inicio al 12% y rampas medias al 8 y 9%, alternadas con alg\u00fan descansillo. A seis de coronar est\u00e1 el desv\u00edo a la izquierda a la estaci\u00f3n de esqu\u00ed de Pal<\/strong>. Eso s\u00ed, la dureza se mantiene hasta despu\u00e9s de coronar el Col de la Botella. All\u00ed el asfalto empeora y tiene dos kil\u00f3metros por encima del 7%. Eso s\u00ed, los tres finales disminuye el desnivel hasta acabar en un falso llano.<\/p>\n<p>La cima, a 2.328 metros de altitud no tiene descenso asfaltado hacia la otra cara, es de tierra y era la ruta que utilizaban los contrabandistas para sacar mercancias a Espa\u00f1a.<\/p>\n<p><img loading=\"lazy\" decoding=\"async\" class=\"alignnone size-extra-large\" src=\"https:\/\/www.climbbybike.com\/profile\/Port_de_Cabus_Andorra_profile.gif\" width=\"1136\" height=\"673\" \/><\/p>\n<h2><strong>Arcalis (2.225 metros, 18 km)<\/strong><\/h2>\n<p>La subida a <strong>Arcalis suena entre el p\u00fablico ciclista por las tres ocasiones en las que ha llegado el Tour, 1997, 2009 y 2016,<\/strong> en las dos primeras precedidas de la subida al puerto de Ordino. Pero, ojo, son dos ascensiones totalmente independientes. La de Arcalis parte del municipio de Ordino y justo en el sentido contrario al puerto de Ordino.<\/p>\n<p>Por distancia y dureza es similar a la de Port de Cabus. Normalmente se toma desde <strong>Ordino<\/strong>, pero para llegar hasta ah\u00ed hay que rodar otros seis kil\u00f3metros, la mayor\u00eda cuesta arriba, desde Andorra La Vella.<\/p>\n<p><a href=\"https:\/\/d2p6e6u75xmxt8.cloudfront.net\/6\/2019\/08\/PURITO-79.JPG.jpg\"><img loading=\"lazy\" decoding=\"async\" class=\"aligncenter size-large wp-image-5225\" src=\"https:\/\/d2p6e6u75xmxt8.cloudfront.net\/6\/2019\/08\/PURITO-79.JPG-1024x593.jpg\" alt=\"\" width=\"1024\" height=\"593\" srcset=\"https:\/\/d2p6e6u75xmxt8.cloudfront.net\/6\/2019\/08\/PURITO-79.JPG-1024x593.jpg 1024w, https:\/\/d2p6e6u75xmxt8.cloudfront.net\/6\/2019\/08\/PURITO-79.JPG-300x174.jpg 300w, https:\/\/d2p6e6u75xmxt8.cloudfront.net\/6\/2019\/08\/PURITO-79.JPG-768x445.jpg 768w, https:\/\/d2p6e6u75xmxt8.cloudfront.net\/6\/2019\/08\/PURITO-79.JPG.jpg 1200w\" sizes=\"auto, (max-width: 1024px) 100vw, 1024px\" \/><\/a><\/p>\n<p>Los primeros siete kil\u00f3metros son de un ligero ascenso entre los municipios de la zona. Cuando faltan 11 para coronar se inicia el<strong> tramo Strava (est\u00e1 marcado)<\/strong> y los cuatro kil\u00f3metros m\u00e1s duros de subida con alguna rampa al 12% y medias totales del kil\u00f3metro en torno al 8%. Al pasar el t\u00fanel de homenaje al Tour baja el desnivel y los \u00faltimos siete se mantienen entre el 6 y el 7% de media. La ventaja, que los \u00faltimos cinco en verano est\u00e1n totalmente cerrados al tr\u00e1fico de veh\u00edculos a motor y que las vistas desde la cima son espectaculares.<\/p>\n<p><img loading=\"lazy\" decoding=\"async\" class=\"alignnone size-extra-large\" src=\"https:\/\/www.climbbybike.com\/profile\/Arcalis_Ordino_profile.jpg\" width=\"1420\" height=\"699\" \/><\/p>\n<h2><strong>Lac de Engolasters (1639 metros, 6,1 km)<\/strong><\/h2>\n<p>La ascensi\u00f3n a<a href=\"https:\/\/www.lavuelta.es\/es\/etapa-9\"> Engolasters<\/a> va a debutar en 2019 en La Vuelta a Espa\u00f1a. No lo ha hecho antes porque la carretera asfaltada se termina justo antes de llegar al Lago, pero la Vuelta har\u00e1 cinco kil\u00f3metros de tierra desde Engolasters hasta Cortals d&#8217;Encamp para enlazar el recorrido con este puerto.<\/p>\n<p>Para subir a<strong> Engolasters<\/strong> hay que hacer el primer kil\u00f3metro de la ascensi\u00f3n a La Comella por Escaldes, que es com\u00fan a ambos puertos. Y, como toda la ascensi\u00f3n, es al 9,5 o 10%. En el cruce se gira a la izquierda para afrontar otros tres kil\u00f3metros seguidos con rampas al 10% y alg\u00fan pico al 12 o 13%.<\/p>\n<p><a href=\"https:\/\/d2p6e6u75xmxt8.cloudfront.net\/6\/2019\/08\/PURITO-6.JPG.jpg\"><img loading=\"lazy\" decoding=\"async\" class=\"aligncenter size-full wp-image-5226\" src=\"https:\/\/d2p6e6u75xmxt8.cloudfront.net\/6\/2019\/08\/PURITO-6.JPG.jpg\" alt=\"\" width=\"986\" height=\"800\" srcset=\"https:\/\/d2p6e6u75xmxt8.cloudfront.net\/6\/2019\/08\/PURITO-6.JPG.jpg 986w, https:\/\/d2p6e6u75xmxt8.cloudfront.net\/6\/2019\/08\/PURITO-6.JPG-300x243.jpg 300w, https:\/\/d2p6e6u75xmxt8.cloudfront.net\/6\/2019\/08\/PURITO-6.JPG-768x623.jpg 768w\" sizes=\"auto, (max-width: 986px) 100vw, 986px\" \/><\/a><\/p>\n<p>El descansillo (al 6%) llega en el kil\u00f3metro de la Capilla de St Miguel de Engolasters, pero desde all\u00ed todav\u00eda resta otro kil\u00f3metro y medio al 8%. Al final, algo m\u00e1s de seis kil\u00f3metros de subida con una media cercana al 9,5%. Duro, duro.<\/p>\n<figure style=\"width: 700px\" class=\"wp-caption alignnone\"><img loading=\"lazy\" decoding=\"async\" class=\"size-extra-large\" src=\"http:\/\/www.ramacabici.com\/altimetrias\/engolasters.PNG\" alt=\"Fuente: http:\/\/www.ramacabici.com\/altimetrias\/engolasters.htm\" width=\"700\" height=\"460\" \/><figcaption class=\"wp-caption-text\">Fuente: http:\/\/www.ramacabici.com\/altimetrias\/engolasters.htm<\/figcaption><\/figure>\n<p>&nbsp;<\/p>\n<h2><strong>Os de Civis (1724 metros, 9,5 km)<\/strong><\/h2>\n<p>La subida a <strong>Os de Civis<\/strong> tiene la curiosidad de que los seis primeros kil\u00f3metros se hacen por Andorra y los 3,5 \u00faltimos ya dentro de Espa\u00f1a. <strong>Eso s\u00ed, todos de contin\u00faa subida y con dureza porque al final en los 9,5 kil\u00f3metros de subida se ascienden casi 800 metros de desnivel, es decir, una media nada despreciable cercana al 8%<\/strong>. Un aut\u00e9ntico puertaco en cualquier lugar de Espa\u00f1a.<\/p>\n<p>Parte de Sant Julia y comparte los primeros cuatro kil\u00f3metros con la subida al <strong>Coll de La Gallina<\/strong> desde Canolich. Carretera buena, bien asfaltada, ancha, pero siempre al 11%. Solo dos descansillos en forma de bajada disminuyen el desnivel. Desde el cruce a la Gallina se entra en dos kil\u00f3metros al 6% y una paisaje espectacular, con bosque, garganta de piedra y un r\u00edo.<\/p>\n<p><a href=\"https:\/\/d2p6e6u75xmxt8.cloudfront.net\/6\/2019\/08\/PURITO-87.JPG.jpg\"><img loading=\"lazy\" decoding=\"async\" class=\"aligncenter size-large wp-image-5227\" src=\"https:\/\/d2p6e6u75xmxt8.cloudfront.net\/6\/2019\/08\/PURITO-87.JPG-1024x688.jpg\" alt=\"\" width=\"1024\" height=\"688\" srcset=\"https:\/\/d2p6e6u75xmxt8.cloudfront.net\/6\/2019\/08\/PURITO-87.JPG-1024x688.jpg 1024w, https:\/\/d2p6e6u75xmxt8.cloudfront.net\/6\/2019\/08\/PURITO-87.JPG-300x202.jpg 300w, https:\/\/d2p6e6u75xmxt8.cloudfront.net\/6\/2019\/08\/PURITO-87.JPG-768x516.jpg 768w, https:\/\/d2p6e6u75xmxt8.cloudfront.net\/6\/2019\/08\/PURITO-87.JPG-272x182.jpg 272w, https:\/\/d2p6e6u75xmxt8.cloudfront.net\/6\/2019\/08\/PURITO-87.JPG.jpg 1190w\" sizes=\"auto, (max-width: 1024px) 100vw, 1024px\" \/><\/a><\/p>\n<p>A Espa\u00f1a se entra con una rampa del 9% que se mantiene hasta el pueblo de Os de Civis. Desde all\u00ed queda el remate final. E<strong>l asfalto se hace antiguo y roto y el desnivel se pone al 12% de media, con rampas de hasta el 18% para llegar al restaurante donde se acaba la carretera.<\/strong><\/p>\n<figure style=\"width: 700px\" class=\"wp-caption alignnone\"><img loading=\"lazy\" decoding=\"async\" class=\"size-extra-large\" src=\"http:\/\/www.ramacabici.com\/altimetrias\/oscivis.PNG\" alt=\"Fuente: http:\/\/www.ramacabici.com\/altimetrias\/oscivis.PNG\" width=\"700\" height=\"480\" \/><figcaption class=\"wp-caption-text\">Fuente: http:\/\/www.ramacabici.com\/altimetrias\/oscivis.PNG<\/figcaption><\/figure>\n","protected":false},"excerpt":{"rendered":"<p>Con solo cinco ediciones La Purito Andorra se ha convertido en una de las marchas referencia de Europa y, sin [&hellip;]<\/p>\n","protected":false},"author":29,"featured_media":5223,"comment_status":"open","ping_status":"open","sticky":false,"template":"","format":"standard","meta":{"footnotes":""},"categories":[7],"tags":[1179,1180,1181,789],"global-categories":[],"class_list":["post-5220","post","type-post","status-publish","format-standard","has-post-thumbnail","hentry","category-carretera","tag-ciclismo-andorra","tag-puertos-de-andorra","tag-puertos-pirineos","tag-sterrato-andorra-2019"],"yoast_head":"<!-- This site is optimized with the Yoast SEO Premium plugin v25.3 (Yoast SEO v25.9) - https:\/\/yoast.com\/wordpress\/plugins\/seo\/ -->\n<title>Andorra m\u00e1s all\u00e1 de La Purito. Los otros puertos - \u0160koda We Love Cycling - Spain<\/title>\n<meta name=\"description\" content=\"Los puertos de Andorra m\u00e1s all\u00e1 de La Purito Andorra. Las subidas a Port de Cabus, Arcalis, Engolasters y Os de Civis, que no se hacen en La Purito.\" \/>\n<meta name=\"robots\" content=\"index, follow, max-snippet:-1, max-image-preview:large, max-video-preview:-1\" \/>\n<link rel=\"canonical\" href=\"https:\/\/www.welovecycling.com\/es\/2019\/08\/13\/andorra-mas-alla-de-la-purito-los-otros-puertos\/\" \/>\n<meta property=\"og:locale\" content=\"es_ES\" \/>\n<meta property=\"og:type\" content=\"article\" \/>\n<meta property=\"og:title\" content=\"Los puertos de Andorra m\u00e1s all\u00e1 de La Purito Andorra\" \/>\n<meta property=\"og:description\" content=\"Los puertos de Andorra m\u00e1s all\u00e1 de La Purito Andorra. Las subidas a Port de Cabus, Arcalis, Engolasters y Os de Civis, que no se hacen en La Purito.\" \/>\n<meta property=\"og:url\" content=\"https:\/\/www.welovecycling.com\/es\/2019\/08\/13\/andorra-mas-alla-de-la-purito-los-otros-puertos\/\" \/>\n<meta property=\"og:site_name\" content=\"\u0160koda We Love Cycling - Spain\" \/>\n<meta property=\"article:published_time\" content=\"2019-08-13T17:41:40+00:00\" \/>\n<meta property=\"article:modified_time\" content=\"2019-08-19T08:08:23+00:00\" \/>\n<meta property=\"og:image\" content=\"https:\/\/d2p6e6u75xmxt8.cloudfront.net\/6\/2019\/08\/PURITO-63.JPG.jpg\" \/>\n\t<meta property=\"og:image:width\" content=\"1200\" \/>\n\t<meta property=\"og:image:height\" content=\"686\" \/>\n\t<meta property=\"og:image:type\" content=\"image\/jpeg\" \/>\n<meta name=\"author\" content=\"We Love Cycling Spain\" \/>\n<meta name=\"twitter:card\" content=\"summary_large_image\" \/>\n<meta name=\"twitter:title\" content=\"Los puertos de Andorra m\u00e1s all\u00e1 de La Purito Andorra\" \/>\n<meta name=\"twitter:description\" content=\"Los puertos de Andorra m\u00e1s all\u00e1 de La Purito Andorra. Las subidas a Port de Cabus, Arcalis, Engolasters y Os de Civis, que no se hacen en La Purito.\" \/>\n<meta name=\"twitter:label1\" content=\"Written by\" \/>\n\t<meta name=\"twitter:data1\" content=\"Luis Ortega @Ciclored\" \/>\n\t<meta name=\"twitter:label2\" content=\"Est. reading time\" \/>\n\t<meta name=\"twitter:data2\" content=\"5 minutes\" \/>\n<script type=\"application\/ld+json\" class=\"yoast-schema-graph\">{\"@context\":\"https:\/\/schema.org\",\"@graph\":[{\"@type\":\"WebPage\",\"@id\":\"https:\/\/www.welovecycling.com\/es\/2019\/08\/13\/andorra-mas-alla-de-la-purito-los-otros-puertos\/\",\"url\":\"https:\/\/www.welovecycling.com\/es\/2019\/08\/13\/andorra-mas-alla-de-la-purito-los-otros-puertos\/\",\"name\":\"Andorra m\u00e1s all\u00e1 de La Purito. Los otros puertos - \u0160koda We Love Cycling - Spain\",\"isPartOf\":{\"@id\":\"https:\/\/www.welovecycling.com\/es\/#website\"},\"primaryImageOfPage\":{\"@id\":\"https:\/\/www.welovecycling.com\/es\/2019\/08\/13\/andorra-mas-alla-de-la-purito-los-otros-puertos\/#primaryimage\"},\"image\":{\"@id\":\"https:\/\/www.welovecycling.com\/es\/2019\/08\/13\/andorra-mas-alla-de-la-purito-los-otros-puertos\/#primaryimage\"},\"thumbnailUrl\":\"https:\/\/d2p6e6u75xmxt8.cloudfront.net\/6\/2019\/08\/PURITO-63.JPG.jpg\",\"datePublished\":\"2019-08-13T17:41:40+00:00\",\"dateModified\":\"2019-08-19T08:08:23+00:00\",\"author\":{\"@id\":\"https:\/\/www.welovecycling.com\/es\/#\/schema\/person\/deb61715b5812698ee79fb96f343ccd4\"},\"description\":\"Los puertos de Andorra m\u00e1s all\u00e1 de La Purito Andorra. Las subidas a Port de Cabus, Arcalis, Engolasters y Os de Civis, que no se hacen en La Purito.\",\"breadcrumb\":{\"@id\":\"https:\/\/www.welovecycling.com\/es\/2019\/08\/13\/andorra-mas-alla-de-la-purito-los-otros-puertos\/#breadcrumb\"},\"inLanguage\":\"es-ES\",\"potentialAction\":[{\"@type\":\"ReadAction\",\"target\":[\"https:\/\/www.welovecycling.com\/es\/2019\/08\/13\/andorra-mas-alla-de-la-purito-los-otros-puertos\/\"]}]},{\"@type\":\"ImageObject\",\"inLanguage\":\"es-ES\",\"@id\":\"https:\/\/www.welovecycling.com\/es\/2019\/08\/13\/andorra-mas-alla-de-la-purito-los-otros-puertos\/#primaryimage\",\"url\":\"https:\/\/d2p6e6u75xmxt8.cloudfront.net\/6\/2019\/08\/PURITO-63.JPG.jpg\",\"contentUrl\":\"https:\/\/d2p6e6u75xmxt8.cloudfront.net\/6\/2019\/08\/PURITO-63.JPG.jpg\",\"width\":1200,\"height\":686},{\"@type\":\"BreadcrumbList\",\"@id\":\"https:\/\/www.welovecycling.com\/es\/2019\/08\/13\/andorra-mas-alla-de-la-purito-los-otros-puertos\/#breadcrumb\",\"itemListElement\":[{\"@type\":\"ListItem\",\"position\":1,\"name\":\"Home\",\"item\":\"https:\/\/www.welovecycling.com\/es\/\"},{\"@type\":\"ListItem\",\"position\":2,\"name\":\"Andorra m\u00e1s all\u00e1 de La Purito. Los otros puertos\"}]},{\"@type\":\"WebSite\",\"@id\":\"https:\/\/www.welovecycling.com\/es\/#website\",\"url\":\"https:\/\/www.welovecycling.com\/es\/\",\"name\":\"\u0160koda We Love Cycling - Spain\",\"description\":\"\u0160koda WeLoveCycling Spain\",\"potentialAction\":[{\"@type\":\"SearchAction\",\"target\":{\"@type\":\"EntryPoint\",\"urlTemplate\":\"https:\/\/www.welovecycling.com\/es\/?s={search_term_string}\"},\"query-input\":{\"@type\":\"PropertyValueSpecification\",\"valueRequired\":true,\"valueName\":\"search_term_string\"}}],\"inLanguage\":\"es-ES\"},{\"@type\":\"Person\",\"@id\":\"https:\/\/www.welovecycling.com\/es\/#\/schema\/person\/deb61715b5812698ee79fb96f343ccd4\",\"name\":\"We Love Cycling Spain\",\"image\":{\"@type\":\"ImageObject\",\"inLanguage\":\"es-ES\",\"@id\":\"https:\/\/www.welovecycling.com\/es\/#\/schema\/person\/image\/\",\"url\":\"https:\/\/secure.gravatar.com\/avatar\/c824b04e6df0e37a03219d0b6481672889df542894588964102459e46513159c?s=96&d=mm&r=g\",\"contentUrl\":\"https:\/\/secure.gravatar.com\/avatar\/c824b04e6df0e37a03219d0b6481672889df542894588964102459e46513159c?s=96&d=mm&r=g\",\"caption\":\"We Love Cycling Spain\"},\"url\":\"https:\/\/www.welovecycling.com\/es\/author\/amunoz\/\"}]}<\/script>\n<!-- \/ Yoast SEO Premium plugin. -->","yoast_head_json":{"title":"Andorra m\u00e1s all\u00e1 de La Purito. Los otros puertos - \u0160koda We Love Cycling - Spain","description":"Los puertos de Andorra m\u00e1s all\u00e1 de La Purito Andorra. Las subidas a Port de Cabus, Arcalis, Engolasters y Os de Civis, que no se hacen en La Purito.","robots":{"index":"index","follow":"follow","max-snippet":"max-snippet:-1","max-image-preview":"max-image-preview:large","max-video-preview":"max-video-preview:-1"},"canonical":"https:\/\/www.welovecycling.com\/es\/2019\/08\/13\/andorra-mas-alla-de-la-purito-los-otros-puertos\/","og_locale":"es_ES","og_type":"article","og_title":"Los puertos de Andorra m\u00e1s all\u00e1 de La Purito Andorra","og_description":"Los puertos de Andorra m\u00e1s all\u00e1 de La Purito Andorra. Las subidas a Port de Cabus, Arcalis, Engolasters y Os de Civis, que no se hacen en La Purito.","og_url":"https:\/\/www.welovecycling.com\/es\/2019\/08\/13\/andorra-mas-alla-de-la-purito-los-otros-puertos\/","og_site_name":"\u0160koda We Love Cycling - Spain","article_published_time":"2019-08-13T17:41:40+00:00","article_modified_time":"2019-08-19T08:08:23+00:00","og_image":[{"width":1200,"height":686,"url":"https:\/\/d2p6e6u75xmxt8.cloudfront.net\/6\/2019\/08\/PURITO-63.JPG.jpg","type":"image\/jpeg"}],"author":"We Love Cycling Spain","twitter_card":"summary_large_image","twitter_title":"Los puertos de Andorra m\u00e1s all\u00e1 de La Purito Andorra","twitter_description":"Los puertos de Andorra m\u00e1s all\u00e1 de La Purito Andorra. Las subidas a Port de Cabus, Arcalis, Engolasters y Os de Civis, que no se hacen en La Purito.","twitter_misc":{"Written by":"Luis Ortega @Ciclored","Est. reading time":"5 minutes"},"schema":{"@context":"https:\/\/schema.org","@graph":[{"@type":"WebPage","@id":"https:\/\/www.welovecycling.com\/es\/2019\/08\/13\/andorra-mas-alla-de-la-purito-los-otros-puertos\/","url":"https:\/\/www.welovecycling.com\/es\/2019\/08\/13\/andorra-mas-alla-de-la-purito-los-otros-puertos\/","name":"Andorra m\u00e1s all\u00e1 de La Purito. Los otros puertos - \u0160koda We Love Cycling - Spain","isPartOf":{"@id":"https:\/\/www.welovecycling.com\/es\/#website"},"primaryImageOfPage":{"@id":"https:\/\/www.welovecycling.com\/es\/2019\/08\/13\/andorra-mas-alla-de-la-purito-los-otros-puertos\/#primaryimage"},"image":{"@id":"https:\/\/www.welovecycling.com\/es\/2019\/08\/13\/andorra-mas-alla-de-la-purito-los-otros-puertos\/#primaryimage"},"thumbnailUrl":"https:\/\/d2p6e6u75xmxt8.cloudfront.net\/6\/2019\/08\/PURITO-63.JPG.jpg","datePublished":"2019-08-13T17:41:40+00:00","dateModified":"2019-08-19T08:08:23+00:00","author":{"@id":"https:\/\/www.welovecycling.com\/es\/#\/schema\/person\/deb61715b5812698ee79fb96f343ccd4"},"description":"Los puertos de Andorra m\u00e1s all\u00e1 de La Purito Andorra. Las subidas a Port de Cabus, Arcalis, Engolasters y Os de Civis, que no se hacen en La Purito.","breadcrumb":{"@id":"https:\/\/www.welovecycling.com\/es\/2019\/08\/13\/andorra-mas-alla-de-la-purito-los-otros-puertos\/#breadcrumb"},"inLanguage":"es-ES","potentialAction":[{"@type":"ReadAction","target":["https:\/\/www.welovecycling.com\/es\/2019\/08\/13\/andorra-mas-alla-de-la-purito-los-otros-puertos\/"]}]},{"@type":"ImageObject","inLanguage":"es-ES","@id":"https:\/\/www.welovecycling.com\/es\/2019\/08\/13\/andorra-mas-alla-de-la-purito-los-otros-puertos\/#primaryimage","url":"https:\/\/d2p6e6u75xmxt8.cloudfront.net\/6\/2019\/08\/PURITO-63.JPG.jpg","contentUrl":"https:\/\/d2p6e6u75xmxt8.cloudfront.net\/6\/2019\/08\/PURITO-63.JPG.jpg","width":1200,"height":686},{"@type":"BreadcrumbList","@id":"https:\/\/www.welovecycling.com\/es\/2019\/08\/13\/andorra-mas-alla-de-la-purito-los-otros-puertos\/#breadcrumb","itemListElement":[{"@type":"ListItem","position":1,"name":"Home","item":"https:\/\/www.welovecycling.com\/es\/"},{"@type":"ListItem","position":2,"name":"Andorra m\u00e1s all\u00e1 de La Purito. Los otros puertos"}]},{"@type":"WebSite","@id":"https:\/\/www.welovecycling.com\/es\/#website","url":"https:\/\/www.welovecycling.com\/es\/","name":"\u0160koda We Love Cycling - Spain","description":"\u0160koda WeLoveCycling Spain","potentialAction":[{"@type":"SearchAction","target":{"@type":"EntryPoint","urlTemplate":"https:\/\/www.welovecycling.com\/es\/?s={search_term_string}"},"query-input":{"@type":"PropertyValueSpecification","valueRequired":true,"valueName":"search_term_string"}}],"inLanguage":"es-ES"},{"@type":"Person","@id":"https:\/\/www.welovecycling.com\/es\/#\/schema\/person\/deb61715b5812698ee79fb96f343ccd4","name":"We Love Cycling Spain","image":{"@type":"ImageObject","inLanguage":"es-ES","@id":"https:\/\/www.welovecycling.com\/es\/#\/schema\/person\/image\/","url":"https:\/\/secure.gravatar.com\/avatar\/c824b04e6df0e37a03219d0b6481672889df542894588964102459e46513159c?s=96&d=mm&r=g","contentUrl":"https:\/\/secure.gravatar.com\/avatar\/c824b04e6df0e37a03219d0b6481672889df542894588964102459e46513159c?s=96&d=mm&r=g","caption":"We Love Cycling Spain"},"url":"https:\/\/www.welovecycling.com\/es\/author\/amunoz\/"}]}},"_links":{"self":[{"href":"https:\/\/www.welovecycling.com\/es\/wp-json\/wp\/v2\/posts\/5220","targetHints":{"allow":["GET"]}}],"collection":[{"href":"https:\/\/www.welovecycling.com\/es\/wp-json\/wp\/v2\/posts"}],"about":[{"href":"https:\/\/www.welovecycling.com\/es\/wp-json\/wp\/v2\/types\/post"}],"author":[{"embeddable":true,"href":"https:\/\/www.welovecycling.com\/es\/wp-json\/wp\/v2\/users\/29"}],"replies":[{"embeddable":true,"href":"https:\/\/www.welovecycling.com\/es\/wp-json\/wp\/v2\/comments?post=5220"}],"version-history":[{"count":2,"href":"https:\/\/www.welovecycling.com\/es\/wp-json\/wp\/v2\/posts\/5220\/revisions"}],"predecessor-version":[{"id":5228,"href":"https:\/\/www.welovecycling.com\/es\/wp-json\/wp\/v2\/posts\/5220\/revisions\/5228"}],"wp:featuredmedia":[{"embeddable":true,"href":"https:\/\/www.welovecycling.com\/es\/wp-json\/wp\/v2\/media\/5223"}],"wp:attachment":[{"href":"https:\/\/www.welovecycling.com\/es\/wp-json\/wp\/v2\/media?parent=5220"}],"wp:term":[{"taxonomy":"category","embeddable":true,"href":"https:\/\/www.welovecycling.com\/es\/wp-json\/wp\/v2\/categories?post=5220"},{"taxonomy":"post_tag","embeddable":true,"href":"https:\/\/www.welovecycling.com\/es\/wp-json\/wp\/v2\/tags?post=5220"},{"taxonomy":"global-categories","embeddable":true,"href":"https:\/\/www.welovecycling.com\/es\/wp-json\/wp\/v2\/global-categories?post=5220"}],"curies":[{"name":"wp","href":"https:\/\/api.w.org\/{rel}","templated":true}]}}