{"id":5199,"date":"2019-08-10T21:04:06","date_gmt":"2019-08-10T19:04:06","guid":{"rendered":"https:\/\/www.welovecycling.com\/es\/?p=5199"},"modified":"2019-08-10T21:04:06","modified_gmt":"2019-08-10T19:04:06","slug":"major-taylor-primer-ciclista-negro","status":"publish","type":"post","link":"https:\/\/www.welovecycling.com\/es\/2019\/08\/10\/major-taylor-primer-ciclista-negro\/","title":{"rendered":"Major Taylor: El primer ciclista negro de Estados Unidos"},"content":{"rendered":"<p><strong>Marshall Walter &#8220;Major&#8221; Taylor era un ciclista estadounidense que se hizo profesional en 1896 a la edad de 18 a\u00f1os. Se trasladaba de ciudad en ciudad a lo largo de la costa este de Estados Unidos, compitiendo en eventos de pista, incluyendo carreras de seis d\u00edas con formato brit\u00e1nico. Un par de a\u00f1os despu\u00e9s de hacerse profesional, Taylor rompi\u00f3 r\u00e9cords mundiales, gan\u00e1ndose el apodo de Worcester Whirlwind. Y todo esto lo hizo en Estados Unidos racialmente segregado.<\/strong><!--more--><\/p>\n<p><a href=\"https:\/\/d2p6e6u75xmxt8.cloudfront.net\/6\/2019\/08\/major-taylor-2-1.jpg\"><img loading=\"lazy\" decoding=\"async\" class=\"alignnone size-full wp-image-5206\" src=\"https:\/\/d2p6e6u75xmxt8.cloudfront.net\/6\/2019\/08\/major-taylor-2-1.jpg\" alt=\"\" width=\"684\" height=\"442\" srcset=\"https:\/\/d2p6e6u75xmxt8.cloudfront.net\/6\/2019\/08\/major-taylor-2-1.jpg 684w, https:\/\/d2p6e6u75xmxt8.cloudfront.net\/6\/2019\/08\/major-taylor-2-1-300x194.jpg 300w\" sizes=\"auto, (max-width: 684px) 100vw, 684px\" \/><\/a><\/p>\n<p>Las carreras de seis d\u00edas eran eventos populares, ya que las bicicletas a principios del siglo XX alcanzaban velocidades de 40 millas por hora en la pista, m\u00e1s que los coches de la \u00e9poca. La idea era ver hasta d\u00f3nde pod\u00edas correr. Podr\u00edas descansar cuando quisieras &#8211; s\u00f3lo para ver a tus competidores acumular millas.\u00a0 Era bastante brutal sin el racismo segregacionista. Recuerden, esto fue en el apogeo de la &#8220;era Jim Crow&#8221; y Taylor naci\u00f3 s\u00f3lo 13 a\u00f1os despu\u00e9s de la aprobaci\u00f3n de la decimotercera enmienda a la constituci\u00f3n de los Estados Unidos, que finalmente aboli\u00f3 la esclavitud.<\/p>\n<p>Algunos ciclistas se negaron a competir con \u00e9l y le echaban en cara que Taylor les &#8220;golpeaba y empujaba&#8221;. La palabra &#8220;negro&#8221; se usaba a menudo para intimidar y menospreciar a Taylor.\u00a0 Y Taylor respondi\u00f3 ganando carrera tras carrera y estableciendo r\u00e9cords que enfurecieron a sus detractores racistas. De hecho, su perseverancia y excelente desempe\u00f1o lo convirtieron en el primer ciclista campe\u00f3n mundial afroamericano en 1899.<\/p>\n<p><a href=\"https:\/\/d2p6e6u75xmxt8.cloudfront.net\/6\/2019\/08\/Major-Taylor-1.jpg\"><img loading=\"lazy\" decoding=\"async\" class=\"alignnone size-full wp-image-5208\" src=\"https:\/\/d2p6e6u75xmxt8.cloudfront.net\/6\/2019\/08\/Major-Taylor-1.jpg\" alt=\"\" width=\"480\" height=\"686\" srcset=\"https:\/\/d2p6e6u75xmxt8.cloudfront.net\/6\/2019\/08\/Major-Taylor-1.jpg 480w, https:\/\/d2p6e6u75xmxt8.cloudfront.net\/6\/2019\/08\/Major-Taylor-1-210x300.jpg 210w\" sizes=\"auto, (max-width: 480px) 100vw, 480px\" \/><\/a><\/p>\n<p>Pero en la imagen de arriba, el hombre de apoyo del Mayor Taylor era blanco. Tom Hay, un hombre blanco de ascendencia cu\u00e1quera irlandesa, dio a Taylor bicicletas gratis cuando era adolescente a cambio de que Taylor hiciera acrobacias.<\/p>\n<p>La Worcester Cycle Manufacturing Company vio el potencial atl\u00e9tico de Taylor y le pag\u00f3 por correr para ellos.<\/p>\n<p>Cuando la League of American Wheelmen cambi\u00f3 sus reglas para mantener a los negros fuera del deporte, los patrocinadores comerciales apoyaron la carrera de Taylor. Y esta tradici\u00f3n ha continuado gracias a gente como Specialized y Justin Williams.<\/p>\n<lite-youtube videoid=mDUio9R_R7A params=\"enablejsapi=1\" style=\"background-image: url('https:\/\/i.ytimg.com\/vi_webp\/mDUio9R_R7A\/maxresdefault.webp');\"><\/lite-youtube>\n<p>Williams creci\u00f3 so\u00f1ando con participar en el Tour de Francia, pero su instinto de romper moldes lo llev\u00f3 a la diversi\u00f3n. En 2018, Williams se convirti\u00f3 en el Campe\u00f3n Nacional de Ciclismo Amateur Road de EE.UU. &#8211; sorprendentemente, gan\u00f3 sin correr con un equipo. Williams ahora tiene patrocinio y est\u00e1 claramente contento con Specialized.<\/p>\n<p>https:\/\/www.youtube.com\/watch?v=UIB20zCwEd0&#038;feature=youtu.be&#038;t=194<\/p>\n<p>Ayesha McGowan, la primera ciclista afroamericana en hacerse profesional, rinde homenaje a Major Taylor en este v\u00eddeo patrocinado por un popular co\u00f1ac (beber responsablemente&#8230;) y tal vez eso sea lo que cambie la cara del ciclismo. Los patrocinadores que financian los deportes ven claramente los beneficios de una audiencia m\u00e1s diversa. Y cuando los atletas negros compiten, las victorias hablan por s\u00ed solas.<\/p>\n<lite-youtube videoid=Y-z0Kh0pvNM params=\"enablejsapi=1\" style=\"background-image: url('https:\/\/i.ytimg.com\/vi_webp\/Y-z0Kh0pvNM\/maxresdefault.webp');\"><\/lite-youtube>\n","protected":false},"excerpt":{"rendered":"<p>Marshall Walter &#8220;Major&#8221; Taylor era un ciclista estadounidense que se hizo profesional en 1896 a la edad de 18 a\u00f1os. [&hellip;]<\/p>\n","protected":false},"author":29,"featured_media":5211,"comment_status":"open","ping_status":"open","sticky":false,"template":"","format":"standard","meta":{"footnotes":""},"categories":[7,8,9,6],"tags":[1150,1152,1151,1153],"global-categories":[],"class_list":["post-5199","post","type-post","status-publish","format-standard","has-post-thumbnail","hentry","category-carretera","category-life-style","category-mtb-aventura","category-urban","tag-ciclista-negro","tag-ciclista-negro-ee-uu","tag-major-taylor","tag-primer-ciclista-negro"],"yoast_head":"<!-- This site is optimized with the Yoast SEO Premium plugin v25.3 (Yoast SEO v25.9) - https:\/\/yoast.com\/wordpress\/plugins\/seo\/ -->\n<title>Major Taylor: El primer ciclista negro de Estados Unidos - \u0160koda We Love Cycling - Spain<\/title>\n<meta name=\"description\" content=\"Major Taylor: El primer ciclista negro de Estados Unidos. La historia de Major Taylor, el ciclista negro americano de finales del siglo XIX.\" \/>\n<meta name=\"robots\" content=\"index, follow, max-snippet:-1, max-image-preview:large, max-video-preview:-1\" \/>\n<link rel=\"canonical\" href=\"https:\/\/www.welovecycling.com\/es\/2019\/08\/10\/major-taylor-primer-ciclista-negro\/\" \/>\n<meta property=\"og:locale\" content=\"es_ES\" \/>\n<meta property=\"og:type\" content=\"article\" \/>\n<meta property=\"og:title\" content=\"Major Taylor: El primer ciclista negro de Estados Unidos\" \/>\n<meta property=\"og:description\" content=\"Major Taylor: El primer ciclista negro de Estados Unidos. La historia de Major Taylor, el ciclista negro americano de finales del siglo XIX.\" \/>\n<meta property=\"og:url\" content=\"https:\/\/www.welovecycling.com\/es\/2019\/08\/10\/major-taylor-primer-ciclista-negro\/\" \/>\n<meta property=\"og:site_name\" content=\"\u0160koda We Love Cycling - Spain\" \/>\n<meta property=\"article:published_time\" content=\"2019-08-10T19:04:06+00:00\" \/>\n<meta property=\"og:image\" content=\"https:\/\/d2p6e6u75xmxt8.cloudfront.net\/6\/2019\/08\/Major-Taylor-CVR.jpg\" \/>\n\t<meta property=\"og:image:width\" content=\"1366\" \/>\n\t<meta property=\"og:image:height\" content=\"600\" \/>\n\t<meta property=\"og:image:type\" content=\"image\/jpeg\" \/>\n<meta name=\"author\" content=\"We Love Cycling Spain\" \/>\n<meta name=\"twitter:card\" content=\"summary_large_image\" \/>\n<meta name=\"twitter:title\" content=\"Major Taylor: El primer ciclista negro de Estados Unidos\" \/>\n<meta name=\"twitter:description\" content=\"Major Taylor: El primer ciclista negro de Estados Unidos. La historia de Major Taylor, el ciclista negro americano de finales del siglo XIX.\" \/>\n<meta name=\"twitter:label1\" content=\"Written by\" \/>\n\t<meta name=\"twitter:data1\" content=\"Christopher Ashley\" \/>\n\t<meta name=\"twitter:label2\" content=\"Est. reading time\" \/>\n\t<meta name=\"twitter:data2\" content=\"6\" \/>\n<script type=\"application\/ld+json\" class=\"yoast-schema-graph\">{\"@context\":\"https:\/\/schema.org\",\"@graph\":[{\"@type\":\"WebPage\",\"@id\":\"https:\/\/www.welovecycling.com\/es\/2019\/08\/10\/major-taylor-primer-ciclista-negro\/\",\"url\":\"https:\/\/www.welovecycling.com\/es\/2019\/08\/10\/major-taylor-primer-ciclista-negro\/\",\"name\":\"Major Taylor: El primer ciclista negro de Estados Unidos - \u0160koda We Love Cycling - Spain\",\"isPartOf\":{\"@id\":\"https:\/\/www.welovecycling.com\/es\/#website\"},\"primaryImageOfPage\":{\"@id\":\"https:\/\/www.welovecycling.com\/es\/2019\/08\/10\/major-taylor-primer-ciclista-negro\/#primaryimage\"},\"image\":{\"@id\":\"https:\/\/www.welovecycling.com\/es\/2019\/08\/10\/major-taylor-primer-ciclista-negro\/#primaryimage\"},\"thumbnailUrl\":\"https:\/\/d2p6e6u75xmxt8.cloudfront.net\/6\/2019\/08\/Major-Taylor-CVR.jpg\",\"datePublished\":\"2019-08-10T19:04:06+00:00\",\"author\":{\"@id\":\"https:\/\/www.welovecycling.com\/es\/#\/schema\/person\/deb61715b5812698ee79fb96f343ccd4\"},\"description\":\"Major Taylor: El primer ciclista negro de Estados Unidos. La historia de Major Taylor, el ciclista negro americano de finales del siglo XIX.\",\"breadcrumb\":{\"@id\":\"https:\/\/www.welovecycling.com\/es\/2019\/08\/10\/major-taylor-primer-ciclista-negro\/#breadcrumb\"},\"inLanguage\":\"es-ES\",\"potentialAction\":[{\"@type\":\"ReadAction\",\"target\":[\"https:\/\/www.welovecycling.com\/es\/2019\/08\/10\/major-taylor-primer-ciclista-negro\/\"]}]},{\"@type\":\"ImageObject\",\"inLanguage\":\"es-ES\",\"@id\":\"https:\/\/www.welovecycling.com\/es\/2019\/08\/10\/major-taylor-primer-ciclista-negro\/#primaryimage\",\"url\":\"https:\/\/d2p6e6u75xmxt8.cloudfront.net\/6\/2019\/08\/Major-Taylor-CVR.jpg\",\"contentUrl\":\"https:\/\/d2p6e6u75xmxt8.cloudfront.net\/6\/2019\/08\/Major-Taylor-CVR.jpg\",\"width\":1366,\"height\":600},{\"@type\":\"BreadcrumbList\",\"@id\":\"https:\/\/www.welovecycling.com\/es\/2019\/08\/10\/major-taylor-primer-ciclista-negro\/#breadcrumb\",\"itemListElement\":[{\"@type\":\"ListItem\",\"position\":1,\"name\":\"Home\",\"item\":\"https:\/\/www.welovecycling.com\/es\/\"},{\"@type\":\"ListItem\",\"position\":2,\"name\":\"Major Taylor: El primer ciclista negro de Estados Unidos\"}]},{\"@type\":\"WebSite\",\"@id\":\"https:\/\/www.welovecycling.com\/es\/#website\",\"url\":\"https:\/\/www.welovecycling.com\/es\/\",\"name\":\"\u0160koda We Love Cycling - Spain\",\"description\":\"\u0160koda WeLoveCycling Spain\",\"potentialAction\":[{\"@type\":\"SearchAction\",\"target\":{\"@type\":\"EntryPoint\",\"urlTemplate\":\"https:\/\/www.welovecycling.com\/es\/?s={search_term_string}\"},\"query-input\":{\"@type\":\"PropertyValueSpecification\",\"valueRequired\":true,\"valueName\":\"search_term_string\"}}],\"inLanguage\":\"es-ES\"},{\"@type\":\"Person\",\"@id\":\"https:\/\/www.welovecycling.com\/es\/#\/schema\/person\/deb61715b5812698ee79fb96f343ccd4\",\"name\":\"We Love Cycling Spain\",\"image\":{\"@type\":\"ImageObject\",\"inLanguage\":\"es-ES\",\"@id\":\"https:\/\/www.welovecycling.com\/es\/#\/schema\/person\/image\/\",\"url\":\"https:\/\/secure.gravatar.com\/avatar\/c824b04e6df0e37a03219d0b6481672889df542894588964102459e46513159c?s=96&d=mm&r=g\",\"contentUrl\":\"https:\/\/secure.gravatar.com\/avatar\/c824b04e6df0e37a03219d0b6481672889df542894588964102459e46513159c?s=96&d=mm&r=g\",\"caption\":\"We Love Cycling Spain\"},\"url\":\"https:\/\/www.welovecycling.com\/es\/author\/amunoz\/\"}]}<\/script>\n<!-- \/ Yoast SEO Premium plugin. -->","yoast_head_json":{"title":"Major Taylor: El primer ciclista negro de Estados Unidos - \u0160koda We Love Cycling - Spain","description":"Major Taylor: El primer ciclista negro de Estados Unidos. La historia de Major Taylor, el ciclista negro americano de finales del siglo XIX.","robots":{"index":"index","follow":"follow","max-snippet":"max-snippet:-1","max-image-preview":"max-image-preview:large","max-video-preview":"max-video-preview:-1"},"canonical":"https:\/\/www.welovecycling.com\/es\/2019\/08\/10\/major-taylor-primer-ciclista-negro\/","og_locale":"es_ES","og_type":"article","og_title":"Major Taylor: El primer ciclista negro de Estados Unidos","og_description":"Major Taylor: El primer ciclista negro de Estados Unidos. La historia de Major Taylor, el ciclista negro americano de finales del siglo XIX.","og_url":"https:\/\/www.welovecycling.com\/es\/2019\/08\/10\/major-taylor-primer-ciclista-negro\/","og_site_name":"\u0160koda We Love Cycling - Spain","article_published_time":"2019-08-10T19:04:06+00:00","og_image":[{"width":1366,"height":600,"url":"https:\/\/d2p6e6u75xmxt8.cloudfront.net\/6\/2019\/08\/Major-Taylor-CVR.jpg","type":"image\/jpeg"}],"author":"We Love Cycling Spain","twitter_card":"summary_large_image","twitter_title":"Major Taylor: El primer ciclista negro de Estados Unidos","twitter_description":"Major Taylor: El primer ciclista negro de Estados Unidos. La historia de Major Taylor, el ciclista negro americano de finales del siglo XIX.","twitter_misc":{"Written by":"Christopher Ashley","Est. reading time":"6"},"schema":{"@context":"https:\/\/schema.org","@graph":[{"@type":"WebPage","@id":"https:\/\/www.welovecycling.com\/es\/2019\/08\/10\/major-taylor-primer-ciclista-negro\/","url":"https:\/\/www.welovecycling.com\/es\/2019\/08\/10\/major-taylor-primer-ciclista-negro\/","name":"Major Taylor: El primer ciclista negro de Estados Unidos - \u0160koda We Love Cycling - Spain","isPartOf":{"@id":"https:\/\/www.welovecycling.com\/es\/#website"},"primaryImageOfPage":{"@id":"https:\/\/www.welovecycling.com\/es\/2019\/08\/10\/major-taylor-primer-ciclista-negro\/#primaryimage"},"image":{"@id":"https:\/\/www.welovecycling.com\/es\/2019\/08\/10\/major-taylor-primer-ciclista-negro\/#primaryimage"},"thumbnailUrl":"https:\/\/d2p6e6u75xmxt8.cloudfront.net\/6\/2019\/08\/Major-Taylor-CVR.jpg","datePublished":"2019-08-10T19:04:06+00:00","author":{"@id":"https:\/\/www.welovecycling.com\/es\/#\/schema\/person\/deb61715b5812698ee79fb96f343ccd4"},"description":"Major Taylor: El primer ciclista negro de Estados Unidos. La historia de Major Taylor, el ciclista negro americano de finales del siglo XIX.","breadcrumb":{"@id":"https:\/\/www.welovecycling.com\/es\/2019\/08\/10\/major-taylor-primer-ciclista-negro\/#breadcrumb"},"inLanguage":"es-ES","potentialAction":[{"@type":"ReadAction","target":["https:\/\/www.welovecycling.com\/es\/2019\/08\/10\/major-taylor-primer-ciclista-negro\/"]}]},{"@type":"ImageObject","inLanguage":"es-ES","@id":"https:\/\/www.welovecycling.com\/es\/2019\/08\/10\/major-taylor-primer-ciclista-negro\/#primaryimage","url":"https:\/\/d2p6e6u75xmxt8.cloudfront.net\/6\/2019\/08\/Major-Taylor-CVR.jpg","contentUrl":"https:\/\/d2p6e6u75xmxt8.cloudfront.net\/6\/2019\/08\/Major-Taylor-CVR.jpg","width":1366,"height":600},{"@type":"BreadcrumbList","@id":"https:\/\/www.welovecycling.com\/es\/2019\/08\/10\/major-taylor-primer-ciclista-negro\/#breadcrumb","itemListElement":[{"@type":"ListItem","position":1,"name":"Home","item":"https:\/\/www.welovecycling.com\/es\/"},{"@type":"ListItem","position":2,"name":"Major Taylor: El primer ciclista negro de Estados Unidos"}]},{"@type":"WebSite","@id":"https:\/\/www.welovecycling.com\/es\/#website","url":"https:\/\/www.welovecycling.com\/es\/","name":"\u0160koda We Love Cycling - Spain","description":"\u0160koda WeLoveCycling Spain","potentialAction":[{"@type":"SearchAction","target":{"@type":"EntryPoint","urlTemplate":"https:\/\/www.welovecycling.com\/es\/?s={search_term_string}"},"query-input":{"@type":"PropertyValueSpecification","valueRequired":true,"valueName":"search_term_string"}}],"inLanguage":"es-ES"},{"@type":"Person","@id":"https:\/\/www.welovecycling.com\/es\/#\/schema\/person\/deb61715b5812698ee79fb96f343ccd4","name":"We Love Cycling Spain","image":{"@type":"ImageObject","inLanguage":"es-ES","@id":"https:\/\/www.welovecycling.com\/es\/#\/schema\/person\/image\/","url":"https:\/\/secure.gravatar.com\/avatar\/c824b04e6df0e37a03219d0b6481672889df542894588964102459e46513159c?s=96&d=mm&r=g","contentUrl":"https:\/\/secure.gravatar.com\/avatar\/c824b04e6df0e37a03219d0b6481672889df542894588964102459e46513159c?s=96&d=mm&r=g","caption":"We Love Cycling Spain"},"url":"https:\/\/www.welovecycling.com\/es\/author\/amunoz\/"}]}},"_links":{"self":[{"href":"https:\/\/www.welovecycling.com\/es\/wp-json\/wp\/v2\/posts\/5199","targetHints":{"allow":["GET"]}}],"collection":[{"href":"https:\/\/www.welovecycling.com\/es\/wp-json\/wp\/v2\/posts"}],"about":[{"href":"https:\/\/www.welovecycling.com\/es\/wp-json\/wp\/v2\/types\/post"}],"author":[{"embeddable":true,"href":"https:\/\/www.welovecycling.com\/es\/wp-json\/wp\/v2\/users\/29"}],"replies":[{"embeddable":true,"href":"https:\/\/www.welovecycling.com\/es\/wp-json\/wp\/v2\/comments?post=5199"}],"version-history":[{"count":2,"href":"https:\/\/www.welovecycling.com\/es\/wp-json\/wp\/v2\/posts\/5199\/revisions"}],"predecessor-version":[{"id":5218,"href":"https:\/\/www.welovecycling.com\/es\/wp-json\/wp\/v2\/posts\/5199\/revisions\/5218"}],"wp:featuredmedia":[{"embeddable":true,"href":"https:\/\/www.welovecycling.com\/es\/wp-json\/wp\/v2\/media\/5211"}],"wp:attachment":[{"href":"https:\/\/www.welovecycling.com\/es\/wp-json\/wp\/v2\/media?parent=5199"}],"wp:term":[{"taxonomy":"category","embeddable":true,"href":"https:\/\/www.welovecycling.com\/es\/wp-json\/wp\/v2\/categories?post=5199"},{"taxonomy":"post_tag","embeddable":true,"href":"https:\/\/www.welovecycling.com\/es\/wp-json\/wp\/v2\/tags?post=5199"},{"taxonomy":"global-categories","embeddable":true,"href":"https:\/\/www.welovecycling.com\/es\/wp-json\/wp\/v2\/global-categories?post=5199"}],"curies":[{"name":"wp","href":"https:\/\/api.w.org\/{rel}","templated":true}]}}