{"id":5198,"date":"2019-08-11T13:53:49","date_gmt":"2019-08-11T11:53:49","guid":{"rendered":"https:\/\/www.welovecycling.com\/es\/?p=5198"},"modified":"2019-08-11T13:53:49","modified_gmt":"2019-08-11T11:53:49","slug":"vida-mecanico-seleccion-belgica-ciclismo","status":"publish","type":"post","link":"https:\/\/www.welovecycling.com\/es\/2019\/08\/11\/vida-mecanico-seleccion-belgica-ciclismo\/","title":{"rendered":"Como es la vida de un mec\u00e1nico de la selecci\u00f3n de B\u00e9lgica de ciclismo"},"content":{"rendered":"<p><strong>Gerry Van de Schoot ha estado con el Equipo Nacional de B\u00e9lgica durante m\u00e1s de 10 a\u00f1os, trabajando tanto para ciclistas de ciclocross como para ciclistas de monta\u00f1a. Estrellas como el bicampe\u00f3n del mundo Sven Nys o el campe\u00f3n de la Copa del Mundo de la UCI Wout van Aert se han beneficiado de sus habilidades como mec\u00e1nico profesional. \u00bfC\u00f3mo es esta profesi\u00f3n y c\u00f3mo evolucion\u00f3 con las nuevas tecnolog\u00edas que se incorporan al ciclismo?<\/strong><br \/>\n<!--more--><\/p>\n<p><em><strong>\u00bfC\u00f3mo lleg\u00f3 a su profesi\u00f3n y para qu\u00e9 equipos trabaj\u00f3 en el pasado?<\/strong><\/em><\/p>\n<p>Al principio, empec\u00e9 a trabajar para un ciclista y una vez que se uni\u00f3 a un equipo profesional de ciclismo de monta\u00f1a, me pidieron que lo acompa\u00f1ara. Antes de eso, trabajaba para un equipo amateur. Mi primer equipo de BTT en B\u00e9lgica se llamaba &#8220;Versluys Pro Mountainbike Team&#8221;. No fue el m\u00e1s grande, s\u00f3lo unos pocos corredores belgas, pero durante los 6 a\u00f1os que pasamos con ellos, tuvimos tres corredores en el equipo ol\u00edmpico que estaban obteniendo buenos resultados, as\u00ed como muchos t\u00edtulos nacionales belgas y la victoria en la Copa del Mundo en la categor\u00eda&#8217;sub 23&#8242;. Como nuestro grupo de ciclistas en la selecci\u00f3n nacional ha sido constante, me pidieron que trabajara para ellos como mec\u00e1nico a tiempo completo.<\/p>\n<p><a href=\"https:\/\/d2p6e6u75xmxt8.cloudfront.net\/6\/2019\/08\/18673280_10212368042892056_31171726627387237_o-1.jpg\"><img loading=\"lazy\" decoding=\"async\" class=\"alignnone size-full wp-image-5204\" src=\"https:\/\/d2p6e6u75xmxt8.cloudfront.net\/6\/2019\/08\/18673280_10212368042892056_31171726627387237_o-1.jpg\" alt=\"\" width=\"1081\" height=\"1440\" srcset=\"https:\/\/d2p6e6u75xmxt8.cloudfront.net\/6\/2019\/08\/18673280_10212368042892056_31171726627387237_o-1.jpg 1081w, https:\/\/d2p6e6u75xmxt8.cloudfront.net\/6\/2019\/08\/18673280_10212368042892056_31171726627387237_o-1-225x300.jpg 225w, https:\/\/d2p6e6u75xmxt8.cloudfront.net\/6\/2019\/08\/18673280_10212368042892056_31171726627387237_o-1-768x1023.jpg 768w, https:\/\/d2p6e6u75xmxt8.cloudfront.net\/6\/2019\/08\/18673280_10212368042892056_31171726627387237_o-1-769x1024.jpg 769w\" sizes=\"auto, (max-width: 1081px) 100vw, 1081px\" \/><\/a><\/p>\n<p><em><strong>\u00bfQu\u00e9 es lo que m\u00e1s le gusta de su profesi\u00f3n?<\/strong><\/em><\/p>\n<p>Es un buen trabajo porque puedes ayudar a los ciclistas a hacer realidad sus sue\u00f1os. Tambi\u00e9n es atractivo porque trabajas en equipo, lo que hace m\u00e1s f\u00e1cil alcanzar los mismos objetivos: los mejores resultados posibles.<\/p>\n<p><em><strong>\u00bfY cu\u00e1l es la parte m\u00e1s odiada? \u00bfCuando las cosas se ponen realmente dif\u00edciles?<\/strong><\/em><\/p>\n<p>La \u00fanica parte impopular es cuando los ciclistas y el personal tratan de hacer todo perfecto pero, debido a la mala suerte, los resultados est\u00e1n lejos de las expectativas. Pero esto tambi\u00e9n es parte del juego.<\/p>\n<figure id=\"attachment_5209\" aria-describedby=\"caption-attachment-5209\" style=\"width: 1224px\" class=\"wp-caption alignnone\"><a href=\"https:\/\/d2p6e6u75xmxt8.cloudfront.net\/6\/2019\/08\/Belgian-Mechanic-1.jpg\"><img loading=\"lazy\" decoding=\"async\" class=\"wp-image-5209 size-full\" src=\"https:\/\/d2p6e6u75xmxt8.cloudfront.net\/6\/2019\/08\/Belgian-Mechanic-1.jpg\" alt=\"\" width=\"1224\" height=\"918\" srcset=\"https:\/\/d2p6e6u75xmxt8.cloudfront.net\/6\/2019\/08\/Belgian-Mechanic-1.jpg 1224w, https:\/\/d2p6e6u75xmxt8.cloudfront.net\/6\/2019\/08\/Belgian-Mechanic-1-300x225.jpg 300w, https:\/\/d2p6e6u75xmxt8.cloudfront.net\/6\/2019\/08\/Belgian-Mechanic-1-768x576.jpg 768w, https:\/\/d2p6e6u75xmxt8.cloudfront.net\/6\/2019\/08\/Belgian-Mechanic-1-1024x768.jpg 1024w\" sizes=\"auto, (max-width: 1224px) 100vw, 1224px\" \/><\/a><figcaption id=\"caption-attachment-5209\" class=\"wp-caption-text\">Gerry&#8217;s toolkit<\/figcaption><\/figure>\n<p><em><strong>\u00a0<\/strong><\/em><\/p>\n<p><em><strong>La industria de la bicicleta est\u00e1 evolucionando. \u00bfFue m\u00e1s divertido arreglar bicicletas en el pasado o lo es ahora? \u00bfQu\u00e9 es lo que m\u00e1s ha cambiado?<\/strong><\/em><\/p>\n<p>Para m\u00ed, no importa qu\u00e9 bicicletas estoy a punto de arreglar. Cada bicicleta, cada componente tiene sus ventajas y desventajas. Para m\u00ed, es divertido trabajar con una variedad de bicicletas. Ahora todos los componentes son cada vez m\u00e1s ligeros, por lo que se trata a\u00fan m\u00e1s de un ajuste fino de lo que hab\u00eda sido en el pasado. Hoy en d\u00eda tambi\u00e9n se pueden encontrar muchas piezas electr\u00f3nicas de cambio de marchas. Una vez m\u00e1s, esto tiene sus ventajas y desventajas.<\/p>\n<p><em><strong>\u00bfEs diferente trabajar en un equipo de BTT o de ciclocross? \u00bfQu\u00e9 bicicletas son m\u00e1s complicadas?<\/strong><\/em><\/p>\n<p>El arreglo y la puesta a punto de las modernas bicicletas de ciclocross y las bicicletas de monta\u00f1a son m\u00e1s similares que antes. En el pasado, ambas bicicletas sol\u00edan tener frenos y marchas completamente diferentes, pero ahora, ambas utilizan frenos de disco o platos sencillos que eran t\u00edpicos de las BTT hace poco tiempo. Hay un mont\u00f3n de cosas espec\u00edficas para la bicicleta de monta\u00f1a que encuentran su camino hacia el ciclocross. El ciclocross representa un mercado m\u00e1s peque\u00f1o que el ciclismo de monta\u00f1a, por lo que es natural que adopte muchas de sus innovaciones t\u00e9cnicas.<\/p>\n<p><em><strong>\u00a0<\/strong><\/em><\/p>\n<figure id=\"attachment_5213\" aria-describedby=\"caption-attachment-5213\" style=\"width: 960px\" class=\"wp-caption alignnone\"><a href=\"https:\/\/d2p6e6u75xmxt8.cloudfront.net\/6\/2019\/08\/12998540_10208444498125889_6816496426696001226_n.jpg\"><img loading=\"lazy\" decoding=\"async\" class=\"size-full wp-image-5213\" src=\"https:\/\/d2p6e6u75xmxt8.cloudfront.net\/6\/2019\/08\/12998540_10208444498125889_6816496426696001226_n.jpg\" alt=\"\" width=\"960\" height=\"959\" srcset=\"https:\/\/d2p6e6u75xmxt8.cloudfront.net\/6\/2019\/08\/12998540_10208444498125889_6816496426696001226_n.jpg 960w, https:\/\/d2p6e6u75xmxt8.cloudfront.net\/6\/2019\/08\/12998540_10208444498125889_6816496426696001226_n-150x150.jpg 150w, https:\/\/d2p6e6u75xmxt8.cloudfront.net\/6\/2019\/08\/12998540_10208444498125889_6816496426696001226_n-300x300.jpg 300w, https:\/\/d2p6e6u75xmxt8.cloudfront.net\/6\/2019\/08\/12998540_10208444498125889_6816496426696001226_n-768x767.jpg 768w\" sizes=\"auto, (max-width: 960px) 100vw, 960px\" \/><\/a><figcaption id=\"caption-attachment-5213\" class=\"wp-caption-text\">Hard at work<\/figcaption><\/figure>\n<p><em><strong>\u00a0<\/strong><\/em><\/p>\n<p><em><strong>\u00bfCu\u00e1les son los consejos m\u00e1s \u00fatiles para los mec\u00e1nicos de equipos?<\/strong><\/em><\/p>\n<p>Lo m\u00e1s importante es mantenerse fresco y relajado. Incluso si tienes que arreglar algo complicado durante la carrera, debes tom\u00e1rtelo con calma porque el estr\u00e9s empeora el trabajo y al final, roba el tiempo.<\/p>\n<p><em><strong>\u00bfAlguna vez un ciclista ha ganado s\u00f3lo por su asistencia de \u00faltima hora?<\/strong><\/em><\/p>\n<p>En el Tour de B\u00e9lgica, hace un par de a\u00f1os, empezamos con un equipo mixto de corredores profesionales y sub-23. Uno de ellos tuvo problemas con el cambio electr\u00f3nico de su bici de contrarreloj. El otro mec\u00e1nico y yo trabajamos toda la noche hasta las 4 de la ma\u00f1ana para arreglarlo. Al d\u00eda siguiente, el ciclista\u00a0estaba tan contento que hizo un resultado excepcionalmente bueno. No era el mejor especialista de contrarreloj del equipo, pero el \u00e9xito en la contrarreloj le vali\u00f3 un maillot amarillo que mantuvo hasta el final de la carrera. Es uno de los mejores momentos de la historia del equipo.<\/p>\n","protected":false},"excerpt":{"rendered":"<p>Gerry Van de Schoot ha estado con el Equipo Nacional de B\u00e9lgica durante m\u00e1s de 10 a\u00f1os, trabajando tanto para [&hellip;]<\/p>\n","protected":false},"author":29,"featured_media":5216,"comment_status":"open","ping_status":"open","sticky":false,"template":"","format":"standard","meta":{"footnotes":""},"categories":[7,9],"tags":[1156,1157,1154,1155],"global-categories":[],"class_list":["post-5198","post","type-post","status-publish","format-standard","has-post-thumbnail","hentry","category-carretera","category-mtb-aventura","tag-mecanico-btt","tag-mecanico-ciclocross","tag-mecanico-profesional-ciclismo","tag-vida-mecanico-ciclismo"],"yoast_head":"<!-- This site is optimized with the Yoast SEO Premium plugin v25.3 (Yoast SEO v25.9) - https:\/\/yoast.com\/wordpress\/plugins\/seo\/ -->\n<title>Como es la vida de un mec\u00e1nico de la selecci\u00f3n de B\u00e9lgica de ciclismo - \u0160koda We Love Cycling - Spain<\/title>\n<meta name=\"description\" content=\"Como es la vida de un mec\u00e1nico de la selecci\u00f3n belga de ciclismo. Los quehaceres de los mec\u00e1nicos profesionales en el ciclismo.\" \/>\n<meta name=\"robots\" content=\"index, follow, max-snippet:-1, max-image-preview:large, max-video-preview:-1\" \/>\n<link rel=\"canonical\" href=\"https:\/\/www.welovecycling.com\/es\/2019\/08\/11\/vida-mecanico-seleccion-belgica-ciclismo\/\" \/>\n<meta property=\"og:locale\" content=\"es_ES\" \/>\n<meta property=\"og:type\" content=\"article\" \/>\n<meta property=\"og:title\" content=\"Como es la vida de un mec\u00e1nico de la selecci\u00f3n belga de ciclismo\" \/>\n<meta property=\"og:description\" content=\"Como es la vida de un mec\u00e1nico de la selecci\u00f3n belga de ciclismo. Los quehaceres de los mec\u00e1nicos profesionales en el ciclismo.\" \/>\n<meta property=\"og:url\" content=\"https:\/\/www.welovecycling.com\/es\/2019\/08\/11\/vida-mecanico-seleccion-belgica-ciclismo\/\" \/>\n<meta property=\"og:site_name\" content=\"\u0160koda We Love Cycling - Spain\" \/>\n<meta property=\"article:published_time\" content=\"2019-08-11T11:53:49+00:00\" \/>\n<meta property=\"og:image\" content=\"https:\/\/d2p6e6u75xmxt8.cloudfront.net\/6\/2019\/08\/Belgian-Mechanic-CVR.jpg\" \/>\n\t<meta property=\"og:image:width\" content=\"1366\" \/>\n\t<meta property=\"og:image:height\" content=\"600\" \/>\n\t<meta property=\"og:image:type\" content=\"image\/jpeg\" \/>\n<meta name=\"author\" content=\"We Love Cycling Spain\" \/>\n<meta name=\"twitter:card\" content=\"summary_large_image\" \/>\n<meta name=\"twitter:title\" content=\"Como es la vida de un mec\u00e1nico de la selecci\u00f3n belga de ciclismo\" \/>\n<meta name=\"twitter:description\" content=\"Como es la vida de un mec\u00e1nico de la selecci\u00f3n belga de ciclismo. Los quehaceres de los mec\u00e1nicos profesionales en el ciclismo.\" \/>\n<meta name=\"twitter:label1\" content=\"Written by\" \/>\n\t<meta name=\"twitter:data1\" content=\"Adam Marsal\" \/>\n\t<meta name=\"twitter:label2\" content=\"Est. reading time\" \/>\n\t<meta name=\"twitter:data2\" content=\"5\" \/>\n<script type=\"application\/ld+json\" class=\"yoast-schema-graph\">{\"@context\":\"https:\/\/schema.org\",\"@graph\":[{\"@type\":\"WebPage\",\"@id\":\"https:\/\/www.welovecycling.com\/es\/2019\/08\/11\/vida-mecanico-seleccion-belgica-ciclismo\/\",\"url\":\"https:\/\/www.welovecycling.com\/es\/2019\/08\/11\/vida-mecanico-seleccion-belgica-ciclismo\/\",\"name\":\"Como es la vida de un mec\u00e1nico de la selecci\u00f3n de B\u00e9lgica de ciclismo - \u0160koda We Love Cycling - Spain\",\"isPartOf\":{\"@id\":\"https:\/\/www.welovecycling.com\/es\/#website\"},\"primaryImageOfPage\":{\"@id\":\"https:\/\/www.welovecycling.com\/es\/2019\/08\/11\/vida-mecanico-seleccion-belgica-ciclismo\/#primaryimage\"},\"image\":{\"@id\":\"https:\/\/www.welovecycling.com\/es\/2019\/08\/11\/vida-mecanico-seleccion-belgica-ciclismo\/#primaryimage\"},\"thumbnailUrl\":\"https:\/\/d2p6e6u75xmxt8.cloudfront.net\/6\/2019\/08\/Belgian-Mechanic-CVR.jpg\",\"datePublished\":\"2019-08-11T11:53:49+00:00\",\"author\":{\"@id\":\"https:\/\/www.welovecycling.com\/es\/#\/schema\/person\/deb61715b5812698ee79fb96f343ccd4\"},\"description\":\"Como es la vida de un mec\u00e1nico de la selecci\u00f3n belga de ciclismo. Los quehaceres de los mec\u00e1nicos profesionales en el ciclismo.\",\"breadcrumb\":{\"@id\":\"https:\/\/www.welovecycling.com\/es\/2019\/08\/11\/vida-mecanico-seleccion-belgica-ciclismo\/#breadcrumb\"},\"inLanguage\":\"es-ES\",\"potentialAction\":[{\"@type\":\"ReadAction\",\"target\":[\"https:\/\/www.welovecycling.com\/es\/2019\/08\/11\/vida-mecanico-seleccion-belgica-ciclismo\/\"]}]},{\"@type\":\"ImageObject\",\"inLanguage\":\"es-ES\",\"@id\":\"https:\/\/www.welovecycling.com\/es\/2019\/08\/11\/vida-mecanico-seleccion-belgica-ciclismo\/#primaryimage\",\"url\":\"https:\/\/d2p6e6u75xmxt8.cloudfront.net\/6\/2019\/08\/Belgian-Mechanic-CVR.jpg\",\"contentUrl\":\"https:\/\/d2p6e6u75xmxt8.cloudfront.net\/6\/2019\/08\/Belgian-Mechanic-CVR.jpg\",\"width\":1366,\"height\":600},{\"@type\":\"BreadcrumbList\",\"@id\":\"https:\/\/www.welovecycling.com\/es\/2019\/08\/11\/vida-mecanico-seleccion-belgica-ciclismo\/#breadcrumb\",\"itemListElement\":[{\"@type\":\"ListItem\",\"position\":1,\"name\":\"Home\",\"item\":\"https:\/\/www.welovecycling.com\/es\/\"},{\"@type\":\"ListItem\",\"position\":2,\"name\":\"Como es la vida de un mec\u00e1nico de la selecci\u00f3n de B\u00e9lgica de ciclismo\"}]},{\"@type\":\"WebSite\",\"@id\":\"https:\/\/www.welovecycling.com\/es\/#website\",\"url\":\"https:\/\/www.welovecycling.com\/es\/\",\"name\":\"\u0160koda We Love Cycling - Spain\",\"description\":\"\u0160koda WeLoveCycling Spain\",\"potentialAction\":[{\"@type\":\"SearchAction\",\"target\":{\"@type\":\"EntryPoint\",\"urlTemplate\":\"https:\/\/www.welovecycling.com\/es\/?s={search_term_string}\"},\"query-input\":{\"@type\":\"PropertyValueSpecification\",\"valueRequired\":true,\"valueName\":\"search_term_string\"}}],\"inLanguage\":\"es-ES\"},{\"@type\":\"Person\",\"@id\":\"https:\/\/www.welovecycling.com\/es\/#\/schema\/person\/deb61715b5812698ee79fb96f343ccd4\",\"name\":\"We Love Cycling Spain\",\"image\":{\"@type\":\"ImageObject\",\"inLanguage\":\"es-ES\",\"@id\":\"https:\/\/www.welovecycling.com\/es\/#\/schema\/person\/image\/\",\"url\":\"https:\/\/secure.gravatar.com\/avatar\/c824b04e6df0e37a03219d0b6481672889df542894588964102459e46513159c?s=96&d=mm&r=g\",\"contentUrl\":\"https:\/\/secure.gravatar.com\/avatar\/c824b04e6df0e37a03219d0b6481672889df542894588964102459e46513159c?s=96&d=mm&r=g\",\"caption\":\"We Love Cycling Spain\"},\"url\":\"https:\/\/www.welovecycling.com\/es\/author\/amunoz\/\"}]}<\/script>\n<!-- \/ Yoast SEO Premium plugin. -->","yoast_head_json":{"title":"Como es la vida de un mec\u00e1nico de la selecci\u00f3n de B\u00e9lgica de ciclismo - \u0160koda We Love Cycling - Spain","description":"Como es la vida de un mec\u00e1nico de la selecci\u00f3n belga de ciclismo. Los quehaceres de los mec\u00e1nicos profesionales en el ciclismo.","robots":{"index":"index","follow":"follow","max-snippet":"max-snippet:-1","max-image-preview":"max-image-preview:large","max-video-preview":"max-video-preview:-1"},"canonical":"https:\/\/www.welovecycling.com\/es\/2019\/08\/11\/vida-mecanico-seleccion-belgica-ciclismo\/","og_locale":"es_ES","og_type":"article","og_title":"Como es la vida de un mec\u00e1nico de la selecci\u00f3n belga de ciclismo","og_description":"Como es la vida de un mec\u00e1nico de la selecci\u00f3n belga de ciclismo. Los quehaceres de los mec\u00e1nicos profesionales en el ciclismo.","og_url":"https:\/\/www.welovecycling.com\/es\/2019\/08\/11\/vida-mecanico-seleccion-belgica-ciclismo\/","og_site_name":"\u0160koda We Love Cycling - Spain","article_published_time":"2019-08-11T11:53:49+00:00","og_image":[{"width":1366,"height":600,"url":"https:\/\/d2p6e6u75xmxt8.cloudfront.net\/6\/2019\/08\/Belgian-Mechanic-CVR.jpg","type":"image\/jpeg"}],"author":"We Love Cycling Spain","twitter_card":"summary_large_image","twitter_title":"Como es la vida de un mec\u00e1nico de la selecci\u00f3n belga de ciclismo","twitter_description":"Como es la vida de un mec\u00e1nico de la selecci\u00f3n belga de ciclismo. Los quehaceres de los mec\u00e1nicos profesionales en el ciclismo.","twitter_misc":{"Written by":"Adam Marsal","Est. reading time":"5"},"schema":{"@context":"https:\/\/schema.org","@graph":[{"@type":"WebPage","@id":"https:\/\/www.welovecycling.com\/es\/2019\/08\/11\/vida-mecanico-seleccion-belgica-ciclismo\/","url":"https:\/\/www.welovecycling.com\/es\/2019\/08\/11\/vida-mecanico-seleccion-belgica-ciclismo\/","name":"Como es la vida de un mec\u00e1nico de la selecci\u00f3n de B\u00e9lgica de ciclismo - \u0160koda We Love Cycling - Spain","isPartOf":{"@id":"https:\/\/www.welovecycling.com\/es\/#website"},"primaryImageOfPage":{"@id":"https:\/\/www.welovecycling.com\/es\/2019\/08\/11\/vida-mecanico-seleccion-belgica-ciclismo\/#primaryimage"},"image":{"@id":"https:\/\/www.welovecycling.com\/es\/2019\/08\/11\/vida-mecanico-seleccion-belgica-ciclismo\/#primaryimage"},"thumbnailUrl":"https:\/\/d2p6e6u75xmxt8.cloudfront.net\/6\/2019\/08\/Belgian-Mechanic-CVR.jpg","datePublished":"2019-08-11T11:53:49+00:00","author":{"@id":"https:\/\/www.welovecycling.com\/es\/#\/schema\/person\/deb61715b5812698ee79fb96f343ccd4"},"description":"Como es la vida de un mec\u00e1nico de la selecci\u00f3n belga de ciclismo. Los quehaceres de los mec\u00e1nicos profesionales en el ciclismo.","breadcrumb":{"@id":"https:\/\/www.welovecycling.com\/es\/2019\/08\/11\/vida-mecanico-seleccion-belgica-ciclismo\/#breadcrumb"},"inLanguage":"es-ES","potentialAction":[{"@type":"ReadAction","target":["https:\/\/www.welovecycling.com\/es\/2019\/08\/11\/vida-mecanico-seleccion-belgica-ciclismo\/"]}]},{"@type":"ImageObject","inLanguage":"es-ES","@id":"https:\/\/www.welovecycling.com\/es\/2019\/08\/11\/vida-mecanico-seleccion-belgica-ciclismo\/#primaryimage","url":"https:\/\/d2p6e6u75xmxt8.cloudfront.net\/6\/2019\/08\/Belgian-Mechanic-CVR.jpg","contentUrl":"https:\/\/d2p6e6u75xmxt8.cloudfront.net\/6\/2019\/08\/Belgian-Mechanic-CVR.jpg","width":1366,"height":600},{"@type":"BreadcrumbList","@id":"https:\/\/www.welovecycling.com\/es\/2019\/08\/11\/vida-mecanico-seleccion-belgica-ciclismo\/#breadcrumb","itemListElement":[{"@type":"ListItem","position":1,"name":"Home","item":"https:\/\/www.welovecycling.com\/es\/"},{"@type":"ListItem","position":2,"name":"Como es la vida de un mec\u00e1nico de la selecci\u00f3n de B\u00e9lgica de ciclismo"}]},{"@type":"WebSite","@id":"https:\/\/www.welovecycling.com\/es\/#website","url":"https:\/\/www.welovecycling.com\/es\/","name":"\u0160koda We Love Cycling - Spain","description":"\u0160koda WeLoveCycling Spain","potentialAction":[{"@type":"SearchAction","target":{"@type":"EntryPoint","urlTemplate":"https:\/\/www.welovecycling.com\/es\/?s={search_term_string}"},"query-input":{"@type":"PropertyValueSpecification","valueRequired":true,"valueName":"search_term_string"}}],"inLanguage":"es-ES"},{"@type":"Person","@id":"https:\/\/www.welovecycling.com\/es\/#\/schema\/person\/deb61715b5812698ee79fb96f343ccd4","name":"We Love Cycling Spain","image":{"@type":"ImageObject","inLanguage":"es-ES","@id":"https:\/\/www.welovecycling.com\/es\/#\/schema\/person\/image\/","url":"https:\/\/secure.gravatar.com\/avatar\/c824b04e6df0e37a03219d0b6481672889df542894588964102459e46513159c?s=96&d=mm&r=g","contentUrl":"https:\/\/secure.gravatar.com\/avatar\/c824b04e6df0e37a03219d0b6481672889df542894588964102459e46513159c?s=96&d=mm&r=g","caption":"We Love Cycling Spain"},"url":"https:\/\/www.welovecycling.com\/es\/author\/amunoz\/"}]}},"_links":{"self":[{"href":"https:\/\/www.welovecycling.com\/es\/wp-json\/wp\/v2\/posts\/5198","targetHints":{"allow":["GET"]}}],"collection":[{"href":"https:\/\/www.welovecycling.com\/es\/wp-json\/wp\/v2\/posts"}],"about":[{"href":"https:\/\/www.welovecycling.com\/es\/wp-json\/wp\/v2\/types\/post"}],"author":[{"embeddable":true,"href":"https:\/\/www.welovecycling.com\/es\/wp-json\/wp\/v2\/users\/29"}],"replies":[{"embeddable":true,"href":"https:\/\/www.welovecycling.com\/es\/wp-json\/wp\/v2\/comments?post=5198"}],"version-history":[{"count":2,"href":"https:\/\/www.welovecycling.com\/es\/wp-json\/wp\/v2\/posts\/5198\/revisions"}],"predecessor-version":[{"id":5219,"href":"https:\/\/www.welovecycling.com\/es\/wp-json\/wp\/v2\/posts\/5198\/revisions\/5219"}],"wp:featuredmedia":[{"embeddable":true,"href":"https:\/\/www.welovecycling.com\/es\/wp-json\/wp\/v2\/media\/5216"}],"wp:attachment":[{"href":"https:\/\/www.welovecycling.com\/es\/wp-json\/wp\/v2\/media?parent=5198"}],"wp:term":[{"taxonomy":"category","embeddable":true,"href":"https:\/\/www.welovecycling.com\/es\/wp-json\/wp\/v2\/categories?post=5198"},{"taxonomy":"post_tag","embeddable":true,"href":"https:\/\/www.welovecycling.com\/es\/wp-json\/wp\/v2\/tags?post=5198"},{"taxonomy":"global-categories","embeddable":true,"href":"https:\/\/www.welovecycling.com\/es\/wp-json\/wp\/v2\/global-categories?post=5198"}],"curies":[{"name":"wp","href":"https:\/\/api.w.org\/{rel}","templated":true}]}}