{"id":5183,"date":"2019-08-06T22:15:31","date_gmt":"2019-08-06T20:15:31","guid":{"rendered":"https:\/\/www.welovecycling.com\/es\/?p=5183"},"modified":"2019-08-06T22:15:31","modified_gmt":"2019-08-06T20:15:31","slug":"entrenamiento-ciclista-en-verano","status":"publish","type":"post","link":"https:\/\/www.welovecycling.com\/es\/2019\/08\/06\/entrenamiento-ciclista-en-verano\/","title":{"rendered":"Los errores m\u00e1s comunes del entrenamiento ciclista en verano"},"content":{"rendered":"<p><strong>Los entrenamientos ciclistas de verano deber\u00edan ser una recompensa por todo el trabajo duro que hizo en el mal tiempo de invierno y primavera. Hay varios errores comunes que los ciclistas cometen en el verano que les roban el m\u00e1ximo rendimiento que han construido a lo largo del a\u00f1o. Echemos un vistazo a c\u00f3mo evitarlos y disfrutemos montando en verano.<\/strong><br \/>\n<!--more--><\/p>\n<h2><strong>Recuperaci\u00f3n insuficiente<\/strong><\/h2>\n<p>El primer problema de montar en verano es que te sientes demasiado bien en el sill\u00edn. Est\u00e1s a tope de forma. Te sientes ligero, r\u00e1pido y poderoso! Y es exactamente en ese momento cuando es m\u00e1s probable que te saltea el d\u00eda de descanso. Puede parecer que en verano puedes echar m\u00e1s d\u00edas de entrenamiento, pero la realidad es que tu cuerpo necesita una recuperaci\u00f3n similar a la de cualquier otra \u00e9poca del a\u00f1o. Manten un equilibrio saludable de entrenamientos f\u00e1ciles y duros y procura tomarte por lo menos un d\u00eda o dos a la semana de descanso, especialmente si est\u00e1s planeando participar en cicloturistas durante el verano. Y no te olvides de la nutrici\u00f3n. Los helados y los pasteles est\u00e1n en todas partes, pero tambi\u00e9n se necesitan buenas prote\u00ednas, carbohidratos lentos, grasas saludables y verduras.<\/p>\n<p>Echa un vistazo a nuestra<a href=\"https:\/\/www.welovecycling.com\/wide\/series\/recovery-nutrition\/\"> serie de recuperaci\u00f3n<\/a> para recordar los h\u00e1bitos correctos.<\/p>\n<p><a href=\"https:\/\/d2p6e6u75xmxt8.cloudfront.net\/6\/2019\/08\/profimedia-0342338738-1.jpg\"><img loading=\"lazy\" decoding=\"async\" class=\"alignnone size-full wp-image-5184\" src=\"https:\/\/d2p6e6u75xmxt8.cloudfront.net\/6\/2019\/08\/profimedia-0342338738-1.jpg\" alt=\"\" width=\"1366\" height=\"600\" srcset=\"https:\/\/d2p6e6u75xmxt8.cloudfront.net\/6\/2019\/08\/profimedia-0342338738-1.jpg 1366w, https:\/\/d2p6e6u75xmxt8.cloudfront.net\/6\/2019\/08\/profimedia-0342338738-1-300x132.jpg 300w, https:\/\/d2p6e6u75xmxt8.cloudfront.net\/6\/2019\/08\/profimedia-0342338738-1-768x337.jpg 768w, https:\/\/d2p6e6u75xmxt8.cloudfront.net\/6\/2019\/08\/profimedia-0342338738-1-1024x450.jpg 1024w\" sizes=\"auto, (max-width: 1366px) 100vw, 1366px\" \/><\/a><\/p>\n<h2><strong>Sobrecalentamiento<\/strong><\/h2>\n<p>Es muy f\u00e1cil pasar una temperatura corporal adecuad en verano. Las subidas habituales y el tempo aer\u00f3bico est\u00e1ndar combinado con mucho calor pueden hacer que su temperatura corporal aumente r\u00e1pidamente. Una temperatura elevada reduce la potencia de entrenamiento, especialmente con esfuerzos m\u00e1s intensos, y tambi\u00e9n impide que disfrutes del ciclismo. El problema es que el sobrecalentamiento regular no necesariamente le ayuda a lidiar mejor con el calor. Lo que ayuda es aclimatarse gradualmente, exponerse a temperaturas m\u00e1s altas de forma controlada, ya sea en una sauna o en paseos cortos y f\u00e1ciles que se pueden detener si las cosas se desv\u00edan. Deja las sesiones largas e intensas para las partes m\u00e1s frescas del d\u00eda. Y por supuesto, hay que hidratarse<\/p>\n<p>Traducci\u00f3n realizada con el traductor www.DeepL.com\/Translator<\/p>\n<p><a href=\"https:\/\/www.welovecycling.com\/wide\/series\/hydration\/\">Unos consejos de hidratacion.<\/a><\/p>\n<h2><strong>Demasiadas etapas largas<\/strong><\/h2>\n<p>El verano es ideal para montar en grupo. Normalmente, tener un grupo de ciclistas con los que montar es una ventaja. Te ayuda a mantener un entrenamiento regular, te empuja y te hace que los entrenamientos duros sean menos dolorosos. El problema en verano es que todo el mundo quiere hacer largos entrenamientos \u00e9picos todo el tiempo. Es muy f\u00e1cil exagerar. Si te est\u00e1s preparando para un evento, es importante seguir un r\u00e9gimen de entrenamiento enfocado en la preparaci\u00f3n. Trabajar en la velocidad, haciendo intervalos, y disminuyendo correctamente es necesario si quieres rendir en la prueba. Por otro lado, si no tienes carreras planeadas para el verano, entonces sigue adelante y haz todos los entrenamientos largos que quieras.<\/p>\n<p><a href=\"https:\/\/d2p6e6u75xmxt8.cloudfront.net\/6\/2019\/05\/etapecvr.jpg\"><img loading=\"lazy\" decoding=\"async\" class=\"alignnone size-full wp-image-4670\" src=\"https:\/\/d2p6e6u75xmxt8.cloudfront.net\/6\/2019\/05\/etapecvr.jpg\" alt=\"\" width=\"1366\" height=\"600\" srcset=\"https:\/\/d2p6e6u75xmxt8.cloudfront.net\/6\/2019\/05\/etapecvr.jpg 1366w, https:\/\/d2p6e6u75xmxt8.cloudfront.net\/6\/2019\/05\/etapecvr-300x132.jpg 300w, https:\/\/d2p6e6u75xmxt8.cloudfront.net\/6\/2019\/05\/etapecvr-768x337.jpg 768w, https:\/\/d2p6e6u75xmxt8.cloudfront.net\/6\/2019\/05\/etapecvr-1024x450.jpg 1024w\" sizes=\"auto, (max-width: 1366px) 100vw, 1366px\" \/><\/a><\/p>\n<h2><strong>Demasiadas carreras<\/strong><\/h2>\n<p>Hay muchas oportunidades en el verano para hacer varias carreras y eventos interesantes. Si quieres disfrutar de todo esto tambi\u00e9n debes pensar en entrenar. El mero cambio entre ritmo de carrera y recuperaci\u00f3n es muy exigente para el cuerpo y no te permitir\u00e1 mantener la forma por mucho tiempo. Debes programar bloques de dos semanas o m\u00e1s de entrenamiento dirigado entre tus carreras. De esta manera podr\u00e1s disfrutar de muchos eventos de ciclismo sin tener que rendir menos. Vamos a entrar en m\u00e1s detalles sobre c\u00f3mo combinar mejor las carreras y el entrenamiento m\u00e1s adelante en esta serie.<\/p>\n","protected":false},"excerpt":{"rendered":"<p>Los entrenamientos ciclistas de verano deber\u00edan ser una recompensa por todo el trabajo duro que hizo en el mal tiempo [&hellip;]<\/p>\n","protected":false},"author":29,"featured_media":4666,"comment_status":"open","ping_status":"open","sticky":false,"template":"","format":"standard","meta":{"footnotes":""},"categories":[7,9],"tags":[1144,1142,1143,1145],"global-categories":[],"class_list":["post-5183","post","type-post","status-publish","format-standard","has-post-thumbnail","hentry","category-carretera","category-mtb-aventura","tag-entrenamiento-ciclismo","tag-entrenamiento-ciclista-de-verano","tag-errores-entrenamiento-ciclista","tag-sobreentrenamiento-ciclista"],"yoast_head":"<!-- This site is optimized with the Yoast SEO Premium plugin v25.3 (Yoast SEO v25.9) - https:\/\/yoast.com\/wordpress\/plugins\/seo\/ -->\n<title>Los errores m\u00e1s comunes del entrenamiento ciclista en verano - \u0160koda We Love Cycling - Spain<\/title>\n<meta name=\"description\" content=\"Consejos para evitar los errores m\u00e1s comunes del entrenamiento ciclista en verano. Desde el sobreentrenamiento a la falta de descanso o demasiadas carreras.\" \/>\n<meta name=\"robots\" content=\"index, follow, max-snippet:-1, max-image-preview:large, max-video-preview:-1\" \/>\n<link rel=\"canonical\" href=\"https:\/\/www.welovecycling.com\/es\/2019\/08\/06\/entrenamiento-ciclista-en-verano\/\" \/>\n<meta property=\"og:locale\" content=\"es_ES\" \/>\n<meta property=\"og:type\" content=\"article\" \/>\n<meta property=\"og:title\" content=\"Los errores m\u00e1s comunes del entrenamiento ciclista en verano\" \/>\n<meta property=\"og:description\" content=\"Consejos para evitar los errores m\u00e1s comunes del entrenamiento ciclista en verano. Desde el sobreentrenamiento a la falta de descanso o demasiadas carreras.\" \/>\n<meta property=\"og:url\" content=\"https:\/\/www.welovecycling.com\/es\/2019\/08\/06\/entrenamiento-ciclista-en-verano\/\" \/>\n<meta property=\"og:site_name\" content=\"\u0160koda We Love Cycling - Spain\" \/>\n<meta property=\"article:published_time\" content=\"2019-08-06T20:15:31+00:00\" \/>\n<meta property=\"og:image\" content=\"https:\/\/d2p6e6u75xmxt8.cloudfront.net\/6\/2019\/05\/covermallorca.jpg\" \/>\n\t<meta property=\"og:image:width\" content=\"1375\" \/>\n\t<meta property=\"og:image:height\" content=\"600\" \/>\n\t<meta property=\"og:image:type\" content=\"image\/jpeg\" \/>\n<meta name=\"author\" content=\"We Love Cycling Spain\" \/>\n<meta name=\"twitter:card\" content=\"summary_large_image\" \/>\n<meta name=\"twitter:title\" content=\"Los errores m\u00e1s comunes del entrenamiento ciclista en verano\" \/>\n<meta name=\"twitter:description\" content=\"Consejos para evitar los errores m\u00e1s comunes del entrenamiento ciclista en verano. Desde el sobreentrenamiento a la falta de descanso o demasiadas carreras.\" \/>\n<meta name=\"twitter:label1\" content=\"Written by\" \/>\n\t<meta name=\"twitter:data1\" content=\"Jiri Kaloc\" \/>\n\t<meta name=\"twitter:label2\" content=\"Est. reading time\" \/>\n\t<meta name=\"twitter:data2\" content=\"4\" \/>\n<script type=\"application\/ld+json\" class=\"yoast-schema-graph\">{\"@context\":\"https:\/\/schema.org\",\"@graph\":[{\"@type\":\"WebPage\",\"@id\":\"https:\/\/www.welovecycling.com\/es\/2019\/08\/06\/entrenamiento-ciclista-en-verano\/\",\"url\":\"https:\/\/www.welovecycling.com\/es\/2019\/08\/06\/entrenamiento-ciclista-en-verano\/\",\"name\":\"Los errores m\u00e1s comunes del entrenamiento ciclista en verano - \u0160koda We Love Cycling - Spain\",\"isPartOf\":{\"@id\":\"https:\/\/www.welovecycling.com\/es\/#website\"},\"primaryImageOfPage\":{\"@id\":\"https:\/\/www.welovecycling.com\/es\/2019\/08\/06\/entrenamiento-ciclista-en-verano\/#primaryimage\"},\"image\":{\"@id\":\"https:\/\/www.welovecycling.com\/es\/2019\/08\/06\/entrenamiento-ciclista-en-verano\/#primaryimage\"},\"thumbnailUrl\":\"https:\/\/d2p6e6u75xmxt8.cloudfront.net\/6\/2019\/05\/covermallorca.jpg\",\"datePublished\":\"2019-08-06T20:15:31+00:00\",\"author\":{\"@id\":\"https:\/\/www.welovecycling.com\/es\/#\/schema\/person\/deb61715b5812698ee79fb96f343ccd4\"},\"description\":\"Consejos para evitar los errores m\u00e1s comunes del entrenamiento ciclista en verano. Desde el sobreentrenamiento a la falta de descanso o demasiadas carreras.\",\"breadcrumb\":{\"@id\":\"https:\/\/www.welovecycling.com\/es\/2019\/08\/06\/entrenamiento-ciclista-en-verano\/#breadcrumb\"},\"inLanguage\":\"es-ES\",\"potentialAction\":[{\"@type\":\"ReadAction\",\"target\":[\"https:\/\/www.welovecycling.com\/es\/2019\/08\/06\/entrenamiento-ciclista-en-verano\/\"]}]},{\"@type\":\"ImageObject\",\"inLanguage\":\"es-ES\",\"@id\":\"https:\/\/www.welovecycling.com\/es\/2019\/08\/06\/entrenamiento-ciclista-en-verano\/#primaryimage\",\"url\":\"https:\/\/d2p6e6u75xmxt8.cloudfront.net\/6\/2019\/05\/covermallorca.jpg\",\"contentUrl\":\"https:\/\/d2p6e6u75xmxt8.cloudfront.net\/6\/2019\/05\/covermallorca.jpg\",\"width\":1375,\"height\":600},{\"@type\":\"BreadcrumbList\",\"@id\":\"https:\/\/www.welovecycling.com\/es\/2019\/08\/06\/entrenamiento-ciclista-en-verano\/#breadcrumb\",\"itemListElement\":[{\"@type\":\"ListItem\",\"position\":1,\"name\":\"Home\",\"item\":\"https:\/\/www.welovecycling.com\/es\/\"},{\"@type\":\"ListItem\",\"position\":2,\"name\":\"Los errores m\u00e1s comunes del entrenamiento ciclista en verano\"}]},{\"@type\":\"WebSite\",\"@id\":\"https:\/\/www.welovecycling.com\/es\/#website\",\"url\":\"https:\/\/www.welovecycling.com\/es\/\",\"name\":\"\u0160koda We Love Cycling - Spain\",\"description\":\"\u0160koda WeLoveCycling Spain\",\"potentialAction\":[{\"@type\":\"SearchAction\",\"target\":{\"@type\":\"EntryPoint\",\"urlTemplate\":\"https:\/\/www.welovecycling.com\/es\/?s={search_term_string}\"},\"query-input\":{\"@type\":\"PropertyValueSpecification\",\"valueRequired\":true,\"valueName\":\"search_term_string\"}}],\"inLanguage\":\"es-ES\"},{\"@type\":\"Person\",\"@id\":\"https:\/\/www.welovecycling.com\/es\/#\/schema\/person\/deb61715b5812698ee79fb96f343ccd4\",\"name\":\"We Love Cycling Spain\",\"image\":{\"@type\":\"ImageObject\",\"inLanguage\":\"es-ES\",\"@id\":\"https:\/\/www.welovecycling.com\/es\/#\/schema\/person\/image\/\",\"url\":\"https:\/\/secure.gravatar.com\/avatar\/c824b04e6df0e37a03219d0b6481672889df542894588964102459e46513159c?s=96&d=mm&r=g\",\"contentUrl\":\"https:\/\/secure.gravatar.com\/avatar\/c824b04e6df0e37a03219d0b6481672889df542894588964102459e46513159c?s=96&d=mm&r=g\",\"caption\":\"We Love Cycling Spain\"},\"url\":\"https:\/\/www.welovecycling.com\/es\/author\/amunoz\/\"}]}<\/script>\n<!-- \/ Yoast SEO Premium plugin. -->","yoast_head_json":{"title":"Los errores m\u00e1s comunes del entrenamiento ciclista en verano - \u0160koda We Love Cycling - Spain","description":"Consejos para evitar los errores m\u00e1s comunes del entrenamiento ciclista en verano. Desde el sobreentrenamiento a la falta de descanso o demasiadas carreras.","robots":{"index":"index","follow":"follow","max-snippet":"max-snippet:-1","max-image-preview":"max-image-preview:large","max-video-preview":"max-video-preview:-1"},"canonical":"https:\/\/www.welovecycling.com\/es\/2019\/08\/06\/entrenamiento-ciclista-en-verano\/","og_locale":"es_ES","og_type":"article","og_title":"Los errores m\u00e1s comunes del entrenamiento ciclista en verano","og_description":"Consejos para evitar los errores m\u00e1s comunes del entrenamiento ciclista en verano. Desde el sobreentrenamiento a la falta de descanso o demasiadas carreras.","og_url":"https:\/\/www.welovecycling.com\/es\/2019\/08\/06\/entrenamiento-ciclista-en-verano\/","og_site_name":"\u0160koda We Love Cycling - Spain","article_published_time":"2019-08-06T20:15:31+00:00","og_image":[{"width":1375,"height":600,"url":"https:\/\/d2p6e6u75xmxt8.cloudfront.net\/6\/2019\/05\/covermallorca.jpg","type":"image\/jpeg"}],"author":"We Love Cycling Spain","twitter_card":"summary_large_image","twitter_title":"Los errores m\u00e1s comunes del entrenamiento ciclista en verano","twitter_description":"Consejos para evitar los errores m\u00e1s comunes del entrenamiento ciclista en verano. Desde el sobreentrenamiento a la falta de descanso o demasiadas carreras.","twitter_misc":{"Written by":"Jiri Kaloc","Est. reading time":"4"},"schema":{"@context":"https:\/\/schema.org","@graph":[{"@type":"WebPage","@id":"https:\/\/www.welovecycling.com\/es\/2019\/08\/06\/entrenamiento-ciclista-en-verano\/","url":"https:\/\/www.welovecycling.com\/es\/2019\/08\/06\/entrenamiento-ciclista-en-verano\/","name":"Los errores m\u00e1s comunes del entrenamiento ciclista en verano - \u0160koda We Love Cycling - Spain","isPartOf":{"@id":"https:\/\/www.welovecycling.com\/es\/#website"},"primaryImageOfPage":{"@id":"https:\/\/www.welovecycling.com\/es\/2019\/08\/06\/entrenamiento-ciclista-en-verano\/#primaryimage"},"image":{"@id":"https:\/\/www.welovecycling.com\/es\/2019\/08\/06\/entrenamiento-ciclista-en-verano\/#primaryimage"},"thumbnailUrl":"https:\/\/d2p6e6u75xmxt8.cloudfront.net\/6\/2019\/05\/covermallorca.jpg","datePublished":"2019-08-06T20:15:31+00:00","author":{"@id":"https:\/\/www.welovecycling.com\/es\/#\/schema\/person\/deb61715b5812698ee79fb96f343ccd4"},"description":"Consejos para evitar los errores m\u00e1s comunes del entrenamiento ciclista en verano. Desde el sobreentrenamiento a la falta de descanso o demasiadas carreras.","breadcrumb":{"@id":"https:\/\/www.welovecycling.com\/es\/2019\/08\/06\/entrenamiento-ciclista-en-verano\/#breadcrumb"},"inLanguage":"es-ES","potentialAction":[{"@type":"ReadAction","target":["https:\/\/www.welovecycling.com\/es\/2019\/08\/06\/entrenamiento-ciclista-en-verano\/"]}]},{"@type":"ImageObject","inLanguage":"es-ES","@id":"https:\/\/www.welovecycling.com\/es\/2019\/08\/06\/entrenamiento-ciclista-en-verano\/#primaryimage","url":"https:\/\/d2p6e6u75xmxt8.cloudfront.net\/6\/2019\/05\/covermallorca.jpg","contentUrl":"https:\/\/d2p6e6u75xmxt8.cloudfront.net\/6\/2019\/05\/covermallorca.jpg","width":1375,"height":600},{"@type":"BreadcrumbList","@id":"https:\/\/www.welovecycling.com\/es\/2019\/08\/06\/entrenamiento-ciclista-en-verano\/#breadcrumb","itemListElement":[{"@type":"ListItem","position":1,"name":"Home","item":"https:\/\/www.welovecycling.com\/es\/"},{"@type":"ListItem","position":2,"name":"Los errores m\u00e1s comunes del entrenamiento ciclista en verano"}]},{"@type":"WebSite","@id":"https:\/\/www.welovecycling.com\/es\/#website","url":"https:\/\/www.welovecycling.com\/es\/","name":"\u0160koda We Love Cycling - Spain","description":"\u0160koda WeLoveCycling Spain","potentialAction":[{"@type":"SearchAction","target":{"@type":"EntryPoint","urlTemplate":"https:\/\/www.welovecycling.com\/es\/?s={search_term_string}"},"query-input":{"@type":"PropertyValueSpecification","valueRequired":true,"valueName":"search_term_string"}}],"inLanguage":"es-ES"},{"@type":"Person","@id":"https:\/\/www.welovecycling.com\/es\/#\/schema\/person\/deb61715b5812698ee79fb96f343ccd4","name":"We Love Cycling Spain","image":{"@type":"ImageObject","inLanguage":"es-ES","@id":"https:\/\/www.welovecycling.com\/es\/#\/schema\/person\/image\/","url":"https:\/\/secure.gravatar.com\/avatar\/c824b04e6df0e37a03219d0b6481672889df542894588964102459e46513159c?s=96&d=mm&r=g","contentUrl":"https:\/\/secure.gravatar.com\/avatar\/c824b04e6df0e37a03219d0b6481672889df542894588964102459e46513159c?s=96&d=mm&r=g","caption":"We Love Cycling Spain"},"url":"https:\/\/www.welovecycling.com\/es\/author\/amunoz\/"}]}},"_links":{"self":[{"href":"https:\/\/www.welovecycling.com\/es\/wp-json\/wp\/v2\/posts\/5183","targetHints":{"allow":["GET"]}}],"collection":[{"href":"https:\/\/www.welovecycling.com\/es\/wp-json\/wp\/v2\/posts"}],"about":[{"href":"https:\/\/www.welovecycling.com\/es\/wp-json\/wp\/v2\/types\/post"}],"author":[{"embeddable":true,"href":"https:\/\/www.welovecycling.com\/es\/wp-json\/wp\/v2\/users\/29"}],"replies":[{"embeddable":true,"href":"https:\/\/www.welovecycling.com\/es\/wp-json\/wp\/v2\/comments?post=5183"}],"version-history":[{"count":2,"href":"https:\/\/www.welovecycling.com\/es\/wp-json\/wp\/v2\/posts\/5183\/revisions"}],"predecessor-version":[{"id":5190,"href":"https:\/\/www.welovecycling.com\/es\/wp-json\/wp\/v2\/posts\/5183\/revisions\/5190"}],"wp:featuredmedia":[{"embeddable":true,"href":"https:\/\/www.welovecycling.com\/es\/wp-json\/wp\/v2\/media\/4666"}],"wp:attachment":[{"href":"https:\/\/www.welovecycling.com\/es\/wp-json\/wp\/v2\/media?parent=5183"}],"wp:term":[{"taxonomy":"category","embeddable":true,"href":"https:\/\/www.welovecycling.com\/es\/wp-json\/wp\/v2\/categories?post=5183"},{"taxonomy":"post_tag","embeddable":true,"href":"https:\/\/www.welovecycling.com\/es\/wp-json\/wp\/v2\/tags?post=5183"},{"taxonomy":"global-categories","embeddable":true,"href":"https:\/\/www.welovecycling.com\/es\/wp-json\/wp\/v2\/global-categories?post=5183"}],"curies":[{"name":"wp","href":"https:\/\/api.w.org\/{rel}","templated":true}]}}