{"id":5182,"date":"2019-08-07T12:44:17","date_gmt":"2019-08-07T10:44:17","guid":{"rendered":"https:\/\/www.welovecycling.com\/es\/?p=5182"},"modified":"2019-08-07T12:44:17","modified_gmt":"2019-08-07T10:44:17","slug":"ciclismo-medio-ambiente-y-sostenibilidad","status":"publish","type":"post","link":"https:\/\/www.welovecycling.com\/es\/2019\/08\/07\/ciclismo-medio-ambiente-y-sostenibilidad\/","title":{"rendered":"Ciclismo, medio ambiente y sostenibilidad"},"content":{"rendered":"<p><strong>El ciclismo recibe muchos elogios bien merecidos por ser una actividad respetuosa con el medio ambiente y un medio de transporte sostenible. \u00bfUna forma saludable de ejercicio que tambi\u00e9n es buena para el medio ambiente? Parece una situaci\u00f3n en la que todos ganan. Y, normalmente, lo es.<\/strong><!--more--><\/p>\n<p>Desafortunadamente, cuando se trata del impacto ambiental de los eventos y las carreras, tenemos que ponernos al d\u00eda para poder seguir promoviendo el ciclismo como el salvador del planeta que tiene el potencial de ser. Las carreras ciclistas se han convertido en un gran negocio, y con miles de personas a\u00f1adiendo basura y tr\u00e1fico a las calles y carreteras en los principales eventos, las consecuencias no son precisamente insignificantes. Desde formularios de inscripci\u00f3n en papel y vasos de un solo uso hasta comida en la basura y el impacto de las personas que viajan a los eventos, las carreras pueden ser un factor estresante para el medio ambiente. La buena noticia es que las mejoras son posibles y muchos eventos importantes ya est\u00e1n decidiendo hacer cambios.<\/p>\n<figure id=\"attachment_5185\" aria-describedby=\"caption-attachment-5185\" style=\"width: 1250px\" class=\"wp-caption alignnone\"><a href=\"https:\/\/d2p6e6u75xmxt8.cloudfront.net\/6\/2019\/08\/Ride-London-profimedia-0385988222.jpg\"><img loading=\"lazy\" decoding=\"async\" class=\"wp-image-5185 size-full\" src=\"https:\/\/d2p6e6u75xmxt8.cloudfront.net\/6\/2019\/08\/Ride-London-profimedia-0385988222.jpg\" alt=\"\" width=\"1250\" height=\"769\" srcset=\"https:\/\/d2p6e6u75xmxt8.cloudfront.net\/6\/2019\/08\/Ride-London-profimedia-0385988222.jpg 1250w, https:\/\/d2p6e6u75xmxt8.cloudfront.net\/6\/2019\/08\/Ride-London-profimedia-0385988222-300x185.jpg 300w, https:\/\/d2p6e6u75xmxt8.cloudfront.net\/6\/2019\/08\/Ride-London-profimedia-0385988222-768x472.jpg 768w, https:\/\/d2p6e6u75xmxt8.cloudfront.net\/6\/2019\/08\/Ride-London-profimedia-0385988222-1024x630.jpg 1024w\" sizes=\"auto, (max-width: 1250px) 100vw, 1250px\" \/><\/a><figcaption id=\"caption-attachment-5185\" class=\"wp-caption-text\">RideLondon estar\u00e1 libre de botellas de pl\u00e1stico y a partir de 2019, las botellas de pl\u00e1stico de un solo uso ser\u00e1n desechadas para los aficionados. Profimedia, AFP<\/figcaption><\/figure>\n<p>&nbsp;<\/p>\n<p>Para poner las cosas en perspectiva, hay que tener en cuenta la reciente respuesta del director del Tour de Francia, Christian Prudhomme, despu\u00e9s de que los grupos ecologistas condenaran la avalancha de pl\u00e1stico que genera la carrera. Se\u00f1alando que la gama de regalos generados por la\u00a0 caravana es muy amplia, con empresas que lanzan botellas de agua, llaveros, gorras, ponchos de pl\u00e1stico para la lluvia, pulseras, insignias, juguetes, la mayor\u00eda de los cuales est\u00e1n hechos de pl\u00e1stico o envueltos en pl\u00e1stico.\u00a0La carta de respuesta de Prudhomme, en el diario deportivo L&#8217;Equipe, fue inmediata y afirmaba que los patrocinadores ten\u00edan que comprometerse a reducir el pl\u00e1stico para que el evento fuera m\u00e1s sostenible. Y es probable que no tengan m\u00e1s remedio que cumplir, ya que no se trata s\u00f3lo de que los grupos ecologistas pidan cambios. Ahora m\u00e1s que nunca, los participantes potenciales de la carrera y los espectadores son conscientes del impacto de los residuos de envases de un solo uso y del consumo relacionado con los eventos.<\/p>\n<p>Escuchando las demandas de cambio, RideLondon es un ejemplo de una organizaci\u00f3n que da un paso al frente y demuestra que un evento de ciclismo puede sobrevivir sin el uso de pl\u00e1stico de un solo uso, que es devastador para el medio ambiente. Por primera vez en el mundo, no necesitar\u00e1n botellas de pl\u00e1stico y, a partir de 2019, no se utilizar\u00e1n botellas de un solo uso para los ciclistas. En su lugar, los organizadores proporcionar\u00e1n tanques con agua a trav\u00e9s de una serie de avituallamientos a lo largo del recorrido. Los espectadores tambi\u00e9n tendr\u00e1n acceso a fuentes de agua potable para que puedan rellenar sus propias botellas. En otros intentos de reducir su impacto ambiental, los organizadores tambi\u00e9n est\u00e1n reduciendo el uso de bolsas de golosinas y est\u00e1n creando una zona dedicada a la recogida de basura durante la carrera.<\/p>\n<figure id=\"attachment_5120\" aria-describedby=\"caption-attachment-5120\" style=\"width: 1367px\" class=\"wp-caption alignnone\"><a href=\"https:\/\/d2p6e6u75xmxt8.cloudfront.net\/6\/2019\/07\/Red-Car-CVR-profimedia-0378737370.jpg\"><img loading=\"lazy\" decoding=\"async\" class=\"wp-image-5120 size-full\" src=\"https:\/\/d2p6e6u75xmxt8.cloudfront.net\/6\/2019\/07\/Red-Car-CVR-profimedia-0378737370.jpg\" alt=\"\" width=\"1367\" height=\"600\" srcset=\"https:\/\/d2p6e6u75xmxt8.cloudfront.net\/6\/2019\/07\/Red-Car-CVR-profimedia-0378737370.jpg 1367w, https:\/\/d2p6e6u75xmxt8.cloudfront.net\/6\/2019\/07\/Red-Car-CVR-profimedia-0378737370-300x132.jpg 300w, https:\/\/d2p6e6u75xmxt8.cloudfront.net\/6\/2019\/07\/Red-Car-CVR-profimedia-0378737370-768x337.jpg 768w, https:\/\/d2p6e6u75xmxt8.cloudfront.net\/6\/2019\/07\/Red-Car-CVR-profimedia-0378737370-1024x449.jpg 1024w\" sizes=\"auto, (max-width: 1367px) 100vw, 1367px\" \/><\/a><figcaption id=\"caption-attachment-5120\" class=\"wp-caption-text\">La carta de respuesta de Prudhomme, en el diario deportivo L&#8217;Equipe, fue inmediata y afirmaba que los patrocinadores ten\u00edan que comprometerse a reducir el pl\u00e1stico para que el evento fuera m\u00e1s sostenible.<\/figcaption><\/figure>\n<p>&nbsp;<\/p>\n<p>Otra carrera que demuestra que tienen el compromiso de reducir su impacto en el medio ambiente es el Woman&#8217;s Tour of Scotland. El evento presentar\u00e1 un recorrido de 350 km de longitud a lo largo de tres d\u00edas y contar\u00e1 con una camiseta de l\u00edder realizada en pl\u00e1stico reciclado. Una declaraci\u00f3n de sostenibilidad ambiental, el gesto es significativo cuando la organizaci\u00f3n inicia su primera carrera. Otra ventaja de este evento es que han anunciado una asociaci\u00f3n con Voxwomen para proporcionar retransmisi\u00f3n diaria para el evento, que comienza el pr\u00f3ximo viernes en Dundee.<\/p>\n<p>Demostrando que el Women&#8217;s Tour of Scotland no est\u00e1 solo en su promoci\u00f3n del ciclismo femenino y de la sostenibilidad, el Colorado Classic tambi\u00e9n est\u00e1 tomando una postura audaz. Adem\u00e1s de pedir a los aficionados que se unan a su movimiento y se comprometan a crear m\u00e1s oportunidades para las mujeres en el ciclismo profesional, se han comprometido a convertirse en la carrera ciclista profesional m\u00e1s ecol\u00f3gica de Norteam\u00e9rica. Con una larga lista de iniciativas que apoyan la eficiencia energ\u00e9tica, la conservaci\u00f3n del agua, la gesti\u00f3n de recursos y el transporte sostenible, la carrera ha sido galardonada con el estatus &#8220;Certifiably Green&#8221; por la Ciudad de Denver. Tambi\u00e9n se han asociado con Scraps, un servicio de recolecci\u00f3n de abono de propiedad de mujeres y a pedales con sede en Denver. Scraps recoger\u00e1 toda la basura compostable, en bicicleta, de toda la ciudad. En su esfuerzo, esperan desviar al menos el 60 por ciento de sus desechos\u00a0 hacia el compostaje y el reciclaje.<\/p>\n<figure id=\"attachment_5187\" aria-describedby=\"caption-attachment-5187\" style=\"width: 1250px\" class=\"wp-caption alignnone\"><a href=\"https:\/\/d2p6e6u75xmxt8.cloudfront.net\/6\/2019\/08\/profimedia-0383069730-1.jpg\"><img loading=\"lazy\" decoding=\"async\" class=\"size-full wp-image-5187\" src=\"https:\/\/d2p6e6u75xmxt8.cloudfront.net\/6\/2019\/08\/profimedia-0383069730-1.jpg\" alt=\"\" width=\"1250\" height=\"833\" srcset=\"https:\/\/d2p6e6u75xmxt8.cloudfront.net\/6\/2019\/08\/profimedia-0383069730-1.jpg 1250w, https:\/\/d2p6e6u75xmxt8.cloudfront.net\/6\/2019\/08\/profimedia-0383069730-1-300x200.jpg 300w, https:\/\/d2p6e6u75xmxt8.cloudfront.net\/6\/2019\/08\/profimedia-0383069730-1-768x512.jpg 768w, https:\/\/d2p6e6u75xmxt8.cloudfront.net\/6\/2019\/08\/profimedia-0383069730-1-1024x682.jpg 1024w, https:\/\/d2p6e6u75xmxt8.cloudfront.net\/6\/2019\/08\/profimedia-0383069730-1-272x182.jpg 272w\" sizes=\"auto, (max-width: 1250px) 100vw, 1250px\" \/><\/a><figcaption id=\"caption-attachment-5187\" class=\"wp-caption-text\">Los ciclistas de la tercera etapa de la Cl\u00e1sica de Colorado para hombres a trav\u00e9s de los suburbios de Wheat Ridge en su camino hacia las estribaciones de las Monta\u00f1as Rocosas.\u00a0Profimedia, Zuma Press<\/figcaption><\/figure>\n<p>&nbsp;<\/p>\n<p>A medida que las nuevas carreras trabajan para establecerse como fuerzas importantes para la sostenibilidad en el ciclismo, es estupendo ver la igualdad de g\u00e9nero como otra de sus principales prioridades. Hacer que una carrera sea viable y atraer a un p\u00fablico m\u00e1s amplio no se trata s\u00f3lo de &#8220;volverse ecol\u00f3gico&#8221;, sino de dar un ejemplo positivo en todos los aspectos. El deporte es un microcosmos de la sociedad e inherentemente refleja sus virtudes y vicios. Si a trav\u00e9s del deporte, los directores, administradores y entrenadores se esfuerzan por alcanzar nuevos ideales m\u00e1s conscientes sobre c\u00f3mo valoramos el planeta y a los diversos atletas, tal vez el p\u00fablico en general busque representarlo. Hasta entonces, es positivo ver a los directores y organizadores de la carrera aprovechando la plataforma a su disposici\u00f3n para difundir un ejemplo positivo de lo que podr\u00edamos hacer mejor.<\/p>\n","protected":false},"excerpt":{"rendered":"<p>El ciclismo recibe muchos elogios bien merecidos por ser una actividad respetuosa con el medio ambiente y un medio de [&hellip;]<\/p>\n","protected":false},"author":29,"featured_media":5189,"comment_status":"open","ping_status":"open","sticky":false,"template":"","format":"standard","meta":{"footnotes":""},"categories":[7,8,9,6],"tags":[17,1146],"global-categories":[],"class_list":["post-5182","post","type-post","status-publish","format-standard","has-post-thumbnail","hentry","category-carretera","category-life-style","category-mtb-aventura","category-urban","tag-ciclismo","tag-medio-ambiente-y-sostenibilidad"],"yoast_head":"<!-- This site is optimized with the Yoast SEO Premium plugin v25.3 (Yoast SEO v25.9) - https:\/\/yoast.com\/wordpress\/plugins\/seo\/ -->\n<title>Ciclismo, medio ambiente y sostenibilidad - \u0160koda We Love Cycling - Spain<\/title>\n<meta name=\"description\" content=\"Ciclismo, medio ambiente y sostenibilidad. Las medidas que toman el Tour y otras carreras para hacer que los eventos ciclistas sean sostenibles.\" \/>\n<meta name=\"robots\" content=\"index, follow, max-snippet:-1, max-image-preview:large, max-video-preview:-1\" \/>\n<link rel=\"canonical\" href=\"https:\/\/www.welovecycling.com\/es\/2019\/08\/07\/ciclismo-medio-ambiente-y-sostenibilidad\/\" \/>\n<meta property=\"og:locale\" content=\"es_ES\" \/>\n<meta property=\"og:type\" content=\"article\" \/>\n<meta property=\"og:title\" content=\"Ciclismo, medio ambiente y sostenibilidad.\" \/>\n<meta property=\"og:description\" content=\"Ciclismo, medio ambiente y sostenibilidad. Las medidas que toman el Tour y otras carreras para hacer que los eventos ciclistas sean sostenibles.\" \/>\n<meta property=\"og:url\" content=\"https:\/\/www.welovecycling.com\/es\/2019\/08\/07\/ciclismo-medio-ambiente-y-sostenibilidad\/\" \/>\n<meta property=\"og:site_name\" content=\"\u0160koda We Love Cycling - Spain\" \/>\n<meta property=\"article:published_time\" content=\"2019-08-07T10:44:17+00:00\" \/>\n<meta property=\"og:image\" content=\"https:\/\/d2p6e6u75xmxt8.cloudfront.net\/6\/2019\/08\/Colorado-Classic-CVR-profimedia-0383069732.jpg\" \/>\n\t<meta property=\"og:image:width\" content=\"1366\" \/>\n\t<meta property=\"og:image:height\" content=\"600\" \/>\n\t<meta property=\"og:image:type\" content=\"image\/jpeg\" \/>\n<meta name=\"author\" content=\"We Love Cycling Spain\" \/>\n<meta name=\"twitter:card\" content=\"summary_large_image\" \/>\n<meta name=\"twitter:title\" content=\"Ciclismo, medio ambiente y sostenibilidad.\" \/>\n<meta name=\"twitter:description\" content=\"Ciclismo, medio ambiente y sostenibilidad. Las medidas que toman el Tour y otras carreras para hacer que los eventos ciclistas sean sostenibles.\" \/>\n<meta name=\"twitter:label1\" content=\"Written by\" \/>\n\t<meta name=\"twitter:data1\" content=\"Megan Flottorp\" \/>\n\t<meta name=\"twitter:label2\" content=\"Est. reading time\" \/>\n\t<meta name=\"twitter:data2\" content=\"7\" \/>\n<script type=\"application\/ld+json\" class=\"yoast-schema-graph\">{\"@context\":\"https:\/\/schema.org\",\"@graph\":[{\"@type\":\"WebPage\",\"@id\":\"https:\/\/www.welovecycling.com\/es\/2019\/08\/07\/ciclismo-medio-ambiente-y-sostenibilidad\/\",\"url\":\"https:\/\/www.welovecycling.com\/es\/2019\/08\/07\/ciclismo-medio-ambiente-y-sostenibilidad\/\",\"name\":\"Ciclismo, medio ambiente y sostenibilidad - \u0160koda We Love Cycling - Spain\",\"isPartOf\":{\"@id\":\"https:\/\/www.welovecycling.com\/es\/#website\"},\"primaryImageOfPage\":{\"@id\":\"https:\/\/www.welovecycling.com\/es\/2019\/08\/07\/ciclismo-medio-ambiente-y-sostenibilidad\/#primaryimage\"},\"image\":{\"@id\":\"https:\/\/www.welovecycling.com\/es\/2019\/08\/07\/ciclismo-medio-ambiente-y-sostenibilidad\/#primaryimage\"},\"thumbnailUrl\":\"https:\/\/d2p6e6u75xmxt8.cloudfront.net\/6\/2019\/08\/Colorado-Classic-CVR-profimedia-0383069732.jpg\",\"datePublished\":\"2019-08-07T10:44:17+00:00\",\"author\":{\"@id\":\"https:\/\/www.welovecycling.com\/es\/#\/schema\/person\/deb61715b5812698ee79fb96f343ccd4\"},\"description\":\"Ciclismo, medio ambiente y sostenibilidad. Las medidas que toman el Tour y otras carreras para hacer que los eventos ciclistas sean sostenibles.\",\"breadcrumb\":{\"@id\":\"https:\/\/www.welovecycling.com\/es\/2019\/08\/07\/ciclismo-medio-ambiente-y-sostenibilidad\/#breadcrumb\"},\"inLanguage\":\"es-ES\",\"potentialAction\":[{\"@type\":\"ReadAction\",\"target\":[\"https:\/\/www.welovecycling.com\/es\/2019\/08\/07\/ciclismo-medio-ambiente-y-sostenibilidad\/\"]}]},{\"@type\":\"ImageObject\",\"inLanguage\":\"es-ES\",\"@id\":\"https:\/\/www.welovecycling.com\/es\/2019\/08\/07\/ciclismo-medio-ambiente-y-sostenibilidad\/#primaryimage\",\"url\":\"https:\/\/d2p6e6u75xmxt8.cloudfront.net\/6\/2019\/08\/Colorado-Classic-CVR-profimedia-0383069732.jpg\",\"contentUrl\":\"https:\/\/d2p6e6u75xmxt8.cloudfront.net\/6\/2019\/08\/Colorado-Classic-CVR-profimedia-0383069732.jpg\",\"width\":1366,\"height\":600},{\"@type\":\"BreadcrumbList\",\"@id\":\"https:\/\/www.welovecycling.com\/es\/2019\/08\/07\/ciclismo-medio-ambiente-y-sostenibilidad\/#breadcrumb\",\"itemListElement\":[{\"@type\":\"ListItem\",\"position\":1,\"name\":\"Home\",\"item\":\"https:\/\/www.welovecycling.com\/es\/\"},{\"@type\":\"ListItem\",\"position\":2,\"name\":\"Ciclismo, medio ambiente y sostenibilidad\"}]},{\"@type\":\"WebSite\",\"@id\":\"https:\/\/www.welovecycling.com\/es\/#website\",\"url\":\"https:\/\/www.welovecycling.com\/es\/\",\"name\":\"\u0160koda We Love Cycling - Spain\",\"description\":\"\u0160koda WeLoveCycling Spain\",\"potentialAction\":[{\"@type\":\"SearchAction\",\"target\":{\"@type\":\"EntryPoint\",\"urlTemplate\":\"https:\/\/www.welovecycling.com\/es\/?s={search_term_string}\"},\"query-input\":{\"@type\":\"PropertyValueSpecification\",\"valueRequired\":true,\"valueName\":\"search_term_string\"}}],\"inLanguage\":\"es-ES\"},{\"@type\":\"Person\",\"@id\":\"https:\/\/www.welovecycling.com\/es\/#\/schema\/person\/deb61715b5812698ee79fb96f343ccd4\",\"name\":\"We Love Cycling Spain\",\"image\":{\"@type\":\"ImageObject\",\"inLanguage\":\"es-ES\",\"@id\":\"https:\/\/www.welovecycling.com\/es\/#\/schema\/person\/image\/\",\"url\":\"https:\/\/secure.gravatar.com\/avatar\/c824b04e6df0e37a03219d0b6481672889df542894588964102459e46513159c?s=96&d=mm&r=g\",\"contentUrl\":\"https:\/\/secure.gravatar.com\/avatar\/c824b04e6df0e37a03219d0b6481672889df542894588964102459e46513159c?s=96&d=mm&r=g\",\"caption\":\"We Love Cycling Spain\"},\"url\":\"https:\/\/www.welovecycling.com\/es\/author\/amunoz\/\"}]}<\/script>\n<!-- \/ Yoast SEO Premium plugin. -->","yoast_head_json":{"title":"Ciclismo, medio ambiente y sostenibilidad - \u0160koda We Love Cycling - Spain","description":"Ciclismo, medio ambiente y sostenibilidad. Las medidas que toman el Tour y otras carreras para hacer que los eventos ciclistas sean sostenibles.","robots":{"index":"index","follow":"follow","max-snippet":"max-snippet:-1","max-image-preview":"max-image-preview:large","max-video-preview":"max-video-preview:-1"},"canonical":"https:\/\/www.welovecycling.com\/es\/2019\/08\/07\/ciclismo-medio-ambiente-y-sostenibilidad\/","og_locale":"es_ES","og_type":"article","og_title":"Ciclismo, medio ambiente y sostenibilidad.","og_description":"Ciclismo, medio ambiente y sostenibilidad. Las medidas que toman el Tour y otras carreras para hacer que los eventos ciclistas sean sostenibles.","og_url":"https:\/\/www.welovecycling.com\/es\/2019\/08\/07\/ciclismo-medio-ambiente-y-sostenibilidad\/","og_site_name":"\u0160koda We Love Cycling - Spain","article_published_time":"2019-08-07T10:44:17+00:00","og_image":[{"width":1366,"height":600,"url":"https:\/\/d2p6e6u75xmxt8.cloudfront.net\/6\/2019\/08\/Colorado-Classic-CVR-profimedia-0383069732.jpg","type":"image\/jpeg"}],"author":"We Love Cycling Spain","twitter_card":"summary_large_image","twitter_title":"Ciclismo, medio ambiente y sostenibilidad.","twitter_description":"Ciclismo, medio ambiente y sostenibilidad. Las medidas que toman el Tour y otras carreras para hacer que los eventos ciclistas sean sostenibles.","twitter_misc":{"Written by":"Megan Flottorp","Est. reading time":"7"},"schema":{"@context":"https:\/\/schema.org","@graph":[{"@type":"WebPage","@id":"https:\/\/www.welovecycling.com\/es\/2019\/08\/07\/ciclismo-medio-ambiente-y-sostenibilidad\/","url":"https:\/\/www.welovecycling.com\/es\/2019\/08\/07\/ciclismo-medio-ambiente-y-sostenibilidad\/","name":"Ciclismo, medio ambiente y sostenibilidad - \u0160koda We Love Cycling - Spain","isPartOf":{"@id":"https:\/\/www.welovecycling.com\/es\/#website"},"primaryImageOfPage":{"@id":"https:\/\/www.welovecycling.com\/es\/2019\/08\/07\/ciclismo-medio-ambiente-y-sostenibilidad\/#primaryimage"},"image":{"@id":"https:\/\/www.welovecycling.com\/es\/2019\/08\/07\/ciclismo-medio-ambiente-y-sostenibilidad\/#primaryimage"},"thumbnailUrl":"https:\/\/d2p6e6u75xmxt8.cloudfront.net\/6\/2019\/08\/Colorado-Classic-CVR-profimedia-0383069732.jpg","datePublished":"2019-08-07T10:44:17+00:00","author":{"@id":"https:\/\/www.welovecycling.com\/es\/#\/schema\/person\/deb61715b5812698ee79fb96f343ccd4"},"description":"Ciclismo, medio ambiente y sostenibilidad. Las medidas que toman el Tour y otras carreras para hacer que los eventos ciclistas sean sostenibles.","breadcrumb":{"@id":"https:\/\/www.welovecycling.com\/es\/2019\/08\/07\/ciclismo-medio-ambiente-y-sostenibilidad\/#breadcrumb"},"inLanguage":"es-ES","potentialAction":[{"@type":"ReadAction","target":["https:\/\/www.welovecycling.com\/es\/2019\/08\/07\/ciclismo-medio-ambiente-y-sostenibilidad\/"]}]},{"@type":"ImageObject","inLanguage":"es-ES","@id":"https:\/\/www.welovecycling.com\/es\/2019\/08\/07\/ciclismo-medio-ambiente-y-sostenibilidad\/#primaryimage","url":"https:\/\/d2p6e6u75xmxt8.cloudfront.net\/6\/2019\/08\/Colorado-Classic-CVR-profimedia-0383069732.jpg","contentUrl":"https:\/\/d2p6e6u75xmxt8.cloudfront.net\/6\/2019\/08\/Colorado-Classic-CVR-profimedia-0383069732.jpg","width":1366,"height":600},{"@type":"BreadcrumbList","@id":"https:\/\/www.welovecycling.com\/es\/2019\/08\/07\/ciclismo-medio-ambiente-y-sostenibilidad\/#breadcrumb","itemListElement":[{"@type":"ListItem","position":1,"name":"Home","item":"https:\/\/www.welovecycling.com\/es\/"},{"@type":"ListItem","position":2,"name":"Ciclismo, medio ambiente y sostenibilidad"}]},{"@type":"WebSite","@id":"https:\/\/www.welovecycling.com\/es\/#website","url":"https:\/\/www.welovecycling.com\/es\/","name":"\u0160koda We Love Cycling - Spain","description":"\u0160koda WeLoveCycling Spain","potentialAction":[{"@type":"SearchAction","target":{"@type":"EntryPoint","urlTemplate":"https:\/\/www.welovecycling.com\/es\/?s={search_term_string}"},"query-input":{"@type":"PropertyValueSpecification","valueRequired":true,"valueName":"search_term_string"}}],"inLanguage":"es-ES"},{"@type":"Person","@id":"https:\/\/www.welovecycling.com\/es\/#\/schema\/person\/deb61715b5812698ee79fb96f343ccd4","name":"We Love Cycling Spain","image":{"@type":"ImageObject","inLanguage":"es-ES","@id":"https:\/\/www.welovecycling.com\/es\/#\/schema\/person\/image\/","url":"https:\/\/secure.gravatar.com\/avatar\/c824b04e6df0e37a03219d0b6481672889df542894588964102459e46513159c?s=96&d=mm&r=g","contentUrl":"https:\/\/secure.gravatar.com\/avatar\/c824b04e6df0e37a03219d0b6481672889df542894588964102459e46513159c?s=96&d=mm&r=g","caption":"We Love Cycling Spain"},"url":"https:\/\/www.welovecycling.com\/es\/author\/amunoz\/"}]}},"_links":{"self":[{"href":"https:\/\/www.welovecycling.com\/es\/wp-json\/wp\/v2\/posts\/5182","targetHints":{"allow":["GET"]}}],"collection":[{"href":"https:\/\/www.welovecycling.com\/es\/wp-json\/wp\/v2\/posts"}],"about":[{"href":"https:\/\/www.welovecycling.com\/es\/wp-json\/wp\/v2\/types\/post"}],"author":[{"embeddable":true,"href":"https:\/\/www.welovecycling.com\/es\/wp-json\/wp\/v2\/users\/29"}],"replies":[{"embeddable":true,"href":"https:\/\/www.welovecycling.com\/es\/wp-json\/wp\/v2\/comments?post=5182"}],"version-history":[{"count":2,"href":"https:\/\/www.welovecycling.com\/es\/wp-json\/wp\/v2\/posts\/5182\/revisions"}],"predecessor-version":[{"id":5191,"href":"https:\/\/www.welovecycling.com\/es\/wp-json\/wp\/v2\/posts\/5182\/revisions\/5191"}],"wp:featuredmedia":[{"embeddable":true,"href":"https:\/\/www.welovecycling.com\/es\/wp-json\/wp\/v2\/media\/5189"}],"wp:attachment":[{"href":"https:\/\/www.welovecycling.com\/es\/wp-json\/wp\/v2\/media?parent=5182"}],"wp:term":[{"taxonomy":"category","embeddable":true,"href":"https:\/\/www.welovecycling.com\/es\/wp-json\/wp\/v2\/categories?post=5182"},{"taxonomy":"post_tag","embeddable":true,"href":"https:\/\/www.welovecycling.com\/es\/wp-json\/wp\/v2\/tags?post=5182"},{"taxonomy":"global-categories","embeddable":true,"href":"https:\/\/www.welovecycling.com\/es\/wp-json\/wp\/v2\/global-categories?post=5182"}],"curies":[{"name":"wp","href":"https:\/\/api.w.org\/{rel}","templated":true}]}}