{"id":5151,"date":"2019-08-01T10:26:01","date_gmt":"2019-08-01T08:26:01","guid":{"rendered":"https:\/\/www.welovecycling.com\/es\/?p=5151"},"modified":"2019-08-01T10:26:01","modified_gmt":"2019-08-01T08:26:01","slug":"trampas-y-ciclismo","status":"publish","type":"post","link":"https:\/\/www.welovecycling.com\/es\/2019\/08\/01\/trampas-y-ciclismo\/","title":{"rendered":"Trampas y ciclismo"},"content":{"rendered":"<p><strong>La prensa ciclista y, lo que es m\u00e1s importante, los aficionados al Tour\u00a0 est\u00e1n cada vez m\u00e1s preocupados por las trampas.\u00a0<\/strong><br \/>\n<!--more--><\/p>\n<h2><strong>Codos<\/strong><\/h2>\n<p>En 2017 Sagan fue descalificado del Tour tras la aplicaci\u00f3n del art\u00edculo 12 por parte del jurado de la carrera,\u00a0 que consideraba que el codo derecho de Sagan caus\u00f3 que Mark Cavendish se cayera, ya sea intencionalmente o no. Vimos un an\u00e1lisis interminable, profesional y de otro tipo, de este momento.<\/p>\n<lite-youtube videoid=ci6P69_T4p8 params=\"enablejsapi=1\" style=\"background-image: url('https:\/\/i.ytimg.com\/vi_webp\/ci6P69_T4p8\/maxresdefault.webp');\"><\/lite-youtube>\n<p>Lo que este an\u00e1lisis fotograma a fotograma no nos dice es si Sagan ten\u00eda conciencia de la situaci\u00f3n de Cavendish en el per\u00edodo previo a este video &#8211; y cu\u00e1l fue la historia entre los dos ciclistas. Y si se puede argumentar seriamente a favor de que los ciclistas profesionales saquen deliberadamente a otros de la carrera.<\/p>\n<lite-youtube videoid=Ya5wNG2ELzg params=\"enablejsapi=1\" style=\"background-image: url('https:\/\/i.ytimg.com\/vi_webp\/Ya5wNG2ELzg\/maxresdefault.webp');\"><\/lite-youtube>\n<h2><strong>Cerrar al rival<\/strong><\/h2>\n<p>Durante el Tour 2010, el jurado de la carrera descalific\u00f3 a Mark Renshaw por dar un cabezazo a Julian Dean, quien estaba, posiblemente, en condiciones de llevarse 11\u00aa etapa ante Mark Cavendish. Renshaw era el lanzador de Cavs, as\u00ed que al menos es cierto decir que, a veces, el impulso de los ciclistas profesionales por ganar puede obtener lo mejor de ellos..<\/p>\n<lite-youtube videoid=xz4oc7H1hKc params=\"enablejsapi=1\" style=\"background-image: url('https:\/\/i.ytimg.com\/vi_webp\/xz4oc7H1hKc\/maxresdefault.webp');\"><\/lite-youtube>\n<p>Avanzando r\u00e1pidamente hacia el Tour 2019, el jurado de la carrera actu\u00f3 de forma decisiva para descalificar a Luke Rowe y Tony Martin. El v\u00eddeo anterior defiende la descalificaci\u00f3n pero, sobre todo, demuestra c\u00f3mo los &#8220;ejecutores&#8221; pueden comportarse de forma anticompetitiva y muchos aficionados al ciclismo pueden ver esto como una trampa.<\/p>\n<h2><strong>Espionaje<\/strong><\/h2>\n<p>El impresionante documental de Bryan Fogel, Icarus, arroj\u00f3 luz sobre las oscuras fuerzas internacionales que corrompieron el ciclismo, antes de exponer problemas de dopaje que iban mucho m\u00e1s all\u00e1 del ciclismo. Se utilizaron t\u00e9cnicas de espionaje de la era de la guerra fr\u00eda para intercambiar y manipular muestras, incluidas las que se cre\u00eda que estaban en recipientes &#8220;a prueba de manipulaciones&#8221;.<\/p>\n<lite-youtube videoid=OkKqMhdnZRo params=\"enablejsapi=1\" style=\"background-image: url('https:\/\/i.ytimg.com\/vi_webp\/OkKqMhdnZRo\/maxresdefault.webp');\"><\/lite-youtube>\n<p>Muchos comentaristas pol\u00edticos aclaman la era del mundo de la post-verdad, por lo que tal vez las pruebas no tengan tanta importancia. Despu\u00e9s de todo, si usted no cree en la credibilidad de la prueba, realmente no importa si el resultado es positivo o no.<\/p>\n<h2><strong>Anti-science<\/strong><\/h2>\n<p>Haga <a href=\"https:\/\/youtu.be\/kLmzxmRcUTo\">clic en este enlace<\/a> para ver una charla sobre &#8220;C\u00f3mo las estad\u00edsticas enga\u00f1an a los jurados&#8221;. Explica cu\u00e1ntos de nosotros malinterpretamos los problemas estad\u00edsticos b\u00e1sicos, por no hablar de la compleja ciencia m\u00e9dica. Dado que las agencias antidopaje tienen la garant\u00eda de encontrar cualquier sustancia prohibida en una muestra, \u00bfpor qu\u00e9 seguimos teniendo controversias sobre el dopaje?<\/p>\n<lite-youtube videoid=2Z9Z83GbQN0 params=\"enablejsapi=1\" style=\"background-image: url('https:\/\/i.ytimg.com\/vi_webp\/2Z9Z83GbQN0\/maxresdefault.webp');\"><\/lite-youtube>\n<p>Estoy de acuerdo con la declaraci\u00f3n inicial de Wiggins en este video. Me sorprende que los &#8220;aficionados&#8221; de este deporte que no quieren que Froome corra no parezcan entender las reglas de la UCI. Y desconf\u00edan del juicio cient\u00edfico de la AMA. Ruego a todos que lean este <a href=\"https:\/\/www.cyclist.co.uk\/in-depth\/3924\/into-the-detail-looking-deeper-into-the-froome-salbutamol-case\">excelente art\u00edculo<\/a> para comprender las complejas reglas que la UCI debe seguir, bajo la gu\u00eda de los profesionales antidopaje.<\/p>\n","protected":false},"excerpt":{"rendered":"<p>La prensa ciclista y, lo que es m\u00e1s importante, los aficionados al Tour\u00a0 est\u00e1n cada vez m\u00e1s preocupados por las [&hellip;]<\/p>\n","protected":false},"author":29,"featured_media":5165,"comment_status":"open","ping_status":"open","sticky":false,"template":"","format":"standard","meta":{"footnotes":""},"categories":[7],"tags":[1137,1138,1136],"global-categories":[],"class_list":["post-5151","post","type-post","status-publish","format-standard","has-post-thumbnail","hentry","category-carretera","tag-codazos-en-el-ciclismo","tag-dopaje-ciclismo","tag-trampas-y-ciclismo"],"yoast_head":"<!-- This site is optimized with the Yoast SEO Premium plugin v25.3 (Yoast SEO v25.9) - https:\/\/yoast.com\/wordpress\/plugins\/seo\/ -->\n<title>Trampas y ciclismo - \u0160koda We Love Cycling - Spain<\/title>\n<meta name=\"description\" content=\"Trampas y ciclismo. Cuando el pelot\u00f3n se salta el reglamento. Codazos, ca\u00eddas, cierres y todas las dudas que sigue habiendo sobre el dopaje.\" \/>\n<meta name=\"robots\" content=\"index, follow, max-snippet:-1, max-image-preview:large, max-video-preview:-1\" \/>\n<link rel=\"canonical\" href=\"https:\/\/www.welovecycling.com\/es\/2019\/08\/01\/trampas-y-ciclismo\/\" \/>\n<meta property=\"og:locale\" content=\"es_ES\" \/>\n<meta property=\"og:type\" content=\"article\" \/>\n<meta property=\"og:title\" content=\"Trampas y ciclismo\" \/>\n<meta property=\"og:description\" content=\"Trampas y ciclismo. Cuando el pelot\u00f3n se salta el reglamento. Codazos, ca\u00eddas, cierres y todas las dudas que sigue habiendo sobre el dopaje.\" \/>\n<meta property=\"og:url\" content=\"https:\/\/www.welovecycling.com\/es\/2019\/08\/01\/trampas-y-ciclismo\/\" \/>\n<meta property=\"og:site_name\" content=\"\u0160koda We Love Cycling - Spain\" \/>\n<meta property=\"article:published_time\" content=\"2019-08-01T08:26:01+00:00\" \/>\n<meta property=\"og:image\" content=\"https:\/\/d2p6e6u75xmxt8.cloudfront.net\/6\/2019\/07\/Peter-Sagan-Mark-Cavendish-CVR-profimedia-0340747368-1.jpg\" \/>\n\t<meta property=\"og:image:width\" content=\"1366\" \/>\n\t<meta property=\"og:image:height\" content=\"600\" \/>\n\t<meta property=\"og:image:type\" content=\"image\/jpeg\" \/>\n<meta name=\"author\" content=\"We Love Cycling Spain\" \/>\n<meta name=\"twitter:card\" content=\"summary_large_image\" \/>\n<meta name=\"twitter:title\" content=\"Trampas y ciclismo\" \/>\n<meta name=\"twitter:description\" content=\"Trampas y ciclismo. Cuando el pelot\u00f3n se salta el reglamento. Codazos, ca\u00eddas, cierres y todas las dudas que sigue habiendo sobre el dopaje.\" \/>\n<meta name=\"twitter:label1\" content=\"Written by\" \/>\n\t<meta name=\"twitter:data1\" content=\"Christopher Ashley\" \/>\n\t<meta name=\"twitter:label2\" content=\"Est. reading time\" \/>\n\t<meta name=\"twitter:data2\" content=\"7\" \/>\n<script type=\"application\/ld+json\" class=\"yoast-schema-graph\">{\"@context\":\"https:\/\/schema.org\",\"@graph\":[{\"@type\":\"WebPage\",\"@id\":\"https:\/\/www.welovecycling.com\/es\/2019\/08\/01\/trampas-y-ciclismo\/\",\"url\":\"https:\/\/www.welovecycling.com\/es\/2019\/08\/01\/trampas-y-ciclismo\/\",\"name\":\"Trampas y ciclismo - \u0160koda We Love Cycling - Spain\",\"isPartOf\":{\"@id\":\"https:\/\/www.welovecycling.com\/es\/#website\"},\"primaryImageOfPage\":{\"@id\":\"https:\/\/www.welovecycling.com\/es\/2019\/08\/01\/trampas-y-ciclismo\/#primaryimage\"},\"image\":{\"@id\":\"https:\/\/www.welovecycling.com\/es\/2019\/08\/01\/trampas-y-ciclismo\/#primaryimage\"},\"thumbnailUrl\":\"https:\/\/d2p6e6u75xmxt8.cloudfront.net\/6\/2019\/07\/Peter-Sagan-Mark-Cavendish-CVR-profimedia-0340747368-1.jpg\",\"datePublished\":\"2019-08-01T08:26:01+00:00\",\"author\":{\"@id\":\"https:\/\/www.welovecycling.com\/es\/#\/schema\/person\/deb61715b5812698ee79fb96f343ccd4\"},\"description\":\"Trampas y ciclismo. Cuando el pelot\u00f3n se salta el reglamento. Codazos, ca\u00eddas, cierres y todas las dudas que sigue habiendo sobre el dopaje.\",\"breadcrumb\":{\"@id\":\"https:\/\/www.welovecycling.com\/es\/2019\/08\/01\/trampas-y-ciclismo\/#breadcrumb\"},\"inLanguage\":\"es-ES\",\"potentialAction\":[{\"@type\":\"ReadAction\",\"target\":[\"https:\/\/www.welovecycling.com\/es\/2019\/08\/01\/trampas-y-ciclismo\/\"]}]},{\"@type\":\"ImageObject\",\"inLanguage\":\"es-ES\",\"@id\":\"https:\/\/www.welovecycling.com\/es\/2019\/08\/01\/trampas-y-ciclismo\/#primaryimage\",\"url\":\"https:\/\/d2p6e6u75xmxt8.cloudfront.net\/6\/2019\/07\/Peter-Sagan-Mark-Cavendish-CVR-profimedia-0340747368-1.jpg\",\"contentUrl\":\"https:\/\/d2p6e6u75xmxt8.cloudfront.net\/6\/2019\/07\/Peter-Sagan-Mark-Cavendish-CVR-profimedia-0340747368-1.jpg\",\"width\":1366,\"height\":600},{\"@type\":\"BreadcrumbList\",\"@id\":\"https:\/\/www.welovecycling.com\/es\/2019\/08\/01\/trampas-y-ciclismo\/#breadcrumb\",\"itemListElement\":[{\"@type\":\"ListItem\",\"position\":1,\"name\":\"Home\",\"item\":\"https:\/\/www.welovecycling.com\/es\/\"},{\"@type\":\"ListItem\",\"position\":2,\"name\":\"Trampas y ciclismo\"}]},{\"@type\":\"WebSite\",\"@id\":\"https:\/\/www.welovecycling.com\/es\/#website\",\"url\":\"https:\/\/www.welovecycling.com\/es\/\",\"name\":\"\u0160koda We Love Cycling - Spain\",\"description\":\"\u0160koda WeLoveCycling Spain\",\"potentialAction\":[{\"@type\":\"SearchAction\",\"target\":{\"@type\":\"EntryPoint\",\"urlTemplate\":\"https:\/\/www.welovecycling.com\/es\/?s={search_term_string}\"},\"query-input\":{\"@type\":\"PropertyValueSpecification\",\"valueRequired\":true,\"valueName\":\"search_term_string\"}}],\"inLanguage\":\"es-ES\"},{\"@type\":\"Person\",\"@id\":\"https:\/\/www.welovecycling.com\/es\/#\/schema\/person\/deb61715b5812698ee79fb96f343ccd4\",\"name\":\"We Love Cycling Spain\",\"image\":{\"@type\":\"ImageObject\",\"inLanguage\":\"es-ES\",\"@id\":\"https:\/\/www.welovecycling.com\/es\/#\/schema\/person\/image\/\",\"url\":\"https:\/\/secure.gravatar.com\/avatar\/c824b04e6df0e37a03219d0b6481672889df542894588964102459e46513159c?s=96&d=mm&r=g\",\"contentUrl\":\"https:\/\/secure.gravatar.com\/avatar\/c824b04e6df0e37a03219d0b6481672889df542894588964102459e46513159c?s=96&d=mm&r=g\",\"caption\":\"We Love Cycling Spain\"},\"url\":\"https:\/\/www.welovecycling.com\/es\/author\/amunoz\/\"}]}<\/script>\n<!-- \/ Yoast SEO Premium plugin. -->","yoast_head_json":{"title":"Trampas y ciclismo - \u0160koda We Love Cycling - Spain","description":"Trampas y ciclismo. Cuando el pelot\u00f3n se salta el reglamento. Codazos, ca\u00eddas, cierres y todas las dudas que sigue habiendo sobre el dopaje.","robots":{"index":"index","follow":"follow","max-snippet":"max-snippet:-1","max-image-preview":"max-image-preview:large","max-video-preview":"max-video-preview:-1"},"canonical":"https:\/\/www.welovecycling.com\/es\/2019\/08\/01\/trampas-y-ciclismo\/","og_locale":"es_ES","og_type":"article","og_title":"Trampas y ciclismo","og_description":"Trampas y ciclismo. Cuando el pelot\u00f3n se salta el reglamento. Codazos, ca\u00eddas, cierres y todas las dudas que sigue habiendo sobre el dopaje.","og_url":"https:\/\/www.welovecycling.com\/es\/2019\/08\/01\/trampas-y-ciclismo\/","og_site_name":"\u0160koda We Love Cycling - Spain","article_published_time":"2019-08-01T08:26:01+00:00","og_image":[{"width":1366,"height":600,"url":"https:\/\/d2p6e6u75xmxt8.cloudfront.net\/6\/2019\/07\/Peter-Sagan-Mark-Cavendish-CVR-profimedia-0340747368-1.jpg","type":"image\/jpeg"}],"author":"We Love Cycling Spain","twitter_card":"summary_large_image","twitter_title":"Trampas y ciclismo","twitter_description":"Trampas y ciclismo. Cuando el pelot\u00f3n se salta el reglamento. Codazos, ca\u00eddas, cierres y todas las dudas que sigue habiendo sobre el dopaje.","twitter_misc":{"Written by":"Christopher Ashley","Est. reading time":"7"},"schema":{"@context":"https:\/\/schema.org","@graph":[{"@type":"WebPage","@id":"https:\/\/www.welovecycling.com\/es\/2019\/08\/01\/trampas-y-ciclismo\/","url":"https:\/\/www.welovecycling.com\/es\/2019\/08\/01\/trampas-y-ciclismo\/","name":"Trampas y ciclismo - \u0160koda We Love Cycling - Spain","isPartOf":{"@id":"https:\/\/www.welovecycling.com\/es\/#website"},"primaryImageOfPage":{"@id":"https:\/\/www.welovecycling.com\/es\/2019\/08\/01\/trampas-y-ciclismo\/#primaryimage"},"image":{"@id":"https:\/\/www.welovecycling.com\/es\/2019\/08\/01\/trampas-y-ciclismo\/#primaryimage"},"thumbnailUrl":"https:\/\/d2p6e6u75xmxt8.cloudfront.net\/6\/2019\/07\/Peter-Sagan-Mark-Cavendish-CVR-profimedia-0340747368-1.jpg","datePublished":"2019-08-01T08:26:01+00:00","author":{"@id":"https:\/\/www.welovecycling.com\/es\/#\/schema\/person\/deb61715b5812698ee79fb96f343ccd4"},"description":"Trampas y ciclismo. Cuando el pelot\u00f3n se salta el reglamento. Codazos, ca\u00eddas, cierres y todas las dudas que sigue habiendo sobre el dopaje.","breadcrumb":{"@id":"https:\/\/www.welovecycling.com\/es\/2019\/08\/01\/trampas-y-ciclismo\/#breadcrumb"},"inLanguage":"es-ES","potentialAction":[{"@type":"ReadAction","target":["https:\/\/www.welovecycling.com\/es\/2019\/08\/01\/trampas-y-ciclismo\/"]}]},{"@type":"ImageObject","inLanguage":"es-ES","@id":"https:\/\/www.welovecycling.com\/es\/2019\/08\/01\/trampas-y-ciclismo\/#primaryimage","url":"https:\/\/d2p6e6u75xmxt8.cloudfront.net\/6\/2019\/07\/Peter-Sagan-Mark-Cavendish-CVR-profimedia-0340747368-1.jpg","contentUrl":"https:\/\/d2p6e6u75xmxt8.cloudfront.net\/6\/2019\/07\/Peter-Sagan-Mark-Cavendish-CVR-profimedia-0340747368-1.jpg","width":1366,"height":600},{"@type":"BreadcrumbList","@id":"https:\/\/www.welovecycling.com\/es\/2019\/08\/01\/trampas-y-ciclismo\/#breadcrumb","itemListElement":[{"@type":"ListItem","position":1,"name":"Home","item":"https:\/\/www.welovecycling.com\/es\/"},{"@type":"ListItem","position":2,"name":"Trampas y ciclismo"}]},{"@type":"WebSite","@id":"https:\/\/www.welovecycling.com\/es\/#website","url":"https:\/\/www.welovecycling.com\/es\/","name":"\u0160koda We Love Cycling - Spain","description":"\u0160koda WeLoveCycling Spain","potentialAction":[{"@type":"SearchAction","target":{"@type":"EntryPoint","urlTemplate":"https:\/\/www.welovecycling.com\/es\/?s={search_term_string}"},"query-input":{"@type":"PropertyValueSpecification","valueRequired":true,"valueName":"search_term_string"}}],"inLanguage":"es-ES"},{"@type":"Person","@id":"https:\/\/www.welovecycling.com\/es\/#\/schema\/person\/deb61715b5812698ee79fb96f343ccd4","name":"We Love Cycling Spain","image":{"@type":"ImageObject","inLanguage":"es-ES","@id":"https:\/\/www.welovecycling.com\/es\/#\/schema\/person\/image\/","url":"https:\/\/secure.gravatar.com\/avatar\/c824b04e6df0e37a03219d0b6481672889df542894588964102459e46513159c?s=96&d=mm&r=g","contentUrl":"https:\/\/secure.gravatar.com\/avatar\/c824b04e6df0e37a03219d0b6481672889df542894588964102459e46513159c?s=96&d=mm&r=g","caption":"We Love Cycling Spain"},"url":"https:\/\/www.welovecycling.com\/es\/author\/amunoz\/"}]}},"_links":{"self":[{"href":"https:\/\/www.welovecycling.com\/es\/wp-json\/wp\/v2\/posts\/5151","targetHints":{"allow":["GET"]}}],"collection":[{"href":"https:\/\/www.welovecycling.com\/es\/wp-json\/wp\/v2\/posts"}],"about":[{"href":"https:\/\/www.welovecycling.com\/es\/wp-json\/wp\/v2\/types\/post"}],"author":[{"embeddable":true,"href":"https:\/\/www.welovecycling.com\/es\/wp-json\/wp\/v2\/users\/29"}],"replies":[{"embeddable":true,"href":"https:\/\/www.welovecycling.com\/es\/wp-json\/wp\/v2\/comments?post=5151"}],"version-history":[{"count":1,"href":"https:\/\/www.welovecycling.com\/es\/wp-json\/wp\/v2\/posts\/5151\/revisions"}],"predecessor-version":[{"id":5168,"href":"https:\/\/www.welovecycling.com\/es\/wp-json\/wp\/v2\/posts\/5151\/revisions\/5168"}],"wp:featuredmedia":[{"embeddable":true,"href":"https:\/\/www.welovecycling.com\/es\/wp-json\/wp\/v2\/media\/5165"}],"wp:attachment":[{"href":"https:\/\/www.welovecycling.com\/es\/wp-json\/wp\/v2\/media?parent=5151"}],"wp:term":[{"taxonomy":"category","embeddable":true,"href":"https:\/\/www.welovecycling.com\/es\/wp-json\/wp\/v2\/categories?post=5151"},{"taxonomy":"post_tag","embeddable":true,"href":"https:\/\/www.welovecycling.com\/es\/wp-json\/wp\/v2\/tags?post=5151"},{"taxonomy":"global-categories","embeddable":true,"href":"https:\/\/www.welovecycling.com\/es\/wp-json\/wp\/v2\/global-categories?post=5151"}],"curies":[{"name":"wp","href":"https:\/\/api.w.org\/{rel}","templated":true}]}}