{"id":5148,"date":"2019-08-01T11:29:03","date_gmt":"2019-08-01T09:29:03","guid":{"rendered":"https:\/\/www.welovecycling.com\/es\/?p=5148"},"modified":"2019-08-01T11:29:03","modified_gmt":"2019-08-01T09:29:03","slug":"paisajes-impresionantes-cicloturistas","status":"publish","type":"post","link":"https:\/\/www.welovecycling.com\/es\/2019\/08\/01\/paisajes-impresionantes-cicloturistas\/","title":{"rendered":"Los paisajes m\u00e1s impresionantes de las cicloturistas"},"content":{"rendered":"<p><strong>Es cierto que desde hace varios a\u00f1os las prueba cicloturistas han adquirido un matiz m\u00e1s competitivo. El ciclista aficionado se las toma como un reto y suele centrarse en mejorar su rendimiento. Pero, a\u00fan as\u00ed, sigue habiendo paisajes impresionantes de las cicloturistas que no se olvidan, aunque vayas en agon\u00eda. Aqu\u00ed tienes alguno.<\/strong><br \/>\n<!--more--><\/p>\n<h3><strong>PORTALET EN LA QH<\/p>\n<p><a href=\"https:\/\/d2p6e6u75xmxt8.cloudfront.net\/6\/2019\/08\/pre-qh-44.JPG.jpg\"><img loading=\"lazy\" decoding=\"async\" class=\"aligncenter size-large wp-image-5170\" src=\"https:\/\/d2p6e6u75xmxt8.cloudfront.net\/6\/2019\/08\/pre-qh-44.JPG-1024x798.jpg\" alt=\"\" width=\"1024\" height=\"798\" srcset=\"https:\/\/d2p6e6u75xmxt8.cloudfront.net\/6\/2019\/08\/pre-qh-44.JPG-1024x798.jpg 1024w, https:\/\/d2p6e6u75xmxt8.cloudfront.net\/6\/2019\/08\/pre-qh-44.JPG-300x234.jpg 300w, https:\/\/d2p6e6u75xmxt8.cloudfront.net\/6\/2019\/08\/pre-qh-44.JPG-768x599.jpg 768w, https:\/\/d2p6e6u75xmxt8.cloudfront.net\/6\/2019\/08\/pre-qh-44.JPG.jpg 1026w\" sizes=\"auto, (max-width: 1024px) 100vw, 1024px\" \/><\/a><br \/>\n<\/strong><\/h3>\n<p>Es cierto que la <a href=\"https:\/\/ciclored.com\/events\/qh-2020-sin-necesidad-de-sorteos\/\">QH<\/a> se toma como una competici\u00f3n y que muchos participantes buscan rebajar el tiempo de a\u00f1os anteriores o mejorar una marca. Pero, en el fragor del esfuerzo, es imposible no contemplar la belleza del Pirineo franc\u00e9s durante los \u00faltimos ocho kil\u00f3metros de ascensi\u00f3n. El Portalet es el juez de la QH, pero tambi\u00e9n su paraje m\u00e1s bello.<\/p>\n<h3><strong>SELLA EN MARATONA DLS DOLOMITAS<\/p>\n<p><a href=\"https:\/\/d2p6e6u75xmxt8.cloudfront.net\/6\/2019\/08\/IMG_20180701_101640_721.jpg\"><img loading=\"lazy\" decoding=\"async\" class=\"aligncenter size-large wp-image-5171\" src=\"https:\/\/d2p6e6u75xmxt8.cloudfront.net\/6\/2019\/08\/IMG_20180701_101640_721-1024x768.jpg\" alt=\"\" width=\"1024\" height=\"768\" srcset=\"https:\/\/d2p6e6u75xmxt8.cloudfront.net\/6\/2019\/08\/IMG_20180701_101640_721-1024x768.jpg 1024w, https:\/\/d2p6e6u75xmxt8.cloudfront.net\/6\/2019\/08\/IMG_20180701_101640_721-300x225.jpg 300w, https:\/\/d2p6e6u75xmxt8.cloudfront.net\/6\/2019\/08\/IMG_20180701_101640_721-768x576.jpg 768w, https:\/\/d2p6e6u75xmxt8.cloudfront.net\/6\/2019\/08\/IMG_20180701_101640_721-1920x1440.jpg 1920w, https:\/\/d2p6e6u75xmxt8.cloudfront.net\/6\/2019\/08\/IMG_20180701_101640_721-1920x1440.jpg 1920w\" sizes=\"auto, (max-width: 1024px) 100vw, 1024px\" \/><\/a><br \/>\n<\/strong><\/h3>\n<p>En la <a href=\"https:\/\/ciclored.com\/events\/maratona-de-los-dolomitas-2020-dorsal-asegurado\/\">Maratona dls Dolomitas<\/a> conviene siempre tomarse un respiro al inicio de la prueba. Su intensidad es tal que en los primeros 55 kil\u00f3metros se suben cuatro puertos de monta\u00f1a y se superan casi 2000 metros de desnivel. Pordoi tiene tornantis e historia, pero el paso por el Sella, con todo el macizo, es impresionante. Si no vas con prisas es obligatorio parar en la cima y hacer una foto (si no despu\u00e9s te queda Val Gardena, que tampoco tiene nada que envidiar)<\/p>\n<h3><strong>GALIBIER EN MARMOTTE ALPES<\/p>\n<p><a href=\"https:\/\/d2p6e6u75xmxt8.cloudfront.net\/6\/2019\/08\/juli-2.JPG.jpg\"><img loading=\"lazy\" decoding=\"async\" class=\"aligncenter size-full wp-image-5174\" src=\"https:\/\/d2p6e6u75xmxt8.cloudfront.net\/6\/2019\/08\/juli-2.JPG.jpg\" alt=\"\" width=\"995\" height=\"800\" srcset=\"https:\/\/d2p6e6u75xmxt8.cloudfront.net\/6\/2019\/08\/juli-2.JPG.jpg 995w, https:\/\/d2p6e6u75xmxt8.cloudfront.net\/6\/2019\/08\/juli-2.JPG-300x241.jpg 300w, https:\/\/d2p6e6u75xmxt8.cloudfront.net\/6\/2019\/08\/juli-2.JPG-768x617.jpg 768w\" sizes=\"auto, (max-width: 995px) 100vw, 995px\" \/><\/a><br \/>\n<\/strong><\/h3>\n<p>Para llegar a la cima del <a href=\"https:\/\/ciclored.com\/marmotte-alpes\/\">Galibier en Marmotte Alpes<\/a> hay que remar mucho. Y despu\u00e9s de all\u00ed todav\u00eda queda mucho trecho por subir en Alpe d Huez. As\u00ed que, pese a que es una marcha ciclodeportiva y hay tiempo total, un descanso en el avituallamiento de la cima para ver el paisaje (si es que esta el d\u00eda despejado) ayuda a sobrellevar un evento de m\u00e1s de 5.000 metros de altitud.<\/p>\n<h3><strong>TOURMALET MARMOTTE PIRINEOS<\/p>\n<p><a href=\"https:\/\/d2p6e6u75xmxt8.cloudfront.net\/6\/2019\/08\/MG_0477.JPG.jpg\"><img loading=\"lazy\" decoding=\"async\" class=\"aligncenter size-large wp-image-5175\" src=\"https:\/\/d2p6e6u75xmxt8.cloudfront.net\/6\/2019\/08\/MG_0477.JPG-1024x683.jpg\" alt=\"\" width=\"1024\" height=\"683\" srcset=\"https:\/\/d2p6e6u75xmxt8.cloudfront.net\/6\/2019\/08\/MG_0477.JPG-1024x683.jpg 1024w, https:\/\/d2p6e6u75xmxt8.cloudfront.net\/6\/2019\/08\/MG_0477.JPG-300x200.jpg 300w, https:\/\/d2p6e6u75xmxt8.cloudfront.net\/6\/2019\/08\/MG_0477.JPG-768x512.jpg 768w, https:\/\/d2p6e6u75xmxt8.cloudfront.net\/6\/2019\/08\/MG_0477.JPG-1920x1280.jpg 1920w, https:\/\/d2p6e6u75xmxt8.cloudfront.net\/6\/2019\/08\/MG_0477.JPG-272x182.jpg 272w, https:\/\/d2p6e6u75xmxt8.cloudfront.net\/6\/2019\/08\/MG_0477.JPG-1920x1280.jpg 1920w\" sizes=\"auto, (max-width: 1024px) 100vw, 1024px\" \/><\/a><br \/>\n<\/strong><\/h3>\n<p>La <a href=\"https:\/\/ciclored.com\/events\/la-marmotte-pirineos-2019\/\">Marmotte Pirineos<\/a> es una de las marchas m\u00e1s duras de Europa. Salen m\u00e1s de 5.000 metros de desnivel y se suben cinco puertos. El rey de la zona es el Toumarlet, que se asciende hasta en dos ocasiones, en la primera por la cara de Luz St Sauver, en la segunda por La Mongie. En cualquiera de ellas al llegar a la cima el paisaje es espectacular.<\/p>\n<h3><strong>LAGO DE COMO GIRO DE LOMBARDIA<\/p>\n<p><a href=\"https:\/\/d2p6e6u75xmxt8.cloudfront.net\/6\/2019\/08\/IMG_20181014_123618_616.jpg\"><img loading=\"lazy\" decoding=\"async\" class=\"aligncenter size-large wp-image-5176\" src=\"https:\/\/d2p6e6u75xmxt8.cloudfront.net\/6\/2019\/08\/IMG_20181014_123618_616-1024x768.jpg\" alt=\"\" width=\"1024\" height=\"768\" srcset=\"https:\/\/d2p6e6u75xmxt8.cloudfront.net\/6\/2019\/08\/IMG_20181014_123618_616-1024x768.jpg 1024w, https:\/\/d2p6e6u75xmxt8.cloudfront.net\/6\/2019\/08\/IMG_20181014_123618_616-300x225.jpg 300w, https:\/\/d2p6e6u75xmxt8.cloudfront.net\/6\/2019\/08\/IMG_20181014_123618_616-768x576.jpg 768w, https:\/\/d2p6e6u75xmxt8.cloudfront.net\/6\/2019\/08\/IMG_20181014_123618_616-1920x1440.jpg 1920w, https:\/\/d2p6e6u75xmxt8.cloudfront.net\/6\/2019\/08\/IMG_20181014_123618_616.jpg 2048w, https:\/\/d2p6e6u75xmxt8.cloudfront.net\/6\/2019\/08\/IMG_20181014_123618_616-1920x1440.jpg 1920w\" sizes=\"auto, (max-width: 1024px) 100vw, 1024px\" \/><\/a><br \/>\n<\/strong><\/h3>\n<p>Desde hace dos a\u00f1os el <a href=\"https:\/\/ciclored.com\/events\/giro-de-lombardia-2019\/\">Giro de Lombardia<\/a> tiene su versi\u00f3n cicloturista. Pese a que la carrera profesional tiene diferentes trazados, han elegido la formula m\u00e1s paisajistica, la que se inicia y finaliza en el Lago de Como. Desde all\u00ed se afrontan las subidas a la Madonna del Ghisallo y al Muro di Sormano, pero la sensaci\u00f3n de entrar en el lago no tiene igual.<\/p>\n<p>&nbsp;<\/p>\n<h3><strong>CIMA DEL PICO DE LAS NIEVES.<br \/>\nCRONOESCALADA GRAN CANARIA<\/p>\n<p><a href=\"https:\/\/d2p6e6u75xmxt8.cloudfront.net\/6\/2019\/08\/IMG_20171210_142014-e1564651119865.jpg\"><img loading=\"lazy\" decoding=\"async\" class=\"aligncenter size-large wp-image-5177\" src=\"https:\/\/d2p6e6u75xmxt8.cloudfront.net\/6\/2019\/08\/IMG_20171210_142014-e1564651107675-1024x784.jpg\" alt=\"\" width=\"1024\" height=\"784\" \/><\/a><br \/>\n<\/strong><\/h3>\n<p>Gran Canaria es una desconocida para el gran p\u00fablico cicloturista, pero tiene una de las ascensiones m\u00e1s duras de Europa, la <a href=\"https:\/\/ciclored.com\/events\/gran-canaria-bike-week-2019\/\">cronoescalada al Pico de las Nieves<\/a>. Se hace en diciembre y se sube desde la playa hasta los 2.000 metros de altitud en poco m\u00e1s de 20 kil\u00f3metros. Desde la cima, las vistas son espectaculares y en los d\u00edas claros incluso se llega a ver el Teide de la vecina Tenerife.<\/p>\n<p>&nbsp;<\/p>\n<h3><strong>LAS COLINAS DE LA TOSCANA. STRADE BIANCHE<\/p>\n<p><a href=\"https:\/\/d2p6e6u75xmxt8.cloudfront.net\/6\/2019\/08\/sportograf-146139898_lowres.jpg\"><img loading=\"lazy\" decoding=\"async\" class=\"aligncenter size-large wp-image-5178\" src=\"https:\/\/d2p6e6u75xmxt8.cloudfront.net\/6\/2019\/08\/sportograf-146139898_lowres-1024x768.jpg\" alt=\"\" width=\"1024\" height=\"768\" srcset=\"https:\/\/d2p6e6u75xmxt8.cloudfront.net\/6\/2019\/08\/sportograf-146139898_lowres-1024x768.jpg 1024w, https:\/\/d2p6e6u75xmxt8.cloudfront.net\/6\/2019\/08\/sportograf-146139898_lowres-300x225.jpg 300w, https:\/\/d2p6e6u75xmxt8.cloudfront.net\/6\/2019\/08\/sportograf-146139898_lowres-768x576.jpg 768w, https:\/\/d2p6e6u75xmxt8.cloudfront.net\/6\/2019\/08\/sportograf-146139898_lowres.jpg 1200w\" sizes=\"auto, (max-width: 1024px) 100vw, 1024px\" \/><\/a><br \/>\n<\/strong><\/h3>\n<p>Si por algo es famosa La Toscana es por sus colinas, sus paisajes y la estampa de sus ciudades. Todo eso lo ha aprovechado la <a href=\"https:\/\/ciclored.com\/events\/strade-bianche-2020\/\">Strade Bianche<\/a> para hacer una cicloturista en los alrededores de Siena, que adem\u00e1s incluye tramos de tierra, para hacer m\u00e1s \u00e9pico y vintage el recorrido. Los 140 kil\u00f3metros de la versi\u00f3n m\u00e1s larga discurren por peque\u00f1as cotas, pero el final, en la Piazza del Campo, no deja indiferente a nadie.<br \/>\n<a href=\"https:\/\/d2p6e6u75xmxt8.cloudfront.net\/6\/2019\/08\/strade-93.JPG.jpg\"><img loading=\"lazy\" decoding=\"async\" class=\"aligncenter size-large wp-image-5179\" src=\"https:\/\/d2p6e6u75xmxt8.cloudfront.net\/6\/2019\/08\/strade-93.JPG-1024x768.jpg\" alt=\"\" width=\"1024\" height=\"768\" srcset=\"https:\/\/d2p6e6u75xmxt8.cloudfront.net\/6\/2019\/08\/strade-93.JPG.jpg 1024w, https:\/\/d2p6e6u75xmxt8.cloudfront.net\/6\/2019\/08\/strade-93.JPG-300x225.jpg 300w, https:\/\/d2p6e6u75xmxt8.cloudfront.net\/6\/2019\/08\/strade-93.JPG-768x576.jpg 768w\" sizes=\"auto, (max-width: 1024px) 100vw, 1024px\" \/><\/a><\/p>\n","protected":false},"excerpt":{"rendered":"<p>Es cierto que desde hace varios a\u00f1os las prueba cicloturistas han adquirido un matiz m\u00e1s competitivo. El ciclista aficionado se [&hellip;]<\/p>\n","protected":false},"author":29,"featured_media":5173,"comment_status":"open","ping_status":"open","sticky":false,"template":"","format":"standard","meta":{"footnotes":""},"categories":[7],"tags":[494,1139,1141,1140],"global-categories":[],"class_list":["post-5148","post","type-post","status-publish","format-standard","has-post-thumbnail","hentry","category-carretera","tag-cicloturista","tag-paisaje-cicloturista","tag-paisaje-maratona","tag-paisaje-marmotte"],"yoast_head":"<!-- This site is optimized with the Yoast SEO Premium plugin v25.3 (Yoast SEO v25.9) - https:\/\/yoast.com\/wordpress\/plugins\/seo\/ -->\n<title>Los paisajes m\u00e1s impresionantes de las cicloturistas - \u0160koda We Love Cycling - Spain<\/title>\n<meta name=\"description\" content=\"Los paisajes m\u00e1s impresionantes de las cicloturistas. Desde el Portalet de la QH al Sella de la Maratona de los Dolomitas o el Galibier en la Marmotte.\" \/>\n<meta name=\"robots\" content=\"index, follow, max-snippet:-1, max-image-preview:large, max-video-preview:-1\" \/>\n<link rel=\"canonical\" href=\"https:\/\/www.welovecycling.com\/es\/2019\/08\/01\/paisajes-impresionantes-cicloturistas\/\" \/>\n<meta property=\"og:locale\" content=\"es_ES\" \/>\n<meta property=\"og:type\" content=\"article\" \/>\n<meta property=\"og:title\" content=\"Los paisajes m\u00e1s impresionantes de las cicloturistas\" \/>\n<meta property=\"og:description\" content=\"Los paisajes m\u00e1s impresionantes de las cicloturistas. Desde el Portalet de la QH al Sella de la Maratona de los Dolomitas o el Galibier en la Marmotte.\" \/>\n<meta property=\"og:url\" content=\"https:\/\/www.welovecycling.com\/es\/2019\/08\/01\/paisajes-impresionantes-cicloturistas\/\" \/>\n<meta property=\"og:site_name\" content=\"\u0160koda We Love Cycling - Spain\" \/>\n<meta property=\"article:published_time\" content=\"2019-08-01T09:29:03+00:00\" \/>\n<meta property=\"og:image\" content=\"https:\/\/d2p6e6u75xmxt8.cloudfront.net\/6\/2019\/08\/IMG_20180701_063236_285-e1564649268675.jpg\" \/>\n\t<meta property=\"og:image:width\" content=\"1400\" \/>\n\t<meta property=\"og:image:height\" content=\"1050\" \/>\n\t<meta property=\"og:image:type\" content=\"image\/jpeg\" \/>\n<meta name=\"author\" content=\"We Love Cycling Spain\" \/>\n<meta name=\"twitter:card\" content=\"summary_large_image\" \/>\n<meta name=\"twitter:title\" content=\"Los paisajes m\u00e1s impresionantes de las cicloturistas\" \/>\n<meta name=\"twitter:description\" content=\"Los paisajes m\u00e1s impresionantes de las cicloturistas. Desde el Portalet de la QH al Sella de la Maratona de los Dolomitas o el Galibier en la Marmotte.\" \/>\n<meta name=\"twitter:label1\" content=\"Written by\" \/>\n\t<meta name=\"twitter:data1\" content=\"Luis Ortega @ciclored\" \/>\n\t<meta name=\"twitter:label2\" content=\"Est. reading time\" \/>\n\t<meta name=\"twitter:data2\" content=\"3 minutes\" \/>\n<script type=\"application\/ld+json\" class=\"yoast-schema-graph\">{\"@context\":\"https:\/\/schema.org\",\"@graph\":[{\"@type\":\"WebPage\",\"@id\":\"https:\/\/www.welovecycling.com\/es\/2019\/08\/01\/paisajes-impresionantes-cicloturistas\/\",\"url\":\"https:\/\/www.welovecycling.com\/es\/2019\/08\/01\/paisajes-impresionantes-cicloturistas\/\",\"name\":\"Los paisajes m\u00e1s impresionantes de las cicloturistas - \u0160koda We Love Cycling - Spain\",\"isPartOf\":{\"@id\":\"https:\/\/www.welovecycling.com\/es\/#website\"},\"primaryImageOfPage\":{\"@id\":\"https:\/\/www.welovecycling.com\/es\/2019\/08\/01\/paisajes-impresionantes-cicloturistas\/#primaryimage\"},\"image\":{\"@id\":\"https:\/\/www.welovecycling.com\/es\/2019\/08\/01\/paisajes-impresionantes-cicloturistas\/#primaryimage\"},\"thumbnailUrl\":\"https:\/\/d2p6e6u75xmxt8.cloudfront.net\/6\/2019\/08\/IMG_20180701_063236_285-e1564649268675.jpg\",\"datePublished\":\"2019-08-01T09:29:03+00:00\",\"author\":{\"@id\":\"https:\/\/www.welovecycling.com\/es\/#\/schema\/person\/deb61715b5812698ee79fb96f343ccd4\"},\"description\":\"Los paisajes m\u00e1s impresionantes de las cicloturistas. Desde el Portalet de la QH al Sella de la Maratona de los Dolomitas o el Galibier en la Marmotte.\",\"breadcrumb\":{\"@id\":\"https:\/\/www.welovecycling.com\/es\/2019\/08\/01\/paisajes-impresionantes-cicloturistas\/#breadcrumb\"},\"inLanguage\":\"es-ES\",\"potentialAction\":[{\"@type\":\"ReadAction\",\"target\":[\"https:\/\/www.welovecycling.com\/es\/2019\/08\/01\/paisajes-impresionantes-cicloturistas\/\"]}]},{\"@type\":\"ImageObject\",\"inLanguage\":\"es-ES\",\"@id\":\"https:\/\/www.welovecycling.com\/es\/2019\/08\/01\/paisajes-impresionantes-cicloturistas\/#primaryimage\",\"url\":\"https:\/\/d2p6e6u75xmxt8.cloudfront.net\/6\/2019\/08\/IMG_20180701_063236_285-e1564649268675.jpg\",\"contentUrl\":\"https:\/\/d2p6e6u75xmxt8.cloudfront.net\/6\/2019\/08\/IMG_20180701_063236_285-e1564649268675.jpg\",\"width\":1400,\"height\":1050},{\"@type\":\"BreadcrumbList\",\"@id\":\"https:\/\/www.welovecycling.com\/es\/2019\/08\/01\/paisajes-impresionantes-cicloturistas\/#breadcrumb\",\"itemListElement\":[{\"@type\":\"ListItem\",\"position\":1,\"name\":\"Home\",\"item\":\"https:\/\/www.welovecycling.com\/es\/\"},{\"@type\":\"ListItem\",\"position\":2,\"name\":\"Los paisajes m\u00e1s impresionantes de las cicloturistas\"}]},{\"@type\":\"WebSite\",\"@id\":\"https:\/\/www.welovecycling.com\/es\/#website\",\"url\":\"https:\/\/www.welovecycling.com\/es\/\",\"name\":\"\u0160koda We Love Cycling - Spain\",\"description\":\"\u0160koda WeLoveCycling Spain\",\"potentialAction\":[{\"@type\":\"SearchAction\",\"target\":{\"@type\":\"EntryPoint\",\"urlTemplate\":\"https:\/\/www.welovecycling.com\/es\/?s={search_term_string}\"},\"query-input\":{\"@type\":\"PropertyValueSpecification\",\"valueRequired\":true,\"valueName\":\"search_term_string\"}}],\"inLanguage\":\"es-ES\"},{\"@type\":\"Person\",\"@id\":\"https:\/\/www.welovecycling.com\/es\/#\/schema\/person\/deb61715b5812698ee79fb96f343ccd4\",\"name\":\"We Love Cycling Spain\",\"image\":{\"@type\":\"ImageObject\",\"inLanguage\":\"es-ES\",\"@id\":\"https:\/\/www.welovecycling.com\/es\/#\/schema\/person\/image\/\",\"url\":\"https:\/\/secure.gravatar.com\/avatar\/c824b04e6df0e37a03219d0b6481672889df542894588964102459e46513159c?s=96&d=mm&r=g\",\"contentUrl\":\"https:\/\/secure.gravatar.com\/avatar\/c824b04e6df0e37a03219d0b6481672889df542894588964102459e46513159c?s=96&d=mm&r=g\",\"caption\":\"We Love Cycling Spain\"},\"url\":\"https:\/\/www.welovecycling.com\/es\/author\/amunoz\/\"}]}<\/script>\n<!-- \/ Yoast SEO Premium plugin. -->","yoast_head_json":{"title":"Los paisajes m\u00e1s impresionantes de las cicloturistas - \u0160koda We Love Cycling - Spain","description":"Los paisajes m\u00e1s impresionantes de las cicloturistas. Desde el Portalet de la QH al Sella de la Maratona de los Dolomitas o el Galibier en la Marmotte.","robots":{"index":"index","follow":"follow","max-snippet":"max-snippet:-1","max-image-preview":"max-image-preview:large","max-video-preview":"max-video-preview:-1"},"canonical":"https:\/\/www.welovecycling.com\/es\/2019\/08\/01\/paisajes-impresionantes-cicloturistas\/","og_locale":"es_ES","og_type":"article","og_title":"Los paisajes m\u00e1s impresionantes de las cicloturistas","og_description":"Los paisajes m\u00e1s impresionantes de las cicloturistas. Desde el Portalet de la QH al Sella de la Maratona de los Dolomitas o el Galibier en la Marmotte.","og_url":"https:\/\/www.welovecycling.com\/es\/2019\/08\/01\/paisajes-impresionantes-cicloturistas\/","og_site_name":"\u0160koda We Love Cycling - Spain","article_published_time":"2019-08-01T09:29:03+00:00","og_image":[{"width":1400,"height":1050,"url":"https:\/\/d2p6e6u75xmxt8.cloudfront.net\/6\/2019\/08\/IMG_20180701_063236_285-e1564649268675.jpg","type":"image\/jpeg"}],"author":"We Love Cycling Spain","twitter_card":"summary_large_image","twitter_title":"Los paisajes m\u00e1s impresionantes de las cicloturistas","twitter_description":"Los paisajes m\u00e1s impresionantes de las cicloturistas. Desde el Portalet de la QH al Sella de la Maratona de los Dolomitas o el Galibier en la Marmotte.","twitter_misc":{"Written by":"Luis Ortega @ciclored","Est. reading time":"3 minutes"},"schema":{"@context":"https:\/\/schema.org","@graph":[{"@type":"WebPage","@id":"https:\/\/www.welovecycling.com\/es\/2019\/08\/01\/paisajes-impresionantes-cicloturistas\/","url":"https:\/\/www.welovecycling.com\/es\/2019\/08\/01\/paisajes-impresionantes-cicloturistas\/","name":"Los paisajes m\u00e1s impresionantes de las cicloturistas - \u0160koda We Love Cycling - Spain","isPartOf":{"@id":"https:\/\/www.welovecycling.com\/es\/#website"},"primaryImageOfPage":{"@id":"https:\/\/www.welovecycling.com\/es\/2019\/08\/01\/paisajes-impresionantes-cicloturistas\/#primaryimage"},"image":{"@id":"https:\/\/www.welovecycling.com\/es\/2019\/08\/01\/paisajes-impresionantes-cicloturistas\/#primaryimage"},"thumbnailUrl":"https:\/\/d2p6e6u75xmxt8.cloudfront.net\/6\/2019\/08\/IMG_20180701_063236_285-e1564649268675.jpg","datePublished":"2019-08-01T09:29:03+00:00","author":{"@id":"https:\/\/www.welovecycling.com\/es\/#\/schema\/person\/deb61715b5812698ee79fb96f343ccd4"},"description":"Los paisajes m\u00e1s impresionantes de las cicloturistas. Desde el Portalet de la QH al Sella de la Maratona de los Dolomitas o el Galibier en la Marmotte.","breadcrumb":{"@id":"https:\/\/www.welovecycling.com\/es\/2019\/08\/01\/paisajes-impresionantes-cicloturistas\/#breadcrumb"},"inLanguage":"es-ES","potentialAction":[{"@type":"ReadAction","target":["https:\/\/www.welovecycling.com\/es\/2019\/08\/01\/paisajes-impresionantes-cicloturistas\/"]}]},{"@type":"ImageObject","inLanguage":"es-ES","@id":"https:\/\/www.welovecycling.com\/es\/2019\/08\/01\/paisajes-impresionantes-cicloturistas\/#primaryimage","url":"https:\/\/d2p6e6u75xmxt8.cloudfront.net\/6\/2019\/08\/IMG_20180701_063236_285-e1564649268675.jpg","contentUrl":"https:\/\/d2p6e6u75xmxt8.cloudfront.net\/6\/2019\/08\/IMG_20180701_063236_285-e1564649268675.jpg","width":1400,"height":1050},{"@type":"BreadcrumbList","@id":"https:\/\/www.welovecycling.com\/es\/2019\/08\/01\/paisajes-impresionantes-cicloturistas\/#breadcrumb","itemListElement":[{"@type":"ListItem","position":1,"name":"Home","item":"https:\/\/www.welovecycling.com\/es\/"},{"@type":"ListItem","position":2,"name":"Los paisajes m\u00e1s impresionantes de las cicloturistas"}]},{"@type":"WebSite","@id":"https:\/\/www.welovecycling.com\/es\/#website","url":"https:\/\/www.welovecycling.com\/es\/","name":"\u0160koda We Love Cycling - Spain","description":"\u0160koda WeLoveCycling Spain","potentialAction":[{"@type":"SearchAction","target":{"@type":"EntryPoint","urlTemplate":"https:\/\/www.welovecycling.com\/es\/?s={search_term_string}"},"query-input":{"@type":"PropertyValueSpecification","valueRequired":true,"valueName":"search_term_string"}}],"inLanguage":"es-ES"},{"@type":"Person","@id":"https:\/\/www.welovecycling.com\/es\/#\/schema\/person\/deb61715b5812698ee79fb96f343ccd4","name":"We Love Cycling Spain","image":{"@type":"ImageObject","inLanguage":"es-ES","@id":"https:\/\/www.welovecycling.com\/es\/#\/schema\/person\/image\/","url":"https:\/\/secure.gravatar.com\/avatar\/c824b04e6df0e37a03219d0b6481672889df542894588964102459e46513159c?s=96&d=mm&r=g","contentUrl":"https:\/\/secure.gravatar.com\/avatar\/c824b04e6df0e37a03219d0b6481672889df542894588964102459e46513159c?s=96&d=mm&r=g","caption":"We Love Cycling Spain"},"url":"https:\/\/www.welovecycling.com\/es\/author\/amunoz\/"}]}},"_links":{"self":[{"href":"https:\/\/www.welovecycling.com\/es\/wp-json\/wp\/v2\/posts\/5148","targetHints":{"allow":["GET"]}}],"collection":[{"href":"https:\/\/www.welovecycling.com\/es\/wp-json\/wp\/v2\/posts"}],"about":[{"href":"https:\/\/www.welovecycling.com\/es\/wp-json\/wp\/v2\/types\/post"}],"author":[{"embeddable":true,"href":"https:\/\/www.welovecycling.com\/es\/wp-json\/wp\/v2\/users\/29"}],"replies":[{"embeddable":true,"href":"https:\/\/www.welovecycling.com\/es\/wp-json\/wp\/v2\/comments?post=5148"}],"version-history":[{"count":1,"href":"https:\/\/www.welovecycling.com\/es\/wp-json\/wp\/v2\/posts\/5148\/revisions"}],"predecessor-version":[{"id":5180,"href":"https:\/\/www.welovecycling.com\/es\/wp-json\/wp\/v2\/posts\/5148\/revisions\/5180"}],"wp:featuredmedia":[{"embeddable":true,"href":"https:\/\/www.welovecycling.com\/es\/wp-json\/wp\/v2\/media\/5173"}],"wp:attachment":[{"href":"https:\/\/www.welovecycling.com\/es\/wp-json\/wp\/v2\/media?parent=5148"}],"wp:term":[{"taxonomy":"category","embeddable":true,"href":"https:\/\/www.welovecycling.com\/es\/wp-json\/wp\/v2\/categories?post=5148"},{"taxonomy":"post_tag","embeddable":true,"href":"https:\/\/www.welovecycling.com\/es\/wp-json\/wp\/v2\/tags?post=5148"},{"taxonomy":"global-categories","embeddable":true,"href":"https:\/\/www.welovecycling.com\/es\/wp-json\/wp\/v2\/global-categories?post=5148"}],"curies":[{"name":"wp","href":"https:\/\/api.w.org\/{rel}","templated":true}]}}