{"id":5083,"date":"2019-07-16T02:26:01","date_gmt":"2019-07-16T00:26:01","guid":{"rendered":"https:\/\/www.welovecycling.com\/es\/?p=5083"},"modified":"2019-07-16T02:28:16","modified_gmt":"2019-07-16T00:28:16","slug":"que-opciones-tienen-los-ciclistas-espanoles-en-el-tour","status":"publish","type":"post","link":"https:\/\/www.welovecycling.com\/es\/2019\/07\/16\/que-opciones-tienen-los-ciclistas-espanoles-en-el-tour\/","title":{"rendered":"\u00bfQu\u00e9 opciones tienen los ciclistas espa\u00f1oles en el Tour?"},"content":{"rendered":"<p><strong>Los diez primeros d\u00edas de Tour han servido para ver los roles que los ciclistas espa\u00f1oles pueden desarrollar en esta edici\u00f3n de 2019. Las previsiones dec\u00edan que Mikel Landa y Enric M\u00e1s part\u00edan con opciones de luchar por los primeros puestos. No se han equivocado. Pero la carrera es cruel y marca diferencias que no siempre tienen que ver con las fuerzas de cada uno.\u00a0<\/strong><!--more--><\/p>\n<h3><strong>MIKEL LANDA<\/strong><\/h3>\n<p>El Tour de <strong>Mikel Landa iba por buen camino<\/strong> hasta la ca\u00edda de la d\u00e9cima etapa camino de Albi. Es cierto que el alav\u00e9s hab\u00eda perdido tiempo en la crono por equipos, como el resto del Movistar, pero hab\u00eda estado todos los d\u00edas atento. Es m\u00e1s, incluso se hab\u00eda metido en el corte bueno en los abanicos e iba a sacar tiempo a muchos rivales para el podio.<\/p>\n<p>La desgracia vino en forma de ca\u00edda despu\u00e9s de que Barguil le sacase de la carretera. Dos minutos de p\u00e9rdida que se antojan demasiados despu\u00e9s de las buenas piernas demostradas en la Planche de les Belles Files. Ahora ser\u00e1 <strong>una punta de lanza en la monta\u00f1a<\/strong>, pero tendr\u00e1 que someterse al rol de gregario de Nairo Quintana, mejor situado que \u00e9l en la general.<\/p>\n<h3><strong>ENRIC MAS<\/strong><\/h3>\n<p>En el mes de enero <strong>Enric Mas tenia muy claro que el Tour de Francia<\/strong> iba a ser su primer objetivo del a\u00f1o. As\u00ed se lo hab\u00eda dicho a Levefre y tambi\u00e9n al que escribe en una entrevista. Por eso ha dirigido toda la temporada a lo que pudiese pasar en Francia. Sin embargo su equipo no ha pensado lo mismo. Los belgas llevan al Tour una alineaci\u00f3n para ayudar a Viviani a ganar etapas al sprint y a que Alaphilippe siga demostrando sus dotes de clasic\u00f3manos. Enric no tiene gregarios, pero al menos en la crono por equipos le hicieron perder pocos segundos con el Ineos.<\/p>\n<p><a href=\"https:\/\/d2p6e6u75xmxt8.cloudfront.net\/6\/2019\/07\/la-vuelta-2018-6.JPG.jpg\"><img loading=\"lazy\" decoding=\"async\" class=\"aligncenter size-large wp-image-5085\" src=\"https:\/\/d2p6e6u75xmxt8.cloudfront.net\/6\/2019\/07\/la-vuelta-2018-6.JPG-1024x770.jpg\" alt=\"\" width=\"1024\" height=\"770\" srcset=\"https:\/\/d2p6e6u75xmxt8.cloudfront.net\/6\/2019\/07\/la-vuelta-2018-6.JPG.jpg 1024w, https:\/\/d2p6e6u75xmxt8.cloudfront.net\/6\/2019\/07\/la-vuelta-2018-6.JPG-300x226.jpg 300w, https:\/\/d2p6e6u75xmxt8.cloudfront.net\/6\/2019\/07\/la-vuelta-2018-6.JPG-768x578.jpg 768w\" sizes=\"auto, (max-width: 1024px) 100vw, 1024px\" \/><\/a><\/p>\n<p>En la <strong>Planche de les Belles Filles<\/strong> solo se descolg\u00f3 del grupo de favoritos en el \u00faltimo sprint y en los abanicos de la d\u00e9cima etapa logr\u00f3 entrar delante. Ahora marcha quinto a solo 30 segundos de Geraint Thomas. En Pirineos y Alpes se ver\u00e1 su val\u00eda y la crono de Pau tampoco le viene nada mal.<\/p>\n<h3><strong>ALEJANDRO VALVERDE<\/strong><\/h3>\n<p>Muy pocas veces se ha visto a un maillot de <strong>Campe\u00f3n del Mundo tirar de la grupetta de favoritos en el Tour y no hacerlo en beneficio propio.<\/strong> Despu\u00e9s de perderse el Giro se especul\u00f3 que Valverde acud\u00eda a la carrera francesa con intenci\u00f3n de hacer podio. En estos primeros 10 d\u00edas ha dejado claro que no. En la \u00fanica llegada en alto, La Planche delle Belles Files se puso a trabajar en favor de Nairo Quintana y Mikel Landa para despu\u00e9s descolgarse y perder tiempo.<\/p>\n<p><a href=\"https:\/\/d2p6e6u75xmxt8.cloudfront.net\/6\/2019\/07\/amstel-91.JPG.jpg\"><img loading=\"lazy\" decoding=\"async\" class=\"aligncenter size-full wp-image-5086\" src=\"https:\/\/d2p6e6u75xmxt8.cloudfront.net\/6\/2019\/07\/amstel-91.JPG.jpg\" alt=\"\" width=\"687\" height=\"800\" srcset=\"https:\/\/d2p6e6u75xmxt8.cloudfront.net\/6\/2019\/07\/amstel-91.JPG.jpg 687w, https:\/\/d2p6e6u75xmxt8.cloudfront.net\/6\/2019\/07\/amstel-91.JPG-258x300.jpg 258w\" sizes=\"auto, (max-width: 687px) 100vw, 687px\" \/><\/a><\/p>\n<p>Eso s\u00ed, en los abanicos estuvo situado a la perfecci\u00f3n para llegar en el primer pelot\u00f3n y colocarse 14\u00ba en la general a dos minutos de Thomas. La carrera dir\u00e1 si tiene libertad para buscar etapas o seguir\u00e1 trabajando para Nairo Quintana.<\/p>\n<h3><strong>JES\u00daS HERRADA<\/strong><\/h3>\n<p>Despu\u00e9s de un mes de junio espectacular, con victorias en el Tour de Luxemburgo, Mont Ventoux y el tercer puesto en el Campeonato de Espa\u00f1a, el Tour de Francia parece que se le va a hacer largo a Jes\u00fas Herrada. En la primera semana ya ha dejado claro que <strong>no est\u00e1 en condiciones de luchar por un buen puesto en la general<\/strong> y se va a dedicar a buscar victorias parciales.<\/p>\n<p>El primer intento lleg\u00f3 en la novena etapa camino de Brioude. Se infiltr\u00f3 en la escapada buena pero se descolg\u00f3 en la \u00faltima cota. Ese ser\u00e1 su trabajo en lo que resta de Tour.<\/p>\n","protected":false},"excerpt":{"rendered":"<p>Los diez primeros d\u00edas de Tour han servido para ver los roles que los ciclistas espa\u00f1oles pueden desarrollar en esta [&hellip;]<\/p>\n","protected":false},"author":29,"featured_media":5084,"comment_status":"open","ping_status":"open","sticky":false,"template":"","format":"standard","meta":{"footnotes":""},"categories":[7],"tags":[1111,1110,1075,1109,1108],"global-categories":[],"class_list":["post-5083","post","type-post","status-publish","format-standard","has-post-thumbnail","hentry","category-carretera","tag-alejandro-valverde","tag-enric-mas","tag-jesus-herrada","tag-mikel-landa","tag-tour-francia"],"yoast_head":"<!-- This site is optimized with the Yoast SEO Premium plugin v25.3 (Yoast SEO v25.9) - https:\/\/yoast.com\/wordpress\/plugins\/seo\/ -->\n<title>\u00bfQu\u00e9 opciones tienen los ciclistas espa\u00f1oles en el Tour? - \u0160koda We Love Cycling - Spain<\/title>\n<meta name=\"description\" content=\"\u00bfQu\u00e9 opciones tienen los ciclistas espa\u00f1oles en el Tour? Enric Mas, Mikel Landa, Alejandro Valverde y Jes\u00fas Herrada son los m\u00e1s destacados.\" \/>\n<meta name=\"robots\" content=\"index, follow, max-snippet:-1, max-image-preview:large, max-video-preview:-1\" \/>\n<link rel=\"canonical\" href=\"https:\/\/www.welovecycling.com\/es\/2019\/07\/16\/que-opciones-tienen-los-ciclistas-espanoles-en-el-tour\/\" \/>\n<meta property=\"og:locale\" content=\"es_ES\" \/>\n<meta property=\"og:type\" content=\"article\" \/>\n<meta property=\"og:title\" content=\"\u00bfQu\u00e9 opciones tienen los ciclistas espa\u00f1oles en el Tour?\" \/>\n<meta property=\"og:description\" content=\"\u00bfQu\u00e9 opciones tienen los ciclistas espa\u00f1oles en el Tour? Enric Mas, Mikel Landa, Alejandro Valverde y Jes\u00fas Herrada son los m\u00e1s destacados.\" \/>\n<meta property=\"og:url\" content=\"https:\/\/www.welovecycling.com\/es\/2019\/07\/16\/que-opciones-tienen-los-ciclistas-espanoles-en-el-tour\/\" \/>\n<meta property=\"og:site_name\" content=\"\u0160koda We Love Cycling - Spain\" \/>\n<meta property=\"article:published_time\" content=\"2019-07-16T00:26:01+00:00\" \/>\n<meta property=\"article:modified_time\" content=\"2019-07-16T00:28:16+00:00\" \/>\n<meta property=\"og:image\" content=\"https:\/\/d2p6e6u75xmxt8.cloudfront.net\/6\/2019\/07\/TOUR-2018-19.JPG.jpg\" \/>\n\t<meta property=\"og:image:width\" content=\"1024\" \/>\n\t<meta property=\"og:image:height\" content=\"702\" \/>\n\t<meta property=\"og:image:type\" content=\"image\/jpeg\" \/>\n<meta name=\"author\" content=\"We Love Cycling Spain\" \/>\n<meta name=\"twitter:card\" content=\"summary_large_image\" \/>\n<meta name=\"twitter:title\" content=\"\u00bfQu\u00e9 opciones tienen los ciclistas espa\u00f1oles en el Tour?\" \/>\n<meta name=\"twitter:description\" content=\"\u00bfQu\u00e9 opciones tienen los ciclistas espa\u00f1oles en el Tour? Enric Mas, Mikel Landa, Alejandro Valverde y Jes\u00fas Herrada son los m\u00e1s destacados.\" \/>\n<meta name=\"twitter:label1\" content=\"Written by\" \/>\n\t<meta name=\"twitter:data1\" content=\"Luis Ortega @ciclored\" \/>\n\t<meta name=\"twitter:label2\" content=\"Est. reading time\" \/>\n\t<meta name=\"twitter:data2\" content=\"3 minutes\" \/>\n<script type=\"application\/ld+json\" class=\"yoast-schema-graph\">{\"@context\":\"https:\/\/schema.org\",\"@graph\":[{\"@type\":\"WebPage\",\"@id\":\"https:\/\/www.welovecycling.com\/es\/2019\/07\/16\/que-opciones-tienen-los-ciclistas-espanoles-en-el-tour\/\",\"url\":\"https:\/\/www.welovecycling.com\/es\/2019\/07\/16\/que-opciones-tienen-los-ciclistas-espanoles-en-el-tour\/\",\"name\":\"\u00bfQu\u00e9 opciones tienen los ciclistas espa\u00f1oles en el Tour? - \u0160koda We Love Cycling - Spain\",\"isPartOf\":{\"@id\":\"https:\/\/www.welovecycling.com\/es\/#website\"},\"primaryImageOfPage\":{\"@id\":\"https:\/\/www.welovecycling.com\/es\/2019\/07\/16\/que-opciones-tienen-los-ciclistas-espanoles-en-el-tour\/#primaryimage\"},\"image\":{\"@id\":\"https:\/\/www.welovecycling.com\/es\/2019\/07\/16\/que-opciones-tienen-los-ciclistas-espanoles-en-el-tour\/#primaryimage\"},\"thumbnailUrl\":\"https:\/\/d2p6e6u75xmxt8.cloudfront.net\/6\/2019\/07\/TOUR-2018-19.JPG.jpg\",\"datePublished\":\"2019-07-16T00:26:01+00:00\",\"dateModified\":\"2019-07-16T00:28:16+00:00\",\"author\":{\"@id\":\"https:\/\/www.welovecycling.com\/es\/#\/schema\/person\/deb61715b5812698ee79fb96f343ccd4\"},\"description\":\"\u00bfQu\u00e9 opciones tienen los ciclistas espa\u00f1oles en el Tour? Enric Mas, Mikel Landa, Alejandro Valverde y Jes\u00fas Herrada son los m\u00e1s destacados.\",\"breadcrumb\":{\"@id\":\"https:\/\/www.welovecycling.com\/es\/2019\/07\/16\/que-opciones-tienen-los-ciclistas-espanoles-en-el-tour\/#breadcrumb\"},\"inLanguage\":\"es-ES\",\"potentialAction\":[{\"@type\":\"ReadAction\",\"target\":[\"https:\/\/www.welovecycling.com\/es\/2019\/07\/16\/que-opciones-tienen-los-ciclistas-espanoles-en-el-tour\/\"]}]},{\"@type\":\"ImageObject\",\"inLanguage\":\"es-ES\",\"@id\":\"https:\/\/www.welovecycling.com\/es\/2019\/07\/16\/que-opciones-tienen-los-ciclistas-espanoles-en-el-tour\/#primaryimage\",\"url\":\"https:\/\/d2p6e6u75xmxt8.cloudfront.net\/6\/2019\/07\/TOUR-2018-19.JPG.jpg\",\"contentUrl\":\"https:\/\/d2p6e6u75xmxt8.cloudfront.net\/6\/2019\/07\/TOUR-2018-19.JPG.jpg\",\"width\":1024,\"height\":702},{\"@type\":\"BreadcrumbList\",\"@id\":\"https:\/\/www.welovecycling.com\/es\/2019\/07\/16\/que-opciones-tienen-los-ciclistas-espanoles-en-el-tour\/#breadcrumb\",\"itemListElement\":[{\"@type\":\"ListItem\",\"position\":1,\"name\":\"Home\",\"item\":\"https:\/\/www.welovecycling.com\/es\/\"},{\"@type\":\"ListItem\",\"position\":2,\"name\":\"\u00bfQu\u00e9 opciones tienen los ciclistas espa\u00f1oles en el Tour?\"}]},{\"@type\":\"WebSite\",\"@id\":\"https:\/\/www.welovecycling.com\/es\/#website\",\"url\":\"https:\/\/www.welovecycling.com\/es\/\",\"name\":\"\u0160koda We Love Cycling - Spain\",\"description\":\"\u0160koda WeLoveCycling Spain\",\"potentialAction\":[{\"@type\":\"SearchAction\",\"target\":{\"@type\":\"EntryPoint\",\"urlTemplate\":\"https:\/\/www.welovecycling.com\/es\/?s={search_term_string}\"},\"query-input\":{\"@type\":\"PropertyValueSpecification\",\"valueRequired\":true,\"valueName\":\"search_term_string\"}}],\"inLanguage\":\"es-ES\"},{\"@type\":\"Person\",\"@id\":\"https:\/\/www.welovecycling.com\/es\/#\/schema\/person\/deb61715b5812698ee79fb96f343ccd4\",\"name\":\"We Love Cycling Spain\",\"image\":{\"@type\":\"ImageObject\",\"inLanguage\":\"es-ES\",\"@id\":\"https:\/\/www.welovecycling.com\/es\/#\/schema\/person\/image\/\",\"url\":\"https:\/\/secure.gravatar.com\/avatar\/c824b04e6df0e37a03219d0b6481672889df542894588964102459e46513159c?s=96&d=mm&r=g\",\"contentUrl\":\"https:\/\/secure.gravatar.com\/avatar\/c824b04e6df0e37a03219d0b6481672889df542894588964102459e46513159c?s=96&d=mm&r=g\",\"caption\":\"We Love Cycling Spain\"},\"url\":\"https:\/\/www.welovecycling.com\/es\/author\/amunoz\/\"}]}<\/script>\n<!-- \/ Yoast SEO Premium plugin. -->","yoast_head_json":{"title":"\u00bfQu\u00e9 opciones tienen los ciclistas espa\u00f1oles en el Tour? - \u0160koda We Love Cycling - Spain","description":"\u00bfQu\u00e9 opciones tienen los ciclistas espa\u00f1oles en el Tour? Enric Mas, Mikel Landa, Alejandro Valverde y Jes\u00fas Herrada son los m\u00e1s destacados.","robots":{"index":"index","follow":"follow","max-snippet":"max-snippet:-1","max-image-preview":"max-image-preview:large","max-video-preview":"max-video-preview:-1"},"canonical":"https:\/\/www.welovecycling.com\/es\/2019\/07\/16\/que-opciones-tienen-los-ciclistas-espanoles-en-el-tour\/","og_locale":"es_ES","og_type":"article","og_title":"\u00bfQu\u00e9 opciones tienen los ciclistas espa\u00f1oles en el Tour?","og_description":"\u00bfQu\u00e9 opciones tienen los ciclistas espa\u00f1oles en el Tour? Enric Mas, Mikel Landa, Alejandro Valverde y Jes\u00fas Herrada son los m\u00e1s destacados.","og_url":"https:\/\/www.welovecycling.com\/es\/2019\/07\/16\/que-opciones-tienen-los-ciclistas-espanoles-en-el-tour\/","og_site_name":"\u0160koda We Love Cycling - Spain","article_published_time":"2019-07-16T00:26:01+00:00","article_modified_time":"2019-07-16T00:28:16+00:00","og_image":[{"width":1024,"height":702,"url":"https:\/\/d2p6e6u75xmxt8.cloudfront.net\/6\/2019\/07\/TOUR-2018-19.JPG.jpg","type":"image\/jpeg"}],"author":"We Love Cycling Spain","twitter_card":"summary_large_image","twitter_title":"\u00bfQu\u00e9 opciones tienen los ciclistas espa\u00f1oles en el Tour?","twitter_description":"\u00bfQu\u00e9 opciones tienen los ciclistas espa\u00f1oles en el Tour? Enric Mas, Mikel Landa, Alejandro Valverde y Jes\u00fas Herrada son los m\u00e1s destacados.","twitter_misc":{"Written by":"Luis Ortega @ciclored","Est. reading time":"3 minutes"},"schema":{"@context":"https:\/\/schema.org","@graph":[{"@type":"WebPage","@id":"https:\/\/www.welovecycling.com\/es\/2019\/07\/16\/que-opciones-tienen-los-ciclistas-espanoles-en-el-tour\/","url":"https:\/\/www.welovecycling.com\/es\/2019\/07\/16\/que-opciones-tienen-los-ciclistas-espanoles-en-el-tour\/","name":"\u00bfQu\u00e9 opciones tienen los ciclistas espa\u00f1oles en el Tour? - \u0160koda We Love Cycling - Spain","isPartOf":{"@id":"https:\/\/www.welovecycling.com\/es\/#website"},"primaryImageOfPage":{"@id":"https:\/\/www.welovecycling.com\/es\/2019\/07\/16\/que-opciones-tienen-los-ciclistas-espanoles-en-el-tour\/#primaryimage"},"image":{"@id":"https:\/\/www.welovecycling.com\/es\/2019\/07\/16\/que-opciones-tienen-los-ciclistas-espanoles-en-el-tour\/#primaryimage"},"thumbnailUrl":"https:\/\/d2p6e6u75xmxt8.cloudfront.net\/6\/2019\/07\/TOUR-2018-19.JPG.jpg","datePublished":"2019-07-16T00:26:01+00:00","dateModified":"2019-07-16T00:28:16+00:00","author":{"@id":"https:\/\/www.welovecycling.com\/es\/#\/schema\/person\/deb61715b5812698ee79fb96f343ccd4"},"description":"\u00bfQu\u00e9 opciones tienen los ciclistas espa\u00f1oles en el Tour? Enric Mas, Mikel Landa, Alejandro Valverde y Jes\u00fas Herrada son los m\u00e1s destacados.","breadcrumb":{"@id":"https:\/\/www.welovecycling.com\/es\/2019\/07\/16\/que-opciones-tienen-los-ciclistas-espanoles-en-el-tour\/#breadcrumb"},"inLanguage":"es-ES","potentialAction":[{"@type":"ReadAction","target":["https:\/\/www.welovecycling.com\/es\/2019\/07\/16\/que-opciones-tienen-los-ciclistas-espanoles-en-el-tour\/"]}]},{"@type":"ImageObject","inLanguage":"es-ES","@id":"https:\/\/www.welovecycling.com\/es\/2019\/07\/16\/que-opciones-tienen-los-ciclistas-espanoles-en-el-tour\/#primaryimage","url":"https:\/\/d2p6e6u75xmxt8.cloudfront.net\/6\/2019\/07\/TOUR-2018-19.JPG.jpg","contentUrl":"https:\/\/d2p6e6u75xmxt8.cloudfront.net\/6\/2019\/07\/TOUR-2018-19.JPG.jpg","width":1024,"height":702},{"@type":"BreadcrumbList","@id":"https:\/\/www.welovecycling.com\/es\/2019\/07\/16\/que-opciones-tienen-los-ciclistas-espanoles-en-el-tour\/#breadcrumb","itemListElement":[{"@type":"ListItem","position":1,"name":"Home","item":"https:\/\/www.welovecycling.com\/es\/"},{"@type":"ListItem","position":2,"name":"\u00bfQu\u00e9 opciones tienen los ciclistas espa\u00f1oles en el Tour?"}]},{"@type":"WebSite","@id":"https:\/\/www.welovecycling.com\/es\/#website","url":"https:\/\/www.welovecycling.com\/es\/","name":"\u0160koda We Love Cycling - Spain","description":"\u0160koda WeLoveCycling Spain","potentialAction":[{"@type":"SearchAction","target":{"@type":"EntryPoint","urlTemplate":"https:\/\/www.welovecycling.com\/es\/?s={search_term_string}"},"query-input":{"@type":"PropertyValueSpecification","valueRequired":true,"valueName":"search_term_string"}}],"inLanguage":"es-ES"},{"@type":"Person","@id":"https:\/\/www.welovecycling.com\/es\/#\/schema\/person\/deb61715b5812698ee79fb96f343ccd4","name":"We Love Cycling Spain","image":{"@type":"ImageObject","inLanguage":"es-ES","@id":"https:\/\/www.welovecycling.com\/es\/#\/schema\/person\/image\/","url":"https:\/\/secure.gravatar.com\/avatar\/c824b04e6df0e37a03219d0b6481672889df542894588964102459e46513159c?s=96&d=mm&r=g","contentUrl":"https:\/\/secure.gravatar.com\/avatar\/c824b04e6df0e37a03219d0b6481672889df542894588964102459e46513159c?s=96&d=mm&r=g","caption":"We Love Cycling Spain"},"url":"https:\/\/www.welovecycling.com\/es\/author\/amunoz\/"}]}},"_links":{"self":[{"href":"https:\/\/www.welovecycling.com\/es\/wp-json\/wp\/v2\/posts\/5083","targetHints":{"allow":["GET"]}}],"collection":[{"href":"https:\/\/www.welovecycling.com\/es\/wp-json\/wp\/v2\/posts"}],"about":[{"href":"https:\/\/www.welovecycling.com\/es\/wp-json\/wp\/v2\/types\/post"}],"author":[{"embeddable":true,"href":"https:\/\/www.welovecycling.com\/es\/wp-json\/wp\/v2\/users\/29"}],"replies":[{"embeddable":true,"href":"https:\/\/www.welovecycling.com\/es\/wp-json\/wp\/v2\/comments?post=5083"}],"version-history":[{"count":1,"href":"https:\/\/www.welovecycling.com\/es\/wp-json\/wp\/v2\/posts\/5083\/revisions"}],"predecessor-version":[{"id":5087,"href":"https:\/\/www.welovecycling.com\/es\/wp-json\/wp\/v2\/posts\/5083\/revisions\/5087"}],"wp:featuredmedia":[{"embeddable":true,"href":"https:\/\/www.welovecycling.com\/es\/wp-json\/wp\/v2\/media\/5084"}],"wp:attachment":[{"href":"https:\/\/www.welovecycling.com\/es\/wp-json\/wp\/v2\/media?parent=5083"}],"wp:term":[{"taxonomy":"category","embeddable":true,"href":"https:\/\/www.welovecycling.com\/es\/wp-json\/wp\/v2\/categories?post=5083"},{"taxonomy":"post_tag","embeddable":true,"href":"https:\/\/www.welovecycling.com\/es\/wp-json\/wp\/v2\/tags?post=5083"},{"taxonomy":"global-categories","embeddable":true,"href":"https:\/\/www.welovecycling.com\/es\/wp-json\/wp\/v2\/global-categories?post=5083"}],"curies":[{"name":"wp","href":"https:\/\/api.w.org\/{rel}","templated":true}]}}