{"id":5059,"date":"2019-07-12T14:59:44","date_gmt":"2019-07-12T12:59:44","guid":{"rendered":"https:\/\/www.welovecycling.com\/es\/?p=5059"},"modified":"2019-07-12T15:00:39","modified_gmt":"2019-07-12T13:00:39","slug":"andy-schleck-analisis-tour-francia","status":"publish","type":"post","link":"https:\/\/www.welovecycling.com\/es\/2019\/07\/12\/andy-schleck-analisis-tour-francia\/","title":{"rendered":"Andy Schleck sobre el Tour de Francia: \u201cSagan es el favorito para el maillot verde\u201d"},"content":{"rendered":"<p><strong>Andy Raymond Schleck es un ex ciclista pro-ciclista, oriundo de Luxemburgo, ganador del Tour de Francia 2010 y tiene a su familia corriendo en bicicleta. Actualmente, es presidente del \u0160koda Tour de Luxemburgo y embajador del Programa de Hospitalidad \u0160koda del Tour de Francia, por lo que nos pusimos en contacto con \u00e9l para obtener informaci\u00f3n privilegiada y una visi\u00f3n general experta de la Boucle de Le Grande de este a\u00f1o.<\/strong><\/p>\n<p><!--more--><\/p>\n<h2><strong>Gran victoria de Alaphilippe<\/strong><\/h2>\n<p>Julian Alaphilippe, Deceuninck-Quick-Step, se llev\u00f3 una gran sorpresa al ganar la tercera etapa con un ataque explosivo que le vali\u00f3 el maillot amarillo. Sin embargo, suele dar la talla en las cl\u00e1sicas, por lo que la naturaleza a largo plazo y exigente del Tour podr\u00eda no convenirle. Sin embargo, Andy Schleck piensa lo contrario.<\/p>\n<p>&#8220;Creo que puede recuperar el maillot amarillo y mantenerlo durante bastante tiempo porque tambi\u00e9n ha tenido una buena semana. Si sobrevivi\u00f3 a la etapa de monta\u00f1a creo que puede volver a ser lider&#8221;<\/p>\n<p>\u201d<\/p>\n<h2><strong>Buen inicio de Jumbo-Visma<\/strong><\/h2>\n<p>El equipo Jumbo-Visma experiment\u00f3 una mejora significativa esta temporada. Sus ciclistas han ganado una contrarreloj y una etapa de sprint y Mike Teunissen incluso se ha puesto el maillot jaune durante un d\u00eda. A pesar de todos estos \u00e9xitos, Andy es realista en cuanto a las predicciones futuras, especialmente sobre el maillot amarillo.<\/p>\n<figure id=\"attachment_5064\" aria-describedby=\"caption-attachment-5064\" style=\"width: 1024px\" class=\"wp-caption alignnone\"><a href=\"https:\/\/d2p6e6u75xmxt8.cloudfront.net\/2\/2019\/07\/Peter-Sagan-Tour-2019-profimedia-0456066878.jpg\"><img loading=\"lazy\" decoding=\"async\" class=\"wp-image-5064 size-large\" src=\"https:\/\/d2p6e6u75xmxt8.cloudfront.net\/6\/2019\/07\/Peter-Sagan-Tour-2019-profimedia-0456066878-1024x682.jpg\" alt=\"\" width=\"1024\" height=\"682\" srcset=\"https:\/\/d2p6e6u75xmxt8.cloudfront.net\/6\/2019\/07\/Peter-Sagan-Tour-2019-profimedia-0456066878-1024x682.jpg 1024w, https:\/\/d2p6e6u75xmxt8.cloudfront.net\/6\/2019\/07\/Peter-Sagan-Tour-2019-profimedia-0456066878-300x200.jpg 300w, https:\/\/d2p6e6u75xmxt8.cloudfront.net\/6\/2019\/07\/Peter-Sagan-Tour-2019-profimedia-0456066878-768x512.jpg 768w, https:\/\/d2p6e6u75xmxt8.cloudfront.net\/6\/2019\/07\/Peter-Sagan-Tour-2019-profimedia-0456066878-272x182.jpg 272w, https:\/\/d2p6e6u75xmxt8.cloudfront.net\/6\/2019\/07\/Peter-Sagan-Tour-2019-profimedia-0456066878.jpg 1250w\" sizes=\"auto, (max-width: 1024px) 100vw, 1024px\" \/><\/a><figcaption id=\"caption-attachment-5064\" class=\"wp-caption-text\">Peter Sagan is already in green. \u00a9 Profimedia, AFP<\/figcaption><\/figure>\n<p>&nbsp;<\/p>\n<p>&#8220;No creo que tengan ninguna posibilidad con la clasificaci\u00f3n general. Han venido aqu\u00ed por una victoria de etapa y lo han conseguido, pero no creo que ganen el amarillo. Tienen a Kruijswijk que est\u00e1 aqu\u00ed para la clasificaci\u00f3n general, pero no creo que llegue al podio&#8221;. Basado en la historia del equipo, Andy tiene su propia visi\u00f3n del punto de concentraci\u00f3n: &#8220;Creo que van a por la victoria en el Giro de Italia, as\u00ed que se centran principalmente en las etapas y no en el Tour&#8221;.<\/p>\n<p>En cuanto al resultado m\u00e1s inesperado de la carrera hasta ahora, para Andy, la victoria de Teunissen fue tambi\u00e9n lo m\u00e1s sorprendente del Tour de esta semana. &#8220;Nadie esperaba que ganara la primera etapa. No estaba ah\u00ed para liderar la etapa, estaba ah\u00ed para su l\u00edder hasta que \u00e9ste se estrell\u00f3 y luego aprovech\u00f3 su oportunidad y gan\u00f3 por sorpresa&#8221;<\/p>\n<h2><strong>Peter Sagan<\/strong><\/h2>\n<p>Peter Sagan solo ha ganado una etapa y ya est\u00e1 en verde, casi un espect\u00e1culo formal en el Tour de Francia. No es de extra\u00f1ar entonces que Andy piense que es una apuesta segura decir que volver\u00e1 a ganar la clasificaci\u00f3n por puntos.<\/p>\n<p>&#8220;B\u00e1sicamente, creo que probablemente ganar\u00e1 de nuevo porque es bueno y sabe d\u00f3nde acumular puntos. En los &#8220;\u0160koda sprints&#8221; es donde m\u00e1s puntos acumula, por lo que se concentra en ellos. S\u00e9 que est\u00e1 aqu\u00ed por la camiseta verde otra vez, pero creo que hay esperanza para otros ciclistas&#8221;.<\/p>\n","protected":false},"excerpt":{"rendered":"<p>Andy Raymond Schleck es un ex ciclista pro-ciclista, oriundo de Luxemburgo, ganador del Tour de Francia 2010 y tiene a [&hellip;]<\/p>\n","protected":false},"author":29,"featured_media":5069,"comment_status":"open","ping_status":"open","sticky":false,"template":"","format":"standard","meta":{"footnotes":""},"categories":[7],"tags":[1105,1106],"global-categories":[],"class_list":["post-5059","post","type-post","status-publish","format-standard","has-post-thumbnail","hentry","category-carretera","tag-analisis-andy-schleck","tag-andy-schleck-analisis-tour"],"yoast_head":"<!-- This site is optimized with the Yoast SEO Premium plugin v25.3 (Yoast SEO v25.9) - https:\/\/yoast.com\/wordpress\/plugins\/seo\/ -->\n<title>Andy Schleck sobre el Tour de Francia: \u201cSagan es el favorito para el maillot verde\u201d - \u0160koda We Love Cycling - Spain<\/title>\n<meta name=\"description\" content=\"El an\u00e1lisis de la primera semana de Tour de Francia de Andy Schleck. El favoritismo de Sagan para el maillot verde o el inicio de Alaphilippe.\" \/>\n<meta name=\"robots\" content=\"index, follow, max-snippet:-1, max-image-preview:large, max-video-preview:-1\" \/>\n<link rel=\"canonical\" href=\"https:\/\/www.welovecycling.com\/es\/2019\/07\/12\/andy-schleck-analisis-tour-francia\/\" \/>\n<meta property=\"og:locale\" content=\"es_ES\" \/>\n<meta property=\"og:type\" content=\"article\" \/>\n<meta property=\"og:title\" content=\"El an\u00e1lisis de la primera semana de Tour de Francia de Andy Schleck\" \/>\n<meta property=\"og:description\" content=\"El an\u00e1lisis de la primera semana de Tour de Francia de Andy Schleck. El favoritismo de Sagan para el maillot verde o el inicio de Alaphilippe.\" \/>\n<meta property=\"og:url\" content=\"https:\/\/www.welovecycling.com\/es\/2019\/07\/12\/andy-schleck-analisis-tour-francia\/\" \/>\n<meta property=\"og:site_name\" content=\"\u0160koda We Love Cycling - Spain\" \/>\n<meta property=\"article:published_time\" content=\"2019-07-12T12:59:44+00:00\" \/>\n<meta property=\"article:modified_time\" content=\"2019-07-12T13:00:39+00:00\" \/>\n<meta property=\"og:image\" content=\"https:\/\/d2p6e6u75xmxt8.cloudfront.net\/6\/2019\/07\/andy-schleck-profimedia-0340942692-CVR.jpg\" \/>\n\t<meta property=\"og:image:width\" content=\"1366\" \/>\n\t<meta property=\"og:image:height\" content=\"600\" \/>\n\t<meta property=\"og:image:type\" content=\"image\/jpeg\" \/>\n<meta name=\"author\" content=\"We Love Cycling Spain\" \/>\n<meta name=\"twitter:card\" content=\"summary_large_image\" \/>\n<meta name=\"twitter:title\" content=\"El an\u00e1lisis de la primera semana de Tour de Francia de Andy Schleck\" \/>\n<meta name=\"twitter:description\" content=\"El an\u00e1lisis de la primera semana de Tour de Francia de Andy Schleck. El favoritismo de Sagan para el maillot verde o el inicio de Alaphilippe.\" \/>\n<meta name=\"twitter:label1\" content=\"Written by\" \/>\n\t<meta name=\"twitter:data1\" content=\"Frantiska Blazkova\" \/>\n\t<meta name=\"twitter:label2\" content=\"Est. reading time\" \/>\n\t<meta name=\"twitter:data2\" content=\"4\" \/>\n<script type=\"application\/ld+json\" class=\"yoast-schema-graph\">{\"@context\":\"https:\/\/schema.org\",\"@graph\":[{\"@type\":\"WebPage\",\"@id\":\"https:\/\/www.welovecycling.com\/es\/2019\/07\/12\/andy-schleck-analisis-tour-francia\/\",\"url\":\"https:\/\/www.welovecycling.com\/es\/2019\/07\/12\/andy-schleck-analisis-tour-francia\/\",\"name\":\"Andy Schleck sobre el Tour de Francia: \u201cSagan es el favorito para el maillot verde\u201d - \u0160koda We Love Cycling - Spain\",\"isPartOf\":{\"@id\":\"https:\/\/www.welovecycling.com\/es\/#website\"},\"primaryImageOfPage\":{\"@id\":\"https:\/\/www.welovecycling.com\/es\/2019\/07\/12\/andy-schleck-analisis-tour-francia\/#primaryimage\"},\"image\":{\"@id\":\"https:\/\/www.welovecycling.com\/es\/2019\/07\/12\/andy-schleck-analisis-tour-francia\/#primaryimage\"},\"thumbnailUrl\":\"https:\/\/d2p6e6u75xmxt8.cloudfront.net\/6\/2019\/07\/andy-schleck-profimedia-0340942692-CVR.jpg\",\"datePublished\":\"2019-07-12T12:59:44+00:00\",\"dateModified\":\"2019-07-12T13:00:39+00:00\",\"author\":{\"@id\":\"https:\/\/www.welovecycling.com\/es\/#\/schema\/person\/deb61715b5812698ee79fb96f343ccd4\"},\"description\":\"El an\u00e1lisis de la primera semana de Tour de Francia de Andy Schleck. El favoritismo de Sagan para el maillot verde o el inicio de Alaphilippe.\",\"breadcrumb\":{\"@id\":\"https:\/\/www.welovecycling.com\/es\/2019\/07\/12\/andy-schleck-analisis-tour-francia\/#breadcrumb\"},\"inLanguage\":\"es-ES\",\"potentialAction\":[{\"@type\":\"ReadAction\",\"target\":[\"https:\/\/www.welovecycling.com\/es\/2019\/07\/12\/andy-schleck-analisis-tour-francia\/\"]}]},{\"@type\":\"ImageObject\",\"inLanguage\":\"es-ES\",\"@id\":\"https:\/\/www.welovecycling.com\/es\/2019\/07\/12\/andy-schleck-analisis-tour-francia\/#primaryimage\",\"url\":\"https:\/\/d2p6e6u75xmxt8.cloudfront.net\/6\/2019\/07\/andy-schleck-profimedia-0340942692-CVR.jpg\",\"contentUrl\":\"https:\/\/d2p6e6u75xmxt8.cloudfront.net\/6\/2019\/07\/andy-schleck-profimedia-0340942692-CVR.jpg\",\"width\":1366,\"height\":600},{\"@type\":\"BreadcrumbList\",\"@id\":\"https:\/\/www.welovecycling.com\/es\/2019\/07\/12\/andy-schleck-analisis-tour-francia\/#breadcrumb\",\"itemListElement\":[{\"@type\":\"ListItem\",\"position\":1,\"name\":\"Home\",\"item\":\"https:\/\/www.welovecycling.com\/es\/\"},{\"@type\":\"ListItem\",\"position\":2,\"name\":\"Andy Schleck sobre el Tour de Francia: \u201cSagan es el favorito para el maillot verde\u201d\"}]},{\"@type\":\"WebSite\",\"@id\":\"https:\/\/www.welovecycling.com\/es\/#website\",\"url\":\"https:\/\/www.welovecycling.com\/es\/\",\"name\":\"\u0160koda We Love Cycling - Spain\",\"description\":\"\u0160koda WeLoveCycling Spain\",\"potentialAction\":[{\"@type\":\"SearchAction\",\"target\":{\"@type\":\"EntryPoint\",\"urlTemplate\":\"https:\/\/www.welovecycling.com\/es\/?s={search_term_string}\"},\"query-input\":{\"@type\":\"PropertyValueSpecification\",\"valueRequired\":true,\"valueName\":\"search_term_string\"}}],\"inLanguage\":\"es-ES\"},{\"@type\":\"Person\",\"@id\":\"https:\/\/www.welovecycling.com\/es\/#\/schema\/person\/deb61715b5812698ee79fb96f343ccd4\",\"name\":\"We Love Cycling Spain\",\"image\":{\"@type\":\"ImageObject\",\"inLanguage\":\"es-ES\",\"@id\":\"https:\/\/www.welovecycling.com\/es\/#\/schema\/person\/image\/\",\"url\":\"https:\/\/secure.gravatar.com\/avatar\/c824b04e6df0e37a03219d0b6481672889df542894588964102459e46513159c?s=96&d=mm&r=g\",\"contentUrl\":\"https:\/\/secure.gravatar.com\/avatar\/c824b04e6df0e37a03219d0b6481672889df542894588964102459e46513159c?s=96&d=mm&r=g\",\"caption\":\"We Love Cycling Spain\"},\"url\":\"https:\/\/www.welovecycling.com\/es\/author\/amunoz\/\"}]}<\/script>\n<!-- \/ Yoast SEO Premium plugin. -->","yoast_head_json":{"title":"Andy Schleck sobre el Tour de Francia: \u201cSagan es el favorito para el maillot verde\u201d - \u0160koda We Love Cycling - Spain","description":"El an\u00e1lisis de la primera semana de Tour de Francia de Andy Schleck. El favoritismo de Sagan para el maillot verde o el inicio de Alaphilippe.","robots":{"index":"index","follow":"follow","max-snippet":"max-snippet:-1","max-image-preview":"max-image-preview:large","max-video-preview":"max-video-preview:-1"},"canonical":"https:\/\/www.welovecycling.com\/es\/2019\/07\/12\/andy-schleck-analisis-tour-francia\/","og_locale":"es_ES","og_type":"article","og_title":"El an\u00e1lisis de la primera semana de Tour de Francia de Andy Schleck","og_description":"El an\u00e1lisis de la primera semana de Tour de Francia de Andy Schleck. El favoritismo de Sagan para el maillot verde o el inicio de Alaphilippe.","og_url":"https:\/\/www.welovecycling.com\/es\/2019\/07\/12\/andy-schleck-analisis-tour-francia\/","og_site_name":"\u0160koda We Love Cycling - Spain","article_published_time":"2019-07-12T12:59:44+00:00","article_modified_time":"2019-07-12T13:00:39+00:00","og_image":[{"width":1366,"height":600,"url":"https:\/\/d2p6e6u75xmxt8.cloudfront.net\/6\/2019\/07\/andy-schleck-profimedia-0340942692-CVR.jpg","type":"image\/jpeg"}],"author":"We Love Cycling Spain","twitter_card":"summary_large_image","twitter_title":"El an\u00e1lisis de la primera semana de Tour de Francia de Andy Schleck","twitter_description":"El an\u00e1lisis de la primera semana de Tour de Francia de Andy Schleck. El favoritismo de Sagan para el maillot verde o el inicio de Alaphilippe.","twitter_misc":{"Written by":"Frantiska Blazkova","Est. reading time":"4"},"schema":{"@context":"https:\/\/schema.org","@graph":[{"@type":"WebPage","@id":"https:\/\/www.welovecycling.com\/es\/2019\/07\/12\/andy-schleck-analisis-tour-francia\/","url":"https:\/\/www.welovecycling.com\/es\/2019\/07\/12\/andy-schleck-analisis-tour-francia\/","name":"Andy Schleck sobre el Tour de Francia: \u201cSagan es el favorito para el maillot verde\u201d - \u0160koda We Love Cycling - Spain","isPartOf":{"@id":"https:\/\/www.welovecycling.com\/es\/#website"},"primaryImageOfPage":{"@id":"https:\/\/www.welovecycling.com\/es\/2019\/07\/12\/andy-schleck-analisis-tour-francia\/#primaryimage"},"image":{"@id":"https:\/\/www.welovecycling.com\/es\/2019\/07\/12\/andy-schleck-analisis-tour-francia\/#primaryimage"},"thumbnailUrl":"https:\/\/d2p6e6u75xmxt8.cloudfront.net\/6\/2019\/07\/andy-schleck-profimedia-0340942692-CVR.jpg","datePublished":"2019-07-12T12:59:44+00:00","dateModified":"2019-07-12T13:00:39+00:00","author":{"@id":"https:\/\/www.welovecycling.com\/es\/#\/schema\/person\/deb61715b5812698ee79fb96f343ccd4"},"description":"El an\u00e1lisis de la primera semana de Tour de Francia de Andy Schleck. El favoritismo de Sagan para el maillot verde o el inicio de Alaphilippe.","breadcrumb":{"@id":"https:\/\/www.welovecycling.com\/es\/2019\/07\/12\/andy-schleck-analisis-tour-francia\/#breadcrumb"},"inLanguage":"es-ES","potentialAction":[{"@type":"ReadAction","target":["https:\/\/www.welovecycling.com\/es\/2019\/07\/12\/andy-schleck-analisis-tour-francia\/"]}]},{"@type":"ImageObject","inLanguage":"es-ES","@id":"https:\/\/www.welovecycling.com\/es\/2019\/07\/12\/andy-schleck-analisis-tour-francia\/#primaryimage","url":"https:\/\/d2p6e6u75xmxt8.cloudfront.net\/6\/2019\/07\/andy-schleck-profimedia-0340942692-CVR.jpg","contentUrl":"https:\/\/d2p6e6u75xmxt8.cloudfront.net\/6\/2019\/07\/andy-schleck-profimedia-0340942692-CVR.jpg","width":1366,"height":600},{"@type":"BreadcrumbList","@id":"https:\/\/www.welovecycling.com\/es\/2019\/07\/12\/andy-schleck-analisis-tour-francia\/#breadcrumb","itemListElement":[{"@type":"ListItem","position":1,"name":"Home","item":"https:\/\/www.welovecycling.com\/es\/"},{"@type":"ListItem","position":2,"name":"Andy Schleck sobre el Tour de Francia: \u201cSagan es el favorito para el maillot verde\u201d"}]},{"@type":"WebSite","@id":"https:\/\/www.welovecycling.com\/es\/#website","url":"https:\/\/www.welovecycling.com\/es\/","name":"\u0160koda We Love Cycling - Spain","description":"\u0160koda WeLoveCycling Spain","potentialAction":[{"@type":"SearchAction","target":{"@type":"EntryPoint","urlTemplate":"https:\/\/www.welovecycling.com\/es\/?s={search_term_string}"},"query-input":{"@type":"PropertyValueSpecification","valueRequired":true,"valueName":"search_term_string"}}],"inLanguage":"es-ES"},{"@type":"Person","@id":"https:\/\/www.welovecycling.com\/es\/#\/schema\/person\/deb61715b5812698ee79fb96f343ccd4","name":"We Love Cycling Spain","image":{"@type":"ImageObject","inLanguage":"es-ES","@id":"https:\/\/www.welovecycling.com\/es\/#\/schema\/person\/image\/","url":"https:\/\/secure.gravatar.com\/avatar\/c824b04e6df0e37a03219d0b6481672889df542894588964102459e46513159c?s=96&d=mm&r=g","contentUrl":"https:\/\/secure.gravatar.com\/avatar\/c824b04e6df0e37a03219d0b6481672889df542894588964102459e46513159c?s=96&d=mm&r=g","caption":"We Love Cycling Spain"},"url":"https:\/\/www.welovecycling.com\/es\/author\/amunoz\/"}]}},"_links":{"self":[{"href":"https:\/\/www.welovecycling.com\/es\/wp-json\/wp\/v2\/posts\/5059","targetHints":{"allow":["GET"]}}],"collection":[{"href":"https:\/\/www.welovecycling.com\/es\/wp-json\/wp\/v2\/posts"}],"about":[{"href":"https:\/\/www.welovecycling.com\/es\/wp-json\/wp\/v2\/types\/post"}],"author":[{"embeddable":true,"href":"https:\/\/www.welovecycling.com\/es\/wp-json\/wp\/v2\/users\/29"}],"replies":[{"embeddable":true,"href":"https:\/\/www.welovecycling.com\/es\/wp-json\/wp\/v2\/comments?post=5059"}],"version-history":[{"count":2,"href":"https:\/\/www.welovecycling.com\/es\/wp-json\/wp\/v2\/posts\/5059\/revisions"}],"predecessor-version":[{"id":5079,"href":"https:\/\/www.welovecycling.com\/es\/wp-json\/wp\/v2\/posts\/5059\/revisions\/5079"}],"wp:featuredmedia":[{"embeddable":true,"href":"https:\/\/www.welovecycling.com\/es\/wp-json\/wp\/v2\/media\/5069"}],"wp:attachment":[{"href":"https:\/\/www.welovecycling.com\/es\/wp-json\/wp\/v2\/media?parent=5059"}],"wp:term":[{"taxonomy":"category","embeddable":true,"href":"https:\/\/www.welovecycling.com\/es\/wp-json\/wp\/v2\/categories?post=5059"},{"taxonomy":"post_tag","embeddable":true,"href":"https:\/\/www.welovecycling.com\/es\/wp-json\/wp\/v2\/tags?post=5059"},{"taxonomy":"global-categories","embeddable":true,"href":"https:\/\/www.welovecycling.com\/es\/wp-json\/wp\/v2\/global-categories?post=5059"}],"curies":[{"name":"wp","href":"https:\/\/api.w.org\/{rel}","templated":true}]}}