{"id":5051,"date":"2019-07-06T00:23:16","date_gmt":"2019-07-05T22:23:16","guid":{"rendered":"https:\/\/www.welovecycling.com\/es\/?p=5051"},"modified":"2019-07-06T00:23:16","modified_gmt":"2019-07-05T22:23:16","slug":"tour-francia-fiesta-familia","status":"publish","type":"post","link":"https:\/\/www.welovecycling.com\/es\/2019\/07\/06\/tour-francia-fiesta-familia\/","title":{"rendered":"Porqu\u00e9 el Tour de Francia es una fiesta familiar"},"content":{"rendered":"<p><strong>En We Love Cycling no te vamos a presentar los datos del Tour. Ya los conoces. Para toda la historia conocida, estad\u00edsticas, n\u00fameros, listas, etapas, y m\u00e1s, Google y Wikipedia se bastan. El aspecto del Tour del que nos gustar\u00eda hablar es algo elusivo e intangible, pero no por ello menos real.<\/strong><!--more--><\/p>\n<p>Aunque se han dicho (y se dir\u00e1n) muchas cosas sobre los ciclistas, sus equipos, entrenadores, nutricionistas, rutinas de sue\u00f1o, masajistas, coches de flota y todos los dem\u00e1s aspectos de la escena profesional de la carrera, de vez en cuando aparece un art\u00edculo, un elogio o una entrevista con los aficionados. La presencia de gente en &#8220;el exterior&#8221; puede parecer obvia &#8211; cualquier otro gran espect\u00e1culo est\u00e1 destinado a atraer a la multitud &#8211; pero si alguna vez has presenciado el Tour de primera mano, sabes bien que hay algo diferente en el aire. Un sentido de camarader\u00eda instant\u00e1nea, un sentimiento de pertenencia con desconocidos absolutos, una unidad ca\u00f3tica sincera. Ll\u00e1melo como quiera, pero la descripci\u00f3n de los espectadores reunidos en escenarios individuales o frente a pantallas de televisi\u00f3n o de ordenador en directo cada a\u00f1o se reduce a una sola palabra: familia.<\/p>\n<p><a href=\"https:\/\/d2p6e6u75xmxt8.cloudfront.net\/6\/2019\/07\/pubcar2-1.jpg\"><img loading=\"lazy\" decoding=\"async\" class=\"alignnone size-full wp-image-5052\" src=\"https:\/\/d2p6e6u75xmxt8.cloudfront.net\/6\/2019\/07\/pubcar2-1.jpg\" alt=\"\" width=\"1377\" height=\"918\" srcset=\"https:\/\/d2p6e6u75xmxt8.cloudfront.net\/6\/2019\/07\/pubcar2-1.jpg 1377w, https:\/\/d2p6e6u75xmxt8.cloudfront.net\/6\/2019\/07\/pubcar2-1-300x200.jpg 300w, https:\/\/d2p6e6u75xmxt8.cloudfront.net\/6\/2019\/07\/pubcar2-1-768x512.jpg 768w, https:\/\/d2p6e6u75xmxt8.cloudfront.net\/6\/2019\/07\/pubcar2-1-1024x683.jpg 1024w, https:\/\/d2p6e6u75xmxt8.cloudfront.net\/6\/2019\/07\/pubcar2-1-272x182.jpg 272w\" sizes=\"auto, (max-width: 1377px) 100vw, 1377px\" \/><\/a><\/p>\n<p>Los espectadores en el lugar, desde ni\u00f1os peque\u00f1os hasta abuelas entusiastas, se re\u00fanen cada a\u00f1o con un sentido de anticipaci\u00f3n, mirando y se\u00f1alando a sus h\u00e9roes en la colorida multitud llena de lycra detr\u00e1s de la l\u00ednea de salida de la etapa, casi como si estuvieran animando a un primo en una carrera local. Ya sea que sus simpat\u00edas pertenezcan a Peter Sagan, Vincenzo Nibali, Geraint Thomas, Jakob Fuglsang o Nairo Quintana, nadie va a disputar sus elecciones de preferencia y si, s\u00f3lo bromeando. Porque todo el mundo apoya la emoci\u00f3n de la carrera de la misma manera que apoya a &#8220;sus&#8221; ciclistas. El escaparate de pura determinaci\u00f3n, excelencia y rendimiento es fascinante de contemplar y eso es lo que une a todos los aficionados, creando una familia exc\u00e9ntrica de cerca de 12 millones de miembros &#8211; y eso es s\u00f3lo el n\u00famero promedio que recorre la ruta de esa carrera. Seg\u00fan los organizadores, 3.500 millones de espectadores de 190 pa\u00edses sintonizan anualmente La Grande Boucle (en franc\u00e9s, &#8220;The Big Loop&#8221;).<\/p>\n<p>No tienes que ser un entusiasta del ciclismo de carretera &#8211; si te gusta el espect\u00e1culo y el alboroto que rodea a la mayor carrera ciclista del mundo, entonces planear ver el Tour de Francia es una emocionante aventura familiar de vacaciones. Es posible que a lo largo de los escenarios aparezca un peque\u00f1o &#8220;asentamiento&#8221;. Las parrillas se est\u00e1n encendiendo y los campamentos se est\u00e1n instalando y no es de extra\u00f1ar; un evento de clase mundial y una forma \u00fanica de disfrutar de la impresionante naturaleza francesa? \u00a1Cuenta con nosotros!<\/p>\n<p>Traducci\u00f3n realizada con el traductor www.DeepL.com\/Translator<\/p>\n<div id='gallery-1' class='gallery galleryid-5051 gallery-columns-2 gallery-size-large'><figure class='gallery-item'>\n\t\t\t<div class='gallery-icon landscape'>\n\t\t\t\t<a href='https:\/\/d2p6e6u75xmxt8.cloudfront.net\/6\/2019\/07\/pubcar3-1.jpg'><img loading=\"lazy\" decoding=\"async\" width=\"1024\" height=\"683\" src=\"https:\/\/d2p6e6u75xmxt8.cloudfront.net\/6\/2019\/07\/pubcar3-1-1024x683.jpg\" class=\"attachment-large size-large\" alt=\"\" srcset=\"https:\/\/d2p6e6u75xmxt8.cloudfront.net\/6\/2019\/07\/pubcar3-1-1024x683.jpg 1024w, https:\/\/d2p6e6u75xmxt8.cloudfront.net\/6\/2019\/07\/pubcar3-1-300x200.jpg 300w, https:\/\/d2p6e6u75xmxt8.cloudfront.net\/6\/2019\/07\/pubcar3-1-768x512.jpg 768w, https:\/\/d2p6e6u75xmxt8.cloudfront.net\/6\/2019\/07\/pubcar3-1-272x182.jpg 272w, https:\/\/d2p6e6u75xmxt8.cloudfront.net\/6\/2019\/07\/pubcar3-1.jpg 1377w\" sizes=\"auto, (max-width: 1024px) 100vw, 1024px\" \/><\/a>\n\t\t\t<\/div><\/figure><figure class='gallery-item'>\n\t\t\t<div class='gallery-icon landscape'>\n\t\t\t\t<a href='https:\/\/d2p6e6u75xmxt8.cloudfront.net\/6\/2019\/07\/pubcar1-1.jpg'><img loading=\"lazy\" decoding=\"async\" width=\"1024\" height=\"683\" src=\"https:\/\/d2p6e6u75xmxt8.cloudfront.net\/6\/2019\/07\/pubcar1-1-1024x683.jpg\" class=\"attachment-large size-large\" alt=\"\" srcset=\"https:\/\/d2p6e6u75xmxt8.cloudfront.net\/6\/2019\/07\/pubcar1-1-1024x683.jpg 1024w, https:\/\/d2p6e6u75xmxt8.cloudfront.net\/6\/2019\/07\/pubcar1-1-300x200.jpg 300w, https:\/\/d2p6e6u75xmxt8.cloudfront.net\/6\/2019\/07\/pubcar1-1-768x512.jpg 768w, https:\/\/d2p6e6u75xmxt8.cloudfront.net\/6\/2019\/07\/pubcar1-1-272x182.jpg 272w, https:\/\/d2p6e6u75xmxt8.cloudfront.net\/6\/2019\/07\/pubcar1-1.jpg 1377w\" sizes=\"auto, (max-width: 1024px) 100vw, 1024px\" \/><\/a>\n\t\t\t<\/div><\/figure>\n\t\t<\/div>\n\n<p>El Tour de Francia es un evento mucho m\u00e1s familiar de lo que se puede esperar al verlo por televisi\u00f3n. Ciertamente, los propios franceses utilizan Le Tour como excusa para llevar a comunidades enteras a las calles a celebrar, as\u00ed como a beb\u00e9s y ni\u00f1os peque\u00f1os en cochecitos, ancianos, espectadores en sillas de ruedas y aficionados en toda clase de trajes extra\u00f1os y maravillosos, todos ellos se re\u00fanen para mostrar su apoyo al maillot amarillo y al pelot\u00f3n. Hay muy poco alboroto y una presencia policial muy fuerte, y debido a que la carrera se extiende a lo largo de distancias tan largas, las multitudes son bastante manejables.<\/p>\n<p>\u00bfHa tomado alguna vez un viaje familiar en el Tour de Francia o ha hecho amistades inesperadas mientras ve\u00eda la carrera? \u00bfO est\u00e1 planeando visitarlo por primera vez y no puede contener su emoci\u00f3n? H\u00e1ganoslo saber!<\/p>\n","protected":false},"excerpt":{"rendered":"<p>En We Love Cycling no te vamos a presentar los datos del Tour. Ya los conoces. Para toda la historia [&hellip;]<\/p>\n","protected":false},"author":29,"featured_media":5054,"comment_status":"open","ping_status":"open","sticky":false,"template":"","format":"standard","meta":{"footnotes":""},"categories":[7],"tags":[1099,168],"global-categories":[],"class_list":["post-5051","post","type-post","status-publish","format-standard","has-post-thumbnail","hentry","category-carretera","tag-aficionados","tag-tour"],"yoast_head":"<!-- This site is optimized with the Yoast SEO Premium plugin v25.3 (Yoast SEO v25.9) - https:\/\/yoast.com\/wordpress\/plugins\/seo\/ -->\n<title>Porqu\u00e9 el Tour de Francia es una fiesta familiar - \u0160koda We Love Cycling - Spain<\/title>\n<meta name=\"description\" content=\"Porque el Tour de Francia es una fiesta en familia. Los colores y los aficionados que acuden cada dia a ver el Tour de Francia.\" \/>\n<meta name=\"robots\" content=\"index, follow, max-snippet:-1, max-image-preview:large, max-video-preview:-1\" \/>\n<link rel=\"canonical\" href=\"https:\/\/www.welovecycling.com\/es\/2019\/07\/06\/tour-francia-fiesta-familia\/\" \/>\n<meta property=\"og:locale\" content=\"es_ES\" \/>\n<meta property=\"og:type\" content=\"article\" \/>\n<meta property=\"og:title\" content=\"Porque el Tour de Francia es una fiesta en familia\" \/>\n<meta property=\"og:description\" content=\"Porque el Tour de Francia es una fiesta en familia. Los colores y los aficionados que acuden cada dia a ver el Tour de Francia.\" \/>\n<meta property=\"og:url\" content=\"https:\/\/www.welovecycling.com\/es\/2019\/07\/06\/tour-francia-fiesta-familia\/\" \/>\n<meta property=\"og:site_name\" content=\"\u0160koda We Love Cycling - Spain\" \/>\n<meta property=\"article:published_time\" content=\"2019-07-05T22:23:16+00:00\" \/>\n<meta property=\"og:image\" content=\"https:\/\/d2p6e6u75xmxt8.cloudfront.net\/6\/2019\/07\/thumbnail.jpg\" \/>\n\t<meta property=\"og:image:width\" content=\"1366\" \/>\n\t<meta property=\"og:image:height\" content=\"600\" \/>\n\t<meta property=\"og:image:type\" content=\"image\/jpeg\" \/>\n<meta name=\"author\" content=\"We Love Cycling Spain\" \/>\n<meta name=\"twitter:card\" content=\"summary_large_image\" \/>\n<meta name=\"twitter:title\" content=\"Porque el Tour de Francia es una fiesta en familia\" \/>\n<meta name=\"twitter:description\" content=\"Porque el Tour de Francia es una fiesta en familia. Los colores y los aficionados que acuden cada dia a ver el Tour de Francia.\" \/>\n<meta name=\"twitter:label1\" content=\"Written by\" \/>\n\t<meta name=\"twitter:data1\" content=\"WeLoveCycling\" \/>\n\t<meta name=\"twitter:label2\" content=\"Est. reading time\" \/>\n\t<meta name=\"twitter:data2\" content=\"5\" \/>\n<script type=\"application\/ld+json\" class=\"yoast-schema-graph\">{\"@context\":\"https:\/\/schema.org\",\"@graph\":[{\"@type\":\"WebPage\",\"@id\":\"https:\/\/www.welovecycling.com\/es\/2019\/07\/06\/tour-francia-fiesta-familia\/\",\"url\":\"https:\/\/www.welovecycling.com\/es\/2019\/07\/06\/tour-francia-fiesta-familia\/\",\"name\":\"Porqu\u00e9 el Tour de Francia es una fiesta familiar - \u0160koda We Love Cycling - Spain\",\"isPartOf\":{\"@id\":\"https:\/\/www.welovecycling.com\/es\/#website\"},\"primaryImageOfPage\":{\"@id\":\"https:\/\/www.welovecycling.com\/es\/2019\/07\/06\/tour-francia-fiesta-familia\/#primaryimage\"},\"image\":{\"@id\":\"https:\/\/www.welovecycling.com\/es\/2019\/07\/06\/tour-francia-fiesta-familia\/#primaryimage\"},\"thumbnailUrl\":\"https:\/\/d2p6e6u75xmxt8.cloudfront.net\/6\/2019\/07\/thumbnail.jpg\",\"datePublished\":\"2019-07-05T22:23:16+00:00\",\"author\":{\"@id\":\"https:\/\/www.welovecycling.com\/es\/#\/schema\/person\/deb61715b5812698ee79fb96f343ccd4\"},\"description\":\"Porque el Tour de Francia es una fiesta en familia. Los colores y los aficionados que acuden cada dia a ver el Tour de Francia.\",\"breadcrumb\":{\"@id\":\"https:\/\/www.welovecycling.com\/es\/2019\/07\/06\/tour-francia-fiesta-familia\/#breadcrumb\"},\"inLanguage\":\"es-ES\",\"potentialAction\":[{\"@type\":\"ReadAction\",\"target\":[\"https:\/\/www.welovecycling.com\/es\/2019\/07\/06\/tour-francia-fiesta-familia\/\"]}]},{\"@type\":\"ImageObject\",\"inLanguage\":\"es-ES\",\"@id\":\"https:\/\/www.welovecycling.com\/es\/2019\/07\/06\/tour-francia-fiesta-familia\/#primaryimage\",\"url\":\"https:\/\/d2p6e6u75xmxt8.cloudfront.net\/6\/2019\/07\/thumbnail.jpg\",\"contentUrl\":\"https:\/\/d2p6e6u75xmxt8.cloudfront.net\/6\/2019\/07\/thumbnail.jpg\",\"width\":1366,\"height\":600},{\"@type\":\"BreadcrumbList\",\"@id\":\"https:\/\/www.welovecycling.com\/es\/2019\/07\/06\/tour-francia-fiesta-familia\/#breadcrumb\",\"itemListElement\":[{\"@type\":\"ListItem\",\"position\":1,\"name\":\"Home\",\"item\":\"https:\/\/www.welovecycling.com\/es\/\"},{\"@type\":\"ListItem\",\"position\":2,\"name\":\"Porqu\u00e9 el Tour de Francia es una fiesta familiar\"}]},{\"@type\":\"WebSite\",\"@id\":\"https:\/\/www.welovecycling.com\/es\/#website\",\"url\":\"https:\/\/www.welovecycling.com\/es\/\",\"name\":\"\u0160koda We Love Cycling - Spain\",\"description\":\"\u0160koda WeLoveCycling Spain\",\"potentialAction\":[{\"@type\":\"SearchAction\",\"target\":{\"@type\":\"EntryPoint\",\"urlTemplate\":\"https:\/\/www.welovecycling.com\/es\/?s={search_term_string}\"},\"query-input\":{\"@type\":\"PropertyValueSpecification\",\"valueRequired\":true,\"valueName\":\"search_term_string\"}}],\"inLanguage\":\"es-ES\"},{\"@type\":\"Person\",\"@id\":\"https:\/\/www.welovecycling.com\/es\/#\/schema\/person\/deb61715b5812698ee79fb96f343ccd4\",\"name\":\"We Love Cycling Spain\",\"image\":{\"@type\":\"ImageObject\",\"inLanguage\":\"es-ES\",\"@id\":\"https:\/\/www.welovecycling.com\/es\/#\/schema\/person\/image\/\",\"url\":\"https:\/\/secure.gravatar.com\/avatar\/c824b04e6df0e37a03219d0b6481672889df542894588964102459e46513159c?s=96&d=mm&r=g\",\"contentUrl\":\"https:\/\/secure.gravatar.com\/avatar\/c824b04e6df0e37a03219d0b6481672889df542894588964102459e46513159c?s=96&d=mm&r=g\",\"caption\":\"We Love Cycling Spain\"},\"url\":\"https:\/\/www.welovecycling.com\/es\/author\/amunoz\/\"}]}<\/script>\n<!-- \/ Yoast SEO Premium plugin. -->","yoast_head_json":{"title":"Porqu\u00e9 el Tour de Francia es una fiesta familiar - \u0160koda We Love Cycling - Spain","description":"Porque el Tour de Francia es una fiesta en familia. Los colores y los aficionados que acuden cada dia a ver el Tour de Francia.","robots":{"index":"index","follow":"follow","max-snippet":"max-snippet:-1","max-image-preview":"max-image-preview:large","max-video-preview":"max-video-preview:-1"},"canonical":"https:\/\/www.welovecycling.com\/es\/2019\/07\/06\/tour-francia-fiesta-familia\/","og_locale":"es_ES","og_type":"article","og_title":"Porque el Tour de Francia es una fiesta en familia","og_description":"Porque el Tour de Francia es una fiesta en familia. Los colores y los aficionados que acuden cada dia a ver el Tour de Francia.","og_url":"https:\/\/www.welovecycling.com\/es\/2019\/07\/06\/tour-francia-fiesta-familia\/","og_site_name":"\u0160koda We Love Cycling - Spain","article_published_time":"2019-07-05T22:23:16+00:00","og_image":[{"width":1366,"height":600,"url":"https:\/\/d2p6e6u75xmxt8.cloudfront.net\/6\/2019\/07\/thumbnail.jpg","type":"image\/jpeg"}],"author":"We Love Cycling Spain","twitter_card":"summary_large_image","twitter_title":"Porque el Tour de Francia es una fiesta en familia","twitter_description":"Porque el Tour de Francia es una fiesta en familia. Los colores y los aficionados que acuden cada dia a ver el Tour de Francia.","twitter_misc":{"Written by":"WeLoveCycling","Est. reading time":"5"},"schema":{"@context":"https:\/\/schema.org","@graph":[{"@type":"WebPage","@id":"https:\/\/www.welovecycling.com\/es\/2019\/07\/06\/tour-francia-fiesta-familia\/","url":"https:\/\/www.welovecycling.com\/es\/2019\/07\/06\/tour-francia-fiesta-familia\/","name":"Porqu\u00e9 el Tour de Francia es una fiesta familiar - \u0160koda We Love Cycling - Spain","isPartOf":{"@id":"https:\/\/www.welovecycling.com\/es\/#website"},"primaryImageOfPage":{"@id":"https:\/\/www.welovecycling.com\/es\/2019\/07\/06\/tour-francia-fiesta-familia\/#primaryimage"},"image":{"@id":"https:\/\/www.welovecycling.com\/es\/2019\/07\/06\/tour-francia-fiesta-familia\/#primaryimage"},"thumbnailUrl":"https:\/\/d2p6e6u75xmxt8.cloudfront.net\/6\/2019\/07\/thumbnail.jpg","datePublished":"2019-07-05T22:23:16+00:00","author":{"@id":"https:\/\/www.welovecycling.com\/es\/#\/schema\/person\/deb61715b5812698ee79fb96f343ccd4"},"description":"Porque el Tour de Francia es una fiesta en familia. Los colores y los aficionados que acuden cada dia a ver el Tour de Francia.","breadcrumb":{"@id":"https:\/\/www.welovecycling.com\/es\/2019\/07\/06\/tour-francia-fiesta-familia\/#breadcrumb"},"inLanguage":"es-ES","potentialAction":[{"@type":"ReadAction","target":["https:\/\/www.welovecycling.com\/es\/2019\/07\/06\/tour-francia-fiesta-familia\/"]}]},{"@type":"ImageObject","inLanguage":"es-ES","@id":"https:\/\/www.welovecycling.com\/es\/2019\/07\/06\/tour-francia-fiesta-familia\/#primaryimage","url":"https:\/\/d2p6e6u75xmxt8.cloudfront.net\/6\/2019\/07\/thumbnail.jpg","contentUrl":"https:\/\/d2p6e6u75xmxt8.cloudfront.net\/6\/2019\/07\/thumbnail.jpg","width":1366,"height":600},{"@type":"BreadcrumbList","@id":"https:\/\/www.welovecycling.com\/es\/2019\/07\/06\/tour-francia-fiesta-familia\/#breadcrumb","itemListElement":[{"@type":"ListItem","position":1,"name":"Home","item":"https:\/\/www.welovecycling.com\/es\/"},{"@type":"ListItem","position":2,"name":"Porqu\u00e9 el Tour de Francia es una fiesta familiar"}]},{"@type":"WebSite","@id":"https:\/\/www.welovecycling.com\/es\/#website","url":"https:\/\/www.welovecycling.com\/es\/","name":"\u0160koda We Love Cycling - Spain","description":"\u0160koda WeLoveCycling Spain","potentialAction":[{"@type":"SearchAction","target":{"@type":"EntryPoint","urlTemplate":"https:\/\/www.welovecycling.com\/es\/?s={search_term_string}"},"query-input":{"@type":"PropertyValueSpecification","valueRequired":true,"valueName":"search_term_string"}}],"inLanguage":"es-ES"},{"@type":"Person","@id":"https:\/\/www.welovecycling.com\/es\/#\/schema\/person\/deb61715b5812698ee79fb96f343ccd4","name":"We Love Cycling Spain","image":{"@type":"ImageObject","inLanguage":"es-ES","@id":"https:\/\/www.welovecycling.com\/es\/#\/schema\/person\/image\/","url":"https:\/\/secure.gravatar.com\/avatar\/c824b04e6df0e37a03219d0b6481672889df542894588964102459e46513159c?s=96&d=mm&r=g","contentUrl":"https:\/\/secure.gravatar.com\/avatar\/c824b04e6df0e37a03219d0b6481672889df542894588964102459e46513159c?s=96&d=mm&r=g","caption":"We Love Cycling Spain"},"url":"https:\/\/www.welovecycling.com\/es\/author\/amunoz\/"}]}},"_links":{"self":[{"href":"https:\/\/www.welovecycling.com\/es\/wp-json\/wp\/v2\/posts\/5051","targetHints":{"allow":["GET"]}}],"collection":[{"href":"https:\/\/www.welovecycling.com\/es\/wp-json\/wp\/v2\/posts"}],"about":[{"href":"https:\/\/www.welovecycling.com\/es\/wp-json\/wp\/v2\/types\/post"}],"author":[{"embeddable":true,"href":"https:\/\/www.welovecycling.com\/es\/wp-json\/wp\/v2\/users\/29"}],"replies":[{"embeddable":true,"href":"https:\/\/www.welovecycling.com\/es\/wp-json\/wp\/v2\/comments?post=5051"}],"version-history":[{"count":2,"href":"https:\/\/www.welovecycling.com\/es\/wp-json\/wp\/v2\/posts\/5051\/revisions"}],"predecessor-version":[{"id":5055,"href":"https:\/\/www.welovecycling.com\/es\/wp-json\/wp\/v2\/posts\/5051\/revisions\/5055"}],"wp:featuredmedia":[{"embeddable":true,"href":"https:\/\/www.welovecycling.com\/es\/wp-json\/wp\/v2\/media\/5054"}],"wp:attachment":[{"href":"https:\/\/www.welovecycling.com\/es\/wp-json\/wp\/v2\/media?parent=5051"}],"wp:term":[{"taxonomy":"category","embeddable":true,"href":"https:\/\/www.welovecycling.com\/es\/wp-json\/wp\/v2\/categories?post=5051"},{"taxonomy":"post_tag","embeddable":true,"href":"https:\/\/www.welovecycling.com\/es\/wp-json\/wp\/v2\/tags?post=5051"},{"taxonomy":"global-categories","embeddable":true,"href":"https:\/\/www.welovecycling.com\/es\/wp-json\/wp\/v2\/global-categories?post=5051"}],"curies":[{"name":"wp","href":"https:\/\/api.w.org\/{rel}","templated":true}]}}