{"id":501,"date":"2017-05-10T14:39:42","date_gmt":"2017-05-10T14:39:42","guid":{"rendered":"https:\/\/www.welovecycling.com\/es\/?p=501"},"modified":"2017-05-25T15:50:00","modified_gmt":"2017-05-25T13:50:00","slug":"tom-boonen-despide-carrera-profesional-la-paris-roubaix","status":"publish","type":"post","link":"https:\/\/www.welovecycling.com\/es\/2017\/05\/10\/tom-boonen-despide-carrera-profesional-la-paris-roubaix\/","title":{"rendered":"Tom Boonen despide su carrera profesional en la Par\u00eds-Roubaix"},"content":{"rendered":"<p><strong>Podr\u00eda decirse que Tom Boonen tiene cierto aprecio por el simbolismo y por los c\u00edrculos que se cierran. Exactamente 15 a\u00f1os despu\u00e9s de hacer su debut con un tercer puesto en la Par\u00eds-Roubaix, decidi\u00f3 cerrar su carrera en el mismo vel\u00f3dromo legendario. A pesar de que esperaba conseguir una quinta y \u00faltima victoria para a\u00f1adirla a su palmar\u00e9s y despedirse a lo grande, la jugada no le sali\u00f3 del todo bien, ni siquiera con el apoyo inquebrantable de todo su equipo, el Quick-Step Floors. Al final, fue su compa\u00f1ero de equipo Zdenek Stybar quien se subi\u00f3 al podio de los ganadores, superado tan solo por el vencedor Van Avermaet. Pero a Boonen esto pareci\u00f3 no importarle mucho, lo cual confirm\u00f3 los rumores sobre su naturaleza extremadamente relajada. <\/strong><\/p>\n<p>\u201cFui yo quien le dijo a Styby que se adelantara\u201d, afirm\u00f3 Boonen. \u201cNo me sent\u00ed genial todo el d\u00eda. En los tramos en los que era posible adelantar posiciones, nos encontramos con el viento en contra. Y as\u00ed es como sucedi\u00f3. \u00c9l tuvo un poco m\u00e1s de libertad que yo. Luego, jugamos su carta, y las circunstancias de la carrera pusieron a Styby al frente\u201d.<\/p>\n<p>https:\/\/www.instagram.com\/p\/BStx3SlgcXK\/<\/p>\n<p>Boonen termin\u00f3 finalmente en el puesto 13\u00ba, al entrar a meta en el vel\u00f3dromo entre el gran grupo perseguidor. Aunque admite que tal vez no ha sido el grandioso final feliz que tanto \u00e9l como sus seguidores deseaban, tan pronto como cruz\u00f3 la l\u00ednea de meta fue recibido por una multitud de fans y de espectadores que coreaban \u201cTommeke\u201d, el apodo con el que se le ha conocido todos estos a\u00f1os, convirtiendo un resultado ligeramente decepcionante en una celebraci\u00f3n.<\/p>\n<p>Habr\u00eda resultado impropio de Boonen no haber respondido de manera sensata a todos los elogios que recibi\u00f3 cuando anunci\u00f3 p\u00fablicamente que iba a aparcar su carrera profesional: \u201cYa lo estaba sintiendo desde el a\u00f1o pasado. Todav\u00eda era capaz de completar buenas carreras. Si me motivo, todav\u00eda soy capaz de hacer un buen Campeonato del Mundo, por ejemplo. Pero ya era hora. Estoy feliz de que por fin haya llegado este d\u00eda\u201d.<\/p>\n<p>Aparentemente, muchos de sus ya antiguos compa\u00f1eros de equipo y rivales solo tienen palabras de elogio y respeto para Boonen. Lo que m\u00e1s se suele o\u00edr son comentarios sobre su tenacidad, su car\u00e1cter abierto, su simpat\u00eda y su trato equitativo a todos los competidores con los que ha corrido, independientemente de su trayectoria, equipo o clasificaci\u00f3n. Peter Sagan lleg\u00f3 a declarar una vez que Boonen era su corredor favorito cuando ten\u00eda 16 a\u00f1os y que, gracias a \u00e9l, se interes\u00f3 por el ciclismo.<\/p>\n<p>\u201cHe llegado a una edad en la que, aquellos que comenzaron en el ciclismo por m\u00ed, ahora son mis rivales. Si nos fijamos, por ejemplo, en (Michal) Kwiatkowski y (Peter) Sagan, son solo la punta del iceberg. Muchos chicos y chicas empezaron a rodar en sus bicicletas porque me vieron hace 10 a\u00f1os ganando campeonatos del mundo o cosas as\u00ed. Ha sido un verdadero honor que se acerquen a darme las gracias por haber sido una influencia en sus vidas. <em>Nos montamos en la bicicleta por ti y aqu\u00ed estamos ahora<\/em>. En realidad, es lo \u00fanico que cuenta: conseguir motivar a la gente para que haga algo con su vida\u201d.<\/p>\n<figure id=\"attachment_502\" aria-describedby=\"caption-attachment-502\" style=\"width: 1800px\" class=\"wp-caption alignnone\"><a href=\"https:\/\/d2p6e6u75xmxt8.cloudfront.net\/6\/2017\/05\/profimedia-0328463741.jpg\"><img loading=\"lazy\" decoding=\"async\" class=\"size-full wp-image-502\" src=\"https:\/\/d2p6e6u75xmxt8.cloudfront.net\/6\/2017\/05\/profimedia-0328463741.jpg\" alt=\"\" width=\"1800\" height=\"1200\" srcset=\"https:\/\/d2p6e6u75xmxt8.cloudfront.net\/6\/2017\/05\/profimedia-0328463741.jpg 1800w, https:\/\/d2p6e6u75xmxt8.cloudfront.net\/6\/2017\/05\/profimedia-0328463741-300x200.jpg 300w, https:\/\/d2p6e6u75xmxt8.cloudfront.net\/6\/2017\/05\/profimedia-0328463741-768x512.jpg 768w, https:\/\/d2p6e6u75xmxt8.cloudfront.net\/6\/2017\/05\/profimedia-0328463741-1024x683.jpg 1024w, https:\/\/d2p6e6u75xmxt8.cloudfront.net\/6\/2017\/05\/profimedia-0328463741-272x182.jpg 272w\" sizes=\"auto, (max-width: 1800px) 100vw, 1800px\" \/><\/a><figcaption id=\"caption-attachment-502\" class=\"wp-caption-text\">El belga Tom Boonen sobre los adoquines de la 115\u00aa edici\u00f3n de la Par\u00eds-Roubaix.<\/figcaption><\/figure>\n<p>&nbsp;<\/p>\n<p>Acompa\u00f1ado por una multitud de fans y periodistas de camino al bus del equipo Quick-Step Floors, y con la intenci\u00f3n de conseguir una declaraci\u00f3n final, a Boonen le preguntaron qu\u00e9 har\u00eda a partir de ahora. Con su habitual desenfado, respondi\u00f3 riendo: \u201c\u00bfAhora? Voy a buscar mi coche\u201d.<\/p>\n<p>Claramente, con tres trofeos como ganador del Tour de Flandes y cuatro de la Par\u00eds-Roubaix sobre la repisa de la chimenea de su casa, se puede permitir no preocuparse, seguir adelante y disfrutar durante a\u00f1os de la bicicleta, algo que se ha ganado con gran esfuerzo. \u00a1Le deseamos todo lo mejor!<\/p>\n<p>https:\/\/www.instagram.com\/p\/BSyB2Cbgnqh\/<\/p>\n<p>&nbsp;<\/p>\n<p>&nbsp;<\/p>\n","protected":false},"excerpt":{"rendered":"<p>Podr\u00eda decirse que Tom Boonen tiene cierto aprecio por el simbolismo y por los c\u00edrculos que se cierran. Exactamente 15 [&hellip;]<\/p>\n","protected":false},"author":29,"featured_media":509,"comment_status":"open","ping_status":"open","sticky":false,"template":"","format":"standard","meta":{"footnotes":""},"categories":[7],"tags":[41,40,39],"global-categories":[],"class_list":["post-501","post","type-post","status-publish","format-standard","has-post-thumbnail","hentry","category-carretera","tag-ciclismo-carrera-ciclismo","tag-paris-roubaix","tag-tom-boonen"],"yoast_head":"<!-- This site is optimized with the Yoast SEO Premium plugin v25.3 (Yoast SEO v25.9) - https:\/\/yoast.com\/wordpress\/plugins\/seo\/ -->\n<title>Tom Boonen despide su carrera profesional en la Par\u00eds-Roubaix - \u0160koda We Love Cycling - Spain<\/title>\n<meta name=\"robots\" content=\"index, follow, max-snippet:-1, max-image-preview:large, max-video-preview:-1\" \/>\n<link rel=\"canonical\" href=\"https:\/\/www.welovecycling.com\/es\/2017\/05\/10\/tom-boonen-despide-carrera-profesional-la-paris-roubaix\/\" \/>\n<meta property=\"og:locale\" content=\"es_ES\" \/>\n<meta property=\"og:type\" content=\"article\" \/>\n<meta property=\"og:title\" content=\"Tom Boonen despide su carrera profesional en la Par\u00eds-Roubaix\" \/>\n<meta property=\"og:description\" content=\"Podr\u00eda decirse que Tom Boonen tiene cierto aprecio por el simbolismo y por los c\u00edrculos que se cierran. Exactamente 15 [&hellip;]\" \/>\n<meta property=\"og:url\" content=\"https:\/\/www.welovecycling.com\/es\/2017\/05\/10\/tom-boonen-despide-carrera-profesional-la-paris-roubaix\/\" \/>\n<meta property=\"og:site_name\" content=\"\u0160koda We Love Cycling - Spain\" \/>\n<meta property=\"article:published_time\" content=\"2017-05-10T14:39:42+00:00\" \/>\n<meta property=\"article:modified_time\" content=\"2017-05-25T13:50:00+00:00\" \/>\n<meta property=\"og:image\" content=\"https:\/\/d2p6e6u75xmxt8.cloudfront.net\/6\/2017\/05\/47848_485487-768x335.jpg\" \/>\n\t<meta property=\"og:image:width\" content=\"768\" \/>\n\t<meta property=\"og:image:height\" content=\"335\" \/>\n\t<meta property=\"og:image:type\" content=\"image\/jpeg\" \/>\n<meta name=\"author\" content=\"We Love Cycling Spain\" \/>\n<meta name=\"twitter:card\" content=\"summary_large_image\" \/>\n<meta name=\"twitter:label1\" content=\"Written by\" \/>\n\t<meta name=\"twitter:data1\" content=\"We Love Cycling Spain\" \/>\n\t<meta name=\"twitter:label2\" content=\"Est. reading time\" \/>\n\t<meta name=\"twitter:data2\" content=\"4 minutes\" \/>\n<script type=\"application\/ld+json\" class=\"yoast-schema-graph\">{\"@context\":\"https:\/\/schema.org\",\"@graph\":[{\"@type\":\"WebPage\",\"@id\":\"https:\/\/www.welovecycling.com\/es\/2017\/05\/10\/tom-boonen-despide-carrera-profesional-la-paris-roubaix\/\",\"url\":\"https:\/\/www.welovecycling.com\/es\/2017\/05\/10\/tom-boonen-despide-carrera-profesional-la-paris-roubaix\/\",\"name\":\"Tom Boonen despide su carrera profesional en la Par\u00eds-Roubaix - \u0160koda We Love Cycling - Spain\",\"isPartOf\":{\"@id\":\"https:\/\/www.welovecycling.com\/es\/#website\"},\"primaryImageOfPage\":{\"@id\":\"https:\/\/www.welovecycling.com\/es\/2017\/05\/10\/tom-boonen-despide-carrera-profesional-la-paris-roubaix\/#primaryimage\"},\"image\":{\"@id\":\"https:\/\/www.welovecycling.com\/es\/2017\/05\/10\/tom-boonen-despide-carrera-profesional-la-paris-roubaix\/#primaryimage\"},\"thumbnailUrl\":\"https:\/\/d2p6e6u75xmxt8.cloudfront.net\/6\/2017\/05\/47848_485487-768x335.jpg\",\"datePublished\":\"2017-05-10T14:39:42+00:00\",\"dateModified\":\"2017-05-25T13:50:00+00:00\",\"author\":{\"@id\":\"https:\/\/www.welovecycling.com\/es\/#\/schema\/person\/deb61715b5812698ee79fb96f343ccd4\"},\"breadcrumb\":{\"@id\":\"https:\/\/www.welovecycling.com\/es\/2017\/05\/10\/tom-boonen-despide-carrera-profesional-la-paris-roubaix\/#breadcrumb\"},\"inLanguage\":\"es-ES\",\"potentialAction\":[{\"@type\":\"ReadAction\",\"target\":[\"https:\/\/www.welovecycling.com\/es\/2017\/05\/10\/tom-boonen-despide-carrera-profesional-la-paris-roubaix\/\"]}]},{\"@type\":\"ImageObject\",\"inLanguage\":\"es-ES\",\"@id\":\"https:\/\/www.welovecycling.com\/es\/2017\/05\/10\/tom-boonen-despide-carrera-profesional-la-paris-roubaix\/#primaryimage\",\"url\":\"https:\/\/d2p6e6u75xmxt8.cloudfront.net\/6\/2017\/05\/47848_485487-768x335.jpg\",\"contentUrl\":\"https:\/\/d2p6e6u75xmxt8.cloudfront.net\/6\/2017\/05\/47848_485487-768x335.jpg\",\"width\":768,\"height\":335},{\"@type\":\"BreadcrumbList\",\"@id\":\"https:\/\/www.welovecycling.com\/es\/2017\/05\/10\/tom-boonen-despide-carrera-profesional-la-paris-roubaix\/#breadcrumb\",\"itemListElement\":[{\"@type\":\"ListItem\",\"position\":1,\"name\":\"Home\",\"item\":\"https:\/\/www.welovecycling.com\/es\/\"},{\"@type\":\"ListItem\",\"position\":2,\"name\":\"Tom Boonen despide su carrera profesional en la Par\u00eds-Roubaix\"}]},{\"@type\":\"WebSite\",\"@id\":\"https:\/\/www.welovecycling.com\/es\/#website\",\"url\":\"https:\/\/www.welovecycling.com\/es\/\",\"name\":\"\u0160koda We Love Cycling - Spain\",\"description\":\"\u0160koda WeLoveCycling Spain\",\"potentialAction\":[{\"@type\":\"SearchAction\",\"target\":{\"@type\":\"EntryPoint\",\"urlTemplate\":\"https:\/\/www.welovecycling.com\/es\/?s={search_term_string}\"},\"query-input\":{\"@type\":\"PropertyValueSpecification\",\"valueRequired\":true,\"valueName\":\"search_term_string\"}}],\"inLanguage\":\"es-ES\"},{\"@type\":\"Person\",\"@id\":\"https:\/\/www.welovecycling.com\/es\/#\/schema\/person\/deb61715b5812698ee79fb96f343ccd4\",\"name\":\"We Love Cycling Spain\",\"image\":{\"@type\":\"ImageObject\",\"inLanguage\":\"es-ES\",\"@id\":\"https:\/\/www.welovecycling.com\/es\/#\/schema\/person\/image\/\",\"url\":\"https:\/\/secure.gravatar.com\/avatar\/c824b04e6df0e37a03219d0b6481672889df542894588964102459e46513159c?s=96&d=mm&r=g\",\"contentUrl\":\"https:\/\/secure.gravatar.com\/avatar\/c824b04e6df0e37a03219d0b6481672889df542894588964102459e46513159c?s=96&d=mm&r=g\",\"caption\":\"We Love Cycling Spain\"},\"url\":\"https:\/\/www.welovecycling.com\/es\/author\/amunoz\/\"}]}<\/script>\n<!-- \/ Yoast SEO Premium plugin. -->","yoast_head_json":{"title":"Tom Boonen despide su carrera profesional en la Par\u00eds-Roubaix - \u0160koda We Love Cycling - Spain","robots":{"index":"index","follow":"follow","max-snippet":"max-snippet:-1","max-image-preview":"max-image-preview:large","max-video-preview":"max-video-preview:-1"},"canonical":"https:\/\/www.welovecycling.com\/es\/2017\/05\/10\/tom-boonen-despide-carrera-profesional-la-paris-roubaix\/","og_locale":"es_ES","og_type":"article","og_title":"Tom Boonen despide su carrera profesional en la Par\u00eds-Roubaix","og_description":"Podr\u00eda decirse que Tom Boonen tiene cierto aprecio por el simbolismo y por los c\u00edrculos que se cierran. Exactamente 15 [&hellip;]","og_url":"https:\/\/www.welovecycling.com\/es\/2017\/05\/10\/tom-boonen-despide-carrera-profesional-la-paris-roubaix\/","og_site_name":"\u0160koda We Love Cycling - Spain","article_published_time":"2017-05-10T14:39:42+00:00","article_modified_time":"2017-05-25T13:50:00+00:00","og_image":[{"width":768,"height":335,"url":"https:\/\/d2p6e6u75xmxt8.cloudfront.net\/6\/2017\/05\/47848_485487-768x335.jpg","type":"image\/jpeg"}],"author":"We Love Cycling Spain","twitter_card":"summary_large_image","twitter_misc":{"Written by":"We Love Cycling Spain","Est. reading time":"4 minutes"},"schema":{"@context":"https:\/\/schema.org","@graph":[{"@type":"WebPage","@id":"https:\/\/www.welovecycling.com\/es\/2017\/05\/10\/tom-boonen-despide-carrera-profesional-la-paris-roubaix\/","url":"https:\/\/www.welovecycling.com\/es\/2017\/05\/10\/tom-boonen-despide-carrera-profesional-la-paris-roubaix\/","name":"Tom Boonen despide su carrera profesional en la Par\u00eds-Roubaix - \u0160koda We Love Cycling - Spain","isPartOf":{"@id":"https:\/\/www.welovecycling.com\/es\/#website"},"primaryImageOfPage":{"@id":"https:\/\/www.welovecycling.com\/es\/2017\/05\/10\/tom-boonen-despide-carrera-profesional-la-paris-roubaix\/#primaryimage"},"image":{"@id":"https:\/\/www.welovecycling.com\/es\/2017\/05\/10\/tom-boonen-despide-carrera-profesional-la-paris-roubaix\/#primaryimage"},"thumbnailUrl":"https:\/\/d2p6e6u75xmxt8.cloudfront.net\/6\/2017\/05\/47848_485487-768x335.jpg","datePublished":"2017-05-10T14:39:42+00:00","dateModified":"2017-05-25T13:50:00+00:00","author":{"@id":"https:\/\/www.welovecycling.com\/es\/#\/schema\/person\/deb61715b5812698ee79fb96f343ccd4"},"breadcrumb":{"@id":"https:\/\/www.welovecycling.com\/es\/2017\/05\/10\/tom-boonen-despide-carrera-profesional-la-paris-roubaix\/#breadcrumb"},"inLanguage":"es-ES","potentialAction":[{"@type":"ReadAction","target":["https:\/\/www.welovecycling.com\/es\/2017\/05\/10\/tom-boonen-despide-carrera-profesional-la-paris-roubaix\/"]}]},{"@type":"ImageObject","inLanguage":"es-ES","@id":"https:\/\/www.welovecycling.com\/es\/2017\/05\/10\/tom-boonen-despide-carrera-profesional-la-paris-roubaix\/#primaryimage","url":"https:\/\/d2p6e6u75xmxt8.cloudfront.net\/6\/2017\/05\/47848_485487-768x335.jpg","contentUrl":"https:\/\/d2p6e6u75xmxt8.cloudfront.net\/6\/2017\/05\/47848_485487-768x335.jpg","width":768,"height":335},{"@type":"BreadcrumbList","@id":"https:\/\/www.welovecycling.com\/es\/2017\/05\/10\/tom-boonen-despide-carrera-profesional-la-paris-roubaix\/#breadcrumb","itemListElement":[{"@type":"ListItem","position":1,"name":"Home","item":"https:\/\/www.welovecycling.com\/es\/"},{"@type":"ListItem","position":2,"name":"Tom Boonen despide su carrera profesional en la Par\u00eds-Roubaix"}]},{"@type":"WebSite","@id":"https:\/\/www.welovecycling.com\/es\/#website","url":"https:\/\/www.welovecycling.com\/es\/","name":"\u0160koda We Love Cycling - Spain","description":"\u0160koda WeLoveCycling Spain","potentialAction":[{"@type":"SearchAction","target":{"@type":"EntryPoint","urlTemplate":"https:\/\/www.welovecycling.com\/es\/?s={search_term_string}"},"query-input":{"@type":"PropertyValueSpecification","valueRequired":true,"valueName":"search_term_string"}}],"inLanguage":"es-ES"},{"@type":"Person","@id":"https:\/\/www.welovecycling.com\/es\/#\/schema\/person\/deb61715b5812698ee79fb96f343ccd4","name":"We Love Cycling Spain","image":{"@type":"ImageObject","inLanguage":"es-ES","@id":"https:\/\/www.welovecycling.com\/es\/#\/schema\/person\/image\/","url":"https:\/\/secure.gravatar.com\/avatar\/c824b04e6df0e37a03219d0b6481672889df542894588964102459e46513159c?s=96&d=mm&r=g","contentUrl":"https:\/\/secure.gravatar.com\/avatar\/c824b04e6df0e37a03219d0b6481672889df542894588964102459e46513159c?s=96&d=mm&r=g","caption":"We Love Cycling Spain"},"url":"https:\/\/www.welovecycling.com\/es\/author\/amunoz\/"}]}},"_links":{"self":[{"href":"https:\/\/www.welovecycling.com\/es\/wp-json\/wp\/v2\/posts\/501","targetHints":{"allow":["GET"]}}],"collection":[{"href":"https:\/\/www.welovecycling.com\/es\/wp-json\/wp\/v2\/posts"}],"about":[{"href":"https:\/\/www.welovecycling.com\/es\/wp-json\/wp\/v2\/types\/post"}],"author":[{"embeddable":true,"href":"https:\/\/www.welovecycling.com\/es\/wp-json\/wp\/v2\/users\/29"}],"replies":[{"embeddable":true,"href":"https:\/\/www.welovecycling.com\/es\/wp-json\/wp\/v2\/comments?post=501"}],"version-history":[{"count":2,"href":"https:\/\/www.welovecycling.com\/es\/wp-json\/wp\/v2\/posts\/501\/revisions"}],"predecessor-version":[{"id":706,"href":"https:\/\/www.welovecycling.com\/es\/wp-json\/wp\/v2\/posts\/501\/revisions\/706"}],"wp:featuredmedia":[{"embeddable":true,"href":"https:\/\/www.welovecycling.com\/es\/wp-json\/wp\/v2\/media\/509"}],"wp:attachment":[{"href":"https:\/\/www.welovecycling.com\/es\/wp-json\/wp\/v2\/media?parent=501"}],"wp:term":[{"taxonomy":"category","embeddable":true,"href":"https:\/\/www.welovecycling.com\/es\/wp-json\/wp\/v2\/categories?post=501"},{"taxonomy":"post_tag","embeddable":true,"href":"https:\/\/www.welovecycling.com\/es\/wp-json\/wp\/v2\/tags?post=501"},{"taxonomy":"global-categories","embeddable":true,"href":"https:\/\/www.welovecycling.com\/es\/wp-json\/wp\/v2\/global-categories?post=501"}],"curies":[{"name":"wp","href":"https:\/\/api.w.org\/{rel}","templated":true}]}}