{"id":5003,"date":"2019-06-28T11:49:27","date_gmt":"2019-06-28T09:49:27","guid":{"rendered":"https:\/\/www.welovecycling.com\/es\/?p=5003"},"modified":"2019-06-28T11:49:27","modified_gmt":"2019-06-28T09:49:27","slug":"fotos-tour-de-francia","status":"publish","type":"post","link":"https:\/\/www.welovecycling.com\/es\/2019\/06\/28\/fotos-tour-de-francia\/","title":{"rendered":"Fotos: Los recuerdos vintage del Tour de Francia"},"content":{"rendered":"<p><strong>Con el comienzo del Tour de Francia es hora de echar un vistazo a esta &#8220;nueva&#8221; galer\u00eda de viejos h\u00e9roes del ciclismo vintage. Desde la escalada al Col du Galibier con Gino Bartali hasta la cara de \u00e9xtasis de Ferdi Kubler, estas fotos est\u00e1n aqu\u00ed para recordarnos a todos de qu\u00e9 se trata la competici\u00f3n.<\/strong><br \/>\n<!--more--><\/p>\n<figure id=\"attachment_5004\" aria-describedby=\"caption-attachment-5004\" style=\"width: 1250px\" class=\"wp-caption alignnone\"><a href=\"https:\/\/d2p6e6u75xmxt8.cloudfront.net\/6\/2019\/06\/profimedia-0067944227.jpg\"><img loading=\"lazy\" decoding=\"async\" class=\"size-full wp-image-5004\" src=\"https:\/\/d2p6e6u75xmxt8.cloudfront.net\/6\/2019\/06\/profimedia-0067944227.jpg\" alt=\"\" width=\"1250\" height=\"854\" srcset=\"https:\/\/d2p6e6u75xmxt8.cloudfront.net\/6\/2019\/06\/profimedia-0067944227.jpg 1250w, https:\/\/d2p6e6u75xmxt8.cloudfront.net\/6\/2019\/06\/profimedia-0067944227-300x205.jpg 300w, https:\/\/d2p6e6u75xmxt8.cloudfront.net\/6\/2019\/06\/profimedia-0067944227-768x525.jpg 768w, https:\/\/d2p6e6u75xmxt8.cloudfront.net\/6\/2019\/06\/profimedia-0067944227-1024x700.jpg 1024w\" sizes=\"auto, (max-width: 1250px) 100vw, 1250px\" \/><\/a><figcaption id=\"caption-attachment-5004\" class=\"wp-caption-text\"><span style=\"color: #000000;\">Tour de 1910.\u00a0\u00a9\u00a0<\/span>Profimedia, Roger Viollet<\/figcaption><\/figure>\n<p>&nbsp;<\/p>\n<figure id=\"attachment_5005\" aria-describedby=\"caption-attachment-5005\" style=\"width: 1250px\" class=\"wp-caption alignnone\"><a href=\"https:\/\/d2p6e6u75xmxt8.cloudfront.net\/6\/2019\/06\/profimedia-0067986218.jpg\"><img loading=\"lazy\" decoding=\"async\" class=\"size-full wp-image-5005\" src=\"https:\/\/d2p6e6u75xmxt8.cloudfront.net\/6\/2019\/06\/profimedia-0067986218.jpg\" alt=\"\" width=\"1250\" height=\"839\" srcset=\"https:\/\/d2p6e6u75xmxt8.cloudfront.net\/6\/2019\/06\/profimedia-0067986218.jpg 1250w, https:\/\/d2p6e6u75xmxt8.cloudfront.net\/6\/2019\/06\/profimedia-0067986218-300x201.jpg 300w, https:\/\/d2p6e6u75xmxt8.cloudfront.net\/6\/2019\/06\/profimedia-0067986218-768x515.jpg 768w, https:\/\/d2p6e6u75xmxt8.cloudfront.net\/6\/2019\/06\/profimedia-0067986218-1024x687.jpg 1024w, https:\/\/d2p6e6u75xmxt8.cloudfront.net\/6\/2019\/06\/profimedia-0067986218-272x182.jpg 272w\" sizes=\"auto, (max-width: 1250px) 100vw, 1250px\" \/><\/a><figcaption id=\"caption-attachment-5005\" class=\"wp-caption-text\"><span style=\"color: #000000;\">Ren\u00e9 Vietto ayudado por un fan Col du Galibier en 1934.\u00a0\u00a9<\/span> Profimedia, AFP<\/figcaption><\/figure>\n<p>&nbsp;<\/p>\n<figure id=\"attachment_5006\" aria-describedby=\"caption-attachment-5006\" style=\"width: 1250px\" class=\"wp-caption alignnone\"><a href=\"https:\/\/d2p6e6u75xmxt8.cloudfront.net\/6\/2019\/06\/profimedia-0068046464.jpg\"><img loading=\"lazy\" decoding=\"async\" class=\"size-full wp-image-5006\" src=\"https:\/\/d2p6e6u75xmxt8.cloudfront.net\/6\/2019\/06\/profimedia-0068046464.jpg\" alt=\"\" width=\"1250\" height=\"839\" srcset=\"https:\/\/d2p6e6u75xmxt8.cloudfront.net\/6\/2019\/06\/profimedia-0068046464.jpg 1250w, https:\/\/d2p6e6u75xmxt8.cloudfront.net\/6\/2019\/06\/profimedia-0068046464-300x201.jpg 300w, https:\/\/d2p6e6u75xmxt8.cloudfront.net\/6\/2019\/06\/profimedia-0068046464-768x515.jpg 768w, https:\/\/d2p6e6u75xmxt8.cloudfront.net\/6\/2019\/06\/profimedia-0068046464-1024x687.jpg 1024w, https:\/\/d2p6e6u75xmxt8.cloudfront.net\/6\/2019\/06\/profimedia-0068046464-272x182.jpg 272w\" sizes=\"auto, (max-width: 1250px) 100vw, 1250px\" \/><\/a><figcaption id=\"caption-attachment-5006\" class=\"wp-caption-text\"><span style=\"color: #000000;\">Jean Dotto&#8217;s se retira durante una etapa, 1955.\u00a0\u00a9<\/span> Profimedia, Roger Viollet<\/figcaption><\/figure>\n<p>&nbsp;<\/p>\n<figure id=\"attachment_5007\" aria-describedby=\"caption-attachment-5007\" style=\"width: 1158px\" class=\"wp-caption alignnone\"><a href=\"https:\/\/d2p6e6u75xmxt8.cloudfront.net\/6\/2019\/06\/profimedia-0068100139.jpg\"><img loading=\"lazy\" decoding=\"async\" class=\"size-full wp-image-5007\" src=\"https:\/\/d2p6e6u75xmxt8.cloudfront.net\/6\/2019\/06\/profimedia-0068100139.jpg\" alt=\"\" width=\"1158\" height=\"1250\" srcset=\"https:\/\/d2p6e6u75xmxt8.cloudfront.net\/6\/2019\/06\/profimedia-0068100139.jpg 1158w, https:\/\/d2p6e6u75xmxt8.cloudfront.net\/6\/2019\/06\/profimedia-0068100139-278x300.jpg 278w, https:\/\/d2p6e6u75xmxt8.cloudfront.net\/6\/2019\/06\/profimedia-0068100139-768x829.jpg 768w, https:\/\/d2p6e6u75xmxt8.cloudfront.net\/6\/2019\/06\/profimedia-0068100139-949x1024.jpg 949w\" sizes=\"auto, (max-width: 1158px) 100vw, 1158px\" \/><\/a><figcaption id=\"caption-attachment-5007\" class=\"wp-caption-text\">Un intruso en el Tour 1965 \u00a9 Profimedia<\/figcaption><\/figure>\n<p>&nbsp;<\/p>\n<figure id=\"attachment_5008\" aria-describedby=\"caption-attachment-5008\" style=\"width: 1250px\" class=\"wp-caption alignnone\"><a href=\"https:\/\/d2p6e6u75xmxt8.cloudfront.net\/6\/2019\/06\/profimedia-0067993549.jpg\"><img loading=\"lazy\" decoding=\"async\" class=\"size-full wp-image-5008\" src=\"https:\/\/d2p6e6u75xmxt8.cloudfront.net\/6\/2019\/06\/profimedia-0067993549.jpg\" alt=\"\" width=\"1250\" height=\"838\" srcset=\"https:\/\/d2p6e6u75xmxt8.cloudfront.net\/6\/2019\/06\/profimedia-0067993549.jpg 1250w, https:\/\/d2p6e6u75xmxt8.cloudfront.net\/6\/2019\/06\/profimedia-0067993549-300x201.jpg 300w, https:\/\/d2p6e6u75xmxt8.cloudfront.net\/6\/2019\/06\/profimedia-0067993549-768x515.jpg 768w, https:\/\/d2p6e6u75xmxt8.cloudfront.net\/6\/2019\/06\/profimedia-0067993549-1024x686.jpg 1024w, https:\/\/d2p6e6u75xmxt8.cloudfront.net\/6\/2019\/06\/profimedia-0067993549-272x182.jpg 272w\" sizes=\"auto, (max-width: 1250px) 100vw, 1250px\" \/><\/a><figcaption id=\"caption-attachment-5008\" class=\"wp-caption-text\"><a name=\"__DdeLink__281_471270953\"><\/a> <span style=\"color: #000000;\">Gino Bartali subiendo el Col du Galibier in 1939.<\/span>\u00a0\u00a9 Profimedia, AFP<\/figcaption><\/figure>\n<p>&nbsp;<\/p>\n<figure id=\"attachment_5009\" aria-describedby=\"caption-attachment-5009\" style=\"width: 1250px\" class=\"wp-caption alignnone\"><a href=\"https:\/\/d2p6e6u75xmxt8.cloudfront.net\/6\/2019\/06\/profimedia-0286581950.jpg\"><img loading=\"lazy\" decoding=\"async\" class=\"size-full wp-image-5009\" src=\"https:\/\/d2p6e6u75xmxt8.cloudfront.net\/6\/2019\/06\/profimedia-0286581950.jpg\" alt=\"\" width=\"1250\" height=\"1152\" srcset=\"https:\/\/d2p6e6u75xmxt8.cloudfront.net\/6\/2019\/06\/profimedia-0286581950.jpg 1250w, https:\/\/d2p6e6u75xmxt8.cloudfront.net\/6\/2019\/06\/profimedia-0286581950-300x276.jpg 300w, https:\/\/d2p6e6u75xmxt8.cloudfront.net\/6\/2019\/06\/profimedia-0286581950-768x708.jpg 768w, https:\/\/d2p6e6u75xmxt8.cloudfront.net\/6\/2019\/06\/profimedia-0286581950-1024x944.jpg 1024w\" sizes=\"auto, (max-width: 1250px) 100vw, 1250px\" \/><\/a><figcaption id=\"caption-attachment-5009\" class=\"wp-caption-text\"><span style=\"color: #000000;\">El inigualable Jacques Anquetil, foto de 1955.\u00a0\u00a9<\/span> Profimedia, Roger Viollet<\/figcaption><\/figure>\n<p>&nbsp;<\/p>\n<figure id=\"attachment_5010\" aria-describedby=\"caption-attachment-5010\" style=\"width: 1250px\" class=\"wp-caption alignnone\"><a href=\"https:\/\/d2p6e6u75xmxt8.cloudfront.net\/6\/2019\/06\/profimedia-0309688274.jpg\"><img loading=\"lazy\" decoding=\"async\" class=\"size-full wp-image-5010\" src=\"https:\/\/d2p6e6u75xmxt8.cloudfront.net\/6\/2019\/06\/profimedia-0309688274.jpg\" alt=\"\" width=\"1250\" height=\"898\" srcset=\"https:\/\/d2p6e6u75xmxt8.cloudfront.net\/6\/2019\/06\/profimedia-0309688274.jpg 1250w, https:\/\/d2p6e6u75xmxt8.cloudfront.net\/6\/2019\/06\/profimedia-0309688274-300x216.jpg 300w, https:\/\/d2p6e6u75xmxt8.cloudfront.net\/6\/2019\/06\/profimedia-0309688274-768x552.jpg 768w, https:\/\/d2p6e6u75xmxt8.cloudfront.net\/6\/2019\/06\/profimedia-0309688274-1024x736.jpg 1024w\" sizes=\"auto, (max-width: 1250px) 100vw, 1250px\" \/><\/a><figcaption id=\"caption-attachment-5010\" class=\"wp-caption-text\"><span style=\"color: #000000;\">Ferdinand &#8220;Ferdi&#8221; Kubler despu\u00e9s de ganar la primera etapa del Tour de France, 26 de junio de, 1947 in Lille.\u00a0\u00a9<\/span> Profimedia, AFP<\/figcaption><\/figure>\n<p>&nbsp;<\/p>\n<figure id=\"attachment_5011\" aria-describedby=\"caption-attachment-5011\" style=\"width: 1250px\" class=\"wp-caption alignnone\"><a href=\"https:\/\/d2p6e6u75xmxt8.cloudfront.net\/6\/2019\/06\/profimedia-0156440588.jpg\"><img loading=\"lazy\" decoding=\"async\" class=\"size-full wp-image-5011\" src=\"https:\/\/d2p6e6u75xmxt8.cloudfront.net\/6\/2019\/06\/profimedia-0156440588.jpg\" alt=\"\" width=\"1250\" height=\"914\" srcset=\"https:\/\/d2p6e6u75xmxt8.cloudfront.net\/6\/2019\/06\/profimedia-0156440588.jpg 1250w, https:\/\/d2p6e6u75xmxt8.cloudfront.net\/6\/2019\/06\/profimedia-0156440588-300x219.jpg 300w, https:\/\/d2p6e6u75xmxt8.cloudfront.net\/6\/2019\/06\/profimedia-0156440588-768x562.jpg 768w, https:\/\/d2p6e6u75xmxt8.cloudfront.net\/6\/2019\/06\/profimedia-0156440588-1024x749.jpg 1024w\" sizes=\"auto, (max-width: 1250px) 100vw, 1250px\" \/><\/a><figcaption id=\"caption-attachment-5011\" class=\"wp-caption-text\"><span style=\"color: #000000;\">El campe\u00f3n franc\u00e9s y ganado de los Tour 1930 y 1932 Andr\u00e9 Leducq (1904-1980) despu\u00e9s de una ca\u00edda. (July 11, 1932).\u00a0\u00a9<\/span> Profimedia, Imagno<\/figcaption><\/figure>\n<p>&nbsp;<\/p>\n<figure id=\"attachment_5012\" aria-describedby=\"caption-attachment-5012\" style=\"width: 1250px\" class=\"wp-caption alignnone\"><a href=\"https:\/\/d2p6e6u75xmxt8.cloudfront.net\/6\/2019\/06\/profimedia-0068046458.jpg\"><img loading=\"lazy\" decoding=\"async\" class=\"size-full wp-image-5012\" src=\"https:\/\/d2p6e6u75xmxt8.cloudfront.net\/6\/2019\/06\/profimedia-0068046458.jpg\" alt=\"\" width=\"1250\" height=\"834\" srcset=\"https:\/\/d2p6e6u75xmxt8.cloudfront.net\/6\/2019\/06\/profimedia-0068046458.jpg 1250w, https:\/\/d2p6e6u75xmxt8.cloudfront.net\/6\/2019\/06\/profimedia-0068046458-300x200.jpg 300w, https:\/\/d2p6e6u75xmxt8.cloudfront.net\/6\/2019\/06\/profimedia-0068046458-768x512.jpg 768w, https:\/\/d2p6e6u75xmxt8.cloudfront.net\/6\/2019\/06\/profimedia-0068046458-1024x683.jpg 1024w, https:\/\/d2p6e6u75xmxt8.cloudfront.net\/6\/2019\/06\/profimedia-0068046458-272x182.jpg 272w\" sizes=\"auto, (max-width: 1250px) 100vw, 1250px\" \/><\/a><figcaption id=\"caption-attachment-5012\" class=\"wp-caption-text\"><span style=\"color: #000000;\">Bernard Gauthier pincha en el Col de Minier, on July 20, 1955.\u00a0\u00a9<\/span> Profimedia, Roger Viollet<\/figcaption><\/figure>\n<p>&nbsp;<\/p>\n<figure id=\"attachment_5013\" aria-describedby=\"caption-attachment-5013\" style=\"width: 1250px\" class=\"wp-caption alignnone\"><a href=\"https:\/\/d2p6e6u75xmxt8.cloudfront.net\/6\/2019\/06\/profimedia-0067998944.jpg\"><img loading=\"lazy\" decoding=\"async\" class=\"size-full wp-image-5013\" src=\"https:\/\/d2p6e6u75xmxt8.cloudfront.net\/6\/2019\/06\/profimedia-0067998944.jpg\" alt=\"\" width=\"1250\" height=\"831\" srcset=\"https:\/\/d2p6e6u75xmxt8.cloudfront.net\/6\/2019\/06\/profimedia-0067998944.jpg 1250w, https:\/\/d2p6e6u75xmxt8.cloudfront.net\/6\/2019\/06\/profimedia-0067998944-300x199.jpg 300w, https:\/\/d2p6e6u75xmxt8.cloudfront.net\/6\/2019\/06\/profimedia-0067998944-768x511.jpg 768w, https:\/\/d2p6e6u75xmxt8.cloudfront.net\/6\/2019\/06\/profimedia-0067998944-1024x681.jpg 1024w, https:\/\/d2p6e6u75xmxt8.cloudfront.net\/6\/2019\/06\/profimedia-0067998944-272x182.jpg 272w\" sizes=\"auto, (max-width: 1250px) 100vw, 1250px\" \/><\/a><figcaption id=\"caption-attachment-5013\" class=\"wp-caption-text\"><span style=\"color: #000000;\">\u00a0Col du Galibier on July 27, 1939.\u00a0\u00a9<\/span> Profimedia, AFP<\/figcaption><\/figure>\n<p>&nbsp;<\/p>\n<figure id=\"attachment_5014\" aria-describedby=\"caption-attachment-5014\" style=\"width: 1250px\" class=\"wp-caption alignnone\"><a href=\"https:\/\/d2p6e6u75xmxt8.cloudfront.net\/6\/2019\/06\/profimedia-0068036977.jpg\"><img loading=\"lazy\" decoding=\"async\" class=\"size-full wp-image-5014\" src=\"https:\/\/d2p6e6u75xmxt8.cloudfront.net\/6\/2019\/06\/profimedia-0068036977.jpg\" alt=\"\" width=\"1250\" height=\"873\" srcset=\"https:\/\/d2p6e6u75xmxt8.cloudfront.net\/6\/2019\/06\/profimedia-0068036977.jpg 1250w, https:\/\/d2p6e6u75xmxt8.cloudfront.net\/6\/2019\/06\/profimedia-0068036977-300x210.jpg 300w, https:\/\/d2p6e6u75xmxt8.cloudfront.net\/6\/2019\/06\/profimedia-0068036977-768x536.jpg 768w, https:\/\/d2p6e6u75xmxt8.cloudfront.net\/6\/2019\/06\/profimedia-0068036977-1024x715.jpg 1024w\" sizes=\"auto, (max-width: 1250px) 100vw, 1250px\" \/><\/a><figcaption id=\"caption-attachment-5014\" class=\"wp-caption-text\"><span style=\"color: #000000;\">Peloton cruzando las v\u00edas en 1952.\u00a0\u00a9<\/span> Profimedia, Roger Viollet<\/figcaption><\/figure>\n<p>&nbsp;<\/p>\n<figure id=\"attachment_5015\" aria-describedby=\"caption-attachment-5015\" style=\"width: 1250px\" class=\"wp-caption alignnone\"><a href=\"https:\/\/d2p6e6u75xmxt8.cloudfront.net\/6\/2019\/06\/profimedia-0309686915.jpg\"><img loading=\"lazy\" decoding=\"async\" class=\"size-full wp-image-5015\" src=\"https:\/\/d2p6e6u75xmxt8.cloudfront.net\/6\/2019\/06\/profimedia-0309686915.jpg\" alt=\"\" width=\"1250\" height=\"895\" srcset=\"https:\/\/d2p6e6u75xmxt8.cloudfront.net\/6\/2019\/06\/profimedia-0309686915.jpg 1250w, https:\/\/d2p6e6u75xmxt8.cloudfront.net\/6\/2019\/06\/profimedia-0309686915-300x215.jpg 300w, https:\/\/d2p6e6u75xmxt8.cloudfront.net\/6\/2019\/06\/profimedia-0309686915-768x550.jpg 768w, https:\/\/d2p6e6u75xmxt8.cloudfront.net\/6\/2019\/06\/profimedia-0309686915-1024x733.jpg 1024w\" sizes=\"auto, (max-width: 1250px) 100vw, 1250px\" \/><\/a><figcaption id=\"caption-attachment-5015\" class=\"wp-caption-text\"><span style=\"color: #000000;\">Esta foto es del 8 de julio de 1948,\u00a0 Ferdi Kubler subiendo en la etapa del Tour entre Cannes and Brian\u00e7on.\u00a0\u00a9<\/span> Profimedia, AFP<\/figcaption><\/figure>\n<p>&nbsp;<\/p>\n<figure id=\"attachment_5016\" aria-describedby=\"caption-attachment-5016\" style=\"width: 1250px\" class=\"wp-caption alignnone\"><a href=\"https:\/\/d2p6e6u75xmxt8.cloudfront.net\/6\/2019\/06\/profimedia-0067974341.jpg\"><img loading=\"lazy\" decoding=\"async\" class=\"size-full wp-image-5016\" src=\"https:\/\/d2p6e6u75xmxt8.cloudfront.net\/6\/2019\/06\/profimedia-0067974341.jpg\" alt=\"\" width=\"1250\" height=\"944\" srcset=\"https:\/\/d2p6e6u75xmxt8.cloudfront.net\/6\/2019\/06\/profimedia-0067974341.jpg 1250w, https:\/\/d2p6e6u75xmxt8.cloudfront.net\/6\/2019\/06\/profimedia-0067974341-300x227.jpg 300w, https:\/\/d2p6e6u75xmxt8.cloudfront.net\/6\/2019\/06\/profimedia-0067974341-768x580.jpg 768w, https:\/\/d2p6e6u75xmxt8.cloudfront.net\/6\/2019\/06\/profimedia-0067974341-1024x773.jpg 1024w\" sizes=\"auto, (max-width: 1250px) 100vw, 1250px\" \/><\/a><figcaption id=\"caption-attachment-5016\" class=\"wp-caption-text\"><span style=\"color: #000000;\">Etapa 16 del Tour de 1927.\u00a0\u00a9<\/span> Profimedia, AFP<\/figcaption><\/figure>\n<p>&nbsp;<\/p>\n<figure id=\"attachment_5017\" aria-describedby=\"caption-attachment-5017\" style=\"width: 1250px\" class=\"wp-caption alignnone\"><a href=\"https:\/\/d2p6e6u75xmxt8.cloudfront.net\/6\/2019\/06\/profimedia-0067990899.jpg\"><img loading=\"lazy\" decoding=\"async\" class=\"size-full wp-image-5017\" src=\"https:\/\/d2p6e6u75xmxt8.cloudfront.net\/6\/2019\/06\/profimedia-0067990899.jpg\" alt=\"\" width=\"1250\" height=\"924\" srcset=\"https:\/\/d2p6e6u75xmxt8.cloudfront.net\/6\/2019\/06\/profimedia-0067990899.jpg 1250w, https:\/\/d2p6e6u75xmxt8.cloudfront.net\/6\/2019\/06\/profimedia-0067990899-300x222.jpg 300w, https:\/\/d2p6e6u75xmxt8.cloudfront.net\/6\/2019\/06\/profimedia-0067990899-768x568.jpg 768w, https:\/\/d2p6e6u75xmxt8.cloudfront.net\/6\/2019\/06\/profimedia-0067990899-1024x757.jpg 1024w\" sizes=\"auto, (max-width: 1250px) 100vw, 1250px\" \/><\/a><figcaption id=\"caption-attachment-5017\" class=\"wp-caption-text\"><span style=\"color: #000000;\">Federico Ezquerra subiendo el Col du Galibier, 14 de julio de 1936.\u00a0\u00a9<\/span> Profimedia, AFP<\/figcaption><\/figure>\n<p>&nbsp;<\/p>\n<figure id=\"attachment_5018\" aria-describedby=\"caption-attachment-5018\" style=\"width: 1250px\" class=\"wp-caption alignnone\"><a href=\"https:\/\/d2p6e6u75xmxt8.cloudfront.net\/6\/2019\/06\/profimedia-0068049376.jpg\"><img loading=\"lazy\" decoding=\"async\" class=\"size-full wp-image-5018\" src=\"https:\/\/d2p6e6u75xmxt8.cloudfront.net\/6\/2019\/06\/profimedia-0068049376.jpg\" alt=\"\" width=\"1250\" height=\"914\" srcset=\"https:\/\/d2p6e6u75xmxt8.cloudfront.net\/6\/2019\/06\/profimedia-0068049376.jpg 1250w, https:\/\/d2p6e6u75xmxt8.cloudfront.net\/6\/2019\/06\/profimedia-0068049376-300x219.jpg 300w, https:\/\/d2p6e6u75xmxt8.cloudfront.net\/6\/2019\/06\/profimedia-0068049376-768x562.jpg 768w, https:\/\/d2p6e6u75xmxt8.cloudfront.net\/6\/2019\/06\/profimedia-0068049376-1024x749.jpg 1024w\" sizes=\"auto, (max-width: 1250px) 100vw, 1250px\" \/><\/a><figcaption id=\"caption-attachment-5018\" class=\"wp-caption-text\"><span style=\"color: #000000;\">Roger Hassenforder (R) y Ferdi Kubler (L) jugando ante de la salida de la segunda etapa del Tour de 1955.\u00a0\u00a9<\/span> Profimedia, AFP<\/figcaption><\/figure>\n","protected":false},"excerpt":{"rendered":"<p>Con el comienzo del Tour de Francia es hora de echar un vistazo a esta &#8220;nueva&#8221; galer\u00eda de viejos h\u00e9roes [&hellip;]<\/p>\n","protected":false},"author":29,"featured_media":5020,"comment_status":"open","ping_status":"open","sticky":false,"template":"","format":"standard","meta":{"footnotes":""},"categories":[7],"tags":[1096,1097,557],"global-categories":[],"class_list":["post-5003","post","type-post","status-publish","format-standard","has-post-thumbnail","hentry","category-carretera","tag-ciclismo-vintage","tag-fotos-antiguas-tour-de-francia","tag-tour-de-francia"],"yoast_head":"<!-- This site is optimized with the Yoast SEO Premium plugin v25.3 (Yoast SEO v25.9) - https:\/\/yoast.com\/wordpress\/plugins\/seo\/ -->\n<title>Fotos: Los recuerdos vintage del Tour de Francia - \u0160koda We Love Cycling - Spain<\/title>\n<meta name=\"description\" content=\"Fotos: Los recuerdos vintage del Tour de Francia. Las fotos de los a\u00f1os 40 y 50 del Tour de Francia. Bartali o Anquetil en Galibier.\" \/>\n<meta name=\"robots\" content=\"index, follow, max-snippet:-1, max-image-preview:large, max-video-preview:-1\" \/>\n<link rel=\"canonical\" href=\"https:\/\/www.welovecycling.com\/es\/2019\/06\/28\/fotos-tour-de-francia\/\" \/>\n<meta property=\"og:locale\" content=\"es_ES\" \/>\n<meta property=\"og:type\" content=\"article\" \/>\n<meta property=\"og:title\" content=\"Fotos: Los recuerdos vintage del Tour de Francia\" \/>\n<meta property=\"og:description\" content=\"Fotos: Los recuerdos vintage del Tour de Francia. Las fotos de los a\u00f1os 40 y 50 del Tour de Francia. Bartali o Anquetil en Galibier.\" \/>\n<meta property=\"og:url\" content=\"https:\/\/www.welovecycling.com\/es\/2019\/06\/28\/fotos-tour-de-francia\/\" \/>\n<meta property=\"og:site_name\" content=\"\u0160koda We Love Cycling - Spain\" \/>\n<meta property=\"article:published_time\" content=\"2019-06-28T09:49:27+00:00\" \/>\n<meta property=\"og:image\" content=\"https:\/\/d2p6e6u75xmxt8.cloudfront.net\/6\/2019\/06\/Tour-CVR-profimedia-0068092108.jpg\" \/>\n\t<meta property=\"og:image:width\" content=\"1366\" \/>\n\t<meta property=\"og:image:height\" content=\"600\" \/>\n\t<meta property=\"og:image:type\" content=\"image\/jpeg\" \/>\n<meta name=\"author\" content=\"We Love Cycling Spain\" \/>\n<meta name=\"twitter:card\" content=\"summary_large_image\" \/>\n<meta name=\"twitter:title\" content=\"Fotos: Los recuerdos vintage del Tour de Francia\" \/>\n<meta name=\"twitter:description\" content=\"Fotos: Los recuerdos vintage del Tour de Francia. Las fotos de los a\u00f1os 40 y 50 del Tour de Francia. Bartali o Anquetil en Galibier.\" \/>\n<meta name=\"twitter:label1\" content=\"Written by\" \/>\n\t<meta name=\"twitter:data1\" content=\"Monica Buck\" \/>\n\t<meta name=\"twitter:label2\" content=\"Est. reading time\" \/>\n\t<meta name=\"twitter:data2\" content=\"5\" \/>\n<script type=\"application\/ld+json\" class=\"yoast-schema-graph\">{\"@context\":\"https:\/\/schema.org\",\"@graph\":[{\"@type\":\"WebPage\",\"@id\":\"https:\/\/www.welovecycling.com\/es\/2019\/06\/28\/fotos-tour-de-francia\/\",\"url\":\"https:\/\/www.welovecycling.com\/es\/2019\/06\/28\/fotos-tour-de-francia\/\",\"name\":\"Fotos: Los recuerdos vintage del Tour de Francia - \u0160koda We Love Cycling - Spain\",\"isPartOf\":{\"@id\":\"https:\/\/www.welovecycling.com\/es\/#website\"},\"primaryImageOfPage\":{\"@id\":\"https:\/\/www.welovecycling.com\/es\/2019\/06\/28\/fotos-tour-de-francia\/#primaryimage\"},\"image\":{\"@id\":\"https:\/\/www.welovecycling.com\/es\/2019\/06\/28\/fotos-tour-de-francia\/#primaryimage\"},\"thumbnailUrl\":\"https:\/\/d2p6e6u75xmxt8.cloudfront.net\/6\/2019\/06\/Tour-CVR-profimedia-0068092108.jpg\",\"datePublished\":\"2019-06-28T09:49:27+00:00\",\"author\":{\"@id\":\"https:\/\/www.welovecycling.com\/es\/#\/schema\/person\/deb61715b5812698ee79fb96f343ccd4\"},\"description\":\"Fotos: Los recuerdos vintage del Tour de Francia. Las fotos de los a\u00f1os 40 y 50 del Tour de Francia. Bartali o Anquetil en Galibier.\",\"breadcrumb\":{\"@id\":\"https:\/\/www.welovecycling.com\/es\/2019\/06\/28\/fotos-tour-de-francia\/#breadcrumb\"},\"inLanguage\":\"es-ES\",\"potentialAction\":[{\"@type\":\"ReadAction\",\"target\":[\"https:\/\/www.welovecycling.com\/es\/2019\/06\/28\/fotos-tour-de-francia\/\"]}]},{\"@type\":\"ImageObject\",\"inLanguage\":\"es-ES\",\"@id\":\"https:\/\/www.welovecycling.com\/es\/2019\/06\/28\/fotos-tour-de-francia\/#primaryimage\",\"url\":\"https:\/\/d2p6e6u75xmxt8.cloudfront.net\/6\/2019\/06\/Tour-CVR-profimedia-0068092108.jpg\",\"contentUrl\":\"https:\/\/d2p6e6u75xmxt8.cloudfront.net\/6\/2019\/06\/Tour-CVR-profimedia-0068092108.jpg\",\"width\":1366,\"height\":600},{\"@type\":\"BreadcrumbList\",\"@id\":\"https:\/\/www.welovecycling.com\/es\/2019\/06\/28\/fotos-tour-de-francia\/#breadcrumb\",\"itemListElement\":[{\"@type\":\"ListItem\",\"position\":1,\"name\":\"Home\",\"item\":\"https:\/\/www.welovecycling.com\/es\/\"},{\"@type\":\"ListItem\",\"position\":2,\"name\":\"Fotos: Los recuerdos vintage del Tour de Francia\"}]},{\"@type\":\"WebSite\",\"@id\":\"https:\/\/www.welovecycling.com\/es\/#website\",\"url\":\"https:\/\/www.welovecycling.com\/es\/\",\"name\":\"\u0160koda We Love Cycling - Spain\",\"description\":\"\u0160koda WeLoveCycling Spain\",\"potentialAction\":[{\"@type\":\"SearchAction\",\"target\":{\"@type\":\"EntryPoint\",\"urlTemplate\":\"https:\/\/www.welovecycling.com\/es\/?s={search_term_string}\"},\"query-input\":{\"@type\":\"PropertyValueSpecification\",\"valueRequired\":true,\"valueName\":\"search_term_string\"}}],\"inLanguage\":\"es-ES\"},{\"@type\":\"Person\",\"@id\":\"https:\/\/www.welovecycling.com\/es\/#\/schema\/person\/deb61715b5812698ee79fb96f343ccd4\",\"name\":\"We Love Cycling Spain\",\"image\":{\"@type\":\"ImageObject\",\"inLanguage\":\"es-ES\",\"@id\":\"https:\/\/www.welovecycling.com\/es\/#\/schema\/person\/image\/\",\"url\":\"https:\/\/secure.gravatar.com\/avatar\/c824b04e6df0e37a03219d0b6481672889df542894588964102459e46513159c?s=96&d=mm&r=g\",\"contentUrl\":\"https:\/\/secure.gravatar.com\/avatar\/c824b04e6df0e37a03219d0b6481672889df542894588964102459e46513159c?s=96&d=mm&r=g\",\"caption\":\"We Love Cycling Spain\"},\"url\":\"https:\/\/www.welovecycling.com\/es\/author\/amunoz\/\"}]}<\/script>\n<!-- \/ Yoast SEO Premium plugin. -->","yoast_head_json":{"title":"Fotos: Los recuerdos vintage del Tour de Francia - \u0160koda We Love Cycling - Spain","description":"Fotos: Los recuerdos vintage del Tour de Francia. Las fotos de los a\u00f1os 40 y 50 del Tour de Francia. Bartali o Anquetil en Galibier.","robots":{"index":"index","follow":"follow","max-snippet":"max-snippet:-1","max-image-preview":"max-image-preview:large","max-video-preview":"max-video-preview:-1"},"canonical":"https:\/\/www.welovecycling.com\/es\/2019\/06\/28\/fotos-tour-de-francia\/","og_locale":"es_ES","og_type":"article","og_title":"Fotos: Los recuerdos vintage del Tour de Francia","og_description":"Fotos: Los recuerdos vintage del Tour de Francia. Las fotos de los a\u00f1os 40 y 50 del Tour de Francia. Bartali o Anquetil en Galibier.","og_url":"https:\/\/www.welovecycling.com\/es\/2019\/06\/28\/fotos-tour-de-francia\/","og_site_name":"\u0160koda We Love Cycling - Spain","article_published_time":"2019-06-28T09:49:27+00:00","og_image":[{"width":1366,"height":600,"url":"https:\/\/d2p6e6u75xmxt8.cloudfront.net\/6\/2019\/06\/Tour-CVR-profimedia-0068092108.jpg","type":"image\/jpeg"}],"author":"We Love Cycling Spain","twitter_card":"summary_large_image","twitter_title":"Fotos: Los recuerdos vintage del Tour de Francia","twitter_description":"Fotos: Los recuerdos vintage del Tour de Francia. Las fotos de los a\u00f1os 40 y 50 del Tour de Francia. Bartali o Anquetil en Galibier.","twitter_misc":{"Written by":"Monica Buck","Est. reading time":"5"},"schema":{"@context":"https:\/\/schema.org","@graph":[{"@type":"WebPage","@id":"https:\/\/www.welovecycling.com\/es\/2019\/06\/28\/fotos-tour-de-francia\/","url":"https:\/\/www.welovecycling.com\/es\/2019\/06\/28\/fotos-tour-de-francia\/","name":"Fotos: Los recuerdos vintage del Tour de Francia - \u0160koda We Love Cycling - Spain","isPartOf":{"@id":"https:\/\/www.welovecycling.com\/es\/#website"},"primaryImageOfPage":{"@id":"https:\/\/www.welovecycling.com\/es\/2019\/06\/28\/fotos-tour-de-francia\/#primaryimage"},"image":{"@id":"https:\/\/www.welovecycling.com\/es\/2019\/06\/28\/fotos-tour-de-francia\/#primaryimage"},"thumbnailUrl":"https:\/\/d2p6e6u75xmxt8.cloudfront.net\/6\/2019\/06\/Tour-CVR-profimedia-0068092108.jpg","datePublished":"2019-06-28T09:49:27+00:00","author":{"@id":"https:\/\/www.welovecycling.com\/es\/#\/schema\/person\/deb61715b5812698ee79fb96f343ccd4"},"description":"Fotos: Los recuerdos vintage del Tour de Francia. Las fotos de los a\u00f1os 40 y 50 del Tour de Francia. Bartali o Anquetil en Galibier.","breadcrumb":{"@id":"https:\/\/www.welovecycling.com\/es\/2019\/06\/28\/fotos-tour-de-francia\/#breadcrumb"},"inLanguage":"es-ES","potentialAction":[{"@type":"ReadAction","target":["https:\/\/www.welovecycling.com\/es\/2019\/06\/28\/fotos-tour-de-francia\/"]}]},{"@type":"ImageObject","inLanguage":"es-ES","@id":"https:\/\/www.welovecycling.com\/es\/2019\/06\/28\/fotos-tour-de-francia\/#primaryimage","url":"https:\/\/d2p6e6u75xmxt8.cloudfront.net\/6\/2019\/06\/Tour-CVR-profimedia-0068092108.jpg","contentUrl":"https:\/\/d2p6e6u75xmxt8.cloudfront.net\/6\/2019\/06\/Tour-CVR-profimedia-0068092108.jpg","width":1366,"height":600},{"@type":"BreadcrumbList","@id":"https:\/\/www.welovecycling.com\/es\/2019\/06\/28\/fotos-tour-de-francia\/#breadcrumb","itemListElement":[{"@type":"ListItem","position":1,"name":"Home","item":"https:\/\/www.welovecycling.com\/es\/"},{"@type":"ListItem","position":2,"name":"Fotos: Los recuerdos vintage del Tour de Francia"}]},{"@type":"WebSite","@id":"https:\/\/www.welovecycling.com\/es\/#website","url":"https:\/\/www.welovecycling.com\/es\/","name":"\u0160koda We Love Cycling - Spain","description":"\u0160koda WeLoveCycling Spain","potentialAction":[{"@type":"SearchAction","target":{"@type":"EntryPoint","urlTemplate":"https:\/\/www.welovecycling.com\/es\/?s={search_term_string}"},"query-input":{"@type":"PropertyValueSpecification","valueRequired":true,"valueName":"search_term_string"}}],"inLanguage":"es-ES"},{"@type":"Person","@id":"https:\/\/www.welovecycling.com\/es\/#\/schema\/person\/deb61715b5812698ee79fb96f343ccd4","name":"We Love Cycling Spain","image":{"@type":"ImageObject","inLanguage":"es-ES","@id":"https:\/\/www.welovecycling.com\/es\/#\/schema\/person\/image\/","url":"https:\/\/secure.gravatar.com\/avatar\/c824b04e6df0e37a03219d0b6481672889df542894588964102459e46513159c?s=96&d=mm&r=g","contentUrl":"https:\/\/secure.gravatar.com\/avatar\/c824b04e6df0e37a03219d0b6481672889df542894588964102459e46513159c?s=96&d=mm&r=g","caption":"We Love Cycling Spain"},"url":"https:\/\/www.welovecycling.com\/es\/author\/amunoz\/"}]}},"_links":{"self":[{"href":"https:\/\/www.welovecycling.com\/es\/wp-json\/wp\/v2\/posts\/5003","targetHints":{"allow":["GET"]}}],"collection":[{"href":"https:\/\/www.welovecycling.com\/es\/wp-json\/wp\/v2\/posts"}],"about":[{"href":"https:\/\/www.welovecycling.com\/es\/wp-json\/wp\/v2\/types\/post"}],"author":[{"embeddable":true,"href":"https:\/\/www.welovecycling.com\/es\/wp-json\/wp\/v2\/users\/29"}],"replies":[{"embeddable":true,"href":"https:\/\/www.welovecycling.com\/es\/wp-json\/wp\/v2\/comments?post=5003"}],"version-history":[{"count":2,"href":"https:\/\/www.welovecycling.com\/es\/wp-json\/wp\/v2\/posts\/5003\/revisions"}],"predecessor-version":[{"id":5021,"href":"https:\/\/www.welovecycling.com\/es\/wp-json\/wp\/v2\/posts\/5003\/revisions\/5021"}],"wp:featuredmedia":[{"embeddable":true,"href":"https:\/\/www.welovecycling.com\/es\/wp-json\/wp\/v2\/media\/5020"}],"wp:attachment":[{"href":"https:\/\/www.welovecycling.com\/es\/wp-json\/wp\/v2\/media?parent=5003"}],"wp:term":[{"taxonomy":"category","embeddable":true,"href":"https:\/\/www.welovecycling.com\/es\/wp-json\/wp\/v2\/categories?post=5003"},{"taxonomy":"post_tag","embeddable":true,"href":"https:\/\/www.welovecycling.com\/es\/wp-json\/wp\/v2\/tags?post=5003"},{"taxonomy":"global-categories","embeddable":true,"href":"https:\/\/www.welovecycling.com\/es\/wp-json\/wp\/v2\/global-categories?post=5003"}],"curies":[{"name":"wp","href":"https:\/\/api.w.org\/{rel}","templated":true}]}}