{"id":499,"date":"2017-05-10T14:39:31","date_gmt":"2017-05-10T14:39:31","guid":{"rendered":"https:\/\/www.welovecycling.com\/es\/?p=499"},"modified":"2017-05-16T14:06:01","modified_gmt":"2017-05-16T14:06:01","slug":"la-legendaria-pelicula-mtb-the-collective-ahora-disponible-online-calidad-hd","status":"publish","type":"post","link":"https:\/\/www.welovecycling.com\/es\/2017\/05\/10\/la-legendaria-pelicula-mtb-the-collective-ahora-disponible-online-calidad-hd\/","title":{"rendered":"La legendaria pel\u00edcula sobre MTB The Collective, \u00a1ahora disponible online en calidad HD!"},"content":{"rendered":"<p><strong>Hace trece a\u00f1os, la mayor\u00eda de los que la vimos sentimos una revelaci\u00f3n. En aquella \u00e9poca, todav\u00eda cav\u00e1bamos en el barro para hacer los primeros saltos, descubr\u00edamos nuevos parques para ciclistas y apenas reun\u00edamos el valor suficiente para saltar por rampas de madera. A\u00fan est\u00e1bamos aprendiendo a rodar fuera de la carretera y so\u00f1\u00e1bamos despiertos con la posibilidad de hacer nuestros propios circuitos en alg\u00fan bosque.<\/strong><\/p>\n<p>Y, de repente, la pel\u00edcula <em>The Collective<\/em> apareci\u00f3 en nuestras vidas. Fue algo po\u00e9tico y desafiante a la vez; respond\u00eda completamente a todos nuestros deseos de mountain bike. En solo un par de minutos, nuestras vidas cambiaron al mismo tiempo que nac\u00edan nuestros nuevos h\u00e9roes. Sus nombres eran Thomas Vanderham, Tyler \u201cSuper T\u201d Klassen, Darren Berrecloth, Andrew Shandro, Dave Watson y Ryan Leech. Desde ese momento, nada volvi\u00f3 a ser lo mismo.<\/p>\n<lite-youtube videoid=_CDJl27tOVc params=\"enablejsapi=1\" style=\"background-image: url('https:\/\/i.ytimg.com\/vi_webp\/_CDJl27tOVc\/maxresdefault.webp');\"><\/lite-youtube>\n<p>Antes del 2004, solo se hablaba de hacer descensos hasta que, de pronto, el mundo del ciclismo se implic\u00f3 totalmente en la emergente comunidad de <em>freeriding<\/em>. Fue un aut\u00e9ntico boom, todos quer\u00edan copiar lo que hac\u00edan los atrevidos protagonistas de la pel\u00edcula. El a\u00f1o siguiente al estreno visit\u00e9 Whistler, el centro donde se rod\u00f3, y posiblemente el mejor lugar del planeta para hacer bajadas. Fue alucinante y, a\u00fan hoy, sigue siendo una de las mejores experiencias que he vivido jam\u00e1s.<\/p>\n<p>Ver la pel\u00edcula <em>The Collective <\/em>es como mirar las fotograf\u00edas del colegio: afloran todos los recuerdos. Los temas de la banda sonora acabaron convirti\u00e9ndose en legendarios y la pel\u00edcula pas\u00f3 a ser algo divino. Y ahora puedes disfrutarla en calidad full HD. \u00a1Toma asiento y viaja al pasado!<\/p>\n","protected":false},"excerpt":{"rendered":"<p>Hace trece a\u00f1os, la mayor\u00eda de los que la vimos sentimos una revelaci\u00f3n. En aquella \u00e9poca, todav\u00eda cav\u00e1bamos en el [&hellip;]<\/p>\n","protected":false},"author":29,"featured_media":510,"comment_status":"open","ping_status":"open","sticky":false,"template":"","format":"standard","meta":{"footnotes":""},"categories":[9],"tags":[38,37,35,36],"global-categories":[],"class_list":["post-499","post","type-post","status-publish","format-standard","has-post-thumbnail","hentry","category-mtb-aventura","tag-ciclismo-montana","tag-freeriding","tag-mountain-bike","tag-the-collective"],"yoast_head":"<!-- This site is optimized with the Yoast SEO Premium plugin v25.3 (Yoast SEO v25.9) - https:\/\/yoast.com\/wordpress\/plugins\/seo\/ -->\n<title>La legendaria pel\u00edcula sobre MTB The Collective, \u00a1ahora disponible online en calidad HD! - \u0160koda We Love Cycling - Spain<\/title>\n<meta name=\"robots\" content=\"index, follow, max-snippet:-1, max-image-preview:large, max-video-preview:-1\" \/>\n<link rel=\"canonical\" href=\"https:\/\/www.welovecycling.com\/es\/2017\/05\/10\/la-legendaria-pelicula-mtb-the-collective-ahora-disponible-online-calidad-hd\/\" \/>\n<meta property=\"og:locale\" content=\"es_ES\" \/>\n<meta property=\"og:type\" content=\"article\" \/>\n<meta property=\"og:title\" content=\"La legendaria pel\u00edcula sobre MTB The Collective, \u00a1ahora disponible online en calidad HD!\" \/>\n<meta property=\"og:description\" content=\"Hace trece a\u00f1os, la mayor\u00eda de los que la vimos sentimos una revelaci\u00f3n. En aquella \u00e9poca, todav\u00eda cav\u00e1bamos en el [&hellip;]\" \/>\n<meta property=\"og:url\" content=\"https:\/\/www.welovecycling.com\/es\/2017\/05\/10\/la-legendaria-pelicula-mtb-the-collective-ahora-disponible-online-calidad-hd\/\" \/>\n<meta property=\"og:site_name\" content=\"\u0160koda We Love Cycling - Spain\" \/>\n<meta property=\"article:published_time\" content=\"2017-05-10T14:39:31+00:00\" \/>\n<meta property=\"article:modified_time\" content=\"2017-05-16T14:06:01+00:00\" \/>\n<meta property=\"og:image\" content=\"https:\/\/d2p6e6u75xmxt8.cloudfront.net\/6\/2017\/05\/4148748_484454-768x335.jpg\" \/>\n\t<meta property=\"og:image:width\" content=\"768\" \/>\n\t<meta property=\"og:image:height\" content=\"335\" \/>\n\t<meta property=\"og:image:type\" content=\"image\/jpeg\" \/>\n<meta name=\"author\" content=\"We Love Cycling Spain\" \/>\n<meta name=\"twitter:card\" content=\"summary_large_image\" \/>\n<meta name=\"twitter:label1\" content=\"Written by\" \/>\n\t<meta name=\"twitter:data1\" content=\"We Love Cycling Spain\" \/>\n\t<meta name=\"twitter:label2\" content=\"Est. reading time\" \/>\n\t<meta name=\"twitter:data2\" content=\"2 minutes\" \/>\n<script type=\"application\/ld+json\" class=\"yoast-schema-graph\">{\"@context\":\"https:\/\/schema.org\",\"@graph\":[{\"@type\":\"WebPage\",\"@id\":\"https:\/\/www.welovecycling.com\/es\/2017\/05\/10\/la-legendaria-pelicula-mtb-the-collective-ahora-disponible-online-calidad-hd\/\",\"url\":\"https:\/\/www.welovecycling.com\/es\/2017\/05\/10\/la-legendaria-pelicula-mtb-the-collective-ahora-disponible-online-calidad-hd\/\",\"name\":\"La legendaria pel\u00edcula sobre MTB The Collective, \u00a1ahora disponible online en calidad HD! - \u0160koda We Love Cycling - Spain\",\"isPartOf\":{\"@id\":\"https:\/\/www.welovecycling.com\/es\/#website\"},\"primaryImageOfPage\":{\"@id\":\"https:\/\/www.welovecycling.com\/es\/2017\/05\/10\/la-legendaria-pelicula-mtb-the-collective-ahora-disponible-online-calidad-hd\/#primaryimage\"},\"image\":{\"@id\":\"https:\/\/www.welovecycling.com\/es\/2017\/05\/10\/la-legendaria-pelicula-mtb-the-collective-ahora-disponible-online-calidad-hd\/#primaryimage\"},\"thumbnailUrl\":\"https:\/\/d2p6e6u75xmxt8.cloudfront.net\/6\/2017\/05\/4148748_484454-768x335.jpg\",\"datePublished\":\"2017-05-10T14:39:31+00:00\",\"dateModified\":\"2017-05-16T14:06:01+00:00\",\"author\":{\"@id\":\"https:\/\/www.welovecycling.com\/es\/#\/schema\/person\/deb61715b5812698ee79fb96f343ccd4\"},\"breadcrumb\":{\"@id\":\"https:\/\/www.welovecycling.com\/es\/2017\/05\/10\/la-legendaria-pelicula-mtb-the-collective-ahora-disponible-online-calidad-hd\/#breadcrumb\"},\"inLanguage\":\"es-ES\",\"potentialAction\":[{\"@type\":\"ReadAction\",\"target\":[\"https:\/\/www.welovecycling.com\/es\/2017\/05\/10\/la-legendaria-pelicula-mtb-the-collective-ahora-disponible-online-calidad-hd\/\"]}]},{\"@type\":\"ImageObject\",\"inLanguage\":\"es-ES\",\"@id\":\"https:\/\/www.welovecycling.com\/es\/2017\/05\/10\/la-legendaria-pelicula-mtb-the-collective-ahora-disponible-online-calidad-hd\/#primaryimage\",\"url\":\"https:\/\/d2p6e6u75xmxt8.cloudfront.net\/6\/2017\/05\/4148748_484454-768x335.jpg\",\"contentUrl\":\"https:\/\/d2p6e6u75xmxt8.cloudfront.net\/6\/2017\/05\/4148748_484454-768x335.jpg\",\"width\":768,\"height\":335},{\"@type\":\"BreadcrumbList\",\"@id\":\"https:\/\/www.welovecycling.com\/es\/2017\/05\/10\/la-legendaria-pelicula-mtb-the-collective-ahora-disponible-online-calidad-hd\/#breadcrumb\",\"itemListElement\":[{\"@type\":\"ListItem\",\"position\":1,\"name\":\"Home\",\"item\":\"https:\/\/www.welovecycling.com\/es\/\"},{\"@type\":\"ListItem\",\"position\":2,\"name\":\"La legendaria pel\u00edcula sobre MTB The Collective, \u00a1ahora disponible online en calidad HD!\"}]},{\"@type\":\"WebSite\",\"@id\":\"https:\/\/www.welovecycling.com\/es\/#website\",\"url\":\"https:\/\/www.welovecycling.com\/es\/\",\"name\":\"\u0160koda We Love Cycling - Spain\",\"description\":\"\u0160koda WeLoveCycling Spain\",\"potentialAction\":[{\"@type\":\"SearchAction\",\"target\":{\"@type\":\"EntryPoint\",\"urlTemplate\":\"https:\/\/www.welovecycling.com\/es\/?s={search_term_string}\"},\"query-input\":{\"@type\":\"PropertyValueSpecification\",\"valueRequired\":true,\"valueName\":\"search_term_string\"}}],\"inLanguage\":\"es-ES\"},{\"@type\":\"Person\",\"@id\":\"https:\/\/www.welovecycling.com\/es\/#\/schema\/person\/deb61715b5812698ee79fb96f343ccd4\",\"name\":\"We Love Cycling Spain\",\"image\":{\"@type\":\"ImageObject\",\"inLanguage\":\"es-ES\",\"@id\":\"https:\/\/www.welovecycling.com\/es\/#\/schema\/person\/image\/\",\"url\":\"https:\/\/secure.gravatar.com\/avatar\/c824b04e6df0e37a03219d0b6481672889df542894588964102459e46513159c?s=96&d=mm&r=g\",\"contentUrl\":\"https:\/\/secure.gravatar.com\/avatar\/c824b04e6df0e37a03219d0b6481672889df542894588964102459e46513159c?s=96&d=mm&r=g\",\"caption\":\"We Love Cycling Spain\"},\"url\":\"https:\/\/www.welovecycling.com\/es\/author\/amunoz\/\"}]}<\/script>\n<!-- \/ Yoast SEO Premium plugin. -->","yoast_head_json":{"title":"La legendaria pel\u00edcula sobre MTB The Collective, \u00a1ahora disponible online en calidad HD! - \u0160koda We Love Cycling - Spain","robots":{"index":"index","follow":"follow","max-snippet":"max-snippet:-1","max-image-preview":"max-image-preview:large","max-video-preview":"max-video-preview:-1"},"canonical":"https:\/\/www.welovecycling.com\/es\/2017\/05\/10\/la-legendaria-pelicula-mtb-the-collective-ahora-disponible-online-calidad-hd\/","og_locale":"es_ES","og_type":"article","og_title":"La legendaria pel\u00edcula sobre MTB The Collective, \u00a1ahora disponible online en calidad HD!","og_description":"Hace trece a\u00f1os, la mayor\u00eda de los que la vimos sentimos una revelaci\u00f3n. En aquella \u00e9poca, todav\u00eda cav\u00e1bamos en el [&hellip;]","og_url":"https:\/\/www.welovecycling.com\/es\/2017\/05\/10\/la-legendaria-pelicula-mtb-the-collective-ahora-disponible-online-calidad-hd\/","og_site_name":"\u0160koda We Love Cycling - Spain","article_published_time":"2017-05-10T14:39:31+00:00","article_modified_time":"2017-05-16T14:06:01+00:00","og_image":[{"width":768,"height":335,"url":"https:\/\/d2p6e6u75xmxt8.cloudfront.net\/6\/2017\/05\/4148748_484454-768x335.jpg","type":"image\/jpeg"}],"author":"We Love Cycling Spain","twitter_card":"summary_large_image","twitter_misc":{"Written by":"We Love Cycling Spain","Est. reading time":"2 minutes"},"schema":{"@context":"https:\/\/schema.org","@graph":[{"@type":"WebPage","@id":"https:\/\/www.welovecycling.com\/es\/2017\/05\/10\/la-legendaria-pelicula-mtb-the-collective-ahora-disponible-online-calidad-hd\/","url":"https:\/\/www.welovecycling.com\/es\/2017\/05\/10\/la-legendaria-pelicula-mtb-the-collective-ahora-disponible-online-calidad-hd\/","name":"La legendaria pel\u00edcula sobre MTB The Collective, \u00a1ahora disponible online en calidad HD! - \u0160koda We Love Cycling - Spain","isPartOf":{"@id":"https:\/\/www.welovecycling.com\/es\/#website"},"primaryImageOfPage":{"@id":"https:\/\/www.welovecycling.com\/es\/2017\/05\/10\/la-legendaria-pelicula-mtb-the-collective-ahora-disponible-online-calidad-hd\/#primaryimage"},"image":{"@id":"https:\/\/www.welovecycling.com\/es\/2017\/05\/10\/la-legendaria-pelicula-mtb-the-collective-ahora-disponible-online-calidad-hd\/#primaryimage"},"thumbnailUrl":"https:\/\/d2p6e6u75xmxt8.cloudfront.net\/6\/2017\/05\/4148748_484454-768x335.jpg","datePublished":"2017-05-10T14:39:31+00:00","dateModified":"2017-05-16T14:06:01+00:00","author":{"@id":"https:\/\/www.welovecycling.com\/es\/#\/schema\/person\/deb61715b5812698ee79fb96f343ccd4"},"breadcrumb":{"@id":"https:\/\/www.welovecycling.com\/es\/2017\/05\/10\/la-legendaria-pelicula-mtb-the-collective-ahora-disponible-online-calidad-hd\/#breadcrumb"},"inLanguage":"es-ES","potentialAction":[{"@type":"ReadAction","target":["https:\/\/www.welovecycling.com\/es\/2017\/05\/10\/la-legendaria-pelicula-mtb-the-collective-ahora-disponible-online-calidad-hd\/"]}]},{"@type":"ImageObject","inLanguage":"es-ES","@id":"https:\/\/www.welovecycling.com\/es\/2017\/05\/10\/la-legendaria-pelicula-mtb-the-collective-ahora-disponible-online-calidad-hd\/#primaryimage","url":"https:\/\/d2p6e6u75xmxt8.cloudfront.net\/6\/2017\/05\/4148748_484454-768x335.jpg","contentUrl":"https:\/\/d2p6e6u75xmxt8.cloudfront.net\/6\/2017\/05\/4148748_484454-768x335.jpg","width":768,"height":335},{"@type":"BreadcrumbList","@id":"https:\/\/www.welovecycling.com\/es\/2017\/05\/10\/la-legendaria-pelicula-mtb-the-collective-ahora-disponible-online-calidad-hd\/#breadcrumb","itemListElement":[{"@type":"ListItem","position":1,"name":"Home","item":"https:\/\/www.welovecycling.com\/es\/"},{"@type":"ListItem","position":2,"name":"La legendaria pel\u00edcula sobre MTB The Collective, \u00a1ahora disponible online en calidad HD!"}]},{"@type":"WebSite","@id":"https:\/\/www.welovecycling.com\/es\/#website","url":"https:\/\/www.welovecycling.com\/es\/","name":"\u0160koda We Love Cycling - Spain","description":"\u0160koda WeLoveCycling Spain","potentialAction":[{"@type":"SearchAction","target":{"@type":"EntryPoint","urlTemplate":"https:\/\/www.welovecycling.com\/es\/?s={search_term_string}"},"query-input":{"@type":"PropertyValueSpecification","valueRequired":true,"valueName":"search_term_string"}}],"inLanguage":"es-ES"},{"@type":"Person","@id":"https:\/\/www.welovecycling.com\/es\/#\/schema\/person\/deb61715b5812698ee79fb96f343ccd4","name":"We Love Cycling Spain","image":{"@type":"ImageObject","inLanguage":"es-ES","@id":"https:\/\/www.welovecycling.com\/es\/#\/schema\/person\/image\/","url":"https:\/\/secure.gravatar.com\/avatar\/c824b04e6df0e37a03219d0b6481672889df542894588964102459e46513159c?s=96&d=mm&r=g","contentUrl":"https:\/\/secure.gravatar.com\/avatar\/c824b04e6df0e37a03219d0b6481672889df542894588964102459e46513159c?s=96&d=mm&r=g","caption":"We Love Cycling Spain"},"url":"https:\/\/www.welovecycling.com\/es\/author\/amunoz\/"}]}},"_links":{"self":[{"href":"https:\/\/www.welovecycling.com\/es\/wp-json\/wp\/v2\/posts\/499","targetHints":{"allow":["GET"]}}],"collection":[{"href":"https:\/\/www.welovecycling.com\/es\/wp-json\/wp\/v2\/posts"}],"about":[{"href":"https:\/\/www.welovecycling.com\/es\/wp-json\/wp\/v2\/types\/post"}],"author":[{"embeddable":true,"href":"https:\/\/www.welovecycling.com\/es\/wp-json\/wp\/v2\/users\/29"}],"replies":[{"embeddable":true,"href":"https:\/\/www.welovecycling.com\/es\/wp-json\/wp\/v2\/comments?post=499"}],"version-history":[{"count":2,"href":"https:\/\/www.welovecycling.com\/es\/wp-json\/wp\/v2\/posts\/499\/revisions"}],"predecessor-version":[{"id":565,"href":"https:\/\/www.welovecycling.com\/es\/wp-json\/wp\/v2\/posts\/499\/revisions\/565"}],"wp:featuredmedia":[{"embeddable":true,"href":"https:\/\/www.welovecycling.com\/es\/wp-json\/wp\/v2\/media\/510"}],"wp:attachment":[{"href":"https:\/\/www.welovecycling.com\/es\/wp-json\/wp\/v2\/media?parent=499"}],"wp:term":[{"taxonomy":"category","embeddable":true,"href":"https:\/\/www.welovecycling.com\/es\/wp-json\/wp\/v2\/categories?post=499"},{"taxonomy":"post_tag","embeddable":true,"href":"https:\/\/www.welovecycling.com\/es\/wp-json\/wp\/v2\/tags?post=499"},{"taxonomy":"global-categories","embeddable":true,"href":"https:\/\/www.welovecycling.com\/es\/wp-json\/wp\/v2\/global-categories?post=499"}],"curies":[{"name":"wp","href":"https:\/\/api.w.org\/{rel}","templated":true}]}}