{"id":4978,"date":"2019-06-20T09:45:00","date_gmt":"2019-06-20T07:45:00","guid":{"rendered":"https:\/\/www.welovecycling.com\/es\/?p=4978"},"modified":"2019-06-20T09:45:00","modified_gmt":"2019-06-20T07:45:00","slug":"bicicletas-sin-cadena","status":"publish","type":"post","link":"https:\/\/www.welovecycling.com\/es\/2019\/06\/20\/bicicletas-sin-cadena\/","title":{"rendered":"Bicicletas sin cadena"},"content":{"rendered":"<p><strong>La cadena de tu bicicleta esta grasienta, ruidosa y se estira. Se sale y a veces se rompe &#8211; s\u00f3lo porque quer\u00edas que saltara tres marchas hasta la corona m\u00e1s grande. Cadenas &#8211; \u00bfrealmente las necesitamos?<\/strong><\/p>\n<p><!--more--><\/p>\n<h2><strong>Ejes de transmisi\u00f3n<\/strong><\/h2>\n<p>Los coches no usan cadenas, as\u00ed que \u00bfpor qu\u00e9 las bicicletas? Desde 1898, los ejes de transmisi\u00f3n han sido una consideraci\u00f3n importante para los fabricantes de bicicletas. Hay muchas ventajas en un eje de transmisi\u00f3n, sobre todo el hecho de que un eje de transmisi\u00f3n puede ocupar menos espacio y estar completamente cerrado, como dice la\u00a0<a href=\"http:\/\/www.bicyclepatentartprints.com\/bicycle-wall-art-patent-prints.html\">Bicycle Patent Prints<\/a>.<\/p>\n<p><a href=\"https:\/\/d2p6e6u75xmxt8.cloudfront.net\/2\/2019\/06\/1898-double-shaft-drive-bike-drawing-print.jpg\"><img loading=\"lazy\" decoding=\"async\" class=\"alignnone size-large wp-image-4984\" src=\"https:\/\/d2p6e6u75xmxt8.cloudfront.net\/6\/2019\/06\/1898-double-shaft-drive-bike-drawing-print-1024x643.jpg\" alt=\"\" width=\"1024\" height=\"643\" srcset=\"https:\/\/d2p6e6u75xmxt8.cloudfront.net\/6\/2019\/06\/1898-double-shaft-drive-bike-drawing-print-1024x643.jpg 1024w, https:\/\/d2p6e6u75xmxt8.cloudfront.net\/6\/2019\/06\/1898-double-shaft-drive-bike-drawing-print-300x189.jpg 300w, https:\/\/d2p6e6u75xmxt8.cloudfront.net\/6\/2019\/06\/1898-double-shaft-drive-bike-drawing-print-768x483.jpg 768w, https:\/\/d2p6e6u75xmxt8.cloudfront.net\/6\/2019\/06\/1898-double-shaft-drive-bike-drawing-print.jpg 1200w\" sizes=\"auto, (max-width: 1024px) 100vw, 1024px\" \/><\/a><\/p>\n<p>Di adi\u00f3s a las manchas de grasa en los pantalones y las piernas, y podr\u00e1s dedicar m\u00e1s tiempo a la limpieza del resto de tu bicicleta. Dicho esto, incluso con los materiales m\u00e1s ligeros de los modernos, un eje de transmisi\u00f3n debe ser lo suficientemente sustancial como para proporcionar una eficiencia consistente sin deformarse.<\/p>\n<lite-youtube videoid=rgo-yEaXDzA params=\"enablejsapi=1\" style=\"background-image: url('https:\/\/i.ytimg.com\/vi_webp\/rgo-yEaXDzA\/maxresdefault.webp');\"><\/lite-youtube>\n<p>Pero, mientras que sus piernas pueden permanecer sin grasa, incluso los ejes m\u00e1s caros pesan m\u00e1s de 500 g. Y mientras que la innovaci\u00f3n de CeramicSpeed debe ser aplaudida, los ciclistas serios deben pensar largo y tendido sobre el efecto que tendr\u00e1 el par agresivo en esos pi\u00f1ones de aluminio.<\/p>\n<h2><strong>Correa de transmisi\u00f3n<\/strong><\/h2>\n<p>Con los accionamientos por correa cada vez m\u00e1s comunes en las bicicletas &#8220;commuter&#8221; y &#8220;urbanas&#8221;, es hora de abordar algunas preocupaciones. Como conductor de autom\u00f3viles y ciclista, ten\u00eda la creencia totalmente infundada de que un correa ser\u00eda casi el\u00e1stica o, peor a\u00fan, quebradiza bajo la presi\u00f3n del par de torsi\u00f3n. Pero si las transmisiones por correa eran tan fr\u00e1giles, \u00bfpor qu\u00e9 la usan en motocicletas?<\/p>\n<lite-youtube videoid=1X_Yq04KweM params=\"enablejsapi=1\" style=\"background-image: url('https:\/\/i.ytimg.com\/vi_webp\/1X_Yq04KweM\/maxresdefault.webp');\"><\/lite-youtube>\n<p>En realidad, las transmisiones por correa funcionan muy bien y, como explica el Sr. Van Duzer, requieren muy poco mantenimiento. No es necesario volver a engrasarlas y no se desgastan de la misma manera que las cadenas porque no saltan a trav\u00e9s de los engranajes de un cassette.<\/p>\n<lite-youtube videoid=huP_J7p3H0k params=\"enablejsapi=1\" style=\"background-image: url('https:\/\/i.ytimg.com\/vi_webp\/huP_J7p3H0k\/maxresdefault.webp');\"><\/lite-youtube>\n<p>Y esa es la mayor cr\u00edtica a las transmisiones por correa. Una cadena puede accionar tanto los engranajes del buje como los casetes. Pero, considerando que el bajo mantenimiento es la raz\u00f3n de ser de las transmisiones por correa, es casi una bendici\u00f3n que funcionen mejor con velocidades simples y engranajes de cubo. Y con el aumento de las prestaciones de las marchas de los bujes, a medida que aumenta la demanda de las mismas, se puede esperar ver m\u00e1s transmisiones por correa en la carretera.<\/p>\n<h2><strong>Accionamiento directo<\/strong><\/h2>\n<p>\u00bfPor qu\u00e9 no eliminar los ejes, las correas y las cadenas? La popularidad resurgente de las bicicletas de tipo penny-farthing reconecta los pedales directamente con las ruedas. Pero, como se\u00f1ala este video, una gran rueda delantera viene con un conjunto \u00fanico de problemas de seguridad. Esto puede descartar los gastos de viaje.<\/p>\n<lite-youtube videoid=RetUMNuXTv0 params=\"enablejsapi=1\" style=\"background-image: url('https:\/\/i.ytimg.com\/vi_webp\/RetUMNuXTv0\/maxresdefault.webp');\"><\/lite-youtube>\n<p>En el siguiente video, ver\u00e1s la gran alegr\u00eda que puede producir conducir un ciclo de tracci\u00f3n directa en la rueda delantera. Imag\u00ednate lo divertido que podr\u00eda ser con las marchas de buje dentro de la rueda.<\/p>\n<lite-youtube videoid=djBE9ZfHI4I params=\"enablejsapi=1\" style=\"background-image: url('https:\/\/i.ytimg.com\/vi_webp\/djBE9ZfHI4I\/maxresdefault.webp');\"><\/lite-youtube>\n<p>Si alguien sabe de un ciclo de tracci\u00f3n delantera con engranajes de cubo, por favor comp\u00e1rtalo! No puedo evitar pensar que ese ser\u00e1 el futuro de los triciclos y de los recostados por igual.<\/p>\n","protected":false},"excerpt":{"rendered":"<p>La cadena de tu bicicleta esta grasienta, ruidosa y se estira. Se sale y a veces se rompe &#8211; s\u00f3lo [&hellip;]<\/p>\n","protected":false},"author":29,"featured_media":4986,"comment_status":"open","ping_status":"open","sticky":false,"template":"","format":"standard","meta":{"footnotes":""},"categories":[7,8,9,6],"tags":[1090,1092,1091,1089],"global-categories":[],"class_list":["post-4978","post","type-post","status-publish","format-standard","has-post-thumbnail","hentry","category-carretera","category-life-style","category-mtb-aventura","category-urban","tag-alternativas-a-la-cadena-en-la-bicicleta","tag-bicicletas-con-correa-de-transmision","tag-bicicletas-con-ejes-de-transmision","tag-bicicletas-sin-cadena"],"yoast_head":"<!-- This site is optimized with the Yoast SEO Premium plugin v25.3 (Yoast SEO v25.9) - https:\/\/yoast.com\/wordpress\/plugins\/seo\/ -->\n<title>Bicicletas sin cadena - \u0160koda We Love Cycling - Spain<\/title>\n<meta name=\"description\" content=\"Bicicletas sin cadena. El futuro puede pasar por la bicicletas con ejes de transmisi\u00f3n, las correas de transmisi\u00f3n y las pi\u00f1as en la rueda delantera.\" \/>\n<meta name=\"robots\" content=\"index, follow, max-snippet:-1, max-image-preview:large, max-video-preview:-1\" \/>\n<link rel=\"canonical\" href=\"https:\/\/www.welovecycling.com\/es\/2019\/06\/20\/bicicletas-sin-cadena\/\" \/>\n<meta property=\"og:locale\" content=\"es_ES\" \/>\n<meta property=\"og:type\" content=\"article\" \/>\n<meta property=\"og:title\" content=\"Bicicletas sin cadena.\" \/>\n<meta property=\"og:description\" content=\"Bicicletas sin cadena. El futuro puede pasar por la bicicletas con ejes de transmisi\u00f3n, las correas de transmisi\u00f3n y las pi\u00f1as en la rueda delantera.\" \/>\n<meta property=\"og:url\" content=\"https:\/\/www.welovecycling.com\/es\/2019\/06\/20\/bicicletas-sin-cadena\/\" \/>\n<meta property=\"og:site_name\" content=\"\u0160koda We Love Cycling - Spain\" \/>\n<meta property=\"article:published_time\" content=\"2019-06-20T07:45:00+00:00\" \/>\n<meta property=\"og:image\" content=\"https:\/\/d2p6e6u75xmxt8.cloudfront.net\/6\/2019\/06\/bicycle-chain-profimedia-0335678677-CVR.jpg\" \/>\n\t<meta property=\"og:image:width\" content=\"1366\" \/>\n\t<meta property=\"og:image:height\" content=\"600\" \/>\n\t<meta property=\"og:image:type\" content=\"image\/jpeg\" \/>\n<meta name=\"author\" content=\"We Love Cycling Spain\" \/>\n<meta name=\"twitter:card\" content=\"summary_large_image\" \/>\n<meta name=\"twitter:title\" content=\"Bicicletas sin cadena.\" \/>\n<meta name=\"twitter:description\" content=\"Bicicletas sin cadena. El futuro puede pasar por la bicicletas con ejes de transmisi\u00f3n, las correas de transmisi\u00f3n y las pi\u00f1as en la rueda delantera.\" \/>\n<meta name=\"twitter:label1\" content=\"Written by\" \/>\n\t<meta name=\"twitter:data1\" content=\"Christopher Ashley\" \/>\n\t<meta name=\"twitter:label2\" content=\"Est. reading time\" \/>\n\t<meta name=\"twitter:data2\" content=\"5\" \/>\n<script type=\"application\/ld+json\" class=\"yoast-schema-graph\">{\"@context\":\"https:\/\/schema.org\",\"@graph\":[{\"@type\":\"WebPage\",\"@id\":\"https:\/\/www.welovecycling.com\/es\/2019\/06\/20\/bicicletas-sin-cadena\/\",\"url\":\"https:\/\/www.welovecycling.com\/es\/2019\/06\/20\/bicicletas-sin-cadena\/\",\"name\":\"Bicicletas sin cadena - \u0160koda We Love Cycling - Spain\",\"isPartOf\":{\"@id\":\"https:\/\/www.welovecycling.com\/es\/#website\"},\"primaryImageOfPage\":{\"@id\":\"https:\/\/www.welovecycling.com\/es\/2019\/06\/20\/bicicletas-sin-cadena\/#primaryimage\"},\"image\":{\"@id\":\"https:\/\/www.welovecycling.com\/es\/2019\/06\/20\/bicicletas-sin-cadena\/#primaryimage\"},\"thumbnailUrl\":\"https:\/\/d2p6e6u75xmxt8.cloudfront.net\/6\/2019\/06\/bicycle-chain-profimedia-0335678677-CVR.jpg\",\"datePublished\":\"2019-06-20T07:45:00+00:00\",\"author\":{\"@id\":\"https:\/\/www.welovecycling.com\/es\/#\/schema\/person\/deb61715b5812698ee79fb96f343ccd4\"},\"description\":\"Bicicletas sin cadena. El futuro puede pasar por la bicicletas con ejes de transmisi\u00f3n, las correas de transmisi\u00f3n y las pi\u00f1as en la rueda delantera.\",\"breadcrumb\":{\"@id\":\"https:\/\/www.welovecycling.com\/es\/2019\/06\/20\/bicicletas-sin-cadena\/#breadcrumb\"},\"inLanguage\":\"es-ES\",\"potentialAction\":[{\"@type\":\"ReadAction\",\"target\":[\"https:\/\/www.welovecycling.com\/es\/2019\/06\/20\/bicicletas-sin-cadena\/\"]}]},{\"@type\":\"ImageObject\",\"inLanguage\":\"es-ES\",\"@id\":\"https:\/\/www.welovecycling.com\/es\/2019\/06\/20\/bicicletas-sin-cadena\/#primaryimage\",\"url\":\"https:\/\/d2p6e6u75xmxt8.cloudfront.net\/6\/2019\/06\/bicycle-chain-profimedia-0335678677-CVR.jpg\",\"contentUrl\":\"https:\/\/d2p6e6u75xmxt8.cloudfront.net\/6\/2019\/06\/bicycle-chain-profimedia-0335678677-CVR.jpg\",\"width\":1366,\"height\":600},{\"@type\":\"BreadcrumbList\",\"@id\":\"https:\/\/www.welovecycling.com\/es\/2019\/06\/20\/bicicletas-sin-cadena\/#breadcrumb\",\"itemListElement\":[{\"@type\":\"ListItem\",\"position\":1,\"name\":\"Home\",\"item\":\"https:\/\/www.welovecycling.com\/es\/\"},{\"@type\":\"ListItem\",\"position\":2,\"name\":\"Bicicletas sin cadena\"}]},{\"@type\":\"WebSite\",\"@id\":\"https:\/\/www.welovecycling.com\/es\/#website\",\"url\":\"https:\/\/www.welovecycling.com\/es\/\",\"name\":\"\u0160koda We Love Cycling - Spain\",\"description\":\"\u0160koda WeLoveCycling Spain\",\"potentialAction\":[{\"@type\":\"SearchAction\",\"target\":{\"@type\":\"EntryPoint\",\"urlTemplate\":\"https:\/\/www.welovecycling.com\/es\/?s={search_term_string}\"},\"query-input\":{\"@type\":\"PropertyValueSpecification\",\"valueRequired\":true,\"valueName\":\"search_term_string\"}}],\"inLanguage\":\"es-ES\"},{\"@type\":\"Person\",\"@id\":\"https:\/\/www.welovecycling.com\/es\/#\/schema\/person\/deb61715b5812698ee79fb96f343ccd4\",\"name\":\"We Love Cycling Spain\",\"image\":{\"@type\":\"ImageObject\",\"inLanguage\":\"es-ES\",\"@id\":\"https:\/\/www.welovecycling.com\/es\/#\/schema\/person\/image\/\",\"url\":\"https:\/\/secure.gravatar.com\/avatar\/c824b04e6df0e37a03219d0b6481672889df542894588964102459e46513159c?s=96&d=mm&r=g\",\"contentUrl\":\"https:\/\/secure.gravatar.com\/avatar\/c824b04e6df0e37a03219d0b6481672889df542894588964102459e46513159c?s=96&d=mm&r=g\",\"caption\":\"We Love Cycling Spain\"},\"url\":\"https:\/\/www.welovecycling.com\/es\/author\/amunoz\/\"}]}<\/script>\n<!-- \/ Yoast SEO Premium plugin. -->","yoast_head_json":{"title":"Bicicletas sin cadena - \u0160koda We Love Cycling - Spain","description":"Bicicletas sin cadena. El futuro puede pasar por la bicicletas con ejes de transmisi\u00f3n, las correas de transmisi\u00f3n y las pi\u00f1as en la rueda delantera.","robots":{"index":"index","follow":"follow","max-snippet":"max-snippet:-1","max-image-preview":"max-image-preview:large","max-video-preview":"max-video-preview:-1"},"canonical":"https:\/\/www.welovecycling.com\/es\/2019\/06\/20\/bicicletas-sin-cadena\/","og_locale":"es_ES","og_type":"article","og_title":"Bicicletas sin cadena.","og_description":"Bicicletas sin cadena. El futuro puede pasar por la bicicletas con ejes de transmisi\u00f3n, las correas de transmisi\u00f3n y las pi\u00f1as en la rueda delantera.","og_url":"https:\/\/www.welovecycling.com\/es\/2019\/06\/20\/bicicletas-sin-cadena\/","og_site_name":"\u0160koda We Love Cycling - Spain","article_published_time":"2019-06-20T07:45:00+00:00","og_image":[{"width":1366,"height":600,"url":"https:\/\/d2p6e6u75xmxt8.cloudfront.net\/6\/2019\/06\/bicycle-chain-profimedia-0335678677-CVR.jpg","type":"image\/jpeg"}],"author":"We Love Cycling Spain","twitter_card":"summary_large_image","twitter_title":"Bicicletas sin cadena.","twitter_description":"Bicicletas sin cadena. El futuro puede pasar por la bicicletas con ejes de transmisi\u00f3n, las correas de transmisi\u00f3n y las pi\u00f1as en la rueda delantera.","twitter_misc":{"Written by":"Christopher Ashley","Est. reading time":"5"},"schema":{"@context":"https:\/\/schema.org","@graph":[{"@type":"WebPage","@id":"https:\/\/www.welovecycling.com\/es\/2019\/06\/20\/bicicletas-sin-cadena\/","url":"https:\/\/www.welovecycling.com\/es\/2019\/06\/20\/bicicletas-sin-cadena\/","name":"Bicicletas sin cadena - \u0160koda We Love Cycling - Spain","isPartOf":{"@id":"https:\/\/www.welovecycling.com\/es\/#website"},"primaryImageOfPage":{"@id":"https:\/\/www.welovecycling.com\/es\/2019\/06\/20\/bicicletas-sin-cadena\/#primaryimage"},"image":{"@id":"https:\/\/www.welovecycling.com\/es\/2019\/06\/20\/bicicletas-sin-cadena\/#primaryimage"},"thumbnailUrl":"https:\/\/d2p6e6u75xmxt8.cloudfront.net\/6\/2019\/06\/bicycle-chain-profimedia-0335678677-CVR.jpg","datePublished":"2019-06-20T07:45:00+00:00","author":{"@id":"https:\/\/www.welovecycling.com\/es\/#\/schema\/person\/deb61715b5812698ee79fb96f343ccd4"},"description":"Bicicletas sin cadena. El futuro puede pasar por la bicicletas con ejes de transmisi\u00f3n, las correas de transmisi\u00f3n y las pi\u00f1as en la rueda delantera.","breadcrumb":{"@id":"https:\/\/www.welovecycling.com\/es\/2019\/06\/20\/bicicletas-sin-cadena\/#breadcrumb"},"inLanguage":"es-ES","potentialAction":[{"@type":"ReadAction","target":["https:\/\/www.welovecycling.com\/es\/2019\/06\/20\/bicicletas-sin-cadena\/"]}]},{"@type":"ImageObject","inLanguage":"es-ES","@id":"https:\/\/www.welovecycling.com\/es\/2019\/06\/20\/bicicletas-sin-cadena\/#primaryimage","url":"https:\/\/d2p6e6u75xmxt8.cloudfront.net\/6\/2019\/06\/bicycle-chain-profimedia-0335678677-CVR.jpg","contentUrl":"https:\/\/d2p6e6u75xmxt8.cloudfront.net\/6\/2019\/06\/bicycle-chain-profimedia-0335678677-CVR.jpg","width":1366,"height":600},{"@type":"BreadcrumbList","@id":"https:\/\/www.welovecycling.com\/es\/2019\/06\/20\/bicicletas-sin-cadena\/#breadcrumb","itemListElement":[{"@type":"ListItem","position":1,"name":"Home","item":"https:\/\/www.welovecycling.com\/es\/"},{"@type":"ListItem","position":2,"name":"Bicicletas sin cadena"}]},{"@type":"WebSite","@id":"https:\/\/www.welovecycling.com\/es\/#website","url":"https:\/\/www.welovecycling.com\/es\/","name":"\u0160koda We Love Cycling - Spain","description":"\u0160koda WeLoveCycling Spain","potentialAction":[{"@type":"SearchAction","target":{"@type":"EntryPoint","urlTemplate":"https:\/\/www.welovecycling.com\/es\/?s={search_term_string}"},"query-input":{"@type":"PropertyValueSpecification","valueRequired":true,"valueName":"search_term_string"}}],"inLanguage":"es-ES"},{"@type":"Person","@id":"https:\/\/www.welovecycling.com\/es\/#\/schema\/person\/deb61715b5812698ee79fb96f343ccd4","name":"We Love Cycling Spain","image":{"@type":"ImageObject","inLanguage":"es-ES","@id":"https:\/\/www.welovecycling.com\/es\/#\/schema\/person\/image\/","url":"https:\/\/secure.gravatar.com\/avatar\/c824b04e6df0e37a03219d0b6481672889df542894588964102459e46513159c?s=96&d=mm&r=g","contentUrl":"https:\/\/secure.gravatar.com\/avatar\/c824b04e6df0e37a03219d0b6481672889df542894588964102459e46513159c?s=96&d=mm&r=g","caption":"We Love Cycling Spain"},"url":"https:\/\/www.welovecycling.com\/es\/author\/amunoz\/"}]}},"_links":{"self":[{"href":"https:\/\/www.welovecycling.com\/es\/wp-json\/wp\/v2\/posts\/4978","targetHints":{"allow":["GET"]}}],"collection":[{"href":"https:\/\/www.welovecycling.com\/es\/wp-json\/wp\/v2\/posts"}],"about":[{"href":"https:\/\/www.welovecycling.com\/es\/wp-json\/wp\/v2\/types\/post"}],"author":[{"embeddable":true,"href":"https:\/\/www.welovecycling.com\/es\/wp-json\/wp\/v2\/users\/29"}],"replies":[{"embeddable":true,"href":"https:\/\/www.welovecycling.com\/es\/wp-json\/wp\/v2\/comments?post=4978"}],"version-history":[{"count":2,"href":"https:\/\/www.welovecycling.com\/es\/wp-json\/wp\/v2\/posts\/4978\/revisions"}],"predecessor-version":[{"id":4987,"href":"https:\/\/www.welovecycling.com\/es\/wp-json\/wp\/v2\/posts\/4978\/revisions\/4987"}],"wp:featuredmedia":[{"embeddable":true,"href":"https:\/\/www.welovecycling.com\/es\/wp-json\/wp\/v2\/media\/4986"}],"wp:attachment":[{"href":"https:\/\/www.welovecycling.com\/es\/wp-json\/wp\/v2\/media?parent=4978"}],"wp:term":[{"taxonomy":"category","embeddable":true,"href":"https:\/\/www.welovecycling.com\/es\/wp-json\/wp\/v2\/categories?post=4978"},{"taxonomy":"post_tag","embeddable":true,"href":"https:\/\/www.welovecycling.com\/es\/wp-json\/wp\/v2\/tags?post=4978"},{"taxonomy":"global-categories","embeddable":true,"href":"https:\/\/www.welovecycling.com\/es\/wp-json\/wp\/v2\/global-categories?post=4978"}],"curies":[{"name":"wp","href":"https:\/\/api.w.org\/{rel}","templated":true}]}}