{"id":4972,"date":"2019-06-18T09:54:49","date_gmt":"2019-06-18T07:54:49","guid":{"rendered":"https:\/\/www.welovecycling.com\/es\/?p=4972"},"modified":"2019-06-18T09:54:49","modified_gmt":"2019-06-18T07:54:49","slug":"los-puertos-tour-saint-lary","status":"publish","type":"post","link":"https:\/\/www.welovecycling.com\/es\/2019\/06\/18\/los-puertos-tour-saint-lary\/","title":{"rendered":"Los puertos Tour del valle de Saint Lary"},"content":{"rendered":"<p><strong>Solo hace falta pasar la frontera por el t\u00fanel de Bielsa y en poco m\u00e1s de 20 kil\u00f3metros a la redonda tenemos parte de la historia del ciclismo. Son los puertos del Tour de Saint Lary y que pedaleamos durante <a href=\"https:\/\/ciclored.com\/campus-piritour-2019\/\">tres d\u00edas junto a Joseba Beloki<\/a>. Nadie mejor que \u00e9l para descubrir una zona que te &#8216;obliga&#8217; a sumergirte en el esp\u00edritu del Tour.<\/strong><!--more--><\/p>\n<p>A partir de principios del mes de junio la mayor\u00eda de los puertos de Pirineos ya est\u00e1n abiertos para rodar en bicicleta. La subida del monumento al ciclista al Tourmalet, que durante el invierno est\u00e1 en la estaci\u00f3n de servicio de los Pirineos, abre el peregrinar por la cara francesa de la cordillera.<\/p>\n<p><a href=\"https:\/\/d2p6e6u75xmxt8.cloudfront.net\/6\/2019\/06\/PIRITOUR-96.JPG.jpg\"><img loading=\"lazy\" decoding=\"async\" class=\"aligncenter size-large wp-image-4974\" src=\"https:\/\/d2p6e6u75xmxt8.cloudfront.net\/6\/2019\/06\/PIRITOUR-96.JPG-1024x786.jpg\" alt=\"\" width=\"1024\" height=\"786\" srcset=\"https:\/\/d2p6e6u75xmxt8.cloudfront.net\/6\/2019\/06\/PIRITOUR-96.JPG-1024x786.jpg 1024w, https:\/\/d2p6e6u75xmxt8.cloudfront.net\/6\/2019\/06\/PIRITOUR-96.JPG-300x230.jpg 300w, https:\/\/d2p6e6u75xmxt8.cloudfront.net\/6\/2019\/06\/PIRITOUR-96.JPG-768x590.jpg 768w, https:\/\/d2p6e6u75xmxt8.cloudfront.net\/6\/2019\/06\/PIRITOUR-96.JPG.jpg 1042w\" sizes=\"auto, (max-width: 1024px) 100vw, 1024px\" \/><\/a><\/p>\n<p>El pueblo de<strong> Saint Lary<\/strong>, que en invierno vive el turismo de esqu\u00ed, se transforma en verano en un para\u00edso para ciclistas. Desde sus calles se puede emprender viaje a hasta seis puertos de monta\u00f1a empleados por el Tour (adem\u00e1s de Cap de Long) sin tener que hacer paso previo por otra cima. Tambi\u00e9n puedes llegar al Tourmalet, pero siempre previa subida a Aspin o Hourquette de Ancizan. Vamos a repasarlos uno a uno.<\/p>\n<h4>PORTET, EL NUEVO REY (2215 metros)\/PLA DE ADET<\/h4>\n<p>Pese a que solo se ha subido una vez en el Tour, y fue en 2018 con victoria de Nairo Quintana, el Col du Portet ya est\u00e1 considerado como uno de los reyes de los Pirineos. Sus n\u00fameros cantan. 17 kil\u00f3metros y una media del 8,9%. <a href=\"https:\/\/www.welovecycling.com\/es\/2018\/07\/24\/col-de-portet\/\">Nosotros ya te lo analizamos d\u00eda antes del Tour de Francia<\/a>.\u00a0 No tiene nada que envidiar al Tourmalet e incluso finaliza a m\u00e1s altitud.<\/p>\n<p>Para llegar al Portet solo hay que rodar un kil\u00f3metro desde Saint Lary hasta Vignec. All\u00ed arranca la subida de Pla de Adet, que comparte los ocho kil\u00f3metros iniciales con Portet. Son de carretera ancha y desniveles continuos al 10%. El descansillo de Espiaube, donde se desv\u00eda la carretera a la derecha, da paso a los 8,5 kil\u00f3metros finales con piso rugoso e irregular (la nieve ha hecho estragos este invierno) y desniveles medios del 9%.<\/p>\n<p>Si retornas a Espiaube puedes afrontar los \u00faltimos tres kil\u00f3metros de<strong> Pla de Adet<\/strong>. Un puerto que el Tour ha visitado hasta en una decena de ocasiones con victorias de Poulidor, Van Impe o Lance Armstrong.<\/p>\n<p><img loading=\"lazy\" decoding=\"async\" class=\"size-extra-large aligncenter\" src=\"https:\/\/www.colduportet.fr\/sites\/saintlary-cyclo\/files\/styles\/gallery_lightbox\/public\/content\/images\/tdf18_et17_pp_col_de_portet_1.jpg?itok=yix-kiTu\" width=\"961\" height=\"1218\" \/><\/p>\n<p>&nbsp;<\/p>\n<h4>PEYRESOURDE\/PEYRAGUDES (1569 metros)<\/h4>\n<p>Para llegar al<strong> Peyresourde<\/strong> solo hay que rodar por el plano hasta Arreau. All\u00ed se gira a la derecha para subir ligeramente durante una decena de kil\u00f3metros hasta Cazaux Es all\u00ed realmente donde arrancan los nueve kil\u00f3metros al 6,5% de esta cima. En los \u00faltimos a\u00f1os adem\u00e1s, han asfaltado totalmente la carretera, por lo que lo convierten en un puerto no demasiado duro y muy &#8216;ciclable&#8217;.<\/p>\n<p>Pero claro. Tiene una sorpresa escondida. Durante a\u00f1os el <strong>Peyresourde<\/strong> para el Tour fue solo un puerto de paso. Tanto desde la vertiente de Luchon como la de Arreau. En una direcci\u00f3n o la otra y en alguna ocasi\u00f3n como \u00faltimo puerto, pero nunca con la cima arriba.<\/p>\n<p>Eso cambi\u00f3 en 2012 con la inclusi\u00f3n de la estaci\u00f3n de esqu\u00ed de Peyragudes. Para acceder a ella se puede ir desde la cima de Peyresourde en un kil\u00f3metro plano o si se sube desde la vertiente de Arreau a falta de tres kil\u00f3metros y medio para terminar el puerto. Desde esa cara son 3 kil\u00f3metros con rampas del 9% y un remate final en el altiport de la estaci\u00f3n con 400 metros al 16%. <a href=\"http:\/\/www.rtve.es\/alacarta\/videos\/tour-de-francia\/tour-ultimos2km-130717\/4113844\/\">Alli donde Bardet y Landa soltaron a Froome en el Tour\u00a0 de 2017.<\/a><\/p>\n<p><img loading=\"lazy\" decoding=\"async\" class=\"size-extra-large aligncenter\" src=\"https:\/\/velopeloton.com\/wp-content\/uploads\/2014\/11\/12061442116-hoehenprofil-tour-de-france-2012-etappe-16-col-de-peyresourde.jpg\" width=\"400\" height=\"367\" \/><\/p>\n<h4>COL DE ASPIN (1490 metros)<\/h4>\n<p>La historia del Col de Aspin va unida a la de Peyresourde. Son dos puertos de paso muy similares y viven unidos al Tourmalet. La dupla Aspin-Tourmalet suena en los o\u00eddos de cualquier aficionado al ciclismo y al Tour. No es demasiado duro, 12 kil\u00f3metros con una media del <strong>6,5 % desde Arreau, y que tampoco tiene ninguna rampa por encima del 10%<\/strong>, pero al final supone un esfuerzo que suele ir unido a otro puerto, por lo que conviene regular.<\/p>\n<p>Para llegar a \u00e9l solo hay que rodar diez kil\u00f3metros planos desde Saint Lary hasta Arreau y all\u00ed girar a la izquierda. Si el d\u00eda est\u00e1 despejado ofrece una magn\u00edficas vistas de todo el valle, desde la frontera del T\u00fanel de Bielsa hasta Peyresourde.<\/p>\n<p>En el Tour se ha subido 67 veces y por la cima en cabeza han pasado escaladores como Virenque, Chiappucci, Van Impe, Bahamontes, Julio Jim\u00e9nez o Fausto Coppi.<\/p>\n<p><img loading=\"lazy\" decoding=\"async\" class=\"size-extra-large aligncenter\" src=\"https:\/\/i.pinimg.com\/originals\/a3\/ee\/d5\/a3eed51a23099a0d1afb9a7b8da9b532.png\" width=\"379\" height=\"323\" \/><\/p>\n<h4>HOURQUETTE DE ANCIZAN (1564 metros)<\/h4>\n<p>Pese a estar a un paso del Tourmalet, la Hourquette de Ancizan solo lleg\u00f3 al Tour de Francia en el a\u00f1o 2011 y solo se ha subido en tres ocasiones. La cuarta ser\u00e1 en este 2019. Es un puerto paralelo a Aspin y que en su descenso se une en el Lac de Payolle.<\/p>\n<p>Para llegar a \u00e9l solo hay que desviarse a la izquierda en Ancizan, unos cinco kil\u00f3metros antes de Arreau, donde empieza Aspin. Eso s\u00ed, el puerto no tiene nada que ver. Se corona a 1.564 pero es de los duros. Primero porque tiene un asfalto rugoso y la carretera <strong>es bastante estrecha y despu\u00e9s porque en su interior esconde casi 10 kil\u00f3metros a una media del 7,5%, rebajada solo por un descansillo a mitad de puerto al 5,5%<\/strong>. El resto rara vez baja del 8,5%.<\/p>\n<p><img loading=\"lazy\" decoding=\"async\" class=\"size-extra-large aligncenter\" src=\"http:\/\/www.ciclo21.com\/wp-content\/uploads\/2013\/07\/HOURQUETTE.png\" width=\"500\" height=\"448\" \/><\/p>\n<h4>VAL LOURON\/COL D AZET (1580 metros)<\/h4>\n<p>El Col de Azet tiene dos subidas. Una, desde el mismo pueblo desde Saint Lary y la otra despu\u00e9s de llanear camino de Peyreourde y desviarse en el pueblo de Genos. Por fama, la segunda es recordada entre los aficionados al ciclismo por el Tour de 1991. All\u00ed, en la estaci\u00f3n de esqu\u00ed de<a href=\"https:\/\/www.youtube.com\/watch?v=IDf30P5VEgA\"> Val Louron, venci\u00f3 Claudio Chiappucci pero se visti\u00f3 de amarillo por primera vez Miguel Indurain<\/a>. Fue la primer y \u00fanica vez que el Tour acab\u00f3 all\u00ed. El resto de las ocasiones siempre ha sido puerto de paso.<\/p>\n<p>Desde la vertiente de<strong> Genos (la de Indurain y Chiappucci) son 7,8 kil\u00f3metros al 8,5% de media,<\/strong> pero lo m\u00e1s duro son los cuatro kil\u00f3metros iniciales, con una media del 10%. Eso s\u00ed, de carretera bien asfaltada. Desde aquel 1991 se ha subido por esta vertiente en otras 9 ocasiones, siempre como puerto de paso.<\/p>\n<p>Por la otra vertiente, desde <strong>Saint Lary tambi\u00e9n es un puerto duro. M\u00e1s de 10 kil\u00f3metros con una media del 7,5% y con varios tramos por encima del 10%<\/strong>. Eso si, carretera mal asfaltada e incluso con arena en algunos costados.<\/p>\n<p><img loading=\"lazy\" decoding=\"async\" class=\"size-extra-large aligncenter\" src=\"https:\/\/cycling-passion.com\/wp-content\/uploads\/2012\/10\/Tour-de-France-2013-stage-9-climb-details-Col-de-Val-Louron-Azet.jpg\" width=\"400\" height=\"361\" \/><\/p>\n<h4>PIAU ENGALY (1870 metros)<\/h4>\n<p>Pese a que se corona a 1870 metros y en la cima hay una estaci\u00f3n de esqu\u00ed, el Tour de Francia solo ha llegado en una ocasi\u00f3n all\u00ed y fue en <a href=\"https:\/\/youtu.be\/9A2DJUKCSbI\">1999 con victoria de Fernando Escart\u00edn<\/a>. La subida a Piau Engaly desde Saint Lary implica girar en direcci\u00f3n a la frontera espa\u00f1ola.<\/p>\n<p>Son 20 kil\u00f3metros a una media del 5,2%, aunque es cierto que el puerto se divide en dos fases. La primera son los 10 kil\u00f3metros asequibles que hay desde Saint Lary hasta Aragnouet, en la misma carretera que lleva al t\u00fanel de Bielsa. All\u00ed un giro a la derecha da acceso a los 10 kil\u00f3metros finales, muchos m\u00e1s duros y constantes, siempre con porcentaje entre el 7 y el 8%. Carretera muy ancha y casi sin tr\u00e1fico, ya que en verano la estaci\u00f3n de esqu\u00ed est\u00e1 pr\u00e1cticamente cerrada.<\/p>\n<p>A la bajada y camino de Saint Lary siempre puedes ascender a <strong><a href=\"http:\/\/1001puertosdemontana.blogspot.com\/2010\/11\/alto-del-lago-de-cap-de-long.html\">Cap de Long<\/a>,<\/strong> uno de los puertos m\u00e1s bellos de Pirineos y por donde jam\u00e1s ha pasado el Tour.<\/p>\n<figure id=\"attachment_4975\" aria-describedby=\"caption-attachment-4975\" style=\"width: 1024px\" class=\"wp-caption aligncenter\"><a href=\"https:\/\/d2p6e6u75xmxt8.cloudfront.net\/6\/2019\/06\/PIRITOUR-43.JPG.jpg\"><img loading=\"lazy\" decoding=\"async\" class=\"wp-image-4975 size-large\" src=\"https:\/\/d2p6e6u75xmxt8.cloudfront.net\/6\/2019\/06\/PIRITOUR-43.JPG-1024x678.jpg\" alt=\"\" width=\"1024\" height=\"678\" srcset=\"https:\/\/d2p6e6u75xmxt8.cloudfront.net\/6\/2019\/06\/PIRITOUR-43.JPG-1024x678.jpg 1024w, https:\/\/d2p6e6u75xmxt8.cloudfront.net\/6\/2019\/06\/PIRITOUR-43.JPG-300x199.jpg 300w, https:\/\/d2p6e6u75xmxt8.cloudfront.net\/6\/2019\/06\/PIRITOUR-43.JPG-768x509.jpg 768w, https:\/\/d2p6e6u75xmxt8.cloudfront.net\/6\/2019\/06\/PIRITOUR-43.JPG.jpg 1200w\" sizes=\"auto, (max-width: 1024px) 100vw, 1024px\" \/><\/a><figcaption id=\"caption-attachment-4975\" class=\"wp-caption-text\">Cap de Long no se ha subido en el Tour, Pero no te lo puedes perder.<\/figcaption><\/figure>\n<p>&nbsp;<\/p>\n","protected":false},"excerpt":{"rendered":"<p>Solo hace falta pasar la frontera por el t\u00fanel de Bielsa y en poco m\u00e1s de 20 kil\u00f3metros a la [&hellip;]<\/p>\n","protected":false},"author":29,"featured_media":4973,"comment_status":"open","ping_status":"open","sticky":false,"template":"","format":"standard","meta":{"footnotes":""},"categories":[7],"tags":[1084,1083,553,1087,1088,1086,1085,1082],"global-categories":[],"class_list":["post-4972","post","type-post","status-publish","format-standard","has-post-thumbnail","hentry","category-carretera","tag-col-de-aspin","tag-col-de-azet","tag-col-du-portet","tag-hourquette-de-ancizan","tag-peyresourde","tag-piau-engaly","tag-pla-de-adet","tag-val-louron"],"yoast_head":"<!-- This site is optimized with the Yoast SEO Premium plugin v25.3 (Yoast SEO v25.9) - https:\/\/yoast.com\/wordpress\/plugins\/seo\/ -->\n<title>Los puertos Tour del valle de Saint Lary - \u0160koda We Love Cycling - Spain<\/title>\n<meta name=\"description\" content=\"Los puertos Tour de Saint Lary. Todos los puertos que puedes subir desde Saint Lary. Portet, Peyresourde, Val Louron, Aspin, Hourquette y Piau Engaly.\" \/>\n<meta name=\"robots\" content=\"index, follow, max-snippet:-1, max-image-preview:large, max-video-preview:-1\" \/>\n<link rel=\"canonical\" href=\"https:\/\/www.welovecycling.com\/es\/2019\/06\/18\/los-puertos-tour-saint-lary\/\" \/>\n<meta property=\"og:locale\" content=\"es_ES\" \/>\n<meta property=\"og:type\" content=\"article\" \/>\n<meta property=\"og:title\" content=\"Los puertos Tour del valle de Saint Lary\" \/>\n<meta property=\"og:description\" content=\"Los puertos Tour de Saint Lary. Todos los puertos que puedes subir desde Saint Lary. Portet, Peyresourde, Val Louron, Aspin, Hourquette y Piau Engaly.\" \/>\n<meta property=\"og:url\" content=\"https:\/\/www.welovecycling.com\/es\/2019\/06\/18\/los-puertos-tour-saint-lary\/\" \/>\n<meta property=\"og:site_name\" content=\"\u0160koda We Love Cycling - Spain\" \/>\n<meta property=\"article:published_time\" content=\"2019-06-18T07:54:49+00:00\" \/>\n<meta property=\"og:image\" content=\"https:\/\/d2p6e6u75xmxt8.cloudfront.net\/6\/2019\/06\/PIRITOUR-249.JPG.jpg\" \/>\n\t<meta property=\"og:image:width\" content=\"1200\" \/>\n\t<meta property=\"og:image:height\" content=\"530\" \/>\n\t<meta property=\"og:image:type\" content=\"image\/jpeg\" \/>\n<meta name=\"author\" content=\"We Love Cycling Spain\" \/>\n<meta name=\"twitter:card\" content=\"summary_large_image\" \/>\n<meta name=\"twitter:title\" content=\"Los puertos Tour del valle de Saint Lary\" \/>\n<meta name=\"twitter:description\" content=\"Los puertos Tour de Saint Lary. Todos los puertos que puedes subir desde Saint Lary. Portet, Peyresourde, Val Louron, Aspin, Hourquette y Piau Engaly.\" \/>\n<meta name=\"twitter:label1\" content=\"Written by\" \/>\n\t<meta name=\"twitter:data1\" content=\"Luis Ortega @ciclored\" \/>\n\t<meta name=\"twitter:label2\" content=\"Est. reading time\" \/>\n\t<meta name=\"twitter:data2\" content=\"7 minutes\" \/>\n<script type=\"application\/ld+json\" class=\"yoast-schema-graph\">{\"@context\":\"https:\/\/schema.org\",\"@graph\":[{\"@type\":\"WebPage\",\"@id\":\"https:\/\/www.welovecycling.com\/es\/2019\/06\/18\/los-puertos-tour-saint-lary\/\",\"url\":\"https:\/\/www.welovecycling.com\/es\/2019\/06\/18\/los-puertos-tour-saint-lary\/\",\"name\":\"Los puertos Tour del valle de Saint Lary - \u0160koda We Love Cycling - Spain\",\"isPartOf\":{\"@id\":\"https:\/\/www.welovecycling.com\/es\/#website\"},\"primaryImageOfPage\":{\"@id\":\"https:\/\/www.welovecycling.com\/es\/2019\/06\/18\/los-puertos-tour-saint-lary\/#primaryimage\"},\"image\":{\"@id\":\"https:\/\/www.welovecycling.com\/es\/2019\/06\/18\/los-puertos-tour-saint-lary\/#primaryimage\"},\"thumbnailUrl\":\"https:\/\/d2p6e6u75xmxt8.cloudfront.net\/6\/2019\/06\/PIRITOUR-249.JPG.jpg\",\"datePublished\":\"2019-06-18T07:54:49+00:00\",\"author\":{\"@id\":\"https:\/\/www.welovecycling.com\/es\/#\/schema\/person\/deb61715b5812698ee79fb96f343ccd4\"},\"description\":\"Los puertos Tour de Saint Lary. Todos los puertos que puedes subir desde Saint Lary. Portet, Peyresourde, Val Louron, Aspin, Hourquette y Piau Engaly.\",\"breadcrumb\":{\"@id\":\"https:\/\/www.welovecycling.com\/es\/2019\/06\/18\/los-puertos-tour-saint-lary\/#breadcrumb\"},\"inLanguage\":\"es-ES\",\"potentialAction\":[{\"@type\":\"ReadAction\",\"target\":[\"https:\/\/www.welovecycling.com\/es\/2019\/06\/18\/los-puertos-tour-saint-lary\/\"]}]},{\"@type\":\"ImageObject\",\"inLanguage\":\"es-ES\",\"@id\":\"https:\/\/www.welovecycling.com\/es\/2019\/06\/18\/los-puertos-tour-saint-lary\/#primaryimage\",\"url\":\"https:\/\/d2p6e6u75xmxt8.cloudfront.net\/6\/2019\/06\/PIRITOUR-249.JPG.jpg\",\"contentUrl\":\"https:\/\/d2p6e6u75xmxt8.cloudfront.net\/6\/2019\/06\/PIRITOUR-249.JPG.jpg\",\"width\":1200,\"height\":530},{\"@type\":\"BreadcrumbList\",\"@id\":\"https:\/\/www.welovecycling.com\/es\/2019\/06\/18\/los-puertos-tour-saint-lary\/#breadcrumb\",\"itemListElement\":[{\"@type\":\"ListItem\",\"position\":1,\"name\":\"Home\",\"item\":\"https:\/\/www.welovecycling.com\/es\/\"},{\"@type\":\"ListItem\",\"position\":2,\"name\":\"Los puertos Tour del valle de Saint Lary\"}]},{\"@type\":\"WebSite\",\"@id\":\"https:\/\/www.welovecycling.com\/es\/#website\",\"url\":\"https:\/\/www.welovecycling.com\/es\/\",\"name\":\"\u0160koda We Love Cycling - Spain\",\"description\":\"\u0160koda WeLoveCycling Spain\",\"potentialAction\":[{\"@type\":\"SearchAction\",\"target\":{\"@type\":\"EntryPoint\",\"urlTemplate\":\"https:\/\/www.welovecycling.com\/es\/?s={search_term_string}\"},\"query-input\":{\"@type\":\"PropertyValueSpecification\",\"valueRequired\":true,\"valueName\":\"search_term_string\"}}],\"inLanguage\":\"es-ES\"},{\"@type\":\"Person\",\"@id\":\"https:\/\/www.welovecycling.com\/es\/#\/schema\/person\/deb61715b5812698ee79fb96f343ccd4\",\"name\":\"We Love Cycling Spain\",\"image\":{\"@type\":\"ImageObject\",\"inLanguage\":\"es-ES\",\"@id\":\"https:\/\/www.welovecycling.com\/es\/#\/schema\/person\/image\/\",\"url\":\"https:\/\/secure.gravatar.com\/avatar\/c824b04e6df0e37a03219d0b6481672889df542894588964102459e46513159c?s=96&d=mm&r=g\",\"contentUrl\":\"https:\/\/secure.gravatar.com\/avatar\/c824b04e6df0e37a03219d0b6481672889df542894588964102459e46513159c?s=96&d=mm&r=g\",\"caption\":\"We Love Cycling Spain\"},\"url\":\"https:\/\/www.welovecycling.com\/es\/author\/amunoz\/\"}]}<\/script>\n<!-- \/ Yoast SEO Premium plugin. -->","yoast_head_json":{"title":"Los puertos Tour del valle de Saint Lary - \u0160koda We Love Cycling - Spain","description":"Los puertos Tour de Saint Lary. Todos los puertos que puedes subir desde Saint Lary. Portet, Peyresourde, Val Louron, Aspin, Hourquette y Piau Engaly.","robots":{"index":"index","follow":"follow","max-snippet":"max-snippet:-1","max-image-preview":"max-image-preview:large","max-video-preview":"max-video-preview:-1"},"canonical":"https:\/\/www.welovecycling.com\/es\/2019\/06\/18\/los-puertos-tour-saint-lary\/","og_locale":"es_ES","og_type":"article","og_title":"Los puertos Tour del valle de Saint Lary","og_description":"Los puertos Tour de Saint Lary. Todos los puertos que puedes subir desde Saint Lary. Portet, Peyresourde, Val Louron, Aspin, Hourquette y Piau Engaly.","og_url":"https:\/\/www.welovecycling.com\/es\/2019\/06\/18\/los-puertos-tour-saint-lary\/","og_site_name":"\u0160koda We Love Cycling - Spain","article_published_time":"2019-06-18T07:54:49+00:00","og_image":[{"width":1200,"height":530,"url":"https:\/\/d2p6e6u75xmxt8.cloudfront.net\/6\/2019\/06\/PIRITOUR-249.JPG.jpg","type":"image\/jpeg"}],"author":"We Love Cycling Spain","twitter_card":"summary_large_image","twitter_title":"Los puertos Tour del valle de Saint Lary","twitter_description":"Los puertos Tour de Saint Lary. Todos los puertos que puedes subir desde Saint Lary. Portet, Peyresourde, Val Louron, Aspin, Hourquette y Piau Engaly.","twitter_misc":{"Written by":"Luis Ortega @ciclored","Est. reading time":"7 minutes"},"schema":{"@context":"https:\/\/schema.org","@graph":[{"@type":"WebPage","@id":"https:\/\/www.welovecycling.com\/es\/2019\/06\/18\/los-puertos-tour-saint-lary\/","url":"https:\/\/www.welovecycling.com\/es\/2019\/06\/18\/los-puertos-tour-saint-lary\/","name":"Los puertos Tour del valle de Saint Lary - \u0160koda We Love Cycling - Spain","isPartOf":{"@id":"https:\/\/www.welovecycling.com\/es\/#website"},"primaryImageOfPage":{"@id":"https:\/\/www.welovecycling.com\/es\/2019\/06\/18\/los-puertos-tour-saint-lary\/#primaryimage"},"image":{"@id":"https:\/\/www.welovecycling.com\/es\/2019\/06\/18\/los-puertos-tour-saint-lary\/#primaryimage"},"thumbnailUrl":"https:\/\/d2p6e6u75xmxt8.cloudfront.net\/6\/2019\/06\/PIRITOUR-249.JPG.jpg","datePublished":"2019-06-18T07:54:49+00:00","author":{"@id":"https:\/\/www.welovecycling.com\/es\/#\/schema\/person\/deb61715b5812698ee79fb96f343ccd4"},"description":"Los puertos Tour de Saint Lary. Todos los puertos que puedes subir desde Saint Lary. Portet, Peyresourde, Val Louron, Aspin, Hourquette y Piau Engaly.","breadcrumb":{"@id":"https:\/\/www.welovecycling.com\/es\/2019\/06\/18\/los-puertos-tour-saint-lary\/#breadcrumb"},"inLanguage":"es-ES","potentialAction":[{"@type":"ReadAction","target":["https:\/\/www.welovecycling.com\/es\/2019\/06\/18\/los-puertos-tour-saint-lary\/"]}]},{"@type":"ImageObject","inLanguage":"es-ES","@id":"https:\/\/www.welovecycling.com\/es\/2019\/06\/18\/los-puertos-tour-saint-lary\/#primaryimage","url":"https:\/\/d2p6e6u75xmxt8.cloudfront.net\/6\/2019\/06\/PIRITOUR-249.JPG.jpg","contentUrl":"https:\/\/d2p6e6u75xmxt8.cloudfront.net\/6\/2019\/06\/PIRITOUR-249.JPG.jpg","width":1200,"height":530},{"@type":"BreadcrumbList","@id":"https:\/\/www.welovecycling.com\/es\/2019\/06\/18\/los-puertos-tour-saint-lary\/#breadcrumb","itemListElement":[{"@type":"ListItem","position":1,"name":"Home","item":"https:\/\/www.welovecycling.com\/es\/"},{"@type":"ListItem","position":2,"name":"Los puertos Tour del valle de Saint Lary"}]},{"@type":"WebSite","@id":"https:\/\/www.welovecycling.com\/es\/#website","url":"https:\/\/www.welovecycling.com\/es\/","name":"\u0160koda We Love Cycling - Spain","description":"\u0160koda WeLoveCycling Spain","potentialAction":[{"@type":"SearchAction","target":{"@type":"EntryPoint","urlTemplate":"https:\/\/www.welovecycling.com\/es\/?s={search_term_string}"},"query-input":{"@type":"PropertyValueSpecification","valueRequired":true,"valueName":"search_term_string"}}],"inLanguage":"es-ES"},{"@type":"Person","@id":"https:\/\/www.welovecycling.com\/es\/#\/schema\/person\/deb61715b5812698ee79fb96f343ccd4","name":"We Love Cycling Spain","image":{"@type":"ImageObject","inLanguage":"es-ES","@id":"https:\/\/www.welovecycling.com\/es\/#\/schema\/person\/image\/","url":"https:\/\/secure.gravatar.com\/avatar\/c824b04e6df0e37a03219d0b6481672889df542894588964102459e46513159c?s=96&d=mm&r=g","contentUrl":"https:\/\/secure.gravatar.com\/avatar\/c824b04e6df0e37a03219d0b6481672889df542894588964102459e46513159c?s=96&d=mm&r=g","caption":"We Love Cycling Spain"},"url":"https:\/\/www.welovecycling.com\/es\/author\/amunoz\/"}]}},"_links":{"self":[{"href":"https:\/\/www.welovecycling.com\/es\/wp-json\/wp\/v2\/posts\/4972","targetHints":{"allow":["GET"]}}],"collection":[{"href":"https:\/\/www.welovecycling.com\/es\/wp-json\/wp\/v2\/posts"}],"about":[{"href":"https:\/\/www.welovecycling.com\/es\/wp-json\/wp\/v2\/types\/post"}],"author":[{"embeddable":true,"href":"https:\/\/www.welovecycling.com\/es\/wp-json\/wp\/v2\/users\/29"}],"replies":[{"embeddable":true,"href":"https:\/\/www.welovecycling.com\/es\/wp-json\/wp\/v2\/comments?post=4972"}],"version-history":[{"count":2,"href":"https:\/\/www.welovecycling.com\/es\/wp-json\/wp\/v2\/posts\/4972\/revisions"}],"predecessor-version":[{"id":4977,"href":"https:\/\/www.welovecycling.com\/es\/wp-json\/wp\/v2\/posts\/4972\/revisions\/4977"}],"wp:featuredmedia":[{"embeddable":true,"href":"https:\/\/www.welovecycling.com\/es\/wp-json\/wp\/v2\/media\/4973"}],"wp:attachment":[{"href":"https:\/\/www.welovecycling.com\/es\/wp-json\/wp\/v2\/media?parent=4972"}],"wp:term":[{"taxonomy":"category","embeddable":true,"href":"https:\/\/www.welovecycling.com\/es\/wp-json\/wp\/v2\/categories?post=4972"},{"taxonomy":"post_tag","embeddable":true,"href":"https:\/\/www.welovecycling.com\/es\/wp-json\/wp\/v2\/tags?post=4972"},{"taxonomy":"global-categories","embeddable":true,"href":"https:\/\/www.welovecycling.com\/es\/wp-json\/wp\/v2\/global-categories?post=4972"}],"curies":[{"name":"wp","href":"https:\/\/api.w.org\/{rel}","templated":true}]}}