{"id":4965,"date":"2019-06-17T12:03:00","date_gmt":"2019-06-17T10:03:00","guid":{"rendered":"https:\/\/www.welovecycling.com\/es\/?p=4965"},"modified":"2019-06-17T12:03:00","modified_gmt":"2019-06-17T10:03:00","slug":"skoda-karoq-velo-coche-para-ciclistas","status":"publish","type":"post","link":"https:\/\/www.welovecycling.com\/es\/2019\/06\/17\/skoda-karoq-velo-coche-para-ciclistas\/","title":{"rendered":"\u0160koda KAROQ Velo: Un coche para ciclistas"},"content":{"rendered":"<p><strong>Cuando 1.500 ciclistas se re\u00fanen en una encuesta dise\u00f1ada para producir el coche perfecto para acompa\u00f1ar el estilo de vida ciclista, puedes apostar que el resultado va a ser bastante espec\u00edfico. \u0160koda, como patrocinador y promotor de m\u00faltiples eventos y actividades ciclistas, ha ideado un concepto que deber\u00eda ofrecer todo lo que un ciclista activo puede pedir a un autom\u00f3vil.<\/strong><!--more--><\/p>\n<lite-youtube videoid=YoVHyCCfEOw params=\"enablejsapi=1\" style=\"background-image: url('https:\/\/i.ytimg.com\/vi_webp\/YoVHyCCfEOw\/maxresdefault.webp');\"><\/lite-youtube>\n<p>M\u00e1s concretamente, la sucursal brit\u00e1nica de la empresa llev\u00f3 a cabo la encuesta y dio vida a la idea. Al preguntar a los ciclistas acerca de los mayores inconvenientes del ciclismo y de todo lo que le rodea, descubrieron dos grandes inconvenientes: la ropa de ciclista sudada y una bicicleta embarrada cuando volv\u00edan al coche despu\u00e9s de un entrenamiento. Para hacer frente a estos problemas en este coche de concepto \u00fanico en su tipo caben una peque\u00f1a lavadora para su ropa y una maquina para lavar bicicletas. El KAROQ es un SUV de tama\u00f1o mediano, por lo que hab\u00eda suficiente espacio para otros gadgets \u00fatiles, como una nevera para bidones y una caja de herramientas completa en el maletero. En cuanto al espacio para guardar las bicicletas, hay un portabicicletas en el techo y un espacio interior dedicado para un cuadro de bicicleta. A pesar de que un tercio de los asientos traseros del KAROQ se han eliminado para dar paso al almacenamiento interior, \u0160koda afirma que la practicidad no se ha visto afectada y que cuatro adultos a\u00fan pueden caber c\u00f3modamente en ellos.<\/p>\n<p><a href=\"https:\/\/d2p6e6u75xmxt8.cloudfront.net\/6\/2019\/06\/50638aa6-skoda-karoq-velo-concept-car-14-1.jpg\"><img loading=\"lazy\" decoding=\"async\" class=\"alignnone size-full wp-image-4967\" src=\"https:\/\/d2p6e6u75xmxt8.cloudfront.net\/6\/2019\/06\/50638aa6-skoda-karoq-velo-concept-car-14-1.jpg\" alt=\"\" width=\"1754\" height=\"1240\" srcset=\"https:\/\/d2p6e6u75xmxt8.cloudfront.net\/6\/2019\/06\/50638aa6-skoda-karoq-velo-concept-car-14-1.jpg 1754w, https:\/\/d2p6e6u75xmxt8.cloudfront.net\/6\/2019\/06\/50638aa6-skoda-karoq-velo-concept-car-14-1-300x212.jpg 300w, https:\/\/d2p6e6u75xmxt8.cloudfront.net\/6\/2019\/06\/50638aa6-skoda-karoq-velo-concept-car-14-1-768x543.jpg 768w, https:\/\/d2p6e6u75xmxt8.cloudfront.net\/6\/2019\/06\/50638aa6-skoda-karoq-velo-concept-car-14-1-1024x724.jpg 1024w\" sizes=\"auto, (max-width: 1754px) 100vw, 1754px\" \/><\/a><\/p>\n<p>Todos los gadgets que utilizan agua para su funcionamiento se alimentan de un solo tanque, por lo que es necesario rellenarlo con mucha frecuencia, pero aparte de eso, todo est\u00e1 totalmente automatizado.<\/p>\n<p>Otras de las quejas m\u00e1s frecuentes de los ciclistas eran las relacionadas con los problemas mec\u00e1nicos, especialmente durante la noche. Por eso, \u0160koda incorpora una serie de funciones LED internas y externas que le permiten tomar un respiro con un libro durante un viaje de una noche o reparar un pinchazo cuando se pone el sol. El Velo tambi\u00e9n est\u00e1 equipado con su propio dron con un punto de aterrizaje magn\u00e9tico que se puede colocar en el cap\u00f3 delantero. El dron est\u00e1 equipado con la funci\u00f3n Follow Me para que puedas subirte al sill\u00edn y el te seguir\u00e1 tu viaje como un camar\u00f3grafo personal. Y en caso de que necesite subir las fotos o las im\u00e1genes a los medios de comunicaci\u00f3n social o a cualquier otro lugar inmediatamente, el KAROQ Velo tambi\u00e9n esconde un punto de acceso WiFi.<\/p>\n<p><a href=\"https:\/\/d2p6e6u75xmxt8.cloudfront.net\/6\/2019\/06\/SKODA-KAROQ-VELO.jpg\"><img loading=\"lazy\" decoding=\"async\" class=\"alignnone size-full wp-image-4968\" src=\"https:\/\/d2p6e6u75xmxt8.cloudfront.net\/6\/2019\/06\/SKODA-KAROQ-VELO.jpg\" alt=\"\" width=\"1001\" height=\"638\" srcset=\"https:\/\/d2p6e6u75xmxt8.cloudfront.net\/6\/2019\/06\/SKODA-KAROQ-VELO.jpg 1001w, https:\/\/d2p6e6u75xmxt8.cloudfront.net\/6\/2019\/06\/SKODA-KAROQ-VELO-300x191.jpg 300w, https:\/\/d2p6e6u75xmxt8.cloudfront.net\/6\/2019\/06\/SKODA-KAROQ-VELO-768x489.jpg 768w\" sizes=\"auto, (max-width: 1001px) 100vw, 1001px\" \/><\/a><\/p>\n<div id='gallery-1' class='gallery galleryid-4965 gallery-columns-2 gallery-size-large'><figure class='gallery-item'>\n\t\t\t<div class='gallery-icon landscape'>\n\t\t\t\t<a href='https:\/\/d2p6e6u75xmxt8.cloudfront.net\/6\/2019\/06\/SKODA-KAROQ-VELO-2.jpg'><img loading=\"lazy\" decoding=\"async\" width=\"1001\" height=\"638\" src=\"https:\/\/d2p6e6u75xmxt8.cloudfront.net\/6\/2019\/06\/SKODA-KAROQ-VELO-2.jpg\" class=\"attachment-large size-large\" alt=\"\" srcset=\"https:\/\/d2p6e6u75xmxt8.cloudfront.net\/6\/2019\/06\/SKODA-KAROQ-VELO-2.jpg 1001w, https:\/\/d2p6e6u75xmxt8.cloudfront.net\/6\/2019\/06\/SKODA-KAROQ-VELO-2-300x191.jpg 300w, https:\/\/d2p6e6u75xmxt8.cloudfront.net\/6\/2019\/06\/SKODA-KAROQ-VELO-2-768x489.jpg 768w\" sizes=\"auto, (max-width: 1001px) 100vw, 1001px\" \/><\/a>\n\t\t\t<\/div><\/figure><figure class='gallery-item'>\n\t\t\t<div class='gallery-icon landscape'>\n\t\t\t\t<a href='https:\/\/d2p6e6u75xmxt8.cloudfront.net\/6\/2019\/06\/SKODA-KAROQ-VELO-1.jpg'><img loading=\"lazy\" decoding=\"async\" width=\"1001\" height=\"638\" src=\"https:\/\/d2p6e6u75xmxt8.cloudfront.net\/6\/2019\/06\/SKODA-KAROQ-VELO-1.jpg\" class=\"attachment-large size-large\" alt=\"\" srcset=\"https:\/\/d2p6e6u75xmxt8.cloudfront.net\/6\/2019\/06\/SKODA-KAROQ-VELO-1.jpg 1001w, https:\/\/d2p6e6u75xmxt8.cloudfront.net\/6\/2019\/06\/SKODA-KAROQ-VELO-1-300x191.jpg 300w, https:\/\/d2p6e6u75xmxt8.cloudfront.net\/6\/2019\/06\/SKODA-KAROQ-VELO-1-768x489.jpg 768w\" sizes=\"auto, (max-width: 1001px) 100vw, 1001px\" \/><\/a>\n\t\t\t<\/div><\/figure>\n\t\t<\/div>\n\n<p>El lema\u00a0 es &#8220;ofrecer a los ciclistas la experiencia perfecta antes y despu\u00e9s del viaje&#8221; y nos atrevemos a decir que tiene todas las caracter\u00edsticas y tecnolog\u00edas para conseguirlo. El KAROQ Velo no est\u00e1 destinado a la producci\u00f3n en serie, pero \u0160koda lo prestar\u00e1 a los ciclistas durante todo el verano, como asistente de cuatro ruedas en carreras y competiciones.<\/p>\n<p>\u00bfQuiere probar este concepto innovador? Cu\u00e9ntanoslo en los comentarios!<\/p>\n","protected":false},"excerpt":{"rendered":"<p>Cuando 1.500 ciclistas se re\u00fanen en una encuesta dise\u00f1ada para producir el coche perfecto para acompa\u00f1ar el estilo de vida [&hellip;]<\/p>\n","protected":false},"author":29,"featured_media":4970,"comment_status":"open","ping_status":"open","sticky":false,"template":"","format":"standard","meta":{"footnotes":""},"categories":[7,8,9,6],"tags":[1081,1080],"global-categories":[],"class_list":["post-4965","post","type-post","status-publish","format-standard","has-post-thumbnail","hentry","category-carretera","category-life-style","category-mtb-aventura","category-urban","tag-coche-para-ciclistas","tag-skoda-karoq-velo"],"yoast_head":"<!-- This site is optimized with the Yoast SEO Premium plugin v25.3 (Yoast SEO v25.9) - https:\/\/yoast.com\/wordpress\/plugins\/seo\/ -->\n<title>\u0160koda KAROQ Velo: Un coche para ciclistas - \u0160koda We Love Cycling - Spain<\/title>\n<meta name=\"description\" content=\"\u0160koda KAROQ Velo: Un coche para ciclistas. Prueba el nuevo Skoda Karoq Velo con todo lo que el ciclista necesita. Desde Wifi a lavadora.\" \/>\n<meta name=\"robots\" content=\"index, follow, max-snippet:-1, max-image-preview:large, max-video-preview:-1\" \/>\n<link rel=\"canonical\" href=\"https:\/\/www.welovecycling.com\/es\/2019\/06\/17\/skoda-karoq-velo-coche-para-ciclistas\/\" \/>\n<meta property=\"og:locale\" content=\"es_ES\" \/>\n<meta property=\"og:type\" content=\"article\" \/>\n<meta property=\"og:title\" content=\"\u0160koda KAROQ Velo: Un coche para ciclistas\" \/>\n<meta property=\"og:description\" content=\"\u0160koda KAROQ Velo: Un coche para ciclistas. Prueba el nuevo Skoda Karoq Velo con todo lo que el ciclista necesita. Desde Wifi a lavadora.\" \/>\n<meta property=\"og:url\" content=\"https:\/\/www.welovecycling.com\/es\/2019\/06\/17\/skoda-karoq-velo-coche-para-ciclistas\/\" \/>\n<meta property=\"og:site_name\" content=\"\u0160koda We Love Cycling - Spain\" \/>\n<meta property=\"article:published_time\" content=\"2019-06-17T10:03:00+00:00\" \/>\n<meta property=\"og:image\" content=\"https:\/\/d2p6e6u75xmxt8.cloudfront.net\/6\/2019\/06\/SKODA-KAROQ-VELO-CVR.jpg\" \/>\n\t<meta property=\"og:image:width\" content=\"1366\" \/>\n\t<meta property=\"og:image:height\" content=\"600\" \/>\n\t<meta property=\"og:image:type\" content=\"image\/jpeg\" \/>\n<meta name=\"author\" content=\"We Love Cycling Spain\" \/>\n<meta name=\"twitter:card\" content=\"summary_large_image\" \/>\n<meta name=\"twitter:title\" content=\"\u0160koda KAROQ Velo: Un coche para ciclistas\" \/>\n<meta name=\"twitter:description\" content=\"\u0160koda KAROQ Velo: Un coche para ciclistas. Prueba el nuevo Skoda Karoq Velo con todo lo que el ciclista necesita. Desde Wifi a lavadora.\" \/>\n<meta name=\"twitter:label1\" content=\"Written by\" \/>\n\t<meta name=\"twitter:data1\" content=\"Frantiska Blazkova\" \/>\n\t<meta name=\"twitter:label2\" content=\"Est. reading time\" \/>\n\t<meta name=\"twitter:data2\" content=\"5\" \/>\n<script type=\"application\/ld+json\" class=\"yoast-schema-graph\">{\"@context\":\"https:\/\/schema.org\",\"@graph\":[{\"@type\":\"WebPage\",\"@id\":\"https:\/\/www.welovecycling.com\/es\/2019\/06\/17\/skoda-karoq-velo-coche-para-ciclistas\/\",\"url\":\"https:\/\/www.welovecycling.com\/es\/2019\/06\/17\/skoda-karoq-velo-coche-para-ciclistas\/\",\"name\":\"\u0160koda KAROQ Velo: Un coche para ciclistas - \u0160koda We Love Cycling - Spain\",\"isPartOf\":{\"@id\":\"https:\/\/www.welovecycling.com\/es\/#website\"},\"primaryImageOfPage\":{\"@id\":\"https:\/\/www.welovecycling.com\/es\/2019\/06\/17\/skoda-karoq-velo-coche-para-ciclistas\/#primaryimage\"},\"image\":{\"@id\":\"https:\/\/www.welovecycling.com\/es\/2019\/06\/17\/skoda-karoq-velo-coche-para-ciclistas\/#primaryimage\"},\"thumbnailUrl\":\"https:\/\/d2p6e6u75xmxt8.cloudfront.net\/6\/2019\/06\/SKODA-KAROQ-VELO-CVR.jpg\",\"datePublished\":\"2019-06-17T10:03:00+00:00\",\"author\":{\"@id\":\"https:\/\/www.welovecycling.com\/es\/#\/schema\/person\/deb61715b5812698ee79fb96f343ccd4\"},\"description\":\"\u0160koda KAROQ Velo: Un coche para ciclistas. Prueba el nuevo Skoda Karoq Velo con todo lo que el ciclista necesita. Desde Wifi a lavadora.\",\"breadcrumb\":{\"@id\":\"https:\/\/www.welovecycling.com\/es\/2019\/06\/17\/skoda-karoq-velo-coche-para-ciclistas\/#breadcrumb\"},\"inLanguage\":\"es-ES\",\"potentialAction\":[{\"@type\":\"ReadAction\",\"target\":[\"https:\/\/www.welovecycling.com\/es\/2019\/06\/17\/skoda-karoq-velo-coche-para-ciclistas\/\"]}]},{\"@type\":\"ImageObject\",\"inLanguage\":\"es-ES\",\"@id\":\"https:\/\/www.welovecycling.com\/es\/2019\/06\/17\/skoda-karoq-velo-coche-para-ciclistas\/#primaryimage\",\"url\":\"https:\/\/d2p6e6u75xmxt8.cloudfront.net\/6\/2019\/06\/SKODA-KAROQ-VELO-CVR.jpg\",\"contentUrl\":\"https:\/\/d2p6e6u75xmxt8.cloudfront.net\/6\/2019\/06\/SKODA-KAROQ-VELO-CVR.jpg\",\"width\":1366,\"height\":600},{\"@type\":\"BreadcrumbList\",\"@id\":\"https:\/\/www.welovecycling.com\/es\/2019\/06\/17\/skoda-karoq-velo-coche-para-ciclistas\/#breadcrumb\",\"itemListElement\":[{\"@type\":\"ListItem\",\"position\":1,\"name\":\"Home\",\"item\":\"https:\/\/www.welovecycling.com\/es\/\"},{\"@type\":\"ListItem\",\"position\":2,\"name\":\"\u0160koda KAROQ Velo: Un coche para ciclistas\"}]},{\"@type\":\"WebSite\",\"@id\":\"https:\/\/www.welovecycling.com\/es\/#website\",\"url\":\"https:\/\/www.welovecycling.com\/es\/\",\"name\":\"\u0160koda We Love Cycling - Spain\",\"description\":\"\u0160koda WeLoveCycling Spain\",\"potentialAction\":[{\"@type\":\"SearchAction\",\"target\":{\"@type\":\"EntryPoint\",\"urlTemplate\":\"https:\/\/www.welovecycling.com\/es\/?s={search_term_string}\"},\"query-input\":{\"@type\":\"PropertyValueSpecification\",\"valueRequired\":true,\"valueName\":\"search_term_string\"}}],\"inLanguage\":\"es-ES\"},{\"@type\":\"Person\",\"@id\":\"https:\/\/www.welovecycling.com\/es\/#\/schema\/person\/deb61715b5812698ee79fb96f343ccd4\",\"name\":\"We Love Cycling Spain\",\"image\":{\"@type\":\"ImageObject\",\"inLanguage\":\"es-ES\",\"@id\":\"https:\/\/www.welovecycling.com\/es\/#\/schema\/person\/image\/\",\"url\":\"https:\/\/secure.gravatar.com\/avatar\/c824b04e6df0e37a03219d0b6481672889df542894588964102459e46513159c?s=96&d=mm&r=g\",\"contentUrl\":\"https:\/\/secure.gravatar.com\/avatar\/c824b04e6df0e37a03219d0b6481672889df542894588964102459e46513159c?s=96&d=mm&r=g\",\"caption\":\"We Love Cycling Spain\"},\"url\":\"https:\/\/www.welovecycling.com\/es\/author\/amunoz\/\"}]}<\/script>\n<!-- \/ Yoast SEO Premium plugin. -->","yoast_head_json":{"title":"\u0160koda KAROQ Velo: Un coche para ciclistas - \u0160koda We Love Cycling - Spain","description":"\u0160koda KAROQ Velo: Un coche para ciclistas. Prueba el nuevo Skoda Karoq Velo con todo lo que el ciclista necesita. Desde Wifi a lavadora.","robots":{"index":"index","follow":"follow","max-snippet":"max-snippet:-1","max-image-preview":"max-image-preview:large","max-video-preview":"max-video-preview:-1"},"canonical":"https:\/\/www.welovecycling.com\/es\/2019\/06\/17\/skoda-karoq-velo-coche-para-ciclistas\/","og_locale":"es_ES","og_type":"article","og_title":"\u0160koda KAROQ Velo: Un coche para ciclistas","og_description":"\u0160koda KAROQ Velo: Un coche para ciclistas. Prueba el nuevo Skoda Karoq Velo con todo lo que el ciclista necesita. Desde Wifi a lavadora.","og_url":"https:\/\/www.welovecycling.com\/es\/2019\/06\/17\/skoda-karoq-velo-coche-para-ciclistas\/","og_site_name":"\u0160koda We Love Cycling - Spain","article_published_time":"2019-06-17T10:03:00+00:00","og_image":[{"width":1366,"height":600,"url":"https:\/\/d2p6e6u75xmxt8.cloudfront.net\/6\/2019\/06\/SKODA-KAROQ-VELO-CVR.jpg","type":"image\/jpeg"}],"author":"We Love Cycling Spain","twitter_card":"summary_large_image","twitter_title":"\u0160koda KAROQ Velo: Un coche para ciclistas","twitter_description":"\u0160koda KAROQ Velo: Un coche para ciclistas. Prueba el nuevo Skoda Karoq Velo con todo lo que el ciclista necesita. Desde Wifi a lavadora.","twitter_misc":{"Written by":"Frantiska Blazkova","Est. reading time":"5"},"schema":{"@context":"https:\/\/schema.org","@graph":[{"@type":"WebPage","@id":"https:\/\/www.welovecycling.com\/es\/2019\/06\/17\/skoda-karoq-velo-coche-para-ciclistas\/","url":"https:\/\/www.welovecycling.com\/es\/2019\/06\/17\/skoda-karoq-velo-coche-para-ciclistas\/","name":"\u0160koda KAROQ Velo: Un coche para ciclistas - \u0160koda We Love Cycling - Spain","isPartOf":{"@id":"https:\/\/www.welovecycling.com\/es\/#website"},"primaryImageOfPage":{"@id":"https:\/\/www.welovecycling.com\/es\/2019\/06\/17\/skoda-karoq-velo-coche-para-ciclistas\/#primaryimage"},"image":{"@id":"https:\/\/www.welovecycling.com\/es\/2019\/06\/17\/skoda-karoq-velo-coche-para-ciclistas\/#primaryimage"},"thumbnailUrl":"https:\/\/d2p6e6u75xmxt8.cloudfront.net\/6\/2019\/06\/SKODA-KAROQ-VELO-CVR.jpg","datePublished":"2019-06-17T10:03:00+00:00","author":{"@id":"https:\/\/www.welovecycling.com\/es\/#\/schema\/person\/deb61715b5812698ee79fb96f343ccd4"},"description":"\u0160koda KAROQ Velo: Un coche para ciclistas. Prueba el nuevo Skoda Karoq Velo con todo lo que el ciclista necesita. Desde Wifi a lavadora.","breadcrumb":{"@id":"https:\/\/www.welovecycling.com\/es\/2019\/06\/17\/skoda-karoq-velo-coche-para-ciclistas\/#breadcrumb"},"inLanguage":"es-ES","potentialAction":[{"@type":"ReadAction","target":["https:\/\/www.welovecycling.com\/es\/2019\/06\/17\/skoda-karoq-velo-coche-para-ciclistas\/"]}]},{"@type":"ImageObject","inLanguage":"es-ES","@id":"https:\/\/www.welovecycling.com\/es\/2019\/06\/17\/skoda-karoq-velo-coche-para-ciclistas\/#primaryimage","url":"https:\/\/d2p6e6u75xmxt8.cloudfront.net\/6\/2019\/06\/SKODA-KAROQ-VELO-CVR.jpg","contentUrl":"https:\/\/d2p6e6u75xmxt8.cloudfront.net\/6\/2019\/06\/SKODA-KAROQ-VELO-CVR.jpg","width":1366,"height":600},{"@type":"BreadcrumbList","@id":"https:\/\/www.welovecycling.com\/es\/2019\/06\/17\/skoda-karoq-velo-coche-para-ciclistas\/#breadcrumb","itemListElement":[{"@type":"ListItem","position":1,"name":"Home","item":"https:\/\/www.welovecycling.com\/es\/"},{"@type":"ListItem","position":2,"name":"\u0160koda KAROQ Velo: Un coche para ciclistas"}]},{"@type":"WebSite","@id":"https:\/\/www.welovecycling.com\/es\/#website","url":"https:\/\/www.welovecycling.com\/es\/","name":"\u0160koda We Love Cycling - Spain","description":"\u0160koda WeLoveCycling Spain","potentialAction":[{"@type":"SearchAction","target":{"@type":"EntryPoint","urlTemplate":"https:\/\/www.welovecycling.com\/es\/?s={search_term_string}"},"query-input":{"@type":"PropertyValueSpecification","valueRequired":true,"valueName":"search_term_string"}}],"inLanguage":"es-ES"},{"@type":"Person","@id":"https:\/\/www.welovecycling.com\/es\/#\/schema\/person\/deb61715b5812698ee79fb96f343ccd4","name":"We Love Cycling Spain","image":{"@type":"ImageObject","inLanguage":"es-ES","@id":"https:\/\/www.welovecycling.com\/es\/#\/schema\/person\/image\/","url":"https:\/\/secure.gravatar.com\/avatar\/c824b04e6df0e37a03219d0b6481672889df542894588964102459e46513159c?s=96&d=mm&r=g","contentUrl":"https:\/\/secure.gravatar.com\/avatar\/c824b04e6df0e37a03219d0b6481672889df542894588964102459e46513159c?s=96&d=mm&r=g","caption":"We Love Cycling Spain"},"url":"https:\/\/www.welovecycling.com\/es\/author\/amunoz\/"}]}},"_links":{"self":[{"href":"https:\/\/www.welovecycling.com\/es\/wp-json\/wp\/v2\/posts\/4965","targetHints":{"allow":["GET"]}}],"collection":[{"href":"https:\/\/www.welovecycling.com\/es\/wp-json\/wp\/v2\/posts"}],"about":[{"href":"https:\/\/www.welovecycling.com\/es\/wp-json\/wp\/v2\/types\/post"}],"author":[{"embeddable":true,"href":"https:\/\/www.welovecycling.com\/es\/wp-json\/wp\/v2\/users\/29"}],"replies":[{"embeddable":true,"href":"https:\/\/www.welovecycling.com\/es\/wp-json\/wp\/v2\/comments?post=4965"}],"version-history":[{"count":2,"href":"https:\/\/www.welovecycling.com\/es\/wp-json\/wp\/v2\/posts\/4965\/revisions"}],"predecessor-version":[{"id":4971,"href":"https:\/\/www.welovecycling.com\/es\/wp-json\/wp\/v2\/posts\/4965\/revisions\/4971"}],"wp:featuredmedia":[{"embeddable":true,"href":"https:\/\/www.welovecycling.com\/es\/wp-json\/wp\/v2\/media\/4970"}],"wp:attachment":[{"href":"https:\/\/www.welovecycling.com\/es\/wp-json\/wp\/v2\/media?parent=4965"}],"wp:term":[{"taxonomy":"category","embeddable":true,"href":"https:\/\/www.welovecycling.com\/es\/wp-json\/wp\/v2\/categories?post=4965"},{"taxonomy":"post_tag","embeddable":true,"href":"https:\/\/www.welovecycling.com\/es\/wp-json\/wp\/v2\/tags?post=4965"},{"taxonomy":"global-categories","embeddable":true,"href":"https:\/\/www.welovecycling.com\/es\/wp-json\/wp\/v2\/global-categories?post=4965"}],"curies":[{"name":"wp","href":"https:\/\/api.w.org\/{rel}","templated":true}]}}