{"id":4945,"date":"2019-06-11T00:39:01","date_gmt":"2019-06-10T22:39:01","guid":{"rendered":"https:\/\/www.welovecycling.com\/es\/?p=4945"},"modified":"2019-06-11T00:40:13","modified_gmt":"2019-06-10T22:40:13","slug":"jesus-herrada-gana-skoda-tour-de-luxemburgo","status":"publish","type":"post","link":"https:\/\/www.welovecycling.com\/es\/2019\/06\/11\/jesus-herrada-gana-skoda-tour-de-luxemburgo\/","title":{"rendered":"Jes\u00fas Herrada gana el \u0160koda Tour de Luxemburgo"},"content":{"rendered":"<p><strong>El domingo finalizaron cinco d\u00edas de intensas carreras con Jes\u00fas Herrada, del Team Cofidis, asegurando la victoria general. El manchego gan\u00f3 la cuarta etapa, se visti\u00f3 de l\u00edder el liderato y luego sell\u00f3 su triunfo ganando la quinta etapa. Maurits Lammertink (Roompot-Charles) ocup\u00f3 el segundo lugar en la clasificaci\u00f3n general, mientras que Andrea Pasqualon (Wanty-Gobert) se hizo con el tercer puesto.<\/strong><!--more--><\/p>\n<div class=\"embed-controller-wrapper\">\n<blockquote class=\"twitter-tweet\" data-width=\"500\" data-dnt=\"true\">\n<p lang=\"fr\" dir=\"ltr\">Revivez en images l\u2019arriv\u00e9e victorieuse de <a href=\"https:\/\/twitter.com\/jesushl90?ref_src=twsrc%5Etfw\">@jesushl90<\/a> !!! \ud83d\ude0d\ud83d\udcaa<a href=\"https:\/\/twitter.com\/hashtag\/CofidisMyTeam?src=hash&amp;ref_src=twsrc%5Etfw\">#CofidisMyTeam<\/a> <a href=\"https:\/\/twitter.com\/hashtag\/SkodaTour?src=hash&amp;ref_src=twsrc%5Etfw\">#SkodaTour<\/a> <a href=\"https:\/\/t.co\/1z6TkMJZjV\">https:\/\/t.co\/1z6TkMJZjV<\/a><\/p>\n<p>&mdash; Team Cofidis (@TeamCOFIDIS) <a href=\"https:\/\/twitter.com\/TeamCOFIDIS\/status\/1137724097935204353?ref_src=twsrc%5Etfw\">June 9, 2019<\/a><\/p><\/blockquote>\n<p><script async data-src=\"https:\/\/platform.twitter.com\/widgets.js\" charset=\"utf-8\"><\/script><\/div>\n<p>La carrera comenz\u00f3 el 5 de junio con un pr\u00f3logo en la ciudad de Luxemburgo. Luego llev\u00f3 a los ciclistas a trav\u00e9s del pa\u00eds en cuatro etapas: Ciudad de Luxemburgo &#8211; Hautcharage; Steinfort &#8211; Rosport; Mondorf-les-Bains &#8211; Diekirch; y Mersch &#8211; Ciudad de Luxemburgo. Participaron 17 equipos nacionales e internacionales<\/p>\n<p>&#8220;\u00a1Qu\u00e9 semana! No tengo palabras, pero tengo que dar las gracias a todos mis colegas por el gran trabajo que han hecho en el \u0160koda Tour de Luxemburgo&#8221;, escribi\u00f3 Herrada en Twitter. &#8220;Gracias a todos en el equipo Cofidis.&#8221;<\/p>\n<div class=\"embed-controller-wrapper\">\n<blockquote class=\"twitter-tweet\" data-width=\"500\" data-dnt=\"true\">\n<p lang=\"en\" dir=\"ltr\">3 first GC rider and best \ud83c\uddf1\ud83c\uddfa in GC<a href=\"https:\/\/twitter.com\/jesushl90?ref_src=twsrc%5Etfw\">@jesushl90<\/a><a href=\"https:\/\/twitter.com\/lammertinkm?ref_src=twsrc%5Etfw\">@lammertinkm<\/a><a href=\"https:\/\/twitter.com\/AndreaPasqualon?ref_src=twsrc%5Etfw\">@AndreaPasqualon<\/a><br \/>Pit Leyder<br \/>The three first rider all won once the <a href=\"https:\/\/twitter.com\/hashtag\/skodatour19?src=hash&amp;ref_src=twsrc%5Etfw\">#skodatour19<\/a><a href=\"https:\/\/twitter.com\/TeamCOFIDIS?ref_src=twsrc%5Etfw\">@TeamCOFIDIS<\/a> <a href=\"https:\/\/twitter.com\/roompot_charles?ref_src=twsrc%5Etfw\">@roompot_charles<\/a> <a href=\"https:\/\/twitter.com\/TeamWantyGobert?ref_src=twsrc%5Etfw\">@TeamWantyGobert<\/a> @Leopard_Cycling <a href=\"https:\/\/t.co\/bkkvhGnGOD\">pic.twitter.com\/bkkvhGnGOD<\/a><\/p>\n<p>&mdash; \u0160KODA TOUR DE LUXEMBOURG (@skodatour) <a href=\"https:\/\/twitter.com\/skodatour\/status\/1137727505115295744?ref_src=twsrc%5Etfw\">June 9, 2019<\/a><\/p><\/blockquote>\n<p><script async data-src=\"https:\/\/platform.twitter.com\/widgets.js\" charset=\"utf-8\"><\/script><\/div>\n<h4>Tour of Luxembourg 2019 \u2013 Final GC<\/h4>\n<p>1. Jes\u00fas Herrada (Cofidis) &#8211; 17:41:49<br \/>\n2. Maurits Lammertink (Roompot-Charles) + 25s<br \/>\n3. Andrea Pasqualon (Wanty-Gobert) + 36s<br \/>\n4. Anthony Turgis (Total Direct Energie) + 37s<br \/>\n5. Szymon Rekita (Leopard Pro Cycling) + 44s<br \/>\n6. Baptiste Planckaert (Wallonie Bruxelles) + 47s<br \/>\n7. Julien El Fares (Delko Marseille Provence) + 54s<br \/>\n8. Jonas Rutsch (Lotto-Kern Haus) + 54s<br \/>\n9. Luca Wackermann (Bardiani-CSF) + 58s<br \/>\n10. Joaquim Silva (W52-FC Porto) + 59s<\/p>\n","protected":false},"excerpt":{"rendered":"<p>El domingo finalizaron cinco d\u00edas de intensas carreras con Jes\u00fas Herrada, del Team Cofidis, asegurando la victoria general. El manchego [&hellip;]<\/p>\n","protected":false},"author":29,"featured_media":4950,"comment_status":"open","ping_status":"open","sticky":false,"template":"","format":"standard","meta":{"footnotes":""},"categories":[7],"tags":[1075,501,1076],"global-categories":[],"class_list":["post-4945","post","type-post","status-publish","format-standard","has-post-thumbnail","hentry","category-carretera","tag-jesus-herrada","tag-skoda-tour-de-luxemburgo","tag-tour-de-luxemburgo"],"yoast_head":"<!-- This site is optimized with the Yoast SEO Premium plugin v25.3 (Yoast SEO v25.9) - https:\/\/yoast.com\/wordpress\/plugins\/seo\/ -->\n<title>Jes\u00fas Herrada gana el \u0160koda Tour de Luxemburgo - \u0160koda We Love Cycling - Spain<\/title>\n<meta name=\"description\" content=\"Jes\u00fas Herrada gana el Skoda Tour de Luxemburgo. El manchego adem\u00e1s se llev\u00f3 la cuarta y la quinta etapa y termin\u00f3 como vencedor final.\" \/>\n<meta name=\"robots\" content=\"index, follow, max-snippet:-1, max-image-preview:large, max-video-preview:-1\" \/>\n<link rel=\"canonical\" href=\"https:\/\/www.welovecycling.com\/es\/2019\/06\/11\/jesus-herrada-gana-skoda-tour-de-luxemburgo\/\" \/>\n<meta property=\"og:locale\" content=\"es_ES\" \/>\n<meta property=\"og:type\" content=\"article\" \/>\n<meta property=\"og:title\" content=\"Jes\u00fas Herrada gana el Skoda Tour de Luxemburgo\" \/>\n<meta property=\"og:description\" content=\"Jes\u00fas Herrada gana el Skoda Tour de Luxemburgo. El manchego adem\u00e1s se llev\u00f3 la cuarta y la quinta etapa y termin\u00f3 como vencedor final.\" \/>\n<meta property=\"og:url\" content=\"https:\/\/www.welovecycling.com\/es\/2019\/06\/11\/jesus-herrada-gana-skoda-tour-de-luxemburgo\/\" \/>\n<meta property=\"og:site_name\" content=\"\u0160koda We Love Cycling - Spain\" \/>\n<meta property=\"article:published_time\" content=\"2019-06-10T22:39:01+00:00\" \/>\n<meta property=\"article:modified_time\" content=\"2019-06-10T22:40:13+00:00\" \/>\n<meta property=\"og:image\" content=\"https:\/\/d2p6e6u75xmxt8.cloudfront.net\/6\/2019\/06\/Jesus-Herrada-profimedia-0415093174.jpg\" \/>\n\t<meta property=\"og:image:width\" content=\"1366\" \/>\n\t<meta property=\"og:image:height\" content=\"600\" \/>\n\t<meta property=\"og:image:type\" content=\"image\/jpeg\" \/>\n<meta name=\"author\" content=\"We Love Cycling Spain\" \/>\n<meta name=\"twitter:card\" content=\"summary_large_image\" \/>\n<meta name=\"twitter:title\" content=\"Jes\u00fas Herrada gana el Skoda Tour de Luxemburgo\" \/>\n<meta name=\"twitter:description\" content=\"Jes\u00fas Herrada gana el Skoda Tour de Luxemburgo. El manchego adem\u00e1s se llev\u00f3 la cuarta y la quinta etapa y termin\u00f3 como vencedor final.\" \/>\n<meta name=\"twitter:label1\" content=\"Written by\" \/>\n\t<meta name=\"twitter:data1\" content=\"Monica Buck\" \/>\n\t<meta name=\"twitter:label2\" content=\"Est. reading time\" \/>\n\t<meta name=\"twitter:data2\" content=\"3\" \/>\n<script type=\"application\/ld+json\" class=\"yoast-schema-graph\">{\"@context\":\"https:\/\/schema.org\",\"@graph\":[{\"@type\":\"WebPage\",\"@id\":\"https:\/\/www.welovecycling.com\/es\/2019\/06\/11\/jesus-herrada-gana-skoda-tour-de-luxemburgo\/\",\"url\":\"https:\/\/www.welovecycling.com\/es\/2019\/06\/11\/jesus-herrada-gana-skoda-tour-de-luxemburgo\/\",\"name\":\"Jes\u00fas Herrada gana el \u0160koda Tour de Luxemburgo - \u0160koda We Love Cycling - Spain\",\"isPartOf\":{\"@id\":\"https:\/\/www.welovecycling.com\/es\/#website\"},\"primaryImageOfPage\":{\"@id\":\"https:\/\/www.welovecycling.com\/es\/2019\/06\/11\/jesus-herrada-gana-skoda-tour-de-luxemburgo\/#primaryimage\"},\"image\":{\"@id\":\"https:\/\/www.welovecycling.com\/es\/2019\/06\/11\/jesus-herrada-gana-skoda-tour-de-luxemburgo\/#primaryimage\"},\"thumbnailUrl\":\"https:\/\/d2p6e6u75xmxt8.cloudfront.net\/6\/2019\/06\/Jesus-Herrada-profimedia-0415093174.jpg\",\"datePublished\":\"2019-06-10T22:39:01+00:00\",\"dateModified\":\"2019-06-10T22:40:13+00:00\",\"author\":{\"@id\":\"https:\/\/www.welovecycling.com\/es\/#\/schema\/person\/deb61715b5812698ee79fb96f343ccd4\"},\"description\":\"Jes\u00fas Herrada gana el Skoda Tour de Luxemburgo. El manchego adem\u00e1s se llev\u00f3 la cuarta y la quinta etapa y termin\u00f3 como vencedor final.\",\"breadcrumb\":{\"@id\":\"https:\/\/www.welovecycling.com\/es\/2019\/06\/11\/jesus-herrada-gana-skoda-tour-de-luxemburgo\/#breadcrumb\"},\"inLanguage\":\"es-ES\",\"potentialAction\":[{\"@type\":\"ReadAction\",\"target\":[\"https:\/\/www.welovecycling.com\/es\/2019\/06\/11\/jesus-herrada-gana-skoda-tour-de-luxemburgo\/\"]}]},{\"@type\":\"ImageObject\",\"inLanguage\":\"es-ES\",\"@id\":\"https:\/\/www.welovecycling.com\/es\/2019\/06\/11\/jesus-herrada-gana-skoda-tour-de-luxemburgo\/#primaryimage\",\"url\":\"https:\/\/d2p6e6u75xmxt8.cloudfront.net\/6\/2019\/06\/Jesus-Herrada-profimedia-0415093174.jpg\",\"contentUrl\":\"https:\/\/d2p6e6u75xmxt8.cloudfront.net\/6\/2019\/06\/Jesus-Herrada-profimedia-0415093174.jpg\",\"width\":1366,\"height\":600},{\"@type\":\"BreadcrumbList\",\"@id\":\"https:\/\/www.welovecycling.com\/es\/2019\/06\/11\/jesus-herrada-gana-skoda-tour-de-luxemburgo\/#breadcrumb\",\"itemListElement\":[{\"@type\":\"ListItem\",\"position\":1,\"name\":\"Home\",\"item\":\"https:\/\/www.welovecycling.com\/es\/\"},{\"@type\":\"ListItem\",\"position\":2,\"name\":\"Jes\u00fas Herrada gana el \u0160koda Tour de Luxemburgo\"}]},{\"@type\":\"WebSite\",\"@id\":\"https:\/\/www.welovecycling.com\/es\/#website\",\"url\":\"https:\/\/www.welovecycling.com\/es\/\",\"name\":\"\u0160koda We Love Cycling - Spain\",\"description\":\"\u0160koda WeLoveCycling Spain\",\"potentialAction\":[{\"@type\":\"SearchAction\",\"target\":{\"@type\":\"EntryPoint\",\"urlTemplate\":\"https:\/\/www.welovecycling.com\/es\/?s={search_term_string}\"},\"query-input\":{\"@type\":\"PropertyValueSpecification\",\"valueRequired\":true,\"valueName\":\"search_term_string\"}}],\"inLanguage\":\"es-ES\"},{\"@type\":\"Person\",\"@id\":\"https:\/\/www.welovecycling.com\/es\/#\/schema\/person\/deb61715b5812698ee79fb96f343ccd4\",\"name\":\"We Love Cycling Spain\",\"image\":{\"@type\":\"ImageObject\",\"inLanguage\":\"es-ES\",\"@id\":\"https:\/\/www.welovecycling.com\/es\/#\/schema\/person\/image\/\",\"url\":\"https:\/\/secure.gravatar.com\/avatar\/c824b04e6df0e37a03219d0b6481672889df542894588964102459e46513159c?s=96&d=mm&r=g\",\"contentUrl\":\"https:\/\/secure.gravatar.com\/avatar\/c824b04e6df0e37a03219d0b6481672889df542894588964102459e46513159c?s=96&d=mm&r=g\",\"caption\":\"We Love Cycling Spain\"},\"url\":\"https:\/\/www.welovecycling.com\/es\/author\/amunoz\/\"}]}<\/script>\n<!-- \/ Yoast SEO Premium plugin. -->","yoast_head_json":{"title":"Jes\u00fas Herrada gana el \u0160koda Tour de Luxemburgo - \u0160koda We Love Cycling - Spain","description":"Jes\u00fas Herrada gana el Skoda Tour de Luxemburgo. El manchego adem\u00e1s se llev\u00f3 la cuarta y la quinta etapa y termin\u00f3 como vencedor final.","robots":{"index":"index","follow":"follow","max-snippet":"max-snippet:-1","max-image-preview":"max-image-preview:large","max-video-preview":"max-video-preview:-1"},"canonical":"https:\/\/www.welovecycling.com\/es\/2019\/06\/11\/jesus-herrada-gana-skoda-tour-de-luxemburgo\/","og_locale":"es_ES","og_type":"article","og_title":"Jes\u00fas Herrada gana el Skoda Tour de Luxemburgo","og_description":"Jes\u00fas Herrada gana el Skoda Tour de Luxemburgo. El manchego adem\u00e1s se llev\u00f3 la cuarta y la quinta etapa y termin\u00f3 como vencedor final.","og_url":"https:\/\/www.welovecycling.com\/es\/2019\/06\/11\/jesus-herrada-gana-skoda-tour-de-luxemburgo\/","og_site_name":"\u0160koda We Love Cycling - Spain","article_published_time":"2019-06-10T22:39:01+00:00","article_modified_time":"2019-06-10T22:40:13+00:00","og_image":[{"width":1366,"height":600,"url":"https:\/\/d2p6e6u75xmxt8.cloudfront.net\/6\/2019\/06\/Jesus-Herrada-profimedia-0415093174.jpg","type":"image\/jpeg"}],"author":"We Love Cycling Spain","twitter_card":"summary_large_image","twitter_title":"Jes\u00fas Herrada gana el Skoda Tour de Luxemburgo","twitter_description":"Jes\u00fas Herrada gana el Skoda Tour de Luxemburgo. El manchego adem\u00e1s se llev\u00f3 la cuarta y la quinta etapa y termin\u00f3 como vencedor final.","twitter_misc":{"Written by":"Monica Buck","Est. reading time":"3"},"schema":{"@context":"https:\/\/schema.org","@graph":[{"@type":"WebPage","@id":"https:\/\/www.welovecycling.com\/es\/2019\/06\/11\/jesus-herrada-gana-skoda-tour-de-luxemburgo\/","url":"https:\/\/www.welovecycling.com\/es\/2019\/06\/11\/jesus-herrada-gana-skoda-tour-de-luxemburgo\/","name":"Jes\u00fas Herrada gana el \u0160koda Tour de Luxemburgo - \u0160koda We Love Cycling - Spain","isPartOf":{"@id":"https:\/\/www.welovecycling.com\/es\/#website"},"primaryImageOfPage":{"@id":"https:\/\/www.welovecycling.com\/es\/2019\/06\/11\/jesus-herrada-gana-skoda-tour-de-luxemburgo\/#primaryimage"},"image":{"@id":"https:\/\/www.welovecycling.com\/es\/2019\/06\/11\/jesus-herrada-gana-skoda-tour-de-luxemburgo\/#primaryimage"},"thumbnailUrl":"https:\/\/d2p6e6u75xmxt8.cloudfront.net\/6\/2019\/06\/Jesus-Herrada-profimedia-0415093174.jpg","datePublished":"2019-06-10T22:39:01+00:00","dateModified":"2019-06-10T22:40:13+00:00","author":{"@id":"https:\/\/www.welovecycling.com\/es\/#\/schema\/person\/deb61715b5812698ee79fb96f343ccd4"},"description":"Jes\u00fas Herrada gana el Skoda Tour de Luxemburgo. El manchego adem\u00e1s se llev\u00f3 la cuarta y la quinta etapa y termin\u00f3 como vencedor final.","breadcrumb":{"@id":"https:\/\/www.welovecycling.com\/es\/2019\/06\/11\/jesus-herrada-gana-skoda-tour-de-luxemburgo\/#breadcrumb"},"inLanguage":"es-ES","potentialAction":[{"@type":"ReadAction","target":["https:\/\/www.welovecycling.com\/es\/2019\/06\/11\/jesus-herrada-gana-skoda-tour-de-luxemburgo\/"]}]},{"@type":"ImageObject","inLanguage":"es-ES","@id":"https:\/\/www.welovecycling.com\/es\/2019\/06\/11\/jesus-herrada-gana-skoda-tour-de-luxemburgo\/#primaryimage","url":"https:\/\/d2p6e6u75xmxt8.cloudfront.net\/6\/2019\/06\/Jesus-Herrada-profimedia-0415093174.jpg","contentUrl":"https:\/\/d2p6e6u75xmxt8.cloudfront.net\/6\/2019\/06\/Jesus-Herrada-profimedia-0415093174.jpg","width":1366,"height":600},{"@type":"BreadcrumbList","@id":"https:\/\/www.welovecycling.com\/es\/2019\/06\/11\/jesus-herrada-gana-skoda-tour-de-luxemburgo\/#breadcrumb","itemListElement":[{"@type":"ListItem","position":1,"name":"Home","item":"https:\/\/www.welovecycling.com\/es\/"},{"@type":"ListItem","position":2,"name":"Jes\u00fas Herrada gana el \u0160koda Tour de Luxemburgo"}]},{"@type":"WebSite","@id":"https:\/\/www.welovecycling.com\/es\/#website","url":"https:\/\/www.welovecycling.com\/es\/","name":"\u0160koda We Love Cycling - Spain","description":"\u0160koda WeLoveCycling Spain","potentialAction":[{"@type":"SearchAction","target":{"@type":"EntryPoint","urlTemplate":"https:\/\/www.welovecycling.com\/es\/?s={search_term_string}"},"query-input":{"@type":"PropertyValueSpecification","valueRequired":true,"valueName":"search_term_string"}}],"inLanguage":"es-ES"},{"@type":"Person","@id":"https:\/\/www.welovecycling.com\/es\/#\/schema\/person\/deb61715b5812698ee79fb96f343ccd4","name":"We Love Cycling Spain","image":{"@type":"ImageObject","inLanguage":"es-ES","@id":"https:\/\/www.welovecycling.com\/es\/#\/schema\/person\/image\/","url":"https:\/\/secure.gravatar.com\/avatar\/c824b04e6df0e37a03219d0b6481672889df542894588964102459e46513159c?s=96&d=mm&r=g","contentUrl":"https:\/\/secure.gravatar.com\/avatar\/c824b04e6df0e37a03219d0b6481672889df542894588964102459e46513159c?s=96&d=mm&r=g","caption":"We Love Cycling Spain"},"url":"https:\/\/www.welovecycling.com\/es\/author\/amunoz\/"}]}},"_links":{"self":[{"href":"https:\/\/www.welovecycling.com\/es\/wp-json\/wp\/v2\/posts\/4945","targetHints":{"allow":["GET"]}}],"collection":[{"href":"https:\/\/www.welovecycling.com\/es\/wp-json\/wp\/v2\/posts"}],"about":[{"href":"https:\/\/www.welovecycling.com\/es\/wp-json\/wp\/v2\/types\/post"}],"author":[{"embeddable":true,"href":"https:\/\/www.welovecycling.com\/es\/wp-json\/wp\/v2\/users\/29"}],"replies":[{"embeddable":true,"href":"https:\/\/www.welovecycling.com\/es\/wp-json\/wp\/v2\/comments?post=4945"}],"version-history":[{"count":2,"href":"https:\/\/www.welovecycling.com\/es\/wp-json\/wp\/v2\/posts\/4945\/revisions"}],"predecessor-version":[{"id":4954,"href":"https:\/\/www.welovecycling.com\/es\/wp-json\/wp\/v2\/posts\/4945\/revisions\/4954"}],"wp:featuredmedia":[{"embeddable":true,"href":"https:\/\/www.welovecycling.com\/es\/wp-json\/wp\/v2\/media\/4950"}],"wp:attachment":[{"href":"https:\/\/www.welovecycling.com\/es\/wp-json\/wp\/v2\/media?parent=4945"}],"wp:term":[{"taxonomy":"category","embeddable":true,"href":"https:\/\/www.welovecycling.com\/es\/wp-json\/wp\/v2\/categories?post=4945"},{"taxonomy":"post_tag","embeddable":true,"href":"https:\/\/www.welovecycling.com\/es\/wp-json\/wp\/v2\/tags?post=4945"},{"taxonomy":"global-categories","embeddable":true,"href":"https:\/\/www.welovecycling.com\/es\/wp-json\/wp\/v2\/global-categories?post=4945"}],"curies":[{"name":"wp","href":"https:\/\/api.w.org\/{rel}","templated":true}]}}