{"id":4901,"date":"2019-06-03T12:14:52","date_gmt":"2019-06-03T10:14:52","guid":{"rendered":"https:\/\/www.welovecycling.com\/es\/?p=4901"},"modified":"2019-06-03T12:14:52","modified_gmt":"2019-06-03T10:14:52","slug":"beneficios-reales-e-bikes","status":"publish","type":"post","link":"https:\/\/www.welovecycling.com\/es\/2019\/06\/03\/beneficios-reales-e-bikes\/","title":{"rendered":"Los beneficios reales de las e-bikes"},"content":{"rendered":"<p><strong>Hay razones importantes por las que los veh\u00edculos el\u00e9ctricos (o VE) son superiores a los tradicionales de gasolina y por las que, dentro de unas dos d\u00e9cadas, casi todos los veh\u00edculos que circulan por las carreteras del mundo ser\u00e1n VE. No contaminan el aire que respiramos, no hacen ruido y reducen enormemente los costes de mantenimiento.<\/strong><!--more--><\/p>\n<p>\u00bfPero por qu\u00e9 hacer el\u00e9ctrica una bicicleta? Una bicicleta no contamina, no hace ruido y rodar es bueno para la salud. En todo caso, alimentar una bicicleta con electricidad parece constituir lo que los alemanes llaman una Schlimmverbesserung, una mejora para peor, ya que priva al ciclista de los beneficios de un buen entrenamiento de pedaleo.<\/p>\n<figure id=\"attachment_4906\" aria-describedby=\"caption-attachment-4906\" style=\"width: 2048px\" class=\"wp-caption alignnone\"><a href=\"https:\/\/d2p6e6u75xmxt8.cloudfront.net\/6\/2019\/06\/13662190_608178489357352_7054667105744724663_o.jpg\"><img loading=\"lazy\" decoding=\"async\" class=\"wp-image-4906 size-full\" src=\"https:\/\/d2p6e6u75xmxt8.cloudfront.net\/6\/2019\/06\/13662190_608178489357352_7054667105744724663_o.jpg\" alt=\"\" width=\"2048\" height=\"1365\" srcset=\"https:\/\/d2p6e6u75xmxt8.cloudfront.net\/6\/2019\/06\/13662190_608178489357352_7054667105744724663_o.jpg 2048w, https:\/\/d2p6e6u75xmxt8.cloudfront.net\/6\/2019\/06\/13662190_608178489357352_7054667105744724663_o-300x200.jpg 300w, https:\/\/d2p6e6u75xmxt8.cloudfront.net\/6\/2019\/06\/13662190_608178489357352_7054667105744724663_o-768x512.jpg 768w, https:\/\/d2p6e6u75xmxt8.cloudfront.net\/6\/2019\/06\/13662190_608178489357352_7054667105744724663_o-1024x683.jpg 1024w, https:\/\/d2p6e6u75xmxt8.cloudfront.net\/6\/2019\/06\/13662190_608178489357352_7054667105744724663_o-1920x1280.jpg 1920w, https:\/\/d2p6e6u75xmxt8.cloudfront.net\/6\/2019\/06\/13662190_608178489357352_7054667105744724663_o-272x182.jpg 272w, https:\/\/d2p6e6u75xmxt8.cloudfront.net\/6\/2019\/06\/13662190_608178489357352_7054667105744724663_o-1920x1280.jpg 1920w\" sizes=\"auto, (max-width: 2048px) 100vw, 2048px\" \/><\/a><figcaption id=\"caption-attachment-4906\" class=\"wp-caption-text\">El equipo detr\u00e1s de MATE.bike son los hermanos Adel Michael y Julie Kronstr\u00f8m Carton.<\/figcaption><\/figure>\n<p>&nbsp;<\/p>\n<p>Sin embargo, no todo el mundo lo ve de esa manera y las ventas de bicicletas el\u00e9ctricas han crecido constantemente en todo el mundo, especialmente en China. Actualmente hay unos 200 millones de e-bikes en uso en China y representan m\u00e1s de la cuarta parte de todas las bicicletas del pa\u00eds. Adem\u00e1s, el Electric Bike Worldwide Report predice que habr\u00e1 2.000 millones de e-bikes en uso en todo el mundo para 2050 y que, con el tiempo, se podr\u00edan vender 84 millones cada a\u00f1o. Entonces, deben ser \u00fatiles. Pero, \u00bfpor qu\u00e9?<\/p>\n<p>Seg\u00fan el fabricante de e-bikes Evelo, &#8220;Hay una respuesta clara: las bicicletas el\u00e9ctricas toman algunas de las desventajas de una bicicleta normal y las tiran por la ventana. Estas desventajas incluyen las colinas, los vientos transversales y los vientos en contra, la edad del ciclista, su nivel de forma f\u00edsica o su salud y las molestias de llegar al trabajo, a un restaurante o a una fiesta sudando al pedalear. Una e-bicicleta aplana las colinas, para el viento y reduce el tiempo de viaje. Si tiense que recorrer una distancia m\u00e1s larga y no tienes mucho tiempo para recorrerla, una e-bicicleta le permitir\u00e1 viajar a 25 km\/h sin tener que sudar.<\/p>\n<p>Adem\u00e1s, si eres mayor y tienes problemas con las caderas, las rodillas, los m\u00fasculos de las piernas, el coraz\u00f3n o los pulmones, conducir una bicicleta el\u00e9ctrica te permitir\u00e1 pedalear con cualquier potencia que puedas reunir c\u00f3modamente. (Esto tambi\u00e9n se aplica a los ciclistas m\u00e1s j\u00f3venes que van m\u00e1s despacio debido a una lesi\u00f3n).<\/p>\n<lite-youtube videoid=IKnnqpsPkNI params=\"enablejsapi=1\" style=\"background-image: url('https:\/\/i.ytimg.com\/vi_webp\/IKnnqpsPkNI\/maxresdefault.webp');\"><\/lite-youtube>\n<p>\u00bfPero eso no es enga\u00f1arse a s\u00ed mismo con los beneficios de un gran entrenamiento? Pues bien, evelo argumenta lo contrario, declarando que &#8220;las bicicletas el\u00e9ctricas hacen que el ejercicio sea accesible, tanto si est\u00e1s en forma como si no. De hecho, la mayor\u00eda de los ciclistas hacen m\u00e1s ejercicio a medida que lo hacen m\u00e1s a menudo y para distancias m\u00e1s largas&#8221;.<\/p>\n<p>Y, al proporcionar propulsi\u00f3n motriz, las e-bicicletas pueden incluso facilitar la salida del h\u00e1bito de llevar el coche para hacer largas distancias o en una ruta sobre terreno monta\u00f1oso. En otras palabras, las bicicletas electricas son buenas para el medio ambiente, ya que pueden reducir el n\u00famero de veh\u00edculos de combusti\u00f3n interna en la carretera porque, al eliminar las barreras que impiden a tanta gente montar, como su salud, colinas o distancia, m\u00e1s gente montar\u00e1.<\/p>\n<p>Esto fue confirmado por un estudio realizado en 2012 por la Universidad de Brighton. En el estudio, cuarenta empleados de Bupa International recibieron bicicletas electr\u00f3nicas en pr\u00e9stamo por periodos de seis a ocho semanas para averiguar c\u00f3mo pod\u00edan cambiar los h\u00e1bitos de las personas que viajaban al trabajo.<\/p>\n<p><a href=\"https:\/\/d2p6e6u75xmxt8.cloudfront.net\/6\/2019\/06\/Police-E-Bike-profimedia-0431987305.jpg\"><img loading=\"lazy\" decoding=\"async\" class=\"size-full wp-image-4910\" src=\"https:\/\/d2p6e6u75xmxt8.cloudfront.net\/6\/2019\/06\/Police-E-Bike-profimedia-0431987305.jpg\" alt=\"\" width=\"1250\" height=\"827\" srcset=\"https:\/\/d2p6e6u75xmxt8.cloudfront.net\/6\/2019\/06\/Police-E-Bike-profimedia-0431987305.jpg 1250w, https:\/\/d2p6e6u75xmxt8.cloudfront.net\/6\/2019\/06\/Police-E-Bike-profimedia-0431987305-300x198.jpg 300w, https:\/\/d2p6e6u75xmxt8.cloudfront.net\/6\/2019\/06\/Police-E-Bike-profimedia-0431987305-768x508.jpg 768w, https:\/\/d2p6e6u75xmxt8.cloudfront.net\/6\/2019\/06\/Police-E-Bike-profimedia-0431987305-1024x677.jpg 1024w\" sizes=\"auto, (max-width: 1250px) 100vw, 1250px\" \/><\/a><\/p>\n<p>En el marco del programa EBikeDays, el Ministro del Interior de Baviera, Joachim Herrmann, present\u00f3 las nuevas bicicletas electr\u00f3nicas de la polic\u00eda.\u00a0Profimedia, Zuma Press &#8211; Noticias&nbsp;<\/p>\n<p>Los resultados iniciales mostraron que el 63% de las personas hicieron m\u00e1s ciclismo durante el ensayo y el 70% de las personas dijeron que har\u00edan m\u00e1s ciclismo si tuvieran una bicicleta electr\u00f3nica. Seg\u00fan un miembro del equipo de investigaci\u00f3n, &#8220;la proporci\u00f3n de participantes que dijeron que ir\u00edan en bicicleta al trabajo al menos un d\u00eda a la semana aument\u00f3 del 30 % al 75 % si ten\u00edan una bicicleta electrica disponible&#8221;.<\/p>\n<p>Pero hay m\u00e1s. Seg\u00fan la revista Cyclist, las e bikes son m\u00e1s seguras que las bicicletas normales. La mayor\u00eda de los accidentes de bicicleta se producen en cruces o rotondas, donde confluyen diferentes flujos de tr\u00e1fico. La raz\u00f3n es que a un ciclista detenido le llevar\u00e1 unos segundos aumentar la velocidad para salir de una zona de peligro. Tener un motor peque\u00f1o en la moto ayuda a acelerar m\u00e1s r\u00e1pidamente y puede, sugiere la revista, evitar que salte un sem\u00e1foro en rojo.<\/p>\n<p>Adem\u00e1s, el motor ayudar\u00e1 a los conductores a mantenerse con la velocidad del flujo de tr\u00e1fico m\u00e1s f\u00e1cilmente, lo que significa que menos veh\u00edculos se ver\u00e1n obligados a adelantarle, evitando as\u00ed situaciones potencialmente peligrosas.<\/p>\n<figure id=\"attachment_4913\" aria-describedby=\"caption-attachment-4913\" style=\"width: 1920px\" class=\"wp-caption alignnone\"><a href=\"https:\/\/d2p6e6u75xmxt8.cloudfront.net\/6\/2019\/06\/1923630_2017_A_1_Super_Commuter_9_Plus.jpg\"><img loading=\"lazy\" decoding=\"async\" class=\"size-full wp-image-4913\" src=\"https:\/\/d2p6e6u75xmxt8.cloudfront.net\/6\/2019\/06\/1923630_2017_A_1_Super_Commuter_9_Plus.jpg\" alt=\"\" width=\"1920\" height=\"1440\" srcset=\"https:\/\/d2p6e6u75xmxt8.cloudfront.net\/6\/2019\/06\/1923630_2017_A_1_Super_Commuter_9_Plus.jpg 1920w, https:\/\/d2p6e6u75xmxt8.cloudfront.net\/6\/2019\/06\/1923630_2017_A_1_Super_Commuter_9_Plus-300x225.jpg 300w, https:\/\/d2p6e6u75xmxt8.cloudfront.net\/6\/2019\/06\/1923630_2017_A_1_Super_Commuter_9_Plus-768x576.jpg 768w, https:\/\/d2p6e6u75xmxt8.cloudfront.net\/6\/2019\/06\/1923630_2017_A_1_Super_Commuter_9_Plus-1024x768.jpg 1024w, https:\/\/d2p6e6u75xmxt8.cloudfront.net\/6\/2019\/06\/1923630_2017_A_1_Super_Commuter_9_Plus-1920x1440.jpg 1920w\" sizes=\"auto, (max-width: 1920px) 100vw, 1920px\" \/><\/a><figcaption id=\"caption-attachment-4913\" class=\"wp-caption-text\">Trek Super Commuter+ 9<\/figcaption><\/figure>\n<p>Por \u00faltimo, tener un motor en su bicicleta le permitir\u00e1 llevar m\u00e1s accesorios, como equipo de camping guardado en un bastidor, a distancias m\u00e1s largas. Lo que puede animarte a dejar el coche atr\u00e1s la pr\u00f3xima vez que hagas un viaje al campo con tu familia.<\/p>\n","protected":false},"excerpt":{"rendered":"<p>Hay razones importantes por las que los veh\u00edculos el\u00e9ctricos (o VE) son superiores a los tradicionales de gasolina y por [&hellip;]<\/p>\n","protected":false},"author":29,"featured_media":4917,"comment_status":"open","ping_status":"open","sticky":false,"template":"","format":"standard","meta":{"footnotes":""},"categories":[8,6],"tags":[783,832,275],"global-categories":[],"class_list":["post-4901","post","type-post","status-publish","format-standard","has-post-thumbnail","hentry","category-life-style","category-urban","tag-beneficios-bicicletas-electricas","tag-bicicletas-e-bikes","tag-bicicletas-electricas"],"yoast_head":"<!-- This site is optimized with the Yoast SEO Premium plugin v25.3 (Yoast SEO v25.9) - https:\/\/yoast.com\/wordpress\/plugins\/seo\/ -->\n<title>Los beneficios reales de las e-bikes - \u0160koda We Love Cycling - Spain<\/title>\n<meta name=\"description\" content=\"Los beneficios reales de las e-bikes. Las ventajas que tiene las bicicletas el\u00e9ctricas sobre las bicicletas convencionales.\" \/>\n<meta name=\"robots\" content=\"index, follow, max-snippet:-1, max-image-preview:large, max-video-preview:-1\" \/>\n<link rel=\"canonical\" href=\"https:\/\/www.welovecycling.com\/es\/2019\/06\/03\/beneficios-reales-e-bikes\/\" \/>\n<meta property=\"og:locale\" content=\"es_ES\" \/>\n<meta property=\"og:type\" content=\"article\" \/>\n<meta property=\"og:title\" content=\"Los beneficios reales de las e-bikes.\" \/>\n<meta property=\"og:description\" content=\"Los beneficios reales de las e-bikes. Las ventajas que tiene las bicicletas el\u00e9ctricas sobre las bicicletas convencionales.\" \/>\n<meta property=\"og:url\" content=\"https:\/\/www.welovecycling.com\/es\/2019\/06\/03\/beneficios-reales-e-bikes\/\" \/>\n<meta property=\"og:site_name\" content=\"\u0160koda We Love Cycling - Spain\" \/>\n<meta property=\"article:published_time\" content=\"2019-06-03T10:14:52+00:00\" \/>\n<meta property=\"og:image\" content=\"https:\/\/d2p6e6u75xmxt8.cloudfront.net\/6\/2019\/06\/E-Bike-MTB-CVR-profimedia-0432417703.jpg\" \/>\n\t<meta property=\"og:image:width\" content=\"1366\" \/>\n\t<meta property=\"og:image:height\" content=\"600\" \/>\n\t<meta property=\"og:image:type\" content=\"image\/jpeg\" \/>\n<meta name=\"author\" content=\"We Love Cycling Spain\" \/>\n<meta name=\"twitter:card\" content=\"summary_large_image\" \/>\n<meta name=\"twitter:title\" content=\"Los beneficios reales de las e-bikes.\" \/>\n<meta name=\"twitter:description\" content=\"Los beneficios reales de las e-bikes. Las ventajas que tiene las bicicletas el\u00e9ctricas sobre las bicicletas convencionales.\" \/>\n<meta name=\"twitter:label1\" content=\"Written by\" \/>\n\t<meta name=\"twitter:data1\" content=\"Siegfried Mortkowitz\" \/>\n\t<meta name=\"twitter:label2\" content=\"Est. reading time\" \/>\n\t<meta name=\"twitter:data2\" content=\"7\" \/>\n<script type=\"application\/ld+json\" class=\"yoast-schema-graph\">{\"@context\":\"https:\/\/schema.org\",\"@graph\":[{\"@type\":\"WebPage\",\"@id\":\"https:\/\/www.welovecycling.com\/es\/2019\/06\/03\/beneficios-reales-e-bikes\/\",\"url\":\"https:\/\/www.welovecycling.com\/es\/2019\/06\/03\/beneficios-reales-e-bikes\/\",\"name\":\"Los beneficios reales de las e-bikes - \u0160koda We Love Cycling - Spain\",\"isPartOf\":{\"@id\":\"https:\/\/www.welovecycling.com\/es\/#website\"},\"primaryImageOfPage\":{\"@id\":\"https:\/\/www.welovecycling.com\/es\/2019\/06\/03\/beneficios-reales-e-bikes\/#primaryimage\"},\"image\":{\"@id\":\"https:\/\/www.welovecycling.com\/es\/2019\/06\/03\/beneficios-reales-e-bikes\/#primaryimage\"},\"thumbnailUrl\":\"https:\/\/d2p6e6u75xmxt8.cloudfront.net\/6\/2019\/06\/E-Bike-MTB-CVR-profimedia-0432417703.jpg\",\"datePublished\":\"2019-06-03T10:14:52+00:00\",\"author\":{\"@id\":\"https:\/\/www.welovecycling.com\/es\/#\/schema\/person\/deb61715b5812698ee79fb96f343ccd4\"},\"description\":\"Los beneficios reales de las e-bikes. Las ventajas que tiene las bicicletas el\u00e9ctricas sobre las bicicletas convencionales.\",\"breadcrumb\":{\"@id\":\"https:\/\/www.welovecycling.com\/es\/2019\/06\/03\/beneficios-reales-e-bikes\/#breadcrumb\"},\"inLanguage\":\"es-ES\",\"potentialAction\":[{\"@type\":\"ReadAction\",\"target\":[\"https:\/\/www.welovecycling.com\/es\/2019\/06\/03\/beneficios-reales-e-bikes\/\"]}]},{\"@type\":\"ImageObject\",\"inLanguage\":\"es-ES\",\"@id\":\"https:\/\/www.welovecycling.com\/es\/2019\/06\/03\/beneficios-reales-e-bikes\/#primaryimage\",\"url\":\"https:\/\/d2p6e6u75xmxt8.cloudfront.net\/6\/2019\/06\/E-Bike-MTB-CVR-profimedia-0432417703.jpg\",\"contentUrl\":\"https:\/\/d2p6e6u75xmxt8.cloudfront.net\/6\/2019\/06\/E-Bike-MTB-CVR-profimedia-0432417703.jpg\",\"width\":1366,\"height\":600},{\"@type\":\"BreadcrumbList\",\"@id\":\"https:\/\/www.welovecycling.com\/es\/2019\/06\/03\/beneficios-reales-e-bikes\/#breadcrumb\",\"itemListElement\":[{\"@type\":\"ListItem\",\"position\":1,\"name\":\"Home\",\"item\":\"https:\/\/www.welovecycling.com\/es\/\"},{\"@type\":\"ListItem\",\"position\":2,\"name\":\"Los beneficios reales de las e-bikes\"}]},{\"@type\":\"WebSite\",\"@id\":\"https:\/\/www.welovecycling.com\/es\/#website\",\"url\":\"https:\/\/www.welovecycling.com\/es\/\",\"name\":\"\u0160koda We Love Cycling - Spain\",\"description\":\"\u0160koda WeLoveCycling Spain\",\"potentialAction\":[{\"@type\":\"SearchAction\",\"target\":{\"@type\":\"EntryPoint\",\"urlTemplate\":\"https:\/\/www.welovecycling.com\/es\/?s={search_term_string}\"},\"query-input\":{\"@type\":\"PropertyValueSpecification\",\"valueRequired\":true,\"valueName\":\"search_term_string\"}}],\"inLanguage\":\"es-ES\"},{\"@type\":\"Person\",\"@id\":\"https:\/\/www.welovecycling.com\/es\/#\/schema\/person\/deb61715b5812698ee79fb96f343ccd4\",\"name\":\"We Love Cycling Spain\",\"image\":{\"@type\":\"ImageObject\",\"inLanguage\":\"es-ES\",\"@id\":\"https:\/\/www.welovecycling.com\/es\/#\/schema\/person\/image\/\",\"url\":\"https:\/\/secure.gravatar.com\/avatar\/c824b04e6df0e37a03219d0b6481672889df542894588964102459e46513159c?s=96&d=mm&r=g\",\"contentUrl\":\"https:\/\/secure.gravatar.com\/avatar\/c824b04e6df0e37a03219d0b6481672889df542894588964102459e46513159c?s=96&d=mm&r=g\",\"caption\":\"We Love Cycling Spain\"},\"url\":\"https:\/\/www.welovecycling.com\/es\/author\/amunoz\/\"}]}<\/script>\n<!-- \/ Yoast SEO Premium plugin. -->","yoast_head_json":{"title":"Los beneficios reales de las e-bikes - \u0160koda We Love Cycling - Spain","description":"Los beneficios reales de las e-bikes. Las ventajas que tiene las bicicletas el\u00e9ctricas sobre las bicicletas convencionales.","robots":{"index":"index","follow":"follow","max-snippet":"max-snippet:-1","max-image-preview":"max-image-preview:large","max-video-preview":"max-video-preview:-1"},"canonical":"https:\/\/www.welovecycling.com\/es\/2019\/06\/03\/beneficios-reales-e-bikes\/","og_locale":"es_ES","og_type":"article","og_title":"Los beneficios reales de las e-bikes.","og_description":"Los beneficios reales de las e-bikes. Las ventajas que tiene las bicicletas el\u00e9ctricas sobre las bicicletas convencionales.","og_url":"https:\/\/www.welovecycling.com\/es\/2019\/06\/03\/beneficios-reales-e-bikes\/","og_site_name":"\u0160koda We Love Cycling - Spain","article_published_time":"2019-06-03T10:14:52+00:00","og_image":[{"width":1366,"height":600,"url":"https:\/\/d2p6e6u75xmxt8.cloudfront.net\/6\/2019\/06\/E-Bike-MTB-CVR-profimedia-0432417703.jpg","type":"image\/jpeg"}],"author":"We Love Cycling Spain","twitter_card":"summary_large_image","twitter_title":"Los beneficios reales de las e-bikes.","twitter_description":"Los beneficios reales de las e-bikes. Las ventajas que tiene las bicicletas el\u00e9ctricas sobre las bicicletas convencionales.","twitter_misc":{"Written by":"Siegfried Mortkowitz","Est. reading time":"7"},"schema":{"@context":"https:\/\/schema.org","@graph":[{"@type":"WebPage","@id":"https:\/\/www.welovecycling.com\/es\/2019\/06\/03\/beneficios-reales-e-bikes\/","url":"https:\/\/www.welovecycling.com\/es\/2019\/06\/03\/beneficios-reales-e-bikes\/","name":"Los beneficios reales de las e-bikes - \u0160koda We Love Cycling - Spain","isPartOf":{"@id":"https:\/\/www.welovecycling.com\/es\/#website"},"primaryImageOfPage":{"@id":"https:\/\/www.welovecycling.com\/es\/2019\/06\/03\/beneficios-reales-e-bikes\/#primaryimage"},"image":{"@id":"https:\/\/www.welovecycling.com\/es\/2019\/06\/03\/beneficios-reales-e-bikes\/#primaryimage"},"thumbnailUrl":"https:\/\/d2p6e6u75xmxt8.cloudfront.net\/6\/2019\/06\/E-Bike-MTB-CVR-profimedia-0432417703.jpg","datePublished":"2019-06-03T10:14:52+00:00","author":{"@id":"https:\/\/www.welovecycling.com\/es\/#\/schema\/person\/deb61715b5812698ee79fb96f343ccd4"},"description":"Los beneficios reales de las e-bikes. Las ventajas que tiene las bicicletas el\u00e9ctricas sobre las bicicletas convencionales.","breadcrumb":{"@id":"https:\/\/www.welovecycling.com\/es\/2019\/06\/03\/beneficios-reales-e-bikes\/#breadcrumb"},"inLanguage":"es-ES","potentialAction":[{"@type":"ReadAction","target":["https:\/\/www.welovecycling.com\/es\/2019\/06\/03\/beneficios-reales-e-bikes\/"]}]},{"@type":"ImageObject","inLanguage":"es-ES","@id":"https:\/\/www.welovecycling.com\/es\/2019\/06\/03\/beneficios-reales-e-bikes\/#primaryimage","url":"https:\/\/d2p6e6u75xmxt8.cloudfront.net\/6\/2019\/06\/E-Bike-MTB-CVR-profimedia-0432417703.jpg","contentUrl":"https:\/\/d2p6e6u75xmxt8.cloudfront.net\/6\/2019\/06\/E-Bike-MTB-CVR-profimedia-0432417703.jpg","width":1366,"height":600},{"@type":"BreadcrumbList","@id":"https:\/\/www.welovecycling.com\/es\/2019\/06\/03\/beneficios-reales-e-bikes\/#breadcrumb","itemListElement":[{"@type":"ListItem","position":1,"name":"Home","item":"https:\/\/www.welovecycling.com\/es\/"},{"@type":"ListItem","position":2,"name":"Los beneficios reales de las e-bikes"}]},{"@type":"WebSite","@id":"https:\/\/www.welovecycling.com\/es\/#website","url":"https:\/\/www.welovecycling.com\/es\/","name":"\u0160koda We Love Cycling - Spain","description":"\u0160koda WeLoveCycling Spain","potentialAction":[{"@type":"SearchAction","target":{"@type":"EntryPoint","urlTemplate":"https:\/\/www.welovecycling.com\/es\/?s={search_term_string}"},"query-input":{"@type":"PropertyValueSpecification","valueRequired":true,"valueName":"search_term_string"}}],"inLanguage":"es-ES"},{"@type":"Person","@id":"https:\/\/www.welovecycling.com\/es\/#\/schema\/person\/deb61715b5812698ee79fb96f343ccd4","name":"We Love Cycling Spain","image":{"@type":"ImageObject","inLanguage":"es-ES","@id":"https:\/\/www.welovecycling.com\/es\/#\/schema\/person\/image\/","url":"https:\/\/secure.gravatar.com\/avatar\/c824b04e6df0e37a03219d0b6481672889df542894588964102459e46513159c?s=96&d=mm&r=g","contentUrl":"https:\/\/secure.gravatar.com\/avatar\/c824b04e6df0e37a03219d0b6481672889df542894588964102459e46513159c?s=96&d=mm&r=g","caption":"We Love Cycling Spain"},"url":"https:\/\/www.welovecycling.com\/es\/author\/amunoz\/"}]}},"_links":{"self":[{"href":"https:\/\/www.welovecycling.com\/es\/wp-json\/wp\/v2\/posts\/4901","targetHints":{"allow":["GET"]}}],"collection":[{"href":"https:\/\/www.welovecycling.com\/es\/wp-json\/wp\/v2\/posts"}],"about":[{"href":"https:\/\/www.welovecycling.com\/es\/wp-json\/wp\/v2\/types\/post"}],"author":[{"embeddable":true,"href":"https:\/\/www.welovecycling.com\/es\/wp-json\/wp\/v2\/users\/29"}],"replies":[{"embeddable":true,"href":"https:\/\/www.welovecycling.com\/es\/wp-json\/wp\/v2\/comments?post=4901"}],"version-history":[{"count":2,"href":"https:\/\/www.welovecycling.com\/es\/wp-json\/wp\/v2\/posts\/4901\/revisions"}],"predecessor-version":[{"id":4918,"href":"https:\/\/www.welovecycling.com\/es\/wp-json\/wp\/v2\/posts\/4901\/revisions\/4918"}],"wp:featuredmedia":[{"embeddable":true,"href":"https:\/\/www.welovecycling.com\/es\/wp-json\/wp\/v2\/media\/4917"}],"wp:attachment":[{"href":"https:\/\/www.welovecycling.com\/es\/wp-json\/wp\/v2\/media?parent=4901"}],"wp:term":[{"taxonomy":"category","embeddable":true,"href":"https:\/\/www.welovecycling.com\/es\/wp-json\/wp\/v2\/categories?post=4901"},{"taxonomy":"post_tag","embeddable":true,"href":"https:\/\/www.welovecycling.com\/es\/wp-json\/wp\/v2\/tags?post=4901"},{"taxonomy":"global-categories","embeddable":true,"href":"https:\/\/www.welovecycling.com\/es\/wp-json\/wp\/v2\/global-categories?post=4901"}],"curies":[{"name":"wp","href":"https:\/\/api.w.org\/{rel}","templated":true}]}}