{"id":4900,"date":"2019-06-05T21:32:40","date_gmt":"2019-06-05T19:32:40","guid":{"rendered":"https:\/\/www.welovecycling.com\/es\/?p=4900"},"modified":"2019-06-05T21:33:22","modified_gmt":"2019-06-05T19:33:22","slug":"cuanto-cuesta-ser-salida-tour-francia","status":"publish","type":"post","link":"https:\/\/www.welovecycling.com\/es\/2019\/06\/05\/cuanto-cuesta-ser-salida-tour-francia\/","title":{"rendered":"\u00bfCuanto cuesta ser salida del Tour de Francia?"},"content":{"rendered":"<p><strong>El Tour de Francia comienza este a\u00f1o en Bruselas, con motivo de la celebraci\u00f3n del 50\u00ba aniversario del primer campeonato del Tour del belga Eddy Merckx, considerado el mejor ciclista de todos los tiempos. La victoria de Merckx en 1969 fue la primera de sus cinco en el Tour; tambi\u00e9n gan\u00f3 34 etapas del Tour de Francia, cinco Giros de Italia (y 24 etapas) y una Vuelta de Espa\u00f1a.<br \/>\n<\/strong><!--more--><\/p>\n<p>Por lo tanto, hay muchas buenas razones para tener el Grand D\u00e9part en la capital belga: da al pa\u00eds y al Tour de Francia la oportunidad de rendir homenaje a un gran campe\u00f3n e, indirectamente, de dar vistosidad a la carrera en s\u00ed y a sus h\u00e9roes del pasado. Pero, por supuesto, tambi\u00e9n hay un aspecto econ\u00f3mico muy importante para el anfitri\u00f3n.<\/p>\n<figure id=\"attachment_4904\" aria-describedby=\"caption-attachment-4904\" style=\"width: 1250px\" class=\"wp-caption alignnone\"><a href=\"https:\/\/d2p6e6u75xmxt8.cloudfront.net\/6\/2019\/06\/Tour-de-France-profimedia-0339877637.jpg\"><img loading=\"lazy\" decoding=\"async\" class=\"size-full wp-image-4904\" src=\"https:\/\/d2p6e6u75xmxt8.cloudfront.net\/6\/2019\/06\/Tour-de-France-profimedia-0339877637.jpg\" alt=\"\" width=\"1250\" height=\"836\" srcset=\"https:\/\/d2p6e6u75xmxt8.cloudfront.net\/6\/2019\/06\/Tour-de-France-profimedia-0339877637.jpg 1250w, https:\/\/d2p6e6u75xmxt8.cloudfront.net\/6\/2019\/06\/Tour-de-France-profimedia-0339877637-300x201.jpg 300w, https:\/\/d2p6e6u75xmxt8.cloudfront.net\/6\/2019\/06\/Tour-de-France-profimedia-0339877637-768x514.jpg 768w, https:\/\/d2p6e6u75xmxt8.cloudfront.net\/6\/2019\/06\/Tour-de-France-profimedia-0339877637-1024x685.jpg 1024w, https:\/\/d2p6e6u75xmxt8.cloudfront.net\/6\/2019\/06\/Tour-de-France-profimedia-0339877637-272x182.jpg 272w\" sizes=\"auto, (max-width: 1250px) 100vw, 1250px\" \/><\/a><figcaption id=\"caption-attachment-4904\" class=\"wp-caption-text\">El veh\u00edculo de caravana \u0160koda en la foto durante una contrarreloj individual de 14 km, la primera etapa de la 104\u00aa edici\u00f3n de la carrera ciclista del Tour de Francia el 1 de julio de 2017 en D\u00fcsseldorf, Alemania y sus alrededores. Profimedia, AFP<\/figcaption><\/figure>\n<p>&nbsp;<\/p>\n<p>El Tour de Francia es el tercer evento deportivo m\u00e1s visto del mundo, retransmitido en 190 pa\u00edses. Como dice la ciudad de Bruselas en su p\u00e1gina web: &#8220;Esta es una oportunidad \u00fanica&#8230; para promocionar la ciudad, para poner a Bruselas en el mapa&#8217;. Pero tambi\u00e9n revelar[su] patrimonio arquitect\u00f3nico, cultural y culinario y destacar[su] aspecto cosmopolita y abierto en Europa&#8221;. En otras palabras, es una gran publicidad.<\/p>\n<p>M\u00e1s directamente, proporciona un impulso econ\u00f3mico inmediato a la ciudad porque los aficionados al ciclismo, los aficionados de Merckx (que son muchos) y los turistas del Tour de Francia de todo el mundo llenar\u00e1n sus hoteles, restaurantes y tiendas tur\u00edsticas.<\/p>\n<p>Estos beneficios no son gratuitos, por supuesto. Las ciudades se presentan como candidatas para acoger un Grand D\u00e9part o cualquier otra parada en la carrera de tres semanas, y el honor no es barato. Seg\u00fan la revista Cyclist, la ciudad brit\u00e1nica de Portsmouth y la capital danesa, Copenhague, ofrecieron sus candidaturas para albergar el Grand D\u00e9part de 2019. Y Londres tambi\u00e9n hab\u00eda estado en la carrera.<\/p>\n<figure id=\"attachment_4907\" aria-describedby=\"caption-attachment-4907\" style=\"width: 1250px\" class=\"wp-caption alignnone\"><a href=\"https:\/\/d2p6e6u75xmxt8.cloudfront.net\/6\/2019\/06\/profimedia-0229528997.jpg\"><img loading=\"lazy\" decoding=\"async\" class=\"size-full wp-image-4907\" src=\"https:\/\/d2p6e6u75xmxt8.cloudfront.net\/6\/2019\/06\/profimedia-0229528997.jpg\" alt=\"\" width=\"1250\" height=\"768\" srcset=\"https:\/\/d2p6e6u75xmxt8.cloudfront.net\/6\/2019\/06\/profimedia-0229528997.jpg 1250w, https:\/\/d2p6e6u75xmxt8.cloudfront.net\/6\/2019\/06\/profimedia-0229528997-300x184.jpg 300w, https:\/\/d2p6e6u75xmxt8.cloudfront.net\/6\/2019\/06\/profimedia-0229528997-768x472.jpg 768w, https:\/\/d2p6e6u75xmxt8.cloudfront.net\/6\/2019\/06\/profimedia-0229528997-1024x629.jpg 1024w\" sizes=\"auto, (max-width: 1250px) 100vw, 1250px\" \/><\/a><figcaption id=\"caption-attachment-4907\" class=\"wp-caption-text\">Marcel Kittel cruza la l\u00ednea de meta para ganar la etapa 3 &#8211; De Cambridge a Londres (07 Jul 2014) \u00a9 Profimedia, TEMP Rex Features<\/figcaption><\/figure>\n<p>&nbsp;<\/p>\n<p>Para financiar su oferta, Portsmouth hab\u00eda pedido una subvenci\u00f3n de m\u00e1s de 2 millones de libras esterlinas al gobierno brit\u00e1nico. Pero con la Federaci\u00f3n Brit\u00e1nica de Ciclismo centrando sus esfuerzos en acoger el Campeonato Mundial de Ciclismo en Carretera de la UCI en Yorkshire este a\u00f1o, la candidatura fracas\u00f3. Londres nunca hizo una oferta oficial, porque el ex alcalde de la ciudad, un tal Boris Johnson, vet\u00f3 la idea por el costo que implicaba.<\/p>\n<p>Los costes de acoger una etapa de cualquier gran carrera son realmente altos. El derecho a albergar la carrera incluye, entre otras cosas, dinero para cubrir los costes de la compleja log\u00edstica de la gesti\u00f3n del espect\u00e1culo: polic\u00eda para mantener la ley y el orden, contrataci\u00f3n y formaci\u00f3n de voluntarios para realizar las m\u00faltiples tareas que implica asegurarse de que cada espectador y visitante sepa d\u00f3nde estar y c\u00f3mo llegar, las limpiezas, el desv\u00edo de tr\u00e1fico, etc\u00e9tera.<\/p>\n<p>Seg\u00fan VeloNews, Dinamarca gast\u00f3 unos 3,86 millones de d\u00f3lares para organizar las tres etapas del Giro de Italia 2012. Siete a\u00f1os despu\u00e9s, los costes ser\u00e1n sin duda mayores, quiz\u00e1s incluso el doble. Tanto el ASO, que dirige el Tour de Francia, como el condado de Yorkshire, que acogi\u00f3 el Grand D\u00e9part 2014, se negaron a revelar los costos del evento (ASO no revela los acuerdos financieros por pol\u00edtica de empresa). Sin embargo, Edimburgo, que tambi\u00e9n present\u00f3 una oferta para el comienzo de 2014, hab\u00eda presupuestado 10 millones de libras esterlinas para ello. Eso es mucho dinero, y ser\u00e1 a\u00fan m\u00e1s para Bruselas, cinco a\u00f1os despu\u00e9s.<\/p>\n<figure id=\"attachment_4908\" aria-describedby=\"caption-attachment-4908\" style=\"width: 1250px\" class=\"wp-caption alignnone\"><a href=\"https:\/\/d2p6e6u75xmxt8.cloudfront.net\/6\/2019\/06\/Denmark-Tour-de-France-profimedia-0223383291.jpg\"><img loading=\"lazy\" decoding=\"async\" class=\"size-full wp-image-4908\" src=\"https:\/\/d2p6e6u75xmxt8.cloudfront.net\/6\/2019\/06\/Denmark-Tour-de-France-profimedia-0223383291.jpg\" alt=\"\" width=\"1250\" height=\"853\" srcset=\"https:\/\/d2p6e6u75xmxt8.cloudfront.net\/6\/2019\/06\/Denmark-Tour-de-France-profimedia-0223383291.jpg 1250w, https:\/\/d2p6e6u75xmxt8.cloudfront.net\/6\/2019\/06\/Denmark-Tour-de-France-profimedia-0223383291-300x205.jpg 300w, https:\/\/d2p6e6u75xmxt8.cloudfront.net\/6\/2019\/06\/Denmark-Tour-de-France-profimedia-0223383291-768x524.jpg 768w, https:\/\/d2p6e6u75xmxt8.cloudfront.net\/6\/2019\/06\/Denmark-Tour-de-France-profimedia-0223383291-1024x699.jpg 1024w\" sizes=\"auto, (max-width: 1250px) 100vw, 1250px\" \/><\/a><figcaption id=\"caption-attachment-4908\" class=\"wp-caption-text\">Ciclistas del Radioshack Nissan\u00a0entrenando la ruta de contrarreloj de la primera etapa de la gira ciclista del Giro de Italia 2012 en Herning, Dinamarca, el 4 de mayo de 2012.\u00a0Profimedia, TEMP EPA<\/figcaption><\/figure>\n<p>&nbsp;<\/p>\n<p>Pero los beneficios superan f\u00e1cilmente los costos. Como dice VeloNews: &#8220;El impacto econ\u00f3mico potencial de la salida del Tour es 10 veces superior a la inversi\u00f3n.&#8221; Y Andrew Denton, jefe de medios de comunicaci\u00f3n del Grand D\u00e9part de Yorkshire, dijo a la revista que aunque su oferta era &#8220;considerablemente menor&#8221; que 10 millones de libras, &#8220;Creemos que reportar\u00e1 100 millones de libras para nosotros&#8221;.<\/p>\n<p>Es por eso que los gobiernos locales y nacionales y los inversionistas est\u00e1n tan ansiosos por tener el privilegio de ser anfitriones de una gran meta o salida de una gran vuelta por etapas. Como dijo el ex director del Giro Angelo Zomegnan: &#8220;La cantidad se absorbe r\u00e1pidamente porque el Giro de Italia deja la ciudad con al menos 10 veces su inversi\u00f3n&#8221;.<\/p>\n","protected":false},"excerpt":{"rendered":"<p>El Tour de Francia comienza este a\u00f1o en Bruselas, con motivo de la celebraci\u00f3n del 50\u00ba aniversario del primer campeonato [&hellip;]<\/p>\n","protected":false},"author":29,"featured_media":4914,"comment_status":"open","ping_status":"open","sticky":false,"template":"","format":"standard","meta":{"footnotes":""},"categories":[7],"tags":[1068,1067,1066,1065],"global-categories":[],"class_list":["post-4900","post","type-post","status-publish","format-standard","has-post-thumbnail","hentry","category-carretera","tag-coste-ciudad-salida-tour-de-francia","tag-coste-ser-meta-tour-de-francia","tag-precio-organizar-salida-tour-de-francia","tag-salida-tour-de-francia"],"yoast_head":"<!-- This site is optimized with the Yoast SEO Premium plugin v25.3 (Yoast SEO v25.9) - https:\/\/yoast.com\/wordpress\/plugins\/seo\/ -->\n<title>\u00bfCuanto cuesta ser salida del Tour de Francia? - \u0160koda We Love Cycling - Spain<\/title>\n<meta name=\"description\" content=\"\u00bfCuanto cuesta ser salida del Tour de Francia? Las cifras de Bruselas para ser la salida del Tour de Francia y las cifras para acoger etapas.\" \/>\n<meta name=\"robots\" content=\"index, follow, max-snippet:-1, max-image-preview:large, max-video-preview:-1\" \/>\n<link rel=\"canonical\" href=\"https:\/\/www.welovecycling.com\/es\/2019\/06\/05\/cuanto-cuesta-ser-salida-tour-francia\/\" \/>\n<meta property=\"og:locale\" content=\"es_ES\" \/>\n<meta property=\"og:type\" content=\"article\" \/>\n<meta property=\"og:title\" content=\"\u00bfCuanto cuesta ser salida del Tour de Francia?\" \/>\n<meta property=\"og:description\" content=\"\u00bfCuanto cuesta ser salida del Tour de Francia? Las cifras de Bruselas para ser la salida del Tour de Francia y las cifras para acoger etapas.\" \/>\n<meta property=\"og:url\" content=\"https:\/\/www.welovecycling.com\/es\/2019\/06\/05\/cuanto-cuesta-ser-salida-tour-francia\/\" \/>\n<meta property=\"og:site_name\" content=\"\u0160koda We Love Cycling - Spain\" \/>\n<meta property=\"article:published_time\" content=\"2019-06-05T19:32:40+00:00\" \/>\n<meta property=\"article:modified_time\" content=\"2019-06-05T19:33:22+00:00\" \/>\n<meta property=\"og:image\" content=\"https:\/\/d2p6e6u75xmxt8.cloudfront.net\/6\/2019\/06\/Tour-de-France-Froome-CVR-profimedia-0235966430.jpg\" \/>\n\t<meta property=\"og:image:width\" content=\"1366\" \/>\n\t<meta property=\"og:image:height\" content=\"600\" \/>\n\t<meta property=\"og:image:type\" content=\"image\/jpeg\" \/>\n<meta name=\"author\" content=\"We Love Cycling Spain\" \/>\n<meta name=\"twitter:card\" content=\"summary_large_image\" \/>\n<meta name=\"twitter:title\" content=\"\u00bfCuanto cuesta ser salida del Tour de Francia?\" \/>\n<meta name=\"twitter:description\" content=\"\u00bfCuanto cuesta ser salida del Tour de Francia? Las cifras de Bruselas para ser la salida del Tour de Francia y las cifras para acoger etapas.\" \/>\n<meta name=\"twitter:label1\" content=\"Written by\" \/>\n\t<meta name=\"twitter:data1\" content=\"Siegfried Mortkowitz\" \/>\n\t<meta name=\"twitter:label2\" content=\"Est. reading time\" \/>\n\t<meta name=\"twitter:data2\" content=\"7\" \/>\n<script type=\"application\/ld+json\" class=\"yoast-schema-graph\">{\"@context\":\"https:\/\/schema.org\",\"@graph\":[{\"@type\":\"WebPage\",\"@id\":\"https:\/\/www.welovecycling.com\/es\/2019\/06\/05\/cuanto-cuesta-ser-salida-tour-francia\/\",\"url\":\"https:\/\/www.welovecycling.com\/es\/2019\/06\/05\/cuanto-cuesta-ser-salida-tour-francia\/\",\"name\":\"\u00bfCuanto cuesta ser salida del Tour de Francia? - \u0160koda We Love Cycling - Spain\",\"isPartOf\":{\"@id\":\"https:\/\/www.welovecycling.com\/es\/#website\"},\"primaryImageOfPage\":{\"@id\":\"https:\/\/www.welovecycling.com\/es\/2019\/06\/05\/cuanto-cuesta-ser-salida-tour-francia\/#primaryimage\"},\"image\":{\"@id\":\"https:\/\/www.welovecycling.com\/es\/2019\/06\/05\/cuanto-cuesta-ser-salida-tour-francia\/#primaryimage\"},\"thumbnailUrl\":\"https:\/\/d2p6e6u75xmxt8.cloudfront.net\/6\/2019\/06\/Tour-de-France-Froome-CVR-profimedia-0235966430.jpg\",\"datePublished\":\"2019-06-05T19:32:40+00:00\",\"dateModified\":\"2019-06-05T19:33:22+00:00\",\"author\":{\"@id\":\"https:\/\/www.welovecycling.com\/es\/#\/schema\/person\/deb61715b5812698ee79fb96f343ccd4\"},\"description\":\"\u00bfCuanto cuesta ser salida del Tour de Francia? Las cifras de Bruselas para ser la salida del Tour de Francia y las cifras para acoger etapas.\",\"breadcrumb\":{\"@id\":\"https:\/\/www.welovecycling.com\/es\/2019\/06\/05\/cuanto-cuesta-ser-salida-tour-francia\/#breadcrumb\"},\"inLanguage\":\"es-ES\",\"potentialAction\":[{\"@type\":\"ReadAction\",\"target\":[\"https:\/\/www.welovecycling.com\/es\/2019\/06\/05\/cuanto-cuesta-ser-salida-tour-francia\/\"]}]},{\"@type\":\"ImageObject\",\"inLanguage\":\"es-ES\",\"@id\":\"https:\/\/www.welovecycling.com\/es\/2019\/06\/05\/cuanto-cuesta-ser-salida-tour-francia\/#primaryimage\",\"url\":\"https:\/\/d2p6e6u75xmxt8.cloudfront.net\/6\/2019\/06\/Tour-de-France-Froome-CVR-profimedia-0235966430.jpg\",\"contentUrl\":\"https:\/\/d2p6e6u75xmxt8.cloudfront.net\/6\/2019\/06\/Tour-de-France-Froome-CVR-profimedia-0235966430.jpg\",\"width\":1366,\"height\":600},{\"@type\":\"BreadcrumbList\",\"@id\":\"https:\/\/www.welovecycling.com\/es\/2019\/06\/05\/cuanto-cuesta-ser-salida-tour-francia\/#breadcrumb\",\"itemListElement\":[{\"@type\":\"ListItem\",\"position\":1,\"name\":\"Home\",\"item\":\"https:\/\/www.welovecycling.com\/es\/\"},{\"@type\":\"ListItem\",\"position\":2,\"name\":\"\u00bfCuanto cuesta ser salida del Tour de Francia?\"}]},{\"@type\":\"WebSite\",\"@id\":\"https:\/\/www.welovecycling.com\/es\/#website\",\"url\":\"https:\/\/www.welovecycling.com\/es\/\",\"name\":\"\u0160koda We Love Cycling - Spain\",\"description\":\"\u0160koda WeLoveCycling Spain\",\"potentialAction\":[{\"@type\":\"SearchAction\",\"target\":{\"@type\":\"EntryPoint\",\"urlTemplate\":\"https:\/\/www.welovecycling.com\/es\/?s={search_term_string}\"},\"query-input\":{\"@type\":\"PropertyValueSpecification\",\"valueRequired\":true,\"valueName\":\"search_term_string\"}}],\"inLanguage\":\"es-ES\"},{\"@type\":\"Person\",\"@id\":\"https:\/\/www.welovecycling.com\/es\/#\/schema\/person\/deb61715b5812698ee79fb96f343ccd4\",\"name\":\"We Love Cycling Spain\",\"image\":{\"@type\":\"ImageObject\",\"inLanguage\":\"es-ES\",\"@id\":\"https:\/\/www.welovecycling.com\/es\/#\/schema\/person\/image\/\",\"url\":\"https:\/\/secure.gravatar.com\/avatar\/c824b04e6df0e37a03219d0b6481672889df542894588964102459e46513159c?s=96&d=mm&r=g\",\"contentUrl\":\"https:\/\/secure.gravatar.com\/avatar\/c824b04e6df0e37a03219d0b6481672889df542894588964102459e46513159c?s=96&d=mm&r=g\",\"caption\":\"We Love Cycling Spain\"},\"url\":\"https:\/\/www.welovecycling.com\/es\/author\/amunoz\/\"}]}<\/script>\n<!-- \/ Yoast SEO Premium plugin. -->","yoast_head_json":{"title":"\u00bfCuanto cuesta ser salida del Tour de Francia? - \u0160koda We Love Cycling - Spain","description":"\u00bfCuanto cuesta ser salida del Tour de Francia? Las cifras de Bruselas para ser la salida del Tour de Francia y las cifras para acoger etapas.","robots":{"index":"index","follow":"follow","max-snippet":"max-snippet:-1","max-image-preview":"max-image-preview:large","max-video-preview":"max-video-preview:-1"},"canonical":"https:\/\/www.welovecycling.com\/es\/2019\/06\/05\/cuanto-cuesta-ser-salida-tour-francia\/","og_locale":"es_ES","og_type":"article","og_title":"\u00bfCuanto cuesta ser salida del Tour de Francia?","og_description":"\u00bfCuanto cuesta ser salida del Tour de Francia? Las cifras de Bruselas para ser la salida del Tour de Francia y las cifras para acoger etapas.","og_url":"https:\/\/www.welovecycling.com\/es\/2019\/06\/05\/cuanto-cuesta-ser-salida-tour-francia\/","og_site_name":"\u0160koda We Love Cycling - Spain","article_published_time":"2019-06-05T19:32:40+00:00","article_modified_time":"2019-06-05T19:33:22+00:00","og_image":[{"width":1366,"height":600,"url":"https:\/\/d2p6e6u75xmxt8.cloudfront.net\/6\/2019\/06\/Tour-de-France-Froome-CVR-profimedia-0235966430.jpg","type":"image\/jpeg"}],"author":"We Love Cycling Spain","twitter_card":"summary_large_image","twitter_title":"\u00bfCuanto cuesta ser salida del Tour de Francia?","twitter_description":"\u00bfCuanto cuesta ser salida del Tour de Francia? Las cifras de Bruselas para ser la salida del Tour de Francia y las cifras para acoger etapas.","twitter_misc":{"Written by":"Siegfried Mortkowitz","Est. reading time":"7"},"schema":{"@context":"https:\/\/schema.org","@graph":[{"@type":"WebPage","@id":"https:\/\/www.welovecycling.com\/es\/2019\/06\/05\/cuanto-cuesta-ser-salida-tour-francia\/","url":"https:\/\/www.welovecycling.com\/es\/2019\/06\/05\/cuanto-cuesta-ser-salida-tour-francia\/","name":"\u00bfCuanto cuesta ser salida del Tour de Francia? - \u0160koda We Love Cycling - Spain","isPartOf":{"@id":"https:\/\/www.welovecycling.com\/es\/#website"},"primaryImageOfPage":{"@id":"https:\/\/www.welovecycling.com\/es\/2019\/06\/05\/cuanto-cuesta-ser-salida-tour-francia\/#primaryimage"},"image":{"@id":"https:\/\/www.welovecycling.com\/es\/2019\/06\/05\/cuanto-cuesta-ser-salida-tour-francia\/#primaryimage"},"thumbnailUrl":"https:\/\/d2p6e6u75xmxt8.cloudfront.net\/6\/2019\/06\/Tour-de-France-Froome-CVR-profimedia-0235966430.jpg","datePublished":"2019-06-05T19:32:40+00:00","dateModified":"2019-06-05T19:33:22+00:00","author":{"@id":"https:\/\/www.welovecycling.com\/es\/#\/schema\/person\/deb61715b5812698ee79fb96f343ccd4"},"description":"\u00bfCuanto cuesta ser salida del Tour de Francia? Las cifras de Bruselas para ser la salida del Tour de Francia y las cifras para acoger etapas.","breadcrumb":{"@id":"https:\/\/www.welovecycling.com\/es\/2019\/06\/05\/cuanto-cuesta-ser-salida-tour-francia\/#breadcrumb"},"inLanguage":"es-ES","potentialAction":[{"@type":"ReadAction","target":["https:\/\/www.welovecycling.com\/es\/2019\/06\/05\/cuanto-cuesta-ser-salida-tour-francia\/"]}]},{"@type":"ImageObject","inLanguage":"es-ES","@id":"https:\/\/www.welovecycling.com\/es\/2019\/06\/05\/cuanto-cuesta-ser-salida-tour-francia\/#primaryimage","url":"https:\/\/d2p6e6u75xmxt8.cloudfront.net\/6\/2019\/06\/Tour-de-France-Froome-CVR-profimedia-0235966430.jpg","contentUrl":"https:\/\/d2p6e6u75xmxt8.cloudfront.net\/6\/2019\/06\/Tour-de-France-Froome-CVR-profimedia-0235966430.jpg","width":1366,"height":600},{"@type":"BreadcrumbList","@id":"https:\/\/www.welovecycling.com\/es\/2019\/06\/05\/cuanto-cuesta-ser-salida-tour-francia\/#breadcrumb","itemListElement":[{"@type":"ListItem","position":1,"name":"Home","item":"https:\/\/www.welovecycling.com\/es\/"},{"@type":"ListItem","position":2,"name":"\u00bfCuanto cuesta ser salida del Tour de Francia?"}]},{"@type":"WebSite","@id":"https:\/\/www.welovecycling.com\/es\/#website","url":"https:\/\/www.welovecycling.com\/es\/","name":"\u0160koda We Love Cycling - Spain","description":"\u0160koda WeLoveCycling Spain","potentialAction":[{"@type":"SearchAction","target":{"@type":"EntryPoint","urlTemplate":"https:\/\/www.welovecycling.com\/es\/?s={search_term_string}"},"query-input":{"@type":"PropertyValueSpecification","valueRequired":true,"valueName":"search_term_string"}}],"inLanguage":"es-ES"},{"@type":"Person","@id":"https:\/\/www.welovecycling.com\/es\/#\/schema\/person\/deb61715b5812698ee79fb96f343ccd4","name":"We Love Cycling Spain","image":{"@type":"ImageObject","inLanguage":"es-ES","@id":"https:\/\/www.welovecycling.com\/es\/#\/schema\/person\/image\/","url":"https:\/\/secure.gravatar.com\/avatar\/c824b04e6df0e37a03219d0b6481672889df542894588964102459e46513159c?s=96&d=mm&r=g","contentUrl":"https:\/\/secure.gravatar.com\/avatar\/c824b04e6df0e37a03219d0b6481672889df542894588964102459e46513159c?s=96&d=mm&r=g","caption":"We Love Cycling Spain"},"url":"https:\/\/www.welovecycling.com\/es\/author\/amunoz\/"}]}},"_links":{"self":[{"href":"https:\/\/www.welovecycling.com\/es\/wp-json\/wp\/v2\/posts\/4900","targetHints":{"allow":["GET"]}}],"collection":[{"href":"https:\/\/www.welovecycling.com\/es\/wp-json\/wp\/v2\/posts"}],"about":[{"href":"https:\/\/www.welovecycling.com\/es\/wp-json\/wp\/v2\/types\/post"}],"author":[{"embeddable":true,"href":"https:\/\/www.welovecycling.com\/es\/wp-json\/wp\/v2\/users\/29"}],"replies":[{"embeddable":true,"href":"https:\/\/www.welovecycling.com\/es\/wp-json\/wp\/v2\/comments?post=4900"}],"version-history":[{"count":2,"href":"https:\/\/www.welovecycling.com\/es\/wp-json\/wp\/v2\/posts\/4900\/revisions"}],"predecessor-version":[{"id":4920,"href":"https:\/\/www.welovecycling.com\/es\/wp-json\/wp\/v2\/posts\/4900\/revisions\/4920"}],"wp:featuredmedia":[{"embeddable":true,"href":"https:\/\/www.welovecycling.com\/es\/wp-json\/wp\/v2\/media\/4914"}],"wp:attachment":[{"href":"https:\/\/www.welovecycling.com\/es\/wp-json\/wp\/v2\/media?parent=4900"}],"wp:term":[{"taxonomy":"category","embeddable":true,"href":"https:\/\/www.welovecycling.com\/es\/wp-json\/wp\/v2\/categories?post=4900"},{"taxonomy":"post_tag","embeddable":true,"href":"https:\/\/www.welovecycling.com\/es\/wp-json\/wp\/v2\/tags?post=4900"},{"taxonomy":"global-categories","embeddable":true,"href":"https:\/\/www.welovecycling.com\/es\/wp-json\/wp\/v2\/global-categories?post=4900"}],"curies":[{"name":"wp","href":"https:\/\/api.w.org\/{rel}","templated":true}]}}