{"id":4842,"date":"2019-05-30T15:04:48","date_gmt":"2019-05-30T13:04:48","guid":{"rendered":"https:\/\/www.welovecycling.com\/es\/?p=4842"},"modified":"2019-10-01T11:36:07","modified_gmt":"2019-10-01T09:36:07","slug":"skodatitanchallenge","status":"publish","type":"post","link":"https:\/\/www.welovecycling.com\/es\/2019\/05\/30\/skodatitanchallenge\/","title":{"rendered":"\u0160koda Titan Challenge"},"content":{"rendered":"<h2 style=\"text-align: left;\"><span style=\"font-size: 24pt;\"><strong>Bienvenidos al reto antes del GRAN RETO\u00a0<\/strong><\/span><\/h2>\n<p style=\"text-align: left;\"><strong><span style=\"font-size: 18pt;\"><span class=\"s1\">Un <em>challenge<\/em>, 24 plazas para el Campus <\/span><span class=\"s2\">\u0160<\/span><span class=\"s1\">KODA WeloveCycling y 6 seleccionados para competir en la <a href=\"https:\/\/www.titandesert.com\/es\">Garmin Titan Desert 2020<\/a>.<\/span><\/span><\/strong><\/p>\n<p class=\"p4\" style=\"text-align: left;\"><span class=\"s1\">No se trata tan solo de ser valiente, se trata de creer en uno mismo incluso sabiendo a qu\u00e9 se enfrenta. Puede que pienses que <strong>la Titan Desert no est\u00e1 hecha para cualquiera<\/strong>, y acertar\u00e1s, <strong>pero \u00bfc\u00f3mo es posible saber si est\u00e1s preparado si no te pones a prueba?<\/strong><\/span><\/p>\n<p class=\"p1\" style=\"text-align: left;\"><span class=\"s1\">En \u0160koda amamos el ciclismo tanto como t\u00fa, por eso hemos organizado el <strong>\u0160koda Titan Challenge<\/strong>. Un evento \u00fanico con el objetivo de seleccionar a 24 valientes para el Campus \u0160koda WeLoveCycling, que se celebrar\u00e1 el pr\u00f3ximo mes de octubre.<\/span><\/p>\n<p>&nbsp;<\/p>\n<h2 class=\"p1\"><span class=\"s1\"><b>\u00bfC\u00f3mo se seleccionar\u00e1n los 24 participantes del Campus \u0160koda WeLoveCycling?<\/b><\/span><\/h2>\n<p><span style=\"font-size: 14pt;\"><strong><span class=\"s1\">4 participantes <\/span><\/strong><\/span><br \/>\n<span class=\"s1\">Seleccionados durante las pruebas patrocinadas por <\/span><span class=\"s3\">\u0160<\/span><span class=\"s1\">KODA:<\/span><\/p>\n<p><span class=\"s6\">Polar <a href=\"https:\/\/www.polargranfondolamussara.com\/\"><span class=\"s7\">Gran Fondo La Mussara<\/span><\/a><\/span><br \/>\n<span class=\"s8\">\u0160<\/span><span class=\"s6\">KODA <a href=\"https:\/\/skodagranfondopriorat.com\/\"><span class=\"s7\">Gran Fondo Priorat<\/span><\/a><\/span><br \/>\n<span class=\"s6\">Orbea <a href=\"https:\/\/www.orbea.com\/es-es\/eventos\/gran-fondo-vitoria-gasteiz-2019\/\"><span class=\"s7\">Gran Fondo Vitoria<\/span><\/a><\/span><br \/>\n<span class=\"s5\"><a href=\"https:\/\/www.orbea.com\/co-es\/noticias\/klasika-orbea-bilbao-bizkaia\/\"><span class=\"s9\">Orbea Cl\u00e1sica<\/span><\/a><\/span><span class=\"s6\"> Bilbao<\/span><\/p>\n<p><span style=\"font-size: 14pt;\"><strong><span class=\"s1\">20 participantes <\/span><\/strong><\/span><br \/>\n<span class=\"s1\">Seleccionados<\/span><span class=\"s2\">\u00a0a trav\u00e9s del <a href=\"https:\/\/www.strava.com\/clubs\/WeLoveCyclingSpain\"><span class=\"s3\">Club Strava \u0160koda <\/span><\/a><a href=\"https:\/\/www.strava.com\/clubs\/WeLoveCyclingSpain\">WeloveCycling Spain<\/a>\u00a0<\/span><\/p>\n<p><span class=\"s2\">A trav\u00e9s de la aplicaci\u00f3n se plantear\u00e1n 10 retos, uno por semana. \u00a1<\/span>Participa y podr\u00e1s ganar una plaza para nuestro campus!<\/p>\n<h2 class=\"p1\" style=\"text-align: center;\"><span class=\"s1\">\u00a0<b>Ganadores<\/b><\/span><\/h2>\n<p style=\"text-align: center;\"><strong>Ganadores del primer reto<\/strong><\/p>\n<p style=\"text-align: center;\">Rub\u00e9n Alvar\u00e9z<\/p>\n<p style=\"text-align: center;\">Pilar Mansilla<\/p>\n<p style=\"text-align: center;\"><strong>Ganadores del segundo reto<\/strong><\/p>\n<p style=\"text-align: center;\">Oriol Vidal<\/p>\n<p style=\"text-align: center;\">Michaela Sekulova Sekula<\/p>\n<p style=\"text-align: center;\"><strong>Ganadores del tercer reto<\/strong><\/p>\n<p style=\"text-align: center;\">Manuel P\u00e9rez<\/p>\n<p style=\"text-align: center;\">Vanessa Serrano<\/p>\n<p style=\"text-align: center;\"><strong>Ganadores del cuarto reto<\/strong><\/p>\n<p style=\"text-align: center;\">Francisco Jos\u00e9 Barajas<\/p>\n<p style=\"text-align: center;\"><strong>Ganadores del quinto reto<\/strong><\/p>\n<p style=\"text-align: center;\">Jorge Lamiel<\/p>\n<p style=\"text-align: center;\">Ariadna Ci\u00e9rcoles<\/p>\n<p style=\"text-align: center;\"><strong>Ganadores del sexto reto<\/strong><\/p>\n<p style=\"text-align: center;\">Javier Gonz\u00e1lez<\/p>\n<p style=\"text-align: center;\">Marina Mart\u00ednez Rasc\u00f3n<\/p>\n<p style=\"text-align: center;\"><strong>Ganadores del s\u00e9ptimo reto<\/strong><\/p>\n<p style=\"text-align: center;\">Lolo Mart\u00ednez<\/p>\n<p style=\"text-align: center;\"><strong>Ganadores del octavo reto<\/strong><\/p>\n<p style=\"text-align: center;\">Diego L\u00f3pez<\/p>\n<p style=\"text-align: center;\"><strong>Ganadores del noveno reto<\/strong><\/p>\n<p style=\"text-align: center;\">Javier Garc\u00eda Reboredo<\/p>\n<p style=\"text-align: center;\"><strong>Ganadores del d\u00e9cimo reto<\/strong><\/p>\n<p style=\"text-align: center;\">Jos\u00e9 Manuel Serrano Santana<\/p>\n<p><a href=\"https:\/\/d2p6e6u75xmxt8.cloudfront.net\/6\/2019\/05\/cabecera_articulo_campus_ciclismo.jpg\"><img loading=\"lazy\" decoding=\"async\" class=\"aligncenter size-large wp-image-4862\" src=\"https:\/\/d2p6e6u75xmxt8.cloudfront.net\/6\/2019\/05\/cabecera_articulo_campus_ciclismo-1024x447.jpg\" alt=\"\" width=\"1024\" height=\"447\" srcset=\"https:\/\/d2p6e6u75xmxt8.cloudfront.net\/6\/2019\/05\/cabecera_articulo_campus_ciclismo-1024x447.jpg 1024w, https:\/\/d2p6e6u75xmxt8.cloudfront.net\/6\/2019\/05\/cabecera_articulo_campus_ciclismo-300x131.jpg 300w, https:\/\/d2p6e6u75xmxt8.cloudfront.net\/6\/2019\/05\/cabecera_articulo_campus_ciclismo-768x335.jpg 768w, https:\/\/d2p6e6u75xmxt8.cloudfront.net\/6\/2019\/05\/cabecera_articulo_campus_ciclismo.jpg 1375w\" sizes=\"auto, (max-width: 1024px) 100vw, 1024px\" \/><\/a><\/p>\n<p style=\"text-align: left;\">Adem\u00e1s, si eres uno de los participantes del Campus \u0160koda WeLoveCycling, podr\u00e1s ser seleccionado para formar parte del equipo <strong>\u0160koda WeLoveCycling Titan que competir\u00e1 en la Garmin Titan Desert 2020<\/strong> con todas las ventajas que te ofrecemos:<\/p>\n<ul>\n<li style=\"text-align: left;\">Inscripci\u00f3n gratuita en la Garmin Titan Desert 2020.<\/li>\n<li style=\"text-align: left;\">Gastos de los viajes y el transporte del material de la GTD.<\/li>\n<li style=\"text-align: left;\">Podr\u00e1s vestir nuestra equipaci\u00f3n de ciclismo \u0160koda WeloveCycling.<\/li>\n<li style=\"text-align: left;\">Cubriremos todos los gastos de servicio de asistencia mec\u00e1nica y fisioterapia.<\/li>\n<\/ul>\n<p>&nbsp;<\/p>\n<h2 class=\"p1\" style=\"text-align: center;\"><span class=\"s1\"><b>\u00bfTe unes al reto de los m\u00e1s valientes?<\/b><\/span><\/h2>\n<p><a href=\"https:\/\/d2p6e6u75xmxt8.cloudfront.net\/6\/2019\/05\/Captura-de-pantalla-2019-05-30-a-las-14.36.00.png\"><img loading=\"lazy\" decoding=\"async\" class=\"aligncenter size-large wp-image-4871\" src=\"https:\/\/d2p6e6u75xmxt8.cloudfront.net\/6\/2019\/05\/Captura-de-pantalla-2019-05-30-a-las-14.36.00-1024x791.png\" alt=\"\" width=\"1024\" height=\"791\" srcset=\"https:\/\/d2p6e6u75xmxt8.cloudfront.net\/6\/2019\/05\/Captura-de-pantalla-2019-05-30-a-las-14.36.00-1024x791.png 1024w, https:\/\/d2p6e6u75xmxt8.cloudfront.net\/6\/2019\/05\/Captura-de-pantalla-2019-05-30-a-las-14.36.00-300x232.png 300w, https:\/\/d2p6e6u75xmxt8.cloudfront.net\/6\/2019\/05\/Captura-de-pantalla-2019-05-30-a-las-14.36.00-768x593.png 768w, https:\/\/d2p6e6u75xmxt8.cloudfront.net\/6\/2019\/05\/Captura-de-pantalla-2019-05-30-a-las-14.36.00-1920x1483.png 1920w, https:\/\/d2p6e6u75xmxt8.cloudfront.net\/6\/2019\/05\/Captura-de-pantalla-2019-05-30-a-las-14.36.00-1920x1483.png 1920w\" sizes=\"auto, (max-width: 1024px) 100vw, 1024px\" \/><\/a><\/p>\n<hr \/>\n<h3><\/h3>\n<h3 class=\"p1\" style=\"text-align: center;\"><span class=\"s1\" style=\"font-size: 18pt;\"><b>Descarga la aplicaci\u00f3n y \u00fanete al Club \u0160koda\u00a0WeLoveCycling Spain<\/b><\/span><\/h3>\n<p><a href=\"https:\/\/www.strava.com\/clubs\/WeLoveCyclingSpain\"><img loading=\"lazy\" decoding=\"async\" class=\"aligncenter wp-image-4885\" src=\"https:\/\/d2p6e6u75xmxt8.cloudfront.net\/6\/2019\/05\/APP-300x132.png\" alt=\"\" width=\"200\" height=\"88\" srcset=\"https:\/\/d2p6e6u75xmxt8.cloudfront.net\/6\/2019\/05\/APP-300x132.png 300w, https:\/\/d2p6e6u75xmxt8.cloudfront.net\/6\/2019\/05\/APP.png 450w\" sizes=\"auto, (max-width: 200px) 100vw, 200px\" \/><\/a><\/p>\n<p><a href=\"https:\/\/www.strava.com\/clubs\/WeLoveCyclingSpain\"><img loading=\"lazy\" decoding=\"async\" class=\"aligncenter wp-image-4886\" src=\"https:\/\/d2p6e6u75xmxt8.cloudfront.net\/6\/2019\/05\/GOGLER-300x132.png\" alt=\"\" width=\"200\" height=\"88\" srcset=\"https:\/\/d2p6e6u75xmxt8.cloudfront.net\/6\/2019\/05\/GOGLER-300x132.png 300w, https:\/\/d2p6e6u75xmxt8.cloudfront.net\/6\/2019\/05\/GOGLER.png 450w\" sizes=\"auto, (max-width: 200px) 100vw, 200px\" \/><\/a><\/p>\n<p>&nbsp;<\/p>\n<p><span style=\"font-size: 10pt;\">Consulta las bases legales <a href=\"http:\/\/formularios.skoda.es\/welovecycling\/BBLL_TITAN_CHALLENGE_2020_concurso.pdf\">aqu\u00ed<\/a><\/span><\/p>\n","protected":false},"excerpt":{"rendered":"<p>Bienvenidos al reto antes del GRAN RETO\u00a0 Un challenge, 24 plazas para el Campus \u0160KODA WeloveCycling y 6 seleccionados para [&hellip;]<\/p>\n","protected":false},"author":29,"featured_media":4893,"comment_status":"open","ping_status":"open","sticky":false,"template":"","format":"standard","meta":{"footnotes":""},"categories":[9],"tags":[],"global-categories":[],"class_list":["post-4842","post","type-post","status-publish","format-standard","has-post-thumbnail","hentry","category-mtb-aventura"],"yoast_head":"<!-- This site is optimized with the Yoast SEO Premium plugin v25.3 (Yoast SEO v25.9) - https:\/\/yoast.com\/wordpress\/plugins\/seo\/ -->\n<title>\u0160koda Titan Challenge - \u0160koda We Love Cycling - Spain<\/title>\n<meta name=\"robots\" content=\"index, follow, max-snippet:-1, max-image-preview:large, max-video-preview:-1\" \/>\n<link rel=\"canonical\" href=\"https:\/\/www.welovecycling.com\/es\/2019\/05\/30\/skodatitanchallenge\/\" \/>\n<meta property=\"og:locale\" content=\"es_ES\" \/>\n<meta property=\"og:type\" content=\"article\" \/>\n<meta property=\"og:title\" content=\"\u0160koda Titan Challenge\" \/>\n<meta property=\"og:description\" content=\"Bienvenidos al reto antes del GRAN RETO\u00a0 Un challenge, 24 plazas para el Campus \u0160KODA WeloveCycling y 6 seleccionados para [&hellip;]\" \/>\n<meta property=\"og:url\" content=\"https:\/\/www.welovecycling.com\/es\/2019\/05\/30\/skodatitanchallenge\/\" \/>\n<meta property=\"og:site_name\" content=\"\u0160koda We Love Cycling - Spain\" \/>\n<meta property=\"article:published_time\" content=\"2019-05-30T13:04:48+00:00\" \/>\n<meta property=\"article:modified_time\" content=\"2019-10-01T09:36:07+00:00\" \/>\n<meta property=\"og:image\" content=\"https:\/\/d2p6e6u75xmxt8.cloudfront.net\/6\/2019\/05\/Captura-de-pantalla-2019-05-30-a-las-14.58.06-1024x403.png\" \/>\n\t<meta property=\"og:image:width\" content=\"1024\" \/>\n\t<meta property=\"og:image:height\" content=\"403\" \/>\n\t<meta property=\"og:image:type\" content=\"image\/png\" \/>\n<meta name=\"author\" content=\"We Love Cycling Spain\" \/>\n<meta name=\"twitter:card\" content=\"summary_large_image\" \/>\n<meta name=\"twitter:label1\" content=\"Written by\" \/>\n\t<meta name=\"twitter:data1\" content=\"We Love Cycling Spain\" \/>\n\t<meta name=\"twitter:label2\" content=\"Est. reading time\" \/>\n\t<meta name=\"twitter:data2\" content=\"2 minutes\" \/>\n<script type=\"application\/ld+json\" class=\"yoast-schema-graph\">{\"@context\":\"https:\/\/schema.org\",\"@graph\":[{\"@type\":\"WebPage\",\"@id\":\"https:\/\/www.welovecycling.com\/es\/2019\/05\/30\/skodatitanchallenge\/\",\"url\":\"https:\/\/www.welovecycling.com\/es\/2019\/05\/30\/skodatitanchallenge\/\",\"name\":\"\u0160koda Titan Challenge - \u0160koda We Love Cycling - Spain\",\"isPartOf\":{\"@id\":\"https:\/\/www.welovecycling.com\/es\/#website\"},\"primaryImageOfPage\":{\"@id\":\"https:\/\/www.welovecycling.com\/es\/2019\/05\/30\/skodatitanchallenge\/#primaryimage\"},\"image\":{\"@id\":\"https:\/\/www.welovecycling.com\/es\/2019\/05\/30\/skodatitanchallenge\/#primaryimage\"},\"thumbnailUrl\":\"https:\/\/d2p6e6u75xmxt8.cloudfront.net\/6\/2019\/05\/Captura-de-pantalla-2019-05-30-a-las-14.58.06.png\",\"datePublished\":\"2019-05-30T13:04:48+00:00\",\"dateModified\":\"2019-10-01T09:36:07+00:00\",\"author\":{\"@id\":\"https:\/\/www.welovecycling.com\/es\/#\/schema\/person\/deb61715b5812698ee79fb96f343ccd4\"},\"breadcrumb\":{\"@id\":\"https:\/\/www.welovecycling.com\/es\/2019\/05\/30\/skodatitanchallenge\/#breadcrumb\"},\"inLanguage\":\"es-ES\",\"potentialAction\":[{\"@type\":\"ReadAction\",\"target\":[\"https:\/\/www.welovecycling.com\/es\/2019\/05\/30\/skodatitanchallenge\/\"]}]},{\"@type\":\"ImageObject\",\"inLanguage\":\"es-ES\",\"@id\":\"https:\/\/www.welovecycling.com\/es\/2019\/05\/30\/skodatitanchallenge\/#primaryimage\",\"url\":\"https:\/\/d2p6e6u75xmxt8.cloudfront.net\/6\/2019\/05\/Captura-de-pantalla-2019-05-30-a-las-14.58.06.png\",\"contentUrl\":\"https:\/\/d2p6e6u75xmxt8.cloudfront.net\/6\/2019\/05\/Captura-de-pantalla-2019-05-30-a-las-14.58.06.png\",\"width\":3284,\"height\":1294},{\"@type\":\"BreadcrumbList\",\"@id\":\"https:\/\/www.welovecycling.com\/es\/2019\/05\/30\/skodatitanchallenge\/#breadcrumb\",\"itemListElement\":[{\"@type\":\"ListItem\",\"position\":1,\"name\":\"Home\",\"item\":\"https:\/\/www.welovecycling.com\/es\/\"},{\"@type\":\"ListItem\",\"position\":2,\"name\":\"\u0160koda Titan Challenge\"}]},{\"@type\":\"WebSite\",\"@id\":\"https:\/\/www.welovecycling.com\/es\/#website\",\"url\":\"https:\/\/www.welovecycling.com\/es\/\",\"name\":\"\u0160koda We Love Cycling - Spain\",\"description\":\"\u0160koda WeLoveCycling Spain\",\"potentialAction\":[{\"@type\":\"SearchAction\",\"target\":{\"@type\":\"EntryPoint\",\"urlTemplate\":\"https:\/\/www.welovecycling.com\/es\/?s={search_term_string}\"},\"query-input\":{\"@type\":\"PropertyValueSpecification\",\"valueRequired\":true,\"valueName\":\"search_term_string\"}}],\"inLanguage\":\"es-ES\"},{\"@type\":\"Person\",\"@id\":\"https:\/\/www.welovecycling.com\/es\/#\/schema\/person\/deb61715b5812698ee79fb96f343ccd4\",\"name\":\"We Love Cycling Spain\",\"image\":{\"@type\":\"ImageObject\",\"inLanguage\":\"es-ES\",\"@id\":\"https:\/\/www.welovecycling.com\/es\/#\/schema\/person\/image\/\",\"url\":\"https:\/\/secure.gravatar.com\/avatar\/c824b04e6df0e37a03219d0b6481672889df542894588964102459e46513159c?s=96&d=mm&r=g\",\"contentUrl\":\"https:\/\/secure.gravatar.com\/avatar\/c824b04e6df0e37a03219d0b6481672889df542894588964102459e46513159c?s=96&d=mm&r=g\",\"caption\":\"We Love Cycling Spain\"},\"url\":\"https:\/\/www.welovecycling.com\/es\/author\/amunoz\/\"}]}<\/script>\n<!-- \/ Yoast SEO Premium plugin. -->","yoast_head_json":{"title":"\u0160koda Titan Challenge - \u0160koda We Love Cycling - Spain","robots":{"index":"index","follow":"follow","max-snippet":"max-snippet:-1","max-image-preview":"max-image-preview:large","max-video-preview":"max-video-preview:-1"},"canonical":"https:\/\/www.welovecycling.com\/es\/2019\/05\/30\/skodatitanchallenge\/","og_locale":"es_ES","og_type":"article","og_title":"\u0160koda Titan Challenge","og_description":"Bienvenidos al reto antes del GRAN RETO\u00a0 Un challenge, 24 plazas para el Campus \u0160KODA WeloveCycling y 6 seleccionados para [&hellip;]","og_url":"https:\/\/www.welovecycling.com\/es\/2019\/05\/30\/skodatitanchallenge\/","og_site_name":"\u0160koda We Love Cycling - Spain","article_published_time":"2019-05-30T13:04:48+00:00","article_modified_time":"2019-10-01T09:36:07+00:00","og_image":[{"width":1024,"height":403,"url":"https:\/\/d2p6e6u75xmxt8.cloudfront.net\/6\/2019\/05\/Captura-de-pantalla-2019-05-30-a-las-14.58.06-1024x403.png","type":"image\/png"}],"author":"We Love Cycling Spain","twitter_card":"summary_large_image","twitter_misc":{"Written by":"We Love Cycling Spain","Est. reading time":"2 minutes"},"schema":{"@context":"https:\/\/schema.org","@graph":[{"@type":"WebPage","@id":"https:\/\/www.welovecycling.com\/es\/2019\/05\/30\/skodatitanchallenge\/","url":"https:\/\/www.welovecycling.com\/es\/2019\/05\/30\/skodatitanchallenge\/","name":"\u0160koda Titan Challenge - \u0160koda We Love Cycling - Spain","isPartOf":{"@id":"https:\/\/www.welovecycling.com\/es\/#website"},"primaryImageOfPage":{"@id":"https:\/\/www.welovecycling.com\/es\/2019\/05\/30\/skodatitanchallenge\/#primaryimage"},"image":{"@id":"https:\/\/www.welovecycling.com\/es\/2019\/05\/30\/skodatitanchallenge\/#primaryimage"},"thumbnailUrl":"https:\/\/d2p6e6u75xmxt8.cloudfront.net\/6\/2019\/05\/Captura-de-pantalla-2019-05-30-a-las-14.58.06.png","datePublished":"2019-05-30T13:04:48+00:00","dateModified":"2019-10-01T09:36:07+00:00","author":{"@id":"https:\/\/www.welovecycling.com\/es\/#\/schema\/person\/deb61715b5812698ee79fb96f343ccd4"},"breadcrumb":{"@id":"https:\/\/www.welovecycling.com\/es\/2019\/05\/30\/skodatitanchallenge\/#breadcrumb"},"inLanguage":"es-ES","potentialAction":[{"@type":"ReadAction","target":["https:\/\/www.welovecycling.com\/es\/2019\/05\/30\/skodatitanchallenge\/"]}]},{"@type":"ImageObject","inLanguage":"es-ES","@id":"https:\/\/www.welovecycling.com\/es\/2019\/05\/30\/skodatitanchallenge\/#primaryimage","url":"https:\/\/d2p6e6u75xmxt8.cloudfront.net\/6\/2019\/05\/Captura-de-pantalla-2019-05-30-a-las-14.58.06.png","contentUrl":"https:\/\/d2p6e6u75xmxt8.cloudfront.net\/6\/2019\/05\/Captura-de-pantalla-2019-05-30-a-las-14.58.06.png","width":3284,"height":1294},{"@type":"BreadcrumbList","@id":"https:\/\/www.welovecycling.com\/es\/2019\/05\/30\/skodatitanchallenge\/#breadcrumb","itemListElement":[{"@type":"ListItem","position":1,"name":"Home","item":"https:\/\/www.welovecycling.com\/es\/"},{"@type":"ListItem","position":2,"name":"\u0160koda Titan Challenge"}]},{"@type":"WebSite","@id":"https:\/\/www.welovecycling.com\/es\/#website","url":"https:\/\/www.welovecycling.com\/es\/","name":"\u0160koda We Love Cycling - Spain","description":"\u0160koda WeLoveCycling Spain","potentialAction":[{"@type":"SearchAction","target":{"@type":"EntryPoint","urlTemplate":"https:\/\/www.welovecycling.com\/es\/?s={search_term_string}"},"query-input":{"@type":"PropertyValueSpecification","valueRequired":true,"valueName":"search_term_string"}}],"inLanguage":"es-ES"},{"@type":"Person","@id":"https:\/\/www.welovecycling.com\/es\/#\/schema\/person\/deb61715b5812698ee79fb96f343ccd4","name":"We Love Cycling Spain","image":{"@type":"ImageObject","inLanguage":"es-ES","@id":"https:\/\/www.welovecycling.com\/es\/#\/schema\/person\/image\/","url":"https:\/\/secure.gravatar.com\/avatar\/c824b04e6df0e37a03219d0b6481672889df542894588964102459e46513159c?s=96&d=mm&r=g","contentUrl":"https:\/\/secure.gravatar.com\/avatar\/c824b04e6df0e37a03219d0b6481672889df542894588964102459e46513159c?s=96&d=mm&r=g","caption":"We Love Cycling Spain"},"url":"https:\/\/www.welovecycling.com\/es\/author\/amunoz\/"}]}},"_links":{"self":[{"href":"https:\/\/www.welovecycling.com\/es\/wp-json\/wp\/v2\/posts\/4842","targetHints":{"allow":["GET"]}}],"collection":[{"href":"https:\/\/www.welovecycling.com\/es\/wp-json\/wp\/v2\/posts"}],"about":[{"href":"https:\/\/www.welovecycling.com\/es\/wp-json\/wp\/v2\/types\/post"}],"author":[{"embeddable":true,"href":"https:\/\/www.welovecycling.com\/es\/wp-json\/wp\/v2\/users\/29"}],"replies":[{"embeddable":true,"href":"https:\/\/www.welovecycling.com\/es\/wp-json\/wp\/v2\/comments?post=4842"}],"version-history":[{"count":2,"href":"https:\/\/www.welovecycling.com\/es\/wp-json\/wp\/v2\/posts\/4842\/revisions"}],"predecessor-version":[{"id":5454,"href":"https:\/\/www.welovecycling.com\/es\/wp-json\/wp\/v2\/posts\/4842\/revisions\/5454"}],"wp:featuredmedia":[{"embeddable":true,"href":"https:\/\/www.welovecycling.com\/es\/wp-json\/wp\/v2\/media\/4893"}],"wp:attachment":[{"href":"https:\/\/www.welovecycling.com\/es\/wp-json\/wp\/v2\/media?parent=4842"}],"wp:term":[{"taxonomy":"category","embeddable":true,"href":"https:\/\/www.welovecycling.com\/es\/wp-json\/wp\/v2\/categories?post=4842"},{"taxonomy":"post_tag","embeddable":true,"href":"https:\/\/www.welovecycling.com\/es\/wp-json\/wp\/v2\/tags?post=4842"},{"taxonomy":"global-categories","embeddable":true,"href":"https:\/\/www.welovecycling.com\/es\/wp-json\/wp\/v2\/global-categories?post=4842"}],"curies":[{"name":"wp","href":"https:\/\/api.w.org\/{rel}","templated":true}]}}