{"id":4829,"date":"2019-05-29T21:14:22","date_gmt":"2019-05-29T19:14:22","guid":{"rendered":"https:\/\/www.welovecycling.com\/es\/?p=4829"},"modified":"2019-05-29T21:14:22","modified_gmt":"2019-05-29T19:14:22","slug":"los-puertos-desconocidos-de-los-alpes-franceses","status":"publish","type":"post","link":"https:\/\/www.welovecycling.com\/es\/2019\/05\/29\/los-puertos-desconocidos-de-los-alpes-franceses\/","title":{"rendered":"Los puertos &#8216;desconocidos&#8217; de los Alpes franceses"},"content":{"rendered":"<p><strong>El Tour de Francia ha hecho famosos los Alpes. Galibier, Croix de Fer, Madeleine, Izoard o Alpe d Huez son lugares de paso obligatorio para muchos cicloturistas. Pero los Alpes tiene mucho m\u00e1s. Puertos desconocidos de los Alpes por los que la carrera francesa ha circulado en pocas ocasiones o ninguna, pero que ofrecen paisajes monumentales y dureza.<\/strong><!--more--><\/p>\n<p><strong>La Sarenne, Pas de la Confession y Col du Solude<\/p>\n<p><\/strong><\/p>\n<figure style=\"width: 739px\" class=\"wp-caption alignnone\"><img loading=\"lazy\" decoding=\"async\" class=\"size-extra-large\" src=\"http:\/\/www.altimetrias.net\/Francia\/Alpes\/Sarenne.gif\" alt=\"WWW.altimetrias.net\" width=\"739\" height=\"311\" \/><figcaption class=\"wp-caption-text\">www.altimetrias.net<\/figcaption><\/figure>\n<p><strong>\u00a0<\/strong><\/p>\n<p>No hay nada m\u00e1s famoso en los Alpes que Alpe d Huez. Sus curvas han hecho historia en el ciclismo, pero a su alrededor &#8216;duermen&#8217; otros puertos por los que el Tour solo ha pasado en una o dos ocasiones, pero que ofrecen al cicloturista que tiene tiempo de visitarlos una experiencia diferente y dificil de olvidar.<\/p>\n<p>La subida a La Sarenne desde Mizoen es un &#8216;puertaco&#8217; de 12 kil\u00f3metros con una media cercana al 9% y rampas del 14%. Se inicia desde el cruce del Embalse del Chambon, en la subida a Lautaret y desde su cima se puede bajar a Alpe d Huez. Solo se ascendi\u00f3 en una ocasi\u00f3n en Dauphine 2017 y se descendi\u00f3 en el Tour 2013. En la marcha, <a href=\"http:\/\/grandtrophee.fr\/epreuve.php?C=2\">La Vaujany<\/a> se puede hacer el descenso.<\/p>\n<p><a href=\"https:\/\/d2p6e6u75xmxt8.cloudfront.net\/6\/2019\/05\/MARMOTTE-2018-23.JPG.jpg\"><img loading=\"lazy\" decoding=\"async\" class=\"aligncenter size-large wp-image-4830\" src=\"https:\/\/d2p6e6u75xmxt8.cloudfront.net\/6\/2019\/05\/MARMOTTE-2018-23.JPG-1024x599.jpg\" alt=\"\" width=\"1024\" height=\"599\" srcset=\"https:\/\/d2p6e6u75xmxt8.cloudfront.net\/6\/2019\/05\/MARMOTTE-2018-23.JPG.jpg 1024w, https:\/\/d2p6e6u75xmxt8.cloudfront.net\/6\/2019\/05\/MARMOTTE-2018-23.JPG-300x175.jpg 300w, https:\/\/d2p6e6u75xmxt8.cloudfront.net\/6\/2019\/05\/MARMOTTE-2018-23.JPG-768x449.jpg 768w\" sizes=\"auto, (max-width: 1024px) 100vw, 1024px\" \/><\/a><\/p>\n<p>En la otra cara est\u00e1 el <a href=\"https:\/\/www.cyclo-alpes.com\/montees-cyclotouristiques\/le-pas-de-la-confession\">Pas de la Confession,<\/a> que parte desde el inicio de Glandon y finaliza en Villard de Reculas. Desde all\u00ed se puede unir con los \u00faltimos cuatro kil\u00f3metros finales de Alpe de Huez. Son 8 kil\u00f3metros de subida muy constantes, en torno al 8%, a excepci\u00f3n de la parte final hasta Huez, un falso llano, desde el que puedes ver todas las curvas de Alpe d Huez.<\/p>\n<p>Y en Bourg d Osians parte otro puerto bastante m\u00e1s desconocido, el <a href=\"https:\/\/www.cycling-challenge.com\/col-du-solude\/\">Col du Solude<\/a>. Ni Tour ni ninguna otra carrera han transitado por \u00e9l. Tiene zona de tierra pero por las dos vertientes que se puede ascender es igual de duro, en ambas con 7\/8 kil\u00f3metros con medias cercanas al 9,5 y 10%<\/p>\n<p><strong>Col du Granon<\/p>\n<p><img loading=\"lazy\" decoding=\"async\" class=\"alignnone size-extra-large\" src=\"https:\/\/i2.wp.com\/demarrajeweb.com\/wp-content\/uploads\/2016\/07\/122.gif?resize=1013%2C600&amp;ssl=1\" width=\"1013\" height=\"600\" \/><br \/>\n<\/strong>Insertado entre el Lautaret\/Galibier y el Izoard. El <a href=\"https:\/\/www.cycling-challenge.com\/col-du-granon-plus-5-gravel-cols-and-a-perched-fort\/\">Col du Granon<\/a> solo ha recibido una visita del Tour de Francia y fue en el a\u00f1o 1986. Desde entonces la carrera gala ha evitado un puerto que se corona a 2463 metros de altitud (es de los m\u00e1s altos de Alpes) y que es de los m\u00e1s duros de la zona.<\/p>\n<p>Parte de Saint Chaffrey, a medio camino entre <strong>Briancon y Serre Chevalier<\/strong>, y sus n\u00fameros son para agarrarse. Los \u00faltimos 12 kil\u00f3metros tiene siempre porcentajes por encima del 8,5% y varios kil\u00f3metros con una media al 10%. Adem\u00e1s casi siempre sin tr\u00e1fico porque desde su cima no hay descenso posible a ning\u00fan otro lugar. Eso s\u00ed, ofrece una vistas \u00fanicas de los Alpes y de todos los valles de alrededor. Incluso de la zona italiana.<\/p>\n<p><strong>Villargondran y Chaussy<\/strong><\/p>\n<p>En el macizo de la Croix de Fer y en el de La Madeleine puedes encontrar carreteras alternativas y evitar las m\u00e1s concurridas y famosas. Para ascender al Col de Mollard puedes emplear hasta tres opciones diferentes, pero la m\u00e1s desconocida y bella es la que parte de <a href=\"https:\/\/www.cyclingcols.com\/col\/Mollard\">Villargondran<\/a>, una pedania a cinco kil\u00f3metros de Saint Jean de Maurienne.<\/p>\n<p><a href=\"https:\/\/d2p6e6u75xmxt8.cloudfront.net\/6\/2019\/05\/MARMOTTE-2018-70.JPG.jpg\"><img loading=\"lazy\" decoding=\"async\" class=\"aligncenter size-large wp-image-4832\" src=\"https:\/\/d2p6e6u75xmxt8.cloudfront.net\/6\/2019\/05\/MARMOTTE-2018-70.JPG-1024x606.jpg\" alt=\"\" width=\"1024\" height=\"606\" srcset=\"https:\/\/d2p6e6u75xmxt8.cloudfront.net\/6\/2019\/05\/MARMOTTE-2018-70.JPG.jpg 1024w, https:\/\/d2p6e6u75xmxt8.cloudfront.net\/6\/2019\/05\/MARMOTTE-2018-70.JPG-300x178.jpg 300w, https:\/\/d2p6e6u75xmxt8.cloudfront.net\/6\/2019\/05\/MARMOTTE-2018-70.JPG-768x455.jpg 768w\" sizes=\"auto, (max-width: 1024px) 100vw, 1024px\" \/><\/a><\/p>\n<p>Las ascensi\u00f3n total son 19 kil\u00f3metros con una media del 6,7% y varios descansillos. Pero lo m\u00e1s interesante de todo en la parte central, con ocho kil\u00f3metros de curvas enlazadas continuas. Un peque\u00f1o Stelvio escondido en un bosque que hace que incluso los d\u00edas de mucho calor resulten frescos.<\/p>\n<p>Y si tomamos como referencia <strong>Saint Jean de Maurienne<\/strong> justo al otro lado se inicia el <a href=\"https:\/\/www.cyclingcols.com\/col\/Chaussy\">Col de Chaussy<\/a>. El Tour solo lo ascendi\u00f3 en 2015 pese a estar insertado entre Galibier y La Madeleine y tambi\u00e9n dar acceso a los Lacets de Montvernier. Tiene dos vertientes, la que parte de Saint Jean de Maurienne lo convierten en un puerto largo, de 12 kil\u00f3metros y con una parte final dura y con un desfiladero espectacular.<\/p>\n<p><a href=\"https:\/\/d2p6e6u75xmxt8.cloudfront.net\/6\/2019\/05\/MARMOTTE-2018-29.JPG.jpg\"><img loading=\"lazy\" decoding=\"async\" class=\"aligncenter size-large wp-image-4833\" src=\"https:\/\/d2p6e6u75xmxt8.cloudfront.net\/6\/2019\/05\/MARMOTTE-2018-29.JPG-1024x636.jpg\" alt=\"\" width=\"1024\" height=\"636\" srcset=\"https:\/\/d2p6e6u75xmxt8.cloudfront.net\/6\/2019\/05\/MARMOTTE-2018-29.JPG.jpg 1024w, https:\/\/d2p6e6u75xmxt8.cloudfront.net\/6\/2019\/05\/MARMOTTE-2018-29.JPG-300x186.jpg 300w, https:\/\/d2p6e6u75xmxt8.cloudfront.net\/6\/2019\/05\/MARMOTTE-2018-29.JPG-768x477.jpg 768w\" sizes=\"auto, (max-width: 1024px) 100vw, 1024px\" \/><\/a><\/p>\n<p>Desde la otra vertiente se puede ascender por La Chambre. Implica subir los primeros 4 kil\u00f3metros de La Madeleine para luego girar a la derecha y encontrarse con un puerto discontinuo pero con rampones por encima del 14%. Todo un aut\u00e9ntico desconocido.<\/p>\n","protected":false},"excerpt":{"rendered":"<p>El Tour de Francia ha hecho famosos los Alpes. Galibier, Croix de Fer, Madeleine, Izoard o Alpe d Huez son [&hellip;]<\/p>\n","protected":false},"author":29,"featured_media":4831,"comment_status":"open","ping_status":"open","sticky":false,"template":"","format":"standard","meta":{"footnotes":""},"categories":[7],"tags":[1057,1061,1058,1059,1062,1060,1054,1056,1055],"global-categories":[],"class_list":["post-4829","post","type-post","status-publish","format-standard","has-post-thumbnail","hentry","category-carretera","tag-col-de-la-sarenne","tag-col-du-chaussy","tag-col-du-granon","tag-col-du-solude","tag-mollard-por-villargondran","tag-pas-de-la-confession","tag-puertos-alpes","tag-puertos-desconocidos-alpes","tag-subidas-en-alpes"],"yoast_head":"<!-- This site is optimized with the Yoast SEO Premium plugin v25.3 (Yoast SEO v25.9) - https:\/\/yoast.com\/wordpress\/plugins\/seo\/ -->\n<title>Los puertos &#039;desconocidos&#039; de los Alpes franceses - \u0160koda We Love Cycling - Spain<\/title>\n<meta name=\"description\" content=\"Los puertos desconocidos de los Alpes. La Sarenne, Pas de la Confession, Chaussy, Granon, Col de Solude. Rutas ciclistas en Alpes\" \/>\n<meta name=\"robots\" content=\"index, follow, max-snippet:-1, max-image-preview:large, max-video-preview:-1\" \/>\n<link rel=\"canonical\" href=\"https:\/\/www.welovecycling.com\/es\/2019\/05\/29\/los-puertos-desconocidos-de-los-alpes-franceses\/\" \/>\n<meta property=\"og:locale\" content=\"es_ES\" \/>\n<meta property=\"og:type\" content=\"article\" \/>\n<meta property=\"og:title\" content=\"Los puertos desconocidos de los Alpes\" \/>\n<meta property=\"og:description\" content=\"Los puertos desconocidos de los Alpes. La Sarenne, Pas de la Confession, Chaussy, Granon, Col de Solude. Rutas ciclistas en Alpes\" \/>\n<meta property=\"og:url\" content=\"https:\/\/www.welovecycling.com\/es\/2019\/05\/29\/los-puertos-desconocidos-de-los-alpes-franceses\/\" \/>\n<meta property=\"og:site_name\" content=\"\u0160koda We Love Cycling - Spain\" \/>\n<meta property=\"article:published_time\" content=\"2019-05-29T19:14:22+00:00\" \/>\n<meta property=\"og:image\" content=\"https:\/\/d2p6e6u75xmxt8.cloudfront.net\/6\/2019\/05\/MARMOTTE-2018-16.JPG.jpg\" \/>\n\t<meta property=\"og:image:width\" content=\"1024\" \/>\n\t<meta property=\"og:image:height\" content=\"548\" \/>\n\t<meta property=\"og:image:type\" content=\"image\/jpeg\" \/>\n<meta name=\"author\" content=\"We Love Cycling Spain\" \/>\n<meta name=\"twitter:card\" content=\"summary_large_image\" \/>\n<meta name=\"twitter:title\" content=\"Los puertos desconocidos de los Alpes\" \/>\n<meta name=\"twitter:description\" content=\"Los puertos desconocidos de los Alpes. La Sarenne, Pas de la Confession, Chaussy, Granon, Col de Solude. Rutas ciclistas en Alpes\" \/>\n<meta name=\"twitter:label1\" content=\"Written by\" \/>\n\t<meta name=\"twitter:data1\" content=\"Luis Ortega @Ciclored\" \/>\n\t<meta name=\"twitter:label2\" content=\"Est. reading time\" \/>\n\t<meta name=\"twitter:data2\" content=\"4 minutes\" \/>\n<script type=\"application\/ld+json\" class=\"yoast-schema-graph\">{\"@context\":\"https:\/\/schema.org\",\"@graph\":[{\"@type\":\"WebPage\",\"@id\":\"https:\/\/www.welovecycling.com\/es\/2019\/05\/29\/los-puertos-desconocidos-de-los-alpes-franceses\/\",\"url\":\"https:\/\/www.welovecycling.com\/es\/2019\/05\/29\/los-puertos-desconocidos-de-los-alpes-franceses\/\",\"name\":\"Los puertos 'desconocidos' de los Alpes franceses - \u0160koda We Love Cycling - Spain\",\"isPartOf\":{\"@id\":\"https:\/\/www.welovecycling.com\/es\/#website\"},\"primaryImageOfPage\":{\"@id\":\"https:\/\/www.welovecycling.com\/es\/2019\/05\/29\/los-puertos-desconocidos-de-los-alpes-franceses\/#primaryimage\"},\"image\":{\"@id\":\"https:\/\/www.welovecycling.com\/es\/2019\/05\/29\/los-puertos-desconocidos-de-los-alpes-franceses\/#primaryimage\"},\"thumbnailUrl\":\"https:\/\/d2p6e6u75xmxt8.cloudfront.net\/6\/2019\/05\/MARMOTTE-2018-16.JPG.jpg\",\"datePublished\":\"2019-05-29T19:14:22+00:00\",\"author\":{\"@id\":\"https:\/\/www.welovecycling.com\/es\/#\/schema\/person\/deb61715b5812698ee79fb96f343ccd4\"},\"description\":\"Los puertos desconocidos de los Alpes. La Sarenne, Pas de la Confession, Chaussy, Granon, Col de Solude. Rutas ciclistas en Alpes\",\"breadcrumb\":{\"@id\":\"https:\/\/www.welovecycling.com\/es\/2019\/05\/29\/los-puertos-desconocidos-de-los-alpes-franceses\/#breadcrumb\"},\"inLanguage\":\"es-ES\",\"potentialAction\":[{\"@type\":\"ReadAction\",\"target\":[\"https:\/\/www.welovecycling.com\/es\/2019\/05\/29\/los-puertos-desconocidos-de-los-alpes-franceses\/\"]}]},{\"@type\":\"ImageObject\",\"inLanguage\":\"es-ES\",\"@id\":\"https:\/\/www.welovecycling.com\/es\/2019\/05\/29\/los-puertos-desconocidos-de-los-alpes-franceses\/#primaryimage\",\"url\":\"https:\/\/d2p6e6u75xmxt8.cloudfront.net\/6\/2019\/05\/MARMOTTE-2018-16.JPG.jpg\",\"contentUrl\":\"https:\/\/d2p6e6u75xmxt8.cloudfront.net\/6\/2019\/05\/MARMOTTE-2018-16.JPG.jpg\",\"width\":1024,\"height\":548},{\"@type\":\"BreadcrumbList\",\"@id\":\"https:\/\/www.welovecycling.com\/es\/2019\/05\/29\/los-puertos-desconocidos-de-los-alpes-franceses\/#breadcrumb\",\"itemListElement\":[{\"@type\":\"ListItem\",\"position\":1,\"name\":\"Home\",\"item\":\"https:\/\/www.welovecycling.com\/es\/\"},{\"@type\":\"ListItem\",\"position\":2,\"name\":\"Los puertos &#8216;desconocidos&#8217; de los Alpes franceses\"}]},{\"@type\":\"WebSite\",\"@id\":\"https:\/\/www.welovecycling.com\/es\/#website\",\"url\":\"https:\/\/www.welovecycling.com\/es\/\",\"name\":\"\u0160koda We Love Cycling - Spain\",\"description\":\"\u0160koda WeLoveCycling Spain\",\"potentialAction\":[{\"@type\":\"SearchAction\",\"target\":{\"@type\":\"EntryPoint\",\"urlTemplate\":\"https:\/\/www.welovecycling.com\/es\/?s={search_term_string}\"},\"query-input\":{\"@type\":\"PropertyValueSpecification\",\"valueRequired\":true,\"valueName\":\"search_term_string\"}}],\"inLanguage\":\"es-ES\"},{\"@type\":\"Person\",\"@id\":\"https:\/\/www.welovecycling.com\/es\/#\/schema\/person\/deb61715b5812698ee79fb96f343ccd4\",\"name\":\"We Love Cycling Spain\",\"image\":{\"@type\":\"ImageObject\",\"inLanguage\":\"es-ES\",\"@id\":\"https:\/\/www.welovecycling.com\/es\/#\/schema\/person\/image\/\",\"url\":\"https:\/\/secure.gravatar.com\/avatar\/c824b04e6df0e37a03219d0b6481672889df542894588964102459e46513159c?s=96&d=mm&r=g\",\"contentUrl\":\"https:\/\/secure.gravatar.com\/avatar\/c824b04e6df0e37a03219d0b6481672889df542894588964102459e46513159c?s=96&d=mm&r=g\",\"caption\":\"We Love Cycling Spain\"},\"url\":\"https:\/\/www.welovecycling.com\/es\/author\/amunoz\/\"}]}<\/script>\n<!-- \/ Yoast SEO Premium plugin. -->","yoast_head_json":{"title":"Los puertos 'desconocidos' de los Alpes franceses - \u0160koda We Love Cycling - Spain","description":"Los puertos desconocidos de los Alpes. La Sarenne, Pas de la Confession, Chaussy, Granon, Col de Solude. Rutas ciclistas en Alpes","robots":{"index":"index","follow":"follow","max-snippet":"max-snippet:-1","max-image-preview":"max-image-preview:large","max-video-preview":"max-video-preview:-1"},"canonical":"https:\/\/www.welovecycling.com\/es\/2019\/05\/29\/los-puertos-desconocidos-de-los-alpes-franceses\/","og_locale":"es_ES","og_type":"article","og_title":"Los puertos desconocidos de los Alpes","og_description":"Los puertos desconocidos de los Alpes. La Sarenne, Pas de la Confession, Chaussy, Granon, Col de Solude. Rutas ciclistas en Alpes","og_url":"https:\/\/www.welovecycling.com\/es\/2019\/05\/29\/los-puertos-desconocidos-de-los-alpes-franceses\/","og_site_name":"\u0160koda We Love Cycling - Spain","article_published_time":"2019-05-29T19:14:22+00:00","og_image":[{"width":1024,"height":548,"url":"https:\/\/d2p6e6u75xmxt8.cloudfront.net\/6\/2019\/05\/MARMOTTE-2018-16.JPG.jpg","type":"image\/jpeg"}],"author":"We Love Cycling Spain","twitter_card":"summary_large_image","twitter_title":"Los puertos desconocidos de los Alpes","twitter_description":"Los puertos desconocidos de los Alpes. La Sarenne, Pas de la Confession, Chaussy, Granon, Col de Solude. Rutas ciclistas en Alpes","twitter_misc":{"Written by":"Luis Ortega @Ciclored","Est. reading time":"4 minutes"},"schema":{"@context":"https:\/\/schema.org","@graph":[{"@type":"WebPage","@id":"https:\/\/www.welovecycling.com\/es\/2019\/05\/29\/los-puertos-desconocidos-de-los-alpes-franceses\/","url":"https:\/\/www.welovecycling.com\/es\/2019\/05\/29\/los-puertos-desconocidos-de-los-alpes-franceses\/","name":"Los puertos 'desconocidos' de los Alpes franceses - \u0160koda We Love Cycling - Spain","isPartOf":{"@id":"https:\/\/www.welovecycling.com\/es\/#website"},"primaryImageOfPage":{"@id":"https:\/\/www.welovecycling.com\/es\/2019\/05\/29\/los-puertos-desconocidos-de-los-alpes-franceses\/#primaryimage"},"image":{"@id":"https:\/\/www.welovecycling.com\/es\/2019\/05\/29\/los-puertos-desconocidos-de-los-alpes-franceses\/#primaryimage"},"thumbnailUrl":"https:\/\/d2p6e6u75xmxt8.cloudfront.net\/6\/2019\/05\/MARMOTTE-2018-16.JPG.jpg","datePublished":"2019-05-29T19:14:22+00:00","author":{"@id":"https:\/\/www.welovecycling.com\/es\/#\/schema\/person\/deb61715b5812698ee79fb96f343ccd4"},"description":"Los puertos desconocidos de los Alpes. La Sarenne, Pas de la Confession, Chaussy, Granon, Col de Solude. Rutas ciclistas en Alpes","breadcrumb":{"@id":"https:\/\/www.welovecycling.com\/es\/2019\/05\/29\/los-puertos-desconocidos-de-los-alpes-franceses\/#breadcrumb"},"inLanguage":"es-ES","potentialAction":[{"@type":"ReadAction","target":["https:\/\/www.welovecycling.com\/es\/2019\/05\/29\/los-puertos-desconocidos-de-los-alpes-franceses\/"]}]},{"@type":"ImageObject","inLanguage":"es-ES","@id":"https:\/\/www.welovecycling.com\/es\/2019\/05\/29\/los-puertos-desconocidos-de-los-alpes-franceses\/#primaryimage","url":"https:\/\/d2p6e6u75xmxt8.cloudfront.net\/6\/2019\/05\/MARMOTTE-2018-16.JPG.jpg","contentUrl":"https:\/\/d2p6e6u75xmxt8.cloudfront.net\/6\/2019\/05\/MARMOTTE-2018-16.JPG.jpg","width":1024,"height":548},{"@type":"BreadcrumbList","@id":"https:\/\/www.welovecycling.com\/es\/2019\/05\/29\/los-puertos-desconocidos-de-los-alpes-franceses\/#breadcrumb","itemListElement":[{"@type":"ListItem","position":1,"name":"Home","item":"https:\/\/www.welovecycling.com\/es\/"},{"@type":"ListItem","position":2,"name":"Los puertos &#8216;desconocidos&#8217; de los Alpes franceses"}]},{"@type":"WebSite","@id":"https:\/\/www.welovecycling.com\/es\/#website","url":"https:\/\/www.welovecycling.com\/es\/","name":"\u0160koda We Love Cycling - Spain","description":"\u0160koda WeLoveCycling Spain","potentialAction":[{"@type":"SearchAction","target":{"@type":"EntryPoint","urlTemplate":"https:\/\/www.welovecycling.com\/es\/?s={search_term_string}"},"query-input":{"@type":"PropertyValueSpecification","valueRequired":true,"valueName":"search_term_string"}}],"inLanguage":"es-ES"},{"@type":"Person","@id":"https:\/\/www.welovecycling.com\/es\/#\/schema\/person\/deb61715b5812698ee79fb96f343ccd4","name":"We Love Cycling Spain","image":{"@type":"ImageObject","inLanguage":"es-ES","@id":"https:\/\/www.welovecycling.com\/es\/#\/schema\/person\/image\/","url":"https:\/\/secure.gravatar.com\/avatar\/c824b04e6df0e37a03219d0b6481672889df542894588964102459e46513159c?s=96&d=mm&r=g","contentUrl":"https:\/\/secure.gravatar.com\/avatar\/c824b04e6df0e37a03219d0b6481672889df542894588964102459e46513159c?s=96&d=mm&r=g","caption":"We Love Cycling Spain"},"url":"https:\/\/www.welovecycling.com\/es\/author\/amunoz\/"}]}},"_links":{"self":[{"href":"https:\/\/www.welovecycling.com\/es\/wp-json\/wp\/v2\/posts\/4829","targetHints":{"allow":["GET"]}}],"collection":[{"href":"https:\/\/www.welovecycling.com\/es\/wp-json\/wp\/v2\/posts"}],"about":[{"href":"https:\/\/www.welovecycling.com\/es\/wp-json\/wp\/v2\/types\/post"}],"author":[{"embeddable":true,"href":"https:\/\/www.welovecycling.com\/es\/wp-json\/wp\/v2\/users\/29"}],"replies":[{"embeddable":true,"href":"https:\/\/www.welovecycling.com\/es\/wp-json\/wp\/v2\/comments?post=4829"}],"version-history":[{"count":1,"href":"https:\/\/www.welovecycling.com\/es\/wp-json\/wp\/v2\/posts\/4829\/revisions"}],"predecessor-version":[{"id":4834,"href":"https:\/\/www.welovecycling.com\/es\/wp-json\/wp\/v2\/posts\/4829\/revisions\/4834"}],"wp:featuredmedia":[{"embeddable":true,"href":"https:\/\/www.welovecycling.com\/es\/wp-json\/wp\/v2\/media\/4831"}],"wp:attachment":[{"href":"https:\/\/www.welovecycling.com\/es\/wp-json\/wp\/v2\/media?parent=4829"}],"wp:term":[{"taxonomy":"category","embeddable":true,"href":"https:\/\/www.welovecycling.com\/es\/wp-json\/wp\/v2\/categories?post=4829"},{"taxonomy":"post_tag","embeddable":true,"href":"https:\/\/www.welovecycling.com\/es\/wp-json\/wp\/v2\/tags?post=4829"},{"taxonomy":"global-categories","embeddable":true,"href":"https:\/\/www.welovecycling.com\/es\/wp-json\/wp\/v2\/global-categories?post=4829"}],"curies":[{"name":"wp","href":"https:\/\/api.w.org\/{rel}","templated":true}]}}