{"id":4804,"date":"2019-05-27T13:29:15","date_gmt":"2019-05-27T11:29:15","guid":{"rendered":"https:\/\/www.welovecycling.com\/es\/?p=4804"},"modified":"2019-05-27T13:45:43","modified_gmt":"2019-05-27T11:45:43","slug":"consejos-para-hacer-la-maleta-cicloturista","status":"publish","type":"post","link":"https:\/\/www.welovecycling.com\/es\/2019\/05\/27\/consejos-para-hacer-la-maleta-cicloturista\/","title":{"rendered":"Consejos para hacer la maleta cicloturista"},"content":{"rendered":"<p><strong>Llega el verano y no hay cicloturista que no tenga planeadas unas vacaciones en bici. Cada uno elige su destino preferido pero en la \u00e9poca de buen tiempo la mayor\u00eda opta por ir a la alta monta\u00f1a, la misma que no se puede visitar en la \u00e9poca invernal. El momento clave llega cuando te pones a hacer la maleta y te preguntas \u00bfy qu\u00e9 me llevo?<\/strong><!--more--><\/p>\n<p>La primera recomendaci\u00f3n depende del medio de transporte que vayas a utilizar. Si vas a ir en coche o furgoneta puedes ser m\u00e1s generoso con <strong>las maletas<\/strong>, pero si vas en avi\u00f3n tienes que reducir al m\u00e1ximo y pensar en lo esencial. No solo por los costes de transportar varias maletas, sino por la incomodidad de arrastrarlas por el aeropuerto. Por eso te vamos a hacer un <strong>planning de lo m\u00ednimo aconsejable y otro con un &#8216;pack completo&#8217;<\/strong>.<\/p>\n<p><a href=\"https:\/\/d2p6e6u75xmxt8.cloudfront.net\/6\/2019\/05\/PIRITOUR-2018-62.JPG.jpg\"><img loading=\"lazy\" decoding=\"async\" class=\"aligncenter size-large wp-image-4807\" src=\"https:\/\/d2p6e6u75xmxt8.cloudfront.net\/6\/2019\/05\/PIRITOUR-2018-62.JPG-1024x768.jpg\" alt=\"\" width=\"1024\" height=\"768\" srcset=\"https:\/\/d2p6e6u75xmxt8.cloudfront.net\/6\/2019\/05\/PIRITOUR-2018-62.JPG.jpg 1024w, https:\/\/d2p6e6u75xmxt8.cloudfront.net\/6\/2019\/05\/PIRITOUR-2018-62.JPG-300x225.jpg 300w, https:\/\/d2p6e6u75xmxt8.cloudfront.net\/6\/2019\/05\/PIRITOUR-2018-62.JPG-768x576.jpg 768w\" sizes=\"auto, (max-width: 1024px) 100vw, 1024px\" \/><\/a><\/p>\n<p>La segunda, claro est\u00e1, depende del destino elegido. Pero si, como la mayor\u00eda, es alta monta\u00f1a, siempre debes tener en cuenta algo, la temperatura y las <strong>condiciones meteorol\u00f3gicas cuando pasas de 1.500 metros pueden cambiar en cualquier momento<\/strong> y si ya son puertos por encima de los 2.000 o 2.500 metros, m\u00e1s todav\u00eda. As\u00ed que en esas ocasiones m\u00e1s vale prevenir que tener que pasarte horas esperando a que vayan a recogerte.<\/p>\n<p><strong>COMO M\u00cdNIMO&#8230;<br \/>\n<\/strong><\/p>\n<p>Est\u00e1 claro que maillots, culottes y camiseta interior de verano suficientes vas a echar en la maleta, y tambi\u00e9n un par de manguitos. Pero si tu destino es Alpes, Dolomitas o Pirineos lo m\u00e1s f\u00e1cil es que con la equipaci\u00f3n de verano acabes pasando fr\u00edo en alguna de las bajadas. As\u00ed que a todo eso debes <strong>sumar, un chaleco fino, un chubasquero, unas perneras, un cuello tubular y unos guantes largos de invierno.<\/strong> Y a\u00fan as\u00ed, si el d\u00eda es malo acabar\u00e1s teniendo problemas en los primeros kil\u00f3metros de la bajada. Para complementar siempre puedes llevar un bote de crema calentadora y aplicartelo si el d\u00eda es fr\u00edo y no llevas m\u00e1s ropa.<\/p>\n<p>Tampoco hay que olvidarse nunca de <strong>&#8216;vestir&#8217; a la bicicleta<\/strong>. Un guardabarros del modelo &#8216;sencillo bike&#8217; es c\u00f3modo, f\u00e1cil de utilizar y te quitar\u00e1 las primeras gotas y evitar\u00e1 que te mojes si la carretera tiene agua. Las luces son \u00fatiles en dias de niebla (no es nada raro en puertos de monta\u00f1a en verano), ocupan poco espacio y mejorar\u00e1n tu visibilidad y seguridad. En desarrollos, pues si dispones de compact (50&#215;34) y puedes poner un 30\/32 atr\u00e1s nunca lo echar\u00e1s de menos.<\/p>\n<p>Para las ruedas existen ahora mismo un mont\u00f3n de opciones. <strong>Si solo puedes transportar un par y tienes frenos de zapata y cubiertas lo ideal es pista de frenado de aluminio y poco perfil<\/strong>. Asegurar\u00e1s la frenada con agua y en d\u00edas de mucho calor no correr\u00e1s el riesgo de recalentar las ruedas de carbono. Si ya has optado por el freno de disco tienes una amplia gama en la que elegir.<br \/>\n<a href=\"https:\/\/d2p6e6u75xmxt8.cloudfront.net\/6\/2019\/05\/PIRITOUR-2018-121.jpg\"><img loading=\"lazy\" decoding=\"async\" class=\"aligncenter size-large wp-image-4809\" src=\"https:\/\/d2p6e6u75xmxt8.cloudfront.net\/6\/2019\/05\/PIRITOUR-2018-121-1024x911.jpg\" alt=\"\" width=\"1024\" height=\"911\" srcset=\"https:\/\/d2p6e6u75xmxt8.cloudfront.net\/6\/2019\/05\/PIRITOUR-2018-121-1024x911.jpg 1024w, https:\/\/d2p6e6u75xmxt8.cloudfront.net\/6\/2019\/05\/PIRITOUR-2018-121-300x267.jpg 300w, https:\/\/d2p6e6u75xmxt8.cloudfront.net\/6\/2019\/05\/PIRITOUR-2018-121-768x683.jpg 768w, https:\/\/d2p6e6u75xmxt8.cloudfront.net\/6\/2019\/05\/PIRITOUR-2018-121.jpg 1200w\" sizes=\"auto, (max-width: 1024px) 100vw, 1024px\" \/><\/a><\/p>\n<p>Adem\u00e1s de las c\u00e1maras de recambio, el bombin, los desmontables y al menos una llave multiherramientas (ojo si no facturas maleta, que se puede quedar en el control del aeropuerto), siempre es m\u00e1s que aconsejable llevar una cubierta (no en todos los lugares hay tiendas de bicis) y tambi\u00e9n algunas de tus barritas y geles favoritos y pastillas isot\u00f3nicas para el agua. La <strong>crema solar<\/strong> protectora es obligatoria si vas a pasar muchas horas sobre la bici, igual que una buena vaselina para el culotte, que siempre te va a ahorrar problemas de rozadoras.<\/p>\n<p>Lo principal para que no te pille nada por sorpresa <strong>es preveer las rutas con antelaci\u00f3n<\/strong> y si no llevas coche de apoyo mirar que infraestructura existe en la cima de los puertos. Un bar puede ser clave en un d\u00eda de lluvia o una jornada con s\u00edntomas de p\u00e1jara.<\/p>\n<p><strong>CON MALETA GRANDE&#8230;<\/strong><\/p>\n<p>Si dispones de m\u00e1s espacio en tu equipaje hay<strong> prendas vers\u00e1tiles muy \u00fatiles para los peores d\u00edas de fr\u00edo.<\/strong> Una camiseta interior de manga larga en un d\u00eda fr\u00edo puede ser esencial para bajar un puerto, sobre todo si tienes la opci\u00f3n de cambiarte en la cima y dejar la camiseta h\u00fameda. Las chaquetas de invierno finas e impermeables son de lo m\u00e1s vers\u00e1til. Las puedes portar en la espalda durante la subida y en un d\u00eda de agua o temperaturas por debajo de 10 grados te solventar\u00e1n la papeleta en las bajadas. Si a eso le unes unas perneras impermeables&#8230; no habr\u00e1 puerto que se te resista.<\/p>\n<p>Para las manos <strong>un par de guantes de invierno<\/strong>, para poder cambiartelos en caso de lluvia, y para los pies unos calcetines impermeables y otros de invierno, ademas de un cubrezapatillas.<\/p>\n<p><a href=\"https:\/\/d2p6e6u75xmxt8.cloudfront.net\/6\/2019\/05\/PIRITOUR-2018-67.JPG.jpg\"><img loading=\"lazy\" decoding=\"async\" class=\"aligncenter size-large wp-image-4808\" src=\"https:\/\/d2p6e6u75xmxt8.cloudfront.net\/6\/2019\/05\/PIRITOUR-2018-67.JPG-1024x768.jpg\" alt=\"\" width=\"1024\" height=\"768\" srcset=\"https:\/\/d2p6e6u75xmxt8.cloudfront.net\/6\/2019\/05\/PIRITOUR-2018-67.JPG.jpg 1024w, https:\/\/d2p6e6u75xmxt8.cloudfront.net\/6\/2019\/05\/PIRITOUR-2018-67.JPG-300x225.jpg 300w, https:\/\/d2p6e6u75xmxt8.cloudfront.net\/6\/2019\/05\/PIRITOUR-2018-67.JPG-768x576.jpg 768w\" sizes=\"auto, (max-width: 1024px) 100vw, 1024px\" \/><\/a><\/p>\n<p>La <strong>bicicleta siempre tiene algunas piezas que no son sencillas de encontrar cuando est\u00e1s fuera de casa<\/strong> y que corren el riesgo de romperse y arruinarte las vacaciones. Una patilla de cambio es barata, f\u00e1cil de llevar y de cambiar, pero no de comprar en cualquier lugar porque el modelo depende del cuadro de tu bici. Un cable de freno y otro de cambio tampoco ocupan demasiado espacio, al igual que un trozo de cubierta y un cargador de bateria si llevas cambio electr\u00f3nico.<\/p>\n","protected":false},"excerpt":{"rendered":"<p>Llega el verano y no hay cicloturista que no tenga planeadas unas vacaciones en bici. Cada uno elige su destino [&hellip;]<\/p>\n","protected":false},"author":29,"featured_media":4806,"comment_status":"open","ping_status":"open","sticky":false,"template":"","format":"standard","meta":{"footnotes":""},"categories":[7,9],"tags":[1040,1039,1042,1041],"global-categories":[],"class_list":["post-4804","post","type-post","status-publish","format-standard","has-post-thumbnail","hentry","category-carretera","category-mtb-aventura","tag-maleta-ciclista","tag-maleta-cicloturista","tag-ropa-ciclista-dolomitas","tag-ropa-para-qh"],"yoast_head":"<!-- This site is optimized with the Yoast SEO Premium plugin v25.3 (Yoast SEO v25.9) - https:\/\/yoast.com\/wordpress\/plugins\/seo\/ -->\n<title>Consejos para hacer la maleta cicloturista - \u0160koda We Love Cycling - Spain<\/title>\n<meta name=\"description\" content=\"Consejos para hacer una maleta cicloturista. Qu\u00e9 debes echar en la maleta antes de ir a viajes a los Alpes, Pirineos, Dolomitas o la QH.\" \/>\n<meta name=\"robots\" content=\"index, follow, max-snippet:-1, max-image-preview:large, max-video-preview:-1\" \/>\n<link rel=\"canonical\" href=\"https:\/\/www.welovecycling.com\/es\/2019\/05\/27\/consejos-para-hacer-la-maleta-cicloturista\/\" \/>\n<meta property=\"og:locale\" content=\"es_ES\" \/>\n<meta property=\"og:type\" content=\"article\" \/>\n<meta property=\"og:title\" content=\"Consejos para hacer una maleta cicloturista\" \/>\n<meta property=\"og:description\" content=\"Consejos para hacer una maleta cicloturista. Qu\u00e9 debes echar en la maleta antes de ir a viajes a los Alpes, Pirineos, Dolomitas o la QH.\" \/>\n<meta property=\"og:url\" content=\"https:\/\/www.welovecycling.com\/es\/2019\/05\/27\/consejos-para-hacer-la-maleta-cicloturista\/\" \/>\n<meta property=\"og:site_name\" content=\"\u0160koda We Love Cycling - Spain\" \/>\n<meta property=\"article:published_time\" content=\"2019-05-27T11:29:15+00:00\" \/>\n<meta property=\"article:modified_time\" content=\"2019-05-27T11:45:43+00:00\" \/>\n<meta property=\"og:image\" content=\"https:\/\/d2p6e6u75xmxt8.cloudfront.net\/6\/2019\/05\/1-MARMOTTE-2018-43.JPG.jpg\" \/>\n\t<meta property=\"og:image:width\" content=\"1024\" \/>\n\t<meta property=\"og:image:height\" content=\"678\" \/>\n\t<meta property=\"og:image:type\" content=\"image\/jpeg\" \/>\n<meta name=\"author\" content=\"We Love Cycling Spain\" \/>\n<meta name=\"twitter:card\" content=\"summary_large_image\" \/>\n<meta name=\"twitter:title\" content=\"Consejos para hacer una maleta cicloturista\" \/>\n<meta name=\"twitter:description\" content=\"Consejos para hacer una maleta cicloturista. Qu\u00e9 debes echar en la maleta antes de ir a viajes a los Alpes, Pirineos, Dolomitas o la QH.\" \/>\n<meta name=\"twitter:label1\" content=\"Written by\" \/>\n\t<meta name=\"twitter:data1\" content=\"Luis Ortega @Ciclored\" \/>\n\t<meta name=\"twitter:label2\" content=\"Est. reading time\" \/>\n\t<meta name=\"twitter:data2\" content=\"5 minutes\" \/>\n<script type=\"application\/ld+json\" class=\"yoast-schema-graph\">{\"@context\":\"https:\/\/schema.org\",\"@graph\":[{\"@type\":\"WebPage\",\"@id\":\"https:\/\/www.welovecycling.com\/es\/2019\/05\/27\/consejos-para-hacer-la-maleta-cicloturista\/\",\"url\":\"https:\/\/www.welovecycling.com\/es\/2019\/05\/27\/consejos-para-hacer-la-maleta-cicloturista\/\",\"name\":\"Consejos para hacer la maleta cicloturista - \u0160koda We Love Cycling - Spain\",\"isPartOf\":{\"@id\":\"https:\/\/www.welovecycling.com\/es\/#website\"},\"primaryImageOfPage\":{\"@id\":\"https:\/\/www.welovecycling.com\/es\/2019\/05\/27\/consejos-para-hacer-la-maleta-cicloturista\/#primaryimage\"},\"image\":{\"@id\":\"https:\/\/www.welovecycling.com\/es\/2019\/05\/27\/consejos-para-hacer-la-maleta-cicloturista\/#primaryimage\"},\"thumbnailUrl\":\"https:\/\/d2p6e6u75xmxt8.cloudfront.net\/6\/2019\/05\/1-MARMOTTE-2018-43.JPG.jpg\",\"datePublished\":\"2019-05-27T11:29:15+00:00\",\"dateModified\":\"2019-05-27T11:45:43+00:00\",\"author\":{\"@id\":\"https:\/\/www.welovecycling.com\/es\/#\/schema\/person\/deb61715b5812698ee79fb96f343ccd4\"},\"description\":\"Consejos para hacer una maleta cicloturista. Qu\u00e9 debes echar en la maleta antes de ir a viajes a los Alpes, Pirineos, Dolomitas o la QH.\",\"breadcrumb\":{\"@id\":\"https:\/\/www.welovecycling.com\/es\/2019\/05\/27\/consejos-para-hacer-la-maleta-cicloturista\/#breadcrumb\"},\"inLanguage\":\"es-ES\",\"potentialAction\":[{\"@type\":\"ReadAction\",\"target\":[\"https:\/\/www.welovecycling.com\/es\/2019\/05\/27\/consejos-para-hacer-la-maleta-cicloturista\/\"]}]},{\"@type\":\"ImageObject\",\"inLanguage\":\"es-ES\",\"@id\":\"https:\/\/www.welovecycling.com\/es\/2019\/05\/27\/consejos-para-hacer-la-maleta-cicloturista\/#primaryimage\",\"url\":\"https:\/\/d2p6e6u75xmxt8.cloudfront.net\/6\/2019\/05\/1-MARMOTTE-2018-43.JPG.jpg\",\"contentUrl\":\"https:\/\/d2p6e6u75xmxt8.cloudfront.net\/6\/2019\/05\/1-MARMOTTE-2018-43.JPG.jpg\",\"width\":1024,\"height\":678},{\"@type\":\"BreadcrumbList\",\"@id\":\"https:\/\/www.welovecycling.com\/es\/2019\/05\/27\/consejos-para-hacer-la-maleta-cicloturista\/#breadcrumb\",\"itemListElement\":[{\"@type\":\"ListItem\",\"position\":1,\"name\":\"Home\",\"item\":\"https:\/\/www.welovecycling.com\/es\/\"},{\"@type\":\"ListItem\",\"position\":2,\"name\":\"Consejos para hacer la maleta cicloturista\"}]},{\"@type\":\"WebSite\",\"@id\":\"https:\/\/www.welovecycling.com\/es\/#website\",\"url\":\"https:\/\/www.welovecycling.com\/es\/\",\"name\":\"\u0160koda We Love Cycling - Spain\",\"description\":\"\u0160koda WeLoveCycling Spain\",\"potentialAction\":[{\"@type\":\"SearchAction\",\"target\":{\"@type\":\"EntryPoint\",\"urlTemplate\":\"https:\/\/www.welovecycling.com\/es\/?s={search_term_string}\"},\"query-input\":{\"@type\":\"PropertyValueSpecification\",\"valueRequired\":true,\"valueName\":\"search_term_string\"}}],\"inLanguage\":\"es-ES\"},{\"@type\":\"Person\",\"@id\":\"https:\/\/www.welovecycling.com\/es\/#\/schema\/person\/deb61715b5812698ee79fb96f343ccd4\",\"name\":\"We Love Cycling Spain\",\"image\":{\"@type\":\"ImageObject\",\"inLanguage\":\"es-ES\",\"@id\":\"https:\/\/www.welovecycling.com\/es\/#\/schema\/person\/image\/\",\"url\":\"https:\/\/secure.gravatar.com\/avatar\/c824b04e6df0e37a03219d0b6481672889df542894588964102459e46513159c?s=96&d=mm&r=g\",\"contentUrl\":\"https:\/\/secure.gravatar.com\/avatar\/c824b04e6df0e37a03219d0b6481672889df542894588964102459e46513159c?s=96&d=mm&r=g\",\"caption\":\"We Love Cycling Spain\"},\"url\":\"https:\/\/www.welovecycling.com\/es\/author\/amunoz\/\"}]}<\/script>\n<!-- \/ Yoast SEO Premium plugin. -->","yoast_head_json":{"title":"Consejos para hacer la maleta cicloturista - \u0160koda We Love Cycling - Spain","description":"Consejos para hacer una maleta cicloturista. Qu\u00e9 debes echar en la maleta antes de ir a viajes a los Alpes, Pirineos, Dolomitas o la QH.","robots":{"index":"index","follow":"follow","max-snippet":"max-snippet:-1","max-image-preview":"max-image-preview:large","max-video-preview":"max-video-preview:-1"},"canonical":"https:\/\/www.welovecycling.com\/es\/2019\/05\/27\/consejos-para-hacer-la-maleta-cicloturista\/","og_locale":"es_ES","og_type":"article","og_title":"Consejos para hacer una maleta cicloturista","og_description":"Consejos para hacer una maleta cicloturista. Qu\u00e9 debes echar en la maleta antes de ir a viajes a los Alpes, Pirineos, Dolomitas o la QH.","og_url":"https:\/\/www.welovecycling.com\/es\/2019\/05\/27\/consejos-para-hacer-la-maleta-cicloturista\/","og_site_name":"\u0160koda We Love Cycling - Spain","article_published_time":"2019-05-27T11:29:15+00:00","article_modified_time":"2019-05-27T11:45:43+00:00","og_image":[{"width":1024,"height":678,"url":"https:\/\/d2p6e6u75xmxt8.cloudfront.net\/6\/2019\/05\/1-MARMOTTE-2018-43.JPG.jpg","type":"image\/jpeg"}],"author":"We Love Cycling Spain","twitter_card":"summary_large_image","twitter_title":"Consejos para hacer una maleta cicloturista","twitter_description":"Consejos para hacer una maleta cicloturista. Qu\u00e9 debes echar en la maleta antes de ir a viajes a los Alpes, Pirineos, Dolomitas o la QH.","twitter_misc":{"Written by":"Luis Ortega @Ciclored","Est. reading time":"5 minutes"},"schema":{"@context":"https:\/\/schema.org","@graph":[{"@type":"WebPage","@id":"https:\/\/www.welovecycling.com\/es\/2019\/05\/27\/consejos-para-hacer-la-maleta-cicloturista\/","url":"https:\/\/www.welovecycling.com\/es\/2019\/05\/27\/consejos-para-hacer-la-maleta-cicloturista\/","name":"Consejos para hacer la maleta cicloturista - \u0160koda We Love Cycling - Spain","isPartOf":{"@id":"https:\/\/www.welovecycling.com\/es\/#website"},"primaryImageOfPage":{"@id":"https:\/\/www.welovecycling.com\/es\/2019\/05\/27\/consejos-para-hacer-la-maleta-cicloturista\/#primaryimage"},"image":{"@id":"https:\/\/www.welovecycling.com\/es\/2019\/05\/27\/consejos-para-hacer-la-maleta-cicloturista\/#primaryimage"},"thumbnailUrl":"https:\/\/d2p6e6u75xmxt8.cloudfront.net\/6\/2019\/05\/1-MARMOTTE-2018-43.JPG.jpg","datePublished":"2019-05-27T11:29:15+00:00","dateModified":"2019-05-27T11:45:43+00:00","author":{"@id":"https:\/\/www.welovecycling.com\/es\/#\/schema\/person\/deb61715b5812698ee79fb96f343ccd4"},"description":"Consejos para hacer una maleta cicloturista. Qu\u00e9 debes echar en la maleta antes de ir a viajes a los Alpes, Pirineos, Dolomitas o la QH.","breadcrumb":{"@id":"https:\/\/www.welovecycling.com\/es\/2019\/05\/27\/consejos-para-hacer-la-maleta-cicloturista\/#breadcrumb"},"inLanguage":"es-ES","potentialAction":[{"@type":"ReadAction","target":["https:\/\/www.welovecycling.com\/es\/2019\/05\/27\/consejos-para-hacer-la-maleta-cicloturista\/"]}]},{"@type":"ImageObject","inLanguage":"es-ES","@id":"https:\/\/www.welovecycling.com\/es\/2019\/05\/27\/consejos-para-hacer-la-maleta-cicloturista\/#primaryimage","url":"https:\/\/d2p6e6u75xmxt8.cloudfront.net\/6\/2019\/05\/1-MARMOTTE-2018-43.JPG.jpg","contentUrl":"https:\/\/d2p6e6u75xmxt8.cloudfront.net\/6\/2019\/05\/1-MARMOTTE-2018-43.JPG.jpg","width":1024,"height":678},{"@type":"BreadcrumbList","@id":"https:\/\/www.welovecycling.com\/es\/2019\/05\/27\/consejos-para-hacer-la-maleta-cicloturista\/#breadcrumb","itemListElement":[{"@type":"ListItem","position":1,"name":"Home","item":"https:\/\/www.welovecycling.com\/es\/"},{"@type":"ListItem","position":2,"name":"Consejos para hacer la maleta cicloturista"}]},{"@type":"WebSite","@id":"https:\/\/www.welovecycling.com\/es\/#website","url":"https:\/\/www.welovecycling.com\/es\/","name":"\u0160koda We Love Cycling - Spain","description":"\u0160koda WeLoveCycling Spain","potentialAction":[{"@type":"SearchAction","target":{"@type":"EntryPoint","urlTemplate":"https:\/\/www.welovecycling.com\/es\/?s={search_term_string}"},"query-input":{"@type":"PropertyValueSpecification","valueRequired":true,"valueName":"search_term_string"}}],"inLanguage":"es-ES"},{"@type":"Person","@id":"https:\/\/www.welovecycling.com\/es\/#\/schema\/person\/deb61715b5812698ee79fb96f343ccd4","name":"We Love Cycling Spain","image":{"@type":"ImageObject","inLanguage":"es-ES","@id":"https:\/\/www.welovecycling.com\/es\/#\/schema\/person\/image\/","url":"https:\/\/secure.gravatar.com\/avatar\/c824b04e6df0e37a03219d0b6481672889df542894588964102459e46513159c?s=96&d=mm&r=g","contentUrl":"https:\/\/secure.gravatar.com\/avatar\/c824b04e6df0e37a03219d0b6481672889df542894588964102459e46513159c?s=96&d=mm&r=g","caption":"We Love Cycling Spain"},"url":"https:\/\/www.welovecycling.com\/es\/author\/amunoz\/"}]}},"_links":{"self":[{"href":"https:\/\/www.welovecycling.com\/es\/wp-json\/wp\/v2\/posts\/4804","targetHints":{"allow":["GET"]}}],"collection":[{"href":"https:\/\/www.welovecycling.com\/es\/wp-json\/wp\/v2\/posts"}],"about":[{"href":"https:\/\/www.welovecycling.com\/es\/wp-json\/wp\/v2\/types\/post"}],"author":[{"embeddable":true,"href":"https:\/\/www.welovecycling.com\/es\/wp-json\/wp\/v2\/users\/29"}],"replies":[{"embeddable":true,"href":"https:\/\/www.welovecycling.com\/es\/wp-json\/wp\/v2\/comments?post=4804"}],"version-history":[{"count":2,"href":"https:\/\/www.welovecycling.com\/es\/wp-json\/wp\/v2\/posts\/4804\/revisions"}],"predecessor-version":[{"id":4812,"href":"https:\/\/www.welovecycling.com\/es\/wp-json\/wp\/v2\/posts\/4804\/revisions\/4812"}],"wp:featuredmedia":[{"embeddable":true,"href":"https:\/\/www.welovecycling.com\/es\/wp-json\/wp\/v2\/media\/4806"}],"wp:attachment":[{"href":"https:\/\/www.welovecycling.com\/es\/wp-json\/wp\/v2\/media?parent=4804"}],"wp:term":[{"taxonomy":"category","embeddable":true,"href":"https:\/\/www.welovecycling.com\/es\/wp-json\/wp\/v2\/categories?post=4804"},{"taxonomy":"post_tag","embeddable":true,"href":"https:\/\/www.welovecycling.com\/es\/wp-json\/wp\/v2\/tags?post=4804"},{"taxonomy":"global-categories","embeddable":true,"href":"https:\/\/www.welovecycling.com\/es\/wp-json\/wp\/v2\/global-categories?post=4804"}],"curies":[{"name":"wp","href":"https:\/\/api.w.org\/{rel}","templated":true}]}}