{"id":4795,"date":"2019-05-24T09:14:46","date_gmt":"2019-05-24T07:14:46","guid":{"rendered":"https:\/\/www.welovecycling.com\/es\/?p=4795"},"modified":"2019-05-24T09:14:46","modified_gmt":"2019-05-24T07:14:46","slug":"ciclista-frances-gana-tour-de-francia","status":"publish","type":"post","link":"https:\/\/www.welovecycling.com\/es\/2019\/05\/24\/ciclista-frances-gana-tour-de-francia\/","title":{"rendered":"\u00bfPor qu\u00e9 ning\u00fan ciclista franc\u00e9s gana el Tour de Francia?"},"content":{"rendered":"<p><strong>Si se le pide a cualquiera que mencione tres cosas que sabe sobre Francia, probablemente le pondr\u00edan en la lista los vinos, Par\u00eds y el Tour de Francia. El Tour no s\u00f3lo es la carrera m\u00e1s prestigiosa del mundo, sino que tambi\u00e9n es el orgullo y la alegr\u00eda deportiva del pa\u00eds, y probablemente el \u00fanico evento deportivo franc\u00e9s que aparece en m\u00e1s titulares de prensa.<\/strong><!--more--><\/p>\n<p>Por lo tanto, se podr\u00eda pensar que los franceses estar\u00edan muy interesados en hacer de la carrera no s\u00f3lo un escaparate de los maravillosos paisajes del pa\u00eds y de los pueblos y ciudades hist\u00f3ricas, sino tambi\u00e9n de las capacidades de sus ciclistas. Que dar\u00edan lo que fuera por tener a uno de sus ciclistas bebiendo el champ\u00e1n del ganador en los Campos El\u00edseos durante la etapa final del Tour.<\/p>\n<p>Y, sin duda, lo est\u00e1n intentando. El problema es que, sea lo que sea que est\u00e9n haciendo, no est\u00e1 funcionando. Ning\u00fan franc\u00e9s ha ganado el Tour desde 1985, cuando Bernard Hinault venci\u00f3 a su compa\u00f1ero de equipo americano Greg Lemond. Eso hace 33 a\u00f1os sin un vencedor del Tour franc\u00e9s &#8211; y que probablemente se elevar\u00e1 a 34 este a\u00f1o, porque no parece que haya un ciclista franc\u00e9s capaz de vencer a Chris Froome o a los otros favoritos del Tour.<\/p>\n<figure id=\"attachment_4797\" aria-describedby=\"caption-attachment-4797\" style=\"width: 1800px\" class=\"wp-caption alignnone\"><a href=\"https:\/\/d2p6e6u75xmxt8.cloudfront.net\/6\/2019\/05\/profimedia-0294300955.jpg\"><img loading=\"lazy\" decoding=\"async\" class=\"size-full wp-image-4797\" src=\"https:\/\/d2p6e6u75xmxt8.cloudfront.net\/6\/2019\/05\/profimedia-0294300955.jpg\" alt=\"\" width=\"1800\" height=\"1200\" srcset=\"https:\/\/d2p6e6u75xmxt8.cloudfront.net\/6\/2019\/05\/profimedia-0294300955.jpg 1800w, https:\/\/d2p6e6u75xmxt8.cloudfront.net\/6\/2019\/05\/profimedia-0294300955-300x200.jpg 300w, https:\/\/d2p6e6u75xmxt8.cloudfront.net\/6\/2019\/05\/profimedia-0294300955-768x512.jpg 768w, https:\/\/d2p6e6u75xmxt8.cloudfront.net\/6\/2019\/05\/profimedia-0294300955-1024x683.jpg 1024w, https:\/\/d2p6e6u75xmxt8.cloudfront.net\/6\/2019\/05\/profimedia-0294300955-272x182.jpg 272w\" sizes=\"auto, (max-width: 1800px) 100vw, 1800px\" \/><\/a><figcaption id=\"caption-attachment-4797\" class=\"wp-caption-text\">Chris Froome durante la duod\u00e9cima etapa de la 103\u00aa edici\u00f3n del Tour de Francia, jueves 14 de julio de 2016.\u00a0\u00a9 Profimedia, AFP<\/figcaption><\/figure>\n<p>&nbsp;<\/p>\n<p>Y no s\u00f3lo eso, desde 2008 s\u00f3lo cuatro ciclistas franceses han vestido el maillot amarillo del Tour durante la carrera, \u00a1y ninguno en los \u00faltimos cuatro a\u00f1os! La gran pregunta es por qu\u00e9, en un pa\u00eds con m\u00e1s de 120.000 ciclistas aficionados, los resultados han sido tan pobres. Francia dominaba la carrera y sigue siendo el pa\u00eds que ha ganado el mayor n\u00famero de Tours, 36, con B\u00e9lgica en segundo lugar, con 18. \u00bfQu\u00e9 pas\u00f3 en el ciclismo franc\u00e9s? \u00bfEs s\u00f3lo que la competencia es mayor hoy que hace 35 o 50 a\u00f1os? \u00bfLos ciclistas y entrenadores franceses no se han adaptado a las tendencias modernas de entrenamiento?<\/p>\n<p>Hinault cree que los ciclistas son perezosos. En una entrevista en 2009, dijo al peri\u00f3dico The Guardian: &#8220;Los franceses no entrenan. La \u00fanica manera de[motivarlos] ser\u00eda bloquear parte de su salario y dejar que lo tengan s\u00f3lo si ganan. o con un cuchillo en la garganta&#8221;.<\/p>\n<p>Creo que Hinault simplemente estaba expresando su frustraci\u00f3n personal. Una respuesta m\u00e1s razonable es el dinero. El gobierno franc\u00e9s no invierte en sus equipos de ciclismo, y con raz\u00f3n. No tiene el dinero, porque se destina mucho a sus generosos sistemas nacionales de salud y bienestar social.<\/p>\n<figure id=\"attachment_4800\" aria-describedby=\"caption-attachment-4800\" style=\"width: 1250px\" class=\"wp-caption alignnone\"><a href=\"https:\/\/d2p6e6u75xmxt8.cloudfront.net\/6\/2019\/05\/profimedia-0339640854.jpg\"><img loading=\"lazy\" decoding=\"async\" class=\"size-full wp-image-4800\" src=\"https:\/\/d2p6e6u75xmxt8.cloudfront.net\/6\/2019\/05\/profimedia-0339640854.jpg\" alt=\"\" width=\"1250\" height=\"833\" srcset=\"https:\/\/d2p6e6u75xmxt8.cloudfront.net\/6\/2019\/05\/profimedia-0339640854.jpg 1250w, https:\/\/d2p6e6u75xmxt8.cloudfront.net\/6\/2019\/05\/profimedia-0339640854-300x200.jpg 300w, https:\/\/d2p6e6u75xmxt8.cloudfront.net\/6\/2019\/05\/profimedia-0339640854-768x512.jpg 768w, https:\/\/d2p6e6u75xmxt8.cloudfront.net\/6\/2019\/05\/profimedia-0339640854-1024x682.jpg 1024w, https:\/\/d2p6e6u75xmxt8.cloudfront.net\/6\/2019\/05\/profimedia-0339640854-272x182.jpg 272w\" sizes=\"auto, (max-width: 1250px) 100vw, 1250px\" \/><\/a><figcaption id=\"caption-attachment-4800\" class=\"wp-caption-text\">Romain Bardet durante la salida del Tour 2017.\u00a0\u00a9 Profimedia<\/figcaption><\/figure>\n<p>&nbsp;<\/p>\n<p>El efecto de la inversi\u00f3n nacional en el ciclismo ha quedado asombrosamente claro por la decisi\u00f3n del gobierno del Reino Unido en 1997 de utilizar los fondos de la loter\u00eda nacional para sus equipos ciclistas, tanto en pista como en carretera. Como resultado, los ciclistas brit\u00e1nicos han ganado 6 de los \u00faltimos 7 Tours &#8211; con Chris Froome como un s\u00f3lido favorito para ganar de nuevo este a\u00f1o.<\/p>\n<p>Luego est\u00e1 la inc\u00f3moda cuesti\u00f3n del dopaje. Nadie que lo presenciara, ni en la sala del tribunal ni en la televisi\u00f3n, podr\u00eda olvidar las l\u00e1grimas del ciclista franc\u00e9s Richard Virenque cuando le dijo a un juez franc\u00e9s en el a\u00f1o 2000 que hab\u00eda tomado sustancias prohibidas. Ese juicio, de 10 personas asociadas con el antiguo equipo Festina, tuvo un gran impacto en Francia, al igual que la revelaci\u00f3n de que el siete veces ganador, Lance Armstrong, hab\u00eda consumido drogas ilegales para mejorar el rendimiento.<\/p>\n<p>Puede ser que los ciclistas y entrenadores franceses se hayan vuelto tan escrupulosos sobre la conducta &#8220;limpia&#8221; que ni siquiera est\u00e1n aprovechando las reglas que permiten a los ciclistas ir al Tour usando medicamentos prohibidos si son recetados por un m\u00e9dico para una dolencia f\u00edsica espec\u00edfica, como el asma.<\/p>\n<p>Pero eso no lo sabemos. Lo que s\u00ed sabemos es que las federaciones deportivas francesas, incluida la de ciclismo, son redes de &#8220;viejos amigos&#8221;, gestionadas por personas estrechamente vinculadas al Ministerio de Deportes y que se adaptan con lentitud a los cambios del mundo del deporte. Por naturaleza, son muy conservadores y, por lo tanto, se resisten a ideas y m\u00e9todos con los que no est\u00e1n familiarizados.<\/p>\n<figure id=\"attachment_4801\" aria-describedby=\"caption-attachment-4801\" style=\"width: 1250px\" class=\"wp-caption alignnone\"><a href=\"https:\/\/d2p6e6u75xmxt8.cloudfront.net\/6\/2019\/05\/profimedia-0254075790.jpg\"><img loading=\"lazy\" decoding=\"async\" class=\"size-full wp-image-4801\" src=\"https:\/\/d2p6e6u75xmxt8.cloudfront.net\/6\/2019\/05\/profimedia-0254075790.jpg\" alt=\"\" width=\"1250\" height=\"835\" srcset=\"https:\/\/d2p6e6u75xmxt8.cloudfront.net\/6\/2019\/05\/profimedia-0254075790.jpg 1250w, https:\/\/d2p6e6u75xmxt8.cloudfront.net\/6\/2019\/05\/profimedia-0254075790-300x200.jpg 300w, https:\/\/d2p6e6u75xmxt8.cloudfront.net\/6\/2019\/05\/profimedia-0254075790-768x513.jpg 768w, https:\/\/d2p6e6u75xmxt8.cloudfront.net\/6\/2019\/05\/profimedia-0254075790-1024x684.jpg 1024w, https:\/\/d2p6e6u75xmxt8.cloudfront.net\/6\/2019\/05\/profimedia-0254075790-272x182.jpg 272w\" sizes=\"auto, (max-width: 1250px) 100vw, 1250px\" \/><\/a><figcaption id=\"caption-attachment-4801\" class=\"wp-caption-text\">Chris Froome con el titulo de 2015 \u00a9 Profimedia, Uppa entertainment<\/figcaption><\/figure>\n<p>&nbsp;<\/p>\n<p>Un buen ejemplo viene de otro deporte, el rugby. La selecci\u00f3n francesa de rugby sol\u00eda ser una de las mejores del mundo, pero en los \u00faltimos 10 a\u00f1os se ha vuelto mediocre, con embarazosas derrotas ante equipos con menos talento y muy por detr\u00e1s de sus rivales europeos, Gales, Irlanda e Inglaterra. Estos tres equipos est\u00e1n ahora en el segundo, tercer y cuarto lugar del mundo porque contrataron entrenadores de Nueva Zelanda y Australia, donde se juega el mejor rugby del mundo. Estos entrenadores aportaron nuevos m\u00e9todos y sistemas que han mejorado no s\u00f3lo a las selecciones nacionales, sino tambi\u00e9n a los propios jugadores.<\/p>\n<p>Por lo tanto, el jefe de la federaci\u00f3n francesa de rugby, Bernard Laporte, decidi\u00f3 contratar al ex entrenador de Irlanda, Joe Schmidt de Nueva Zelanda. Pero primero pregunt\u00f3 a todos los clubes de rugby aficionados franceses si estaban de acuerdo con la propuesta. Casi el 60 por ciento de los que votaron dijeron que no. As\u00ed pues, un franc\u00e9s volver\u00e1 a entrenar a la selecci\u00f3n nacional, en la Copa Mundial de este a\u00f1o y en la pr\u00f3xima, que se celebrar\u00e1 en Francia.<\/p>\n<p>No hace falta ser un genio para predecir que la racha de resultados decepcionantes del equipo continuar\u00e1 durante al menos cinco a\u00f1os m\u00e1s, del mismo modo que es probable que ning\u00fan franc\u00e9s gane el Tour de Francia en un futuro previsible a menos que cambie el enfoque de Francia hacia sus equipos de ciclismo y sus ciclistas.<\/p>\n","protected":false},"excerpt":{"rendered":"<p>Si se le pide a cualquiera que mencione tres cosas que sabe sobre Francia, probablemente le pondr\u00edan en la lista [&hellip;]<\/p>\n","protected":false},"author":29,"featured_media":4749,"comment_status":"open","ping_status":"open","sticky":false,"template":"","format":"standard","meta":{"footnotes":""},"categories":[7],"tags":[1038,1037,557],"global-categories":[],"class_list":["post-4795","post","type-post","status-publish","format-standard","has-post-thumbnail","hentry","category-carretera","tag-favoritos-tour-de-francia-2019","tag-frances-ganador-del-tour-de-francia","tag-tour-de-francia"],"yoast_head":"<!-- This site is optimized with the Yoast SEO Premium plugin v25.3 (Yoast SEO v25.9) - https:\/\/yoast.com\/wordpress\/plugins\/seo\/ -->\n<title>\u00bfPor qu\u00e9 ning\u00fan ciclista franc\u00e9s gana el Tour de Francia? - \u0160koda We Love Cycling - Spain<\/title>\n<meta name=\"description\" content=\"\u00bfPor qu\u00e9 ning\u00fan ciclista franc\u00e9s gana el Tour de Francia? Las razones por las que el ciclismo franc\u00e9s no gana ning\u00fan Tour desde Hinault.\" \/>\n<meta name=\"robots\" content=\"index, follow, max-snippet:-1, max-image-preview:large, max-video-preview:-1\" \/>\n<link rel=\"canonical\" href=\"https:\/\/www.welovecycling.com\/es\/2019\/05\/24\/ciclista-frances-gana-tour-de-francia\/\" \/>\n<meta property=\"og:locale\" content=\"es_ES\" \/>\n<meta property=\"og:type\" content=\"article\" \/>\n<meta property=\"og:title\" content=\"\u00bfPor qu\u00e9 ning\u00fan ciclista franc\u00e9s gana el Tour de Francia?\" \/>\n<meta property=\"og:description\" content=\"\u00bfPor qu\u00e9 ning\u00fan ciclista franc\u00e9s gana el Tour de Francia? Las razones por las que el ciclismo franc\u00e9s no gana ning\u00fan Tour desde Hinault.\" \/>\n<meta property=\"og:url\" content=\"https:\/\/www.welovecycling.com\/es\/2019\/05\/24\/ciclista-frances-gana-tour-de-francia\/\" \/>\n<meta property=\"og:site_name\" content=\"\u0160koda We Love Cycling - Spain\" \/>\n<meta property=\"article:published_time\" content=\"2019-05-24T07:14:46+00:00\" \/>\n<meta property=\"og:image\" content=\"https:\/\/d2p6e6u75xmxt8.cloudfront.net\/6\/2019\/05\/tour-de-france-2018-profimedia-0380466339-CVR.jpg\" \/>\n\t<meta property=\"og:image:width\" content=\"1366\" \/>\n\t<meta property=\"og:image:height\" content=\"600\" \/>\n\t<meta property=\"og:image:type\" content=\"image\/jpeg\" \/>\n<meta name=\"author\" content=\"We Love Cycling Spain\" \/>\n<meta name=\"twitter:card\" content=\"summary_large_image\" \/>\n<meta name=\"twitter:title\" content=\"\u00bfPor qu\u00e9 ning\u00fan ciclista franc\u00e9s gana el Tour de Francia?\" \/>\n<meta name=\"twitter:description\" content=\"\u00bfPor qu\u00e9 ning\u00fan ciclista franc\u00e9s gana el Tour de Francia? Las razones por las que el ciclismo franc\u00e9s no gana ning\u00fan Tour desde Hinault.\" \/>\n<meta name=\"twitter:label1\" content=\"Written by\" \/>\n\t<meta name=\"twitter:data1\" content=\"Siegfried Mortkowitz\" \/>\n\t<meta name=\"twitter:label2\" content=\"Est. reading time\" \/>\n\t<meta name=\"twitter:data2\" content=\"7\" \/>\n<script type=\"application\/ld+json\" class=\"yoast-schema-graph\">{\"@context\":\"https:\/\/schema.org\",\"@graph\":[{\"@type\":\"WebPage\",\"@id\":\"https:\/\/www.welovecycling.com\/es\/2019\/05\/24\/ciclista-frances-gana-tour-de-francia\/\",\"url\":\"https:\/\/www.welovecycling.com\/es\/2019\/05\/24\/ciclista-frances-gana-tour-de-francia\/\",\"name\":\"\u00bfPor qu\u00e9 ning\u00fan ciclista franc\u00e9s gana el Tour de Francia? - \u0160koda We Love Cycling - Spain\",\"isPartOf\":{\"@id\":\"https:\/\/www.welovecycling.com\/es\/#website\"},\"primaryImageOfPage\":{\"@id\":\"https:\/\/www.welovecycling.com\/es\/2019\/05\/24\/ciclista-frances-gana-tour-de-francia\/#primaryimage\"},\"image\":{\"@id\":\"https:\/\/www.welovecycling.com\/es\/2019\/05\/24\/ciclista-frances-gana-tour-de-francia\/#primaryimage\"},\"thumbnailUrl\":\"https:\/\/d2p6e6u75xmxt8.cloudfront.net\/6\/2019\/05\/tour-de-france-2018-profimedia-0380466339-CVR.jpg\",\"datePublished\":\"2019-05-24T07:14:46+00:00\",\"author\":{\"@id\":\"https:\/\/www.welovecycling.com\/es\/#\/schema\/person\/deb61715b5812698ee79fb96f343ccd4\"},\"description\":\"\u00bfPor qu\u00e9 ning\u00fan ciclista franc\u00e9s gana el Tour de Francia? Las razones por las que el ciclismo franc\u00e9s no gana ning\u00fan Tour desde Hinault.\",\"breadcrumb\":{\"@id\":\"https:\/\/www.welovecycling.com\/es\/2019\/05\/24\/ciclista-frances-gana-tour-de-francia\/#breadcrumb\"},\"inLanguage\":\"es-ES\",\"potentialAction\":[{\"@type\":\"ReadAction\",\"target\":[\"https:\/\/www.welovecycling.com\/es\/2019\/05\/24\/ciclista-frances-gana-tour-de-francia\/\"]}]},{\"@type\":\"ImageObject\",\"inLanguage\":\"es-ES\",\"@id\":\"https:\/\/www.welovecycling.com\/es\/2019\/05\/24\/ciclista-frances-gana-tour-de-francia\/#primaryimage\",\"url\":\"https:\/\/d2p6e6u75xmxt8.cloudfront.net\/6\/2019\/05\/tour-de-france-2018-profimedia-0380466339-CVR.jpg\",\"contentUrl\":\"https:\/\/d2p6e6u75xmxt8.cloudfront.net\/6\/2019\/05\/tour-de-france-2018-profimedia-0380466339-CVR.jpg\",\"width\":1366,\"height\":600,\"caption\":\"\u00a9 Profimedia\"},{\"@type\":\"BreadcrumbList\",\"@id\":\"https:\/\/www.welovecycling.com\/es\/2019\/05\/24\/ciclista-frances-gana-tour-de-francia\/#breadcrumb\",\"itemListElement\":[{\"@type\":\"ListItem\",\"position\":1,\"name\":\"Home\",\"item\":\"https:\/\/www.welovecycling.com\/es\/\"},{\"@type\":\"ListItem\",\"position\":2,\"name\":\"\u00bfPor qu\u00e9 ning\u00fan ciclista franc\u00e9s gana el Tour de Francia?\"}]},{\"@type\":\"WebSite\",\"@id\":\"https:\/\/www.welovecycling.com\/es\/#website\",\"url\":\"https:\/\/www.welovecycling.com\/es\/\",\"name\":\"\u0160koda We Love Cycling - Spain\",\"description\":\"\u0160koda WeLoveCycling Spain\",\"potentialAction\":[{\"@type\":\"SearchAction\",\"target\":{\"@type\":\"EntryPoint\",\"urlTemplate\":\"https:\/\/www.welovecycling.com\/es\/?s={search_term_string}\"},\"query-input\":{\"@type\":\"PropertyValueSpecification\",\"valueRequired\":true,\"valueName\":\"search_term_string\"}}],\"inLanguage\":\"es-ES\"},{\"@type\":\"Person\",\"@id\":\"https:\/\/www.welovecycling.com\/es\/#\/schema\/person\/deb61715b5812698ee79fb96f343ccd4\",\"name\":\"We Love Cycling Spain\",\"image\":{\"@type\":\"ImageObject\",\"inLanguage\":\"es-ES\",\"@id\":\"https:\/\/www.welovecycling.com\/es\/#\/schema\/person\/image\/\",\"url\":\"https:\/\/secure.gravatar.com\/avatar\/c824b04e6df0e37a03219d0b6481672889df542894588964102459e46513159c?s=96&d=mm&r=g\",\"contentUrl\":\"https:\/\/secure.gravatar.com\/avatar\/c824b04e6df0e37a03219d0b6481672889df542894588964102459e46513159c?s=96&d=mm&r=g\",\"caption\":\"We Love Cycling Spain\"},\"url\":\"https:\/\/www.welovecycling.com\/es\/author\/amunoz\/\"}]}<\/script>\n<!-- \/ Yoast SEO Premium plugin. -->","yoast_head_json":{"title":"\u00bfPor qu\u00e9 ning\u00fan ciclista franc\u00e9s gana el Tour de Francia? - \u0160koda We Love Cycling - Spain","description":"\u00bfPor qu\u00e9 ning\u00fan ciclista franc\u00e9s gana el Tour de Francia? Las razones por las que el ciclismo franc\u00e9s no gana ning\u00fan Tour desde Hinault.","robots":{"index":"index","follow":"follow","max-snippet":"max-snippet:-1","max-image-preview":"max-image-preview:large","max-video-preview":"max-video-preview:-1"},"canonical":"https:\/\/www.welovecycling.com\/es\/2019\/05\/24\/ciclista-frances-gana-tour-de-francia\/","og_locale":"es_ES","og_type":"article","og_title":"\u00bfPor qu\u00e9 ning\u00fan ciclista franc\u00e9s gana el Tour de Francia?","og_description":"\u00bfPor qu\u00e9 ning\u00fan ciclista franc\u00e9s gana el Tour de Francia? Las razones por las que el ciclismo franc\u00e9s no gana ning\u00fan Tour desde Hinault.","og_url":"https:\/\/www.welovecycling.com\/es\/2019\/05\/24\/ciclista-frances-gana-tour-de-francia\/","og_site_name":"\u0160koda We Love Cycling - Spain","article_published_time":"2019-05-24T07:14:46+00:00","og_image":[{"width":1366,"height":600,"url":"https:\/\/d2p6e6u75xmxt8.cloudfront.net\/6\/2019\/05\/tour-de-france-2018-profimedia-0380466339-CVR.jpg","type":"image\/jpeg"}],"author":"We Love Cycling Spain","twitter_card":"summary_large_image","twitter_title":"\u00bfPor qu\u00e9 ning\u00fan ciclista franc\u00e9s gana el Tour de Francia?","twitter_description":"\u00bfPor qu\u00e9 ning\u00fan ciclista franc\u00e9s gana el Tour de Francia? Las razones por las que el ciclismo franc\u00e9s no gana ning\u00fan Tour desde Hinault.","twitter_misc":{"Written by":"Siegfried Mortkowitz","Est. reading time":"7"},"schema":{"@context":"https:\/\/schema.org","@graph":[{"@type":"WebPage","@id":"https:\/\/www.welovecycling.com\/es\/2019\/05\/24\/ciclista-frances-gana-tour-de-francia\/","url":"https:\/\/www.welovecycling.com\/es\/2019\/05\/24\/ciclista-frances-gana-tour-de-francia\/","name":"\u00bfPor qu\u00e9 ning\u00fan ciclista franc\u00e9s gana el Tour de Francia? - \u0160koda We Love Cycling - Spain","isPartOf":{"@id":"https:\/\/www.welovecycling.com\/es\/#website"},"primaryImageOfPage":{"@id":"https:\/\/www.welovecycling.com\/es\/2019\/05\/24\/ciclista-frances-gana-tour-de-francia\/#primaryimage"},"image":{"@id":"https:\/\/www.welovecycling.com\/es\/2019\/05\/24\/ciclista-frances-gana-tour-de-francia\/#primaryimage"},"thumbnailUrl":"https:\/\/d2p6e6u75xmxt8.cloudfront.net\/6\/2019\/05\/tour-de-france-2018-profimedia-0380466339-CVR.jpg","datePublished":"2019-05-24T07:14:46+00:00","author":{"@id":"https:\/\/www.welovecycling.com\/es\/#\/schema\/person\/deb61715b5812698ee79fb96f343ccd4"},"description":"\u00bfPor qu\u00e9 ning\u00fan ciclista franc\u00e9s gana el Tour de Francia? Las razones por las que el ciclismo franc\u00e9s no gana ning\u00fan Tour desde Hinault.","breadcrumb":{"@id":"https:\/\/www.welovecycling.com\/es\/2019\/05\/24\/ciclista-frances-gana-tour-de-francia\/#breadcrumb"},"inLanguage":"es-ES","potentialAction":[{"@type":"ReadAction","target":["https:\/\/www.welovecycling.com\/es\/2019\/05\/24\/ciclista-frances-gana-tour-de-francia\/"]}]},{"@type":"ImageObject","inLanguage":"es-ES","@id":"https:\/\/www.welovecycling.com\/es\/2019\/05\/24\/ciclista-frances-gana-tour-de-francia\/#primaryimage","url":"https:\/\/d2p6e6u75xmxt8.cloudfront.net\/6\/2019\/05\/tour-de-france-2018-profimedia-0380466339-CVR.jpg","contentUrl":"https:\/\/d2p6e6u75xmxt8.cloudfront.net\/6\/2019\/05\/tour-de-france-2018-profimedia-0380466339-CVR.jpg","width":1366,"height":600,"caption":"\u00a9 Profimedia"},{"@type":"BreadcrumbList","@id":"https:\/\/www.welovecycling.com\/es\/2019\/05\/24\/ciclista-frances-gana-tour-de-francia\/#breadcrumb","itemListElement":[{"@type":"ListItem","position":1,"name":"Home","item":"https:\/\/www.welovecycling.com\/es\/"},{"@type":"ListItem","position":2,"name":"\u00bfPor qu\u00e9 ning\u00fan ciclista franc\u00e9s gana el Tour de Francia?"}]},{"@type":"WebSite","@id":"https:\/\/www.welovecycling.com\/es\/#website","url":"https:\/\/www.welovecycling.com\/es\/","name":"\u0160koda We Love Cycling - Spain","description":"\u0160koda WeLoveCycling Spain","potentialAction":[{"@type":"SearchAction","target":{"@type":"EntryPoint","urlTemplate":"https:\/\/www.welovecycling.com\/es\/?s={search_term_string}"},"query-input":{"@type":"PropertyValueSpecification","valueRequired":true,"valueName":"search_term_string"}}],"inLanguage":"es-ES"},{"@type":"Person","@id":"https:\/\/www.welovecycling.com\/es\/#\/schema\/person\/deb61715b5812698ee79fb96f343ccd4","name":"We Love Cycling Spain","image":{"@type":"ImageObject","inLanguage":"es-ES","@id":"https:\/\/www.welovecycling.com\/es\/#\/schema\/person\/image\/","url":"https:\/\/secure.gravatar.com\/avatar\/c824b04e6df0e37a03219d0b6481672889df542894588964102459e46513159c?s=96&d=mm&r=g","contentUrl":"https:\/\/secure.gravatar.com\/avatar\/c824b04e6df0e37a03219d0b6481672889df542894588964102459e46513159c?s=96&d=mm&r=g","caption":"We Love Cycling Spain"},"url":"https:\/\/www.welovecycling.com\/es\/author\/amunoz\/"}]}},"_links":{"self":[{"href":"https:\/\/www.welovecycling.com\/es\/wp-json\/wp\/v2\/posts\/4795","targetHints":{"allow":["GET"]}}],"collection":[{"href":"https:\/\/www.welovecycling.com\/es\/wp-json\/wp\/v2\/posts"}],"about":[{"href":"https:\/\/www.welovecycling.com\/es\/wp-json\/wp\/v2\/types\/post"}],"author":[{"embeddable":true,"href":"https:\/\/www.welovecycling.com\/es\/wp-json\/wp\/v2\/users\/29"}],"replies":[{"embeddable":true,"href":"https:\/\/www.welovecycling.com\/es\/wp-json\/wp\/v2\/comments?post=4795"}],"version-history":[{"count":2,"href":"https:\/\/www.welovecycling.com\/es\/wp-json\/wp\/v2\/posts\/4795\/revisions"}],"predecessor-version":[{"id":4803,"href":"https:\/\/www.welovecycling.com\/es\/wp-json\/wp\/v2\/posts\/4795\/revisions\/4803"}],"wp:featuredmedia":[{"embeddable":true,"href":"https:\/\/www.welovecycling.com\/es\/wp-json\/wp\/v2\/media\/4749"}],"wp:attachment":[{"href":"https:\/\/www.welovecycling.com\/es\/wp-json\/wp\/v2\/media?parent=4795"}],"wp:term":[{"taxonomy":"category","embeddable":true,"href":"https:\/\/www.welovecycling.com\/es\/wp-json\/wp\/v2\/categories?post=4795"},{"taxonomy":"post_tag","embeddable":true,"href":"https:\/\/www.welovecycling.com\/es\/wp-json\/wp\/v2\/tags?post=4795"},{"taxonomy":"global-categories","embeddable":true,"href":"https:\/\/www.welovecycling.com\/es\/wp-json\/wp\/v2\/global-categories?post=4795"}],"curies":[{"name":"wp","href":"https:\/\/api.w.org\/{rel}","templated":true}]}}