{"id":4785,"date":"2019-05-23T10:50:50","date_gmt":"2019-05-23T08:50:50","guid":{"rendered":"https:\/\/www.welovecycling.com\/es\/?p=4785"},"modified":"2019-05-23T10:50:50","modified_gmt":"2019-05-23T08:50:50","slug":"la-titan-desert-2019-en-fotos-y-videos","status":"publish","type":"post","link":"https:\/\/www.welovecycling.com\/es\/2019\/05\/23\/la-titan-desert-2019-en-fotos-y-videos\/","title":{"rendered":"La Titan Desert 2019 en fotos y v\u00eddeos"},"content":{"rendered":"<p><strong>La Titan Desert no deja a nadie indiferente. El desierto abruma y fascina al mismo tiempo. Por eso superar cada edici\u00f3n es un reto a la \u00e9pica y pone al l\u00edmite a los ciclistas. No es extra\u00f1o que la Titan Desert 2019 tambi\u00e9n haya dejado una lista de fotos y v\u00eddeos de impacto.<\/strong><!--more--><\/p>\n<p>El trabajo de los fot\u00f3grafos y de los medios de comunicaci\u00f3n de la Titan Desert sirve para acercar a los espectadores lo m\u00e1s espectacular de cada etapa y el esfuerzo de los ciclistas. Cualquiera desde su casa puede ver y casi palpar lo que cuesta superar una duna de arena o pedalear durante horas buscando la orientaci\u00f3n en el desierto.<\/p>\n<p><strong>En este v\u00eddeo puedes ver todo lo que sucedi\u00f3 y en fotos te hemos resumido las m\u00e1s espectaculares que realiz\u00f3 la organizaci\u00f3n en cada etapa.<\/p>\n<p><a href=\"http:\/\/www.rtve.es\/alacarta\/videos\/mountain-bike\/mountain-bike-1605\/5216058\/\">http:\/\/www.rtve.es\/alacarta\/videos\/mountain-bike\/mountain-bike-1605\/5216058\/<\/a><\/p>\n<p><\/strong><\/p>\n<lite-youtube videoid=oU4siBioMeY params=\"enablejsapi=1\" style=\"background-image: url('https:\/\/i.ytimg.com\/vi_webp\/oU4siBioMeY\/maxresdefault.webp');\"><\/lite-youtube>\n<p><strong><\/p>\n<p><span style=\"font-size: 24pt;\">ETAPA 1<\/span><br \/>\n<img loading=\"lazy\" decoding=\"async\" class=\"alignnone size-extra-large\" src=\"https:\/\/img.aso.fr\/core_app\/img-motorSports-ttd-jpg\/jrd-4740-21\/2823\/0:0,5000:3333-1000-0-70\/a2912\" width=\"1000\" height=\"667\" \/><img loading=\"lazy\" decoding=\"async\" class=\"alignnone size-extra-large\" src=\"https:\/\/img.aso.fr\/core_app\/img-motorSports-ttd-jpg\/jrd-4418-14\/2819\/0:0,5000:3333-1000-0-70\/662ac\" width=\"1000\" height=\"667\" \/><img loading=\"lazy\" decoding=\"async\" class=\"alignnone size-extra-large\" src=\"https:\/\/img.aso.fr\/core_app\/img-motorSports-ttd-jpg\/jrd-4308-12\/2816\/0:0,5000:3333-1000-0-70\/53a88\" width=\"1000\" height=\"667\" \/><img loading=\"lazy\" decoding=\"async\" class=\"alignnone size-extra-large\" src=\"https:\/\/img.aso.fr\/core_app\/img-motorSports-ttd-jpg\/foto5\/2757\/0:0,1600:1066-1000-0-70\/9a6ae\" width=\"1000\" height=\"666\" \/><img loading=\"lazy\" decoding=\"async\" class=\"alignnone size-extra-large\" src=\"https:\/\/img.aso.fr\/core_app\/img-motorSports-ttd-jpg\/ccn-1381-13\/2783\/0:0,6720:4480-1000-0-70\/63920\" width=\"1000\" height=\"667\" \/><\/p>\n<p><span style=\"font-size: 24pt;\">ETAPA 2<br \/>\n<img loading=\"lazy\" decoding=\"async\" class=\"alignnone size-extra-large\" src=\"https:\/\/img.aso.fr\/core_app\/img-motorSports-ttd-jpg\/jrd-6573-9\/2929\/0:0,5184:3456-1000-0-70\/11a6d\" width=\"1000\" height=\"667\" \/><img loading=\"lazy\" decoding=\"async\" class=\"alignnone size-extra-large\" src=\"https:\/\/img.aso.fr\/core_app\/img-motorSports-ttd-jpg\/jrd-6578-10\/2928\/0:0,5184:3456-1000-0-70\/4ad6a\" width=\"1000\" height=\"667\" \/><img loading=\"lazy\" decoding=\"async\" class=\"alignnone size-extra-large\" src=\"https:\/\/img.aso.fr\/core_app\/img-motorSports-ttd-jpg\/jrd-6570-8\/2925\/0:0,5184:3456-1000-0-70\/acc20\" width=\"1000\" height=\"667\" \/><img loading=\"lazy\" decoding=\"async\" class=\"alignnone size-extra-large\" src=\"https:\/\/img.aso.fr\/core_app\/img-motorSports-ttd-jpg\/jrd-6341-24\/2919\/0:0,5000:3333-1000-0-70\/143a3\" width=\"1000\" height=\"667\" \/><\/span><span style=\"font-size: 24pt;\"><br \/>\nETAPA 4<br \/>\n<img loading=\"lazy\" decoding=\"async\" class=\"alignnone size-extra-large\" src=\"https:\/\/img.aso.fr\/core_app\/img-motorSports-ttd-jpg\/jrd-8030\/2987\/0:0,2048:1365-1000-0-70\/04255\" width=\"1000\" height=\"667\" \/><\/span><img loading=\"lazy\" decoding=\"async\" class=\"alignnone size-extra-large\" src=\"https:\/\/img.aso.fr\/core_app\/img-motorSports-ttd-jpg\/jrd-7981\/2979\/0:0,2048:1365-1000-0-70\/25c7e\" width=\"1000\" height=\"667\" \/><img loading=\"lazy\" decoding=\"async\" class=\"alignnone size-extra-large\" src=\"https:\/\/img.aso.fr\/core_app\/img-motorSports-ttd-jpg\/jrd-7778\/2970\/0:0,2048:1365-1000-0-70\/c3bfa\" width=\"1000\" height=\"667\" \/><img loading=\"lazy\" decoding=\"async\" class=\"alignnone size-extra-large\" src=\"https:\/\/img.aso.fr\/core_app\/img-motorSports-ttd-jpg\/29042019-titan-2019-i-dia-2-63369\/2956\/0:0,2048:1365-1000-0-70\/53b86\" width=\"1000\" height=\"667\" \/><img loading=\"lazy\" decoding=\"async\" class=\"alignnone size-extra-large\" src=\"https:\/\/img.aso.fr\/core_app\/img-motorSports-ttd-jpg\/img-3542\/2947\/0:0,2600:1732-1000-0-70\/5a7be\" width=\"1000\" height=\"666\" \/><\/p>\n<p><span style=\"font-size: 24pt;\">ETAPA 5<\/span><br \/>\n<img loading=\"lazy\" decoding=\"async\" class=\"alignnone size-extra-large\" src=\"https:\/\/img.aso.fr\/core_app\/img-motorSports-ttd-jpg\/jrd-9444-32\/3039\/0:0,5184:3456-1000-0-70\/beb05\" width=\"1000\" height=\"667\" \/><img loading=\"lazy\" decoding=\"async\" class=\"alignnone size-extra-large\" src=\"https:\/\/img.aso.fr\/core_app\/img-motorSports-ttd-jpg\/jrd-9165-28\/3035\/0:0,5184:3456-1000-0-70\/8495f\" width=\"1000\" height=\"667\" \/><img loading=\"lazy\" decoding=\"async\" class=\"alignnone size-extra-large\" src=\"https:\/\/img.aso.fr\/core_app\/img-motorSports-ttd-jpg\/jrd-8651-13\/3020\/0:0,5184:3456-1000-0-70\/53fed\" width=\"1000\" height=\"667\" \/><img loading=\"lazy\" decoding=\"async\" class=\"alignnone size-extra-large\" src=\"https:\/\/img.aso.fr\/core_app\/img-motorSports-ttd-jpg\/jrd-8520-6\/3008\/0:0,5184:3456-1000-0-70\/7e174\" width=\"1000\" height=\"667\" \/><br \/>\n<span style=\"font-size: 24pt;\">ETAPA 6<br \/>\n<img loading=\"lazy\" decoding=\"async\" class=\"alignnone size-extra-large\" src=\"https:\/\/img.aso.fr\/core_app\/img-motorSports-ttd-jpg\/jrd-0515-31\/3074\/0:0,5000:3333-1000-0-70\/f4c95\" width=\"1000\" height=\"667\" \/><img loading=\"lazy\" decoding=\"async\" class=\"alignnone size-extra-large\" src=\"https:\/\/img.aso.fr\/core_app\/img-motorSports-ttd-jpg\/jrd-0568-34\/3072\/0:0,5184:3456-1000-0-70\/c8fd8\" width=\"1000\" height=\"667\" \/><img loading=\"lazy\" decoding=\"async\" class=\"alignnone size-extra-large\" src=\"https:\/\/img.aso.fr\/core_app\/img-motorSports-ttd-jpg\/jrd-0107-5\/3061\/0:0,5184:3456-1000-0-70\/0e9d5\" width=\"1000\" height=\"667\" \/><img loading=\"lazy\" decoding=\"async\" class=\"alignnone size-extra-large\" src=\"https:\/\/img.aso.fr\/core_app\/img-motorSports-ttd-jpg\/jrd-0350-19\/3065\/0:0,5184:3456-1000-0-70\/fe1d0\" width=\"1000\" height=\"667\" \/><img loading=\"lazy\" decoding=\"async\" class=\"alignnone size-extra-large\" src=\"https:\/\/img.aso.fr\/core_app\/img-motorSports-ttd-jpg\/ccn-6076\/3046\/0:0,2000:1333-1000-0-70\/f3c52\" width=\"1000\" height=\"667\" \/><\/span><br \/>\n<\/strong><\/p>\n","protected":false},"excerpt":{"rendered":"<p>La Titan Desert no deja a nadie indiferente. El desierto abruma y fascina al mismo tiempo. Por eso superar cada [&hellip;]<\/p>\n","protected":false},"author":29,"featured_media":4787,"comment_status":"open","ping_status":"open","sticky":false,"template":"","format":"standard","meta":{"footnotes":""},"categories":[9],"tags":[1035,855,1036],"global-categories":[],"class_list":["post-4785","post","type-post","status-publish","format-standard","has-post-thumbnail","hentry","category-mtb-aventura","tag-fotos-titan-desert","tag-titan-desert-2019","tag-videos-titan-desert"],"yoast_head":"<!-- This site is optimized with the Yoast SEO Premium plugin v25.3 (Yoast SEO v25.9) - https:\/\/yoast.com\/wordpress\/plugins\/seo\/ -->\n<title>La Titan Desert 2019 en fotos y v\u00eddeos - \u0160koda We Love Cycling - Spain<\/title>\n<meta name=\"description\" content=\"La Titan Desert 2019 en fotos y videos. Las im\u00e1genes m\u00e1s espectaculares e impactantes de la edici\u00f3nde de la batalla del desierto 2019\" \/>\n<meta name=\"robots\" content=\"index, follow, max-snippet:-1, max-image-preview:large, max-video-preview:-1\" \/>\n<link rel=\"canonical\" href=\"https:\/\/www.welovecycling.com\/es\/2019\/05\/23\/la-titan-desert-2019-en-fotos-y-videos\/\" \/>\n<meta property=\"og:locale\" content=\"es_ES\" \/>\n<meta property=\"og:type\" content=\"article\" \/>\n<meta property=\"og:title\" content=\"La Titan Desert 2019 en fotos y videos\" \/>\n<meta property=\"og:description\" content=\"La Titan Desert 2019 en fotos y videos. Las im\u00e1genes m\u00e1s espectaculares e impactantes de la edici\u00f3nde de la batalla del desierto 2019\" \/>\n<meta property=\"og:url\" content=\"https:\/\/www.welovecycling.com\/es\/2019\/05\/23\/la-titan-desert-2019-en-fotos-y-videos\/\" \/>\n<meta property=\"og:site_name\" content=\"\u0160koda We Love Cycling - Spain\" \/>\n<meta property=\"article:published_time\" content=\"2019-05-23T08:50:50+00:00\" \/>\n<meta property=\"og:image\" content=\"https:\/\/d2p6e6u75xmxt8.cloudfront.net\/6\/2019\/05\/Titan-Desert-2019.jpg\" \/>\n\t<meta property=\"og:image:width\" content=\"1000\" \/>\n\t<meta property=\"og:image:height\" content=\"667\" \/>\n\t<meta property=\"og:image:type\" content=\"image\/jpeg\" \/>\n<meta name=\"author\" content=\"We Love Cycling Spain\" \/>\n<meta name=\"twitter:card\" content=\"summary_large_image\" \/>\n<meta name=\"twitter:title\" content=\"La Titan Desert 2019 en fotos y videos\" \/>\n<meta name=\"twitter:description\" content=\"La Titan Desert 2019 en fotos y videos. Las im\u00e1genes m\u00e1s espectaculares e impactantes de la edici\u00f3nde de la batalla del desierto 2019\" \/>\n<meta name=\"twitter:label1\" content=\"Written by\" \/>\n\t<meta name=\"twitter:data1\" content=\"Luis Ortega @ciclored\" \/>\n\t<meta name=\"twitter:label2\" content=\"Est. reading time\" \/>\n\t<meta name=\"twitter:data2\" content=\"1 minute\" \/>\n<script type=\"application\/ld+json\" class=\"yoast-schema-graph\">{\"@context\":\"https:\/\/schema.org\",\"@graph\":[{\"@type\":\"WebPage\",\"@id\":\"https:\/\/www.welovecycling.com\/es\/2019\/05\/23\/la-titan-desert-2019-en-fotos-y-videos\/\",\"url\":\"https:\/\/www.welovecycling.com\/es\/2019\/05\/23\/la-titan-desert-2019-en-fotos-y-videos\/\",\"name\":\"La Titan Desert 2019 en fotos y v\u00eddeos - \u0160koda We Love Cycling - Spain\",\"isPartOf\":{\"@id\":\"https:\/\/www.welovecycling.com\/es\/#website\"},\"primaryImageOfPage\":{\"@id\":\"https:\/\/www.welovecycling.com\/es\/2019\/05\/23\/la-titan-desert-2019-en-fotos-y-videos\/#primaryimage\"},\"image\":{\"@id\":\"https:\/\/www.welovecycling.com\/es\/2019\/05\/23\/la-titan-desert-2019-en-fotos-y-videos\/#primaryimage\"},\"thumbnailUrl\":\"https:\/\/d2p6e6u75xmxt8.cloudfront.net\/6\/2019\/05\/Titan-Desert-2019.jpg\",\"datePublished\":\"2019-05-23T08:50:50+00:00\",\"author\":{\"@id\":\"https:\/\/www.welovecycling.com\/es\/#\/schema\/person\/deb61715b5812698ee79fb96f343ccd4\"},\"description\":\"La Titan Desert 2019 en fotos y videos. Las im\u00e1genes m\u00e1s espectaculares e impactantes de la edici\u00f3nde de la batalla del desierto 2019\",\"breadcrumb\":{\"@id\":\"https:\/\/www.welovecycling.com\/es\/2019\/05\/23\/la-titan-desert-2019-en-fotos-y-videos\/#breadcrumb\"},\"inLanguage\":\"es-ES\",\"potentialAction\":[{\"@type\":\"ReadAction\",\"target\":[\"https:\/\/www.welovecycling.com\/es\/2019\/05\/23\/la-titan-desert-2019-en-fotos-y-videos\/\"]}]},{\"@type\":\"ImageObject\",\"inLanguage\":\"es-ES\",\"@id\":\"https:\/\/www.welovecycling.com\/es\/2019\/05\/23\/la-titan-desert-2019-en-fotos-y-videos\/#primaryimage\",\"url\":\"https:\/\/d2p6e6u75xmxt8.cloudfront.net\/6\/2019\/05\/Titan-Desert-2019.jpg\",\"contentUrl\":\"https:\/\/d2p6e6u75xmxt8.cloudfront.net\/6\/2019\/05\/Titan-Desert-2019.jpg\",\"width\":1000,\"height\":667},{\"@type\":\"BreadcrumbList\",\"@id\":\"https:\/\/www.welovecycling.com\/es\/2019\/05\/23\/la-titan-desert-2019-en-fotos-y-videos\/#breadcrumb\",\"itemListElement\":[{\"@type\":\"ListItem\",\"position\":1,\"name\":\"Home\",\"item\":\"https:\/\/www.welovecycling.com\/es\/\"},{\"@type\":\"ListItem\",\"position\":2,\"name\":\"La Titan Desert 2019 en fotos y v\u00eddeos\"}]},{\"@type\":\"WebSite\",\"@id\":\"https:\/\/www.welovecycling.com\/es\/#website\",\"url\":\"https:\/\/www.welovecycling.com\/es\/\",\"name\":\"\u0160koda We Love Cycling - Spain\",\"description\":\"\u0160koda WeLoveCycling Spain\",\"potentialAction\":[{\"@type\":\"SearchAction\",\"target\":{\"@type\":\"EntryPoint\",\"urlTemplate\":\"https:\/\/www.welovecycling.com\/es\/?s={search_term_string}\"},\"query-input\":{\"@type\":\"PropertyValueSpecification\",\"valueRequired\":true,\"valueName\":\"search_term_string\"}}],\"inLanguage\":\"es-ES\"},{\"@type\":\"Person\",\"@id\":\"https:\/\/www.welovecycling.com\/es\/#\/schema\/person\/deb61715b5812698ee79fb96f343ccd4\",\"name\":\"We Love Cycling Spain\",\"image\":{\"@type\":\"ImageObject\",\"inLanguage\":\"es-ES\",\"@id\":\"https:\/\/www.welovecycling.com\/es\/#\/schema\/person\/image\/\",\"url\":\"https:\/\/secure.gravatar.com\/avatar\/c824b04e6df0e37a03219d0b6481672889df542894588964102459e46513159c?s=96&d=mm&r=g\",\"contentUrl\":\"https:\/\/secure.gravatar.com\/avatar\/c824b04e6df0e37a03219d0b6481672889df542894588964102459e46513159c?s=96&d=mm&r=g\",\"caption\":\"We Love Cycling Spain\"},\"url\":\"https:\/\/www.welovecycling.com\/es\/author\/amunoz\/\"}]}<\/script>\n<!-- \/ Yoast SEO Premium plugin. -->","yoast_head_json":{"title":"La Titan Desert 2019 en fotos y v\u00eddeos - \u0160koda We Love Cycling - Spain","description":"La Titan Desert 2019 en fotos y videos. Las im\u00e1genes m\u00e1s espectaculares e impactantes de la edici\u00f3nde de la batalla del desierto 2019","robots":{"index":"index","follow":"follow","max-snippet":"max-snippet:-1","max-image-preview":"max-image-preview:large","max-video-preview":"max-video-preview:-1"},"canonical":"https:\/\/www.welovecycling.com\/es\/2019\/05\/23\/la-titan-desert-2019-en-fotos-y-videos\/","og_locale":"es_ES","og_type":"article","og_title":"La Titan Desert 2019 en fotos y videos","og_description":"La Titan Desert 2019 en fotos y videos. Las im\u00e1genes m\u00e1s espectaculares e impactantes de la edici\u00f3nde de la batalla del desierto 2019","og_url":"https:\/\/www.welovecycling.com\/es\/2019\/05\/23\/la-titan-desert-2019-en-fotos-y-videos\/","og_site_name":"\u0160koda We Love Cycling - Spain","article_published_time":"2019-05-23T08:50:50+00:00","og_image":[{"width":1000,"height":667,"url":"https:\/\/d2p6e6u75xmxt8.cloudfront.net\/6\/2019\/05\/Titan-Desert-2019.jpg","type":"image\/jpeg"}],"author":"We Love Cycling Spain","twitter_card":"summary_large_image","twitter_title":"La Titan Desert 2019 en fotos y videos","twitter_description":"La Titan Desert 2019 en fotos y videos. Las im\u00e1genes m\u00e1s espectaculares e impactantes de la edici\u00f3nde de la batalla del desierto 2019","twitter_misc":{"Written by":"Luis Ortega @ciclored","Est. reading time":"1 minute"},"schema":{"@context":"https:\/\/schema.org","@graph":[{"@type":"WebPage","@id":"https:\/\/www.welovecycling.com\/es\/2019\/05\/23\/la-titan-desert-2019-en-fotos-y-videos\/","url":"https:\/\/www.welovecycling.com\/es\/2019\/05\/23\/la-titan-desert-2019-en-fotos-y-videos\/","name":"La Titan Desert 2019 en fotos y v\u00eddeos - \u0160koda We Love Cycling - Spain","isPartOf":{"@id":"https:\/\/www.welovecycling.com\/es\/#website"},"primaryImageOfPage":{"@id":"https:\/\/www.welovecycling.com\/es\/2019\/05\/23\/la-titan-desert-2019-en-fotos-y-videos\/#primaryimage"},"image":{"@id":"https:\/\/www.welovecycling.com\/es\/2019\/05\/23\/la-titan-desert-2019-en-fotos-y-videos\/#primaryimage"},"thumbnailUrl":"https:\/\/d2p6e6u75xmxt8.cloudfront.net\/6\/2019\/05\/Titan-Desert-2019.jpg","datePublished":"2019-05-23T08:50:50+00:00","author":{"@id":"https:\/\/www.welovecycling.com\/es\/#\/schema\/person\/deb61715b5812698ee79fb96f343ccd4"},"description":"La Titan Desert 2019 en fotos y videos. Las im\u00e1genes m\u00e1s espectaculares e impactantes de la edici\u00f3nde de la batalla del desierto 2019","breadcrumb":{"@id":"https:\/\/www.welovecycling.com\/es\/2019\/05\/23\/la-titan-desert-2019-en-fotos-y-videos\/#breadcrumb"},"inLanguage":"es-ES","potentialAction":[{"@type":"ReadAction","target":["https:\/\/www.welovecycling.com\/es\/2019\/05\/23\/la-titan-desert-2019-en-fotos-y-videos\/"]}]},{"@type":"ImageObject","inLanguage":"es-ES","@id":"https:\/\/www.welovecycling.com\/es\/2019\/05\/23\/la-titan-desert-2019-en-fotos-y-videos\/#primaryimage","url":"https:\/\/d2p6e6u75xmxt8.cloudfront.net\/6\/2019\/05\/Titan-Desert-2019.jpg","contentUrl":"https:\/\/d2p6e6u75xmxt8.cloudfront.net\/6\/2019\/05\/Titan-Desert-2019.jpg","width":1000,"height":667},{"@type":"BreadcrumbList","@id":"https:\/\/www.welovecycling.com\/es\/2019\/05\/23\/la-titan-desert-2019-en-fotos-y-videos\/#breadcrumb","itemListElement":[{"@type":"ListItem","position":1,"name":"Home","item":"https:\/\/www.welovecycling.com\/es\/"},{"@type":"ListItem","position":2,"name":"La Titan Desert 2019 en fotos y v\u00eddeos"}]},{"@type":"WebSite","@id":"https:\/\/www.welovecycling.com\/es\/#website","url":"https:\/\/www.welovecycling.com\/es\/","name":"\u0160koda We Love Cycling - Spain","description":"\u0160koda WeLoveCycling Spain","potentialAction":[{"@type":"SearchAction","target":{"@type":"EntryPoint","urlTemplate":"https:\/\/www.welovecycling.com\/es\/?s={search_term_string}"},"query-input":{"@type":"PropertyValueSpecification","valueRequired":true,"valueName":"search_term_string"}}],"inLanguage":"es-ES"},{"@type":"Person","@id":"https:\/\/www.welovecycling.com\/es\/#\/schema\/person\/deb61715b5812698ee79fb96f343ccd4","name":"We Love Cycling Spain","image":{"@type":"ImageObject","inLanguage":"es-ES","@id":"https:\/\/www.welovecycling.com\/es\/#\/schema\/person\/image\/","url":"https:\/\/secure.gravatar.com\/avatar\/c824b04e6df0e37a03219d0b6481672889df542894588964102459e46513159c?s=96&d=mm&r=g","contentUrl":"https:\/\/secure.gravatar.com\/avatar\/c824b04e6df0e37a03219d0b6481672889df542894588964102459e46513159c?s=96&d=mm&r=g","caption":"We Love Cycling Spain"},"url":"https:\/\/www.welovecycling.com\/es\/author\/amunoz\/"}]}},"_links":{"self":[{"href":"https:\/\/www.welovecycling.com\/es\/wp-json\/wp\/v2\/posts\/4785","targetHints":{"allow":["GET"]}}],"collection":[{"href":"https:\/\/www.welovecycling.com\/es\/wp-json\/wp\/v2\/posts"}],"about":[{"href":"https:\/\/www.welovecycling.com\/es\/wp-json\/wp\/v2\/types\/post"}],"author":[{"embeddable":true,"href":"https:\/\/www.welovecycling.com\/es\/wp-json\/wp\/v2\/users\/29"}],"replies":[{"embeddable":true,"href":"https:\/\/www.welovecycling.com\/es\/wp-json\/wp\/v2\/comments?post=4785"}],"version-history":[{"count":1,"href":"https:\/\/www.welovecycling.com\/es\/wp-json\/wp\/v2\/posts\/4785\/revisions"}],"predecessor-version":[{"id":4788,"href":"https:\/\/www.welovecycling.com\/es\/wp-json\/wp\/v2\/posts\/4785\/revisions\/4788"}],"wp:featuredmedia":[{"embeddable":true,"href":"https:\/\/www.welovecycling.com\/es\/wp-json\/wp\/v2\/media\/4787"}],"wp:attachment":[{"href":"https:\/\/www.welovecycling.com\/es\/wp-json\/wp\/v2\/media?parent=4785"}],"wp:term":[{"taxonomy":"category","embeddable":true,"href":"https:\/\/www.welovecycling.com\/es\/wp-json\/wp\/v2\/categories?post=4785"},{"taxonomy":"post_tag","embeddable":true,"href":"https:\/\/www.welovecycling.com\/es\/wp-json\/wp\/v2\/tags?post=4785"},{"taxonomy":"global-categories","embeddable":true,"href":"https:\/\/www.welovecycling.com\/es\/wp-json\/wp\/v2\/global-categories?post=4785"}],"curies":[{"name":"wp","href":"https:\/\/api.w.org\/{rel}","templated":true}]}}