{"id":4782,"date":"2019-05-21T16:23:54","date_gmt":"2019-05-21T14:23:54","guid":{"rendered":"https:\/\/www.welovecycling.com\/es\/?p=4782"},"modified":"2019-05-21T16:23:54","modified_gmt":"2019-05-21T14:23:54","slug":"giro-italia-2019-etapas-montana","status":"publish","type":"post","link":"https:\/\/www.welovecycling.com\/es\/2019\/05\/21\/giro-italia-2019-etapas-montana\/","title":{"rendered":"Giro de Italia 2019. Las etapas de alta monta\u00f1a"},"content":{"rendered":"<p><strong>El Giro de Italia 2019 entra en su fase decisiva y ahora llega la oportunidad de los escaladores para destronar a Primoz Roglic, que en la primera parte de la carrera ha sido el gran dominador. Desde el viernes 24 de mayo, en la etapa 13, llega la alta monta\u00f1a con el final en el Lago Serr\u00fa. A partir de ah\u00ed ser\u00e1 un s\u00e1lvese quien pueda hasta la jornada final de Verona, con la \u00faltima crono de 17 kil\u00f3metros.<\/strong><!--more--><\/p>\n<p><strong>ETAPA 13. PINEROLO &#8211; LAGO SERR\u00da<br \/>\nViernes 24 de mayo<br \/>\n<img loading=\"lazy\" decoding=\"async\" class=\"alignnone size-extra-large\" src=\"https:\/\/static2.giroditalia.it\/wp-content\/uploads\/2018\/10\/G19_T13_CeresoleR_alt_jpg.jpg\" width=\"1200\" height=\"660\" \/><br \/>\n<\/strong><\/p>\n<p>La primera gran etapa alpina del Giro de Italia 2019 y que viene precedida por un aperitivo entre Cuneo y Pinerolo peligroso. Recorrer\u00e1 el Piamonte de sur a norte con casi 200 kil\u00f3metros para terminar en el bello <strong>Lago Serr\u00fa,<\/strong> a un paso de la frontera con Francia y el Iseran, lo que asegura nieve en la cima, que est\u00e1 a 2.247 metros de altitud. Es una etapa cl\u00e1sica de monta\u00f1a. Dos puertos iniciales no demasiados altos, ninguno por encima de 1.500 metros, Col de Lys y Pian de Lupo, pero con varios kil\u00f3metros por encima del 10%. Servir\u00e1n para acumular metros de desnivel hasta la largu\u00edsima subida final al <a href=\"http:\/\/www.giroditalia.it\/es\/etapa\/etapa-13-2019\/\">Lago Serr\u00fa<\/a>. Son casi 40 kil\u00f3metros de continua ascensi\u00f3n, los 20 \u00faltimos como un aut\u00e9ntico puerto y los 6 finales con una media del 9,2%. Ideal para un escalador con fondo.<\/p>\n<p><strong>ETAPA 14. SAINT VINCENT &#8211; COURMAYEUR<br \/>\nS\u00e1bado 25 de mayo<br \/>\n<img loading=\"lazy\" decoding=\"async\" class=\"alignnone size-extra-large\" src=\"https:\/\/static2.giroditalia.it\/wp-content\/uploads\/2018\/10\/G19_T14_Courmayeur_alt_jpeg.jpg\" width=\"1200\" height=\"660\" \/><br \/>\n<\/strong><\/p>\n<p>La segunda etapa alpina del Giro es corta, 131 kil\u00f3metros, pero sin descansos. Un aut\u00e9ntico tobog\u00e1n entre Saint Vincent y Courmayeur recorriendo el valle de Aosta para terminar al pie del Mont Blanc. Un d\u00eda perfecto para emboscadas y lanzar la carrera desde el inicio. Nada m\u00e1s salir la subida a Verrayes, despu\u00e9s del duro Verrogne (14 km al 7%), Truc de Arbe y la subida clave, el <a href=\"http:\/\/www.giroditalia.it\/es\/etapa\/etapa-14-2019\/\">Colle de San Carlo,<\/a> un aut\u00e9ntico puerto &#8216;perfecto&#8217;. 10,5 kil\u00f3metros al 9,8% de media y lo mejor, constantes. Sin descansos. De esos en los que si te abres de piernas puedes perder una minutada. Y no solo en la subida, sino en la bajada y el remate final de nueve kil\u00f3metros hasta Courmayeur.<\/p>\n<p><strong>ETAPA 15. IVREA-LAGO DE COMO<br \/>\nDomingo 26 de mayo<br \/>\n<img loading=\"lazy\" decoding=\"async\" class=\"alignnone size-extra-large\" src=\"https:\/\/static2.giroditalia.it\/wp-content\/uploads\/2018\/10\/G19_T15_Como_alt_jpeg.jpg\" width=\"1200\" height=\"660\" \/><br \/>\n<\/strong><\/p>\n<p>La tercera etapa seguida con dureza. Y no es una de alta monta\u00f1a, sino un Giro de Lombardia en toda regla. 232 kil\u00f3metros y con toda la dureza en la parte final del recorrido. Primero 165 kil\u00f3metros m\u00e1s o menos planos hasta el Lago de Como y despu\u00e9s la traca final sin descanso. Madonna del Ghisallo, descenso para subir a la Colma de Sormano (sin el muro), transici\u00f3n hasta <a href=\"http:\/\/www.giroditalia.it\/es\/etapa\/etapa-15-2019\/\">Como y el Civiglio<\/a>. Para los que no lo recuerden es el puerto donde se decidieron las dos \u00faltimas ediciones de Lombardia y que conoce a la perfecci\u00f3n Vincenzo Nibali.\u00a0 Solo 4,2 kil\u00f3metros pero con una media del 10% constante. Suficiente para romper a los m\u00e1s d\u00e9biles y jugarsela en la bajada, de las m\u00e1s peligrosas de este Giro.<\/p>\n<p><strong>ETAPA 16. LOVERE-PONTE DI LEGNO<br \/>\nMartes 28 de mayo<img loading=\"lazy\" decoding=\"async\" class=\"alignnone size-extra-large\" src=\"https:\/\/static2.giroditalia.it\/wp-content\/uploads\/2018\/10\/G19_T16_PonteDiLegno_alt.jpg\" width=\"1200\" height=\"660\" \/><\/strong>Si tienes que elegir un d\u00eda para ponerte enfermo y no ir al trabajo es este. Cuarto d\u00eda de esfuerzo y despu\u00e9s de una etapa de descanso. 226 kil\u00f3metros con <a href=\"http:\/\/www.giroditalia.it\/es\/etapa\/etapa-16-2019\/\">Gavia y Mortirolo<\/a> por sus vertientes m\u00e1s m\u00edticas. Qu\u00e9 m\u00e1s se puede pedir a un Giro de Italia. Llama a la \u00e9pica y a rememorar gestas de anta\u00f1o. Y quiz\u00e1s la etapa ofrezca estampas como en 1988 o 2014, cuando se ascendi\u00f3 el Gavia entre paredes de nieve.\u00a0 Los primeros 100 kil\u00f3metros con la subida a Presolana servir\u00e1n para hacer la fuga del d\u00eda y el Gavia, con sus 18 kil\u00f3metros al 8% romper\u00e1n la carrera. Descenso hasta Bormio, repechos hasta Mazzo di Valtellina y all\u00ed el Mortirolo, con su parte central al 13% terminar\u00e1 de decidirlo todo. El descenso estrecho hasta \u00c9dolo tambi\u00e9n dar\u00e1 juego, igual que los 15 kil\u00f3metros finales en continua subida hasta Ponte di Legno.<\/p>\n<p><strong>ETAPA 20. FELTRE-MONTE AVENA<br \/>\nS\u00e1bado 1 de junio<br \/>\n<img loading=\"lazy\" decoding=\"async\" class=\"alignnone size-extra-large\" src=\"https:\/\/static2.giroditalia.it\/wp-content\/uploads\/2018\/10\/G19_T20_CrocedAune_alt.jpg\" width=\"1200\" height=\"660\" \/><br \/>\n<\/strong>Es la \u00faltima etapa de alta monta\u00f1a pero los favoritos llegar\u00e1n con cansancio acumulado de los d\u00edas previos. Y es que la transici\u00f3n desde la jornada del Gavia pasa por una etapa en Dolomitas, otra plana y la subida final a San Martino di Castroza del viernes. As\u00ed que para los 194 kil\u00f3metros circulares entre Feltre y Monte Avena las fuerzas van a estar muy justas. En el coraz\u00f3n de los <a href=\"http:\/\/www.giroditalia.it\/es\/etapa\/etapa-20-2019\/\">Dolomitas y sin tiempo para recuperar<\/a>. De salida la Cima Campo, 20 km al 6%, despu\u00e9s el m\u00edtico Manghen, con 18 kil\u00f3metros al 7% pero los \u00faltimos 6 con una media mantenida del 10%. Passo de Rolle, otros 20 kil\u00f3metros de subida y encadenado final con el Croce de Auna y el Monte Avena, 7 kil\u00f3metros al 7% y con la l\u00ednea de meta al final.<\/p>\n","protected":false},"excerpt":{"rendered":"<p>El Giro de Italia 2019 entra en su fase decisiva y ahora llega la oportunidad de los escaladores para destronar [&hellip;]<\/p>\n","protected":false},"author":29,"featured_media":4783,"comment_status":"open","ping_status":"open","sticky":false,"template":"","format":"standard","meta":{"footnotes":""},"categories":[7],"tags":[1032,1033,1029,1030,1031,1034],"global-categories":[],"class_list":["post-4782","post","type-post","status-publish","format-standard","has-post-thumbnail","hentry","category-carretera","tag-etapas-giro-italia-2019","tag-etapas-montanas-giro-2019","tag-giro","tag-giro-2019","tag-giro-italia-2019","tag-puertos-giro-2019"],"yoast_head":"<!-- This site is optimized with the Yoast SEO Premium plugin v25.3 (Yoast SEO v25.9) - https:\/\/yoast.com\/wordpress\/plugins\/seo\/ -->\n<title>Giro de Italia 2019. Las etapas de alta monta\u00f1a - \u0160koda We Love Cycling - Spain<\/title>\n<meta name=\"description\" content=\"Giro de Italia 2019. Las etapas de alta monta\u00f1a. Las jornadas decisivas del Giro. Del Gavia al Mortirolo pasando por el Colle de San Carlo.\" \/>\n<meta name=\"robots\" content=\"index, follow, max-snippet:-1, max-image-preview:large, max-video-preview:-1\" \/>\n<link rel=\"canonical\" href=\"https:\/\/www.welovecycling.com\/es\/2019\/05\/21\/giro-italia-2019-etapas-montana\/\" \/>\n<meta property=\"og:locale\" content=\"es_ES\" \/>\n<meta property=\"og:type\" content=\"article\" \/>\n<meta property=\"og:title\" content=\"Giro de Italia 2019. Las etapas de alta monta\u00f1a\" \/>\n<meta property=\"og:description\" content=\"Giro de Italia 2019. Las etapas de alta monta\u00f1a. Las jornadas decisivas del Giro. Del Gavia al Mortirolo pasando por el Colle de San Carlo.\" \/>\n<meta property=\"og:url\" content=\"https:\/\/www.welovecycling.com\/es\/2019\/05\/21\/giro-italia-2019-etapas-montana\/\" \/>\n<meta property=\"og:site_name\" content=\"\u0160koda We Love Cycling - Spain\" \/>\n<meta property=\"article:published_time\" content=\"2019-05-21T14:23:54+00:00\" \/>\n<meta property=\"og:image\" content=\"https:\/\/d2p6e6u75xmxt8.cloudfront.net\/6\/2019\/05\/MARATONA-2018-4.JPG.jpg\" \/>\n\t<meta property=\"og:image:width\" content=\"1024\" \/>\n\t<meta property=\"og:image:height\" content=\"721\" \/>\n\t<meta property=\"og:image:type\" content=\"image\/jpeg\" \/>\n<meta name=\"author\" content=\"We Love Cycling Spain\" \/>\n<meta name=\"twitter:card\" content=\"summary_large_image\" \/>\n<meta name=\"twitter:title\" content=\"Giro de Italia 2019. Las etapas de alta monta\u00f1a\" \/>\n<meta name=\"twitter:description\" content=\"Giro de Italia 2019. Las etapas de alta monta\u00f1a. Las jornadas decisivas del Giro. Del Gavia al Mortirolo pasando por el Colle de San Carlo.\" \/>\n<meta name=\"twitter:label1\" content=\"Written by\" \/>\n\t<meta name=\"twitter:data1\" content=\"Luis Ortega @ciclored\" \/>\n\t<meta name=\"twitter:label2\" content=\"Est. reading time\" \/>\n\t<meta name=\"twitter:data2\" content=\"4 minutes\" \/>\n<script type=\"application\/ld+json\" class=\"yoast-schema-graph\">{\"@context\":\"https:\/\/schema.org\",\"@graph\":[{\"@type\":\"WebPage\",\"@id\":\"https:\/\/www.welovecycling.com\/es\/2019\/05\/21\/giro-italia-2019-etapas-montana\/\",\"url\":\"https:\/\/www.welovecycling.com\/es\/2019\/05\/21\/giro-italia-2019-etapas-montana\/\",\"name\":\"Giro de Italia 2019. Las etapas de alta monta\u00f1a - \u0160koda We Love Cycling - Spain\",\"isPartOf\":{\"@id\":\"https:\/\/www.welovecycling.com\/es\/#website\"},\"primaryImageOfPage\":{\"@id\":\"https:\/\/www.welovecycling.com\/es\/2019\/05\/21\/giro-italia-2019-etapas-montana\/#primaryimage\"},\"image\":{\"@id\":\"https:\/\/www.welovecycling.com\/es\/2019\/05\/21\/giro-italia-2019-etapas-montana\/#primaryimage\"},\"thumbnailUrl\":\"https:\/\/d2p6e6u75xmxt8.cloudfront.net\/6\/2019\/05\/MARATONA-2018-4.JPG.jpg\",\"datePublished\":\"2019-05-21T14:23:54+00:00\",\"author\":{\"@id\":\"https:\/\/www.welovecycling.com\/es\/#\/schema\/person\/deb61715b5812698ee79fb96f343ccd4\"},\"description\":\"Giro de Italia 2019. Las etapas de alta monta\u00f1a. Las jornadas decisivas del Giro. Del Gavia al Mortirolo pasando por el Colle de San Carlo.\",\"breadcrumb\":{\"@id\":\"https:\/\/www.welovecycling.com\/es\/2019\/05\/21\/giro-italia-2019-etapas-montana\/#breadcrumb\"},\"inLanguage\":\"es-ES\",\"potentialAction\":[{\"@type\":\"ReadAction\",\"target\":[\"https:\/\/www.welovecycling.com\/es\/2019\/05\/21\/giro-italia-2019-etapas-montana\/\"]}]},{\"@type\":\"ImageObject\",\"inLanguage\":\"es-ES\",\"@id\":\"https:\/\/www.welovecycling.com\/es\/2019\/05\/21\/giro-italia-2019-etapas-montana\/#primaryimage\",\"url\":\"https:\/\/d2p6e6u75xmxt8.cloudfront.net\/6\/2019\/05\/MARATONA-2018-4.JPG.jpg\",\"contentUrl\":\"https:\/\/d2p6e6u75xmxt8.cloudfront.net\/6\/2019\/05\/MARATONA-2018-4.JPG.jpg\",\"width\":1024,\"height\":721},{\"@type\":\"BreadcrumbList\",\"@id\":\"https:\/\/www.welovecycling.com\/es\/2019\/05\/21\/giro-italia-2019-etapas-montana\/#breadcrumb\",\"itemListElement\":[{\"@type\":\"ListItem\",\"position\":1,\"name\":\"Home\",\"item\":\"https:\/\/www.welovecycling.com\/es\/\"},{\"@type\":\"ListItem\",\"position\":2,\"name\":\"Giro de Italia 2019. Las etapas de alta monta\u00f1a\"}]},{\"@type\":\"WebSite\",\"@id\":\"https:\/\/www.welovecycling.com\/es\/#website\",\"url\":\"https:\/\/www.welovecycling.com\/es\/\",\"name\":\"\u0160koda We Love Cycling - Spain\",\"description\":\"\u0160koda WeLoveCycling Spain\",\"potentialAction\":[{\"@type\":\"SearchAction\",\"target\":{\"@type\":\"EntryPoint\",\"urlTemplate\":\"https:\/\/www.welovecycling.com\/es\/?s={search_term_string}\"},\"query-input\":{\"@type\":\"PropertyValueSpecification\",\"valueRequired\":true,\"valueName\":\"search_term_string\"}}],\"inLanguage\":\"es-ES\"},{\"@type\":\"Person\",\"@id\":\"https:\/\/www.welovecycling.com\/es\/#\/schema\/person\/deb61715b5812698ee79fb96f343ccd4\",\"name\":\"We Love Cycling Spain\",\"image\":{\"@type\":\"ImageObject\",\"inLanguage\":\"es-ES\",\"@id\":\"https:\/\/www.welovecycling.com\/es\/#\/schema\/person\/image\/\",\"url\":\"https:\/\/secure.gravatar.com\/avatar\/c824b04e6df0e37a03219d0b6481672889df542894588964102459e46513159c?s=96&d=mm&r=g\",\"contentUrl\":\"https:\/\/secure.gravatar.com\/avatar\/c824b04e6df0e37a03219d0b6481672889df542894588964102459e46513159c?s=96&d=mm&r=g\",\"caption\":\"We Love Cycling Spain\"},\"url\":\"https:\/\/www.welovecycling.com\/es\/author\/amunoz\/\"}]}<\/script>\n<!-- \/ Yoast SEO Premium plugin. -->","yoast_head_json":{"title":"Giro de Italia 2019. Las etapas de alta monta\u00f1a - \u0160koda We Love Cycling - Spain","description":"Giro de Italia 2019. Las etapas de alta monta\u00f1a. Las jornadas decisivas del Giro. Del Gavia al Mortirolo pasando por el Colle de San Carlo.","robots":{"index":"index","follow":"follow","max-snippet":"max-snippet:-1","max-image-preview":"max-image-preview:large","max-video-preview":"max-video-preview:-1"},"canonical":"https:\/\/www.welovecycling.com\/es\/2019\/05\/21\/giro-italia-2019-etapas-montana\/","og_locale":"es_ES","og_type":"article","og_title":"Giro de Italia 2019. Las etapas de alta monta\u00f1a","og_description":"Giro de Italia 2019. Las etapas de alta monta\u00f1a. Las jornadas decisivas del Giro. Del Gavia al Mortirolo pasando por el Colle de San Carlo.","og_url":"https:\/\/www.welovecycling.com\/es\/2019\/05\/21\/giro-italia-2019-etapas-montana\/","og_site_name":"\u0160koda We Love Cycling - Spain","article_published_time":"2019-05-21T14:23:54+00:00","og_image":[{"width":1024,"height":721,"url":"https:\/\/d2p6e6u75xmxt8.cloudfront.net\/6\/2019\/05\/MARATONA-2018-4.JPG.jpg","type":"image\/jpeg"}],"author":"We Love Cycling Spain","twitter_card":"summary_large_image","twitter_title":"Giro de Italia 2019. Las etapas de alta monta\u00f1a","twitter_description":"Giro de Italia 2019. Las etapas de alta monta\u00f1a. Las jornadas decisivas del Giro. Del Gavia al Mortirolo pasando por el Colle de San Carlo.","twitter_misc":{"Written by":"Luis Ortega @ciclored","Est. reading time":"4 minutes"},"schema":{"@context":"https:\/\/schema.org","@graph":[{"@type":"WebPage","@id":"https:\/\/www.welovecycling.com\/es\/2019\/05\/21\/giro-italia-2019-etapas-montana\/","url":"https:\/\/www.welovecycling.com\/es\/2019\/05\/21\/giro-italia-2019-etapas-montana\/","name":"Giro de Italia 2019. Las etapas de alta monta\u00f1a - \u0160koda We Love Cycling - Spain","isPartOf":{"@id":"https:\/\/www.welovecycling.com\/es\/#website"},"primaryImageOfPage":{"@id":"https:\/\/www.welovecycling.com\/es\/2019\/05\/21\/giro-italia-2019-etapas-montana\/#primaryimage"},"image":{"@id":"https:\/\/www.welovecycling.com\/es\/2019\/05\/21\/giro-italia-2019-etapas-montana\/#primaryimage"},"thumbnailUrl":"https:\/\/d2p6e6u75xmxt8.cloudfront.net\/6\/2019\/05\/MARATONA-2018-4.JPG.jpg","datePublished":"2019-05-21T14:23:54+00:00","author":{"@id":"https:\/\/www.welovecycling.com\/es\/#\/schema\/person\/deb61715b5812698ee79fb96f343ccd4"},"description":"Giro de Italia 2019. Las etapas de alta monta\u00f1a. Las jornadas decisivas del Giro. Del Gavia al Mortirolo pasando por el Colle de San Carlo.","breadcrumb":{"@id":"https:\/\/www.welovecycling.com\/es\/2019\/05\/21\/giro-italia-2019-etapas-montana\/#breadcrumb"},"inLanguage":"es-ES","potentialAction":[{"@type":"ReadAction","target":["https:\/\/www.welovecycling.com\/es\/2019\/05\/21\/giro-italia-2019-etapas-montana\/"]}]},{"@type":"ImageObject","inLanguage":"es-ES","@id":"https:\/\/www.welovecycling.com\/es\/2019\/05\/21\/giro-italia-2019-etapas-montana\/#primaryimage","url":"https:\/\/d2p6e6u75xmxt8.cloudfront.net\/6\/2019\/05\/MARATONA-2018-4.JPG.jpg","contentUrl":"https:\/\/d2p6e6u75xmxt8.cloudfront.net\/6\/2019\/05\/MARATONA-2018-4.JPG.jpg","width":1024,"height":721},{"@type":"BreadcrumbList","@id":"https:\/\/www.welovecycling.com\/es\/2019\/05\/21\/giro-italia-2019-etapas-montana\/#breadcrumb","itemListElement":[{"@type":"ListItem","position":1,"name":"Home","item":"https:\/\/www.welovecycling.com\/es\/"},{"@type":"ListItem","position":2,"name":"Giro de Italia 2019. Las etapas de alta monta\u00f1a"}]},{"@type":"WebSite","@id":"https:\/\/www.welovecycling.com\/es\/#website","url":"https:\/\/www.welovecycling.com\/es\/","name":"\u0160koda We Love Cycling - Spain","description":"\u0160koda WeLoveCycling Spain","potentialAction":[{"@type":"SearchAction","target":{"@type":"EntryPoint","urlTemplate":"https:\/\/www.welovecycling.com\/es\/?s={search_term_string}"},"query-input":{"@type":"PropertyValueSpecification","valueRequired":true,"valueName":"search_term_string"}}],"inLanguage":"es-ES"},{"@type":"Person","@id":"https:\/\/www.welovecycling.com\/es\/#\/schema\/person\/deb61715b5812698ee79fb96f343ccd4","name":"We Love Cycling Spain","image":{"@type":"ImageObject","inLanguage":"es-ES","@id":"https:\/\/www.welovecycling.com\/es\/#\/schema\/person\/image\/","url":"https:\/\/secure.gravatar.com\/avatar\/c824b04e6df0e37a03219d0b6481672889df542894588964102459e46513159c?s=96&d=mm&r=g","contentUrl":"https:\/\/secure.gravatar.com\/avatar\/c824b04e6df0e37a03219d0b6481672889df542894588964102459e46513159c?s=96&d=mm&r=g","caption":"We Love Cycling Spain"},"url":"https:\/\/www.welovecycling.com\/es\/author\/amunoz\/"}]}},"_links":{"self":[{"href":"https:\/\/www.welovecycling.com\/es\/wp-json\/wp\/v2\/posts\/4782","targetHints":{"allow":["GET"]}}],"collection":[{"href":"https:\/\/www.welovecycling.com\/es\/wp-json\/wp\/v2\/posts"}],"about":[{"href":"https:\/\/www.welovecycling.com\/es\/wp-json\/wp\/v2\/types\/post"}],"author":[{"embeddable":true,"href":"https:\/\/www.welovecycling.com\/es\/wp-json\/wp\/v2\/users\/29"}],"replies":[{"embeddable":true,"href":"https:\/\/www.welovecycling.com\/es\/wp-json\/wp\/v2\/comments?post=4782"}],"version-history":[{"count":1,"href":"https:\/\/www.welovecycling.com\/es\/wp-json\/wp\/v2\/posts\/4782\/revisions"}],"predecessor-version":[{"id":4784,"href":"https:\/\/www.welovecycling.com\/es\/wp-json\/wp\/v2\/posts\/4782\/revisions\/4784"}],"wp:featuredmedia":[{"embeddable":true,"href":"https:\/\/www.welovecycling.com\/es\/wp-json\/wp\/v2\/media\/4783"}],"wp:attachment":[{"href":"https:\/\/www.welovecycling.com\/es\/wp-json\/wp\/v2\/media?parent=4782"}],"wp:term":[{"taxonomy":"category","embeddable":true,"href":"https:\/\/www.welovecycling.com\/es\/wp-json\/wp\/v2\/categories?post=4782"},{"taxonomy":"post_tag","embeddable":true,"href":"https:\/\/www.welovecycling.com\/es\/wp-json\/wp\/v2\/tags?post=4782"},{"taxonomy":"global-categories","embeddable":true,"href":"https:\/\/www.welovecycling.com\/es\/wp-json\/wp\/v2\/global-categories?post=4782"}],"curies":[{"name":"wp","href":"https:\/\/api.w.org\/{rel}","templated":true}]}}