{"id":477,"date":"2017-05-10T14:39:15","date_gmt":"2017-05-10T14:39:15","guid":{"rendered":"https:\/\/www.welovecycling.com\/es\/?p=477"},"modified":"2017-05-15T15:33:49","modified_gmt":"2017-05-15T15:33:49","slug":"guia-compra-bicicletas-carretera-2017-comprar","status":"publish","type":"post","link":"https:\/\/www.welovecycling.com\/es\/2017\/05\/10\/guia-compra-bicicletas-carretera-2017-comprar\/","title":{"rendered":"Gu\u00eda de compra de bicicletas de carretera de 2017: \u00bfcu\u00e1l comprar?"},"content":{"rendered":"<p><strong>\u00bfTe gusta la primavera? \u00bfA qui\u00e9n no? Se acerca el buen tiempo y llega el momento de desempolvar tu bicicleta, aunque tambi\u00e9n puedes aprovechar para hacerte con una nueva. Al fin y al cabo, es la \u00e9poca donde todo se renueva.<\/strong><strong> \u00bfCu\u00e1l deber\u00edas a\u00f1adir a tu colecci\u00f3n? \u00a0\u00a0\u00a0<\/strong><\/p>\n<h2><span style=\"font-size: 24pt;\"><strong>Para los que hacen historia\u00a0<\/strong><\/span><\/h2>\n<p>Puede que se haya terminado la Par\u00eds-Roubaix, pero no dejes que eso te aleje de las calles empedradas o de las carreteras mal asfaltadas. La nueva Specialized Roubaix fue el arma elegida por Sagan, y ahora t\u00fa puedes comprar una como la suya en Evans por el razonable precio de 3,120 \u20ac aproximadamente.<\/p>\n<p><a href=\"https:\/\/d2p6e6u75xmxt8.cloudfront.net\/6\/2017\/05\/Peter-Segan-Specialized-Roubaix-201781.jpg\"><img loading=\"lazy\" decoding=\"async\" class=\"alignnone size-full wp-image-487\" src=\"https:\/\/d2p6e6u75xmxt8.cloudfront.net\/6\/2017\/05\/Peter-Segan-Specialized-Roubaix-201781.jpg\" alt=\"\" width=\"1000\" height=\"667\" srcset=\"https:\/\/d2p6e6u75xmxt8.cloudfront.net\/6\/2017\/05\/Peter-Segan-Specialized-Roubaix-201781.jpg 1000w, https:\/\/d2p6e6u75xmxt8.cloudfront.net\/6\/2017\/05\/Peter-Segan-Specialized-Roubaix-201781-300x200.jpg 300w, https:\/\/d2p6e6u75xmxt8.cloudfront.net\/6\/2017\/05\/Peter-Segan-Specialized-Roubaix-201781-768x512.jpg 768w, https:\/\/d2p6e6u75xmxt8.cloudfront.net\/6\/2017\/05\/Peter-Segan-Specialized-Roubaix-201781-272x182.jpg 272w\" sizes=\"auto, (max-width: 1000px) 100vw, 1000px\" \/><\/a><\/p>\n<p>Pr\u00e1cticamente con las mismas caracter\u00edsticas t\u00e9cnicas que la Roubaix personal de Sagan, incluida la suspensi\u00f3n delantera Specialized\u2019s Futureshock, esta versi\u00f3n va un paso m\u00e1s all\u00e1 incluyendo frenos de disco, que independientemente de la opini\u00f3n del pelot\u00f3n, son estupendos para quienes quieren a\u00f1adir variedad a su colecci\u00f3n de bicicletas.<\/p>\n<h2><span style=\"font-size: 24pt;\"><strong>Para los que van sin frenos<\/strong><\/span><\/h2>\n<p>Si tienes dinero y no te importa perder tiempo diciendo Cannondale SuperSix EVO Hi-Mod Disc Black Inc, entonces este modelo te interesar\u00e1.<\/p>\n<p><a href=\"https:\/\/d2p6e6u75xmxt8.cloudfront.net\/6\/2017\/05\/1114_1_thumb_h700.jpg\"><img loading=\"lazy\" decoding=\"async\" class=\"alignnone size-full wp-image-491\" src=\"https:\/\/d2p6e6u75xmxt8.cloudfront.net\/6\/2017\/05\/1114_1_thumb_h700.jpg\" alt=\"\" width=\"1160\" height=\"700\" srcset=\"https:\/\/d2p6e6u75xmxt8.cloudfront.net\/6\/2017\/05\/1114_1_thumb_h700.jpg 1160w, https:\/\/d2p6e6u75xmxt8.cloudfront.net\/6\/2017\/05\/1114_1_thumb_h700-300x181.jpg 300w, https:\/\/d2p6e6u75xmxt8.cloudfront.net\/6\/2017\/05\/1114_1_thumb_h700-768x463.jpg 768w, https:\/\/d2p6e6u75xmxt8.cloudfront.net\/6\/2017\/05\/1114_1_thumb_h700-1024x618.jpg 1024w\" sizes=\"auto, (max-width: 1160px) 100vw, 1160px\" \/><\/a><\/p>\n<p>No te preocupes tanto por los detalles. Solo basta decir las palabras m\u00e1gicas \u201cDura Ace Di2, llantas Enve Carbon SES 5.6, y cuadro y horquillas BallisTec de carbono\u201d para tomar las curvas en menos de lo que tardas en contar 11.760 \u20ac.<\/p>\n<h2><span style=\"font-size: 24pt;\"><strong>Para <em>aeromajaras<\/em><\/strong><\/span><\/h2>\n<p>Unos la amar\u00e1n y otros la odiar\u00e1n, pero la Pinarello Dogma F8 no deja a nadie indiferente. Personalmente, creo que es una de las bicicletas menos atractivas de Pinarello. Para la marca, sin embargo, supone una revoluci\u00f3n, ya que es bastante diferente de cuanto han hecho hasta ahora.<\/p>\n<p><a href=\"https:\/\/d2p6e6u75xmxt8.cloudfront.net\/6\/2017\/05\/444641.JPG.jpg\"><img loading=\"lazy\" decoding=\"async\" class=\"alignnone size-full wp-image-493\" src=\"https:\/\/d2p6e6u75xmxt8.cloudfront.net\/6\/2017\/05\/444641.JPG.jpg\" alt=\"\" width=\"1005\" height=\"588\" srcset=\"https:\/\/d2p6e6u75xmxt8.cloudfront.net\/6\/2017\/05\/444641.JPG.jpg 1005w, https:\/\/d2p6e6u75xmxt8.cloudfront.net\/6\/2017\/05\/444641.JPG-300x176.jpg 300w, https:\/\/d2p6e6u75xmxt8.cloudfront.net\/6\/2017\/05\/444641.JPG-768x449.jpg 768w\" sizes=\"auto, (max-width: 1005px) 100vw, 1005px\" \/><\/a><\/p>\n<p>Con los t\u00faneles de viento de Jaguar a su disposici\u00f3n, la F8 marca el retorno a la mesa de dibujo y el resultado es una experiencia interesante, de bajo peso, con ruedas de perfil alto de carbono, adem\u00e1s de otras caracter\u00edsticas integradas bastante llamativas, sin olvidarnos del manillar aerodin\u00e1mico.<\/p>\n<h2><span style=\"font-size: 24pt;\"><strong>Para los despreocupados\u00a0<\/strong><\/span><\/h2>\n<p>Si echas de menos el placer de montar en bici sin complicaciones, no busques m\u00e1s: la PLUG 0 es el modelo para ti. Su selecto cuadro de acero ha superado todas las pruebas y durar\u00e1 para siempre. Adem\u00e1s, trae la cadena Rustbuster KMC Z410, y viene sin cambios. \u00bfQuieres ir m\u00e1s deprisa? \u00a1Pues aumenta el ritmo, no seas cobarde!<\/p>\n<p><a href=\"https:\/\/d2p6e6u75xmxt8.cloudfront.net\/6\/2017\/05\/2017-Plug0-Crop.jpg\"><img loading=\"lazy\" decoding=\"async\" class=\"alignnone size-full wp-image-494\" src=\"https:\/\/d2p6e6u75xmxt8.cloudfront.net\/6\/2017\/05\/2017-Plug0-Crop.jpg\" alt=\"\" width=\"1200\" height=\"617\" srcset=\"https:\/\/d2p6e6u75xmxt8.cloudfront.net\/6\/2017\/05\/2017-Plug0-Crop.jpg 1200w, https:\/\/d2p6e6u75xmxt8.cloudfront.net\/6\/2017\/05\/2017-Plug0-Crop-300x154.jpg 300w, https:\/\/d2p6e6u75xmxt8.cloudfront.net\/6\/2017\/05\/2017-Plug0-Crop-768x395.jpg 768w, https:\/\/d2p6e6u75xmxt8.cloudfront.net\/6\/2017\/05\/2017-Plug0-Crop-1024x527.jpg 1024w\" sizes=\"auto, (max-width: 1200px) 100vw, 1200px\" \/><\/a><\/p>\n<h2><span style=\"font-size: 24pt;\"><strong>Para frikis industriales y chics<\/strong><\/span><\/h2>\n<p>El titanio es un material dif\u00edcil de trabajar y por eso sigue ocupando un peque\u00f1o nicho, pero en Van Nicholas han producido algo especial con esta Astraeus Dura Ace Di2 11 Speed.<\/p>\n<p><a href=\"https:\/\/d2p6e6u75xmxt8.cloudfront.net\/6\/2017\/05\/4584448.JPG.jpg\"><img loading=\"lazy\" decoding=\"async\" class=\"alignnone size-full wp-image-495\" src=\"https:\/\/d2p6e6u75xmxt8.cloudfront.net\/6\/2017\/05\/4584448.JPG.jpg\" alt=\"\" width=\"1291\" height=\"752\" srcset=\"https:\/\/d2p6e6u75xmxt8.cloudfront.net\/6\/2017\/05\/4584448.JPG.jpg 1291w, https:\/\/d2p6e6u75xmxt8.cloudfront.net\/6\/2017\/05\/4584448.JPG-300x175.jpg 300w, https:\/\/d2p6e6u75xmxt8.cloudfront.net\/6\/2017\/05\/4584448.JPG-768x447.jpg 768w, https:\/\/d2p6e6u75xmxt8.cloudfront.net\/6\/2017\/05\/4584448.JPG-1024x596.jpg 1024w\" sizes=\"auto, (max-width: 1291px) 100vw, 1291px\" \/><\/a><\/p>\n<p>Sentir\u00e1s que vas en una bicicleta de carbono, pero cuando te bajes y la observes, te dar\u00e1s cuenta que la garant\u00eda para el cuadro que ofrece Van Nicholas no tiene parang\u00f3n.<\/p>\n","protected":false},"excerpt":{"rendered":"<p>\u00bfTe gusta la primavera? \u00bfA qui\u00e9n no? Se acerca el buen tiempo y llega el momento de desempolvar tu bicicleta, [&hellip;]<\/p>\n","protected":false},"author":29,"featured_media":511,"comment_status":"open","ping_status":"open","sticky":false,"template":"","format":"standard","meta":{"footnotes":""},"categories":[7],"tags":[31,17,32],"global-categories":[],"class_list":["post-477","post","type-post","status-publish","format-standard","has-post-thumbnail","hentry","category-carretera","tag-bicicleta","tag-ciclismo","tag-comprar-bicicleta"],"yoast_head":"<!-- This site is optimized with the Yoast SEO Premium plugin v25.3 (Yoast SEO v25.9) - https:\/\/yoast.com\/wordpress\/plugins\/seo\/ -->\n<title>Gu\u00eda de compra de bicicletas de carretera de 2017: \u00bfcu\u00e1l comprar? - \u0160koda We Love Cycling - Spain<\/title>\n<meta name=\"robots\" content=\"index, follow, max-snippet:-1, max-image-preview:large, max-video-preview:-1\" \/>\n<link rel=\"canonical\" href=\"https:\/\/www.welovecycling.com\/es\/2017\/05\/10\/guia-compra-bicicletas-carretera-2017-comprar\/\" \/>\n<meta property=\"og:locale\" content=\"es_ES\" \/>\n<meta property=\"og:type\" content=\"article\" \/>\n<meta property=\"og:title\" content=\"Gu\u00eda de compra de bicicletas de carretera de 2017: \u00bfcu\u00e1l comprar?\" \/>\n<meta property=\"og:description\" content=\"\u00bfTe gusta la primavera? \u00bfA qui\u00e9n no? Se acerca el buen tiempo y llega el momento de desempolvar tu bicicleta, [&hellip;]\" \/>\n<meta property=\"og:url\" content=\"https:\/\/www.welovecycling.com\/es\/2017\/05\/10\/guia-compra-bicicletas-carretera-2017-comprar\/\" \/>\n<meta property=\"og:site_name\" content=\"\u0160koda We Love Cycling - Spain\" \/>\n<meta property=\"article:published_time\" content=\"2017-05-10T14:39:15+00:00\" \/>\n<meta property=\"article:modified_time\" content=\"2017-05-15T15:33:49+00:00\" \/>\n<meta property=\"og:image\" content=\"https:\/\/d2p6e6u75xmxt8.cloudfront.net\/6\/2017\/05\/4844848_4444484-768x335.jpg\" \/>\n\t<meta property=\"og:image:width\" content=\"768\" \/>\n\t<meta property=\"og:image:height\" content=\"335\" \/>\n\t<meta property=\"og:image:type\" content=\"image\/jpeg\" \/>\n<meta name=\"author\" content=\"We Love Cycling Spain\" \/>\n<meta name=\"twitter:card\" content=\"summary_large_image\" \/>\n<meta name=\"twitter:label1\" content=\"Written by\" \/>\n\t<meta name=\"twitter:data1\" content=\"We Love Cycling Spain\" \/>\n\t<meta name=\"twitter:label2\" content=\"Est. reading time\" \/>\n\t<meta name=\"twitter:data2\" content=\"2 minutes\" \/>\n<script type=\"application\/ld+json\" class=\"yoast-schema-graph\">{\"@context\":\"https:\/\/schema.org\",\"@graph\":[{\"@type\":\"WebPage\",\"@id\":\"https:\/\/www.welovecycling.com\/es\/2017\/05\/10\/guia-compra-bicicletas-carretera-2017-comprar\/\",\"url\":\"https:\/\/www.welovecycling.com\/es\/2017\/05\/10\/guia-compra-bicicletas-carretera-2017-comprar\/\",\"name\":\"Gu\u00eda de compra de bicicletas de carretera de 2017: \u00bfcu\u00e1l comprar? - \u0160koda We Love Cycling - Spain\",\"isPartOf\":{\"@id\":\"https:\/\/www.welovecycling.com\/es\/#website\"},\"primaryImageOfPage\":{\"@id\":\"https:\/\/www.welovecycling.com\/es\/2017\/05\/10\/guia-compra-bicicletas-carretera-2017-comprar\/#primaryimage\"},\"image\":{\"@id\":\"https:\/\/www.welovecycling.com\/es\/2017\/05\/10\/guia-compra-bicicletas-carretera-2017-comprar\/#primaryimage\"},\"thumbnailUrl\":\"https:\/\/d2p6e6u75xmxt8.cloudfront.net\/6\/2017\/05\/4844848_4444484-768x335.jpg\",\"datePublished\":\"2017-05-10T14:39:15+00:00\",\"dateModified\":\"2017-05-15T15:33:49+00:00\",\"author\":{\"@id\":\"https:\/\/www.welovecycling.com\/es\/#\/schema\/person\/deb61715b5812698ee79fb96f343ccd4\"},\"breadcrumb\":{\"@id\":\"https:\/\/www.welovecycling.com\/es\/2017\/05\/10\/guia-compra-bicicletas-carretera-2017-comprar\/#breadcrumb\"},\"inLanguage\":\"es-ES\",\"potentialAction\":[{\"@type\":\"ReadAction\",\"target\":[\"https:\/\/www.welovecycling.com\/es\/2017\/05\/10\/guia-compra-bicicletas-carretera-2017-comprar\/\"]}]},{\"@type\":\"ImageObject\",\"inLanguage\":\"es-ES\",\"@id\":\"https:\/\/www.welovecycling.com\/es\/2017\/05\/10\/guia-compra-bicicletas-carretera-2017-comprar\/#primaryimage\",\"url\":\"https:\/\/d2p6e6u75xmxt8.cloudfront.net\/6\/2017\/05\/4844848_4444484-768x335.jpg\",\"contentUrl\":\"https:\/\/d2p6e6u75xmxt8.cloudfront.net\/6\/2017\/05\/4844848_4444484-768x335.jpg\",\"width\":768,\"height\":335},{\"@type\":\"BreadcrumbList\",\"@id\":\"https:\/\/www.welovecycling.com\/es\/2017\/05\/10\/guia-compra-bicicletas-carretera-2017-comprar\/#breadcrumb\",\"itemListElement\":[{\"@type\":\"ListItem\",\"position\":1,\"name\":\"Home\",\"item\":\"https:\/\/www.welovecycling.com\/es\/\"},{\"@type\":\"ListItem\",\"position\":2,\"name\":\"Gu\u00eda de compra de bicicletas de carretera de 2017: \u00bfcu\u00e1l comprar?\"}]},{\"@type\":\"WebSite\",\"@id\":\"https:\/\/www.welovecycling.com\/es\/#website\",\"url\":\"https:\/\/www.welovecycling.com\/es\/\",\"name\":\"\u0160koda We Love Cycling - Spain\",\"description\":\"\u0160koda WeLoveCycling Spain\",\"potentialAction\":[{\"@type\":\"SearchAction\",\"target\":{\"@type\":\"EntryPoint\",\"urlTemplate\":\"https:\/\/www.welovecycling.com\/es\/?s={search_term_string}\"},\"query-input\":{\"@type\":\"PropertyValueSpecification\",\"valueRequired\":true,\"valueName\":\"search_term_string\"}}],\"inLanguage\":\"es-ES\"},{\"@type\":\"Person\",\"@id\":\"https:\/\/www.welovecycling.com\/es\/#\/schema\/person\/deb61715b5812698ee79fb96f343ccd4\",\"name\":\"We Love Cycling Spain\",\"image\":{\"@type\":\"ImageObject\",\"inLanguage\":\"es-ES\",\"@id\":\"https:\/\/www.welovecycling.com\/es\/#\/schema\/person\/image\/\",\"url\":\"https:\/\/secure.gravatar.com\/avatar\/c824b04e6df0e37a03219d0b6481672889df542894588964102459e46513159c?s=96&d=mm&r=g\",\"contentUrl\":\"https:\/\/secure.gravatar.com\/avatar\/c824b04e6df0e37a03219d0b6481672889df542894588964102459e46513159c?s=96&d=mm&r=g\",\"caption\":\"We Love Cycling Spain\"},\"url\":\"https:\/\/www.welovecycling.com\/es\/author\/amunoz\/\"}]}<\/script>\n<!-- \/ Yoast SEO Premium plugin. -->","yoast_head_json":{"title":"Gu\u00eda de compra de bicicletas de carretera de 2017: \u00bfcu\u00e1l comprar? - \u0160koda We Love Cycling - Spain","robots":{"index":"index","follow":"follow","max-snippet":"max-snippet:-1","max-image-preview":"max-image-preview:large","max-video-preview":"max-video-preview:-1"},"canonical":"https:\/\/www.welovecycling.com\/es\/2017\/05\/10\/guia-compra-bicicletas-carretera-2017-comprar\/","og_locale":"es_ES","og_type":"article","og_title":"Gu\u00eda de compra de bicicletas de carretera de 2017: \u00bfcu\u00e1l comprar?","og_description":"\u00bfTe gusta la primavera? \u00bfA qui\u00e9n no? Se acerca el buen tiempo y llega el momento de desempolvar tu bicicleta, [&hellip;]","og_url":"https:\/\/www.welovecycling.com\/es\/2017\/05\/10\/guia-compra-bicicletas-carretera-2017-comprar\/","og_site_name":"\u0160koda We Love Cycling - Spain","article_published_time":"2017-05-10T14:39:15+00:00","article_modified_time":"2017-05-15T15:33:49+00:00","og_image":[{"width":768,"height":335,"url":"https:\/\/d2p6e6u75xmxt8.cloudfront.net\/6\/2017\/05\/4844848_4444484-768x335.jpg","type":"image\/jpeg"}],"author":"We Love Cycling Spain","twitter_card":"summary_large_image","twitter_misc":{"Written by":"We Love Cycling Spain","Est. reading time":"2 minutes"},"schema":{"@context":"https:\/\/schema.org","@graph":[{"@type":"WebPage","@id":"https:\/\/www.welovecycling.com\/es\/2017\/05\/10\/guia-compra-bicicletas-carretera-2017-comprar\/","url":"https:\/\/www.welovecycling.com\/es\/2017\/05\/10\/guia-compra-bicicletas-carretera-2017-comprar\/","name":"Gu\u00eda de compra de bicicletas de carretera de 2017: \u00bfcu\u00e1l comprar? - \u0160koda We Love Cycling - Spain","isPartOf":{"@id":"https:\/\/www.welovecycling.com\/es\/#website"},"primaryImageOfPage":{"@id":"https:\/\/www.welovecycling.com\/es\/2017\/05\/10\/guia-compra-bicicletas-carretera-2017-comprar\/#primaryimage"},"image":{"@id":"https:\/\/www.welovecycling.com\/es\/2017\/05\/10\/guia-compra-bicicletas-carretera-2017-comprar\/#primaryimage"},"thumbnailUrl":"https:\/\/d2p6e6u75xmxt8.cloudfront.net\/6\/2017\/05\/4844848_4444484-768x335.jpg","datePublished":"2017-05-10T14:39:15+00:00","dateModified":"2017-05-15T15:33:49+00:00","author":{"@id":"https:\/\/www.welovecycling.com\/es\/#\/schema\/person\/deb61715b5812698ee79fb96f343ccd4"},"breadcrumb":{"@id":"https:\/\/www.welovecycling.com\/es\/2017\/05\/10\/guia-compra-bicicletas-carretera-2017-comprar\/#breadcrumb"},"inLanguage":"es-ES","potentialAction":[{"@type":"ReadAction","target":["https:\/\/www.welovecycling.com\/es\/2017\/05\/10\/guia-compra-bicicletas-carretera-2017-comprar\/"]}]},{"@type":"ImageObject","inLanguage":"es-ES","@id":"https:\/\/www.welovecycling.com\/es\/2017\/05\/10\/guia-compra-bicicletas-carretera-2017-comprar\/#primaryimage","url":"https:\/\/d2p6e6u75xmxt8.cloudfront.net\/6\/2017\/05\/4844848_4444484-768x335.jpg","contentUrl":"https:\/\/d2p6e6u75xmxt8.cloudfront.net\/6\/2017\/05\/4844848_4444484-768x335.jpg","width":768,"height":335},{"@type":"BreadcrumbList","@id":"https:\/\/www.welovecycling.com\/es\/2017\/05\/10\/guia-compra-bicicletas-carretera-2017-comprar\/#breadcrumb","itemListElement":[{"@type":"ListItem","position":1,"name":"Home","item":"https:\/\/www.welovecycling.com\/es\/"},{"@type":"ListItem","position":2,"name":"Gu\u00eda de compra de bicicletas de carretera de 2017: \u00bfcu\u00e1l comprar?"}]},{"@type":"WebSite","@id":"https:\/\/www.welovecycling.com\/es\/#website","url":"https:\/\/www.welovecycling.com\/es\/","name":"\u0160koda We Love Cycling - Spain","description":"\u0160koda WeLoveCycling Spain","potentialAction":[{"@type":"SearchAction","target":{"@type":"EntryPoint","urlTemplate":"https:\/\/www.welovecycling.com\/es\/?s={search_term_string}"},"query-input":{"@type":"PropertyValueSpecification","valueRequired":true,"valueName":"search_term_string"}}],"inLanguage":"es-ES"},{"@type":"Person","@id":"https:\/\/www.welovecycling.com\/es\/#\/schema\/person\/deb61715b5812698ee79fb96f343ccd4","name":"We Love Cycling Spain","image":{"@type":"ImageObject","inLanguage":"es-ES","@id":"https:\/\/www.welovecycling.com\/es\/#\/schema\/person\/image\/","url":"https:\/\/secure.gravatar.com\/avatar\/c824b04e6df0e37a03219d0b6481672889df542894588964102459e46513159c?s=96&d=mm&r=g","contentUrl":"https:\/\/secure.gravatar.com\/avatar\/c824b04e6df0e37a03219d0b6481672889df542894588964102459e46513159c?s=96&d=mm&r=g","caption":"We Love Cycling Spain"},"url":"https:\/\/www.welovecycling.com\/es\/author\/amunoz\/"}]}},"_links":{"self":[{"href":"https:\/\/www.welovecycling.com\/es\/wp-json\/wp\/v2\/posts\/477","targetHints":{"allow":["GET"]}}],"collection":[{"href":"https:\/\/www.welovecycling.com\/es\/wp-json\/wp\/v2\/posts"}],"about":[{"href":"https:\/\/www.welovecycling.com\/es\/wp-json\/wp\/v2\/types\/post"}],"author":[{"embeddable":true,"href":"https:\/\/www.welovecycling.com\/es\/wp-json\/wp\/v2\/users\/29"}],"replies":[{"embeddable":true,"href":"https:\/\/www.welovecycling.com\/es\/wp-json\/wp\/v2\/comments?post=477"}],"version-history":[{"count":2,"href":"https:\/\/www.welovecycling.com\/es\/wp-json\/wp\/v2\/posts\/477\/revisions"}],"predecessor-version":[{"id":537,"href":"https:\/\/www.welovecycling.com\/es\/wp-json\/wp\/v2\/posts\/477\/revisions\/537"}],"wp:featuredmedia":[{"embeddable":true,"href":"https:\/\/www.welovecycling.com\/es\/wp-json\/wp\/v2\/media\/511"}],"wp:attachment":[{"href":"https:\/\/www.welovecycling.com\/es\/wp-json\/wp\/v2\/media?parent=477"}],"wp:term":[{"taxonomy":"category","embeddable":true,"href":"https:\/\/www.welovecycling.com\/es\/wp-json\/wp\/v2\/categories?post=477"},{"taxonomy":"post_tag","embeddable":true,"href":"https:\/\/www.welovecycling.com\/es\/wp-json\/wp\/v2\/tags?post=477"},{"taxonomy":"global-categories","embeddable":true,"href":"https:\/\/www.welovecycling.com\/es\/wp-json\/wp\/v2\/global-categories?post=477"}],"curies":[{"name":"wp","href":"https:\/\/api.w.org\/{rel}","templated":true}]}}