{"id":4678,"date":"2019-05-08T11:30:41","date_gmt":"2019-05-08T09:30:41","guid":{"rendered":"https:\/\/www.welovecycling.com\/es\/?p=4678"},"modified":"2019-05-08T11:30:41","modified_gmt":"2019-05-08T09:30:41","slug":"skoda-titan-desert-2019","status":"publish","type":"post","link":"https:\/\/www.welovecycling.com\/es\/2019\/05\/08\/skoda-titan-desert-2019\/","title":{"rendered":"Las vivencias del equipo \u0160koda en la Titan Desert 2019"},"content":{"rendered":"<p><strong>Seis d\u00edas llenos de arena, piedras, polvo, clima c\u00e1lido y agua racionada.\u00a0 \u0160koda comenz\u00f3 en este 2019 el patrocinio de la Titan Desert. Para los que no la conozcan es una carrera extrema se inspira claramente en el rally original del Par\u00eds-Dakar, pero lo hace de la mejor manera posible. Una etapa de 100 kil\u00f3metros no significa necesariamente que se recorran 100 kil\u00f3metros. Podr\u00edan ser f\u00e1cilmente 150. Cuenta la orientaci\u00f3n. Y en la l\u00ednea de salida, nunca se sabe hacia d\u00f3nde ir\u00e1n los ciclistas. \u00bfLa mitad al este y la otra mitad al oeste? Cosas m\u00e1s extra\u00f1as han pasado en el desierto de Tit\u00e1n.<\/strong><!--more--><\/p>\n<p>La carrera ha recorrido un largo camino desde la primera edici\u00f3n en 2006. La lista de participantes ha aumentado de unos 150 aspirantes a casi 700. En la ruta se pueden encontrar tanto aficionados como ex ciclistas de la talla de Purito Rodr\u00edguez, Haimar Zubeldia o Sylvain Chavanel. Y este a\u00f1o, un equipo de dos hombres con el nombre de \u0160koda WeLoveCycling impreso tambi\u00e9n en sus camisetas. Marek Rauchfuss y Filip Adel lucharon contra las duras condiciones y gracias a ellos pudimos experimentar la carrera de primera mano.<\/p>\n<figure id=\"attachment_4679\" aria-describedby=\"caption-attachment-4679\" style=\"width: 1250px\" class=\"wp-caption alignnone\"><a href=\"https:\/\/d2p6e6u75xmxt8.cloudfront.net\/6\/2019\/05\/Filip-Adel-Titan-Desert-2.jpg\"><img loading=\"lazy\" decoding=\"async\" class=\"size-full wp-image-4679\" src=\"https:\/\/d2p6e6u75xmxt8.cloudfront.net\/6\/2019\/05\/Filip-Adel-Titan-Desert-2.jpg\" alt=\"\" width=\"1250\" height=\"834\" srcset=\"https:\/\/d2p6e6u75xmxt8.cloudfront.net\/6\/2019\/05\/Filip-Adel-Titan-Desert-2.jpg 1250w, https:\/\/d2p6e6u75xmxt8.cloudfront.net\/6\/2019\/05\/Filip-Adel-Titan-Desert-2-300x200.jpg 300w, https:\/\/d2p6e6u75xmxt8.cloudfront.net\/6\/2019\/05\/Filip-Adel-Titan-Desert-2-768x512.jpg 768w, https:\/\/d2p6e6u75xmxt8.cloudfront.net\/6\/2019\/05\/Filip-Adel-Titan-Desert-2-1024x683.jpg 1024w, https:\/\/d2p6e6u75xmxt8.cloudfront.net\/6\/2019\/05\/Filip-Adel-Titan-Desert-2-272x182.jpg 272w\" sizes=\"auto, (max-width: 1250px) 100vw, 1250px\" \/><\/a><figcaption id=\"caption-attachment-4679\" class=\"wp-caption-text\">Filip Adel con el maillot de \u0160koda WeLoveCycling \u2013 Superior Velsbike jersey.\u00a0\u00a9 titandesert.com<\/figcaption><\/figure>\n<div id='gallery-1' class='gallery galleryid-4678 gallery-columns-2 gallery-size-large'><figure class='gallery-item'>\n\t\t\t<div class='gallery-icon landscape'>\n\t\t\t\t<a href='https:\/\/d2p6e6u75xmxt8.cloudfront.net\/6\/2019\/05\/Filip-Adel-Titan-Desert-1.jpg'><img loading=\"lazy\" decoding=\"async\" width=\"1024\" height=\"684\" src=\"https:\/\/d2p6e6u75xmxt8.cloudfront.net\/6\/2019\/05\/Filip-Adel-Titan-Desert-1-1024x684.jpg\" class=\"attachment-large size-large\" alt=\"\" srcset=\"https:\/\/d2p6e6u75xmxt8.cloudfront.net\/6\/2019\/05\/Filip-Adel-Titan-Desert-1-1024x684.jpg 1024w, https:\/\/d2p6e6u75xmxt8.cloudfront.net\/6\/2019\/05\/Filip-Adel-Titan-Desert-1-300x200.jpg 300w, https:\/\/d2p6e6u75xmxt8.cloudfront.net\/6\/2019\/05\/Filip-Adel-Titan-Desert-1-768x513.jpg 768w, https:\/\/d2p6e6u75xmxt8.cloudfront.net\/6\/2019\/05\/Filip-Adel-Titan-Desert-1-272x182.jpg 272w, https:\/\/d2p6e6u75xmxt8.cloudfront.net\/6\/2019\/05\/Filip-Adel-Titan-Desert-1.jpg 1250w\" sizes=\"auto, (max-width: 1024px) 100vw, 1024px\" \/><\/a>\n\t\t\t<\/div><\/figure><figure class='gallery-item'>\n\t\t\t<div class='gallery-icon landscape'>\n\t\t\t\t<a href='https:\/\/d2p6e6u75xmxt8.cloudfront.net\/6\/2019\/05\/Filip-Adel-Titan-Desert.jpg'><img loading=\"lazy\" decoding=\"async\" width=\"1024\" height=\"683\" src=\"https:\/\/d2p6e6u75xmxt8.cloudfront.net\/6\/2019\/05\/Filip-Adel-Titan-Desert-1024x683.jpg\" class=\"attachment-large size-large\" alt=\"\" srcset=\"https:\/\/d2p6e6u75xmxt8.cloudfront.net\/6\/2019\/05\/Filip-Adel-Titan-Desert-1024x683.jpg 1024w, https:\/\/d2p6e6u75xmxt8.cloudfront.net\/6\/2019\/05\/Filip-Adel-Titan-Desert-300x200.jpg 300w, https:\/\/d2p6e6u75xmxt8.cloudfront.net\/6\/2019\/05\/Filip-Adel-Titan-Desert-768x512.jpg 768w, https:\/\/d2p6e6u75xmxt8.cloudfront.net\/6\/2019\/05\/Filip-Adel-Titan-Desert-272x182.jpg 272w, https:\/\/d2p6e6u75xmxt8.cloudfront.net\/6\/2019\/05\/Filip-Adel-Titan-Desert.jpg 1680w\" sizes=\"auto, (max-width: 1024px) 100vw, 1024px\" \/><\/a>\n\t\t\t<\/div><\/figure>\n\t\t<\/div>\n\n<p>La navegaci\u00f3n fue clave en las dos primeras etapas para mantenerse en la competici\u00f3n. Y desafortunadamente, Filip se perdi\u00f3 en las dunas y termin\u00f3 el segundo d\u00eda con mucho tiempo para recuperar.<\/p>\n<p>&#8220;Pas\u00e9 mucho tiempo all\u00ed. Caminando con la bicicleta por la arena. Perd\u00ed toda la fuerza que me quedaba en esas dunas. No ten\u00eda la experiencia para hacer frente a la situaci\u00f3n&#8221;, admiti\u00f3 Adel.<\/p>\n<p>&#8220;No se puede comparar esta carrera con ninguna otra&#8221;, a\u00f1adi\u00f3 Marek Rauchfuss. &#8220;Es algo completamente diferente. La ruta est\u00e1 casi sin marcar. S\u00f3lo tienes que llegar a los puntos de control. Cada competidor puede hacer su propia ruta&#8221;.<\/p>\n<figure id=\"attachment_4680\" aria-describedby=\"caption-attachment-4680\" style=\"width: 1268px\" class=\"wp-caption alignnone\"><a href=\"https:\/\/d2p6e6u75xmxt8.cloudfront.net\/6\/2019\/05\/Marek-Rauchfuss-Titan-Desert-3.jpg\"><img loading=\"lazy\" decoding=\"async\" class=\"wp-image-4680 size-full\" src=\"https:\/\/d2p6e6u75xmxt8.cloudfront.net\/6\/2019\/05\/Marek-Rauchfuss-Titan-Desert-3.jpg\" alt=\"\" width=\"1268\" height=\"845\" srcset=\"https:\/\/d2p6e6u75xmxt8.cloudfront.net\/6\/2019\/05\/Marek-Rauchfuss-Titan-Desert-3.jpg 1268w, https:\/\/d2p6e6u75xmxt8.cloudfront.net\/6\/2019\/05\/Marek-Rauchfuss-Titan-Desert-3-300x200.jpg 300w, https:\/\/d2p6e6u75xmxt8.cloudfront.net\/6\/2019\/05\/Marek-Rauchfuss-Titan-Desert-3-768x512.jpg 768w, https:\/\/d2p6e6u75xmxt8.cloudfront.net\/6\/2019\/05\/Marek-Rauchfuss-Titan-Desert-3-1024x682.jpg 1024w, https:\/\/d2p6e6u75xmxt8.cloudfront.net\/6\/2019\/05\/Marek-Rauchfuss-Titan-Desert-3-272x182.jpg 272w\" sizes=\"auto, (max-width: 1268px) 100vw, 1268px\" \/><\/a><figcaption id=\"caption-attachment-4680\" class=\"wp-caption-text\">Marek Rauchfuss represent\u00f3 a \u0160koda WeLoveCycling \u2013 Kross Bikeranch team.\u00a0\u00a9 titandesert.com<\/figcaption><\/figure>\n<div id='gallery-2' class='gallery galleryid-4678 gallery-columns-2 gallery-size-large'><figure class='gallery-item'>\n\t\t\t<div class='gallery-icon landscape'>\n\t\t\t\t<a href='https:\/\/d2p6e6u75xmxt8.cloudfront.net\/6\/2019\/05\/Marek-Rauchfuss-Titan-Desert-2.jpg'><img loading=\"lazy\" decoding=\"async\" width=\"1024\" height=\"672\" src=\"https:\/\/d2p6e6u75xmxt8.cloudfront.net\/6\/2019\/05\/Marek-Rauchfuss-Titan-Desert-2-1024x672.jpg\" class=\"attachment-large size-large\" alt=\"\" srcset=\"https:\/\/d2p6e6u75xmxt8.cloudfront.net\/6\/2019\/05\/Marek-Rauchfuss-Titan-Desert-2-1024x672.jpg 1024w, https:\/\/d2p6e6u75xmxt8.cloudfront.net\/6\/2019\/05\/Marek-Rauchfuss-Titan-Desert-2-300x197.jpg 300w, https:\/\/d2p6e6u75xmxt8.cloudfront.net\/6\/2019\/05\/Marek-Rauchfuss-Titan-Desert-2-768x504.jpg 768w, https:\/\/d2p6e6u75xmxt8.cloudfront.net\/6\/2019\/05\/Marek-Rauchfuss-Titan-Desert-2.jpg 1288w\" sizes=\"auto, (max-width: 1024px) 100vw, 1024px\" \/><\/a>\n\t\t\t<\/div><\/figure><figure class='gallery-item'>\n\t\t\t<div class='gallery-icon landscape'>\n\t\t\t\t<a href='https:\/\/d2p6e6u75xmxt8.cloudfront.net\/6\/2019\/05\/Marek-Rauchfuss-Titan-Desert.jpg'><img loading=\"lazy\" decoding=\"async\" width=\"986\" height=\"657\" src=\"https:\/\/d2p6e6u75xmxt8.cloudfront.net\/6\/2019\/05\/Marek-Rauchfuss-Titan-Desert.jpg\" class=\"attachment-large size-large\" alt=\"\" srcset=\"https:\/\/d2p6e6u75xmxt8.cloudfront.net\/6\/2019\/05\/Marek-Rauchfuss-Titan-Desert.jpg 986w, https:\/\/d2p6e6u75xmxt8.cloudfront.net\/6\/2019\/05\/Marek-Rauchfuss-Titan-Desert-300x200.jpg 300w, https:\/\/d2p6e6u75xmxt8.cloudfront.net\/6\/2019\/05\/Marek-Rauchfuss-Titan-Desert-768x512.jpg 768w, https:\/\/d2p6e6u75xmxt8.cloudfront.net\/6\/2019\/05\/Marek-Rauchfuss-Titan-Desert-272x182.jpg 272w\" sizes=\"auto, (max-width: 986px) 100vw, 986px\" \/><\/a>\n\t\t\t<\/div><\/figure>\n\t\t<\/div>\n\n<p>Desafortunadamente, las condiciones extremas se cobraron la vida de Fernando Civera. Ni siquiera la r\u00e1pida respuesta de los m\u00e9dicos pudo revertir el primer accidente tr\u00e1gico en la historia de la carrera. La tercera etapa fue neutralizada y los ciclistas honraron la memoria de Civera con un momento de silencio.<\/p>\n<p>&#8220;Despu\u00e9s de que algo as\u00ed sucede, uno se da cuenta de que la mayor victoria de todos nosotros es volver a casa a salvo&#8221;, dijo Filip Adel.<\/p>\n<p>Al final, Marek Rauchfuss consigui\u00f3 terminar 10\u00ba, a menos de 20 minutos de Josep Betalu, el ganador. A pesar de perder mucho tiempo en las dunas, Filip Adel termin\u00f3 en el puesto 17.<\/p>\n<p>&#8220;Ahora me falta un largo per\u00edodo de recuperaci\u00f3n&#8221;, dijo Rauchfuss. &#8220;Tengo muchas ganas de ver la naturaleza checa en flor y de tomar una cerveza fr\u00eda en mi jard\u00edn.&#8221;<\/p>\n<h4><strong>2019 Titan Desert results<\/strong><\/h4>\n<p>1. Josep Betalu \u2013 18:12:00<br \/>\n2. Guillem Munoz \u2013 18:15:19<br \/>\n3. Mois\u00e9s Due\u00f1as \u2013 18:17:07<br \/>\n4. Jose Luis Carrasco \u2013 18:20:48<br \/>\n5. Jose Luis Gomez Miranda \u2013 18:21:30<br \/>\n6. Avila \u2013 18:21:58<br \/>\n7. Haimar Zubeldia \u2013 18:22:08<br \/>\n8. Oscar Pujol \u2013 18:23:43<br \/>\n9. Roberto Bou \u2013 18:29:29<br \/>\n<strong>10. Marek Rauchfuss \u2013 18:31:13<\/strong><br \/>\n<strong>17. Filip Adel \u2013 19:55:23<\/strong><\/p>\n","protected":false},"excerpt":{"rendered":"<p>Seis d\u00edas llenos de arena, piedras, polvo, clima c\u00e1lido y agua racionada.\u00a0 \u0160koda comenz\u00f3 en este 2019 el patrocinio de [&hellip;]<\/p>\n","protected":false},"author":29,"featured_media":4682,"comment_status":"open","ping_status":"open","sticky":false,"template":"","format":"standard","meta":{"footnotes":""},"categories":[9],"tags":[1002,1000,1001,855],"global-categories":[],"class_list":["post-4678","post","type-post","status-publish","format-standard","has-post-thumbnail","hentry","category-mtb-aventura","tag-consejos-titan-desert","tag-cronica-titan-desert","tag-experiencia-titan-desert","tag-titan-desert-2019"],"yoast_head":"<!-- This site is optimized with the Yoast SEO Premium plugin v25.3 (Yoast SEO v25.9) - https:\/\/yoast.com\/wordpress\/plugins\/seo\/ -->\n<title>Las vivencias del equipo \u0160koda en la Titan Desert 2019 - \u0160koda We Love Cycling - Spain<\/title>\n<meta name=\"description\" content=\"Las vivencias del equipo \u0160koda en la Titan Desert 2019. As\u00ed les fue a Rauchfuss y Adel, los ciclistas \u0160koda en la Titan Desert 2019.\" \/>\n<meta name=\"robots\" content=\"index, follow, max-snippet:-1, max-image-preview:large, max-video-preview:-1\" \/>\n<link rel=\"canonical\" href=\"https:\/\/www.welovecycling.com\/es\/2019\/05\/08\/skoda-titan-desert-2019\/\" \/>\n<meta property=\"og:locale\" content=\"es_ES\" \/>\n<meta property=\"og:type\" content=\"article\" \/>\n<meta property=\"og:title\" content=\"Las vivencias del equipo \u0160koda en la Titan Desert 2019\" \/>\n<meta property=\"og:description\" content=\"Las vivencias del equipo \u0160koda en la Titan Desert 2019. As\u00ed les fue a Rauchfuss y Adel, los ciclistas \u0160koda en la Titan Desert 2019.\" \/>\n<meta property=\"og:url\" content=\"https:\/\/www.welovecycling.com\/es\/2019\/05\/08\/skoda-titan-desert-2019\/\" \/>\n<meta property=\"og:site_name\" content=\"\u0160koda We Love Cycling - Spain\" \/>\n<meta property=\"article:published_time\" content=\"2019-05-08T09:30:41+00:00\" \/>\n<meta property=\"og:image\" content=\"https:\/\/d2p6e6u75xmxt8.cloudfront.net\/6\/2019\/05\/Marek-Rauchfuss-CVR.jpg\" \/>\n\t<meta property=\"og:image:width\" content=\"1366\" \/>\n\t<meta property=\"og:image:height\" content=\"600\" \/>\n\t<meta property=\"og:image:type\" content=\"image\/jpeg\" \/>\n<meta name=\"author\" content=\"We Love Cycling Spain\" \/>\n<meta name=\"twitter:card\" content=\"summary_large_image\" \/>\n<meta name=\"twitter:title\" content=\"Las vivencias del equipo \u0160koda en la Titan Desert 2019\" \/>\n<meta name=\"twitter:description\" content=\"Las vivencias del equipo \u0160koda en la Titan Desert 2019. As\u00ed les fue a Rauchfuss y Adel, los ciclistas \u0160koda en la Titan Desert 2019.\" \/>\n<meta name=\"twitter:label1\" content=\"Written by\" \/>\n\t<meta name=\"twitter:data1\" content=\"Monica Buck\" \/>\n\t<meta name=\"twitter:label2\" content=\"Est. reading time\" \/>\n\t<meta name=\"twitter:data2\" content=\"5\" \/>\n<script type=\"application\/ld+json\" class=\"yoast-schema-graph\">{\"@context\":\"https:\/\/schema.org\",\"@graph\":[{\"@type\":\"WebPage\",\"@id\":\"https:\/\/www.welovecycling.com\/es\/2019\/05\/08\/skoda-titan-desert-2019\/\",\"url\":\"https:\/\/www.welovecycling.com\/es\/2019\/05\/08\/skoda-titan-desert-2019\/\",\"name\":\"Las vivencias del equipo \u0160koda en la Titan Desert 2019 - \u0160koda We Love Cycling - Spain\",\"isPartOf\":{\"@id\":\"https:\/\/www.welovecycling.com\/es\/#website\"},\"primaryImageOfPage\":{\"@id\":\"https:\/\/www.welovecycling.com\/es\/2019\/05\/08\/skoda-titan-desert-2019\/#primaryimage\"},\"image\":{\"@id\":\"https:\/\/www.welovecycling.com\/es\/2019\/05\/08\/skoda-titan-desert-2019\/#primaryimage\"},\"thumbnailUrl\":\"https:\/\/d2p6e6u75xmxt8.cloudfront.net\/6\/2019\/05\/Marek-Rauchfuss-CVR.jpg\",\"datePublished\":\"2019-05-08T09:30:41+00:00\",\"author\":{\"@id\":\"https:\/\/www.welovecycling.com\/es\/#\/schema\/person\/deb61715b5812698ee79fb96f343ccd4\"},\"description\":\"Las vivencias del equipo \u0160koda en la Titan Desert 2019. As\u00ed les fue a Rauchfuss y Adel, los ciclistas \u0160koda en la Titan Desert 2019.\",\"breadcrumb\":{\"@id\":\"https:\/\/www.welovecycling.com\/es\/2019\/05\/08\/skoda-titan-desert-2019\/#breadcrumb\"},\"inLanguage\":\"es-ES\",\"potentialAction\":[{\"@type\":\"ReadAction\",\"target\":[\"https:\/\/www.welovecycling.com\/es\/2019\/05\/08\/skoda-titan-desert-2019\/\"]}]},{\"@type\":\"ImageObject\",\"inLanguage\":\"es-ES\",\"@id\":\"https:\/\/www.welovecycling.com\/es\/2019\/05\/08\/skoda-titan-desert-2019\/#primaryimage\",\"url\":\"https:\/\/d2p6e6u75xmxt8.cloudfront.net\/6\/2019\/05\/Marek-Rauchfuss-CVR.jpg\",\"contentUrl\":\"https:\/\/d2p6e6u75xmxt8.cloudfront.net\/6\/2019\/05\/Marek-Rauchfuss-CVR.jpg\",\"width\":1366,\"height\":600},{\"@type\":\"BreadcrumbList\",\"@id\":\"https:\/\/www.welovecycling.com\/es\/2019\/05\/08\/skoda-titan-desert-2019\/#breadcrumb\",\"itemListElement\":[{\"@type\":\"ListItem\",\"position\":1,\"name\":\"Home\",\"item\":\"https:\/\/www.welovecycling.com\/es\/\"},{\"@type\":\"ListItem\",\"position\":2,\"name\":\"Las vivencias del equipo \u0160koda en la Titan Desert 2019\"}]},{\"@type\":\"WebSite\",\"@id\":\"https:\/\/www.welovecycling.com\/es\/#website\",\"url\":\"https:\/\/www.welovecycling.com\/es\/\",\"name\":\"\u0160koda We Love Cycling - Spain\",\"description\":\"\u0160koda WeLoveCycling Spain\",\"potentialAction\":[{\"@type\":\"SearchAction\",\"target\":{\"@type\":\"EntryPoint\",\"urlTemplate\":\"https:\/\/www.welovecycling.com\/es\/?s={search_term_string}\"},\"query-input\":{\"@type\":\"PropertyValueSpecification\",\"valueRequired\":true,\"valueName\":\"search_term_string\"}}],\"inLanguage\":\"es-ES\"},{\"@type\":\"Person\",\"@id\":\"https:\/\/www.welovecycling.com\/es\/#\/schema\/person\/deb61715b5812698ee79fb96f343ccd4\",\"name\":\"We Love Cycling Spain\",\"image\":{\"@type\":\"ImageObject\",\"inLanguage\":\"es-ES\",\"@id\":\"https:\/\/www.welovecycling.com\/es\/#\/schema\/person\/image\/\",\"url\":\"https:\/\/secure.gravatar.com\/avatar\/c824b04e6df0e37a03219d0b6481672889df542894588964102459e46513159c?s=96&d=mm&r=g\",\"contentUrl\":\"https:\/\/secure.gravatar.com\/avatar\/c824b04e6df0e37a03219d0b6481672889df542894588964102459e46513159c?s=96&d=mm&r=g\",\"caption\":\"We Love Cycling Spain\"},\"url\":\"https:\/\/www.welovecycling.com\/es\/author\/amunoz\/\"}]}<\/script>\n<!-- \/ Yoast SEO Premium plugin. -->","yoast_head_json":{"title":"Las vivencias del equipo \u0160koda en la Titan Desert 2019 - \u0160koda We Love Cycling - Spain","description":"Las vivencias del equipo \u0160koda en la Titan Desert 2019. As\u00ed les fue a Rauchfuss y Adel, los ciclistas \u0160koda en la Titan Desert 2019.","robots":{"index":"index","follow":"follow","max-snippet":"max-snippet:-1","max-image-preview":"max-image-preview:large","max-video-preview":"max-video-preview:-1"},"canonical":"https:\/\/www.welovecycling.com\/es\/2019\/05\/08\/skoda-titan-desert-2019\/","og_locale":"es_ES","og_type":"article","og_title":"Las vivencias del equipo \u0160koda en la Titan Desert 2019","og_description":"Las vivencias del equipo \u0160koda en la Titan Desert 2019. As\u00ed les fue a Rauchfuss y Adel, los ciclistas \u0160koda en la Titan Desert 2019.","og_url":"https:\/\/www.welovecycling.com\/es\/2019\/05\/08\/skoda-titan-desert-2019\/","og_site_name":"\u0160koda We Love Cycling - Spain","article_published_time":"2019-05-08T09:30:41+00:00","og_image":[{"width":1366,"height":600,"url":"https:\/\/d2p6e6u75xmxt8.cloudfront.net\/6\/2019\/05\/Marek-Rauchfuss-CVR.jpg","type":"image\/jpeg"}],"author":"We Love Cycling Spain","twitter_card":"summary_large_image","twitter_title":"Las vivencias del equipo \u0160koda en la Titan Desert 2019","twitter_description":"Las vivencias del equipo \u0160koda en la Titan Desert 2019. As\u00ed les fue a Rauchfuss y Adel, los ciclistas \u0160koda en la Titan Desert 2019.","twitter_misc":{"Written by":"Monica Buck","Est. reading time":"5"},"schema":{"@context":"https:\/\/schema.org","@graph":[{"@type":"WebPage","@id":"https:\/\/www.welovecycling.com\/es\/2019\/05\/08\/skoda-titan-desert-2019\/","url":"https:\/\/www.welovecycling.com\/es\/2019\/05\/08\/skoda-titan-desert-2019\/","name":"Las vivencias del equipo \u0160koda en la Titan Desert 2019 - \u0160koda We Love Cycling - Spain","isPartOf":{"@id":"https:\/\/www.welovecycling.com\/es\/#website"},"primaryImageOfPage":{"@id":"https:\/\/www.welovecycling.com\/es\/2019\/05\/08\/skoda-titan-desert-2019\/#primaryimage"},"image":{"@id":"https:\/\/www.welovecycling.com\/es\/2019\/05\/08\/skoda-titan-desert-2019\/#primaryimage"},"thumbnailUrl":"https:\/\/d2p6e6u75xmxt8.cloudfront.net\/6\/2019\/05\/Marek-Rauchfuss-CVR.jpg","datePublished":"2019-05-08T09:30:41+00:00","author":{"@id":"https:\/\/www.welovecycling.com\/es\/#\/schema\/person\/deb61715b5812698ee79fb96f343ccd4"},"description":"Las vivencias del equipo \u0160koda en la Titan Desert 2019. As\u00ed les fue a Rauchfuss y Adel, los ciclistas \u0160koda en la Titan Desert 2019.","breadcrumb":{"@id":"https:\/\/www.welovecycling.com\/es\/2019\/05\/08\/skoda-titan-desert-2019\/#breadcrumb"},"inLanguage":"es-ES","potentialAction":[{"@type":"ReadAction","target":["https:\/\/www.welovecycling.com\/es\/2019\/05\/08\/skoda-titan-desert-2019\/"]}]},{"@type":"ImageObject","inLanguage":"es-ES","@id":"https:\/\/www.welovecycling.com\/es\/2019\/05\/08\/skoda-titan-desert-2019\/#primaryimage","url":"https:\/\/d2p6e6u75xmxt8.cloudfront.net\/6\/2019\/05\/Marek-Rauchfuss-CVR.jpg","contentUrl":"https:\/\/d2p6e6u75xmxt8.cloudfront.net\/6\/2019\/05\/Marek-Rauchfuss-CVR.jpg","width":1366,"height":600},{"@type":"BreadcrumbList","@id":"https:\/\/www.welovecycling.com\/es\/2019\/05\/08\/skoda-titan-desert-2019\/#breadcrumb","itemListElement":[{"@type":"ListItem","position":1,"name":"Home","item":"https:\/\/www.welovecycling.com\/es\/"},{"@type":"ListItem","position":2,"name":"Las vivencias del equipo \u0160koda en la Titan Desert 2019"}]},{"@type":"WebSite","@id":"https:\/\/www.welovecycling.com\/es\/#website","url":"https:\/\/www.welovecycling.com\/es\/","name":"\u0160koda We Love Cycling - Spain","description":"\u0160koda WeLoveCycling Spain","potentialAction":[{"@type":"SearchAction","target":{"@type":"EntryPoint","urlTemplate":"https:\/\/www.welovecycling.com\/es\/?s={search_term_string}"},"query-input":{"@type":"PropertyValueSpecification","valueRequired":true,"valueName":"search_term_string"}}],"inLanguage":"es-ES"},{"@type":"Person","@id":"https:\/\/www.welovecycling.com\/es\/#\/schema\/person\/deb61715b5812698ee79fb96f343ccd4","name":"We Love Cycling Spain","image":{"@type":"ImageObject","inLanguage":"es-ES","@id":"https:\/\/www.welovecycling.com\/es\/#\/schema\/person\/image\/","url":"https:\/\/secure.gravatar.com\/avatar\/c824b04e6df0e37a03219d0b6481672889df542894588964102459e46513159c?s=96&d=mm&r=g","contentUrl":"https:\/\/secure.gravatar.com\/avatar\/c824b04e6df0e37a03219d0b6481672889df542894588964102459e46513159c?s=96&d=mm&r=g","caption":"We Love Cycling Spain"},"url":"https:\/\/www.welovecycling.com\/es\/author\/amunoz\/"}]}},"_links":{"self":[{"href":"https:\/\/www.welovecycling.com\/es\/wp-json\/wp\/v2\/posts\/4678","targetHints":{"allow":["GET"]}}],"collection":[{"href":"https:\/\/www.welovecycling.com\/es\/wp-json\/wp\/v2\/posts"}],"about":[{"href":"https:\/\/www.welovecycling.com\/es\/wp-json\/wp\/v2\/types\/post"}],"author":[{"embeddable":true,"href":"https:\/\/www.welovecycling.com\/es\/wp-json\/wp\/v2\/users\/29"}],"replies":[{"embeddable":true,"href":"https:\/\/www.welovecycling.com\/es\/wp-json\/wp\/v2\/comments?post=4678"}],"version-history":[{"count":2,"href":"https:\/\/www.welovecycling.com\/es\/wp-json\/wp\/v2\/posts\/4678\/revisions"}],"predecessor-version":[{"id":4683,"href":"https:\/\/www.welovecycling.com\/es\/wp-json\/wp\/v2\/posts\/4678\/revisions\/4683"}],"wp:featuredmedia":[{"embeddable":true,"href":"https:\/\/www.welovecycling.com\/es\/wp-json\/wp\/v2\/media\/4682"}],"wp:attachment":[{"href":"https:\/\/www.welovecycling.com\/es\/wp-json\/wp\/v2\/media?parent=4678"}],"wp:term":[{"taxonomy":"category","embeddable":true,"href":"https:\/\/www.welovecycling.com\/es\/wp-json\/wp\/v2\/categories?post=4678"},{"taxonomy":"post_tag","embeddable":true,"href":"https:\/\/www.welovecycling.com\/es\/wp-json\/wp\/v2\/tags?post=4678"},{"taxonomy":"global-categories","embeddable":true,"href":"https:\/\/www.welovecycling.com\/es\/wp-json\/wp\/v2\/global-categories?post=4678"}],"curies":[{"name":"wp","href":"https:\/\/api.w.org\/{rel}","templated":true}]}}